{"id":15286,"date":"2026-02-03T10:00:58","date_gmt":"2026-02-03T09:00:58","guid":{"rendered":"https:\/\/www.anovapeneira.gal\/?p=15286"},"modified":"2026-02-02T10:03:18","modified_gmt":"2026-02-02T09:03:18","slug":"os-datos-da-epa-do-ultimo-trimestre-de-2025-confirman-que-a-creacion-de-emprego-concentrase-nos-sectores-con-peores-condicions","status":"publish","type":"post","link":"https:\/\/www.anovapeneira.gal\/index.php\/2026\/02\/03\/os-datos-da-epa-do-ultimo-trimestre-de-2025-confirman-que-a-creacion-de-emprego-concentrase-nos-sectores-con-peores-condicions\/","title":{"rendered":"Os datos da EPA do \u00faltimo trimestre de 2025 confirman que a creaci\u00f3n de emprego conc\u00e9ntrase nos sectores con peores condici\u00f3ns"},"content":{"rendered":"\n<h2 class=\"wp-block-heading\"><em>Para a CIG resulta especialmente preocupante a perda de postos de traballo na industria<\/em><\/h2>\n\n\n\n<p><strong>Ourense, 27 de xaneiro de 2026.<\/strong><\/p>\n\n\n\n<p>Os datos da Enquisa de Poboaci\u00f3n Activa (EPA) do cuarto trimestre de 2025 amodan a preocupante evoluci\u00f3n do mercado de traballo en Galiza, xa que a mellora dos principais indicadores -aumento da poboaci\u00f3n activa e ocupada e descenso da taxa de paro- agocha unha realidade moi negativa: a creaci\u00f3n de emprego no noso pa\u00eds conc\u00e9ntrase nos sectores con peores condici\u00f3ns laborais, mentres a perda de postos de traballo na industria segue a ser a tendencia.<\/p>\n\n\n\n<p>Neste tempo a poboaci\u00f3n activa situouse en 1.293.800 persoas, o que sup\u00f3n 11.800 m\u00e1is ca no trimestre anterior e 31.100 m\u00e1is que no mesmo per\u00edodo de 2024. A\u00ednda que no \u00faltimo trimestre o incremento est\u00e1 repartido entre ambos sexos, na variaci\u00f3n interanual \u00e9 o aumento da participaci\u00f3n feminina o que sustenta a medra da poboaci\u00f3n activa.<\/p>\n\n\n\n<p>Do mesmo xeito, o incremento da ocupaci\u00f3n conc\u00e9ntrase fundamentalmente entre as mulleres: a totalidade do emprego creado correspondeu \u00e1s mulleres, mentres que entre os homes rexistrouse un descenso da ocupaci\u00f3n. Na variaci\u00f3n interanual, o peso do novo emprego tam\u00e9n recae maioritariamente sobre as mulleres, que ocupan o 95,5% dos postos de traballo creados. Este maior peso das mulleres expl\u00edcase por ser o sector servizos -con salarios m\u00e1is baixos e peores condici\u00f3ns- o que est\u00e1 a crear a maior\u00eda do emprego. Ademais, preto da metade das novas mulleres ocupadas en Galiza son persoas estranxeiras non pertencentes \u00e1 Uni\u00f3n Europea.<\/p>\n\n\n\n<p>Na distribuci\u00f3n por sectores, apr\u00e9ciase unha diferenza importante na variaci\u00f3n trimestral e anual, xa que no \u00faltimo trimestre medra a ocupaci\u00f3n no sector da construci\u00f3n, con 11.800 postos de traballo m\u00e1is. Por\u00e9n, na variaci\u00f3n anual segue a ser o sector servizos o que concentra a maior\u00eda da nova ocupaci\u00f3n, mentres se repite unha preocupante perda de emprego industrial e no sector primario.<\/p>\n\n\n\n<p>Malia a forte ca\u00edda da ocupaci\u00f3n en actividades como comercio, hostalar\u00eda ou transporte, con 27.200 empregos menos no \u00faltimo trimestre, na comparativa anual hai 6100 empregos m\u00e1is que a finais de 2024.<\/p>\n\n\n\n<p>Esta perda de emprego foi compensada polo incremento rexistrado na construci\u00f3n e, sobre todo, no grupo de administraci\u00f3n p\u00fablica, educaci\u00f3n, sanidade e servizos sociais. Esta rama engloba actividade moi diversas, tanto educaci\u00f3n &#8211; no que segundo a afiliaci\u00f3n \u00e1 Seguridade Social aumentou a ocupaci\u00f3n- como todo o relacionado cos coidados, desde sanitarios at\u00e9 no fogar, e polo tanto no sector p\u00fablico e no privado.<\/p>\n\n\n\n<p><strong>Ocultaci\u00f3n de datos relevantes<\/strong><\/p>\n\n\n\n<p>Dende a Secretar\u00eda Confederal de Negociaci\u00f3n Colectiva, Emprego e Industria da CIG sinalan que e pesar destes datos a radiograf\u00eda da situaci\u00f3n do mercado laboral galego \u00e9 \u201cincompleta\u201d e est\u00e1 \u201cfalseada\u201d, xa que o Instituto Galego de Estat\u00edstica (IGE) deixou de ofrecer cifras de temporalidade e parcialidade na contrataci\u00f3n, dous elementos especialmente importantes para co\u00f1ecer a verdadeira realidade do mundo do traballo.<\/p>\n\n\n\n<p>\u201cOs recortes no IGE e o af\u00e1n do PP por controlar os organismos p\u00fablicos, como est\u00e1 a facer coa CRTVG perseguen instalar a censura e a falta de transparencia para evitar que se co\u00f1eza a situaci\u00f3n real do emprego no noso pa\u00eds\u201d, tal e como censura o seu respons\u00e1bel, Paco S\u00edo. Neste senso, lamenta que o IGE -que agora se atopa baixo a tutela directa de Presidencia- xa non achegue tampouco datos das grandes cidades galegas.<\/p>\n\n\n\n<p>Con todo, as cifras que se ve\u00f1en de co\u00f1ecer permiten comprobar que o devalar da industria galega \u201c\u00e9 estrutural\u201d e responde \u00e1 \u201ctotal ausencia\u201d dunha pol\u00edtica industrial e \u00e1 \u201cincapacidade\u201d da Xunta \u201cpara frear esta grave tendencia\u201d. O resultado \u00e9 un empeoramento continuo das condici\u00f3ns laborais, xa que o crecemento econ\u00f3mico bas\u00e9ase na explotaci\u00f3n laboral: maior parcialidade, temporalidade e inestabilidade no emprego. \u201cIsto est\u00e1 a aumentar o n\u00famero de persoas con salarios cada vez m\u00e1is baixos, disparando a pobreza laboral\u201d.<\/p>\n\n\n\n<p>Ao tempo que medra as desigualdades sociais e ampl\u00eda a distancia entre as persoas ricas e a clase traballadora. \u201cFronte a isto, no canto de aplicar pol\u00edticas redistributivas e un modelo igualitario, tanto o Goberno central como a Xunta optan por un modelo baseado na man de obra intensiva, incapaz sobre todo de crear emprego para mocidade con maior formaci\u00f3n; de xeito que mentres a poboaci\u00f3n estranxeira medra en Galiza e asume os postos de traballo m\u00e1is precarios, a xente nova ten que emigrar en busca de empregos cualificados\u201d.<\/p>\n","protected":false},"excerpt":{"rendered":"<div class=\"mh-excerpt\"><p>Para a CIG resulta especialmente preocupante a perda de postos de traballo na industria <a class=\"mh-excerpt-more\" href=\"https:\/\/www.anovapeneira.gal\/index.php\/2026\/02\/03\/os-datos-da-epa-do-ultimo-trimestre-de-2025-confirman-que-a-creacion-de-emprego-concentrase-nos-sectores-con-peores-condicions\/\" title=\"Os datos da EPA do \u00faltimo trimestre de 2025 confirman que a creaci\u00f3n de emprego conc\u00e9ntrase nos sectores con peores condici\u00f3ns\">[&#8230;]<\/a><\/p>\n<\/div>","protected":false},"author":1,"featured_media":632,"comment_status":"open","ping_status":"open","sticky":false,"template":"","format":"standard","meta":{"_exactmetrics_skip_tracking":false,"_exactmetrics_sitenote_active":false,"_exactmetrics_sitenote_note":"","_exactmetrics_sitenote_category":0,"footnotes":""},"categories":[263],"tags":[],"class_list":{"0":"post-15286","1":"post","2":"type-post","3":"status-publish","4":"format-standard","5":"has-post-thumbnail","7":"category-novas"},"yoast_head":"<!-- This site is optimized with the Yoast SEO plugin v27.5 - https:\/\/yoast.com\/product\/yoast-seo-wordpress\/ -->\n<title>Os datos da EPA do \u00faltimo trimestre de 2025 confirman que a creaci\u00f3n de emprego conc\u00e9ntrase nos sectores con peores condici\u00f3ns -<\/title>\n<meta name=\"robots\" content=\"index, follow, max-snippet:-1, max-image-preview:large, max-video-preview:-1\" \/>\n<link rel=\"canonical\" href=\"https:\/\/www.anovapeneira.gal\/index.php\/2026\/02\/03\/os-datos-da-epa-do-ultimo-trimestre-de-2025-confirman-que-a-creacion-de-emprego-concentrase-nos-sectores-con-peores-condicions\/\" \/>\n<meta property=\"og:locale\" content=\"gl_ES\" \/>\n<meta property=\"og:type\" content=\"article\" \/>\n<meta property=\"og:title\" content=\"Os datos da EPA do \u00faltimo trimestre de 2025 confirman que a creaci\u00f3n de emprego conc\u00e9ntrase nos sectores con peores condici\u00f3ns -\" \/>\n<meta property=\"og:description\" content=\"Para a CIG resulta especialmente preocupante a perda de postos de traballo na industria [...]\" \/>\n<meta property=\"og:url\" content=\"https:\/\/www.anovapeneira.gal\/index.php\/2026\/02\/03\/os-datos-da-epa-do-ultimo-trimestre-de-2025-confirman-que-a-creacion-de-emprego-concentrase-nos-sectores-con-peores-condicions\/\" \/>\n<meta property=\"article:publisher\" content=\"https:\/\/www.facebook.com\/anovapeneira\" \/>\n<meta property=\"article:author\" content=\"https:\/\/www.facebook.com\/anovapeneira\/\" \/>\n<meta property=\"article:published_time\" content=\"2026-02-03T09:00:58+00:00\" \/>\n<meta property=\"og:image\" content=\"https:\/\/www.anovapeneira.gal\/wp-content\/uploads\/2019\/07\/CIG_a_nova_peneira.png\" \/>\n\t<meta property=\"og:image:width\" content=\"720\" \/>\n\t<meta property=\"og:image:height\" content=\"473\" \/>\n\t<meta property=\"og:image:type\" content=\"image\/png\" \/>\n<meta name=\"author\" content=\"admin\" \/>\n<meta name=\"twitter:card\" content=\"summary_large_image\" \/>\n<meta name=\"twitter:creator\" content=\"@APeneira\" \/>\n<meta name=\"twitter:site\" content=\"@APeneira\" \/>\n<meta name=\"twitter:label1\" content=\"Escrito por\" \/>\n\t<meta name=\"twitter:data1\" content=\"admin\" \/>\n\t<meta name=\"twitter:label2\" content=\"Tempo de lectura\" \/>\n\t<meta name=\"twitter:data2\" content=\"5 minutos\" \/>\n<script type=\"application\/ld+json\" class=\"yoast-schema-graph\">{\"@context\":\"https:\\\/\\\/schema.org\",\"@graph\":[{\"@type\":\"Article\",\"@id\":\"https:\\\/\\\/www.anovapeneira.gal\\\/index.php\\\/2026\\\/02\\\/03\\\/os-datos-da-epa-do-ultimo-trimestre-de-2025-confirman-que-a-creacion-de-emprego-concentrase-nos-sectores-con-peores-condicions\\\/#article\",\"isPartOf\":{\"@id\":\"https:\\\/\\\/www.anovapeneira.gal\\\/index.php\\\/2026\\\/02\\\/03\\\/os-datos-da-epa-do-ultimo-trimestre-de-2025-confirman-que-a-creacion-de-emprego-concentrase-nos-sectores-con-peores-condicions\\\/\"},\"author\":{\"name\":\"admin\",\"@id\":\"https:\\\/\\\/www.anovapeneira.gal\\\/#\\\/schema\\\/person\\\/fb77575328c93684dae4b0075f90c2cb\"},\"headline\":\"Os datos da EPA do \u00faltimo trimestre de 2025 confirman que a creaci\u00f3n de emprego conc\u00e9ntrase nos sectores con peores condici\u00f3ns\",\"datePublished\":\"2026-02-03T09:00:58+00:00\",\"mainEntityOfPage\":{\"@id\":\"https:\\\/\\\/www.anovapeneira.gal\\\/index.php\\\/2026\\\/02\\\/03\\\/os-datos-da-epa-do-ultimo-trimestre-de-2025-confirman-que-a-creacion-de-emprego-concentrase-nos-sectores-con-peores-condicions\\\/\"},\"wordCount\":798,\"commentCount\":0,\"publisher\":{\"@id\":\"https:\\\/\\\/www.anovapeneira.gal\\\/#organization\"},\"image\":{\"@id\":\"https:\\\/\\\/www.anovapeneira.gal\\\/index.php\\\/2026\\\/02\\\/03\\\/os-datos-da-epa-do-ultimo-trimestre-de-2025-confirman-que-a-creacion-de-emprego-concentrase-nos-sectores-con-peores-condicions\\\/#primaryimage\"},\"thumbnailUrl\":\"https:\\\/\\\/www.anovapeneira.gal\\\/wp-content\\\/uploads\\\/2019\\\/07\\\/CIG_a_nova_peneira.png\",\"articleSection\":[\"Novas\"],\"inLanguage\":\"gl-ES\",\"potentialAction\":[{\"@type\":\"CommentAction\",\"name\":\"Comment\",\"target\":[\"https:\\\/\\\/www.anovapeneira.gal\\\/index.php\\\/2026\\\/02\\\/03\\\/os-datos-da-epa-do-ultimo-trimestre-de-2025-confirman-que-a-creacion-de-emprego-concentrase-nos-sectores-con-peores-condicions\\\/#respond\"]}]},{\"@type\":\"WebPage\",\"@id\":\"https:\\\/\\\/www.anovapeneira.gal\\\/index.php\\\/2026\\\/02\\\/03\\\/os-datos-da-epa-do-ultimo-trimestre-de-2025-confirman-que-a-creacion-de-emprego-concentrase-nos-sectores-con-peores-condicions\\\/\",\"url\":\"https:\\\/\\\/www.anovapeneira.gal\\\/index.php\\\/2026\\\/02\\\/03\\\/os-datos-da-epa-do-ultimo-trimestre-de-2025-confirman-que-a-creacion-de-emprego-concentrase-nos-sectores-con-peores-condicions\\\/\",\"name\":\"Os datos da EPA do \u00faltimo trimestre de 2025 confirman que a creaci\u00f3n de emprego conc\u00e9ntrase nos sectores con peores condici\u00f3ns -\",\"isPartOf\":{\"@id\":\"https:\\\/\\\/www.anovapeneira.gal\\\/#website\"},\"primaryImageOfPage\":{\"@id\":\"https:\\\/\\\/www.anovapeneira.gal\\\/index.php\\\/2026\\\/02\\\/03\\\/os-datos-da-epa-do-ultimo-trimestre-de-2025-confirman-que-a-creacion-de-emprego-concentrase-nos-sectores-con-peores-condicions\\\/#primaryimage\"},\"image\":{\"@id\":\"https:\\\/\\\/www.anovapeneira.gal\\\/index.php\\\/2026\\\/02\\\/03\\\/os-datos-da-epa-do-ultimo-trimestre-de-2025-confirman-que-a-creacion-de-emprego-concentrase-nos-sectores-con-peores-condicions\\\/#primaryimage\"},\"thumbnailUrl\":\"https:\\\/\\\/www.anovapeneira.gal\\\/wp-content\\\/uploads\\\/2019\\\/07\\\/CIG_a_nova_peneira.png\",\"datePublished\":\"2026-02-03T09:00:58+00:00\",\"breadcrumb\":{\"@id\":\"https:\\\/\\\/www.anovapeneira.gal\\\/index.php\\\/2026\\\/02\\\/03\\\/os-datos-da-epa-do-ultimo-trimestre-de-2025-confirman-que-a-creacion-de-emprego-concentrase-nos-sectores-con-peores-condicions\\\/#breadcrumb\"},\"inLanguage\":\"gl-ES\",\"potentialAction\":[{\"@type\":\"ReadAction\",\"target\":[\"https:\\\/\\\/www.anovapeneira.gal\\\/index.php\\\/2026\\\/02\\\/03\\\/os-datos-da-epa-do-ultimo-trimestre-de-2025-confirman-que-a-creacion-de-emprego-concentrase-nos-sectores-con-peores-condicions\\\/\"]}]},{\"@type\":\"ImageObject\",\"inLanguage\":\"gl-ES\",\"@id\":\"https:\\\/\\\/www.anovapeneira.gal\\\/index.php\\\/2026\\\/02\\\/03\\\/os-datos-da-epa-do-ultimo-trimestre-de-2025-confirman-que-a-creacion-de-emprego-concentrase-nos-sectores-con-peores-condicions\\\/#primaryimage\",\"url\":\"https:\\\/\\\/www.anovapeneira.gal\\\/wp-content\\\/uploads\\\/2019\\\/07\\\/CIG_a_nova_peneira.png\",\"contentUrl\":\"https:\\\/\\\/www.anovapeneira.gal\\\/wp-content\\\/uploads\\\/2019\\\/07\\\/CIG_a_nova_peneira.png\",\"width\":720,\"height\":473,\"caption\":\"Confederaci\u00f3n Intersindical Galega A Nova Peneira\"},{\"@type\":\"BreadcrumbList\",\"@id\":\"https:\\\/\\\/www.anovapeneira.gal\\\/index.php\\\/2026\\\/02\\\/03\\\/os-datos-da-epa-do-ultimo-trimestre-de-2025-confirman-que-a-creacion-de-emprego-concentrase-nos-sectores-con-peores-condicions\\\/#breadcrumb\",\"itemListElement\":[{\"@type\":\"ListItem\",\"position\":1,\"name\":\"Portada\",\"item\":\"https:\\\/\\\/www.anovapeneira.gal\\\/\"},{\"@type\":\"ListItem\",\"position\":2,\"name\":\"Os datos da EPA do \u00faltimo trimestre de 2025 confirman que a creaci\u00f3n de emprego conc\u00e9ntrase nos sectores con peores condici\u00f3ns\"}]},{\"@type\":\"WebSite\",\"@id\":\"https:\\\/\\\/www.anovapeneira.gal\\\/#website\",\"url\":\"https:\\\/\\\/www.anovapeneira.gal\\\/\",\"name\":\"\",\"description\":\"Xornal galego de informaci\u00f3n xeral Publicaci\u00f3n mensual de novas de Galicia e en especial dos Concellos da sur da provincia de Pontevedra.\",\"publisher\":{\"@id\":\"https:\\\/\\\/www.anovapeneira.gal\\\/#organization\"},\"potentialAction\":[{\"@type\":\"SearchAction\",\"target\":{\"@type\":\"EntryPoint\",\"urlTemplate\":\"https:\\\/\\\/www.anovapeneira.gal\\\/?s={search_term_string}\"},\"query-input\":{\"@type\":\"PropertyValueSpecification\",\"valueRequired\":true,\"valueName\":\"search_term_string\"}}],\"inLanguage\":\"gl-ES\"},{\"@type\":\"Organization\",\"@id\":\"https:\\\/\\\/www.anovapeneira.gal\\\/#organization\",\"name\":\"A Nova Peneira\",\"url\":\"https:\\\/\\\/www.anovapeneira.gal\\\/\",\"logo\":{\"@type\":\"ImageObject\",\"inLanguage\":\"gl-ES\",\"@id\":\"https:\\\/\\\/www.anovapeneira.gal\\\/#\\\/schema\\\/logo\\\/image\\\/\",\"url\":\"http:\\\/\\\/www.anovapeneira.gal\\\/wp-content\\\/uploads\\\/2019\\\/06\\\/logo_a_nova_peneira_portal_web.png\",\"contentUrl\":\"http:\\\/\\\/www.anovapeneira.gal\\\/wp-content\\\/uploads\\\/2019\\\/06\\\/logo_a_nova_peneira_portal_web.png\",\"width\":300,\"height\":100,\"caption\":\"A Nova Peneira\"},\"image\":{\"@id\":\"https:\\\/\\\/www.anovapeneira.gal\\\/#\\\/schema\\\/logo\\\/image\\\/\"},\"sameAs\":[\"https:\\\/\\\/www.facebook.com\\\/anovapeneira\",\"https:\\\/\\\/x.com\\\/APeneira\"]},{\"@type\":\"Person\",\"@id\":\"https:\\\/\\\/www.anovapeneira.gal\\\/#\\\/schema\\\/person\\\/fb77575328c93684dae4b0075f90c2cb\",\"name\":\"admin\",\"image\":{\"@type\":\"ImageObject\",\"inLanguage\":\"gl-ES\",\"@id\":\"https:\\\/\\\/secure.gravatar.com\\\/avatar\\\/df15c36ce375448325e0bc870e91bbee95947a002eb98dcfd6c2b053e18843e9?s=96&d=mm&r=g\",\"url\":\"https:\\\/\\\/secure.gravatar.com\\\/avatar\\\/df15c36ce375448325e0bc870e91bbee95947a002eb98dcfd6c2b053e18843e9?s=96&d=mm&r=g\",\"contentUrl\":\"https:\\\/\\\/secure.gravatar.com\\\/avatar\\\/df15c36ce375448325e0bc870e91bbee95947a002eb98dcfd6c2b053e18843e9?s=96&d=mm&r=g\",\"caption\":\"admin\"},\"description\":\"Xornal galego de informaci\u00f3n xeral Publicaci\u00f3n mensual de novas de Galicia e en especial dos Concellos da sur da provincia de Pontevedra.\",\"sameAs\":[\"http:\\\/\\\/www.anovapeneira.gal\\\/\",\"https:\\\/\\\/www.facebook.com\\\/anovapeneira\\\/\"],\"url\":\"https:\\\/\\\/www.anovapeneira.gal\\\/index.php\\\/author\\\/admin\\\/\"}]}<\/script>\n<!-- \/ Yoast SEO plugin. -->","yoast_head_json":{"title":"Os datos da EPA do \u00faltimo trimestre de 2025 confirman que a creaci\u00f3n de emprego conc\u00e9ntrase nos sectores con peores condici\u00f3ns -","robots":{"index":"index","follow":"follow","max-snippet":"max-snippet:-1","max-image-preview":"max-image-preview:large","max-video-preview":"max-video-preview:-1"},"canonical":"https:\/\/www.anovapeneira.gal\/index.php\/2026\/02\/03\/os-datos-da-epa-do-ultimo-trimestre-de-2025-confirman-que-a-creacion-de-emprego-concentrase-nos-sectores-con-peores-condicions\/","og_locale":"gl_ES","og_type":"article","og_title":"Os datos da EPA do \u00faltimo trimestre de 2025 confirman que a creaci\u00f3n de emprego conc\u00e9ntrase nos sectores con peores condici\u00f3ns -","og_description":"Para a CIG resulta especialmente preocupante a perda de postos de traballo na industria [...]","og_url":"https:\/\/www.anovapeneira.gal\/index.php\/2026\/02\/03\/os-datos-da-epa-do-ultimo-trimestre-de-2025-confirman-que-a-creacion-de-emprego-concentrase-nos-sectores-con-peores-condicions\/","article_publisher":"https:\/\/www.facebook.com\/anovapeneira","article_author":"https:\/\/www.facebook.com\/anovapeneira\/","article_published_time":"2026-02-03T09:00:58+00:00","og_image":[{"width":720,"height":473,"url":"https:\/\/www.anovapeneira.gal\/wp-content\/uploads\/2019\/07\/CIG_a_nova_peneira.png","type":"image\/png"}],"author":"admin","twitter_card":"summary_large_image","twitter_creator":"@APeneira","twitter_site":"@APeneira","twitter_misc":{"Escrito por":"admin","Tempo de lectura":"5 minutos"},"schema":{"@context":"https:\/\/schema.org","@graph":[{"@type":"Article","@id":"https:\/\/www.anovapeneira.gal\/index.php\/2026\/02\/03\/os-datos-da-epa-do-ultimo-trimestre-de-2025-confirman-que-a-creacion-de-emprego-concentrase-nos-sectores-con-peores-condicions\/#article","isPartOf":{"@id":"https:\/\/www.anovapeneira.gal\/index.php\/2026\/02\/03\/os-datos-da-epa-do-ultimo-trimestre-de-2025-confirman-que-a-creacion-de-emprego-concentrase-nos-sectores-con-peores-condicions\/"},"author":{"name":"admin","@id":"https:\/\/www.anovapeneira.gal\/#\/schema\/person\/fb77575328c93684dae4b0075f90c2cb"},"headline":"Os datos da EPA do \u00faltimo trimestre de 2025 confirman que a creaci\u00f3n de emprego conc\u00e9ntrase nos sectores con peores condici\u00f3ns","datePublished":"2026-02-03T09:00:58+00:00","mainEntityOfPage":{"@id":"https:\/\/www.anovapeneira.gal\/index.php\/2026\/02\/03\/os-datos-da-epa-do-ultimo-trimestre-de-2025-confirman-que-a-creacion-de-emprego-concentrase-nos-sectores-con-peores-condicions\/"},"wordCount":798,"commentCount":0,"publisher":{"@id":"https:\/\/www.anovapeneira.gal\/#organization"},"image":{"@id":"https:\/\/www.anovapeneira.gal\/index.php\/2026\/02\/03\/os-datos-da-epa-do-ultimo-trimestre-de-2025-confirman-que-a-creacion-de-emprego-concentrase-nos-sectores-con-peores-condicions\/#primaryimage"},"thumbnailUrl":"https:\/\/www.anovapeneira.gal\/wp-content\/uploads\/2019\/07\/CIG_a_nova_peneira.png","articleSection":["Novas"],"inLanguage":"gl-ES","potentialAction":[{"@type":"CommentAction","name":"Comment","target":["https:\/\/www.anovapeneira.gal\/index.php\/2026\/02\/03\/os-datos-da-epa-do-ultimo-trimestre-de-2025-confirman-que-a-creacion-de-emprego-concentrase-nos-sectores-con-peores-condicions\/#respond"]}]},{"@type":"WebPage","@id":"https:\/\/www.anovapeneira.gal\/index.php\/2026\/02\/03\/os-datos-da-epa-do-ultimo-trimestre-de-2025-confirman-que-a-creacion-de-emprego-concentrase-nos-sectores-con-peores-condicions\/","url":"https:\/\/www.anovapeneira.gal\/index.php\/2026\/02\/03\/os-datos-da-epa-do-ultimo-trimestre-de-2025-confirman-que-a-creacion-de-emprego-concentrase-nos-sectores-con-peores-condicions\/","name":"Os datos da EPA do \u00faltimo trimestre de 2025 confirman que a creaci\u00f3n de emprego conc\u00e9ntrase nos sectores con peores condici\u00f3ns -","isPartOf":{"@id":"https:\/\/www.anovapeneira.gal\/#website"},"primaryImageOfPage":{"@id":"https:\/\/www.anovapeneira.gal\/index.php\/2026\/02\/03\/os-datos-da-epa-do-ultimo-trimestre-de-2025-confirman-que-a-creacion-de-emprego-concentrase-nos-sectores-con-peores-condicions\/#primaryimage"},"image":{"@id":"https:\/\/www.anovapeneira.gal\/index.php\/2026\/02\/03\/os-datos-da-epa-do-ultimo-trimestre-de-2025-confirman-que-a-creacion-de-emprego-concentrase-nos-sectores-con-peores-condicions\/#primaryimage"},"thumbnailUrl":"https:\/\/www.anovapeneira.gal\/wp-content\/uploads\/2019\/07\/CIG_a_nova_peneira.png","datePublished":"2026-02-03T09:00:58+00:00","breadcrumb":{"@id":"https:\/\/www.anovapeneira.gal\/index.php\/2026\/02\/03\/os-datos-da-epa-do-ultimo-trimestre-de-2025-confirman-que-a-creacion-de-emprego-concentrase-nos-sectores-con-peores-condicions\/#breadcrumb"},"inLanguage":"gl-ES","potentialAction":[{"@type":"ReadAction","target":["https:\/\/www.anovapeneira.gal\/index.php\/2026\/02\/03\/os-datos-da-epa-do-ultimo-trimestre-de-2025-confirman-que-a-creacion-de-emprego-concentrase-nos-sectores-con-peores-condicions\/"]}]},{"@type":"ImageObject","inLanguage":"gl-ES","@id":"https:\/\/www.anovapeneira.gal\/index.php\/2026\/02\/03\/os-datos-da-epa-do-ultimo-trimestre-de-2025-confirman-que-a-creacion-de-emprego-concentrase-nos-sectores-con-peores-condicions\/#primaryimage","url":"https:\/\/www.anovapeneira.gal\/wp-content\/uploads\/2019\/07\/CIG_a_nova_peneira.png","contentUrl":"https:\/\/www.anovapeneira.gal\/wp-content\/uploads\/2019\/07\/CIG_a_nova_peneira.png","width":720,"height":473,"caption":"Confederaci\u00f3n Intersindical Galega A Nova Peneira"},{"@type":"BreadcrumbList","@id":"https:\/\/www.anovapeneira.gal\/index.php\/2026\/02\/03\/os-datos-da-epa-do-ultimo-trimestre-de-2025-confirman-que-a-creacion-de-emprego-concentrase-nos-sectores-con-peores-condicions\/#breadcrumb","itemListElement":[{"@type":"ListItem","position":1,"name":"Portada","item":"https:\/\/www.anovapeneira.gal\/"},{"@type":"ListItem","position":2,"name":"Os datos da EPA do \u00faltimo trimestre de 2025 confirman que a creaci\u00f3n de emprego conc\u00e9ntrase nos sectores con peores condici\u00f3ns"}]},{"@type":"WebSite","@id":"https:\/\/www.anovapeneira.gal\/#website","url":"https:\/\/www.anovapeneira.gal\/","name":"","description":"Xornal galego de informaci\u00f3n xeral Publicaci\u00f3n mensual de novas de Galicia e en especial dos Concellos da sur da provincia de Pontevedra.","publisher":{"@id":"https:\/\/www.anovapeneira.gal\/#organization"},"potentialAction":[{"@type":"SearchAction","target":{"@type":"EntryPoint","urlTemplate":"https:\/\/www.anovapeneira.gal\/?s={search_term_string}"},"query-input":{"@type":"PropertyValueSpecification","valueRequired":true,"valueName":"search_term_string"}}],"inLanguage":"gl-ES"},{"@type":"Organization","@id":"https:\/\/www.anovapeneira.gal\/#organization","name":"A Nova Peneira","url":"https:\/\/www.anovapeneira.gal\/","logo":{"@type":"ImageObject","inLanguage":"gl-ES","@id":"https:\/\/www.anovapeneira.gal\/#\/schema\/logo\/image\/","url":"http:\/\/www.anovapeneira.gal\/wp-content\/uploads\/2019\/06\/logo_a_nova_peneira_portal_web.png","contentUrl":"http:\/\/www.anovapeneira.gal\/wp-content\/uploads\/2019\/06\/logo_a_nova_peneira_portal_web.png","width":300,"height":100,"caption":"A Nova Peneira"},"image":{"@id":"https:\/\/www.anovapeneira.gal\/#\/schema\/logo\/image\/"},"sameAs":["https:\/\/www.facebook.com\/anovapeneira","https:\/\/x.com\/APeneira"]},{"@type":"Person","@id":"https:\/\/www.anovapeneira.gal\/#\/schema\/person\/fb77575328c93684dae4b0075f90c2cb","name":"admin","image":{"@type":"ImageObject","inLanguage":"gl-ES","@id":"https:\/\/secure.gravatar.com\/avatar\/df15c36ce375448325e0bc870e91bbee95947a002eb98dcfd6c2b053e18843e9?s=96&d=mm&r=g","url":"https:\/\/secure.gravatar.com\/avatar\/df15c36ce375448325e0bc870e91bbee95947a002eb98dcfd6c2b053e18843e9?s=96&d=mm&r=g","contentUrl":"https:\/\/secure.gravatar.com\/avatar\/df15c36ce375448325e0bc870e91bbee95947a002eb98dcfd6c2b053e18843e9?s=96&d=mm&r=g","caption":"admin"},"description":"Xornal galego de informaci\u00f3n xeral Publicaci\u00f3n mensual de novas de Galicia e en especial dos Concellos da sur da provincia de Pontevedra.","sameAs":["http:\/\/www.anovapeneira.gal\/","https:\/\/www.facebook.com\/anovapeneira\/"],"url":"https:\/\/www.anovapeneira.gal\/index.php\/author\/admin\/"}]}},"jetpack_featured_media_url":"https:\/\/www.anovapeneira.gal\/wp-content\/uploads\/2019\/07\/CIG_a_nova_peneira.png","_links":{"self":[{"href":"https:\/\/www.anovapeneira.gal\/index.php\/wp-json\/wp\/v2\/posts\/15286","targetHints":{"allow":["GET"]}}],"collection":[{"href":"https:\/\/www.anovapeneira.gal\/index.php\/wp-json\/wp\/v2\/posts"}],"about":[{"href":"https:\/\/www.anovapeneira.gal\/index.php\/wp-json\/wp\/v2\/types\/post"}],"author":[{"embeddable":true,"href":"https:\/\/www.anovapeneira.gal\/index.php\/wp-json\/wp\/v2\/users\/1"}],"replies":[{"embeddable":true,"href":"https:\/\/www.anovapeneira.gal\/index.php\/wp-json\/wp\/v2\/comments?post=15286"}],"version-history":[{"count":1,"href":"https:\/\/www.anovapeneira.gal\/index.php\/wp-json\/wp\/v2\/posts\/15286\/revisions"}],"predecessor-version":[{"id":15287,"href":"https:\/\/www.anovapeneira.gal\/index.php\/wp-json\/wp\/v2\/posts\/15286\/revisions\/15287"}],"wp:featuredmedia":[{"embeddable":true,"href":"https:\/\/www.anovapeneira.gal\/index.php\/wp-json\/wp\/v2\/media\/632"}],"wp:attachment":[{"href":"https:\/\/www.anovapeneira.gal\/index.php\/wp-json\/wp\/v2\/media?parent=15286"}],"wp:term":[{"taxonomy":"category","embeddable":true,"href":"https:\/\/www.anovapeneira.gal\/index.php\/wp-json\/wp\/v2\/categories?post=15286"},{"taxonomy":"post_tag","embeddable":true,"href":"https:\/\/www.anovapeneira.gal\/index.php\/wp-json\/wp\/v2\/tags?post=15286"}],"curies":[{"name":"wp","href":"https:\/\/api.w.org\/{rel}","templated":true}]}}