{"id":15291,"date":"2026-02-04T10:00:13","date_gmt":"2026-02-04T09:00:13","guid":{"rendered":"https:\/\/www.anovapeneira.gal\/?p=15291"},"modified":"2026-02-02T10:10:31","modified_gmt":"2026-02-02T09:10:31","slug":"un-grupo-de-centros-culturais-de-redondela-presenta-unha-mocion-solicitando-apoio-politico-para-garantir-unha-aplicacion-xusta-da-taxa-de-residuos-que-lles-afecta","status":"publish","type":"post","link":"https:\/\/www.anovapeneira.gal\/index.php\/2026\/02\/04\/un-grupo-de-centros-culturais-de-redondela-presenta-unha-mocion-solicitando-apoio-politico-para-garantir-unha-aplicacion-xusta-da-taxa-de-residuos-que-lles-afecta\/","title":{"rendered":"Un grupo de centros culturais de Redondela presenta unha moci\u00f3n solicitando apoio pol\u00edtico para garantir unha aplicaci\u00f3n xusta da taxa de residuos que lles afecta"},"content":{"rendered":"\n<p>Un grupo de Centros culturais do Concello de Redondela ve\u00f1en de rexistrar unha moci\u00f3n na que solicitan o apoio dos distintos grupos pol\u00edticos municipais para avanzar cara a unha soluci\u00f3n xusta e proporcionada \u00e1 aplicaci\u00f3n da taxa de residuos que lles est\u00e1 a ser esixida.<\/p>\n\n\n\n<p>As entidades asinantes lembran que os centros culturais son asociaci\u00f3ns que desempe\u00f1an unha funci\u00f3n social, cultural e comunitaria esencial, especialmente nas parroquias e nas zonas m\u00e1is afastadas dos n\u00facleos urbanos. Estes espazos constit\u00faen puntos de encontro veci\u00f1al, promoven a participaci\u00f3n cidad\u00e1, acollen actividades culturais, educativas e deportivas e, en moitos casos, serven tam\u00e9n de apoio \u00e1 propia actividade municipal.<\/p>\n\n\n\n<p>Nos \u00faltimos meses, varios centros culturais est\u00e1n a ser clasificados a efectos tributarios como establecementos de hostalar\u00eda, o que sup\u00f3n unha subida desproporcionada da taxa de residuos, sen ter en conta nin a natureza real da s\u00faa actividade nin a menor frecuencia do servizo de recollida nas parroquias. Esta situaci\u00f3n est\u00e1 a xerar unha carga econ\u00f3mica dif\u00edcil de asumir para entidades que funcionan grazas ao traballo voluntario das s\u00faas directivas e ao compromiso da veci\u00f1anza.<\/p>\n\n\n\n<p>Desde os centros culturais faise un chamamento ao di\u00e1logo, \u00e1 responsabilidade institucional e \u00e1 procura de soluci\u00f3ns compartidas que permitan compatibilizar o cumprimento da normativa coa protecci\u00f3n do tecido asociativo e cultural do municipio.<\/p>\n\n\n\n<p>As asociaci\u00f3ns promotoras conf\u00edan en que os grupos pol\u00edticos municipais poidan asumir esta iniciativa de maneira conxunta, como mostra de apoio \u00e1s parroquias e ao movemento asociativo que, desde hai d\u00e9cadas, contrib\u00fae de forma decisiva \u00e1 cohesi\u00f3n social, \u00e1 dinamizaci\u00f3n cultural e \u00e1 vida comunitaria de Redondela.<\/p>\n","protected":false},"excerpt":{"rendered":"<div class=\"mh-excerpt\"><p>Un grupo de Centros culturais do Concello de Redondela ve\u00f1en de rexistrar unha moci\u00f3n na que solicitan o apoio dos distintos grupos pol\u00edticos municipais para avanzar cara a unha soluci\u00f3n xusta e proporcionada \u00e1 aplicaci\u00f3n da taxa de residuos que lles est\u00e1 a ser esixida <a class=\"mh-excerpt-more\" href=\"https:\/\/www.anovapeneira.gal\/index.php\/2026\/02\/04\/un-grupo-de-centros-culturais-de-redondela-presenta-unha-mocion-solicitando-apoio-politico-para-garantir-unha-aplicacion-xusta-da-taxa-de-residuos-que-lles-afecta\/\" title=\"Un grupo de centros culturais de Redondela presenta unha moci\u00f3n solicitando apoio pol\u00edtico para garantir unha aplicaci\u00f3n xusta da taxa de residuos que lles afecta\">[&#8230;]<\/a><\/p>\n<\/div>","protected":false},"author":1,"featured_media":0,"comment_status":"open","ping_status":"open","sticky":false,"template":"","format":"standard","meta":{"_exactmetrics_skip_tracking":false,"_exactmetrics_sitenote_active":false,"_exactmetrics_sitenote_note":"","_exactmetrics_sitenote_category":0,"footnotes":""},"categories":[1],"tags":[],"class_list":{"0":"post-15291","1":"post","2":"type-post","3":"status-publish","4":"format-standard","6":"category-sin-categoria"},"yoast_head":"<!-- This site is optimized with the Yoast SEO plugin v27.4 - https:\/\/yoast.com\/product\/yoast-seo-wordpress\/ -->\n<title>Un grupo de centros culturais de Redondela presenta unha moci\u00f3n solicitando apoio pol\u00edtico para garantir unha aplicaci\u00f3n xusta da taxa de residuos que lles afecta -<\/title>\n<meta name=\"robots\" content=\"index, follow, max-snippet:-1, max-image-preview:large, max-video-preview:-1\" \/>\n<link rel=\"canonical\" href=\"https:\/\/www.anovapeneira.gal\/index.php\/2026\/02\/04\/un-grupo-de-centros-culturais-de-redondela-presenta-unha-mocion-solicitando-apoio-politico-para-garantir-unha-aplicacion-xusta-da-taxa-de-residuos-que-lles-afecta\/\" \/>\n<meta property=\"og:locale\" content=\"gl_ES\" \/>\n<meta property=\"og:type\" content=\"article\" \/>\n<meta property=\"og:title\" content=\"Un grupo de centros culturais de Redondela presenta unha moci\u00f3n solicitando apoio pol\u00edtico para garantir unha aplicaci\u00f3n xusta da taxa de residuos que lles afecta -\" \/>\n<meta property=\"og:description\" content=\"Un grupo de Centros culturais do Concello de Redondela ve\u00f1en de rexistrar unha moci\u00f3n na que solicitan o apoio dos distintos grupos pol\u00edticos municipais para avanzar cara a unha soluci\u00f3n xusta e proporcionada \u00e1 aplicaci\u00f3n da taxa de residuos que lles est\u00e1 a ser esixida [...]\" \/>\n<meta property=\"og:url\" content=\"https:\/\/www.anovapeneira.gal\/index.php\/2026\/02\/04\/un-grupo-de-centros-culturais-de-redondela-presenta-unha-mocion-solicitando-apoio-politico-para-garantir-unha-aplicacion-xusta-da-taxa-de-residuos-que-lles-afecta\/\" \/>\n<meta property=\"article:publisher\" content=\"https:\/\/www.facebook.com\/anovapeneira\" \/>\n<meta property=\"article:author\" content=\"https:\/\/www.facebook.com\/anovapeneira\/\" \/>\n<meta property=\"article:published_time\" content=\"2026-02-04T09:00:13+00:00\" \/>\n<meta name=\"author\" content=\"admin\" \/>\n<meta name=\"twitter:card\" content=\"summary_large_image\" \/>\n<meta name=\"twitter:creator\" content=\"@APeneira\" \/>\n<meta name=\"twitter:site\" content=\"@APeneira\" \/>\n<meta name=\"twitter:label1\" content=\"Escrito por\" \/>\n\t<meta name=\"twitter:data1\" content=\"admin\" \/>\n\t<meta name=\"twitter:label2\" content=\"Tempo de lectura\" \/>\n\t<meta name=\"twitter:data2\" content=\"1 minuto\" \/>\n<script type=\"application\/ld+json\" class=\"yoast-schema-graph\">{\"@context\":\"https:\\\/\\\/schema.org\",\"@graph\":[{\"@type\":\"Article\",\"@id\":\"https:\\\/\\\/www.anovapeneira.gal\\\/index.php\\\/2026\\\/02\\\/04\\\/un-grupo-de-centros-culturais-de-redondela-presenta-unha-mocion-solicitando-apoio-politico-para-garantir-unha-aplicacion-xusta-da-taxa-de-residuos-que-lles-afecta\\\/#article\",\"isPartOf\":{\"@id\":\"https:\\\/\\\/www.anovapeneira.gal\\\/index.php\\\/2026\\\/02\\\/04\\\/un-grupo-de-centros-culturais-de-redondela-presenta-unha-mocion-solicitando-apoio-politico-para-garantir-unha-aplicacion-xusta-da-taxa-de-residuos-que-lles-afecta\\\/\"},\"author\":{\"name\":\"admin\",\"@id\":\"https:\\\/\\\/www.anovapeneira.gal\\\/#\\\/schema\\\/person\\\/fb77575328c93684dae4b0075f90c2cb\"},\"headline\":\"Un grupo de centros culturais de Redondela presenta unha moci\u00f3n solicitando apoio pol\u00edtico para garantir unha aplicaci\u00f3n xusta da taxa de residuos que lles afecta\",\"datePublished\":\"2026-02-04T09:00:13+00:00\",\"mainEntityOfPage\":{\"@id\":\"https:\\\/\\\/www.anovapeneira.gal\\\/index.php\\\/2026\\\/02\\\/04\\\/un-grupo-de-centros-culturais-de-redondela-presenta-unha-mocion-solicitando-apoio-politico-para-garantir-unha-aplicacion-xusta-da-taxa-de-residuos-que-lles-afecta\\\/\"},\"wordCount\":314,\"commentCount\":0,\"publisher\":{\"@id\":\"https:\\\/\\\/www.anovapeneira.gal\\\/#organization\"},\"articleSection\":[\"Sin categor\u00eda\"],\"inLanguage\":\"gl-ES\",\"potentialAction\":[{\"@type\":\"CommentAction\",\"name\":\"Comment\",\"target\":[\"https:\\\/\\\/www.anovapeneira.gal\\\/index.php\\\/2026\\\/02\\\/04\\\/un-grupo-de-centros-culturais-de-redondela-presenta-unha-mocion-solicitando-apoio-politico-para-garantir-unha-aplicacion-xusta-da-taxa-de-residuos-que-lles-afecta\\\/#respond\"]}]},{\"@type\":\"WebPage\",\"@id\":\"https:\\\/\\\/www.anovapeneira.gal\\\/index.php\\\/2026\\\/02\\\/04\\\/un-grupo-de-centros-culturais-de-redondela-presenta-unha-mocion-solicitando-apoio-politico-para-garantir-unha-aplicacion-xusta-da-taxa-de-residuos-que-lles-afecta\\\/\",\"url\":\"https:\\\/\\\/www.anovapeneira.gal\\\/index.php\\\/2026\\\/02\\\/04\\\/un-grupo-de-centros-culturais-de-redondela-presenta-unha-mocion-solicitando-apoio-politico-para-garantir-unha-aplicacion-xusta-da-taxa-de-residuos-que-lles-afecta\\\/\",\"name\":\"Un grupo de centros culturais de Redondela presenta unha moci\u00f3n solicitando apoio pol\u00edtico para garantir unha aplicaci\u00f3n xusta da taxa de residuos que lles afecta -\",\"isPartOf\":{\"@id\":\"https:\\\/\\\/www.anovapeneira.gal\\\/#website\"},\"datePublished\":\"2026-02-04T09:00:13+00:00\",\"breadcrumb\":{\"@id\":\"https:\\\/\\\/www.anovapeneira.gal\\\/index.php\\\/2026\\\/02\\\/04\\\/un-grupo-de-centros-culturais-de-redondela-presenta-unha-mocion-solicitando-apoio-politico-para-garantir-unha-aplicacion-xusta-da-taxa-de-residuos-que-lles-afecta\\\/#breadcrumb\"},\"inLanguage\":\"gl-ES\",\"potentialAction\":[{\"@type\":\"ReadAction\",\"target\":[\"https:\\\/\\\/www.anovapeneira.gal\\\/index.php\\\/2026\\\/02\\\/04\\\/un-grupo-de-centros-culturais-de-redondela-presenta-unha-mocion-solicitando-apoio-politico-para-garantir-unha-aplicacion-xusta-da-taxa-de-residuos-que-lles-afecta\\\/\"]}]},{\"@type\":\"BreadcrumbList\",\"@id\":\"https:\\\/\\\/www.anovapeneira.gal\\\/index.php\\\/2026\\\/02\\\/04\\\/un-grupo-de-centros-culturais-de-redondela-presenta-unha-mocion-solicitando-apoio-politico-para-garantir-unha-aplicacion-xusta-da-taxa-de-residuos-que-lles-afecta\\\/#breadcrumb\",\"itemListElement\":[{\"@type\":\"ListItem\",\"position\":1,\"name\":\"Portada\",\"item\":\"https:\\\/\\\/www.anovapeneira.gal\\\/\"},{\"@type\":\"ListItem\",\"position\":2,\"name\":\"Un grupo de centros culturais de Redondela presenta unha moci\u00f3n solicitando apoio pol\u00edtico para garantir unha aplicaci\u00f3n xusta da taxa de residuos que lles afecta\"}]},{\"@type\":\"WebSite\",\"@id\":\"https:\\\/\\\/www.anovapeneira.gal\\\/#website\",\"url\":\"https:\\\/\\\/www.anovapeneira.gal\\\/\",\"name\":\"\",\"description\":\"Xornal galego de informaci\u00f3n xeral Publicaci\u00f3n mensual de novas de Galicia e en especial dos Concellos da sur da provincia de Pontevedra.\",\"publisher\":{\"@id\":\"https:\\\/\\\/www.anovapeneira.gal\\\/#organization\"},\"potentialAction\":[{\"@type\":\"SearchAction\",\"target\":{\"@type\":\"EntryPoint\",\"urlTemplate\":\"https:\\\/\\\/www.anovapeneira.gal\\\/?s={search_term_string}\"},\"query-input\":{\"@type\":\"PropertyValueSpecification\",\"valueRequired\":true,\"valueName\":\"search_term_string\"}}],\"inLanguage\":\"gl-ES\"},{\"@type\":\"Organization\",\"@id\":\"https:\\\/\\\/www.anovapeneira.gal\\\/#organization\",\"name\":\"A Nova Peneira\",\"url\":\"https:\\\/\\\/www.anovapeneira.gal\\\/\",\"logo\":{\"@type\":\"ImageObject\",\"inLanguage\":\"gl-ES\",\"@id\":\"https:\\\/\\\/www.anovapeneira.gal\\\/#\\\/schema\\\/logo\\\/image\\\/\",\"url\":\"http:\\\/\\\/www.anovapeneira.gal\\\/wp-content\\\/uploads\\\/2019\\\/06\\\/logo_a_nova_peneira_portal_web.png\",\"contentUrl\":\"http:\\\/\\\/www.anovapeneira.gal\\\/wp-content\\\/uploads\\\/2019\\\/06\\\/logo_a_nova_peneira_portal_web.png\",\"width\":300,\"height\":100,\"caption\":\"A Nova Peneira\"},\"image\":{\"@id\":\"https:\\\/\\\/www.anovapeneira.gal\\\/#\\\/schema\\\/logo\\\/image\\\/\"},\"sameAs\":[\"https:\\\/\\\/www.facebook.com\\\/anovapeneira\",\"https:\\\/\\\/x.com\\\/APeneira\"]},{\"@type\":\"Person\",\"@id\":\"https:\\\/\\\/www.anovapeneira.gal\\\/#\\\/schema\\\/person\\\/fb77575328c93684dae4b0075f90c2cb\",\"name\":\"admin\",\"image\":{\"@type\":\"ImageObject\",\"inLanguage\":\"gl-ES\",\"@id\":\"https:\\\/\\\/secure.gravatar.com\\\/avatar\\\/df15c36ce375448325e0bc870e91bbee95947a002eb98dcfd6c2b053e18843e9?s=96&d=mm&r=g\",\"url\":\"https:\\\/\\\/secure.gravatar.com\\\/avatar\\\/df15c36ce375448325e0bc870e91bbee95947a002eb98dcfd6c2b053e18843e9?s=96&d=mm&r=g\",\"contentUrl\":\"https:\\\/\\\/secure.gravatar.com\\\/avatar\\\/df15c36ce375448325e0bc870e91bbee95947a002eb98dcfd6c2b053e18843e9?s=96&d=mm&r=g\",\"caption\":\"admin\"},\"description\":\"Xornal galego de informaci\u00f3n xeral Publicaci\u00f3n mensual de novas de Galicia e en especial dos Concellos da sur da provincia de Pontevedra.\",\"sameAs\":[\"http:\\\/\\\/www.anovapeneira.gal\\\/\",\"https:\\\/\\\/www.facebook.com\\\/anovapeneira\\\/\"],\"url\":\"https:\\\/\\\/www.anovapeneira.gal\\\/index.php\\\/author\\\/admin\\\/\"}]}<\/script>\n<!-- \/ Yoast SEO plugin. -->","yoast_head_json":{"title":"Un grupo de centros culturais de Redondela presenta unha moci\u00f3n solicitando apoio pol\u00edtico para garantir unha aplicaci\u00f3n xusta da taxa de residuos que lles afecta -","robots":{"index":"index","follow":"follow","max-snippet":"max-snippet:-1","max-image-preview":"max-image-preview:large","max-video-preview":"max-video-preview:-1"},"canonical":"https:\/\/www.anovapeneira.gal\/index.php\/2026\/02\/04\/un-grupo-de-centros-culturais-de-redondela-presenta-unha-mocion-solicitando-apoio-politico-para-garantir-unha-aplicacion-xusta-da-taxa-de-residuos-que-lles-afecta\/","og_locale":"gl_ES","og_type":"article","og_title":"Un grupo de centros culturais de Redondela presenta unha moci\u00f3n solicitando apoio pol\u00edtico para garantir unha aplicaci\u00f3n xusta da taxa de residuos que lles afecta -","og_description":"Un grupo de Centros culturais do Concello de Redondela ve\u00f1en de rexistrar unha moci\u00f3n na que solicitan o apoio dos distintos grupos pol\u00edticos municipais para avanzar cara a unha soluci\u00f3n xusta e proporcionada \u00e1 aplicaci\u00f3n da taxa de residuos que lles est\u00e1 a ser esixida [...]","og_url":"https:\/\/www.anovapeneira.gal\/index.php\/2026\/02\/04\/un-grupo-de-centros-culturais-de-redondela-presenta-unha-mocion-solicitando-apoio-politico-para-garantir-unha-aplicacion-xusta-da-taxa-de-residuos-que-lles-afecta\/","article_publisher":"https:\/\/www.facebook.com\/anovapeneira","article_author":"https:\/\/www.facebook.com\/anovapeneira\/","article_published_time":"2026-02-04T09:00:13+00:00","author":"admin","twitter_card":"summary_large_image","twitter_creator":"@APeneira","twitter_site":"@APeneira","twitter_misc":{"Escrito por":"admin","Tempo de lectura":"1 minuto"},"schema":{"@context":"https:\/\/schema.org","@graph":[{"@type":"Article","@id":"https:\/\/www.anovapeneira.gal\/index.php\/2026\/02\/04\/un-grupo-de-centros-culturais-de-redondela-presenta-unha-mocion-solicitando-apoio-politico-para-garantir-unha-aplicacion-xusta-da-taxa-de-residuos-que-lles-afecta\/#article","isPartOf":{"@id":"https:\/\/www.anovapeneira.gal\/index.php\/2026\/02\/04\/un-grupo-de-centros-culturais-de-redondela-presenta-unha-mocion-solicitando-apoio-politico-para-garantir-unha-aplicacion-xusta-da-taxa-de-residuos-que-lles-afecta\/"},"author":{"name":"admin","@id":"https:\/\/www.anovapeneira.gal\/#\/schema\/person\/fb77575328c93684dae4b0075f90c2cb"},"headline":"Un grupo de centros culturais de Redondela presenta unha moci\u00f3n solicitando apoio pol\u00edtico para garantir unha aplicaci\u00f3n xusta da taxa de residuos que lles afecta","datePublished":"2026-02-04T09:00:13+00:00","mainEntityOfPage":{"@id":"https:\/\/www.anovapeneira.gal\/index.php\/2026\/02\/04\/un-grupo-de-centros-culturais-de-redondela-presenta-unha-mocion-solicitando-apoio-politico-para-garantir-unha-aplicacion-xusta-da-taxa-de-residuos-que-lles-afecta\/"},"wordCount":314,"commentCount":0,"publisher":{"@id":"https:\/\/www.anovapeneira.gal\/#organization"},"articleSection":["Sin categor\u00eda"],"inLanguage":"gl-ES","potentialAction":[{"@type":"CommentAction","name":"Comment","target":["https:\/\/www.anovapeneira.gal\/index.php\/2026\/02\/04\/un-grupo-de-centros-culturais-de-redondela-presenta-unha-mocion-solicitando-apoio-politico-para-garantir-unha-aplicacion-xusta-da-taxa-de-residuos-que-lles-afecta\/#respond"]}]},{"@type":"WebPage","@id":"https:\/\/www.anovapeneira.gal\/index.php\/2026\/02\/04\/un-grupo-de-centros-culturais-de-redondela-presenta-unha-mocion-solicitando-apoio-politico-para-garantir-unha-aplicacion-xusta-da-taxa-de-residuos-que-lles-afecta\/","url":"https:\/\/www.anovapeneira.gal\/index.php\/2026\/02\/04\/un-grupo-de-centros-culturais-de-redondela-presenta-unha-mocion-solicitando-apoio-politico-para-garantir-unha-aplicacion-xusta-da-taxa-de-residuos-que-lles-afecta\/","name":"Un grupo de centros culturais de Redondela presenta unha moci\u00f3n solicitando apoio pol\u00edtico para garantir unha aplicaci\u00f3n xusta da taxa de residuos que lles afecta -","isPartOf":{"@id":"https:\/\/www.anovapeneira.gal\/#website"},"datePublished":"2026-02-04T09:00:13+00:00","breadcrumb":{"@id":"https:\/\/www.anovapeneira.gal\/index.php\/2026\/02\/04\/un-grupo-de-centros-culturais-de-redondela-presenta-unha-mocion-solicitando-apoio-politico-para-garantir-unha-aplicacion-xusta-da-taxa-de-residuos-que-lles-afecta\/#breadcrumb"},"inLanguage":"gl-ES","potentialAction":[{"@type":"ReadAction","target":["https:\/\/www.anovapeneira.gal\/index.php\/2026\/02\/04\/un-grupo-de-centros-culturais-de-redondela-presenta-unha-mocion-solicitando-apoio-politico-para-garantir-unha-aplicacion-xusta-da-taxa-de-residuos-que-lles-afecta\/"]}]},{"@type":"BreadcrumbList","@id":"https:\/\/www.anovapeneira.gal\/index.php\/2026\/02\/04\/un-grupo-de-centros-culturais-de-redondela-presenta-unha-mocion-solicitando-apoio-politico-para-garantir-unha-aplicacion-xusta-da-taxa-de-residuos-que-lles-afecta\/#breadcrumb","itemListElement":[{"@type":"ListItem","position":1,"name":"Portada","item":"https:\/\/www.anovapeneira.gal\/"},{"@type":"ListItem","position":2,"name":"Un grupo de centros culturais de Redondela presenta unha moci\u00f3n solicitando apoio pol\u00edtico para garantir unha aplicaci\u00f3n xusta da taxa de residuos que lles afecta"}]},{"@type":"WebSite","@id":"https:\/\/www.anovapeneira.gal\/#website","url":"https:\/\/www.anovapeneira.gal\/","name":"","description":"Xornal galego de informaci\u00f3n xeral Publicaci\u00f3n mensual de novas de Galicia e en especial dos Concellos da sur da provincia de Pontevedra.","publisher":{"@id":"https:\/\/www.anovapeneira.gal\/#organization"},"potentialAction":[{"@type":"SearchAction","target":{"@type":"EntryPoint","urlTemplate":"https:\/\/www.anovapeneira.gal\/?s={search_term_string}"},"query-input":{"@type":"PropertyValueSpecification","valueRequired":true,"valueName":"search_term_string"}}],"inLanguage":"gl-ES"},{"@type":"Organization","@id":"https:\/\/www.anovapeneira.gal\/#organization","name":"A Nova Peneira","url":"https:\/\/www.anovapeneira.gal\/","logo":{"@type":"ImageObject","inLanguage":"gl-ES","@id":"https:\/\/www.anovapeneira.gal\/#\/schema\/logo\/image\/","url":"http:\/\/www.anovapeneira.gal\/wp-content\/uploads\/2019\/06\/logo_a_nova_peneira_portal_web.png","contentUrl":"http:\/\/www.anovapeneira.gal\/wp-content\/uploads\/2019\/06\/logo_a_nova_peneira_portal_web.png","width":300,"height":100,"caption":"A Nova Peneira"},"image":{"@id":"https:\/\/www.anovapeneira.gal\/#\/schema\/logo\/image\/"},"sameAs":["https:\/\/www.facebook.com\/anovapeneira","https:\/\/x.com\/APeneira"]},{"@type":"Person","@id":"https:\/\/www.anovapeneira.gal\/#\/schema\/person\/fb77575328c93684dae4b0075f90c2cb","name":"admin","image":{"@type":"ImageObject","inLanguage":"gl-ES","@id":"https:\/\/secure.gravatar.com\/avatar\/df15c36ce375448325e0bc870e91bbee95947a002eb98dcfd6c2b053e18843e9?s=96&d=mm&r=g","url":"https:\/\/secure.gravatar.com\/avatar\/df15c36ce375448325e0bc870e91bbee95947a002eb98dcfd6c2b053e18843e9?s=96&d=mm&r=g","contentUrl":"https:\/\/secure.gravatar.com\/avatar\/df15c36ce375448325e0bc870e91bbee95947a002eb98dcfd6c2b053e18843e9?s=96&d=mm&r=g","caption":"admin"},"description":"Xornal galego de informaci\u00f3n xeral Publicaci\u00f3n mensual de novas de Galicia e en especial dos Concellos da sur da provincia de Pontevedra.","sameAs":["http:\/\/www.anovapeneira.gal\/","https:\/\/www.facebook.com\/anovapeneira\/"],"url":"https:\/\/www.anovapeneira.gal\/index.php\/author\/admin\/"}]}},"jetpack_featured_media_url":"","_links":{"self":[{"href":"https:\/\/www.anovapeneira.gal\/index.php\/wp-json\/wp\/v2\/posts\/15291","targetHints":{"allow":["GET"]}}],"collection":[{"href":"https:\/\/www.anovapeneira.gal\/index.php\/wp-json\/wp\/v2\/posts"}],"about":[{"href":"https:\/\/www.anovapeneira.gal\/index.php\/wp-json\/wp\/v2\/types\/post"}],"author":[{"embeddable":true,"href":"https:\/\/www.anovapeneira.gal\/index.php\/wp-json\/wp\/v2\/users\/1"}],"replies":[{"embeddable":true,"href":"https:\/\/www.anovapeneira.gal\/index.php\/wp-json\/wp\/v2\/comments?post=15291"}],"version-history":[{"count":1,"href":"https:\/\/www.anovapeneira.gal\/index.php\/wp-json\/wp\/v2\/posts\/15291\/revisions"}],"predecessor-version":[{"id":15292,"href":"https:\/\/www.anovapeneira.gal\/index.php\/wp-json\/wp\/v2\/posts\/15291\/revisions\/15292"}],"wp:attachment":[{"href":"https:\/\/www.anovapeneira.gal\/index.php\/wp-json\/wp\/v2\/media?parent=15291"}],"wp:term":[{"taxonomy":"category","embeddable":true,"href":"https:\/\/www.anovapeneira.gal\/index.php\/wp-json\/wp\/v2\/categories?post=15291"},{"taxonomy":"post_tag","embeddable":true,"href":"https:\/\/www.anovapeneira.gal\/index.php\/wp-json\/wp\/v2\/tags?post=15291"}],"curies":[{"name":"wp","href":"https:\/\/api.w.org\/{rel}","templated":true}]}}