{"id":15357,"date":"2026-02-19T10:00:20","date_gmt":"2026-02-19T09:00:20","guid":{"rendered":"https:\/\/www.anovapeneira.gal\/?p=15357"},"modified":"2026-02-10T13:27:41","modified_gmt":"2026-02-10T12:27:41","slug":"cousas-de-salvaterra-ardelle-a-casa-a-angela-pazo-de-arantei-de-moreira","status":"publish","type":"post","link":"https:\/\/www.anovapeneira.gal\/index.php\/2026\/02\/19\/cousas-de-salvaterra-ardelle-a-casa-a-angela-pazo-de-arantei-de-moreira\/","title":{"rendered":"COUSAS DE SALVATERRA, \u00c1rdelle a casa a \u00c1ngela Pazo de Arantei, de Moreira"},"content":{"rendered":"\n<pre class=\"wp-block-verse\">Ant\u00f3n \u201cXaque\u201d<\/pre>\n\n\n\n<p><strong>Salvaterra de Mi\u00f1o, 09 de Febreiro do 2026<\/strong><\/p>\n\n\n\n<p>O certo \u00e9 que viv\u00eda na fregues\u00eda de Arantei, pero non sabemos si era orixinaria da fregues\u00eda de Moreira, Ponteareas, (e non ser\u00eda nada fora do com\u00fan, que tivera as s\u00faas orixes na fregues\u00eda mon\u00e7anense de Moreira).<\/p>\n\n\n\n<p>A pobre muller, pobre, tivo a mala fortuna de que lle ardeu totalmente a s\u00faa casa. O suceso tivo repercusi\u00f3n na prensa da \u00e9poca e transcendeu, como non? a o pa\u00eds onde tantos galegos resid\u00edan emigrados, Arxentina.<\/p>\n\n\n\n<p>Repasemos alg\u00fans xornais da \u00e9poca, a ver que dic\u00edan:<\/p>\n\n\n\n<p>&#8211; O 19 de Setembro de 1926, El Pueblo Gallego de Vigo daba a nova: \u201cO d\u00eda 16 \u00e1s doce, iniciouse un incendio na casa habitada pola s\u00faa propietaria, a veci\u00f1a desta parroquia \u00c1ngela Pazo alcumada \u201cTroula\u201d. O toque de alarma, dado polas camp\u00e1s, acudiron o lugar do sinistro os veci\u00f1os da parroquia e veci\u00f1as, co prop\u00f3sito de sufocar o lume, pero este tomou tales proporci\u00f3ns que en pouco m\u00e1is dunha hora consumiu por completo o inmoble. Solo puideron salvar alg\u00fans efectos dom\u00e9sticos e evitar que as lapas prenderan na casa contigua, propiedade da veci\u00f1a Josefa Filgueira. A Sra. \u00c1ngela \u00e9 una pobre muller que ten o marido na Am\u00e9rica e que se adica a venda de peixe a domicilio. A destruci\u00f3n da modesta vivenda deixouna pouco menos que na miseria&#8230;.\u201d<\/p>\n\n\n\n<p>&#8211; El Tea, (xornal de tendencia agrarista) do 03 de Xullo de 1927, dic\u00eda, \u201c&#8230;leemos no decenario El Eco del Condado, (xornal editado polo abade de Fornelos da Ribeira de tendencia clerical), de data 10 de Abril pasado, como noticia de Arantei, que os fillos desa parroquia residentes en Bos Aires, xiraran a Sra. \u00c1nxela Pazo, 1600 Pesetas, (uns 6000\u20ac de hoxe), pra axudala a reconstru\u00edr a casa que lle fora destru\u00edda nun incendio, produto que segundo \u201cEl Eco\u201d, obtiveran os mencionados veci\u00f1os nun festival (sen m\u00e1is). A falga da verdade non pode ser maior. Co\u00f1ezo o asunto e quero, por medio do \u201cEl Tea\u201d informar con sinceridade os veci\u00f1os dese Distrito da verdade, para dar a cada quen o seu e darlle a voz de alerta para que non se deixen enganar\u201d.<\/p>\n\n\n\n<p>\u201cO saberse en Bos Aires a triste noticia do incendio e das s\u00faas fatais consecuencias, varios veci\u00f1os de Arantei e socios da Sociedade Uni\u00f3n Progresista do Distrito de Salvaterra de Mi\u00f1o en Bos Aires, puxeron a noticia en co\u00f1ecemento da Comisi\u00f3n Directiva de esta e solicitaron fixera o posible por axudar a infortunada muller. A Comisi\u00f3n da Uni\u00f3n resolve no acto por unanimidade organizar un festival a beneficio de cuxa organizaci\u00f3n encargouse a C. D. agregando \u00e1 mesma as persoas que asinaban a carta de solicitude, todos eles de Arantei e socios. Dito festival realizouse o d\u00eda 25 de Decembro de 1926 no Orfe\u00f3n Espa\u00f1ol, dando un resultado l\u00edquido de 649 pesos moeda nacional. \u00c9 digno de aplauso o entusiasmo que os veci\u00f1os de Arantei demostraron, o mesmo que todos os demais socios da entidade organizadora pois solo as\u00ed se pode obter un \u00e9xito tal\u201d. Asina M. P. Couto, Bos Aires, Maio de 1927.<\/p>\n\n\n\n<p>&#8211; Polo xornal agrarista, prohibido na Galiza, \u201cAcci\u00f3n Agraria\u201d, sabemos en que consistiu ese festival, \u201ccon moito entusiasmo v\u00e9\u00f1ense realizando os traballos referentes \u00e1 organizaci\u00f3n do festival art\u00edstico e baile familiar que esta entidade debe realizar o s\u00e1bado 25 de Decembro do 1926 no Orfe\u00f3n Espa\u00f1ol, a total beneficio da veci\u00f1a de Arantei \u00c1ngela Pazo, da cal demos conta no noso n\u00famero anterior, de seguido damos a co\u00f1ecer o programa a desenrolar: 1.- Enano de Riego, pola orquestra. 2.- O Cadro Social de Declamaci\u00f3n \u201cAires do Mi\u00f1o\u201d, dirixido polo consocio Sr. Jos\u00e9 Pazos, por\u00e1 en escena o xoguete c\u00f3mico nun acto, orixinal de Julio Firtuoso, titulado Academia de \u201cDeclamaci\u00f3n\u201d. 3.- Aires Espa\u00f1oles, pola orquestra. 4.- O sainete nun acto e tres cadros orixinal dos Sres. E. de Rosa e A. Disc\u00e9polo\u201d.<\/p>\n\n\n\n<p>Asemade esa Sociedade puxo en co\u00f1ecemento a outras asociaci\u00f3ns irm\u00e1s parecidas de Bos Aires, como se pode apreciar na carta que se reproduce de seguido:<\/p>\n\n\n\n<p><strong>S. U. P. del D. de S. de M. en B. A.<\/strong> Secretar\u00eda Cerrito 585<\/p>\n\n\n\n<p>Buenos Aires, 06 de decembro de 1926<\/p>\n\n\n\n<p>Sr. Presidente de la Sociedad \u201cLA ANTORCHA DE CRISTI\u00d1ADE\u201d, (id\u00e9nticas cartas \u00e1s Sociedades de FORNELOS, CALDELAS, ENTIENZA, NOGUEIRA e SALCEDA).<\/p>\n\n\n\n<p>Da nosa consideraci\u00f3n: Despois de saudalo e polo seu intermedio aos demais membros desa C.D manifest\u00e1moslle que a presente ten por obxecto solicitar o concurso desa prestixiosa instituci\u00f3n para o festival que esta Sociedade realizar\u00e1 a noite do 25 do corrente no Orfe\u00f3n Espa\u00f1ol a total beneficio da veci\u00f1a \u00c1ngela Pazo de Moreira, da parroquia de Arentei, pertencente ao noso Distrito de Salvaterra, a quen fai aproximadamente dous meses queim\u00f3uselle a casa na citada parroquia, quedando na indixencia e sen teito en que acubillarse porque o seu estado de pobreza non lle permite constru\u00edr outra.<\/p>\n\n\n\n<p>O produto l\u00edquido que se obte\u00f1a na referida velada ser\u00e1 destinada a reconstru\u00edrlle a casa \u00e1 mencionada veci\u00f1a, e trat\u00e1ndose dunha obra humanitaria como esta, non dubidamos que esa instituci\u00f3n, que pertence ao mesmo partido xudicial, prestaranos o seu concurso, a cuxo efecto lle participamos que fixemos rifas de $0.20 en talonarios de $ 1 cada un, sendo o valor das entradas o seguinte; palcos con 4 entradas $ 10 cada un, cabaleiros $ 2 cada un, damas $1 cada un, e con moito gusto remitiremos a esa Directiva a cantidade que dunha ou outra te\u00f1a a ben pedirnos.<\/p>\n\n\n\n<p>En espera das s\u00faas gratas noticias respecto diso, enviamos un fraternal sa\u00fado a esa Entidade. Pola C A.:<\/p>\n\n\n\n<p>Secretario: N\u00fa\u00f1ez. Presidente: Manuel Puente.<\/p>\n\n\n\n<p>Tam\u00e9n a Sociedade Uni\u00f3n Progresista do Distrito de Salvaterra de Mi\u00f1o en Bos Aires, dir\u00edxese o 09 de Febreiro de 1927 a Se\u00f1ora \u00c1ngela Pazo de Moreira de Lima (xa nos aportan outro dato, Lima), de Arantei, Salvaterra de Mi\u00f1o, nos seguintes termos:<\/p>\n\n\n\n<p>\u201cDa nosa consideraci\u00f3n: Un n\u00facleo de veci\u00f1os desa parroquia e socios desta Sociedade, tendo co\u00f1ecemento da desgraza que lle ocorreu a Vde. o incendi\u00e1rselle a casa, solicitou da Comisi\u00f3n Administrativa desta Sociedade a realizaci\u00f3n dun festival pra arranxar fondos con que socorrela e levantar de novo a casa, solicitude a que esta Comisi\u00f3n Administrativa accedeu de inmediato, pois esta Sociedade est\u00e1 sempre disposta a socorrer os seus asociados en Bos Aires e \u00e1s familias no Distrito.<\/p>\n\n\n\n<p>O festival \u00f3 que nos referimos foi celebrado o d\u00eda 25 de Decembro de 1926 e arroxou un saldo l\u00edquido de 646.51 pesos, que o cambio actual ascende a cifra de 1.593 Pesetas, cantidade que xunto coa presente seralle entregada en man polo noso representante nesa Sr. Manuel Mari\u00f1o M\u00e9ndez (que acabou sendo alcalde na 2\u00aa Rep\u00fablica), a quen lle rogamos se sirva outorgarlle o recibo correspondente para o Arquivo desta Sociedade\u201d.<\/p>\n\n\n\n<p>Asina a carta o Secretario N\u00fa\u00f1ez, sendo Presidente nesa altura Manuel Puente, de Oleiros.<\/p>\n\n\n\n<p><\/p>\n\n\n\n<p><\/p>\n","protected":false},"excerpt":{"rendered":"<div class=\"mh-excerpt\"><p>O certo \u00e9 que viv\u00eda na fregues\u00eda de Arantei, pero non sabemos si era orixinaria da fregues\u00eda de Moreira, Ponteareas, (e non ser\u00eda nada fora do com\u00fan, que tivera as s\u00faas orixes na fregues\u00eda mon\u00e7anense de Moreira) <a class=\"mh-excerpt-more\" href=\"https:\/\/www.anovapeneira.gal\/index.php\/2026\/02\/19\/cousas-de-salvaterra-ardelle-a-casa-a-angela-pazo-de-arantei-de-moreira\/\" title=\"COUSAS DE SALVATERRA, \u00c1rdelle a casa a \u00c1ngela Pazo de Arantei, de Moreira\">[&#8230;]<\/a><\/p>\n<\/div>","protected":false},"author":34,"featured_media":13387,"comment_status":"open","ping_status":"open","sticky":false,"template":"","format":"standard","meta":{"_exactmetrics_skip_tracking":false,"_exactmetrics_sitenote_active":false,"_exactmetrics_sitenote_note":"","_exactmetrics_sitenote_category":0,"footnotes":""},"categories":[7],"tags":[],"class_list":{"0":"post-15357","1":"post","2":"type-post","3":"status-publish","4":"format-standard","5":"has-post-thumbnail","7":"category-artigos-de-opinion"},"yoast_head":"<!-- This site is optimized with the Yoast SEO plugin v27.4 - https:\/\/yoast.com\/product\/yoast-seo-wordpress\/ -->\n<title>COUSAS DE SALVATERRA, \u00c1rdelle a casa a \u00c1ngela Pazo de Arantei, de Moreira -<\/title>\n<meta name=\"robots\" content=\"index, follow, max-snippet:-1, max-image-preview:large, max-video-preview:-1\" \/>\n<link rel=\"canonical\" href=\"https:\/\/www.anovapeneira.gal\/index.php\/2026\/02\/19\/cousas-de-salvaterra-ardelle-a-casa-a-angela-pazo-de-arantei-de-moreira\/\" \/>\n<meta property=\"og:locale\" content=\"gl_ES\" \/>\n<meta property=\"og:type\" content=\"article\" \/>\n<meta property=\"og:title\" content=\"COUSAS DE SALVATERRA, \u00c1rdelle a casa a \u00c1ngela Pazo de Arantei, de Moreira -\" \/>\n<meta property=\"og:description\" content=\"O certo \u00e9 que viv\u00eda na fregues\u00eda de Arantei, pero non sabemos si era orixinaria da fregues\u00eda de Moreira, Ponteareas, (e non ser\u00eda nada fora do com\u00fan, que tivera as s\u00faas orixes na fregues\u00eda mon\u00e7anense de Moreira) [...]\" \/>\n<meta property=\"og:url\" content=\"https:\/\/www.anovapeneira.gal\/index.php\/2026\/02\/19\/cousas-de-salvaterra-ardelle-a-casa-a-angela-pazo-de-arantei-de-moreira\/\" \/>\n<meta property=\"article:publisher\" content=\"https:\/\/www.facebook.com\/anovapeneira\" \/>\n<meta property=\"article:published_time\" content=\"2026-02-19T09:00:20+00:00\" \/>\n<meta property=\"og:image\" content=\"https:\/\/www.anovapeneira.gal\/wp-content\/uploads\/2025\/02\/xaque.jpg\" \/>\n\t<meta property=\"og:image:width\" content=\"700\" \/>\n\t<meta property=\"og:image:height\" content=\"522\" \/>\n\t<meta property=\"og:image:type\" content=\"image\/jpeg\" \/>\n<meta name=\"author\" content=\"Ant\u00f3n Lorenzo Gonz\u00e1lez\" \/>\n<meta name=\"twitter:card\" content=\"summary_large_image\" \/>\n<meta name=\"twitter:creator\" content=\"@APeneira\" \/>\n<meta name=\"twitter:site\" content=\"@APeneira\" \/>\n<meta name=\"twitter:label1\" content=\"Escrito por\" \/>\n\t<meta name=\"twitter:data1\" content=\"Ant\u00f3n Lorenzo Gonz\u00e1lez\" \/>\n\t<meta name=\"twitter:label2\" content=\"Tempo de lectura\" \/>\n\t<meta name=\"twitter:data2\" content=\"7 minutos\" \/>\n<script type=\"application\/ld+json\" class=\"yoast-schema-graph\">{\"@context\":\"https:\\\/\\\/schema.org\",\"@graph\":[{\"@type\":\"Article\",\"@id\":\"https:\\\/\\\/www.anovapeneira.gal\\\/index.php\\\/2026\\\/02\\\/19\\\/cousas-de-salvaterra-ardelle-a-casa-a-angela-pazo-de-arantei-de-moreira\\\/#article\",\"isPartOf\":{\"@id\":\"https:\\\/\\\/www.anovapeneira.gal\\\/index.php\\\/2026\\\/02\\\/19\\\/cousas-de-salvaterra-ardelle-a-casa-a-angela-pazo-de-arantei-de-moreira\\\/\"},\"author\":{\"name\":\"Ant\u00f3n Lorenzo Gonz\u00e1lez\",\"@id\":\"https:\\\/\\\/www.anovapeneira.gal\\\/#\\\/schema\\\/person\\\/1bf91cd240796d05b6522e3d8a6e2d8e\"},\"headline\":\"COUSAS DE SALVATERRA, \u00c1rdelle a casa a \u00c1ngela Pazo de Arantei, de Moreira\",\"datePublished\":\"2026-02-19T09:00:20+00:00\",\"mainEntityOfPage\":{\"@id\":\"https:\\\/\\\/www.anovapeneira.gal\\\/index.php\\\/2026\\\/02\\\/19\\\/cousas-de-salvaterra-ardelle-a-casa-a-angela-pazo-de-arantei-de-moreira\\\/\"},\"wordCount\":1210,\"commentCount\":0,\"publisher\":{\"@id\":\"https:\\\/\\\/www.anovapeneira.gal\\\/#organization\"},\"image\":{\"@id\":\"https:\\\/\\\/www.anovapeneira.gal\\\/index.php\\\/2026\\\/02\\\/19\\\/cousas-de-salvaterra-ardelle-a-casa-a-angela-pazo-de-arantei-de-moreira\\\/#primaryimage\"},\"thumbnailUrl\":\"https:\\\/\\\/www.anovapeneira.gal\\\/wp-content\\\/uploads\\\/2025\\\/02\\\/xaque.jpg\",\"articleSection\":[\"Artigos de opini\u00f3n\"],\"inLanguage\":\"gl-ES\",\"potentialAction\":[{\"@type\":\"CommentAction\",\"name\":\"Comment\",\"target\":[\"https:\\\/\\\/www.anovapeneira.gal\\\/index.php\\\/2026\\\/02\\\/19\\\/cousas-de-salvaterra-ardelle-a-casa-a-angela-pazo-de-arantei-de-moreira\\\/#respond\"]}]},{\"@type\":\"WebPage\",\"@id\":\"https:\\\/\\\/www.anovapeneira.gal\\\/index.php\\\/2026\\\/02\\\/19\\\/cousas-de-salvaterra-ardelle-a-casa-a-angela-pazo-de-arantei-de-moreira\\\/\",\"url\":\"https:\\\/\\\/www.anovapeneira.gal\\\/index.php\\\/2026\\\/02\\\/19\\\/cousas-de-salvaterra-ardelle-a-casa-a-angela-pazo-de-arantei-de-moreira\\\/\",\"name\":\"COUSAS DE SALVATERRA, \u00c1rdelle a casa a \u00c1ngela Pazo de Arantei, de Moreira -\",\"isPartOf\":{\"@id\":\"https:\\\/\\\/www.anovapeneira.gal\\\/#website\"},\"primaryImageOfPage\":{\"@id\":\"https:\\\/\\\/www.anovapeneira.gal\\\/index.php\\\/2026\\\/02\\\/19\\\/cousas-de-salvaterra-ardelle-a-casa-a-angela-pazo-de-arantei-de-moreira\\\/#primaryimage\"},\"image\":{\"@id\":\"https:\\\/\\\/www.anovapeneira.gal\\\/index.php\\\/2026\\\/02\\\/19\\\/cousas-de-salvaterra-ardelle-a-casa-a-angela-pazo-de-arantei-de-moreira\\\/#primaryimage\"},\"thumbnailUrl\":\"https:\\\/\\\/www.anovapeneira.gal\\\/wp-content\\\/uploads\\\/2025\\\/02\\\/xaque.jpg\",\"datePublished\":\"2026-02-19T09:00:20+00:00\",\"breadcrumb\":{\"@id\":\"https:\\\/\\\/www.anovapeneira.gal\\\/index.php\\\/2026\\\/02\\\/19\\\/cousas-de-salvaterra-ardelle-a-casa-a-angela-pazo-de-arantei-de-moreira\\\/#breadcrumb\"},\"inLanguage\":\"gl-ES\",\"potentialAction\":[{\"@type\":\"ReadAction\",\"target\":[\"https:\\\/\\\/www.anovapeneira.gal\\\/index.php\\\/2026\\\/02\\\/19\\\/cousas-de-salvaterra-ardelle-a-casa-a-angela-pazo-de-arantei-de-moreira\\\/\"]}]},{\"@type\":\"ImageObject\",\"inLanguage\":\"gl-ES\",\"@id\":\"https:\\\/\\\/www.anovapeneira.gal\\\/index.php\\\/2026\\\/02\\\/19\\\/cousas-de-salvaterra-ardelle-a-casa-a-angela-pazo-de-arantei-de-moreira\\\/#primaryimage\",\"url\":\"https:\\\/\\\/www.anovapeneira.gal\\\/wp-content\\\/uploads\\\/2025\\\/02\\\/xaque.jpg\",\"contentUrl\":\"https:\\\/\\\/www.anovapeneira.gal\\\/wp-content\\\/uploads\\\/2025\\\/02\\\/xaque.jpg\",\"width\":700,\"height\":522},{\"@type\":\"BreadcrumbList\",\"@id\":\"https:\\\/\\\/www.anovapeneira.gal\\\/index.php\\\/2026\\\/02\\\/19\\\/cousas-de-salvaterra-ardelle-a-casa-a-angela-pazo-de-arantei-de-moreira\\\/#breadcrumb\",\"itemListElement\":[{\"@type\":\"ListItem\",\"position\":1,\"name\":\"Portada\",\"item\":\"https:\\\/\\\/www.anovapeneira.gal\\\/\"},{\"@type\":\"ListItem\",\"position\":2,\"name\":\"COUSAS DE SALVATERRA, \u00c1rdelle a casa a \u00c1ngela Pazo de Arantei, de Moreira\"}]},{\"@type\":\"WebSite\",\"@id\":\"https:\\\/\\\/www.anovapeneira.gal\\\/#website\",\"url\":\"https:\\\/\\\/www.anovapeneira.gal\\\/\",\"name\":\"\",\"description\":\"Xornal galego de informaci\u00f3n xeral Publicaci\u00f3n mensual de novas de Galicia e en especial dos Concellos da sur da provincia de Pontevedra.\",\"publisher\":{\"@id\":\"https:\\\/\\\/www.anovapeneira.gal\\\/#organization\"},\"potentialAction\":[{\"@type\":\"SearchAction\",\"target\":{\"@type\":\"EntryPoint\",\"urlTemplate\":\"https:\\\/\\\/www.anovapeneira.gal\\\/?s={search_term_string}\"},\"query-input\":{\"@type\":\"PropertyValueSpecification\",\"valueRequired\":true,\"valueName\":\"search_term_string\"}}],\"inLanguage\":\"gl-ES\"},{\"@type\":\"Organization\",\"@id\":\"https:\\\/\\\/www.anovapeneira.gal\\\/#organization\",\"name\":\"A Nova Peneira\",\"url\":\"https:\\\/\\\/www.anovapeneira.gal\\\/\",\"logo\":{\"@type\":\"ImageObject\",\"inLanguage\":\"gl-ES\",\"@id\":\"https:\\\/\\\/www.anovapeneira.gal\\\/#\\\/schema\\\/logo\\\/image\\\/\",\"url\":\"http:\\\/\\\/www.anovapeneira.gal\\\/wp-content\\\/uploads\\\/2019\\\/06\\\/logo_a_nova_peneira_portal_web.png\",\"contentUrl\":\"http:\\\/\\\/www.anovapeneira.gal\\\/wp-content\\\/uploads\\\/2019\\\/06\\\/logo_a_nova_peneira_portal_web.png\",\"width\":300,\"height\":100,\"caption\":\"A Nova Peneira\"},\"image\":{\"@id\":\"https:\\\/\\\/www.anovapeneira.gal\\\/#\\\/schema\\\/logo\\\/image\\\/\"},\"sameAs\":[\"https:\\\/\\\/www.facebook.com\\\/anovapeneira\",\"https:\\\/\\\/x.com\\\/APeneira\"]},{\"@type\":\"Person\",\"@id\":\"https:\\\/\\\/www.anovapeneira.gal\\\/#\\\/schema\\\/person\\\/1bf91cd240796d05b6522e3d8a6e2d8e\",\"name\":\"Ant\u00f3n Lorenzo Gonz\u00e1lez\",\"image\":{\"@type\":\"ImageObject\",\"inLanguage\":\"gl-ES\",\"@id\":\"https:\\\/\\\/secure.gravatar.com\\\/avatar\\\/dcd882e8f4338e07610336943426400d525673506eb37ce59442ba704e5cc971?s=96&d=mm&r=g\",\"url\":\"https:\\\/\\\/secure.gravatar.com\\\/avatar\\\/dcd882e8f4338e07610336943426400d525673506eb37ce59442ba704e5cc971?s=96&d=mm&r=g\",\"contentUrl\":\"https:\\\/\\\/secure.gravatar.com\\\/avatar\\\/dcd882e8f4338e07610336943426400d525673506eb37ce59442ba704e5cc971?s=96&d=mm&r=g\",\"caption\":\"Ant\u00f3n Lorenzo Gonz\u00e1lez\"},\"url\":\"https:\\\/\\\/www.anovapeneira.gal\\\/index.php\\\/author\\\/xaque\\\/\"}]}<\/script>\n<!-- \/ Yoast SEO plugin. -->","yoast_head_json":{"title":"COUSAS DE SALVATERRA, \u00c1rdelle a casa a \u00c1ngela Pazo de Arantei, de Moreira -","robots":{"index":"index","follow":"follow","max-snippet":"max-snippet:-1","max-image-preview":"max-image-preview:large","max-video-preview":"max-video-preview:-1"},"canonical":"https:\/\/www.anovapeneira.gal\/index.php\/2026\/02\/19\/cousas-de-salvaterra-ardelle-a-casa-a-angela-pazo-de-arantei-de-moreira\/","og_locale":"gl_ES","og_type":"article","og_title":"COUSAS DE SALVATERRA, \u00c1rdelle a casa a \u00c1ngela Pazo de Arantei, de Moreira -","og_description":"O certo \u00e9 que viv\u00eda na fregues\u00eda de Arantei, pero non sabemos si era orixinaria da fregues\u00eda de Moreira, Ponteareas, (e non ser\u00eda nada fora do com\u00fan, que tivera as s\u00faas orixes na fregues\u00eda mon\u00e7anense de Moreira) [...]","og_url":"https:\/\/www.anovapeneira.gal\/index.php\/2026\/02\/19\/cousas-de-salvaterra-ardelle-a-casa-a-angela-pazo-de-arantei-de-moreira\/","article_publisher":"https:\/\/www.facebook.com\/anovapeneira","article_published_time":"2026-02-19T09:00:20+00:00","og_image":[{"width":700,"height":522,"url":"https:\/\/www.anovapeneira.gal\/wp-content\/uploads\/2025\/02\/xaque.jpg","type":"image\/jpeg"}],"author":"Ant\u00f3n Lorenzo Gonz\u00e1lez","twitter_card":"summary_large_image","twitter_creator":"@APeneira","twitter_site":"@APeneira","twitter_misc":{"Escrito por":"Ant\u00f3n Lorenzo Gonz\u00e1lez","Tempo de lectura":"7 minutos"},"schema":{"@context":"https:\/\/schema.org","@graph":[{"@type":"Article","@id":"https:\/\/www.anovapeneira.gal\/index.php\/2026\/02\/19\/cousas-de-salvaterra-ardelle-a-casa-a-angela-pazo-de-arantei-de-moreira\/#article","isPartOf":{"@id":"https:\/\/www.anovapeneira.gal\/index.php\/2026\/02\/19\/cousas-de-salvaterra-ardelle-a-casa-a-angela-pazo-de-arantei-de-moreira\/"},"author":{"name":"Ant\u00f3n Lorenzo Gonz\u00e1lez","@id":"https:\/\/www.anovapeneira.gal\/#\/schema\/person\/1bf91cd240796d05b6522e3d8a6e2d8e"},"headline":"COUSAS DE SALVATERRA, \u00c1rdelle a casa a \u00c1ngela Pazo de Arantei, de Moreira","datePublished":"2026-02-19T09:00:20+00:00","mainEntityOfPage":{"@id":"https:\/\/www.anovapeneira.gal\/index.php\/2026\/02\/19\/cousas-de-salvaterra-ardelle-a-casa-a-angela-pazo-de-arantei-de-moreira\/"},"wordCount":1210,"commentCount":0,"publisher":{"@id":"https:\/\/www.anovapeneira.gal\/#organization"},"image":{"@id":"https:\/\/www.anovapeneira.gal\/index.php\/2026\/02\/19\/cousas-de-salvaterra-ardelle-a-casa-a-angela-pazo-de-arantei-de-moreira\/#primaryimage"},"thumbnailUrl":"https:\/\/www.anovapeneira.gal\/wp-content\/uploads\/2025\/02\/xaque.jpg","articleSection":["Artigos de opini\u00f3n"],"inLanguage":"gl-ES","potentialAction":[{"@type":"CommentAction","name":"Comment","target":["https:\/\/www.anovapeneira.gal\/index.php\/2026\/02\/19\/cousas-de-salvaterra-ardelle-a-casa-a-angela-pazo-de-arantei-de-moreira\/#respond"]}]},{"@type":"WebPage","@id":"https:\/\/www.anovapeneira.gal\/index.php\/2026\/02\/19\/cousas-de-salvaterra-ardelle-a-casa-a-angela-pazo-de-arantei-de-moreira\/","url":"https:\/\/www.anovapeneira.gal\/index.php\/2026\/02\/19\/cousas-de-salvaterra-ardelle-a-casa-a-angela-pazo-de-arantei-de-moreira\/","name":"COUSAS DE SALVATERRA, \u00c1rdelle a casa a \u00c1ngela Pazo de Arantei, de Moreira -","isPartOf":{"@id":"https:\/\/www.anovapeneira.gal\/#website"},"primaryImageOfPage":{"@id":"https:\/\/www.anovapeneira.gal\/index.php\/2026\/02\/19\/cousas-de-salvaterra-ardelle-a-casa-a-angela-pazo-de-arantei-de-moreira\/#primaryimage"},"image":{"@id":"https:\/\/www.anovapeneira.gal\/index.php\/2026\/02\/19\/cousas-de-salvaterra-ardelle-a-casa-a-angela-pazo-de-arantei-de-moreira\/#primaryimage"},"thumbnailUrl":"https:\/\/www.anovapeneira.gal\/wp-content\/uploads\/2025\/02\/xaque.jpg","datePublished":"2026-02-19T09:00:20+00:00","breadcrumb":{"@id":"https:\/\/www.anovapeneira.gal\/index.php\/2026\/02\/19\/cousas-de-salvaterra-ardelle-a-casa-a-angela-pazo-de-arantei-de-moreira\/#breadcrumb"},"inLanguage":"gl-ES","potentialAction":[{"@type":"ReadAction","target":["https:\/\/www.anovapeneira.gal\/index.php\/2026\/02\/19\/cousas-de-salvaterra-ardelle-a-casa-a-angela-pazo-de-arantei-de-moreira\/"]}]},{"@type":"ImageObject","inLanguage":"gl-ES","@id":"https:\/\/www.anovapeneira.gal\/index.php\/2026\/02\/19\/cousas-de-salvaterra-ardelle-a-casa-a-angela-pazo-de-arantei-de-moreira\/#primaryimage","url":"https:\/\/www.anovapeneira.gal\/wp-content\/uploads\/2025\/02\/xaque.jpg","contentUrl":"https:\/\/www.anovapeneira.gal\/wp-content\/uploads\/2025\/02\/xaque.jpg","width":700,"height":522},{"@type":"BreadcrumbList","@id":"https:\/\/www.anovapeneira.gal\/index.php\/2026\/02\/19\/cousas-de-salvaterra-ardelle-a-casa-a-angela-pazo-de-arantei-de-moreira\/#breadcrumb","itemListElement":[{"@type":"ListItem","position":1,"name":"Portada","item":"https:\/\/www.anovapeneira.gal\/"},{"@type":"ListItem","position":2,"name":"COUSAS DE SALVATERRA, \u00c1rdelle a casa a \u00c1ngela Pazo de Arantei, de Moreira"}]},{"@type":"WebSite","@id":"https:\/\/www.anovapeneira.gal\/#website","url":"https:\/\/www.anovapeneira.gal\/","name":"","description":"Xornal galego de informaci\u00f3n xeral Publicaci\u00f3n mensual de novas de Galicia e en especial dos Concellos da sur da provincia de Pontevedra.","publisher":{"@id":"https:\/\/www.anovapeneira.gal\/#organization"},"potentialAction":[{"@type":"SearchAction","target":{"@type":"EntryPoint","urlTemplate":"https:\/\/www.anovapeneira.gal\/?s={search_term_string}"},"query-input":{"@type":"PropertyValueSpecification","valueRequired":true,"valueName":"search_term_string"}}],"inLanguage":"gl-ES"},{"@type":"Organization","@id":"https:\/\/www.anovapeneira.gal\/#organization","name":"A Nova Peneira","url":"https:\/\/www.anovapeneira.gal\/","logo":{"@type":"ImageObject","inLanguage":"gl-ES","@id":"https:\/\/www.anovapeneira.gal\/#\/schema\/logo\/image\/","url":"http:\/\/www.anovapeneira.gal\/wp-content\/uploads\/2019\/06\/logo_a_nova_peneira_portal_web.png","contentUrl":"http:\/\/www.anovapeneira.gal\/wp-content\/uploads\/2019\/06\/logo_a_nova_peneira_portal_web.png","width":300,"height":100,"caption":"A Nova Peneira"},"image":{"@id":"https:\/\/www.anovapeneira.gal\/#\/schema\/logo\/image\/"},"sameAs":["https:\/\/www.facebook.com\/anovapeneira","https:\/\/x.com\/APeneira"]},{"@type":"Person","@id":"https:\/\/www.anovapeneira.gal\/#\/schema\/person\/1bf91cd240796d05b6522e3d8a6e2d8e","name":"Ant\u00f3n Lorenzo Gonz\u00e1lez","image":{"@type":"ImageObject","inLanguage":"gl-ES","@id":"https:\/\/secure.gravatar.com\/avatar\/dcd882e8f4338e07610336943426400d525673506eb37ce59442ba704e5cc971?s=96&d=mm&r=g","url":"https:\/\/secure.gravatar.com\/avatar\/dcd882e8f4338e07610336943426400d525673506eb37ce59442ba704e5cc971?s=96&d=mm&r=g","contentUrl":"https:\/\/secure.gravatar.com\/avatar\/dcd882e8f4338e07610336943426400d525673506eb37ce59442ba704e5cc971?s=96&d=mm&r=g","caption":"Ant\u00f3n Lorenzo Gonz\u00e1lez"},"url":"https:\/\/www.anovapeneira.gal\/index.php\/author\/xaque\/"}]}},"jetpack_featured_media_url":"https:\/\/www.anovapeneira.gal\/wp-content\/uploads\/2025\/02\/xaque.jpg","_links":{"self":[{"href":"https:\/\/www.anovapeneira.gal\/index.php\/wp-json\/wp\/v2\/posts\/15357","targetHints":{"allow":["GET"]}}],"collection":[{"href":"https:\/\/www.anovapeneira.gal\/index.php\/wp-json\/wp\/v2\/posts"}],"about":[{"href":"https:\/\/www.anovapeneira.gal\/index.php\/wp-json\/wp\/v2\/types\/post"}],"author":[{"embeddable":true,"href":"https:\/\/www.anovapeneira.gal\/index.php\/wp-json\/wp\/v2\/users\/34"}],"replies":[{"embeddable":true,"href":"https:\/\/www.anovapeneira.gal\/index.php\/wp-json\/wp\/v2\/comments?post=15357"}],"version-history":[{"count":1,"href":"https:\/\/www.anovapeneira.gal\/index.php\/wp-json\/wp\/v2\/posts\/15357\/revisions"}],"predecessor-version":[{"id":15358,"href":"https:\/\/www.anovapeneira.gal\/index.php\/wp-json\/wp\/v2\/posts\/15357\/revisions\/15358"}],"wp:featuredmedia":[{"embeddable":true,"href":"https:\/\/www.anovapeneira.gal\/index.php\/wp-json\/wp\/v2\/media\/13387"}],"wp:attachment":[{"href":"https:\/\/www.anovapeneira.gal\/index.php\/wp-json\/wp\/v2\/media?parent=15357"}],"wp:term":[{"taxonomy":"category","embeddable":true,"href":"https:\/\/www.anovapeneira.gal\/index.php\/wp-json\/wp\/v2\/categories?post=15357"},{"taxonomy":"post_tag","embeddable":true,"href":"https:\/\/www.anovapeneira.gal\/index.php\/wp-json\/wp\/v2\/tags?post=15357"}],"curies":[{"name":"wp","href":"https:\/\/api.w.org\/{rel}","templated":true}]}}