{"id":15359,"date":"2026-02-19T12:00:34","date_gmt":"2026-02-19T11:00:34","guid":{"rendered":"https:\/\/www.anovapeneira.gal\/?p=15359"},"modified":"2026-02-10T13:34:12","modified_gmt":"2026-02-10T12:34:12","slug":"de-novo-lola-ferreiro-violeta-sempre","status":"publish","type":"post","link":"https:\/\/www.anovapeneira.gal\/index.php\/2026\/02\/19\/de-novo-lola-ferreiro-violeta-sempre\/","title":{"rendered":"De novo lola ferreiro, violeta sempre"},"content":{"rendered":"\n<figure class=\"wp-block-image size-full is-resized\"><img loading=\"lazy\" decoding=\"async\" width=\"190\" height=\"222\" src=\"https:\/\/www.anovapeneira.gal\/wp-content\/uploads\/2019\/07\/Baldomero_Iglesias_Dobarrio_Mero.jpg\" alt=\"Baldomero Iglesias Dobarrio Mero artigos de opini\u00f3n A Nova Peneira\" class=\"wp-image-482\" style=\"width:108px;height:auto\"\/><figcaption class=\"wp-element-caption\">Baldomero Iglesias Dobarrio, Mero<\/figcaption><\/figure>\n\n\n\n<p>D\u00edas atr\u00e1s, despois de dous eternos anos, xuntamos na s\u00faa memoria. En Compostela para falar dela e sentir menos cruel a s\u00faa ausencia, contando pequenas cousas emocionadas, revisando fotos. Quedei de, xa con m\u00e1is sosego, contar algo daquel tempo de loita a\u00ednda en ecos sabendo que xa falara dela, aqu\u00ed nestas mesmas li\u00f1as cando se produciu a s\u00faa despedida.<\/p>\n\n\n\n<p>Un d\u00eda pediume que lle escribise algo, s\u00f3 palabras. A ela, que soubo ser ese ser desatado, tranquila e firme que estaba ben e na certeza de vencer, que mesmo estaba onde ela quer\u00eda, cos seus afectos, as s\u00faas amizades, a s\u00faa familia, as s\u00faas angueiras, o seu traballo, os presos e presas pol\u00edticas, as cousas que lle gustaban, a marxinalidade na que tanto hab\u00eda que facer e na que sempre estaba envolta, tam\u00e9n das intervenci\u00f3ns para p\u00f3r en claro e coutar todo aquilo discriminatorio ela, e con todo fervor, asum\u00eda como compromiso vital naquela loita que a\u00ednda levamos dentro e, moitas veces, non sabemos como enfrontar.<\/p>\n\n\n\n<p>Nestes d\u00edas foi aniversario daquela nova e o enorme baleiro. Un d\u00eda chegou a fatal noticia. Ningu\u00e9n sabe como foi, tristemente foi. Posto a divagar creo que botaba en falta sobre voar as alturas para ver en perspectiva, lonxe da toxicidade de tanta crueldade e mentira, de tanta falsidade e roubo. Si, necesitaba parar, deter o tempo e mirarse na distancia onde -por fin- recrearse na beleza da xustiza, na verdade. Decidiu subir a algures e quedar nese al\u00e9n desco\u00f1ecido para voar na infinita liberdade que tanto aqu\u00ed se nos resiste. Pode que a\u00ednda ande detr\u00e1s dunha nube, atenta a calquera mareira, a calquera tormenta nova. Quizais mire e se sinta avergo\u00f1ada de como van as cousas por aqu\u00ed desde o espect\u00e1culo que temos diante dos ollos. Si, semella lamentable nesta bola azul, desde as alturas. Ver\u00e1, que tam\u00e9n n\u00f3s vemos que est\u00e1 chea de penchas e guerras, de odios e violencias. Moita xente con problemas mentais, derivamos neste urxencia &nbsp;de angustias. Pero tam\u00e9n outra parte de xente, sobre todo aquela que est\u00e1 ben privilexiada pode estar tola de atar e est\u00e1 no poder, de calquera maneira e que quere gobernar o mundo. Diso ela sab\u00eda moito. Si, un mundo que ser resiste a resolver os problemas nosos. A eles ch\u00e9galles con resolver os problemas propios a base de maiores desigualdades, fames, horrores que todos os d\u00edas vemos no \u00e1mbito social, xa consideramos normais dentro dos activos de calquera circunstancia. Normalizamos a morte violenta, todos os d\u00edas, o odio e a ira, a mentira en calquera momento e ocasi\u00f3n.<\/p>\n\n\n\n<p>Era Lola Violeta, Lola Ferreiro, a mi\u00f1a amiga. Amiga na paz e na loita, nesa indagaci\u00f3n que descobre a verdade, ou quere, e de paso descobre a moita farsa que nos envolve. Esa persoa sinxela \u00e1 que boto en falta para falar e para rifar. Vi\u00e1monos con certa frecuencia. Chamab\u00e1monos e liab\u00e1monos nos novos aconteceres, nos nosos asuntos pendentes. Escoitaba a mi\u00f1a m\u00fasica e a do grupo no que milito, A Quenlla. Ti\u00f1a moita ilusi\u00f3n nos nosos proxectos clarificadores. Un d\u00eda pediume que lle escribise algo, para falar dela, que describise a s\u00faa cr\u00f3nica vital e reducilo a palabras. Non era preciso fose moi meditado o texto, catro trazos, quizais un verso solto e libre, sen c\u00f3mputos de ning\u00fan tipo. Sen rimas e sen ritmos. Palabras que desen un perfil axeitado daquel ser que agora boto tanto en falta.<\/p>\n\n\n\n<p>Eu valoraba e estimaba os seus comentarios e confidencias. Tam\u00e9n os seus xu\u00edzos, a\u00ednda contraditorios dos que andaban ao meu redor, nalgunha ocasi\u00f3n tan precisos e necesarios e tan cheos de raz\u00f3n. Por ambas partes faciamos na prensa ou nos libros a nosa expresi\u00f3n a modo de relato. Non deixabamos nada f\u00f3ra. Era a mi\u00f1a c\u00f3mplice e deume moitas claves \u00e1s tantas d\u00fabidas propias da nosa com\u00fan anarqu\u00eda, para facer uso da liberdade ata consecuencias distra\u00eddas.<\/p>\n\n\n\n<p>Sei que non lle gustaban algunhas das mi\u00f1as amizades. Canta raz\u00f3n tivo en tantas ocasi\u00f3ns. E cont\u00e1bame o por que, xa que as s\u00faas consideraci\u00f3ns despois abondar\u00edan en contundente raz\u00f3n.<\/p>\n\n\n\n<p>Sempre disposta a botar unha man a\u00ednda desde o silencio, desde a loita contra os xigantes, non todos po\u00f1\u00edan medo. De s\u00fapeto sucedeu aquilo, que golpe terrible! Quedou nunha n\u00e9boa pousada nun solpor.<\/p>\n\n\n\n<p>E n\u00f3s nesta hecatombe, orfos dela e da raz\u00f3n que se perdeu sen saber onde. Nadaba contra corrente encabezando concentraci\u00f3ns, dando a cara sempre, alzando a voz para manifestar a certeza da paisaxe identitaria. Agora, aparece diante de n\u00f3s un mundo patas arriba -crimes, guerra, parcialidades, a xustiza inxusta, dereitos LXTBI postos en cuesti\u00f3n, demoras, o dereito a protestar vixiado, os dereitos sen acadar pospostos, a esquerda dividida e confrontada, os patriarcados, as masacres, o aborto de novo en cuesti\u00f3n, as corrupci\u00f3ns, o racismo, os presos pol\u00edticos, o comercio de armas, a inacci\u00f3n clim\u00e1tica, &#8230;a indignaci\u00f3n constante. Foi as\u00ed, chegamos a este estado de cousas mirando a esta xente que nos gobernan.<\/p>\n\n\n\n<p>Gardareite, tam\u00e9n no medio deste caos, dentro da mi\u00f1a caixa pequeni\u00f1a e agradecida das memorias, esas que sempre me acompa\u00f1an e non sucumben nin \u00e1s escuridades nin aos esquecementos. Imaxinarei a conversa pousada, arranxaremos o que poidamos, que para m\u00e1is non dan os d\u00edas. C\u00f3mpre gardar na memoria, sobre todo aquilo que m\u00e1is queremos!<\/p>\n","protected":false},"excerpt":{"rendered":"<div class=\"mh-excerpt\"><p>D\u00edas atr\u00e1s, despois de dous eternos anos, xuntamos na s\u00faa memoria. En Compostela para falar dela e sentir menos cruel a s\u00faa ausencia, contando pequenas cousas emocionadas, revisando fotos <a class=\"mh-excerpt-more\" href=\"https:\/\/www.anovapeneira.gal\/index.php\/2026\/02\/19\/de-novo-lola-ferreiro-violeta-sempre\/\" title=\"De novo lola ferreiro, violeta sempre\">[&#8230;]<\/a><\/p>\n<\/div>","protected":false},"author":5,"featured_media":584,"comment_status":"open","ping_status":"open","sticky":false,"template":"","format":"standard","meta":{"_exactmetrics_skip_tracking":false,"_exactmetrics_sitenote_active":false,"_exactmetrics_sitenote_note":"","_exactmetrics_sitenote_category":0,"footnotes":""},"categories":[7],"tags":[],"class_list":{"0":"post-15359","1":"post","2":"type-post","3":"status-publish","4":"format-standard","5":"has-post-thumbnail","7":"category-artigos-de-opinion"},"yoast_head":"<!-- This site is optimized with the Yoast SEO plugin v27.4 - https:\/\/yoast.com\/product\/yoast-seo-wordpress\/ -->\n<title>De novo lola ferreiro, violeta sempre -<\/title>\n<meta name=\"robots\" content=\"index, follow, max-snippet:-1, max-image-preview:large, max-video-preview:-1\" \/>\n<link rel=\"canonical\" href=\"https:\/\/www.anovapeneira.gal\/index.php\/2026\/02\/19\/de-novo-lola-ferreiro-violeta-sempre\/\" \/>\n<meta property=\"og:locale\" content=\"gl_ES\" \/>\n<meta property=\"og:type\" content=\"article\" \/>\n<meta property=\"og:title\" content=\"De novo lola ferreiro, violeta sempre -\" \/>\n<meta property=\"og:description\" content=\"D\u00edas atr\u00e1s, despois de dous eternos anos, xuntamos na s\u00faa memoria. En Compostela para falar dela e sentir menos cruel a s\u00faa ausencia, contando pequenas cousas emocionadas, revisando fotos [...]\" \/>\n<meta property=\"og:url\" content=\"https:\/\/www.anovapeneira.gal\/index.php\/2026\/02\/19\/de-novo-lola-ferreiro-violeta-sempre\/\" \/>\n<meta property=\"article:publisher\" content=\"https:\/\/www.facebook.com\/anovapeneira\" \/>\n<meta property=\"article:published_time\" content=\"2026-02-19T11:00:34+00:00\" \/>\n<meta property=\"og:image\" content=\"https:\/\/www.anovapeneira.gal\/wp-content\/uploads\/2019\/07\/ARTIGO_DE_OPINION_A_NOVA_PENEIRA.jpg\" \/>\n\t<meta property=\"og:image:width\" content=\"720\" \/>\n\t<meta property=\"og:image:height\" content=\"473\" \/>\n\t<meta property=\"og:image:type\" content=\"image\/jpeg\" \/>\n<meta name=\"author\" content=\"Baldomero Iglesias Dobarrio, Mero\" \/>\n<meta name=\"twitter:card\" content=\"summary_large_image\" \/>\n<meta name=\"twitter:creator\" content=\"@APeneira\" \/>\n<meta name=\"twitter:site\" content=\"@APeneira\" \/>\n<meta name=\"twitter:label1\" content=\"Escrito por\" \/>\n\t<meta name=\"twitter:data1\" content=\"Baldomero Iglesias Dobarrio, Mero\" \/>\n\t<meta name=\"twitter:label2\" content=\"Tempo de lectura\" \/>\n\t<meta name=\"twitter:data2\" content=\"6 minutos\" \/>\n<script type=\"application\/ld+json\" class=\"yoast-schema-graph\">{\"@context\":\"https:\\\/\\\/schema.org\",\"@graph\":[{\"@type\":\"Article\",\"@id\":\"https:\\\/\\\/www.anovapeneira.gal\\\/index.php\\\/2026\\\/02\\\/19\\\/de-novo-lola-ferreiro-violeta-sempre\\\/#article\",\"isPartOf\":{\"@id\":\"https:\\\/\\\/www.anovapeneira.gal\\\/index.php\\\/2026\\\/02\\\/19\\\/de-novo-lola-ferreiro-violeta-sempre\\\/\"},\"author\":{\"name\":\"Baldomero Iglesias Dobarrio, Mero\",\"@id\":\"https:\\\/\\\/www.anovapeneira.gal\\\/#\\\/schema\\\/person\\\/b051ed40cfc100e281476674783b32fc\"},\"headline\":\"De novo lola ferreiro, violeta sempre\",\"datePublished\":\"2026-02-19T11:00:34+00:00\",\"mainEntityOfPage\":{\"@id\":\"https:\\\/\\\/www.anovapeneira.gal\\\/index.php\\\/2026\\\/02\\\/19\\\/de-novo-lola-ferreiro-violeta-sempre\\\/\"},\"wordCount\":974,\"commentCount\":0,\"publisher\":{\"@id\":\"https:\\\/\\\/www.anovapeneira.gal\\\/#organization\"},\"image\":{\"@id\":\"https:\\\/\\\/www.anovapeneira.gal\\\/index.php\\\/2026\\\/02\\\/19\\\/de-novo-lola-ferreiro-violeta-sempre\\\/#primaryimage\"},\"thumbnailUrl\":\"https:\\\/\\\/www.anovapeneira.gal\\\/wp-content\\\/uploads\\\/2019\\\/07\\\/ARTIGO_DE_OPINION_A_NOVA_PENEIRA.jpg\",\"articleSection\":[\"Artigos de opini\u00f3n\"],\"inLanguage\":\"gl-ES\",\"potentialAction\":[{\"@type\":\"CommentAction\",\"name\":\"Comment\",\"target\":[\"https:\\\/\\\/www.anovapeneira.gal\\\/index.php\\\/2026\\\/02\\\/19\\\/de-novo-lola-ferreiro-violeta-sempre\\\/#respond\"]}]},{\"@type\":\"WebPage\",\"@id\":\"https:\\\/\\\/www.anovapeneira.gal\\\/index.php\\\/2026\\\/02\\\/19\\\/de-novo-lola-ferreiro-violeta-sempre\\\/\",\"url\":\"https:\\\/\\\/www.anovapeneira.gal\\\/index.php\\\/2026\\\/02\\\/19\\\/de-novo-lola-ferreiro-violeta-sempre\\\/\",\"name\":\"De novo lola ferreiro, violeta sempre -\",\"isPartOf\":{\"@id\":\"https:\\\/\\\/www.anovapeneira.gal\\\/#website\"},\"primaryImageOfPage\":{\"@id\":\"https:\\\/\\\/www.anovapeneira.gal\\\/index.php\\\/2026\\\/02\\\/19\\\/de-novo-lola-ferreiro-violeta-sempre\\\/#primaryimage\"},\"image\":{\"@id\":\"https:\\\/\\\/www.anovapeneira.gal\\\/index.php\\\/2026\\\/02\\\/19\\\/de-novo-lola-ferreiro-violeta-sempre\\\/#primaryimage\"},\"thumbnailUrl\":\"https:\\\/\\\/www.anovapeneira.gal\\\/wp-content\\\/uploads\\\/2019\\\/07\\\/ARTIGO_DE_OPINION_A_NOVA_PENEIRA.jpg\",\"datePublished\":\"2026-02-19T11:00:34+00:00\",\"breadcrumb\":{\"@id\":\"https:\\\/\\\/www.anovapeneira.gal\\\/index.php\\\/2026\\\/02\\\/19\\\/de-novo-lola-ferreiro-violeta-sempre\\\/#breadcrumb\"},\"inLanguage\":\"gl-ES\",\"potentialAction\":[{\"@type\":\"ReadAction\",\"target\":[\"https:\\\/\\\/www.anovapeneira.gal\\\/index.php\\\/2026\\\/02\\\/19\\\/de-novo-lola-ferreiro-violeta-sempre\\\/\"]}]},{\"@type\":\"ImageObject\",\"inLanguage\":\"gl-ES\",\"@id\":\"https:\\\/\\\/www.anovapeneira.gal\\\/index.php\\\/2026\\\/02\\\/19\\\/de-novo-lola-ferreiro-violeta-sempre\\\/#primaryimage\",\"url\":\"https:\\\/\\\/www.anovapeneira.gal\\\/wp-content\\\/uploads\\\/2019\\\/07\\\/ARTIGO_DE_OPINION_A_NOVA_PENEIRA.jpg\",\"contentUrl\":\"https:\\\/\\\/www.anovapeneira.gal\\\/wp-content\\\/uploads\\\/2019\\\/07\\\/ARTIGO_DE_OPINION_A_NOVA_PENEIRA.jpg\",\"width\":720,\"height\":473,\"caption\":\"Artigo de opini\u00f3n A Nova Peneira\"},{\"@type\":\"BreadcrumbList\",\"@id\":\"https:\\\/\\\/www.anovapeneira.gal\\\/index.php\\\/2026\\\/02\\\/19\\\/de-novo-lola-ferreiro-violeta-sempre\\\/#breadcrumb\",\"itemListElement\":[{\"@type\":\"ListItem\",\"position\":1,\"name\":\"Portada\",\"item\":\"https:\\\/\\\/www.anovapeneira.gal\\\/\"},{\"@type\":\"ListItem\",\"position\":2,\"name\":\"De novo lola ferreiro, violeta sempre\"}]},{\"@type\":\"WebSite\",\"@id\":\"https:\\\/\\\/www.anovapeneira.gal\\\/#website\",\"url\":\"https:\\\/\\\/www.anovapeneira.gal\\\/\",\"name\":\"\",\"description\":\"Xornal galego de informaci\u00f3n xeral Publicaci\u00f3n mensual de novas de Galicia e en especial dos Concellos da sur da provincia de Pontevedra.\",\"publisher\":{\"@id\":\"https:\\\/\\\/www.anovapeneira.gal\\\/#organization\"},\"potentialAction\":[{\"@type\":\"SearchAction\",\"target\":{\"@type\":\"EntryPoint\",\"urlTemplate\":\"https:\\\/\\\/www.anovapeneira.gal\\\/?s={search_term_string}\"},\"query-input\":{\"@type\":\"PropertyValueSpecification\",\"valueRequired\":true,\"valueName\":\"search_term_string\"}}],\"inLanguage\":\"gl-ES\"},{\"@type\":\"Organization\",\"@id\":\"https:\\\/\\\/www.anovapeneira.gal\\\/#organization\",\"name\":\"A Nova Peneira\",\"url\":\"https:\\\/\\\/www.anovapeneira.gal\\\/\",\"logo\":{\"@type\":\"ImageObject\",\"inLanguage\":\"gl-ES\",\"@id\":\"https:\\\/\\\/www.anovapeneira.gal\\\/#\\\/schema\\\/logo\\\/image\\\/\",\"url\":\"http:\\\/\\\/www.anovapeneira.gal\\\/wp-content\\\/uploads\\\/2019\\\/06\\\/logo_a_nova_peneira_portal_web.png\",\"contentUrl\":\"http:\\\/\\\/www.anovapeneira.gal\\\/wp-content\\\/uploads\\\/2019\\\/06\\\/logo_a_nova_peneira_portal_web.png\",\"width\":300,\"height\":100,\"caption\":\"A Nova Peneira\"},\"image\":{\"@id\":\"https:\\\/\\\/www.anovapeneira.gal\\\/#\\\/schema\\\/logo\\\/image\\\/\"},\"sameAs\":[\"https:\\\/\\\/www.facebook.com\\\/anovapeneira\",\"https:\\\/\\\/x.com\\\/APeneira\"]},{\"@type\":\"Person\",\"@id\":\"https:\\\/\\\/www.anovapeneira.gal\\\/#\\\/schema\\\/person\\\/b051ed40cfc100e281476674783b32fc\",\"name\":\"Baldomero Iglesias Dobarrio, Mero\",\"image\":{\"@type\":\"ImageObject\",\"inLanguage\":\"gl-ES\",\"@id\":\"https:\\\/\\\/secure.gravatar.com\\\/avatar\\\/ca78fc089f8cf28197f88de2c9ac213e2f7d2097d8e359d9359b8778b539c59d?s=96&d=mm&r=g\",\"url\":\"https:\\\/\\\/secure.gravatar.com\\\/avatar\\\/ca78fc089f8cf28197f88de2c9ac213e2f7d2097d8e359d9359b8778b539c59d?s=96&d=mm&r=g\",\"contentUrl\":\"https:\\\/\\\/secure.gravatar.com\\\/avatar\\\/ca78fc089f8cf28197f88de2c9ac213e2f7d2097d8e359d9359b8778b539c59d?s=96&d=mm&r=g\",\"caption\":\"Baldomero Iglesias Dobarrio, Mero\"},\"sameAs\":[\"http:\\\/\\\/anovapeneira.gal\"],\"url\":\"https:\\\/\\\/www.anovapeneira.gal\\\/index.php\\\/author\\\/opinionmero\\\/\"}]}<\/script>\n<!-- \/ Yoast SEO plugin. -->","yoast_head_json":{"title":"De novo lola ferreiro, violeta sempre -","robots":{"index":"index","follow":"follow","max-snippet":"max-snippet:-1","max-image-preview":"max-image-preview:large","max-video-preview":"max-video-preview:-1"},"canonical":"https:\/\/www.anovapeneira.gal\/index.php\/2026\/02\/19\/de-novo-lola-ferreiro-violeta-sempre\/","og_locale":"gl_ES","og_type":"article","og_title":"De novo lola ferreiro, violeta sempre -","og_description":"D\u00edas atr\u00e1s, despois de dous eternos anos, xuntamos na s\u00faa memoria. En Compostela para falar dela e sentir menos cruel a s\u00faa ausencia, contando pequenas cousas emocionadas, revisando fotos [...]","og_url":"https:\/\/www.anovapeneira.gal\/index.php\/2026\/02\/19\/de-novo-lola-ferreiro-violeta-sempre\/","article_publisher":"https:\/\/www.facebook.com\/anovapeneira","article_published_time":"2026-02-19T11:00:34+00:00","og_image":[{"width":720,"height":473,"url":"https:\/\/www.anovapeneira.gal\/wp-content\/uploads\/2019\/07\/ARTIGO_DE_OPINION_A_NOVA_PENEIRA.jpg","type":"image\/jpeg"}],"author":"Baldomero Iglesias Dobarrio, Mero","twitter_card":"summary_large_image","twitter_creator":"@APeneira","twitter_site":"@APeneira","twitter_misc":{"Escrito por":"Baldomero Iglesias Dobarrio, Mero","Tempo de lectura":"6 minutos"},"schema":{"@context":"https:\/\/schema.org","@graph":[{"@type":"Article","@id":"https:\/\/www.anovapeneira.gal\/index.php\/2026\/02\/19\/de-novo-lola-ferreiro-violeta-sempre\/#article","isPartOf":{"@id":"https:\/\/www.anovapeneira.gal\/index.php\/2026\/02\/19\/de-novo-lola-ferreiro-violeta-sempre\/"},"author":{"name":"Baldomero Iglesias Dobarrio, Mero","@id":"https:\/\/www.anovapeneira.gal\/#\/schema\/person\/b051ed40cfc100e281476674783b32fc"},"headline":"De novo lola ferreiro, violeta sempre","datePublished":"2026-02-19T11:00:34+00:00","mainEntityOfPage":{"@id":"https:\/\/www.anovapeneira.gal\/index.php\/2026\/02\/19\/de-novo-lola-ferreiro-violeta-sempre\/"},"wordCount":974,"commentCount":0,"publisher":{"@id":"https:\/\/www.anovapeneira.gal\/#organization"},"image":{"@id":"https:\/\/www.anovapeneira.gal\/index.php\/2026\/02\/19\/de-novo-lola-ferreiro-violeta-sempre\/#primaryimage"},"thumbnailUrl":"https:\/\/www.anovapeneira.gal\/wp-content\/uploads\/2019\/07\/ARTIGO_DE_OPINION_A_NOVA_PENEIRA.jpg","articleSection":["Artigos de opini\u00f3n"],"inLanguage":"gl-ES","potentialAction":[{"@type":"CommentAction","name":"Comment","target":["https:\/\/www.anovapeneira.gal\/index.php\/2026\/02\/19\/de-novo-lola-ferreiro-violeta-sempre\/#respond"]}]},{"@type":"WebPage","@id":"https:\/\/www.anovapeneira.gal\/index.php\/2026\/02\/19\/de-novo-lola-ferreiro-violeta-sempre\/","url":"https:\/\/www.anovapeneira.gal\/index.php\/2026\/02\/19\/de-novo-lola-ferreiro-violeta-sempre\/","name":"De novo lola ferreiro, violeta sempre -","isPartOf":{"@id":"https:\/\/www.anovapeneira.gal\/#website"},"primaryImageOfPage":{"@id":"https:\/\/www.anovapeneira.gal\/index.php\/2026\/02\/19\/de-novo-lola-ferreiro-violeta-sempre\/#primaryimage"},"image":{"@id":"https:\/\/www.anovapeneira.gal\/index.php\/2026\/02\/19\/de-novo-lola-ferreiro-violeta-sempre\/#primaryimage"},"thumbnailUrl":"https:\/\/www.anovapeneira.gal\/wp-content\/uploads\/2019\/07\/ARTIGO_DE_OPINION_A_NOVA_PENEIRA.jpg","datePublished":"2026-02-19T11:00:34+00:00","breadcrumb":{"@id":"https:\/\/www.anovapeneira.gal\/index.php\/2026\/02\/19\/de-novo-lola-ferreiro-violeta-sempre\/#breadcrumb"},"inLanguage":"gl-ES","potentialAction":[{"@type":"ReadAction","target":["https:\/\/www.anovapeneira.gal\/index.php\/2026\/02\/19\/de-novo-lola-ferreiro-violeta-sempre\/"]}]},{"@type":"ImageObject","inLanguage":"gl-ES","@id":"https:\/\/www.anovapeneira.gal\/index.php\/2026\/02\/19\/de-novo-lola-ferreiro-violeta-sempre\/#primaryimage","url":"https:\/\/www.anovapeneira.gal\/wp-content\/uploads\/2019\/07\/ARTIGO_DE_OPINION_A_NOVA_PENEIRA.jpg","contentUrl":"https:\/\/www.anovapeneira.gal\/wp-content\/uploads\/2019\/07\/ARTIGO_DE_OPINION_A_NOVA_PENEIRA.jpg","width":720,"height":473,"caption":"Artigo de opini\u00f3n A Nova Peneira"},{"@type":"BreadcrumbList","@id":"https:\/\/www.anovapeneira.gal\/index.php\/2026\/02\/19\/de-novo-lola-ferreiro-violeta-sempre\/#breadcrumb","itemListElement":[{"@type":"ListItem","position":1,"name":"Portada","item":"https:\/\/www.anovapeneira.gal\/"},{"@type":"ListItem","position":2,"name":"De novo lola ferreiro, violeta sempre"}]},{"@type":"WebSite","@id":"https:\/\/www.anovapeneira.gal\/#website","url":"https:\/\/www.anovapeneira.gal\/","name":"","description":"Xornal galego de informaci\u00f3n xeral Publicaci\u00f3n mensual de novas de Galicia e en especial dos Concellos da sur da provincia de Pontevedra.","publisher":{"@id":"https:\/\/www.anovapeneira.gal\/#organization"},"potentialAction":[{"@type":"SearchAction","target":{"@type":"EntryPoint","urlTemplate":"https:\/\/www.anovapeneira.gal\/?s={search_term_string}"},"query-input":{"@type":"PropertyValueSpecification","valueRequired":true,"valueName":"search_term_string"}}],"inLanguage":"gl-ES"},{"@type":"Organization","@id":"https:\/\/www.anovapeneira.gal\/#organization","name":"A Nova Peneira","url":"https:\/\/www.anovapeneira.gal\/","logo":{"@type":"ImageObject","inLanguage":"gl-ES","@id":"https:\/\/www.anovapeneira.gal\/#\/schema\/logo\/image\/","url":"http:\/\/www.anovapeneira.gal\/wp-content\/uploads\/2019\/06\/logo_a_nova_peneira_portal_web.png","contentUrl":"http:\/\/www.anovapeneira.gal\/wp-content\/uploads\/2019\/06\/logo_a_nova_peneira_portal_web.png","width":300,"height":100,"caption":"A Nova Peneira"},"image":{"@id":"https:\/\/www.anovapeneira.gal\/#\/schema\/logo\/image\/"},"sameAs":["https:\/\/www.facebook.com\/anovapeneira","https:\/\/x.com\/APeneira"]},{"@type":"Person","@id":"https:\/\/www.anovapeneira.gal\/#\/schema\/person\/b051ed40cfc100e281476674783b32fc","name":"Baldomero Iglesias Dobarrio, Mero","image":{"@type":"ImageObject","inLanguage":"gl-ES","@id":"https:\/\/secure.gravatar.com\/avatar\/ca78fc089f8cf28197f88de2c9ac213e2f7d2097d8e359d9359b8778b539c59d?s=96&d=mm&r=g","url":"https:\/\/secure.gravatar.com\/avatar\/ca78fc089f8cf28197f88de2c9ac213e2f7d2097d8e359d9359b8778b539c59d?s=96&d=mm&r=g","contentUrl":"https:\/\/secure.gravatar.com\/avatar\/ca78fc089f8cf28197f88de2c9ac213e2f7d2097d8e359d9359b8778b539c59d?s=96&d=mm&r=g","caption":"Baldomero Iglesias Dobarrio, Mero"},"sameAs":["http:\/\/anovapeneira.gal"],"url":"https:\/\/www.anovapeneira.gal\/index.php\/author\/opinionmero\/"}]}},"jetpack_featured_media_url":"https:\/\/www.anovapeneira.gal\/wp-content\/uploads\/2019\/07\/ARTIGO_DE_OPINION_A_NOVA_PENEIRA.jpg","_links":{"self":[{"href":"https:\/\/www.anovapeneira.gal\/index.php\/wp-json\/wp\/v2\/posts\/15359","targetHints":{"allow":["GET"]}}],"collection":[{"href":"https:\/\/www.anovapeneira.gal\/index.php\/wp-json\/wp\/v2\/posts"}],"about":[{"href":"https:\/\/www.anovapeneira.gal\/index.php\/wp-json\/wp\/v2\/types\/post"}],"author":[{"embeddable":true,"href":"https:\/\/www.anovapeneira.gal\/index.php\/wp-json\/wp\/v2\/users\/5"}],"replies":[{"embeddable":true,"href":"https:\/\/www.anovapeneira.gal\/index.php\/wp-json\/wp\/v2\/comments?post=15359"}],"version-history":[{"count":1,"href":"https:\/\/www.anovapeneira.gal\/index.php\/wp-json\/wp\/v2\/posts\/15359\/revisions"}],"predecessor-version":[{"id":15360,"href":"https:\/\/www.anovapeneira.gal\/index.php\/wp-json\/wp\/v2\/posts\/15359\/revisions\/15360"}],"wp:featuredmedia":[{"embeddable":true,"href":"https:\/\/www.anovapeneira.gal\/index.php\/wp-json\/wp\/v2\/media\/584"}],"wp:attachment":[{"href":"https:\/\/www.anovapeneira.gal\/index.php\/wp-json\/wp\/v2\/media?parent=15359"}],"wp:term":[{"taxonomy":"category","embeddable":true,"href":"https:\/\/www.anovapeneira.gal\/index.php\/wp-json\/wp\/v2\/categories?post=15359"},{"taxonomy":"post_tag","embeddable":true,"href":"https:\/\/www.anovapeneira.gal\/index.php\/wp-json\/wp\/v2\/tags?post=15359"}],"curies":[{"name":"wp","href":"https:\/\/api.w.org\/{rel}","templated":true}]}}