{"id":15365,"date":"2026-02-20T10:00:33","date_gmt":"2026-02-20T09:00:33","guid":{"rendered":"https:\/\/www.anovapeneira.gal\/?p=15365"},"modified":"2026-02-16T17:42:22","modified_gmt":"2026-02-16T16:42:22","slug":"saf-a-maltratada-columna-vertebral-dos-coidados","status":"publish","type":"post","link":"https:\/\/www.anovapeneira.gal\/index.php\/2026\/02\/20\/saf-a-maltratada-columna-vertebral-dos-coidados\/","title":{"rendered":"SAF, a maltratada columna vertebral dos coidados"},"content":{"rendered":"\n<pre class=\"wp-block-verse\"><em>Xabier P. Igrexas, portavoz municipal do BNG de Vigo<\/em><\/pre>\n\n\n\n<p>O Servizo de Axuda no Fogar \u00e9 a columna vertebral do hoxe incompleto, precario e insuficiente sistema de coidados. O SAF constit\u00fae para moitos millares de galegas e de galegos o \u00fanico recurso asistencial e de apoio para atender persoas maiores, dependentes ou con discapacidade. Tr\u00e1tase dun recurso fundamental, que se desenvolve no propio domicilio das persoas beneficiarias, e que presta unha axuda imprescind\u00edbel para o desenvolvemento da vida coti\u00e1, o acompa\u00f1amento e socializaci\u00f3n e tam\u00e9n a atenci\u00f3n integral das s\u00faas persoas usuarias. Pero \u00e9 tam\u00e9n un soporte, mesmamente vital, para as familias (nos casos nas que as houber), que ven como atender a familiares dependentes se torna na pr\u00e1ctica unha tarefa heroica, por non dicir esgotadora, moi dificilmente concili\u00e1bel con cargas laborais e profesionais ou outras atenci\u00f3ns familiares.<\/p>\n\n\n\n<p>Nun contexto marcado pola estrutural e grave insuficiencia de prazas de residencias p\u00fablicas, de centros de d\u00eda, e de recursos intermedios como as vivendas asistidas, o SAF acaba por absorber con moitos menos medios e capacidades das debidas unha inxente carga asistencial, padecendo tam\u00e9n importantes listas de agarda. E faino ademais con car\u00e1cter limitado, tanto nas horas de prestaci\u00f3n de servizo como tam\u00e9n na s\u00faa carteira funcional. E todo, a pivotar na evidente explotaci\u00f3n laboral das traballadoras do SAF, que padecen condici\u00f3ns ultraprecarias, salarios de miseria, xornadas e ritmos de traballo extenuantes e unha clara desprotecci\u00f3n tanto dos seus dereitos como da s\u00faa sa\u00fade laboral e mesmo integridade f\u00edsica. O asasinato de Teresa de Jes\u00fas S\u00e1nchez, traballadora do SAF do Porri\u00f1o, en xullo do pasado ano foi o tr\u00e1xico v\u00e9rtice que puxo o foco nunha realidade soterrada e invisibilizada.<\/p>\n\n\n\n<p>O SAF \u00e9 un servizo de titularidade p\u00fablica pero na s\u00faa inmensa maior\u00eda desenvolvese cunha xesti\u00f3n privatizada a mans de empresas contratadas polos concellos que operan procurando e priorizando o seu rendemento econ\u00f3mico. Esa privatizaci\u00f3n acaba por se tornar, na pr\u00e1ctica, un agravante e acelerante da precarizaci\u00f3n das condici\u00f3ns nas que opera un servizo social de car\u00e1cter esencial.<\/p>\n\n\n\n<p>Xunta e Estado te\u00f1en a obriga de soster, cunha participaci\u00f3n do 50% respectivamente, os custes do SAF. No entanto, na realidade son os concellos quen asumen a meirande parte da factura, a pesar de non contaren na meirande parte dos casos con suficiente capacidade econ\u00f3mica. Os datos son incontest\u00e1beis: o custe por hora medio da prestaci\u00f3n do SAF \u00e9 de 24 euros horas, por\u00e9n at\u00e9 agora a Xunta financiaba apenas a metade, 12 euros.<\/p>\n\n\n\n<p>Unha realidade que se manter\u00e1 nos vindeiros anos, a pesar do vergo\u00f1ento acordo atinxido pola FEGAMP e o Goberno galego, no que o \u00fanico avance \u00e9 que este 2026 a achega da Xunta elevarase at\u00e9 os 16 euros, no vindeiro ano ser\u00e1 de 17 e en 2028 de 18 euros. Conclu\u00eddo ese prazo, dentro de dous anos, o certo \u00e9 que os concellos galegos ter\u00e1n que seguir asumindo do seu peto como pouco o 25% dos custes. Como m\u00ednimo tendo en conta que nesa altura o prezo real do custo por hora do SAF ter\u00e1 superado, con toda certeza, os 24 euros. Estamos, pois, ante un falso avance, avalado polo PSOE, que ademais se desprega polo PP en forma de indisimulada chantaxe aos concellos: ou aceptas estas migallas ou quedas como estas.<\/p>\n\n\n\n<p>Fronte a ese acordo-trampa que consolida un modelo de infrafinanciamento que traslada aos concellos unha responsabilidade econ\u00f3mica que non lles corresponde e pon en risco a calidade do servizo, os dereitos das persoas usuarias e as condici\u00f3ns laborais das traballadoras, o BNG reclamou, en troca, un compromiso real da Xunta para asumir o financiamento suficiente do SAF e cumprir coas obrigas que establece a Lei de Dependencia, para garantir que en 2027 asuma (coas achegas do Estado) o cento por cento do seu custe.<\/p>\n\n\n\n<p>Por\u00e9n, non falamos apenas de n\u00fameros en xen\u00e9rico. Falamos de coidados. De dereitos e de dignidade. De a\u00ed que para al\u00e9n de resolver o inmediato, que \u00e9 garantir os recursos necesarios e as condici\u00f3ns axeitadas para a prestaci\u00f3n do SAF, temos que avanzar tam\u00e9n para facer realidade que este instrumento de benestar social sexa parte dun verdadeiro sistema p\u00fablico de coidados no noso Pa\u00eds, un \u201cSergas\u201d dos servizos sociais que debe ser xestionado e financiado pola Xunta de Galiza. Pero dotado tam\u00e9n cos recursos que por Lei debe transferir o Estado, que xa acumula co noso Pa\u00eds unha d\u00e9beda de m\u00e1is de 2500 mill\u00f3ns de euros en materia de Dependencia.<\/p>\n","protected":false},"excerpt":{"rendered":"<div class=\"mh-excerpt\"><p>O Servizo de Axuda no Fogar \u00e9 a columna vertebral do hoxe incompleto, precario e insuficiente sistema de coidados. O SAF constit\u00fae para moitos millares de galegas e de galegos o \u00fanico recurso asistencial e de apoio para atender persoas maiores, dependentes ou con discapacidade <a class=\"mh-excerpt-more\" href=\"https:\/\/www.anovapeneira.gal\/index.php\/2026\/02\/20\/saf-a-maltratada-columna-vertebral-dos-coidados\/\" title=\"SAF, a maltratada columna vertebral dos coidados\">[&#8230;]<\/a><\/p>\n<\/div>","protected":false},"author":19,"featured_media":14417,"comment_status":"open","ping_status":"open","sticky":false,"template":"","format":"standard","meta":{"_exactmetrics_skip_tracking":false,"_exactmetrics_sitenote_active":false,"_exactmetrics_sitenote_note":"","_exactmetrics_sitenote_category":0,"footnotes":""},"categories":[7],"tags":[],"class_list":{"0":"post-15365","1":"post","2":"type-post","3":"status-publish","4":"format-standard","5":"has-post-thumbnail","7":"category-artigos-de-opinion"},"yoast_head":"<!-- This site is optimized with the Yoast SEO plugin v27.4 - https:\/\/yoast.com\/product\/yoast-seo-wordpress\/ -->\n<title>SAF, a maltratada columna vertebral dos coidados -<\/title>\n<meta name=\"robots\" content=\"index, follow, max-snippet:-1, max-image-preview:large, max-video-preview:-1\" \/>\n<link rel=\"canonical\" href=\"https:\/\/www.anovapeneira.gal\/index.php\/2026\/02\/20\/saf-a-maltratada-columna-vertebral-dos-coidados\/\" \/>\n<meta property=\"og:locale\" content=\"gl_ES\" \/>\n<meta property=\"og:type\" content=\"article\" \/>\n<meta property=\"og:title\" content=\"SAF, a maltratada columna vertebral dos coidados -\" \/>\n<meta property=\"og:description\" content=\"O Servizo de Axuda no Fogar \u00e9 a columna vertebral do hoxe incompleto, precario e insuficiente sistema de coidados. O SAF constit\u00fae para moitos millares de galegas e de galegos o \u00fanico recurso asistencial e de apoio para atender persoas maiores, dependentes ou con discapacidade [...]\" \/>\n<meta property=\"og:url\" content=\"https:\/\/www.anovapeneira.gal\/index.php\/2026\/02\/20\/saf-a-maltratada-columna-vertebral-dos-coidados\/\" \/>\n<meta property=\"article:publisher\" content=\"https:\/\/www.facebook.com\/anovapeneira\" \/>\n<meta property=\"article:published_time\" content=\"2026-02-20T09:00:33+00:00\" \/>\n<meta property=\"og:image\" content=\"https:\/\/www.anovapeneira.gal\/wp-content\/uploads\/2025\/08\/Xabier-P-Igrexas.jpg\" \/>\n\t<meta property=\"og:image:width\" content=\"720\" \/>\n\t<meta property=\"og:image:height\" content=\"432\" \/>\n\t<meta property=\"og:image:type\" content=\"image\/jpeg\" \/>\n<meta name=\"author\" content=\"Xabier P. Igrexas\" \/>\n<meta name=\"twitter:card\" content=\"summary_large_image\" \/>\n<meta name=\"twitter:creator\" content=\"@APeneira\" \/>\n<meta name=\"twitter:site\" content=\"@APeneira\" \/>\n<meta name=\"twitter:label1\" content=\"Escrito por\" \/>\n\t<meta name=\"twitter:data1\" content=\"Xabier P. Igrexas\" \/>\n\t<meta name=\"twitter:label2\" content=\"Tempo de lectura\" \/>\n\t<meta name=\"twitter:data2\" content=\"5 minutos\" \/>\n<script type=\"application\/ld+json\" class=\"yoast-schema-graph\">{\"@context\":\"https:\\\/\\\/schema.org\",\"@graph\":[{\"@type\":\"Article\",\"@id\":\"https:\\\/\\\/www.anovapeneira.gal\\\/index.php\\\/2026\\\/02\\\/20\\\/saf-a-maltratada-columna-vertebral-dos-coidados\\\/#article\",\"isPartOf\":{\"@id\":\"https:\\\/\\\/www.anovapeneira.gal\\\/index.php\\\/2026\\\/02\\\/20\\\/saf-a-maltratada-columna-vertebral-dos-coidados\\\/\"},\"author\":{\"name\":\"Xabier P. Igrexas\",\"@id\":\"https:\\\/\\\/www.anovapeneira.gal\\\/#\\\/schema\\\/person\\\/b315a9629cd031f734260aaed292fc7b\"},\"headline\":\"SAF, a maltratada columna vertebral dos coidados\",\"datePublished\":\"2026-02-20T09:00:33+00:00\",\"mainEntityOfPage\":{\"@id\":\"https:\\\/\\\/www.anovapeneira.gal\\\/index.php\\\/2026\\\/02\\\/20\\\/saf-a-maltratada-columna-vertebral-dos-coidados\\\/\"},\"wordCount\":780,\"commentCount\":0,\"publisher\":{\"@id\":\"https:\\\/\\\/www.anovapeneira.gal\\\/#organization\"},\"image\":{\"@id\":\"https:\\\/\\\/www.anovapeneira.gal\\\/index.php\\\/2026\\\/02\\\/20\\\/saf-a-maltratada-columna-vertebral-dos-coidados\\\/#primaryimage\"},\"thumbnailUrl\":\"https:\\\/\\\/www.anovapeneira.gal\\\/wp-content\\\/uploads\\\/2025\\\/08\\\/Xabier-P-Igrexas.jpg\",\"articleSection\":[\"Artigos de opini\u00f3n\"],\"inLanguage\":\"gl-ES\",\"potentialAction\":[{\"@type\":\"CommentAction\",\"name\":\"Comment\",\"target\":[\"https:\\\/\\\/www.anovapeneira.gal\\\/index.php\\\/2026\\\/02\\\/20\\\/saf-a-maltratada-columna-vertebral-dos-coidados\\\/#respond\"]}]},{\"@type\":\"WebPage\",\"@id\":\"https:\\\/\\\/www.anovapeneira.gal\\\/index.php\\\/2026\\\/02\\\/20\\\/saf-a-maltratada-columna-vertebral-dos-coidados\\\/\",\"url\":\"https:\\\/\\\/www.anovapeneira.gal\\\/index.php\\\/2026\\\/02\\\/20\\\/saf-a-maltratada-columna-vertebral-dos-coidados\\\/\",\"name\":\"SAF, a maltratada columna vertebral dos coidados -\",\"isPartOf\":{\"@id\":\"https:\\\/\\\/www.anovapeneira.gal\\\/#website\"},\"primaryImageOfPage\":{\"@id\":\"https:\\\/\\\/www.anovapeneira.gal\\\/index.php\\\/2026\\\/02\\\/20\\\/saf-a-maltratada-columna-vertebral-dos-coidados\\\/#primaryimage\"},\"image\":{\"@id\":\"https:\\\/\\\/www.anovapeneira.gal\\\/index.php\\\/2026\\\/02\\\/20\\\/saf-a-maltratada-columna-vertebral-dos-coidados\\\/#primaryimage\"},\"thumbnailUrl\":\"https:\\\/\\\/www.anovapeneira.gal\\\/wp-content\\\/uploads\\\/2025\\\/08\\\/Xabier-P-Igrexas.jpg\",\"datePublished\":\"2026-02-20T09:00:33+00:00\",\"breadcrumb\":{\"@id\":\"https:\\\/\\\/www.anovapeneira.gal\\\/index.php\\\/2026\\\/02\\\/20\\\/saf-a-maltratada-columna-vertebral-dos-coidados\\\/#breadcrumb\"},\"inLanguage\":\"gl-ES\",\"potentialAction\":[{\"@type\":\"ReadAction\",\"target\":[\"https:\\\/\\\/www.anovapeneira.gal\\\/index.php\\\/2026\\\/02\\\/20\\\/saf-a-maltratada-columna-vertebral-dos-coidados\\\/\"]}]},{\"@type\":\"ImageObject\",\"inLanguage\":\"gl-ES\",\"@id\":\"https:\\\/\\\/www.anovapeneira.gal\\\/index.php\\\/2026\\\/02\\\/20\\\/saf-a-maltratada-columna-vertebral-dos-coidados\\\/#primaryimage\",\"url\":\"https:\\\/\\\/www.anovapeneira.gal\\\/wp-content\\\/uploads\\\/2025\\\/08\\\/Xabier-P-Igrexas.jpg\",\"contentUrl\":\"https:\\\/\\\/www.anovapeneira.gal\\\/wp-content\\\/uploads\\\/2025\\\/08\\\/Xabier-P-Igrexas.jpg\",\"width\":720,\"height\":432},{\"@type\":\"BreadcrumbList\",\"@id\":\"https:\\\/\\\/www.anovapeneira.gal\\\/index.php\\\/2026\\\/02\\\/20\\\/saf-a-maltratada-columna-vertebral-dos-coidados\\\/#breadcrumb\",\"itemListElement\":[{\"@type\":\"ListItem\",\"position\":1,\"name\":\"Portada\",\"item\":\"https:\\\/\\\/www.anovapeneira.gal\\\/\"},{\"@type\":\"ListItem\",\"position\":2,\"name\":\"SAF, a maltratada columna vertebral dos coidados\"}]},{\"@type\":\"WebSite\",\"@id\":\"https:\\\/\\\/www.anovapeneira.gal\\\/#website\",\"url\":\"https:\\\/\\\/www.anovapeneira.gal\\\/\",\"name\":\"\",\"description\":\"Xornal galego de informaci\u00f3n xeral Publicaci\u00f3n mensual de novas de Galicia e en especial dos Concellos da sur da provincia de Pontevedra.\",\"publisher\":{\"@id\":\"https:\\\/\\\/www.anovapeneira.gal\\\/#organization\"},\"potentialAction\":[{\"@type\":\"SearchAction\",\"target\":{\"@type\":\"EntryPoint\",\"urlTemplate\":\"https:\\\/\\\/www.anovapeneira.gal\\\/?s={search_term_string}\"},\"query-input\":{\"@type\":\"PropertyValueSpecification\",\"valueRequired\":true,\"valueName\":\"search_term_string\"}}],\"inLanguage\":\"gl-ES\"},{\"@type\":\"Organization\",\"@id\":\"https:\\\/\\\/www.anovapeneira.gal\\\/#organization\",\"name\":\"A Nova Peneira\",\"url\":\"https:\\\/\\\/www.anovapeneira.gal\\\/\",\"logo\":{\"@type\":\"ImageObject\",\"inLanguage\":\"gl-ES\",\"@id\":\"https:\\\/\\\/www.anovapeneira.gal\\\/#\\\/schema\\\/logo\\\/image\\\/\",\"url\":\"http:\\\/\\\/www.anovapeneira.gal\\\/wp-content\\\/uploads\\\/2019\\\/06\\\/logo_a_nova_peneira_portal_web.png\",\"contentUrl\":\"http:\\\/\\\/www.anovapeneira.gal\\\/wp-content\\\/uploads\\\/2019\\\/06\\\/logo_a_nova_peneira_portal_web.png\",\"width\":300,\"height\":100,\"caption\":\"A Nova Peneira\"},\"image\":{\"@id\":\"https:\\\/\\\/www.anovapeneira.gal\\\/#\\\/schema\\\/logo\\\/image\\\/\"},\"sameAs\":[\"https:\\\/\\\/www.facebook.com\\\/anovapeneira\",\"https:\\\/\\\/x.com\\\/APeneira\"]},{\"@type\":\"Person\",\"@id\":\"https:\\\/\\\/www.anovapeneira.gal\\\/#\\\/schema\\\/person\\\/b315a9629cd031f734260aaed292fc7b\",\"name\":\"Xabier P. Igrexas\",\"image\":{\"@type\":\"ImageObject\",\"inLanguage\":\"gl-ES\",\"@id\":\"https:\\\/\\\/secure.gravatar.com\\\/avatar\\\/515b373a53f49f0acb6e8c9b324ca59bebc1b082fa690fc83028098b4d3bc8cd?s=96&d=mm&r=g\",\"url\":\"https:\\\/\\\/secure.gravatar.com\\\/avatar\\\/515b373a53f49f0acb6e8c9b324ca59bebc1b082fa690fc83028098b4d3bc8cd?s=96&d=mm&r=g\",\"contentUrl\":\"https:\\\/\\\/secure.gravatar.com\\\/avatar\\\/515b373a53f49f0acb6e8c9b324ca59bebc1b082fa690fc83028098b4d3bc8cd?s=96&d=mm&r=g\",\"caption\":\"Xabier P. Igrexas\"},\"sameAs\":[\"http:\\\/\\\/www.anovapeneira.gal\"],\"url\":\"https:\\\/\\\/www.anovapeneira.gal\\\/index.php\\\/author\\\/xabier-p-igrexas\\\/\"}]}<\/script>\n<!-- \/ Yoast SEO plugin. -->","yoast_head_json":{"title":"SAF, a maltratada columna vertebral dos coidados -","robots":{"index":"index","follow":"follow","max-snippet":"max-snippet:-1","max-image-preview":"max-image-preview:large","max-video-preview":"max-video-preview:-1"},"canonical":"https:\/\/www.anovapeneira.gal\/index.php\/2026\/02\/20\/saf-a-maltratada-columna-vertebral-dos-coidados\/","og_locale":"gl_ES","og_type":"article","og_title":"SAF, a maltratada columna vertebral dos coidados -","og_description":"O Servizo de Axuda no Fogar \u00e9 a columna vertebral do hoxe incompleto, precario e insuficiente sistema de coidados. O SAF constit\u00fae para moitos millares de galegas e de galegos o \u00fanico recurso asistencial e de apoio para atender persoas maiores, dependentes ou con discapacidade [...]","og_url":"https:\/\/www.anovapeneira.gal\/index.php\/2026\/02\/20\/saf-a-maltratada-columna-vertebral-dos-coidados\/","article_publisher":"https:\/\/www.facebook.com\/anovapeneira","article_published_time":"2026-02-20T09:00:33+00:00","og_image":[{"width":720,"height":432,"url":"https:\/\/www.anovapeneira.gal\/wp-content\/uploads\/2025\/08\/Xabier-P-Igrexas.jpg","type":"image\/jpeg"}],"author":"Xabier P. Igrexas","twitter_card":"summary_large_image","twitter_creator":"@APeneira","twitter_site":"@APeneira","twitter_misc":{"Escrito por":"Xabier P. Igrexas","Tempo de lectura":"5 minutos"},"schema":{"@context":"https:\/\/schema.org","@graph":[{"@type":"Article","@id":"https:\/\/www.anovapeneira.gal\/index.php\/2026\/02\/20\/saf-a-maltratada-columna-vertebral-dos-coidados\/#article","isPartOf":{"@id":"https:\/\/www.anovapeneira.gal\/index.php\/2026\/02\/20\/saf-a-maltratada-columna-vertebral-dos-coidados\/"},"author":{"name":"Xabier P. Igrexas","@id":"https:\/\/www.anovapeneira.gal\/#\/schema\/person\/b315a9629cd031f734260aaed292fc7b"},"headline":"SAF, a maltratada columna vertebral dos coidados","datePublished":"2026-02-20T09:00:33+00:00","mainEntityOfPage":{"@id":"https:\/\/www.anovapeneira.gal\/index.php\/2026\/02\/20\/saf-a-maltratada-columna-vertebral-dos-coidados\/"},"wordCount":780,"commentCount":0,"publisher":{"@id":"https:\/\/www.anovapeneira.gal\/#organization"},"image":{"@id":"https:\/\/www.anovapeneira.gal\/index.php\/2026\/02\/20\/saf-a-maltratada-columna-vertebral-dos-coidados\/#primaryimage"},"thumbnailUrl":"https:\/\/www.anovapeneira.gal\/wp-content\/uploads\/2025\/08\/Xabier-P-Igrexas.jpg","articleSection":["Artigos de opini\u00f3n"],"inLanguage":"gl-ES","potentialAction":[{"@type":"CommentAction","name":"Comment","target":["https:\/\/www.anovapeneira.gal\/index.php\/2026\/02\/20\/saf-a-maltratada-columna-vertebral-dos-coidados\/#respond"]}]},{"@type":"WebPage","@id":"https:\/\/www.anovapeneira.gal\/index.php\/2026\/02\/20\/saf-a-maltratada-columna-vertebral-dos-coidados\/","url":"https:\/\/www.anovapeneira.gal\/index.php\/2026\/02\/20\/saf-a-maltratada-columna-vertebral-dos-coidados\/","name":"SAF, a maltratada columna vertebral dos coidados -","isPartOf":{"@id":"https:\/\/www.anovapeneira.gal\/#website"},"primaryImageOfPage":{"@id":"https:\/\/www.anovapeneira.gal\/index.php\/2026\/02\/20\/saf-a-maltratada-columna-vertebral-dos-coidados\/#primaryimage"},"image":{"@id":"https:\/\/www.anovapeneira.gal\/index.php\/2026\/02\/20\/saf-a-maltratada-columna-vertebral-dos-coidados\/#primaryimage"},"thumbnailUrl":"https:\/\/www.anovapeneira.gal\/wp-content\/uploads\/2025\/08\/Xabier-P-Igrexas.jpg","datePublished":"2026-02-20T09:00:33+00:00","breadcrumb":{"@id":"https:\/\/www.anovapeneira.gal\/index.php\/2026\/02\/20\/saf-a-maltratada-columna-vertebral-dos-coidados\/#breadcrumb"},"inLanguage":"gl-ES","potentialAction":[{"@type":"ReadAction","target":["https:\/\/www.anovapeneira.gal\/index.php\/2026\/02\/20\/saf-a-maltratada-columna-vertebral-dos-coidados\/"]}]},{"@type":"ImageObject","inLanguage":"gl-ES","@id":"https:\/\/www.anovapeneira.gal\/index.php\/2026\/02\/20\/saf-a-maltratada-columna-vertebral-dos-coidados\/#primaryimage","url":"https:\/\/www.anovapeneira.gal\/wp-content\/uploads\/2025\/08\/Xabier-P-Igrexas.jpg","contentUrl":"https:\/\/www.anovapeneira.gal\/wp-content\/uploads\/2025\/08\/Xabier-P-Igrexas.jpg","width":720,"height":432},{"@type":"BreadcrumbList","@id":"https:\/\/www.anovapeneira.gal\/index.php\/2026\/02\/20\/saf-a-maltratada-columna-vertebral-dos-coidados\/#breadcrumb","itemListElement":[{"@type":"ListItem","position":1,"name":"Portada","item":"https:\/\/www.anovapeneira.gal\/"},{"@type":"ListItem","position":2,"name":"SAF, a maltratada columna vertebral dos coidados"}]},{"@type":"WebSite","@id":"https:\/\/www.anovapeneira.gal\/#website","url":"https:\/\/www.anovapeneira.gal\/","name":"","description":"Xornal galego de informaci\u00f3n xeral Publicaci\u00f3n mensual de novas de Galicia e en especial dos Concellos da sur da provincia de Pontevedra.","publisher":{"@id":"https:\/\/www.anovapeneira.gal\/#organization"},"potentialAction":[{"@type":"SearchAction","target":{"@type":"EntryPoint","urlTemplate":"https:\/\/www.anovapeneira.gal\/?s={search_term_string}"},"query-input":{"@type":"PropertyValueSpecification","valueRequired":true,"valueName":"search_term_string"}}],"inLanguage":"gl-ES"},{"@type":"Organization","@id":"https:\/\/www.anovapeneira.gal\/#organization","name":"A Nova Peneira","url":"https:\/\/www.anovapeneira.gal\/","logo":{"@type":"ImageObject","inLanguage":"gl-ES","@id":"https:\/\/www.anovapeneira.gal\/#\/schema\/logo\/image\/","url":"http:\/\/www.anovapeneira.gal\/wp-content\/uploads\/2019\/06\/logo_a_nova_peneira_portal_web.png","contentUrl":"http:\/\/www.anovapeneira.gal\/wp-content\/uploads\/2019\/06\/logo_a_nova_peneira_portal_web.png","width":300,"height":100,"caption":"A Nova Peneira"},"image":{"@id":"https:\/\/www.anovapeneira.gal\/#\/schema\/logo\/image\/"},"sameAs":["https:\/\/www.facebook.com\/anovapeneira","https:\/\/x.com\/APeneira"]},{"@type":"Person","@id":"https:\/\/www.anovapeneira.gal\/#\/schema\/person\/b315a9629cd031f734260aaed292fc7b","name":"Xabier P. Igrexas","image":{"@type":"ImageObject","inLanguage":"gl-ES","@id":"https:\/\/secure.gravatar.com\/avatar\/515b373a53f49f0acb6e8c9b324ca59bebc1b082fa690fc83028098b4d3bc8cd?s=96&d=mm&r=g","url":"https:\/\/secure.gravatar.com\/avatar\/515b373a53f49f0acb6e8c9b324ca59bebc1b082fa690fc83028098b4d3bc8cd?s=96&d=mm&r=g","contentUrl":"https:\/\/secure.gravatar.com\/avatar\/515b373a53f49f0acb6e8c9b324ca59bebc1b082fa690fc83028098b4d3bc8cd?s=96&d=mm&r=g","caption":"Xabier P. Igrexas"},"sameAs":["http:\/\/www.anovapeneira.gal"],"url":"https:\/\/www.anovapeneira.gal\/index.php\/author\/xabier-p-igrexas\/"}]}},"jetpack_featured_media_url":"https:\/\/www.anovapeneira.gal\/wp-content\/uploads\/2025\/08\/Xabier-P-Igrexas.jpg","_links":{"self":[{"href":"https:\/\/www.anovapeneira.gal\/index.php\/wp-json\/wp\/v2\/posts\/15365","targetHints":{"allow":["GET"]}}],"collection":[{"href":"https:\/\/www.anovapeneira.gal\/index.php\/wp-json\/wp\/v2\/posts"}],"about":[{"href":"https:\/\/www.anovapeneira.gal\/index.php\/wp-json\/wp\/v2\/types\/post"}],"author":[{"embeddable":true,"href":"https:\/\/www.anovapeneira.gal\/index.php\/wp-json\/wp\/v2\/users\/19"}],"replies":[{"embeddable":true,"href":"https:\/\/www.anovapeneira.gal\/index.php\/wp-json\/wp\/v2\/comments?post=15365"}],"version-history":[{"count":2,"href":"https:\/\/www.anovapeneira.gal\/index.php\/wp-json\/wp\/v2\/posts\/15365\/revisions"}],"predecessor-version":[{"id":15367,"href":"https:\/\/www.anovapeneira.gal\/index.php\/wp-json\/wp\/v2\/posts\/15365\/revisions\/15367"}],"wp:featuredmedia":[{"embeddable":true,"href":"https:\/\/www.anovapeneira.gal\/index.php\/wp-json\/wp\/v2\/media\/14417"}],"wp:attachment":[{"href":"https:\/\/www.anovapeneira.gal\/index.php\/wp-json\/wp\/v2\/media?parent=15365"}],"wp:term":[{"taxonomy":"category","embeddable":true,"href":"https:\/\/www.anovapeneira.gal\/index.php\/wp-json\/wp\/v2\/categories?post=15365"},{"taxonomy":"post_tag","embeddable":true,"href":"https:\/\/www.anovapeneira.gal\/index.php\/wp-json\/wp\/v2\/tags?post=15365"}],"curies":[{"name":"wp","href":"https:\/\/api.w.org\/{rel}","templated":true}]}}