{"id":15368,"date":"2026-02-20T12:00:48","date_gmt":"2026-02-20T11:00:48","guid":{"rendered":"https:\/\/www.anovapeneira.gal\/?p=15368"},"modified":"2026-02-16T17:50:30","modified_gmt":"2026-02-16T16:50:30","slug":"o-pp-de-redondela-denuncia-o-mal-estado-do-conservatorio-de-musica-con-pingueiras-afundimentos-humidades-e-falta-de-sistemas-de-prevencion-actualizados","status":"publish","type":"post","link":"https:\/\/www.anovapeneira.gal\/index.php\/2026\/02\/20\/o-pp-de-redondela-denuncia-o-mal-estado-do-conservatorio-de-musica-con-pingueiras-afundimentos-humidades-e-falta-de-sistemas-de-prevencion-actualizados\/","title":{"rendered":"O PP de Redondela denuncia o mal estado do conservatorio de m\u00fasica con pingueiras, afundimentos, humidades e falta de sistemas de prevenci\u00f3n actualizados"},"content":{"rendered":"\n<p>Os populares esixen un mantemento en condici\u00f3ns deste centro musical, primeiro de titularidade p\u00fablica reco\u00f1ecido pola Unesco nunha xesti\u00f3n realizada por Javier Bas como alcalde, ata que se proceda \u00e1 s\u00faa substituci\u00f3n por un novo edificio dada a antig\u00fcidade do actual.<\/p>\n\n\n\n<p>A formaci\u00f3n liderada por Javier Bas lamentou que Redondela padeza outra xornada de colapso xa que, aos problemas no conservatorio, engad\u00edronse atascos e retenci\u00f3ns de alomenos vinte minutos nas primeiras horas da ma\u00f1\u00e1.<\/p>\n\n\n\n<p>Redondela, 10 de febreiro de 2026<\/p>\n\n\n\n<p>O grupo municipal do PP de Redondela v\u00e9n de denunciar o mal estado no que se atopa o conservatorio de m\u00fasica, que sufre numerosas pingueiras, filtraci\u00f3ns e entrada de importantes cantidades de auga nestas xornadas de choiva polo mal estado da cuberta e cuxa situaci\u00f3n vese<\/p>\n\n\n\n<p>agravada por outros problemas, como afundimentos, humidades ou falta de sistemas de prevenci\u00f3n actualizados.<\/p>\n\n\n\n<p>O conservatorio de m\u00fasica \u2013primeiro de titularidade p\u00fablica reco\u00f1ecido pola Unesco nunha xesti\u00f3n realizada co anterior goberno do PP\u2013 ten que tratar de conter a entrada de auga destes d\u00edas con de cubos e outros recipientes espalladas por distintas \u00e1reas e aulas, dificultando o desenvolvemento da tarefa formativa.<\/p>\n\n\n\n<p>Ademais, este edificio, moi antigo e que precisa da s\u00faa substituci\u00f3n por un novo, tam\u00e9n presenta un importante afundimento na sala de audici\u00f3n, que ademais est\u00e1 acordoado de xeito irregular por unhas cadeiras; humidades no teito; o sistema antilumes sen revisar desde o ano 2022; e incluso o oco dun enchufe que ardeu a principios de ano e que est\u00e1 simplemente protexido por unha rexi\u00f1a, o que pode ser un risco ante a entrada de auga que padece o edificio.<\/p>\n\n\n\n<p>Est\u00e1 claro que en Redondela est\u00e1 chovendo moito, pero menos que noutros concellos da nosa provincia e en ning\u00fan se sofren diariamente as consecuencias do tempo, que desta volta chegaron ao noso emblem\u00e1tico conservatorio, porque o executivo municipal at\u00f3pase completamente desbordado e superado e non \u00e9 quen de planificar alternativas para diminu\u00edr os prexu\u00edzos que diariamente est\u00e1n<\/p>\n\n\n\n<p>a padecer os redondel\u00e1ns no seu d\u00eda a d\u00eda tanto nas infraestruturas como nos edificios e os servizos p\u00fablicos\u201d, lamentou o voceiro municipal, Javier Bas.<\/p>\n\n\n\n<p><strong>Outro d\u00eda con graves problemas de tr\u00e1fico<\/strong><\/p>\n\n\n\n<p>Neste senso, os populares tam\u00e9n denunciaron que os problemas na plataforma dunha r\u00faa volveron a ocasionar \u201c unha nova xornada de caos na entrada\u201d da localidade, con moitas dificultades para circular tanto para autobuses como para turismos nas primeiras horas da ma\u00f1\u00e1, a\u00ednda que estes problemas se est\u00e1n reproducir en calquera momento do d\u00eda, e con longos atascos.<\/p>\n\n\n\n<p>O tema do tr\u00e1fico est\u00e1 a ser un problema grave e recorrente sen que haxa alternativas malia que son co\u00f1ecedores das previsi\u00f3ns meterol\u00f3xicas e de que lle estamos advertindo da necesidade de actuar, os edificios p\u00fablicos, nesta ocasi\u00f3n o conservatorio, sofren problemas un detr\u00e1s doutro e non sabemos o que poder\u00e1 pasar ma\u00f1\u00e1 ante un goberno paralizado, que non se anticipa e que non ofrece soluci\u00f3ns\u201d, conclu\u00edu Bas<\/p>\n","protected":false},"excerpt":{"rendered":"<div class=\"mh-excerpt\"><p>Os populares esixen un mantemento en condici\u00f3ns deste centro musical, primeiro de titularidade p\u00fablica reco\u00f1ecido pola Unesco nunha xesti\u00f3n realizada por Javier Bas como alcalde, ata que se proceda \u00e1 s\u00faa substituci\u00f3n por un novo edificio dada a antig\u00fcidade do actual <a class=\"mh-excerpt-more\" href=\"https:\/\/www.anovapeneira.gal\/index.php\/2026\/02\/20\/o-pp-de-redondela-denuncia-o-mal-estado-do-conservatorio-de-musica-con-pingueiras-afundimentos-humidades-e-falta-de-sistemas-de-prevencion-actualizados\/\" title=\"O PP de Redondela denuncia o mal estado do conservatorio de m\u00fasica con pingueiras, afundimentos, humidades e falta de sistemas de prevenci\u00f3n actualizados\">[&#8230;]<\/a><\/p>\n<\/div>","protected":false},"author":3,"featured_media":15369,"comment_status":"open","ping_status":"open","sticky":false,"template":"","format":"standard","meta":{"_exactmetrics_skip_tracking":false,"_exactmetrics_sitenote_active":false,"_exactmetrics_sitenote_note":"","_exactmetrics_sitenote_category":0,"footnotes":""},"categories":[24],"tags":[],"class_list":{"0":"post-15368","1":"post","2":"type-post","3":"status-publish","4":"format-standard","5":"has-post-thumbnail","7":"category-redondela"},"yoast_head":"<!-- This site is optimized with the Yoast SEO plugin v27.4 - https:\/\/yoast.com\/product\/yoast-seo-wordpress\/ -->\n<title>O PP de Redondela denuncia o mal estado do conservatorio de m\u00fasica con pingueiras, afundimentos, humidades e falta de sistemas de prevenci\u00f3n actualizados -<\/title>\n<meta name=\"robots\" content=\"index, follow, max-snippet:-1, max-image-preview:large, max-video-preview:-1\" \/>\n<link rel=\"canonical\" href=\"https:\/\/www.anovapeneira.gal\/index.php\/2026\/02\/20\/o-pp-de-redondela-denuncia-o-mal-estado-do-conservatorio-de-musica-con-pingueiras-afundimentos-humidades-e-falta-de-sistemas-de-prevencion-actualizados\/\" \/>\n<meta property=\"og:locale\" content=\"gl_ES\" \/>\n<meta property=\"og:type\" content=\"article\" \/>\n<meta property=\"og:title\" content=\"O PP de Redondela denuncia o mal estado do conservatorio de m\u00fasica con pingueiras, afundimentos, humidades e falta de sistemas de prevenci\u00f3n actualizados -\" \/>\n<meta property=\"og:description\" content=\"Os populares esixen un mantemento en condici\u00f3ns deste centro musical, primeiro de titularidade p\u00fablica reco\u00f1ecido pola Unesco nunha xesti\u00f3n realizada por Javier Bas como alcalde, ata que se proceda \u00e1 s\u00faa substituci\u00f3n por un novo edificio dada a antig\u00fcidade do actual [...]\" \/>\n<meta property=\"og:url\" content=\"https:\/\/www.anovapeneira.gal\/index.php\/2026\/02\/20\/o-pp-de-redondela-denuncia-o-mal-estado-do-conservatorio-de-musica-con-pingueiras-afundimentos-humidades-e-falta-de-sistemas-de-prevencion-actualizados\/\" \/>\n<meta property=\"article:publisher\" content=\"https:\/\/www.facebook.com\/anovapeneira\" \/>\n<meta property=\"article:published_time\" content=\"2026-02-20T11:00:48+00:00\" \/>\n<meta property=\"og:image\" content=\"https:\/\/www.anovapeneira.gal\/wp-content\/uploads\/2026\/02\/conservatorio.jpg\" \/>\n\t<meta property=\"og:image:width\" content=\"1530\" \/>\n\t<meta property=\"og:image:height\" content=\"918\" \/>\n\t<meta property=\"og:image:type\" content=\"image\/jpeg\" \/>\n<meta name=\"author\" content=\"Redacci\u00f3n A Nova Peneira\" \/>\n<meta name=\"twitter:card\" content=\"summary_large_image\" \/>\n<meta name=\"twitter:creator\" content=\"@APeneira\" \/>\n<meta name=\"twitter:site\" content=\"@APeneira\" \/>\n<meta name=\"twitter:label1\" content=\"Escrito por\" \/>\n\t<meta name=\"twitter:data1\" content=\"Redacci\u00f3n A Nova Peneira\" \/>\n\t<meta name=\"twitter:label2\" content=\"Tempo de lectura\" \/>\n\t<meta name=\"twitter:data2\" content=\"3 minutos\" \/>\n<script type=\"application\/ld+json\" class=\"yoast-schema-graph\">{\"@context\":\"https:\\\/\\\/schema.org\",\"@graph\":[{\"@type\":\"Article\",\"@id\":\"https:\\\/\\\/www.anovapeneira.gal\\\/index.php\\\/2026\\\/02\\\/20\\\/o-pp-de-redondela-denuncia-o-mal-estado-do-conservatorio-de-musica-con-pingueiras-afundimentos-humidades-e-falta-de-sistemas-de-prevencion-actualizados\\\/#article\",\"isPartOf\":{\"@id\":\"https:\\\/\\\/www.anovapeneira.gal\\\/index.php\\\/2026\\\/02\\\/20\\\/o-pp-de-redondela-denuncia-o-mal-estado-do-conservatorio-de-musica-con-pingueiras-afundimentos-humidades-e-falta-de-sistemas-de-prevencion-actualizados\\\/\"},\"author\":{\"name\":\"Redacci\u00f3n A Nova Peneira\",\"@id\":\"https:\\\/\\\/www.anovapeneira.gal\\\/#\\\/schema\\\/person\\\/b93e3f8932e3f8da96334607eb6ac6aa\"},\"headline\":\"O PP de Redondela denuncia o mal estado do conservatorio de m\u00fasica con pingueiras, afundimentos, humidades e falta de sistemas de prevenci\u00f3n actualizados\",\"datePublished\":\"2026-02-20T11:00:48+00:00\",\"mainEntityOfPage\":{\"@id\":\"https:\\\/\\\/www.anovapeneira.gal\\\/index.php\\\/2026\\\/02\\\/20\\\/o-pp-de-redondela-denuncia-o-mal-estado-do-conservatorio-de-musica-con-pingueiras-afundimentos-humidades-e-falta-de-sistemas-de-prevencion-actualizados\\\/\"},\"wordCount\":553,\"commentCount\":0,\"publisher\":{\"@id\":\"https:\\\/\\\/www.anovapeneira.gal\\\/#organization\"},\"image\":{\"@id\":\"https:\\\/\\\/www.anovapeneira.gal\\\/index.php\\\/2026\\\/02\\\/20\\\/o-pp-de-redondela-denuncia-o-mal-estado-do-conservatorio-de-musica-con-pingueiras-afundimentos-humidades-e-falta-de-sistemas-de-prevencion-actualizados\\\/#primaryimage\"},\"thumbnailUrl\":\"https:\\\/\\\/www.anovapeneira.gal\\\/wp-content\\\/uploads\\\/2026\\\/02\\\/conservatorio.jpg\",\"articleSection\":[\"Redondela\"],\"inLanguage\":\"gl-ES\",\"potentialAction\":[{\"@type\":\"CommentAction\",\"name\":\"Comment\",\"target\":[\"https:\\\/\\\/www.anovapeneira.gal\\\/index.php\\\/2026\\\/02\\\/20\\\/o-pp-de-redondela-denuncia-o-mal-estado-do-conservatorio-de-musica-con-pingueiras-afundimentos-humidades-e-falta-de-sistemas-de-prevencion-actualizados\\\/#respond\"]}]},{\"@type\":\"WebPage\",\"@id\":\"https:\\\/\\\/www.anovapeneira.gal\\\/index.php\\\/2026\\\/02\\\/20\\\/o-pp-de-redondela-denuncia-o-mal-estado-do-conservatorio-de-musica-con-pingueiras-afundimentos-humidades-e-falta-de-sistemas-de-prevencion-actualizados\\\/\",\"url\":\"https:\\\/\\\/www.anovapeneira.gal\\\/index.php\\\/2026\\\/02\\\/20\\\/o-pp-de-redondela-denuncia-o-mal-estado-do-conservatorio-de-musica-con-pingueiras-afundimentos-humidades-e-falta-de-sistemas-de-prevencion-actualizados\\\/\",\"name\":\"O PP de Redondela denuncia o mal estado do conservatorio de m\u00fasica con pingueiras, afundimentos, humidades e falta de sistemas de prevenci\u00f3n actualizados -\",\"isPartOf\":{\"@id\":\"https:\\\/\\\/www.anovapeneira.gal\\\/#website\"},\"primaryImageOfPage\":{\"@id\":\"https:\\\/\\\/www.anovapeneira.gal\\\/index.php\\\/2026\\\/02\\\/20\\\/o-pp-de-redondela-denuncia-o-mal-estado-do-conservatorio-de-musica-con-pingueiras-afundimentos-humidades-e-falta-de-sistemas-de-prevencion-actualizados\\\/#primaryimage\"},\"image\":{\"@id\":\"https:\\\/\\\/www.anovapeneira.gal\\\/index.php\\\/2026\\\/02\\\/20\\\/o-pp-de-redondela-denuncia-o-mal-estado-do-conservatorio-de-musica-con-pingueiras-afundimentos-humidades-e-falta-de-sistemas-de-prevencion-actualizados\\\/#primaryimage\"},\"thumbnailUrl\":\"https:\\\/\\\/www.anovapeneira.gal\\\/wp-content\\\/uploads\\\/2026\\\/02\\\/conservatorio.jpg\",\"datePublished\":\"2026-02-20T11:00:48+00:00\",\"breadcrumb\":{\"@id\":\"https:\\\/\\\/www.anovapeneira.gal\\\/index.php\\\/2026\\\/02\\\/20\\\/o-pp-de-redondela-denuncia-o-mal-estado-do-conservatorio-de-musica-con-pingueiras-afundimentos-humidades-e-falta-de-sistemas-de-prevencion-actualizados\\\/#breadcrumb\"},\"inLanguage\":\"gl-ES\",\"potentialAction\":[{\"@type\":\"ReadAction\",\"target\":[\"https:\\\/\\\/www.anovapeneira.gal\\\/index.php\\\/2026\\\/02\\\/20\\\/o-pp-de-redondela-denuncia-o-mal-estado-do-conservatorio-de-musica-con-pingueiras-afundimentos-humidades-e-falta-de-sistemas-de-prevencion-actualizados\\\/\"]}]},{\"@type\":\"ImageObject\",\"inLanguage\":\"gl-ES\",\"@id\":\"https:\\\/\\\/www.anovapeneira.gal\\\/index.php\\\/2026\\\/02\\\/20\\\/o-pp-de-redondela-denuncia-o-mal-estado-do-conservatorio-de-musica-con-pingueiras-afundimentos-humidades-e-falta-de-sistemas-de-prevencion-actualizados\\\/#primaryimage\",\"url\":\"https:\\\/\\\/www.anovapeneira.gal\\\/wp-content\\\/uploads\\\/2026\\\/02\\\/conservatorio.jpg\",\"contentUrl\":\"https:\\\/\\\/www.anovapeneira.gal\\\/wp-content\\\/uploads\\\/2026\\\/02\\\/conservatorio.jpg\",\"width\":1530,\"height\":918},{\"@type\":\"BreadcrumbList\",\"@id\":\"https:\\\/\\\/www.anovapeneira.gal\\\/index.php\\\/2026\\\/02\\\/20\\\/o-pp-de-redondela-denuncia-o-mal-estado-do-conservatorio-de-musica-con-pingueiras-afundimentos-humidades-e-falta-de-sistemas-de-prevencion-actualizados\\\/#breadcrumb\",\"itemListElement\":[{\"@type\":\"ListItem\",\"position\":1,\"name\":\"Portada\",\"item\":\"https:\\\/\\\/www.anovapeneira.gal\\\/\"},{\"@type\":\"ListItem\",\"position\":2,\"name\":\"O PP de Redondela denuncia o mal estado do conservatorio de m\u00fasica con pingueiras, afundimentos, humidades e falta de sistemas de prevenci\u00f3n actualizados\"}]},{\"@type\":\"WebSite\",\"@id\":\"https:\\\/\\\/www.anovapeneira.gal\\\/#website\",\"url\":\"https:\\\/\\\/www.anovapeneira.gal\\\/\",\"name\":\"\",\"description\":\"Xornal galego de informaci\u00f3n xeral Publicaci\u00f3n mensual de novas de Galicia e en especial dos Concellos da sur da provincia de Pontevedra.\",\"publisher\":{\"@id\":\"https:\\\/\\\/www.anovapeneira.gal\\\/#organization\"},\"potentialAction\":[{\"@type\":\"SearchAction\",\"target\":{\"@type\":\"EntryPoint\",\"urlTemplate\":\"https:\\\/\\\/www.anovapeneira.gal\\\/?s={search_term_string}\"},\"query-input\":{\"@type\":\"PropertyValueSpecification\",\"valueRequired\":true,\"valueName\":\"search_term_string\"}}],\"inLanguage\":\"gl-ES\"},{\"@type\":\"Organization\",\"@id\":\"https:\\\/\\\/www.anovapeneira.gal\\\/#organization\",\"name\":\"A Nova Peneira\",\"url\":\"https:\\\/\\\/www.anovapeneira.gal\\\/\",\"logo\":{\"@type\":\"ImageObject\",\"inLanguage\":\"gl-ES\",\"@id\":\"https:\\\/\\\/www.anovapeneira.gal\\\/#\\\/schema\\\/logo\\\/image\\\/\",\"url\":\"http:\\\/\\\/www.anovapeneira.gal\\\/wp-content\\\/uploads\\\/2019\\\/06\\\/logo_a_nova_peneira_portal_web.png\",\"contentUrl\":\"http:\\\/\\\/www.anovapeneira.gal\\\/wp-content\\\/uploads\\\/2019\\\/06\\\/logo_a_nova_peneira_portal_web.png\",\"width\":300,\"height\":100,\"caption\":\"A Nova Peneira\"},\"image\":{\"@id\":\"https:\\\/\\\/www.anovapeneira.gal\\\/#\\\/schema\\\/logo\\\/image\\\/\"},\"sameAs\":[\"https:\\\/\\\/www.facebook.com\\\/anovapeneira\",\"https:\\\/\\\/x.com\\\/APeneira\"]},{\"@type\":\"Person\",\"@id\":\"https:\\\/\\\/www.anovapeneira.gal\\\/#\\\/schema\\\/person\\\/b93e3f8932e3f8da96334607eb6ac6aa\",\"name\":\"Redacci\u00f3n A Nova Peneira\",\"image\":{\"@type\":\"ImageObject\",\"inLanguage\":\"gl-ES\",\"@id\":\"https:\\\/\\\/secure.gravatar.com\\\/avatar\\\/c052a2551a06e23fac63626232eaa90abd78dbcf1700fc46a2b2c89fd27b735f?s=96&d=mm&r=g\",\"url\":\"https:\\\/\\\/secure.gravatar.com\\\/avatar\\\/c052a2551a06e23fac63626232eaa90abd78dbcf1700fc46a2b2c89fd27b735f?s=96&d=mm&r=g\",\"contentUrl\":\"https:\\\/\\\/secure.gravatar.com\\\/avatar\\\/c052a2551a06e23fac63626232eaa90abd78dbcf1700fc46a2b2c89fd27b735f?s=96&d=mm&r=g\",\"caption\":\"Redacci\u00f3n A Nova Peneira\"},\"sameAs\":[\"http:\\\/\\\/www.anovapeneira.gal\\\/\"],\"url\":\"https:\\\/\\\/www.anovapeneira.gal\\\/index.php\\\/author\\\/redactor\\\/\"}]}<\/script>\n<!-- \/ Yoast SEO plugin. -->","yoast_head_json":{"title":"O PP de Redondela denuncia o mal estado do conservatorio de m\u00fasica con pingueiras, afundimentos, humidades e falta de sistemas de prevenci\u00f3n actualizados -","robots":{"index":"index","follow":"follow","max-snippet":"max-snippet:-1","max-image-preview":"max-image-preview:large","max-video-preview":"max-video-preview:-1"},"canonical":"https:\/\/www.anovapeneira.gal\/index.php\/2026\/02\/20\/o-pp-de-redondela-denuncia-o-mal-estado-do-conservatorio-de-musica-con-pingueiras-afundimentos-humidades-e-falta-de-sistemas-de-prevencion-actualizados\/","og_locale":"gl_ES","og_type":"article","og_title":"O PP de Redondela denuncia o mal estado do conservatorio de m\u00fasica con pingueiras, afundimentos, humidades e falta de sistemas de prevenci\u00f3n actualizados -","og_description":"Os populares esixen un mantemento en condici\u00f3ns deste centro musical, primeiro de titularidade p\u00fablica reco\u00f1ecido pola Unesco nunha xesti\u00f3n realizada por Javier Bas como alcalde, ata que se proceda \u00e1 s\u00faa substituci\u00f3n por un novo edificio dada a antig\u00fcidade do actual [...]","og_url":"https:\/\/www.anovapeneira.gal\/index.php\/2026\/02\/20\/o-pp-de-redondela-denuncia-o-mal-estado-do-conservatorio-de-musica-con-pingueiras-afundimentos-humidades-e-falta-de-sistemas-de-prevencion-actualizados\/","article_publisher":"https:\/\/www.facebook.com\/anovapeneira","article_published_time":"2026-02-20T11:00:48+00:00","og_image":[{"width":1530,"height":918,"url":"https:\/\/www.anovapeneira.gal\/wp-content\/uploads\/2026\/02\/conservatorio.jpg","type":"image\/jpeg"}],"author":"Redacci\u00f3n A Nova Peneira","twitter_card":"summary_large_image","twitter_creator":"@APeneira","twitter_site":"@APeneira","twitter_misc":{"Escrito por":"Redacci\u00f3n A Nova Peneira","Tempo de lectura":"3 minutos"},"schema":{"@context":"https:\/\/schema.org","@graph":[{"@type":"Article","@id":"https:\/\/www.anovapeneira.gal\/index.php\/2026\/02\/20\/o-pp-de-redondela-denuncia-o-mal-estado-do-conservatorio-de-musica-con-pingueiras-afundimentos-humidades-e-falta-de-sistemas-de-prevencion-actualizados\/#article","isPartOf":{"@id":"https:\/\/www.anovapeneira.gal\/index.php\/2026\/02\/20\/o-pp-de-redondela-denuncia-o-mal-estado-do-conservatorio-de-musica-con-pingueiras-afundimentos-humidades-e-falta-de-sistemas-de-prevencion-actualizados\/"},"author":{"name":"Redacci\u00f3n A Nova Peneira","@id":"https:\/\/www.anovapeneira.gal\/#\/schema\/person\/b93e3f8932e3f8da96334607eb6ac6aa"},"headline":"O PP de Redondela denuncia o mal estado do conservatorio de m\u00fasica con pingueiras, afundimentos, humidades e falta de sistemas de prevenci\u00f3n actualizados","datePublished":"2026-02-20T11:00:48+00:00","mainEntityOfPage":{"@id":"https:\/\/www.anovapeneira.gal\/index.php\/2026\/02\/20\/o-pp-de-redondela-denuncia-o-mal-estado-do-conservatorio-de-musica-con-pingueiras-afundimentos-humidades-e-falta-de-sistemas-de-prevencion-actualizados\/"},"wordCount":553,"commentCount":0,"publisher":{"@id":"https:\/\/www.anovapeneira.gal\/#organization"},"image":{"@id":"https:\/\/www.anovapeneira.gal\/index.php\/2026\/02\/20\/o-pp-de-redondela-denuncia-o-mal-estado-do-conservatorio-de-musica-con-pingueiras-afundimentos-humidades-e-falta-de-sistemas-de-prevencion-actualizados\/#primaryimage"},"thumbnailUrl":"https:\/\/www.anovapeneira.gal\/wp-content\/uploads\/2026\/02\/conservatorio.jpg","articleSection":["Redondela"],"inLanguage":"gl-ES","potentialAction":[{"@type":"CommentAction","name":"Comment","target":["https:\/\/www.anovapeneira.gal\/index.php\/2026\/02\/20\/o-pp-de-redondela-denuncia-o-mal-estado-do-conservatorio-de-musica-con-pingueiras-afundimentos-humidades-e-falta-de-sistemas-de-prevencion-actualizados\/#respond"]}]},{"@type":"WebPage","@id":"https:\/\/www.anovapeneira.gal\/index.php\/2026\/02\/20\/o-pp-de-redondela-denuncia-o-mal-estado-do-conservatorio-de-musica-con-pingueiras-afundimentos-humidades-e-falta-de-sistemas-de-prevencion-actualizados\/","url":"https:\/\/www.anovapeneira.gal\/index.php\/2026\/02\/20\/o-pp-de-redondela-denuncia-o-mal-estado-do-conservatorio-de-musica-con-pingueiras-afundimentos-humidades-e-falta-de-sistemas-de-prevencion-actualizados\/","name":"O PP de Redondela denuncia o mal estado do conservatorio de m\u00fasica con pingueiras, afundimentos, humidades e falta de sistemas de prevenci\u00f3n actualizados -","isPartOf":{"@id":"https:\/\/www.anovapeneira.gal\/#website"},"primaryImageOfPage":{"@id":"https:\/\/www.anovapeneira.gal\/index.php\/2026\/02\/20\/o-pp-de-redondela-denuncia-o-mal-estado-do-conservatorio-de-musica-con-pingueiras-afundimentos-humidades-e-falta-de-sistemas-de-prevencion-actualizados\/#primaryimage"},"image":{"@id":"https:\/\/www.anovapeneira.gal\/index.php\/2026\/02\/20\/o-pp-de-redondela-denuncia-o-mal-estado-do-conservatorio-de-musica-con-pingueiras-afundimentos-humidades-e-falta-de-sistemas-de-prevencion-actualizados\/#primaryimage"},"thumbnailUrl":"https:\/\/www.anovapeneira.gal\/wp-content\/uploads\/2026\/02\/conservatorio.jpg","datePublished":"2026-02-20T11:00:48+00:00","breadcrumb":{"@id":"https:\/\/www.anovapeneira.gal\/index.php\/2026\/02\/20\/o-pp-de-redondela-denuncia-o-mal-estado-do-conservatorio-de-musica-con-pingueiras-afundimentos-humidades-e-falta-de-sistemas-de-prevencion-actualizados\/#breadcrumb"},"inLanguage":"gl-ES","potentialAction":[{"@type":"ReadAction","target":["https:\/\/www.anovapeneira.gal\/index.php\/2026\/02\/20\/o-pp-de-redondela-denuncia-o-mal-estado-do-conservatorio-de-musica-con-pingueiras-afundimentos-humidades-e-falta-de-sistemas-de-prevencion-actualizados\/"]}]},{"@type":"ImageObject","inLanguage":"gl-ES","@id":"https:\/\/www.anovapeneira.gal\/index.php\/2026\/02\/20\/o-pp-de-redondela-denuncia-o-mal-estado-do-conservatorio-de-musica-con-pingueiras-afundimentos-humidades-e-falta-de-sistemas-de-prevencion-actualizados\/#primaryimage","url":"https:\/\/www.anovapeneira.gal\/wp-content\/uploads\/2026\/02\/conservatorio.jpg","contentUrl":"https:\/\/www.anovapeneira.gal\/wp-content\/uploads\/2026\/02\/conservatorio.jpg","width":1530,"height":918},{"@type":"BreadcrumbList","@id":"https:\/\/www.anovapeneira.gal\/index.php\/2026\/02\/20\/o-pp-de-redondela-denuncia-o-mal-estado-do-conservatorio-de-musica-con-pingueiras-afundimentos-humidades-e-falta-de-sistemas-de-prevencion-actualizados\/#breadcrumb","itemListElement":[{"@type":"ListItem","position":1,"name":"Portada","item":"https:\/\/www.anovapeneira.gal\/"},{"@type":"ListItem","position":2,"name":"O PP de Redondela denuncia o mal estado do conservatorio de m\u00fasica con pingueiras, afundimentos, humidades e falta de sistemas de prevenci\u00f3n actualizados"}]},{"@type":"WebSite","@id":"https:\/\/www.anovapeneira.gal\/#website","url":"https:\/\/www.anovapeneira.gal\/","name":"","description":"Xornal galego de informaci\u00f3n xeral Publicaci\u00f3n mensual de novas de Galicia e en especial dos Concellos da sur da provincia de Pontevedra.","publisher":{"@id":"https:\/\/www.anovapeneira.gal\/#organization"},"potentialAction":[{"@type":"SearchAction","target":{"@type":"EntryPoint","urlTemplate":"https:\/\/www.anovapeneira.gal\/?s={search_term_string}"},"query-input":{"@type":"PropertyValueSpecification","valueRequired":true,"valueName":"search_term_string"}}],"inLanguage":"gl-ES"},{"@type":"Organization","@id":"https:\/\/www.anovapeneira.gal\/#organization","name":"A Nova Peneira","url":"https:\/\/www.anovapeneira.gal\/","logo":{"@type":"ImageObject","inLanguage":"gl-ES","@id":"https:\/\/www.anovapeneira.gal\/#\/schema\/logo\/image\/","url":"http:\/\/www.anovapeneira.gal\/wp-content\/uploads\/2019\/06\/logo_a_nova_peneira_portal_web.png","contentUrl":"http:\/\/www.anovapeneira.gal\/wp-content\/uploads\/2019\/06\/logo_a_nova_peneira_portal_web.png","width":300,"height":100,"caption":"A Nova Peneira"},"image":{"@id":"https:\/\/www.anovapeneira.gal\/#\/schema\/logo\/image\/"},"sameAs":["https:\/\/www.facebook.com\/anovapeneira","https:\/\/x.com\/APeneira"]},{"@type":"Person","@id":"https:\/\/www.anovapeneira.gal\/#\/schema\/person\/b93e3f8932e3f8da96334607eb6ac6aa","name":"Redacci\u00f3n A Nova Peneira","image":{"@type":"ImageObject","inLanguage":"gl-ES","@id":"https:\/\/secure.gravatar.com\/avatar\/c052a2551a06e23fac63626232eaa90abd78dbcf1700fc46a2b2c89fd27b735f?s=96&d=mm&r=g","url":"https:\/\/secure.gravatar.com\/avatar\/c052a2551a06e23fac63626232eaa90abd78dbcf1700fc46a2b2c89fd27b735f?s=96&d=mm&r=g","contentUrl":"https:\/\/secure.gravatar.com\/avatar\/c052a2551a06e23fac63626232eaa90abd78dbcf1700fc46a2b2c89fd27b735f?s=96&d=mm&r=g","caption":"Redacci\u00f3n A Nova Peneira"},"sameAs":["http:\/\/www.anovapeneira.gal\/"],"url":"https:\/\/www.anovapeneira.gal\/index.php\/author\/redactor\/"}]}},"jetpack_featured_media_url":"https:\/\/www.anovapeneira.gal\/wp-content\/uploads\/2026\/02\/conservatorio.jpg","_links":{"self":[{"href":"https:\/\/www.anovapeneira.gal\/index.php\/wp-json\/wp\/v2\/posts\/15368","targetHints":{"allow":["GET"]}}],"collection":[{"href":"https:\/\/www.anovapeneira.gal\/index.php\/wp-json\/wp\/v2\/posts"}],"about":[{"href":"https:\/\/www.anovapeneira.gal\/index.php\/wp-json\/wp\/v2\/types\/post"}],"author":[{"embeddable":true,"href":"https:\/\/www.anovapeneira.gal\/index.php\/wp-json\/wp\/v2\/users\/3"}],"replies":[{"embeddable":true,"href":"https:\/\/www.anovapeneira.gal\/index.php\/wp-json\/wp\/v2\/comments?post=15368"}],"version-history":[{"count":1,"href":"https:\/\/www.anovapeneira.gal\/index.php\/wp-json\/wp\/v2\/posts\/15368\/revisions"}],"predecessor-version":[{"id":15370,"href":"https:\/\/www.anovapeneira.gal\/index.php\/wp-json\/wp\/v2\/posts\/15368\/revisions\/15370"}],"wp:featuredmedia":[{"embeddable":true,"href":"https:\/\/www.anovapeneira.gal\/index.php\/wp-json\/wp\/v2\/media\/15369"}],"wp:attachment":[{"href":"https:\/\/www.anovapeneira.gal\/index.php\/wp-json\/wp\/v2\/media?parent=15368"}],"wp:term":[{"taxonomy":"category","embeddable":true,"href":"https:\/\/www.anovapeneira.gal\/index.php\/wp-json\/wp\/v2\/categories?post=15368"},{"taxonomy":"post_tag","embeddable":true,"href":"https:\/\/www.anovapeneira.gal\/index.php\/wp-json\/wp\/v2\/tags?post=15368"}],"curies":[{"name":"wp","href":"https:\/\/api.w.org\/{rel}","templated":true}]}}