{"id":15376,"date":"2026-02-23T12:00:24","date_gmt":"2026-02-23T11:00:24","guid":{"rendered":"https:\/\/www.anovapeneira.gal\/?p=15376"},"modified":"2026-02-17T07:43:46","modified_gmt":"2026-02-17T06:43:46","slug":"incendios-forestais-e-bombeiros-forestais-dubidas-e-temores-para-o-2026","status":"publish","type":"post","link":"https:\/\/www.anovapeneira.gal\/index.php\/2026\/02\/23\/incendios-forestais-e-bombeiros-forestais-dubidas-e-temores-para-o-2026\/","title":{"rendered":"Incendios forestais e bombeiros forestais. d\u00fabidas e temores para o 2026"},"content":{"rendered":"\n<pre class=\"wp-block-verse\">Xan Lois Cabreira<\/pre>\n\n\n\n<p>Deixamos atr\u00e1s un ano terrible pola vaga incendiaria sobre o territorio. Miles e miles de hect\u00e1reas arrasadas, espazos naturais completamente perdidos, aldeas queimadas, desaloxos, angustia e ansiedade por perdelo todo, logo cinzas e terra arrastrada pola choiva cunha grave contaminaci\u00f3n ed\u00e1fica (e as augas). E case 70 Bombeiros\/as Forestais feridos de diversa consideraci\u00f3n. Alg\u00fans casos foron terribles. Cunha frecuencia no tempo cada vez m\u00e1is estreita, a cidadan\u00eda galega, \u00e9 testemu\u00f1a directa do mal dos incendios forestais (do territorio) en Galicia.<\/p>\n\n\n\n<p>Pasado este desastre, toca saber onde seguimos e cara onde queremos ir logo do pasado polo cal coma Bombeiros Forestais de Galicia queremos, debemos e temos que facer balance do acontecido e reflexionar dar uns apuntamentos e por en alerta \u00e1 sociedade galega, a nosa xente, e non do que xa pasou nin do que ven sen\u00f3n do que xa chegou sen\u00f3n do que est\u00e1 (polo de agora) para quedar.<\/p>\n\n\n\n<p>Primeiro apuntamento. No debate da mara\u00f1a incendiaria das vagas de incendios forestais e seus responsables, seguemos sabendo o de sempre de quen demos son estes suxeitos\/as os que intereses buscan etc\u00e9tera, mais independente da responsabilidade directa de quen ou como se inicie o lume, non nos queda outra m\u00e1is que aceptar os incendios forestais coma un problema de car\u00e1cter estrutural. E dicir que as causas responden, ao meu ver, a un ordenamento territorial (de pr\u00e1ctica inexistente) e o noso (endeble) modelo produtivo. Porque entendo, que si, son estas causas as que favorecen que os causantes de tal desfeita segan triunfais. Entendo que hai que afrontar o problema a fondo coma unha obvia necesidade urxente, dun xeito integro. Galicia, coa imposta cultura silv\u00edcola, na que se arborou o territorio con especies de madeiras brandas e r\u00e1pido crecemento, pi\u00f1eiro e eucalipto, nun territorio que non era forestal sen\u00f3n gandeiro e agr\u00edcola, e podemos ver que ese modelo forestal a\u00ednda hoxe non se asentou. As pol\u00edticas de forestaci\u00f3n masiva (e s\u00faas nefastas consecuencias) da administraci\u00f3n franquista no seu d\u00eda, chegan ate hoxe.<\/p>\n\n\n\n<p>Nun espazo bioxeogr\u00e1fico atl\u00e1ntico pero ademais, abeirado ao Mediterr\u00e1neo xeran uns resultados fabulosos a curto prazo para a produci\u00f3n madeireira (barata)pero tam\u00e9n vai acompa\u00f1ada dunha biomasa \u201cexcedente\u201d extraordinaria moi dif\u00edcil de xestionar e claro susceptible de poder arder. En consonancia, por riba a fuxida primeiro das xentes no rural e o envellecemento agora dos que quedaron, co abandono das minguadas eiras antes cultivadas, que antes serv\u00edan de efectiva barreira entre ese novo monte arborado e os n\u00facleos poboados (a interface urbanoforestal). E conectados as\u00ed os dous espazos, qu\u00e9dalle unha dura papeleta que lle resta tam\u00e9n por xestionar \u00e1s comunidades veci\u00f1ais de montes de virar ese monte (antes agr\u00edcola e gandeiro) que recibiron cara o que so\u00f1an, no que o econ\u00f3mico, o ambiental e o social (monte multifuncional) se asente. Aviso moi serio: ese \u201ceixo Atl\u00e1ntico\u201d, tan densamente poboado e igualmente desartellado pode este ano, vivir un desastre do 2025 \u201courens\u00e1n\u201d multiplicado exponencialmente, polo densamente poboado e igualmente desartellado territorialmente. Por riba todo enmpiorado, coa enxurrada masiva de veraneantes que todo o enche.<\/p>\n\n\n\n<p>Segundo apuntamento. Resulta ser un paradoxo pero a propia loita contra os incendios como est\u00e1 constitu\u00edda (centrada m\u00e1is na extinci\u00f3n que na prevenci\u00f3n) pode axudar indirectamente a \u201cprovocalos\u201d, si a extinci\u00f3n se converte na columna vertebral desa loita en detrimento dunha actividade preventiva consistente na teor\u00eda, nun coidado de preservaci\u00f3n integral dos nosos montes. Esta \u00e9 unha an\u00e1lise obxectivamente perceptible a ollos da xente: si se inverte m\u00e1is en extinguir o lume, obviamente m\u00e1is intereses de empresas haber\u00e1 en que o lume non se extinga. Helic\u00f3pteros, avionetas, bulldozers, motobombas, EPIs, material etc\u00e9tera. a ollos de calquera alb\u00edscase coma un suculento mercado nas empresas interesadas do sector. Sen disimulado sarcasmo, podemos chegar a conclusi\u00f3n de que se contrib\u00fae as\u00ed lamentablemente a mantelos.<\/p>\n\n\n\n<p>E dicir a extinci\u00f3n convertese en instrumento de cobiza para algu\u00e9n. E niso tam\u00e9n entra ao meu ver a Xunta, involucrada directamente ao converter a extinci\u00f3n na pedra angular da s\u00faa pol\u00edtica contra os incendios. E desa contradici\u00f3n a seguinte reflexi\u00f3n: si se pagara mellor por previr, moi posiblemente o lume non ser\u00eda empregado por case ningu\u00e9n.<\/p>\n\n\n\n<p><a><\/a> En canto a n\u00f3s os Bombeiros\/as Forestais (si con mai\u00fasculas) infrautilizados e o que xa sabemos: traballamos nunhas condici\u00f3ns dur\u00edsimas, moi en precario cando falamos por exemplo dos concellos e mal pagado para o traballo que \u00e9. Pero si, enlazando co exposto anteriormente e \u00e9 outro dato obxectivo, os incendios nos dan traballo e insistir as condici\u00f3ns son dur\u00edsimas. Cando hai un incendio, as brigadas de Bombeiros Forestais, as\/os motobombistas as\/os emisoristas, vixiantes das casetas, damos todo de n\u00f3s. V\u00edmonos arriba enfront\u00e1ndonos no d\u00eda a d\u00eda \u00e1 adversidade. Tam\u00e9n dicir que nin sequera se lle deber\u00eda, nin pasar pola cabeza a ningu\u00e9n, que somos os culpables, de que haxa incendios. Arriscamos nosas vidas na fronte de lapas, tragamos inmensas bocaladas de fume, abr\u00edmonos paso para a extinci\u00f3n a lugares imposibles, fer\u00edmonos, sufrimos golpes de calor, caemos para logo volvernos levantar e continuar, pasamos sede e fame en xornadas extenuantes, esgotadoras para intentar p\u00f3rlle couto a esta epidemia incendiaria, as veces, tomando decisi\u00f3ns arriscadas pero precisas e calculadas en tempo r\u00e9cord. Si a direcci\u00f3n \u00e9 boa e podemos, non erramos. N\u00f3s imos intentar estar sempre a\u00ed ao servizo da nosa xente, da sociedade galega.<\/p>\n","protected":false},"excerpt":{"rendered":"<div class=\"mh-excerpt\"><p>Deixamos atr\u00e1s un ano terrible pola vaga incendiaria sobre o territorio. Miles e miles de hect\u00e1reas arrasadas, espazos naturais completamente perdidos, aldeas queimadas, desaloxos, angustia e ansiedade por perdelo todo, logo cinzas e terra arrastrada pola choiva cunha grave contaminaci\u00f3n ed\u00e1fica (e as augas) <a class=\"mh-excerpt-more\" href=\"https:\/\/www.anovapeneira.gal\/index.php\/2026\/02\/23\/incendios-forestais-e-bombeiros-forestais-dubidas-e-temores-para-o-2026\/\" title=\"Incendios forestais e bombeiros forestais. d\u00fabidas e temores para o 2026\">[&#8230;]<\/a><\/p>\n<\/div>","protected":false},"author":12,"featured_media":15377,"comment_status":"open","ping_status":"open","sticky":false,"template":"","format":"standard","meta":{"_exactmetrics_skip_tracking":false,"_exactmetrics_sitenote_active":false,"_exactmetrics_sitenote_note":"","_exactmetrics_sitenote_category":0,"footnotes":""},"categories":[7],"tags":[],"class_list":{"0":"post-15376","1":"post","2":"type-post","3":"status-publish","4":"format-standard","5":"has-post-thumbnail","7":"category-artigos-de-opinion"},"yoast_head":"<!-- This site is optimized with the Yoast SEO plugin v27.4 - https:\/\/yoast.com\/product\/yoast-seo-wordpress\/ -->\n<title>Incendios forestais e bombeiros forestais. d\u00fabidas e temores para o 2026 -<\/title>\n<meta name=\"robots\" content=\"index, follow, max-snippet:-1, max-image-preview:large, max-video-preview:-1\" \/>\n<link rel=\"canonical\" href=\"https:\/\/www.anovapeneira.gal\/index.php\/2026\/02\/23\/incendios-forestais-e-bombeiros-forestais-dubidas-e-temores-para-o-2026\/\" \/>\n<meta property=\"og:locale\" content=\"gl_ES\" \/>\n<meta property=\"og:type\" content=\"article\" \/>\n<meta property=\"og:title\" content=\"Incendios forestais e bombeiros forestais. d\u00fabidas e temores para o 2026 -\" \/>\n<meta property=\"og:description\" content=\"Deixamos atr\u00e1s un ano terrible pola vaga incendiaria sobre o territorio. Miles e miles de hect\u00e1reas arrasadas, espazos naturais completamente perdidos, aldeas queimadas, desaloxos, angustia e ansiedade por perdelo todo, logo cinzas e terra arrastrada pola choiva cunha grave contaminaci\u00f3n ed\u00e1fica (e as augas) [...]\" \/>\n<meta property=\"og:url\" content=\"https:\/\/www.anovapeneira.gal\/index.php\/2026\/02\/23\/incendios-forestais-e-bombeiros-forestais-dubidas-e-temores-para-o-2026\/\" \/>\n<meta property=\"article:publisher\" content=\"https:\/\/www.facebook.com\/anovapeneira\" \/>\n<meta property=\"article:published_time\" content=\"2026-02-23T11:00:24+00:00\" \/>\n<meta property=\"og:image\" content=\"https:\/\/www.anovapeneira.gal\/wp-content\/uploads\/2026\/02\/incendios_forestais.jpg\" \/>\n\t<meta property=\"og:image:width\" content=\"1200\" \/>\n\t<meta property=\"og:image:height\" content=\"720\" \/>\n\t<meta property=\"og:image:type\" content=\"image\/jpeg\" \/>\n<meta name=\"author\" content=\"Artigos Opini\u00f3n\" \/>\n<meta name=\"twitter:card\" content=\"summary_large_image\" \/>\n<meta name=\"twitter:creator\" content=\"@APeneira\" \/>\n<meta name=\"twitter:site\" content=\"@APeneira\" \/>\n<meta name=\"twitter:label1\" content=\"Escrito por\" \/>\n\t<meta name=\"twitter:data1\" content=\"Artigos Opini\u00f3n\" \/>\n\t<meta name=\"twitter:label2\" content=\"Tempo de lectura\" \/>\n\t<meta name=\"twitter:data2\" content=\"5 minutos\" \/>\n<script type=\"application\/ld+json\" class=\"yoast-schema-graph\">{\"@context\":\"https:\\\/\\\/schema.org\",\"@graph\":[{\"@type\":\"Article\",\"@id\":\"https:\\\/\\\/www.anovapeneira.gal\\\/index.php\\\/2026\\\/02\\\/23\\\/incendios-forestais-e-bombeiros-forestais-dubidas-e-temores-para-o-2026\\\/#article\",\"isPartOf\":{\"@id\":\"https:\\\/\\\/www.anovapeneira.gal\\\/index.php\\\/2026\\\/02\\\/23\\\/incendios-forestais-e-bombeiros-forestais-dubidas-e-temores-para-o-2026\\\/\"},\"author\":{\"name\":\"Artigos Opini\u00f3n\",\"@id\":\"https:\\\/\\\/www.anovapeneira.gal\\\/#\\\/schema\\\/person\\\/f18a4feb302e8f20bcef4490b5b60bb3\"},\"headline\":\"Incendios forestais e bombeiros forestais. d\u00fabidas e temores para o 2026\",\"datePublished\":\"2026-02-23T11:00:24+00:00\",\"mainEntityOfPage\":{\"@id\":\"https:\\\/\\\/www.anovapeneira.gal\\\/index.php\\\/2026\\\/02\\\/23\\\/incendios-forestais-e-bombeiros-forestais-dubidas-e-temores-para-o-2026\\\/\"},\"wordCount\":971,\"commentCount\":0,\"publisher\":{\"@id\":\"https:\\\/\\\/www.anovapeneira.gal\\\/#organization\"},\"image\":{\"@id\":\"https:\\\/\\\/www.anovapeneira.gal\\\/index.php\\\/2026\\\/02\\\/23\\\/incendios-forestais-e-bombeiros-forestais-dubidas-e-temores-para-o-2026\\\/#primaryimage\"},\"thumbnailUrl\":\"https:\\\/\\\/www.anovapeneira.gal\\\/wp-content\\\/uploads\\\/2026\\\/02\\\/incendios_forestais.jpg\",\"articleSection\":[\"Artigos de opini\u00f3n\"],\"inLanguage\":\"gl-ES\",\"potentialAction\":[{\"@type\":\"CommentAction\",\"name\":\"Comment\",\"target\":[\"https:\\\/\\\/www.anovapeneira.gal\\\/index.php\\\/2026\\\/02\\\/23\\\/incendios-forestais-e-bombeiros-forestais-dubidas-e-temores-para-o-2026\\\/#respond\"]}]},{\"@type\":\"WebPage\",\"@id\":\"https:\\\/\\\/www.anovapeneira.gal\\\/index.php\\\/2026\\\/02\\\/23\\\/incendios-forestais-e-bombeiros-forestais-dubidas-e-temores-para-o-2026\\\/\",\"url\":\"https:\\\/\\\/www.anovapeneira.gal\\\/index.php\\\/2026\\\/02\\\/23\\\/incendios-forestais-e-bombeiros-forestais-dubidas-e-temores-para-o-2026\\\/\",\"name\":\"Incendios forestais e bombeiros forestais. d\u00fabidas e temores para o 2026 -\",\"isPartOf\":{\"@id\":\"https:\\\/\\\/www.anovapeneira.gal\\\/#website\"},\"primaryImageOfPage\":{\"@id\":\"https:\\\/\\\/www.anovapeneira.gal\\\/index.php\\\/2026\\\/02\\\/23\\\/incendios-forestais-e-bombeiros-forestais-dubidas-e-temores-para-o-2026\\\/#primaryimage\"},\"image\":{\"@id\":\"https:\\\/\\\/www.anovapeneira.gal\\\/index.php\\\/2026\\\/02\\\/23\\\/incendios-forestais-e-bombeiros-forestais-dubidas-e-temores-para-o-2026\\\/#primaryimage\"},\"thumbnailUrl\":\"https:\\\/\\\/www.anovapeneira.gal\\\/wp-content\\\/uploads\\\/2026\\\/02\\\/incendios_forestais.jpg\",\"datePublished\":\"2026-02-23T11:00:24+00:00\",\"breadcrumb\":{\"@id\":\"https:\\\/\\\/www.anovapeneira.gal\\\/index.php\\\/2026\\\/02\\\/23\\\/incendios-forestais-e-bombeiros-forestais-dubidas-e-temores-para-o-2026\\\/#breadcrumb\"},\"inLanguage\":\"gl-ES\",\"potentialAction\":[{\"@type\":\"ReadAction\",\"target\":[\"https:\\\/\\\/www.anovapeneira.gal\\\/index.php\\\/2026\\\/02\\\/23\\\/incendios-forestais-e-bombeiros-forestais-dubidas-e-temores-para-o-2026\\\/\"]}]},{\"@type\":\"ImageObject\",\"inLanguage\":\"gl-ES\",\"@id\":\"https:\\\/\\\/www.anovapeneira.gal\\\/index.php\\\/2026\\\/02\\\/23\\\/incendios-forestais-e-bombeiros-forestais-dubidas-e-temores-para-o-2026\\\/#primaryimage\",\"url\":\"https:\\\/\\\/www.anovapeneira.gal\\\/wp-content\\\/uploads\\\/2026\\\/02\\\/incendios_forestais.jpg\",\"contentUrl\":\"https:\\\/\\\/www.anovapeneira.gal\\\/wp-content\\\/uploads\\\/2026\\\/02\\\/incendios_forestais.jpg\",\"width\":1200,\"height\":720},{\"@type\":\"BreadcrumbList\",\"@id\":\"https:\\\/\\\/www.anovapeneira.gal\\\/index.php\\\/2026\\\/02\\\/23\\\/incendios-forestais-e-bombeiros-forestais-dubidas-e-temores-para-o-2026\\\/#breadcrumb\",\"itemListElement\":[{\"@type\":\"ListItem\",\"position\":1,\"name\":\"Portada\",\"item\":\"https:\\\/\\\/www.anovapeneira.gal\\\/\"},{\"@type\":\"ListItem\",\"position\":2,\"name\":\"Incendios forestais e bombeiros forestais. d\u00fabidas e temores para o 2026\"}]},{\"@type\":\"WebSite\",\"@id\":\"https:\\\/\\\/www.anovapeneira.gal\\\/#website\",\"url\":\"https:\\\/\\\/www.anovapeneira.gal\\\/\",\"name\":\"\",\"description\":\"Xornal galego de informaci\u00f3n xeral Publicaci\u00f3n mensual de novas de Galicia e en especial dos Concellos da sur da provincia de Pontevedra.\",\"publisher\":{\"@id\":\"https:\\\/\\\/www.anovapeneira.gal\\\/#organization\"},\"potentialAction\":[{\"@type\":\"SearchAction\",\"target\":{\"@type\":\"EntryPoint\",\"urlTemplate\":\"https:\\\/\\\/www.anovapeneira.gal\\\/?s={search_term_string}\"},\"query-input\":{\"@type\":\"PropertyValueSpecification\",\"valueRequired\":true,\"valueName\":\"search_term_string\"}}],\"inLanguage\":\"gl-ES\"},{\"@type\":\"Organization\",\"@id\":\"https:\\\/\\\/www.anovapeneira.gal\\\/#organization\",\"name\":\"A Nova Peneira\",\"url\":\"https:\\\/\\\/www.anovapeneira.gal\\\/\",\"logo\":{\"@type\":\"ImageObject\",\"inLanguage\":\"gl-ES\",\"@id\":\"https:\\\/\\\/www.anovapeneira.gal\\\/#\\\/schema\\\/logo\\\/image\\\/\",\"url\":\"http:\\\/\\\/www.anovapeneira.gal\\\/wp-content\\\/uploads\\\/2019\\\/06\\\/logo_a_nova_peneira_portal_web.png\",\"contentUrl\":\"http:\\\/\\\/www.anovapeneira.gal\\\/wp-content\\\/uploads\\\/2019\\\/06\\\/logo_a_nova_peneira_portal_web.png\",\"width\":300,\"height\":100,\"caption\":\"A Nova Peneira\"},\"image\":{\"@id\":\"https:\\\/\\\/www.anovapeneira.gal\\\/#\\\/schema\\\/logo\\\/image\\\/\"},\"sameAs\":[\"https:\\\/\\\/www.facebook.com\\\/anovapeneira\",\"https:\\\/\\\/x.com\\\/APeneira\"]},{\"@type\":\"Person\",\"@id\":\"https:\\\/\\\/www.anovapeneira.gal\\\/#\\\/schema\\\/person\\\/f18a4feb302e8f20bcef4490b5b60bb3\",\"name\":\"Artigos Opini\u00f3n\",\"image\":{\"@type\":\"ImageObject\",\"inLanguage\":\"gl-ES\",\"@id\":\"https:\\\/\\\/secure.gravatar.com\\\/avatar\\\/072844300f4881150aee2da4278f7a65d16eefdf8262eb67085f1e702de2b959?s=96&d=mm&r=g\",\"url\":\"https:\\\/\\\/secure.gravatar.com\\\/avatar\\\/072844300f4881150aee2da4278f7a65d16eefdf8262eb67085f1e702de2b959?s=96&d=mm&r=g\",\"contentUrl\":\"https:\\\/\\\/secure.gravatar.com\\\/avatar\\\/072844300f4881150aee2da4278f7a65d16eefdf8262eb67085f1e702de2b959?s=96&d=mm&r=g\",\"caption\":\"Artigos Opini\u00f3n\"},\"sameAs\":[\"http:\\\/\\\/anovapeneira.gal\"],\"url\":\"https:\\\/\\\/www.anovapeneira.gal\\\/index.php\\\/author\\\/artigosopinion\\\/\"}]}<\/script>\n<!-- \/ Yoast SEO plugin. -->","yoast_head_json":{"title":"Incendios forestais e bombeiros forestais. d\u00fabidas e temores para o 2026 -","robots":{"index":"index","follow":"follow","max-snippet":"max-snippet:-1","max-image-preview":"max-image-preview:large","max-video-preview":"max-video-preview:-1"},"canonical":"https:\/\/www.anovapeneira.gal\/index.php\/2026\/02\/23\/incendios-forestais-e-bombeiros-forestais-dubidas-e-temores-para-o-2026\/","og_locale":"gl_ES","og_type":"article","og_title":"Incendios forestais e bombeiros forestais. d\u00fabidas e temores para o 2026 -","og_description":"Deixamos atr\u00e1s un ano terrible pola vaga incendiaria sobre o territorio. Miles e miles de hect\u00e1reas arrasadas, espazos naturais completamente perdidos, aldeas queimadas, desaloxos, angustia e ansiedade por perdelo todo, logo cinzas e terra arrastrada pola choiva cunha grave contaminaci\u00f3n ed\u00e1fica (e as augas) [...]","og_url":"https:\/\/www.anovapeneira.gal\/index.php\/2026\/02\/23\/incendios-forestais-e-bombeiros-forestais-dubidas-e-temores-para-o-2026\/","article_publisher":"https:\/\/www.facebook.com\/anovapeneira","article_published_time":"2026-02-23T11:00:24+00:00","og_image":[{"width":1200,"height":720,"url":"https:\/\/www.anovapeneira.gal\/wp-content\/uploads\/2026\/02\/incendios_forestais.jpg","type":"image\/jpeg"}],"author":"Artigos Opini\u00f3n","twitter_card":"summary_large_image","twitter_creator":"@APeneira","twitter_site":"@APeneira","twitter_misc":{"Escrito por":"Artigos Opini\u00f3n","Tempo de lectura":"5 minutos"},"schema":{"@context":"https:\/\/schema.org","@graph":[{"@type":"Article","@id":"https:\/\/www.anovapeneira.gal\/index.php\/2026\/02\/23\/incendios-forestais-e-bombeiros-forestais-dubidas-e-temores-para-o-2026\/#article","isPartOf":{"@id":"https:\/\/www.anovapeneira.gal\/index.php\/2026\/02\/23\/incendios-forestais-e-bombeiros-forestais-dubidas-e-temores-para-o-2026\/"},"author":{"name":"Artigos Opini\u00f3n","@id":"https:\/\/www.anovapeneira.gal\/#\/schema\/person\/f18a4feb302e8f20bcef4490b5b60bb3"},"headline":"Incendios forestais e bombeiros forestais. d\u00fabidas e temores para o 2026","datePublished":"2026-02-23T11:00:24+00:00","mainEntityOfPage":{"@id":"https:\/\/www.anovapeneira.gal\/index.php\/2026\/02\/23\/incendios-forestais-e-bombeiros-forestais-dubidas-e-temores-para-o-2026\/"},"wordCount":971,"commentCount":0,"publisher":{"@id":"https:\/\/www.anovapeneira.gal\/#organization"},"image":{"@id":"https:\/\/www.anovapeneira.gal\/index.php\/2026\/02\/23\/incendios-forestais-e-bombeiros-forestais-dubidas-e-temores-para-o-2026\/#primaryimage"},"thumbnailUrl":"https:\/\/www.anovapeneira.gal\/wp-content\/uploads\/2026\/02\/incendios_forestais.jpg","articleSection":["Artigos de opini\u00f3n"],"inLanguage":"gl-ES","potentialAction":[{"@type":"CommentAction","name":"Comment","target":["https:\/\/www.anovapeneira.gal\/index.php\/2026\/02\/23\/incendios-forestais-e-bombeiros-forestais-dubidas-e-temores-para-o-2026\/#respond"]}]},{"@type":"WebPage","@id":"https:\/\/www.anovapeneira.gal\/index.php\/2026\/02\/23\/incendios-forestais-e-bombeiros-forestais-dubidas-e-temores-para-o-2026\/","url":"https:\/\/www.anovapeneira.gal\/index.php\/2026\/02\/23\/incendios-forestais-e-bombeiros-forestais-dubidas-e-temores-para-o-2026\/","name":"Incendios forestais e bombeiros forestais. d\u00fabidas e temores para o 2026 -","isPartOf":{"@id":"https:\/\/www.anovapeneira.gal\/#website"},"primaryImageOfPage":{"@id":"https:\/\/www.anovapeneira.gal\/index.php\/2026\/02\/23\/incendios-forestais-e-bombeiros-forestais-dubidas-e-temores-para-o-2026\/#primaryimage"},"image":{"@id":"https:\/\/www.anovapeneira.gal\/index.php\/2026\/02\/23\/incendios-forestais-e-bombeiros-forestais-dubidas-e-temores-para-o-2026\/#primaryimage"},"thumbnailUrl":"https:\/\/www.anovapeneira.gal\/wp-content\/uploads\/2026\/02\/incendios_forestais.jpg","datePublished":"2026-02-23T11:00:24+00:00","breadcrumb":{"@id":"https:\/\/www.anovapeneira.gal\/index.php\/2026\/02\/23\/incendios-forestais-e-bombeiros-forestais-dubidas-e-temores-para-o-2026\/#breadcrumb"},"inLanguage":"gl-ES","potentialAction":[{"@type":"ReadAction","target":["https:\/\/www.anovapeneira.gal\/index.php\/2026\/02\/23\/incendios-forestais-e-bombeiros-forestais-dubidas-e-temores-para-o-2026\/"]}]},{"@type":"ImageObject","inLanguage":"gl-ES","@id":"https:\/\/www.anovapeneira.gal\/index.php\/2026\/02\/23\/incendios-forestais-e-bombeiros-forestais-dubidas-e-temores-para-o-2026\/#primaryimage","url":"https:\/\/www.anovapeneira.gal\/wp-content\/uploads\/2026\/02\/incendios_forestais.jpg","contentUrl":"https:\/\/www.anovapeneira.gal\/wp-content\/uploads\/2026\/02\/incendios_forestais.jpg","width":1200,"height":720},{"@type":"BreadcrumbList","@id":"https:\/\/www.anovapeneira.gal\/index.php\/2026\/02\/23\/incendios-forestais-e-bombeiros-forestais-dubidas-e-temores-para-o-2026\/#breadcrumb","itemListElement":[{"@type":"ListItem","position":1,"name":"Portada","item":"https:\/\/www.anovapeneira.gal\/"},{"@type":"ListItem","position":2,"name":"Incendios forestais e bombeiros forestais. d\u00fabidas e temores para o 2026"}]},{"@type":"WebSite","@id":"https:\/\/www.anovapeneira.gal\/#website","url":"https:\/\/www.anovapeneira.gal\/","name":"","description":"Xornal galego de informaci\u00f3n xeral Publicaci\u00f3n mensual de novas de Galicia e en especial dos Concellos da sur da provincia de Pontevedra.","publisher":{"@id":"https:\/\/www.anovapeneira.gal\/#organization"},"potentialAction":[{"@type":"SearchAction","target":{"@type":"EntryPoint","urlTemplate":"https:\/\/www.anovapeneira.gal\/?s={search_term_string}"},"query-input":{"@type":"PropertyValueSpecification","valueRequired":true,"valueName":"search_term_string"}}],"inLanguage":"gl-ES"},{"@type":"Organization","@id":"https:\/\/www.anovapeneira.gal\/#organization","name":"A Nova Peneira","url":"https:\/\/www.anovapeneira.gal\/","logo":{"@type":"ImageObject","inLanguage":"gl-ES","@id":"https:\/\/www.anovapeneira.gal\/#\/schema\/logo\/image\/","url":"http:\/\/www.anovapeneira.gal\/wp-content\/uploads\/2019\/06\/logo_a_nova_peneira_portal_web.png","contentUrl":"http:\/\/www.anovapeneira.gal\/wp-content\/uploads\/2019\/06\/logo_a_nova_peneira_portal_web.png","width":300,"height":100,"caption":"A Nova Peneira"},"image":{"@id":"https:\/\/www.anovapeneira.gal\/#\/schema\/logo\/image\/"},"sameAs":["https:\/\/www.facebook.com\/anovapeneira","https:\/\/x.com\/APeneira"]},{"@type":"Person","@id":"https:\/\/www.anovapeneira.gal\/#\/schema\/person\/f18a4feb302e8f20bcef4490b5b60bb3","name":"Artigos Opini\u00f3n","image":{"@type":"ImageObject","inLanguage":"gl-ES","@id":"https:\/\/secure.gravatar.com\/avatar\/072844300f4881150aee2da4278f7a65d16eefdf8262eb67085f1e702de2b959?s=96&d=mm&r=g","url":"https:\/\/secure.gravatar.com\/avatar\/072844300f4881150aee2da4278f7a65d16eefdf8262eb67085f1e702de2b959?s=96&d=mm&r=g","contentUrl":"https:\/\/secure.gravatar.com\/avatar\/072844300f4881150aee2da4278f7a65d16eefdf8262eb67085f1e702de2b959?s=96&d=mm&r=g","caption":"Artigos Opini\u00f3n"},"sameAs":["http:\/\/anovapeneira.gal"],"url":"https:\/\/www.anovapeneira.gal\/index.php\/author\/artigosopinion\/"}]}},"jetpack_featured_media_url":"https:\/\/www.anovapeneira.gal\/wp-content\/uploads\/2026\/02\/incendios_forestais.jpg","_links":{"self":[{"href":"https:\/\/www.anovapeneira.gal\/index.php\/wp-json\/wp\/v2\/posts\/15376","targetHints":{"allow":["GET"]}}],"collection":[{"href":"https:\/\/www.anovapeneira.gal\/index.php\/wp-json\/wp\/v2\/posts"}],"about":[{"href":"https:\/\/www.anovapeneira.gal\/index.php\/wp-json\/wp\/v2\/types\/post"}],"author":[{"embeddable":true,"href":"https:\/\/www.anovapeneira.gal\/index.php\/wp-json\/wp\/v2\/users\/12"}],"replies":[{"embeddable":true,"href":"https:\/\/www.anovapeneira.gal\/index.php\/wp-json\/wp\/v2\/comments?post=15376"}],"version-history":[{"count":1,"href":"https:\/\/www.anovapeneira.gal\/index.php\/wp-json\/wp\/v2\/posts\/15376\/revisions"}],"predecessor-version":[{"id":15378,"href":"https:\/\/www.anovapeneira.gal\/index.php\/wp-json\/wp\/v2\/posts\/15376\/revisions\/15378"}],"wp:featuredmedia":[{"embeddable":true,"href":"https:\/\/www.anovapeneira.gal\/index.php\/wp-json\/wp\/v2\/media\/15377"}],"wp:attachment":[{"href":"https:\/\/www.anovapeneira.gal\/index.php\/wp-json\/wp\/v2\/media?parent=15376"}],"wp:term":[{"taxonomy":"category","embeddable":true,"href":"https:\/\/www.anovapeneira.gal\/index.php\/wp-json\/wp\/v2\/categories?post=15376"},{"taxonomy":"post_tag","embeddable":true,"href":"https:\/\/www.anovapeneira.gal\/index.php\/wp-json\/wp\/v2\/tags?post=15376"}],"curies":[{"name":"wp","href":"https:\/\/api.w.org\/{rel}","templated":true}]}}