{"id":15382,"date":"2026-02-24T10:00:34","date_gmt":"2026-02-24T09:00:34","guid":{"rendered":"https:\/\/www.anovapeneira.gal\/?p=15382"},"modified":"2026-02-17T08:02:57","modified_gmt":"2026-02-17T07:02:57","slug":"o-sr-x-cal-viva-e-outras-traizons","status":"publish","type":"post","link":"https:\/\/www.anovapeneira.gal\/index.php\/2026\/02\/24\/o-sr-x-cal-viva-e-outras-traizons\/","title":{"rendered":"O Sr. X, cal viva e outras traiz\u00f3ns"},"content":{"rendered":"\n<figure class=\"wp-block-image size-full is-resized\"><img loading=\"lazy\" decoding=\"async\" width=\"190\" height=\"222\" src=\"https:\/\/www.anovapeneira.gal\/wp-content\/uploads\/2019\/04\/marcos_santos_opinion_a_nova_peneira_bn.jpg\" alt=\"Marcos Santos Artigo opini\u00f3n a Nova Peneira\" class=\"wp-image-198\" style=\"aspect-ratio:0.8558243529247136;width:98px;height:auto\"\/><figcaption class=\"wp-element-caption\">Marcos Santos<\/figcaption><\/figure>\n\n\n\n<p>Felipe Gonz\u00e1lez non \u00e9 un recordo inc\u00f3modo do pasado: \u00e9 unha peza viva do presente. Cada vez que aparece en medios, cada vez que \u00e9 tratado como referente moral ou pol\u00edtico, conf\u00edrmase que a chamada democracia espa\u00f1ola segue premiando aos seus verdugos de traxe e palabra f\u00e1cil. O Sr. X non foi unha anomal\u00eda: foi unha funci\u00f3n perfectamente definida dentro dun sistema que necesitaba desmontar a esquerda sen disparar un s\u00f3 tiro visible.<\/p>\n\n\n\n<p>Os GAL non foron excesos nin desviaci\u00f3ns puntuais. Foron terrorismo de Estado. Secuestros, torturas e asasinatos executados desde as cloacas do poder, financiados con di\u00f1eiro p\u00fablico e xustificados en nome da estabilidade democr\u00e1tica. Felipe Gonz\u00e1lez foi o m\u00e1ximo responsable pol\u00edtico daquela etapa. Nunca pediu perd\u00f3n. Nunca asumiu culpa. Nunca respondeu ante as v\u00edtimas. A Transici\u00f3n cumpriu aqu\u00ed a s\u00faa misi\u00f3n principal: garantir impunidade aos que mandaban.<\/p>\n\n\n\n<p>Filesa tampouco foi un episodio illado. Foi o m\u00e9todo. O PSOE financiouse ilegalmente mediante empresas pantalla mentres se presentaba como forza \u00e9tica e progresista. Cartos negros, corrupci\u00f3n estrutural e silencio c\u00f3mplice. O partido que dic\u00eda representar \u00e1 clase traballadora empregaba os mesmos mecanismos que o poder econ\u00f3mico. Felipe Gonz\u00e1lez non foi enganado polo sistema: foi o seu rostro amable e eficaz.<\/p>\n\n\n\n<p>O punto exacto da traiz\u00f3n ten nome: Suresnes. Al\u00ed o PSOE renunciou ao marxismo e, con el, \u00e1 transformaci\u00f3n social. Non foi modernizaci\u00f3n, foi rendici\u00f3n. A esquerda institucional aceptou os l\u00edmites impostos polo capital, pola OTAN e polos mercados. Felipe Gonz\u00e1lez converteuse no garante de que nada esencial ser\u00eda cuestionado. Sen Suresnes e sen o apoio das elites, nunca ter\u00eda pasado de pol\u00edtico secundario.<\/p>\n\n\n\n<p>As privatizaci\u00f3ns completaron o espolio. Empresas p\u00fablicas estrat\u00e9xicas, constru\u00eddas co esforzo colectivo, foron vendidas a mans privadas baixo a mentira da eficiencia. Telef\u00f3nica, Repsol, Endesa. O que era de todos converteuse en negocio para uns poucos. O resultado foi precariedade, desemprego, tarifas abusivas e perda de soberan\u00eda econ\u00f3mica. O discurso falaba de modernidade; a realidade foi un roubo legalizado.<\/p>\n\n\n\n<p>E despois chegou o premio. Felipe Gonz\u00e1lez non regresou \u00e1 vida com\u00fan nin \u00e1 militancia. Pasou directamente \u00e1s portas xiratorias, aos consellos de administraci\u00f3n, aos despachos onde se decide quen manda. O expresidente \u201csocialista\u201d converteuse nun multimillonario integrado no coraz\u00f3n do poder econ\u00f3mico. Non \u00e9 contradici\u00f3n: \u00e9 coherencia. Gobernou para eles e eles recompens\u00e1rono.<\/p>\n\n\n\n<p>Cando agora afirma que \u201co seu PSOE non eran m\u00e1is que siglas\u201d, est\u00e1 a dicir a verdade. As siglas foron unha m\u00e1scara electoral para conter a rabia social, neutralizar o conflito e garantir estabilidade ao r\u00e9xime. O PSOE de Felipe Gonz\u00e1lez non foi alternativa ao poder: foi o seu mellor empregado, o cortalumes perfecto contra unha ruptura democr\u00e1tica real.<\/p>\n\n\n\n<p>Felipe Gonz\u00e1lez nunca ser\u00eda quen \u00e9 sen a complicidade medi\u00e1tica, sen unha Transici\u00f3n dese\u00f1ada para que nada mudase de verdade e sen unha esquerda domesticada. Non \u00e9 un estadista nin un referente democr\u00e1tico. \u00c9 unha advertencia hist\u00f3rica: o sistema non s\u00f3 tolera a traiz\u00f3n, sen\u00f3n que a premia cando \u00e9 \u00fatil. O problema non \u00e9 que Felipe Gonz\u00e1lez fale hoxe con desprezo do que queda da esquerda. O problema \u00e9 que segue sendo escoitado con respecto. Iso di m\u00e1is do r\u00e9xime que del. O Sr. X segue presente porque encarna \u00e1 perfecci\u00f3n este sistema: impunidade, cinismo e memoria curta.<\/p>\n\n\n\n<p>Nun pa\u00eds con dignidade democr\u00e1tica, Felipe Gonz\u00e1lez ser\u00eda lembrado polos GAL, por Filesa, pola renuncia ideol\u00f3xica e polo saqueo do com\u00fan. Aqu\u00ed \u00e9 lembrado polos seus traxes caros e as s\u00faas opini\u00f3ns. Esa \u00e9 a verdadeira derrota.<\/p>\n\n\n\n<p>Dicilo non \u00e9 radicalismo. Radical foi matar desde o Estado, roubar o p\u00fablico e vender a esperanza colectiva. Nomealo \u00e9 unha obriga pol\u00edtica. Porque Felipe Gonz\u00e1lez fixo poder e fortuna a costa do pobo, e mentres non se rompa co seu legado, non haber\u00e1 esquerda nin democracia que mereza ese nome.<\/p>\n","protected":false},"excerpt":{"rendered":"<div class=\"mh-excerpt\"><p>Felipe Gonz\u00e1lez non \u00e9 un recordo inc\u00f3modo do pasado: \u00e9 unha peza viva do presente. Cada vez que aparece en medios, cada vez que \u00e9 tratado como referente moral ou pol\u00edtico, conf\u00edrmase que a chamada democracia espa\u00f1ola segue premiando aos seus verdugos de traxe e palabra f\u00e1cil <a class=\"mh-excerpt-more\" href=\"https:\/\/www.anovapeneira.gal\/index.php\/2026\/02\/24\/o-sr-x-cal-viva-e-outras-traizons\/\" title=\"O Sr. X, cal viva e outras traiz\u00f3ns\">[&#8230;]<\/a><\/p>\n<\/div>","protected":false},"author":6,"featured_media":584,"comment_status":"open","ping_status":"open","sticky":false,"template":"","format":"standard","meta":{"_exactmetrics_skip_tracking":false,"_exactmetrics_sitenote_active":false,"_exactmetrics_sitenote_note":"","_exactmetrics_sitenote_category":0,"footnotes":""},"categories":[7],"tags":[],"class_list":{"0":"post-15382","1":"post","2":"type-post","3":"status-publish","4":"format-standard","5":"has-post-thumbnail","7":"category-artigos-de-opinion"},"yoast_head":"<!-- This site is optimized with the Yoast SEO plugin v27.4 - https:\/\/yoast.com\/product\/yoast-seo-wordpress\/ -->\n<title>O Sr. X, cal viva e outras traiz\u00f3ns -<\/title>\n<meta name=\"robots\" content=\"index, follow, max-snippet:-1, max-image-preview:large, max-video-preview:-1\" \/>\n<link rel=\"canonical\" href=\"https:\/\/www.anovapeneira.gal\/index.php\/2026\/02\/24\/o-sr-x-cal-viva-e-outras-traizons\/\" \/>\n<meta property=\"og:locale\" content=\"gl_ES\" \/>\n<meta property=\"og:type\" content=\"article\" \/>\n<meta property=\"og:title\" content=\"O Sr. X, cal viva e outras traiz\u00f3ns -\" \/>\n<meta property=\"og:description\" content=\"Felipe Gonz\u00e1lez non \u00e9 un recordo inc\u00f3modo do pasado: \u00e9 unha peza viva do presente. Cada vez que aparece en medios, cada vez que \u00e9 tratado como referente moral ou pol\u00edtico, conf\u00edrmase que a chamada democracia espa\u00f1ola segue premiando aos seus verdugos de traxe e palabra f\u00e1cil [...]\" \/>\n<meta property=\"og:url\" content=\"https:\/\/www.anovapeneira.gal\/index.php\/2026\/02\/24\/o-sr-x-cal-viva-e-outras-traizons\/\" \/>\n<meta property=\"article:publisher\" content=\"https:\/\/www.facebook.com\/anovapeneira\" \/>\n<meta property=\"article:published_time\" content=\"2026-02-24T09:00:34+00:00\" \/>\n<meta property=\"og:image\" content=\"https:\/\/www.anovapeneira.gal\/wp-content\/uploads\/2019\/07\/ARTIGO_DE_OPINION_A_NOVA_PENEIRA.jpg\" \/>\n\t<meta property=\"og:image:width\" content=\"720\" \/>\n\t<meta property=\"og:image:height\" content=\"473\" \/>\n\t<meta property=\"og:image:type\" content=\"image\/jpeg\" \/>\n<meta name=\"author\" content=\"Marcos Santos\" \/>\n<meta name=\"twitter:card\" content=\"summary_large_image\" \/>\n<meta name=\"twitter:creator\" content=\"@APeneira\" \/>\n<meta name=\"twitter:site\" content=\"@APeneira\" \/>\n<meta name=\"twitter:label1\" content=\"Escrito por\" \/>\n\t<meta name=\"twitter:data1\" content=\"Marcos Santos\" \/>\n\t<meta name=\"twitter:label2\" content=\"Tempo de lectura\" \/>\n\t<meta name=\"twitter:data2\" content=\"4 minutos\" \/>\n<script type=\"application\/ld+json\" class=\"yoast-schema-graph\">{\"@context\":\"https:\\\/\\\/schema.org\",\"@graph\":[{\"@type\":\"Article\",\"@id\":\"https:\\\/\\\/www.anovapeneira.gal\\\/index.php\\\/2026\\\/02\\\/24\\\/o-sr-x-cal-viva-e-outras-traizons\\\/#article\",\"isPartOf\":{\"@id\":\"https:\\\/\\\/www.anovapeneira.gal\\\/index.php\\\/2026\\\/02\\\/24\\\/o-sr-x-cal-viva-e-outras-traizons\\\/\"},\"author\":{\"name\":\"Marcos Santos\",\"@id\":\"https:\\\/\\\/www.anovapeneira.gal\\\/#\\\/schema\\\/person\\\/d9d84823564720e7593293bab054e52d\"},\"headline\":\"O Sr. X, cal viva e outras traiz\u00f3ns\",\"datePublished\":\"2026-02-24T09:00:34+00:00\",\"mainEntityOfPage\":{\"@id\":\"https:\\\/\\\/www.anovapeneira.gal\\\/index.php\\\/2026\\\/02\\\/24\\\/o-sr-x-cal-viva-e-outras-traizons\\\/\"},\"wordCount\":692,\"commentCount\":0,\"publisher\":{\"@id\":\"https:\\\/\\\/www.anovapeneira.gal\\\/#organization\"},\"image\":{\"@id\":\"https:\\\/\\\/www.anovapeneira.gal\\\/index.php\\\/2026\\\/02\\\/24\\\/o-sr-x-cal-viva-e-outras-traizons\\\/#primaryimage\"},\"thumbnailUrl\":\"https:\\\/\\\/www.anovapeneira.gal\\\/wp-content\\\/uploads\\\/2019\\\/07\\\/ARTIGO_DE_OPINION_A_NOVA_PENEIRA.jpg\",\"articleSection\":[\"Artigos de opini\u00f3n\"],\"inLanguage\":\"gl-ES\",\"potentialAction\":[{\"@type\":\"CommentAction\",\"name\":\"Comment\",\"target\":[\"https:\\\/\\\/www.anovapeneira.gal\\\/index.php\\\/2026\\\/02\\\/24\\\/o-sr-x-cal-viva-e-outras-traizons\\\/#respond\"]}]},{\"@type\":\"WebPage\",\"@id\":\"https:\\\/\\\/www.anovapeneira.gal\\\/index.php\\\/2026\\\/02\\\/24\\\/o-sr-x-cal-viva-e-outras-traizons\\\/\",\"url\":\"https:\\\/\\\/www.anovapeneira.gal\\\/index.php\\\/2026\\\/02\\\/24\\\/o-sr-x-cal-viva-e-outras-traizons\\\/\",\"name\":\"O Sr. X, cal viva e outras traiz\u00f3ns -\",\"isPartOf\":{\"@id\":\"https:\\\/\\\/www.anovapeneira.gal\\\/#website\"},\"primaryImageOfPage\":{\"@id\":\"https:\\\/\\\/www.anovapeneira.gal\\\/index.php\\\/2026\\\/02\\\/24\\\/o-sr-x-cal-viva-e-outras-traizons\\\/#primaryimage\"},\"image\":{\"@id\":\"https:\\\/\\\/www.anovapeneira.gal\\\/index.php\\\/2026\\\/02\\\/24\\\/o-sr-x-cal-viva-e-outras-traizons\\\/#primaryimage\"},\"thumbnailUrl\":\"https:\\\/\\\/www.anovapeneira.gal\\\/wp-content\\\/uploads\\\/2019\\\/07\\\/ARTIGO_DE_OPINION_A_NOVA_PENEIRA.jpg\",\"datePublished\":\"2026-02-24T09:00:34+00:00\",\"breadcrumb\":{\"@id\":\"https:\\\/\\\/www.anovapeneira.gal\\\/index.php\\\/2026\\\/02\\\/24\\\/o-sr-x-cal-viva-e-outras-traizons\\\/#breadcrumb\"},\"inLanguage\":\"gl-ES\",\"potentialAction\":[{\"@type\":\"ReadAction\",\"target\":[\"https:\\\/\\\/www.anovapeneira.gal\\\/index.php\\\/2026\\\/02\\\/24\\\/o-sr-x-cal-viva-e-outras-traizons\\\/\"]}]},{\"@type\":\"ImageObject\",\"inLanguage\":\"gl-ES\",\"@id\":\"https:\\\/\\\/www.anovapeneira.gal\\\/index.php\\\/2026\\\/02\\\/24\\\/o-sr-x-cal-viva-e-outras-traizons\\\/#primaryimage\",\"url\":\"https:\\\/\\\/www.anovapeneira.gal\\\/wp-content\\\/uploads\\\/2019\\\/07\\\/ARTIGO_DE_OPINION_A_NOVA_PENEIRA.jpg\",\"contentUrl\":\"https:\\\/\\\/www.anovapeneira.gal\\\/wp-content\\\/uploads\\\/2019\\\/07\\\/ARTIGO_DE_OPINION_A_NOVA_PENEIRA.jpg\",\"width\":720,\"height\":473,\"caption\":\"Artigo de opini\u00f3n A Nova Peneira\"},{\"@type\":\"BreadcrumbList\",\"@id\":\"https:\\\/\\\/www.anovapeneira.gal\\\/index.php\\\/2026\\\/02\\\/24\\\/o-sr-x-cal-viva-e-outras-traizons\\\/#breadcrumb\",\"itemListElement\":[{\"@type\":\"ListItem\",\"position\":1,\"name\":\"Portada\",\"item\":\"https:\\\/\\\/www.anovapeneira.gal\\\/\"},{\"@type\":\"ListItem\",\"position\":2,\"name\":\"O Sr. X, cal viva e outras traiz\u00f3ns\"}]},{\"@type\":\"WebSite\",\"@id\":\"https:\\\/\\\/www.anovapeneira.gal\\\/#website\",\"url\":\"https:\\\/\\\/www.anovapeneira.gal\\\/\",\"name\":\"\",\"description\":\"Xornal galego de informaci\u00f3n xeral Publicaci\u00f3n mensual de novas de Galicia e en especial dos Concellos da sur da provincia de Pontevedra.\",\"publisher\":{\"@id\":\"https:\\\/\\\/www.anovapeneira.gal\\\/#organization\"},\"potentialAction\":[{\"@type\":\"SearchAction\",\"target\":{\"@type\":\"EntryPoint\",\"urlTemplate\":\"https:\\\/\\\/www.anovapeneira.gal\\\/?s={search_term_string}\"},\"query-input\":{\"@type\":\"PropertyValueSpecification\",\"valueRequired\":true,\"valueName\":\"search_term_string\"}}],\"inLanguage\":\"gl-ES\"},{\"@type\":\"Organization\",\"@id\":\"https:\\\/\\\/www.anovapeneira.gal\\\/#organization\",\"name\":\"A Nova Peneira\",\"url\":\"https:\\\/\\\/www.anovapeneira.gal\\\/\",\"logo\":{\"@type\":\"ImageObject\",\"inLanguage\":\"gl-ES\",\"@id\":\"https:\\\/\\\/www.anovapeneira.gal\\\/#\\\/schema\\\/logo\\\/image\\\/\",\"url\":\"http:\\\/\\\/www.anovapeneira.gal\\\/wp-content\\\/uploads\\\/2019\\\/06\\\/logo_a_nova_peneira_portal_web.png\",\"contentUrl\":\"http:\\\/\\\/www.anovapeneira.gal\\\/wp-content\\\/uploads\\\/2019\\\/06\\\/logo_a_nova_peneira_portal_web.png\",\"width\":300,\"height\":100,\"caption\":\"A Nova Peneira\"},\"image\":{\"@id\":\"https:\\\/\\\/www.anovapeneira.gal\\\/#\\\/schema\\\/logo\\\/image\\\/\"},\"sameAs\":[\"https:\\\/\\\/www.facebook.com\\\/anovapeneira\",\"https:\\\/\\\/x.com\\\/APeneira\"]},{\"@type\":\"Person\",\"@id\":\"https:\\\/\\\/www.anovapeneira.gal\\\/#\\\/schema\\\/person\\\/d9d84823564720e7593293bab054e52d\",\"name\":\"Marcos Santos\",\"image\":{\"@type\":\"ImageObject\",\"inLanguage\":\"gl-ES\",\"@id\":\"https:\\\/\\\/secure.gravatar.com\\\/avatar\\\/0e8017099a7a47c0a9d2275e865fe326484561eb3d70649069e4b8e61a8d2e8c?s=96&d=mm&r=g\",\"url\":\"https:\\\/\\\/secure.gravatar.com\\\/avatar\\\/0e8017099a7a47c0a9d2275e865fe326484561eb3d70649069e4b8e61a8d2e8c?s=96&d=mm&r=g\",\"contentUrl\":\"https:\\\/\\\/secure.gravatar.com\\\/avatar\\\/0e8017099a7a47c0a9d2275e865fe326484561eb3d70649069e4b8e61a8d2e8c?s=96&d=mm&r=g\",\"caption\":\"Marcos Santos\"},\"sameAs\":[\"http:\\\/\\\/anovapeneira.gal\"],\"url\":\"https:\\\/\\\/www.anovapeneira.gal\\\/index.php\\\/author\\\/marcos-santos\\\/\"}]}<\/script>\n<!-- \/ Yoast SEO plugin. -->","yoast_head_json":{"title":"O Sr. X, cal viva e outras traiz\u00f3ns -","robots":{"index":"index","follow":"follow","max-snippet":"max-snippet:-1","max-image-preview":"max-image-preview:large","max-video-preview":"max-video-preview:-1"},"canonical":"https:\/\/www.anovapeneira.gal\/index.php\/2026\/02\/24\/o-sr-x-cal-viva-e-outras-traizons\/","og_locale":"gl_ES","og_type":"article","og_title":"O Sr. X, cal viva e outras traiz\u00f3ns -","og_description":"Felipe Gonz\u00e1lez non \u00e9 un recordo inc\u00f3modo do pasado: \u00e9 unha peza viva do presente. Cada vez que aparece en medios, cada vez que \u00e9 tratado como referente moral ou pol\u00edtico, conf\u00edrmase que a chamada democracia espa\u00f1ola segue premiando aos seus verdugos de traxe e palabra f\u00e1cil [...]","og_url":"https:\/\/www.anovapeneira.gal\/index.php\/2026\/02\/24\/o-sr-x-cal-viva-e-outras-traizons\/","article_publisher":"https:\/\/www.facebook.com\/anovapeneira","article_published_time":"2026-02-24T09:00:34+00:00","og_image":[{"width":720,"height":473,"url":"https:\/\/www.anovapeneira.gal\/wp-content\/uploads\/2019\/07\/ARTIGO_DE_OPINION_A_NOVA_PENEIRA.jpg","type":"image\/jpeg"}],"author":"Marcos Santos","twitter_card":"summary_large_image","twitter_creator":"@APeneira","twitter_site":"@APeneira","twitter_misc":{"Escrito por":"Marcos Santos","Tempo de lectura":"4 minutos"},"schema":{"@context":"https:\/\/schema.org","@graph":[{"@type":"Article","@id":"https:\/\/www.anovapeneira.gal\/index.php\/2026\/02\/24\/o-sr-x-cal-viva-e-outras-traizons\/#article","isPartOf":{"@id":"https:\/\/www.anovapeneira.gal\/index.php\/2026\/02\/24\/o-sr-x-cal-viva-e-outras-traizons\/"},"author":{"name":"Marcos Santos","@id":"https:\/\/www.anovapeneira.gal\/#\/schema\/person\/d9d84823564720e7593293bab054e52d"},"headline":"O Sr. X, cal viva e outras traiz\u00f3ns","datePublished":"2026-02-24T09:00:34+00:00","mainEntityOfPage":{"@id":"https:\/\/www.anovapeneira.gal\/index.php\/2026\/02\/24\/o-sr-x-cal-viva-e-outras-traizons\/"},"wordCount":692,"commentCount":0,"publisher":{"@id":"https:\/\/www.anovapeneira.gal\/#organization"},"image":{"@id":"https:\/\/www.anovapeneira.gal\/index.php\/2026\/02\/24\/o-sr-x-cal-viva-e-outras-traizons\/#primaryimage"},"thumbnailUrl":"https:\/\/www.anovapeneira.gal\/wp-content\/uploads\/2019\/07\/ARTIGO_DE_OPINION_A_NOVA_PENEIRA.jpg","articleSection":["Artigos de opini\u00f3n"],"inLanguage":"gl-ES","potentialAction":[{"@type":"CommentAction","name":"Comment","target":["https:\/\/www.anovapeneira.gal\/index.php\/2026\/02\/24\/o-sr-x-cal-viva-e-outras-traizons\/#respond"]}]},{"@type":"WebPage","@id":"https:\/\/www.anovapeneira.gal\/index.php\/2026\/02\/24\/o-sr-x-cal-viva-e-outras-traizons\/","url":"https:\/\/www.anovapeneira.gal\/index.php\/2026\/02\/24\/o-sr-x-cal-viva-e-outras-traizons\/","name":"O Sr. X, cal viva e outras traiz\u00f3ns -","isPartOf":{"@id":"https:\/\/www.anovapeneira.gal\/#website"},"primaryImageOfPage":{"@id":"https:\/\/www.anovapeneira.gal\/index.php\/2026\/02\/24\/o-sr-x-cal-viva-e-outras-traizons\/#primaryimage"},"image":{"@id":"https:\/\/www.anovapeneira.gal\/index.php\/2026\/02\/24\/o-sr-x-cal-viva-e-outras-traizons\/#primaryimage"},"thumbnailUrl":"https:\/\/www.anovapeneira.gal\/wp-content\/uploads\/2019\/07\/ARTIGO_DE_OPINION_A_NOVA_PENEIRA.jpg","datePublished":"2026-02-24T09:00:34+00:00","breadcrumb":{"@id":"https:\/\/www.anovapeneira.gal\/index.php\/2026\/02\/24\/o-sr-x-cal-viva-e-outras-traizons\/#breadcrumb"},"inLanguage":"gl-ES","potentialAction":[{"@type":"ReadAction","target":["https:\/\/www.anovapeneira.gal\/index.php\/2026\/02\/24\/o-sr-x-cal-viva-e-outras-traizons\/"]}]},{"@type":"ImageObject","inLanguage":"gl-ES","@id":"https:\/\/www.anovapeneira.gal\/index.php\/2026\/02\/24\/o-sr-x-cal-viva-e-outras-traizons\/#primaryimage","url":"https:\/\/www.anovapeneira.gal\/wp-content\/uploads\/2019\/07\/ARTIGO_DE_OPINION_A_NOVA_PENEIRA.jpg","contentUrl":"https:\/\/www.anovapeneira.gal\/wp-content\/uploads\/2019\/07\/ARTIGO_DE_OPINION_A_NOVA_PENEIRA.jpg","width":720,"height":473,"caption":"Artigo de opini\u00f3n A Nova Peneira"},{"@type":"BreadcrumbList","@id":"https:\/\/www.anovapeneira.gal\/index.php\/2026\/02\/24\/o-sr-x-cal-viva-e-outras-traizons\/#breadcrumb","itemListElement":[{"@type":"ListItem","position":1,"name":"Portada","item":"https:\/\/www.anovapeneira.gal\/"},{"@type":"ListItem","position":2,"name":"O Sr. X, cal viva e outras traiz\u00f3ns"}]},{"@type":"WebSite","@id":"https:\/\/www.anovapeneira.gal\/#website","url":"https:\/\/www.anovapeneira.gal\/","name":"","description":"Xornal galego de informaci\u00f3n xeral Publicaci\u00f3n mensual de novas de Galicia e en especial dos Concellos da sur da provincia de Pontevedra.","publisher":{"@id":"https:\/\/www.anovapeneira.gal\/#organization"},"potentialAction":[{"@type":"SearchAction","target":{"@type":"EntryPoint","urlTemplate":"https:\/\/www.anovapeneira.gal\/?s={search_term_string}"},"query-input":{"@type":"PropertyValueSpecification","valueRequired":true,"valueName":"search_term_string"}}],"inLanguage":"gl-ES"},{"@type":"Organization","@id":"https:\/\/www.anovapeneira.gal\/#organization","name":"A Nova Peneira","url":"https:\/\/www.anovapeneira.gal\/","logo":{"@type":"ImageObject","inLanguage":"gl-ES","@id":"https:\/\/www.anovapeneira.gal\/#\/schema\/logo\/image\/","url":"http:\/\/www.anovapeneira.gal\/wp-content\/uploads\/2019\/06\/logo_a_nova_peneira_portal_web.png","contentUrl":"http:\/\/www.anovapeneira.gal\/wp-content\/uploads\/2019\/06\/logo_a_nova_peneira_portal_web.png","width":300,"height":100,"caption":"A Nova Peneira"},"image":{"@id":"https:\/\/www.anovapeneira.gal\/#\/schema\/logo\/image\/"},"sameAs":["https:\/\/www.facebook.com\/anovapeneira","https:\/\/x.com\/APeneira"]},{"@type":"Person","@id":"https:\/\/www.anovapeneira.gal\/#\/schema\/person\/d9d84823564720e7593293bab054e52d","name":"Marcos Santos","image":{"@type":"ImageObject","inLanguage":"gl-ES","@id":"https:\/\/secure.gravatar.com\/avatar\/0e8017099a7a47c0a9d2275e865fe326484561eb3d70649069e4b8e61a8d2e8c?s=96&d=mm&r=g","url":"https:\/\/secure.gravatar.com\/avatar\/0e8017099a7a47c0a9d2275e865fe326484561eb3d70649069e4b8e61a8d2e8c?s=96&d=mm&r=g","contentUrl":"https:\/\/secure.gravatar.com\/avatar\/0e8017099a7a47c0a9d2275e865fe326484561eb3d70649069e4b8e61a8d2e8c?s=96&d=mm&r=g","caption":"Marcos Santos"},"sameAs":["http:\/\/anovapeneira.gal"],"url":"https:\/\/www.anovapeneira.gal\/index.php\/author\/marcos-santos\/"}]}},"jetpack_featured_media_url":"https:\/\/www.anovapeneira.gal\/wp-content\/uploads\/2019\/07\/ARTIGO_DE_OPINION_A_NOVA_PENEIRA.jpg","_links":{"self":[{"href":"https:\/\/www.anovapeneira.gal\/index.php\/wp-json\/wp\/v2\/posts\/15382","targetHints":{"allow":["GET"]}}],"collection":[{"href":"https:\/\/www.anovapeneira.gal\/index.php\/wp-json\/wp\/v2\/posts"}],"about":[{"href":"https:\/\/www.anovapeneira.gal\/index.php\/wp-json\/wp\/v2\/types\/post"}],"author":[{"embeddable":true,"href":"https:\/\/www.anovapeneira.gal\/index.php\/wp-json\/wp\/v2\/users\/6"}],"replies":[{"embeddable":true,"href":"https:\/\/www.anovapeneira.gal\/index.php\/wp-json\/wp\/v2\/comments?post=15382"}],"version-history":[{"count":1,"href":"https:\/\/www.anovapeneira.gal\/index.php\/wp-json\/wp\/v2\/posts\/15382\/revisions"}],"predecessor-version":[{"id":15383,"href":"https:\/\/www.anovapeneira.gal\/index.php\/wp-json\/wp\/v2\/posts\/15382\/revisions\/15383"}],"wp:featuredmedia":[{"embeddable":true,"href":"https:\/\/www.anovapeneira.gal\/index.php\/wp-json\/wp\/v2\/media\/584"}],"wp:attachment":[{"href":"https:\/\/www.anovapeneira.gal\/index.php\/wp-json\/wp\/v2\/media?parent=15382"}],"wp:term":[{"taxonomy":"category","embeddable":true,"href":"https:\/\/www.anovapeneira.gal\/index.php\/wp-json\/wp\/v2\/categories?post=15382"},{"taxonomy":"post_tag","embeddable":true,"href":"https:\/\/www.anovapeneira.gal\/index.php\/wp-json\/wp\/v2\/tags?post=15382"}],"curies":[{"name":"wp","href":"https:\/\/api.w.org\/{rel}","templated":true}]}}