{"id":15384,"date":"2026-02-24T12:00:50","date_gmt":"2026-02-24T11:00:50","guid":{"rendered":"https:\/\/www.anovapeneira.gal\/?p=15384"},"modified":"2026-02-17T08:03:07","modified_gmt":"2026-02-17T07:03:07","slug":"rojava-protectorado-do-imperialismo-ianqui","status":"publish","type":"post","link":"https:\/\/www.anovapeneira.gal\/index.php\/2026\/02\/24\/rojava-protectorado-do-imperialismo-ianqui\/","title":{"rendered":"Rojava, protectorado do imperialismo ianqui."},"content":{"rendered":"\n<pre class=\"wp-block-verse\"><strong>Paulo Peres Lago [Comit\u00e9 Antifascista da Lourinha]<\/strong><\/pre>\n\n\n\n<p>Siria \u00e9 unha peza importante debido a s\u00faa posici\u00f3n xeogr\u00e1fica. Non ten grandes riquezas en recursos enerx\u00e9ticos, nin minerais, mais est\u00e1 nun lugar primordial para as rutas comerciais, enerx\u00e9ticas, e de cadea de subministraci\u00f3n.<\/p>\n\n\n\n<p>O imperialismo anglo-ianqui-sionista intenta frear o crecemento dos BRICS cortando esas rutas, que serve para que o ente xenocida e criminal sionazista poida expandirse como fixo cara os altos do Gol\u00e1n, creando un colch\u00f3n estrat\u00e9xico e apropi\u00e1ndose das riquezas acu\u00edferas. O protectorado Rojavo, subvencionado, armado, e soportado loxisticamente pola CIA e o Pent\u00e1gono, funcionaron como pinza no derrocamento de Al-Assad, como unha pata que sostivo os plans do sindicato do crime (Mossad, CIA, MI6, DGSE), xunto con Turqu\u00eda, para a balcanizaci\u00f3n da Rep\u00fablica \u00c1rabe Siria.<\/p>\n\n\n\n<p>No seu momento, Al-Assad permitiu que os kurdos ingresaran no norte para protexerse dos ataques de Al-Qaeda e o ISIS, mais traizoaron ao pobo sirio no 2011, cando colaboraron co chamado Ex\u00e9rcito Libre Sirio, unha torre de Babel de mercenarios sanguentos \u00e1s ordes emitidas dende Langley en Virginia, e que xunto aos chamados cascos brancos, fac\u00edan montaxes de ataques de falsa bandeira con armas qu\u00edmicas para culpar ao goberno de Al-Assad de masacrar ao pobo sirio.<\/p>\n\n\n\n<p>Estes traidores das YPG\/YPJ, xunto ao PKK, arrebataron as zonas no norte m\u00e1is ricas en petr\u00f3leo e en terras agr\u00edcolas, contribu\u00edron a empobrecer ao pobo sirio, e estiveron entregando esas riquezas aos EUA. Son aut\u00e9nticas tropas terrestres baixo o mando de xenerais ianquis que te\u00f1en m\u00e1is de dez bases militares na zona, simples monicreques imperialistas que ser\u00e1n entregados a Erdogan para que os masacre como fai cos kurdos na Turqu\u00eda. Na actualidade cos yihadistas no poder en Siria, estamos vendo como xa non son funcionais aos intereses imperialistas, e agora perante o abandono, os kurdos manif\u00e9stanse diante das embaixadas ianquis para pedir protecci\u00f3n, tal e como fixeron no Reino Unido e no Iraq.<\/p>\n\n\n\n<p>As YPG e o PKK cr\u00edanse a salvo no seu protectorado dese\u00f1ado polo Pent\u00e1gono, escoitaron os cantos de serea nas voces de militares ianquis, promet\u00edanse moi felices ata que os intereses do \u201camigo norteamericano\u201d virou completamente. Pensaban erroneamente que os EUA \u00edan enfrontarse a Turqu\u00eda, un pa\u00eds da OTAN para defendelos dos planos que Erdogan ten para esa zona? Perante anos venderon a idea dunha Rojava \u201cautoorganizada\u201d, \u201ccomunas independentes\u201d, \u00e1 vez que protex\u00edan os negocios norteamericanos na zona. Uns mercenarios baixo protecci\u00f3n ianqui, mais que con estas consignas consegueron \u201cfascinar\u201d a troskos, anarcolibertadores, e demais fauna das esquerdas progre-woke.<\/p>\n\n\n\n<p>Con fotos de mulleres armadas con AK-47, engaiolaron a unha tropa de antiimperialistas de sof\u00e1 que nin leron, nin ler\u00e1n a Marx, Lenin\u2026etc, iso s\u00ed, seguen a individuos que sacan frases de contexto, moi dados a consignas de \u201cpacotilla\u201d, que co\u00f1ecen a algu\u00e9n que \u00e9 amigo doutro, que di que leu a un que ten un libro sobre imperialismo. Son os parvos \u00fatiles \u00e1s directrices das administraci\u00f3ns ianquis, os mesmos que definen a guerra da OTAN por medio da Ukronazia contra Rusia como guerra interimperialista, os mesmos que ollan a unha muller kurda con un fusil e din que \u00e9 unha muller empodeirada, mais se a muller leva hijab e \u00e9 iran\u00ed, coitada hai que derrocar a terr\u00edbel ditadura dos Ayatol\u00e1s.<\/p>\n\n\n\n<p>Son os que cami\u00f1an cos anteollos euroc\u00e9ntricos e que homologan todo segundo est\u00e1ndares europeos, mercan toda teor\u00eda sa\u00edda dos think-thank norteamericanos, incapaces de elaborar pensamento propio, revestindo os seus posicionamentos con ret\u00f3rica subversiva, resultando en revolucionarios de sal\u00f3n que fan reuni\u00f3ns hiper-mega-anticapitalistas no Burguer King. No estado espa\u00f1ol os troskos chiquilicuatre e a camarilla progre-reformista-woke, saen \u00e1s ruas a defender un proxecto anticapitalista, autoxestionado, armado, e financiado con d\u00f3lares que obedece a intereses dos EUA? O chiste c\u00f3ntase s\u00f3.<\/p>\n\n\n\n<p><a><\/a> Igual que os kurdos, acabar\u00e1n manifest\u00e1ndose para solicitar protecci\u00f3n diante das embaixadas ianquis para Rojava? Para un trosko nada \u00e9 impos\u00edbel.<\/p>\n\n\n\n<p>Antifascistas e antiimperialistas sempre!<\/p>\n","protected":false},"excerpt":{"rendered":"<div class=\"mh-excerpt\"><p>Siria \u00e9 unha peza importante debido a s\u00faa posici\u00f3n xeogr\u00e1fica. Non ten grandes riquezas en recursos enerx\u00e9ticos, nin minerais, mais est\u00e1 nun lugar primordial para as rutas comerciais, enerx\u00e9ticas, e de cadea de subministraci\u00f3n <a class=\"mh-excerpt-more\" href=\"https:\/\/www.anovapeneira.gal\/index.php\/2026\/02\/24\/rojava-protectorado-do-imperialismo-ianqui\/\" title=\"Rojava, protectorado do imperialismo ianqui.\">[&#8230;]<\/a><\/p>\n<\/div>","protected":false},"author":12,"featured_media":13810,"comment_status":"open","ping_status":"open","sticky":false,"template":"","format":"standard","meta":{"_exactmetrics_skip_tracking":false,"_exactmetrics_sitenote_active":false,"_exactmetrics_sitenote_note":"","_exactmetrics_sitenote_category":0,"footnotes":""},"categories":[7],"tags":[],"class_list":{"0":"post-15384","1":"post","2":"type-post","3":"status-publish","4":"format-standard","5":"has-post-thumbnail","7":"category-artigos-de-opinion"},"yoast_head":"<!-- This site is optimized with the Yoast SEO plugin v27.4 - https:\/\/yoast.com\/product\/yoast-seo-wordpress\/ -->\n<title>Rojava, protectorado do imperialismo ianqui. -<\/title>\n<meta name=\"robots\" content=\"index, follow, max-snippet:-1, max-image-preview:large, max-video-preview:-1\" \/>\n<link rel=\"canonical\" href=\"https:\/\/www.anovapeneira.gal\/index.php\/2026\/02\/24\/rojava-protectorado-do-imperialismo-ianqui\/\" \/>\n<meta property=\"og:locale\" content=\"gl_ES\" \/>\n<meta property=\"og:type\" content=\"article\" \/>\n<meta property=\"og:title\" content=\"Rojava, protectorado do imperialismo ianqui. -\" \/>\n<meta property=\"og:description\" content=\"Siria \u00e9 unha peza importante debido a s\u00faa posici\u00f3n xeogr\u00e1fica. Non ten grandes riquezas en recursos enerx\u00e9ticos, nin minerais, mais est\u00e1 nun lugar primordial para as rutas comerciais, enerx\u00e9ticas, e de cadea de subministraci\u00f3n [...]\" \/>\n<meta property=\"og:url\" content=\"https:\/\/www.anovapeneira.gal\/index.php\/2026\/02\/24\/rojava-protectorado-do-imperialismo-ianqui\/\" \/>\n<meta property=\"article:publisher\" content=\"https:\/\/www.facebook.com\/anovapeneira\" \/>\n<meta property=\"article:published_time\" content=\"2026-02-24T11:00:50+00:00\" \/>\n<meta property=\"og:image\" content=\"https:\/\/www.anovapeneira.gal\/wp-content\/uploads\/2025\/04\/paulo_peres.jpg\" \/>\n\t<meta property=\"og:image:width\" content=\"720\" \/>\n\t<meta property=\"og:image:height\" content=\"432\" \/>\n\t<meta property=\"og:image:type\" content=\"image\/jpeg\" \/>\n<meta name=\"author\" content=\"Artigos Opini\u00f3n\" \/>\n<meta name=\"twitter:card\" content=\"summary_large_image\" \/>\n<meta name=\"twitter:creator\" content=\"@APeneira\" \/>\n<meta name=\"twitter:site\" content=\"@APeneira\" \/>\n<meta name=\"twitter:label1\" content=\"Escrito por\" \/>\n\t<meta name=\"twitter:data1\" content=\"Artigos Opini\u00f3n\" \/>\n\t<meta name=\"twitter:label2\" content=\"Tempo de lectura\" \/>\n\t<meta name=\"twitter:data2\" content=\"4 minutos\" \/>\n<script type=\"application\/ld+json\" class=\"yoast-schema-graph\">{\"@context\":\"https:\\\/\\\/schema.org\",\"@graph\":[{\"@type\":\"Article\",\"@id\":\"https:\\\/\\\/www.anovapeneira.gal\\\/index.php\\\/2026\\\/02\\\/24\\\/rojava-protectorado-do-imperialismo-ianqui\\\/#article\",\"isPartOf\":{\"@id\":\"https:\\\/\\\/www.anovapeneira.gal\\\/index.php\\\/2026\\\/02\\\/24\\\/rojava-protectorado-do-imperialismo-ianqui\\\/\"},\"author\":{\"name\":\"Artigos Opini\u00f3n\",\"@id\":\"https:\\\/\\\/www.anovapeneira.gal\\\/#\\\/schema\\\/person\\\/f18a4feb302e8f20bcef4490b5b60bb3\"},\"headline\":\"Rojava, protectorado do imperialismo ianqui.\",\"datePublished\":\"2026-02-24T11:00:50+00:00\",\"mainEntityOfPage\":{\"@id\":\"https:\\\/\\\/www.anovapeneira.gal\\\/index.php\\\/2026\\\/02\\\/24\\\/rojava-protectorado-do-imperialismo-ianqui\\\/\"},\"wordCount\":690,\"commentCount\":0,\"publisher\":{\"@id\":\"https:\\\/\\\/www.anovapeneira.gal\\\/#organization\"},\"image\":{\"@id\":\"https:\\\/\\\/www.anovapeneira.gal\\\/index.php\\\/2026\\\/02\\\/24\\\/rojava-protectorado-do-imperialismo-ianqui\\\/#primaryimage\"},\"thumbnailUrl\":\"https:\\\/\\\/www.anovapeneira.gal\\\/wp-content\\\/uploads\\\/2025\\\/04\\\/paulo_peres.jpg\",\"articleSection\":[\"Artigos de opini\u00f3n\"],\"inLanguage\":\"gl-ES\",\"potentialAction\":[{\"@type\":\"CommentAction\",\"name\":\"Comment\",\"target\":[\"https:\\\/\\\/www.anovapeneira.gal\\\/index.php\\\/2026\\\/02\\\/24\\\/rojava-protectorado-do-imperialismo-ianqui\\\/#respond\"]}]},{\"@type\":\"WebPage\",\"@id\":\"https:\\\/\\\/www.anovapeneira.gal\\\/index.php\\\/2026\\\/02\\\/24\\\/rojava-protectorado-do-imperialismo-ianqui\\\/\",\"url\":\"https:\\\/\\\/www.anovapeneira.gal\\\/index.php\\\/2026\\\/02\\\/24\\\/rojava-protectorado-do-imperialismo-ianqui\\\/\",\"name\":\"Rojava, protectorado do imperialismo ianqui. -\",\"isPartOf\":{\"@id\":\"https:\\\/\\\/www.anovapeneira.gal\\\/#website\"},\"primaryImageOfPage\":{\"@id\":\"https:\\\/\\\/www.anovapeneira.gal\\\/index.php\\\/2026\\\/02\\\/24\\\/rojava-protectorado-do-imperialismo-ianqui\\\/#primaryimage\"},\"image\":{\"@id\":\"https:\\\/\\\/www.anovapeneira.gal\\\/index.php\\\/2026\\\/02\\\/24\\\/rojava-protectorado-do-imperialismo-ianqui\\\/#primaryimage\"},\"thumbnailUrl\":\"https:\\\/\\\/www.anovapeneira.gal\\\/wp-content\\\/uploads\\\/2025\\\/04\\\/paulo_peres.jpg\",\"datePublished\":\"2026-02-24T11:00:50+00:00\",\"breadcrumb\":{\"@id\":\"https:\\\/\\\/www.anovapeneira.gal\\\/index.php\\\/2026\\\/02\\\/24\\\/rojava-protectorado-do-imperialismo-ianqui\\\/#breadcrumb\"},\"inLanguage\":\"gl-ES\",\"potentialAction\":[{\"@type\":\"ReadAction\",\"target\":[\"https:\\\/\\\/www.anovapeneira.gal\\\/index.php\\\/2026\\\/02\\\/24\\\/rojava-protectorado-do-imperialismo-ianqui\\\/\"]}]},{\"@type\":\"ImageObject\",\"inLanguage\":\"gl-ES\",\"@id\":\"https:\\\/\\\/www.anovapeneira.gal\\\/index.php\\\/2026\\\/02\\\/24\\\/rojava-protectorado-do-imperialismo-ianqui\\\/#primaryimage\",\"url\":\"https:\\\/\\\/www.anovapeneira.gal\\\/wp-content\\\/uploads\\\/2025\\\/04\\\/paulo_peres.jpg\",\"contentUrl\":\"https:\\\/\\\/www.anovapeneira.gal\\\/wp-content\\\/uploads\\\/2025\\\/04\\\/paulo_peres.jpg\",\"width\":720,\"height\":432,\"caption\":\"Paulo Peres\"},{\"@type\":\"BreadcrumbList\",\"@id\":\"https:\\\/\\\/www.anovapeneira.gal\\\/index.php\\\/2026\\\/02\\\/24\\\/rojava-protectorado-do-imperialismo-ianqui\\\/#breadcrumb\",\"itemListElement\":[{\"@type\":\"ListItem\",\"position\":1,\"name\":\"Portada\",\"item\":\"https:\\\/\\\/www.anovapeneira.gal\\\/\"},{\"@type\":\"ListItem\",\"position\":2,\"name\":\"Rojava, protectorado do imperialismo ianqui.\"}]},{\"@type\":\"WebSite\",\"@id\":\"https:\\\/\\\/www.anovapeneira.gal\\\/#website\",\"url\":\"https:\\\/\\\/www.anovapeneira.gal\\\/\",\"name\":\"\",\"description\":\"Xornal galego de informaci\u00f3n xeral Publicaci\u00f3n mensual de novas de Galicia e en especial dos Concellos da sur da provincia de Pontevedra.\",\"publisher\":{\"@id\":\"https:\\\/\\\/www.anovapeneira.gal\\\/#organization\"},\"potentialAction\":[{\"@type\":\"SearchAction\",\"target\":{\"@type\":\"EntryPoint\",\"urlTemplate\":\"https:\\\/\\\/www.anovapeneira.gal\\\/?s={search_term_string}\"},\"query-input\":{\"@type\":\"PropertyValueSpecification\",\"valueRequired\":true,\"valueName\":\"search_term_string\"}}],\"inLanguage\":\"gl-ES\"},{\"@type\":\"Organization\",\"@id\":\"https:\\\/\\\/www.anovapeneira.gal\\\/#organization\",\"name\":\"A Nova Peneira\",\"url\":\"https:\\\/\\\/www.anovapeneira.gal\\\/\",\"logo\":{\"@type\":\"ImageObject\",\"inLanguage\":\"gl-ES\",\"@id\":\"https:\\\/\\\/www.anovapeneira.gal\\\/#\\\/schema\\\/logo\\\/image\\\/\",\"url\":\"http:\\\/\\\/www.anovapeneira.gal\\\/wp-content\\\/uploads\\\/2019\\\/06\\\/logo_a_nova_peneira_portal_web.png\",\"contentUrl\":\"http:\\\/\\\/www.anovapeneira.gal\\\/wp-content\\\/uploads\\\/2019\\\/06\\\/logo_a_nova_peneira_portal_web.png\",\"width\":300,\"height\":100,\"caption\":\"A Nova Peneira\"},\"image\":{\"@id\":\"https:\\\/\\\/www.anovapeneira.gal\\\/#\\\/schema\\\/logo\\\/image\\\/\"},\"sameAs\":[\"https:\\\/\\\/www.facebook.com\\\/anovapeneira\",\"https:\\\/\\\/x.com\\\/APeneira\"]},{\"@type\":\"Person\",\"@id\":\"https:\\\/\\\/www.anovapeneira.gal\\\/#\\\/schema\\\/person\\\/f18a4feb302e8f20bcef4490b5b60bb3\",\"name\":\"Artigos Opini\u00f3n\",\"image\":{\"@type\":\"ImageObject\",\"inLanguage\":\"gl-ES\",\"@id\":\"https:\\\/\\\/secure.gravatar.com\\\/avatar\\\/072844300f4881150aee2da4278f7a65d16eefdf8262eb67085f1e702de2b959?s=96&d=mm&r=g\",\"url\":\"https:\\\/\\\/secure.gravatar.com\\\/avatar\\\/072844300f4881150aee2da4278f7a65d16eefdf8262eb67085f1e702de2b959?s=96&d=mm&r=g\",\"contentUrl\":\"https:\\\/\\\/secure.gravatar.com\\\/avatar\\\/072844300f4881150aee2da4278f7a65d16eefdf8262eb67085f1e702de2b959?s=96&d=mm&r=g\",\"caption\":\"Artigos Opini\u00f3n\"},\"sameAs\":[\"http:\\\/\\\/anovapeneira.gal\"],\"url\":\"https:\\\/\\\/www.anovapeneira.gal\\\/index.php\\\/author\\\/artigosopinion\\\/\"}]}<\/script>\n<!-- \/ Yoast SEO plugin. -->","yoast_head_json":{"title":"Rojava, protectorado do imperialismo ianqui. -","robots":{"index":"index","follow":"follow","max-snippet":"max-snippet:-1","max-image-preview":"max-image-preview:large","max-video-preview":"max-video-preview:-1"},"canonical":"https:\/\/www.anovapeneira.gal\/index.php\/2026\/02\/24\/rojava-protectorado-do-imperialismo-ianqui\/","og_locale":"gl_ES","og_type":"article","og_title":"Rojava, protectorado do imperialismo ianqui. -","og_description":"Siria \u00e9 unha peza importante debido a s\u00faa posici\u00f3n xeogr\u00e1fica. Non ten grandes riquezas en recursos enerx\u00e9ticos, nin minerais, mais est\u00e1 nun lugar primordial para as rutas comerciais, enerx\u00e9ticas, e de cadea de subministraci\u00f3n [...]","og_url":"https:\/\/www.anovapeneira.gal\/index.php\/2026\/02\/24\/rojava-protectorado-do-imperialismo-ianqui\/","article_publisher":"https:\/\/www.facebook.com\/anovapeneira","article_published_time":"2026-02-24T11:00:50+00:00","og_image":[{"width":720,"height":432,"url":"https:\/\/www.anovapeneira.gal\/wp-content\/uploads\/2025\/04\/paulo_peres.jpg","type":"image\/jpeg"}],"author":"Artigos Opini\u00f3n","twitter_card":"summary_large_image","twitter_creator":"@APeneira","twitter_site":"@APeneira","twitter_misc":{"Escrito por":"Artigos Opini\u00f3n","Tempo de lectura":"4 minutos"},"schema":{"@context":"https:\/\/schema.org","@graph":[{"@type":"Article","@id":"https:\/\/www.anovapeneira.gal\/index.php\/2026\/02\/24\/rojava-protectorado-do-imperialismo-ianqui\/#article","isPartOf":{"@id":"https:\/\/www.anovapeneira.gal\/index.php\/2026\/02\/24\/rojava-protectorado-do-imperialismo-ianqui\/"},"author":{"name":"Artigos Opini\u00f3n","@id":"https:\/\/www.anovapeneira.gal\/#\/schema\/person\/f18a4feb302e8f20bcef4490b5b60bb3"},"headline":"Rojava, protectorado do imperialismo ianqui.","datePublished":"2026-02-24T11:00:50+00:00","mainEntityOfPage":{"@id":"https:\/\/www.anovapeneira.gal\/index.php\/2026\/02\/24\/rojava-protectorado-do-imperialismo-ianqui\/"},"wordCount":690,"commentCount":0,"publisher":{"@id":"https:\/\/www.anovapeneira.gal\/#organization"},"image":{"@id":"https:\/\/www.anovapeneira.gal\/index.php\/2026\/02\/24\/rojava-protectorado-do-imperialismo-ianqui\/#primaryimage"},"thumbnailUrl":"https:\/\/www.anovapeneira.gal\/wp-content\/uploads\/2025\/04\/paulo_peres.jpg","articleSection":["Artigos de opini\u00f3n"],"inLanguage":"gl-ES","potentialAction":[{"@type":"CommentAction","name":"Comment","target":["https:\/\/www.anovapeneira.gal\/index.php\/2026\/02\/24\/rojava-protectorado-do-imperialismo-ianqui\/#respond"]}]},{"@type":"WebPage","@id":"https:\/\/www.anovapeneira.gal\/index.php\/2026\/02\/24\/rojava-protectorado-do-imperialismo-ianqui\/","url":"https:\/\/www.anovapeneira.gal\/index.php\/2026\/02\/24\/rojava-protectorado-do-imperialismo-ianqui\/","name":"Rojava, protectorado do imperialismo ianqui. -","isPartOf":{"@id":"https:\/\/www.anovapeneira.gal\/#website"},"primaryImageOfPage":{"@id":"https:\/\/www.anovapeneira.gal\/index.php\/2026\/02\/24\/rojava-protectorado-do-imperialismo-ianqui\/#primaryimage"},"image":{"@id":"https:\/\/www.anovapeneira.gal\/index.php\/2026\/02\/24\/rojava-protectorado-do-imperialismo-ianqui\/#primaryimage"},"thumbnailUrl":"https:\/\/www.anovapeneira.gal\/wp-content\/uploads\/2025\/04\/paulo_peres.jpg","datePublished":"2026-02-24T11:00:50+00:00","breadcrumb":{"@id":"https:\/\/www.anovapeneira.gal\/index.php\/2026\/02\/24\/rojava-protectorado-do-imperialismo-ianqui\/#breadcrumb"},"inLanguage":"gl-ES","potentialAction":[{"@type":"ReadAction","target":["https:\/\/www.anovapeneira.gal\/index.php\/2026\/02\/24\/rojava-protectorado-do-imperialismo-ianqui\/"]}]},{"@type":"ImageObject","inLanguage":"gl-ES","@id":"https:\/\/www.anovapeneira.gal\/index.php\/2026\/02\/24\/rojava-protectorado-do-imperialismo-ianqui\/#primaryimage","url":"https:\/\/www.anovapeneira.gal\/wp-content\/uploads\/2025\/04\/paulo_peres.jpg","contentUrl":"https:\/\/www.anovapeneira.gal\/wp-content\/uploads\/2025\/04\/paulo_peres.jpg","width":720,"height":432,"caption":"Paulo Peres"},{"@type":"BreadcrumbList","@id":"https:\/\/www.anovapeneira.gal\/index.php\/2026\/02\/24\/rojava-protectorado-do-imperialismo-ianqui\/#breadcrumb","itemListElement":[{"@type":"ListItem","position":1,"name":"Portada","item":"https:\/\/www.anovapeneira.gal\/"},{"@type":"ListItem","position":2,"name":"Rojava, protectorado do imperialismo ianqui."}]},{"@type":"WebSite","@id":"https:\/\/www.anovapeneira.gal\/#website","url":"https:\/\/www.anovapeneira.gal\/","name":"","description":"Xornal galego de informaci\u00f3n xeral Publicaci\u00f3n mensual de novas de Galicia e en especial dos Concellos da sur da provincia de Pontevedra.","publisher":{"@id":"https:\/\/www.anovapeneira.gal\/#organization"},"potentialAction":[{"@type":"SearchAction","target":{"@type":"EntryPoint","urlTemplate":"https:\/\/www.anovapeneira.gal\/?s={search_term_string}"},"query-input":{"@type":"PropertyValueSpecification","valueRequired":true,"valueName":"search_term_string"}}],"inLanguage":"gl-ES"},{"@type":"Organization","@id":"https:\/\/www.anovapeneira.gal\/#organization","name":"A Nova Peneira","url":"https:\/\/www.anovapeneira.gal\/","logo":{"@type":"ImageObject","inLanguage":"gl-ES","@id":"https:\/\/www.anovapeneira.gal\/#\/schema\/logo\/image\/","url":"http:\/\/www.anovapeneira.gal\/wp-content\/uploads\/2019\/06\/logo_a_nova_peneira_portal_web.png","contentUrl":"http:\/\/www.anovapeneira.gal\/wp-content\/uploads\/2019\/06\/logo_a_nova_peneira_portal_web.png","width":300,"height":100,"caption":"A Nova Peneira"},"image":{"@id":"https:\/\/www.anovapeneira.gal\/#\/schema\/logo\/image\/"},"sameAs":["https:\/\/www.facebook.com\/anovapeneira","https:\/\/x.com\/APeneira"]},{"@type":"Person","@id":"https:\/\/www.anovapeneira.gal\/#\/schema\/person\/f18a4feb302e8f20bcef4490b5b60bb3","name":"Artigos Opini\u00f3n","image":{"@type":"ImageObject","inLanguage":"gl-ES","@id":"https:\/\/secure.gravatar.com\/avatar\/072844300f4881150aee2da4278f7a65d16eefdf8262eb67085f1e702de2b959?s=96&d=mm&r=g","url":"https:\/\/secure.gravatar.com\/avatar\/072844300f4881150aee2da4278f7a65d16eefdf8262eb67085f1e702de2b959?s=96&d=mm&r=g","contentUrl":"https:\/\/secure.gravatar.com\/avatar\/072844300f4881150aee2da4278f7a65d16eefdf8262eb67085f1e702de2b959?s=96&d=mm&r=g","caption":"Artigos Opini\u00f3n"},"sameAs":["http:\/\/anovapeneira.gal"],"url":"https:\/\/www.anovapeneira.gal\/index.php\/author\/artigosopinion\/"}]}},"jetpack_featured_media_url":"https:\/\/www.anovapeneira.gal\/wp-content\/uploads\/2025\/04\/paulo_peres.jpg","_links":{"self":[{"href":"https:\/\/www.anovapeneira.gal\/index.php\/wp-json\/wp\/v2\/posts\/15384","targetHints":{"allow":["GET"]}}],"collection":[{"href":"https:\/\/www.anovapeneira.gal\/index.php\/wp-json\/wp\/v2\/posts"}],"about":[{"href":"https:\/\/www.anovapeneira.gal\/index.php\/wp-json\/wp\/v2\/types\/post"}],"author":[{"embeddable":true,"href":"https:\/\/www.anovapeneira.gal\/index.php\/wp-json\/wp\/v2\/users\/12"}],"replies":[{"embeddable":true,"href":"https:\/\/www.anovapeneira.gal\/index.php\/wp-json\/wp\/v2\/comments?post=15384"}],"version-history":[{"count":1,"href":"https:\/\/www.anovapeneira.gal\/index.php\/wp-json\/wp\/v2\/posts\/15384\/revisions"}],"predecessor-version":[{"id":15385,"href":"https:\/\/www.anovapeneira.gal\/index.php\/wp-json\/wp\/v2\/posts\/15384\/revisions\/15385"}],"wp:featuredmedia":[{"embeddable":true,"href":"https:\/\/www.anovapeneira.gal\/index.php\/wp-json\/wp\/v2\/media\/13810"}],"wp:attachment":[{"href":"https:\/\/www.anovapeneira.gal\/index.php\/wp-json\/wp\/v2\/media?parent=15384"}],"wp:term":[{"taxonomy":"category","embeddable":true,"href":"https:\/\/www.anovapeneira.gal\/index.php\/wp-json\/wp\/v2\/categories?post=15384"},{"taxonomy":"post_tag","embeddable":true,"href":"https:\/\/www.anovapeneira.gal\/index.php\/wp-json\/wp\/v2\/tags?post=15384"}],"curies":[{"name":"wp","href":"https:\/\/api.w.org\/{rel}","templated":true}]}}