{"id":15386,"date":"2026-02-25T10:00:58","date_gmt":"2026-02-25T09:00:58","guid":{"rendered":"https:\/\/www.anovapeneira.gal\/?p=15386"},"modified":"2026-02-17T08:10:53","modified_gmt":"2026-02-17T07:10:53","slug":"o-bng-de-vigo-rexeita-a-intencion-de-caballero-de-imponer-unha-barra-libre-expres-na-tramitacion-de-autorizacions-urbanisticas","status":"publish","type":"post","link":"https:\/\/www.anovapeneira.gal\/index.php\/2026\/02\/25\/o-bng-de-vigo-rexeita-a-intencion-de-caballero-de-imponer-unha-barra-libre-expres-na-tramitacion-de-autorizacions-urbanisticas\/","title":{"rendered":"O BNG de Vigo rexeita a intenci\u00f3n de Caballero de impo\u00f1er unha \u201cbarra libre expr\u00e9s\u201d na tramitaci\u00f3n de autorizaci\u00f3ns urban\u00edsticas"},"content":{"rendered":"\n<h2 class=\"wp-block-heading\">A fronte nacionalista formula dez emendas ao proxecto de nova ordenanza municipal de tramitaci\u00f3n de licenzas para reforzar as garant\u00edas e o control p\u00fablico<\/h2>\n\n\n\n<h2 class=\"wp-block-heading\">Propo\u00f1en limitar o uso de declaraci\u00f3ns respons\u00e1beis e comunicaci\u00f3ns previas, manter controis chave, reforzar a inspecci\u00f3n, e incorporar m\u00e1is mecanismos de transparencia e participaci\u00f3n cidad\u00e1<\/h2>\n\n\n\n<h2 class=\"wp-block-heading\">Xabier P. Igrexas: \u201cVigo xa ten demasiados exemplos de desorde urban\u00edstica como para permitir novos riscos, o tempo do urbanismo \u00e1 carta ten que rematar\u201d<\/h2>\n\n\n\n<p><strong>VIGO, 12 de febreiro 2026.<\/strong><\/p>\n\n\n\n<p>O Bloque Nacionalista Galego (BNG) de Vigo expresou hoxe a s\u00faa valoraci\u00f3n diante do proxecto de nova ordenanza municipal de tramitaci\u00f3n de licenzas urban\u00edsticas, trasladando o seu rexeitamento a que a nova norma se traduza nunha \u201cdesregulaci\u00f3n encuberta ou nun debilitamento das garant\u00edas urban\u00edsticas\u201d.<\/p>\n\n\n\n<p>As\u00ed o sinalou o portavoz municipal do BNG de Vigo, Xabier P. Igrexas, quen afirmando compartir a necesidade de axilizar procedementos administrativos e reducir demoras, alertou de que \u201cnon podemos aceptar a pretensi\u00f3n do Goberno de Abel Caballero de impo\u00f1er unha barra libre expr\u00e9s na tramitaci\u00f3n de licenzas e autorizaci\u00f3ns urban\u00edsticas\u201d.<\/p>\n\n\n\n<p>A proposta do Goberno municipal aposta, segundo explican desde o Bloque, nun modelo baseado nas declaraci\u00f3ns respons\u00e1beis e nas comunicaci\u00f3ns previas, con procedementos moito m\u00e1is laxos que as licenzas, e trasladando \u00e1 posterior inspecci\u00f3n o que debe ser unha funci\u00f3n p\u00fablica de control previo. \u201cA soluci\u00f3n ao colapso non \u00e9 reducir controis, sen\u00f3n reforzar os medios humanos e t\u00e9cnicos da Xerencia de Urbanismo, que leva anos padecendo unha clara insuficiencia de persoal\u201d, remarcou Igrexas.<\/p>\n\n\n\n<p>Con ese obxectivo a fronte nacionalista rexistrou 10 emendas parciais para lograr unha ordenanza \u00fatil, moderna e eficaz, pero tam\u00e9n rigorosa. \u201cAxilizar si, pero con garant\u00edas. Simplificar si, pero sen desprotexer a cidade\u201d, resumiu Igrexas, sinalando que non van aceptar que e pretenda vender como gran avance o que pode acabar sendo un paso atr\u00e1s no control democr\u00e1tico e na defensa do interese xeral nun \u00e1mbito tan importante para a cidade e tan goloso para a especulaci\u00f3n privada como \u00e9 o desenvolvemento urban\u00edstico.<\/p>\n\n\n\n<p>\u201cVigo xa ten demasiados exemplos de desorde urban\u00edstica como para permitir novos riscos, o tempo do urbanismo \u00e1 carta ten que rematar\u201d remachou o portavoz municipal nacionalista.<\/p>\n\n\n\n<p><strong>Emendas<\/strong><\/p>\n\n\n\n<p>As emendas do BNG \u00e1 nova ordenanza de tramitaci\u00f3n de licenzas urban\u00edsticas buscan garantir que a axilizaci\u00f3n administrativa non supo\u00f1a menos control p\u00fablico nin menos protecci\u00f3n do territorio.<\/p>\n\n\n\n<p>En primeiro lugar, propo\u00f1en limitar o uso da declaraci\u00f3n respons\u00e1bel e da comunicaci\u00f3n previa. Quedar\u00edan exclu\u00eddas actuaci\u00f3ns que afecten \u00e1 estrutura dos edificios, a inm\u00f3beis protexidos, a espazos p\u00fablicos, a solo r\u00fastico ou a \u00e1mbitos con especial sensibilidade ambiental ou patrimonial. O obxectivo, explica a fronte nacionalista, \u00e9 evitar que intervenci\u00f3ns de impacto relevante se executen sen un control previo rigoroso. Tam\u00e9n se defende manter a licenza obrigatoria para a primeira ocupaci\u00f3n das vivendas, como garant\u00eda de seguridade, accesibilidade e cumprimento da normativa antes de que unha edificaci\u00f3n poida ser habitada.<\/p>\n\n\n\n<p>Outro bloque de emendas reforza o papel dos servizos t\u00e9cnicos municipais. As certificaci\u00f3ns privadas non poder\u00e1n substitu\u00edr nin limitar a funci\u00f3n p\u00fablica de inspecci\u00f3n, e establ\u00e9cese que o silencio administrativo nunca poder\u00e1 xerar dereitos contrarios \u00e1 legalidade urban\u00edstica limitando os seus efectos positivos.<\/p>\n\n\n\n<p>Ademais, vinc\u00falase o sistema de control posterior \u00e1 necesidade de reforzar con medios suficientes de inspecci\u00f3n a Xerencia de Urbanismo, cunha avaliaci\u00f3n anual das necesidades de persoal e recursos.<\/p>\n\n\n\n<p>Ali\u00e1s, unha parte importante das propostas do BNG c\u00e9ntrase na transparencia e na participaci\u00f3n cidad\u00e1. Proponse crear un novo t\u00edtulo espec\u00edfico na ordenanza para garantir informaci\u00f3n p\u00fablica peri\u00f3dica sobre licenzas, declaraci\u00f3ns respons\u00e1beis, inspecci\u00f3ns e infracci\u00f3ns; elaborar un informe anual que se eleve ao Pleno; publicar datos en formato acces\u00edbel; habilitar canles para que a veci\u00f1anza poida presentar alertas; e constitu\u00edr un Consello Sectorial de Urbanismo.<\/p>\n\n\n\n<p>Finalmente, incl\u00faese unha disposici\u00f3n que fixa como principios reitores a precauci\u00f3n, a transparencia, o control democr\u00e1tico e a defensa do interese p\u00fablico xeral, para que a simplificaci\u00f3n administrativa non derive nunha desprotecci\u00f3n da cidade.<\/p>\n","protected":false},"excerpt":{"rendered":"<div class=\"mh-excerpt\"><p>A fronte nacionalista formula dez emendas ao proxecto de nova ordenanza municipal de tramitaci\u00f3n de licenzas para reforzar as garant\u00edas e o control p\u00fablico <a class=\"mh-excerpt-more\" href=\"https:\/\/www.anovapeneira.gal\/index.php\/2026\/02\/25\/o-bng-de-vigo-rexeita-a-intencion-de-caballero-de-imponer-unha-barra-libre-expres-na-tramitacion-de-autorizacions-urbanisticas\/\" title=\"O BNG de Vigo rexeita a intenci\u00f3n de Caballero de impo\u00f1er unha \u201cbarra libre expr\u00e9s\u201d na tramitaci\u00f3n de autorizaci\u00f3ns urban\u00edsticas\">[&#8230;]<\/a><\/p>\n<\/div>","protected":false},"author":3,"featured_media":13990,"comment_status":"open","ping_status":"open","sticky":false,"template":"","format":"standard","meta":{"_exactmetrics_skip_tracking":false,"_exactmetrics_sitenote_active":false,"_exactmetrics_sitenote_note":"","_exactmetrics_sitenote_category":0,"footnotes":""},"categories":[19],"tags":[227],"class_list":{"0":"post-15386","1":"post","2":"type-post","3":"status-publish","4":"format-standard","5":"has-post-thumbnail","7":"category-vigo","8":"tag-concello-de-vigo"},"yoast_head":"<!-- This site is optimized with the Yoast SEO plugin v27.4 - https:\/\/yoast.com\/product\/yoast-seo-wordpress\/ -->\n<title>O BNG de Vigo rexeita a intenci\u00f3n de Caballero de impo\u00f1er unha \u201cbarra libre expr\u00e9s\u201d na tramitaci\u00f3n de autorizaci\u00f3ns urban\u00edsticas -<\/title>\n<meta name=\"robots\" content=\"index, follow, max-snippet:-1, max-image-preview:large, max-video-preview:-1\" \/>\n<link rel=\"canonical\" href=\"https:\/\/www.anovapeneira.gal\/index.php\/2026\/02\/25\/o-bng-de-vigo-rexeita-a-intencion-de-caballero-de-imponer-unha-barra-libre-expres-na-tramitacion-de-autorizacions-urbanisticas\/\" \/>\n<meta property=\"og:locale\" content=\"gl_ES\" \/>\n<meta property=\"og:type\" content=\"article\" \/>\n<meta property=\"og:title\" content=\"O BNG de Vigo rexeita a intenci\u00f3n de Caballero de impo\u00f1er unha \u201cbarra libre expr\u00e9s\u201d na tramitaci\u00f3n de autorizaci\u00f3ns urban\u00edsticas -\" \/>\n<meta property=\"og:description\" content=\"A fronte nacionalista formula dez emendas ao proxecto de nova ordenanza municipal de tramitaci\u00f3n de licenzas para reforzar as garant\u00edas e o control p\u00fablico [...]\" \/>\n<meta property=\"og:url\" content=\"https:\/\/www.anovapeneira.gal\/index.php\/2026\/02\/25\/o-bng-de-vigo-rexeita-a-intencion-de-caballero-de-imponer-unha-barra-libre-expres-na-tramitacion-de-autorizacions-urbanisticas\/\" \/>\n<meta property=\"article:publisher\" content=\"https:\/\/www.facebook.com\/anovapeneira\" \/>\n<meta property=\"article:published_time\" content=\"2026-02-25T09:00:58+00:00\" \/>\n<meta property=\"og:image\" content=\"https:\/\/www.anovapeneira.gal\/wp-content\/uploads\/2025\/06\/Xabier_p_igresas.jpg\" \/>\n\t<meta property=\"og:image:width\" content=\"720\" \/>\n\t<meta property=\"og:image:height\" content=\"432\" \/>\n\t<meta property=\"og:image:type\" content=\"image\/jpeg\" \/>\n<meta name=\"author\" content=\"Redacci\u00f3n A Nova Peneira\" \/>\n<meta name=\"twitter:card\" content=\"summary_large_image\" \/>\n<meta name=\"twitter:creator\" content=\"@APeneira\" \/>\n<meta name=\"twitter:site\" content=\"@APeneira\" \/>\n<meta name=\"twitter:label1\" content=\"Escrito por\" \/>\n\t<meta name=\"twitter:data1\" content=\"Redacci\u00f3n A Nova Peneira\" \/>\n\t<meta name=\"twitter:label2\" content=\"Tempo de lectura\" \/>\n\t<meta name=\"twitter:data2\" content=\"4 minutos\" \/>\n<script type=\"application\/ld+json\" class=\"yoast-schema-graph\">{\"@context\":\"https:\\\/\\\/schema.org\",\"@graph\":[{\"@type\":\"Article\",\"@id\":\"https:\\\/\\\/www.anovapeneira.gal\\\/index.php\\\/2026\\\/02\\\/25\\\/o-bng-de-vigo-rexeita-a-intencion-de-caballero-de-imponer-unha-barra-libre-expres-na-tramitacion-de-autorizacions-urbanisticas\\\/#article\",\"isPartOf\":{\"@id\":\"https:\\\/\\\/www.anovapeneira.gal\\\/index.php\\\/2026\\\/02\\\/25\\\/o-bng-de-vigo-rexeita-a-intencion-de-caballero-de-imponer-unha-barra-libre-expres-na-tramitacion-de-autorizacions-urbanisticas\\\/\"},\"author\":{\"name\":\"Redacci\u00f3n A Nova Peneira\",\"@id\":\"https:\\\/\\\/www.anovapeneira.gal\\\/#\\\/schema\\\/person\\\/b93e3f8932e3f8da96334607eb6ac6aa\"},\"headline\":\"O BNG de Vigo rexeita a intenci\u00f3n de Caballero de impo\u00f1er unha \u201cbarra libre expr\u00e9s\u201d na tramitaci\u00f3n de autorizaci\u00f3ns urban\u00edsticas\",\"datePublished\":\"2026-02-25T09:00:58+00:00\",\"mainEntityOfPage\":{\"@id\":\"https:\\\/\\\/www.anovapeneira.gal\\\/index.php\\\/2026\\\/02\\\/25\\\/o-bng-de-vigo-rexeita-a-intencion-de-caballero-de-imponer-unha-barra-libre-expres-na-tramitacion-de-autorizacions-urbanisticas\\\/\"},\"wordCount\":758,\"commentCount\":0,\"publisher\":{\"@id\":\"https:\\\/\\\/www.anovapeneira.gal\\\/#organization\"},\"image\":{\"@id\":\"https:\\\/\\\/www.anovapeneira.gal\\\/index.php\\\/2026\\\/02\\\/25\\\/o-bng-de-vigo-rexeita-a-intencion-de-caballero-de-imponer-unha-barra-libre-expres-na-tramitacion-de-autorizacions-urbanisticas\\\/#primaryimage\"},\"thumbnailUrl\":\"https:\\\/\\\/www.anovapeneira.gal\\\/wp-content\\\/uploads\\\/2025\\\/06\\\/Xabier_p_igresas.jpg\",\"keywords\":[\"Concello de Vigo\"],\"articleSection\":[\"Vigo\"],\"inLanguage\":\"gl-ES\",\"potentialAction\":[{\"@type\":\"CommentAction\",\"name\":\"Comment\",\"target\":[\"https:\\\/\\\/www.anovapeneira.gal\\\/index.php\\\/2026\\\/02\\\/25\\\/o-bng-de-vigo-rexeita-a-intencion-de-caballero-de-imponer-unha-barra-libre-expres-na-tramitacion-de-autorizacions-urbanisticas\\\/#respond\"]}]},{\"@type\":\"WebPage\",\"@id\":\"https:\\\/\\\/www.anovapeneira.gal\\\/index.php\\\/2026\\\/02\\\/25\\\/o-bng-de-vigo-rexeita-a-intencion-de-caballero-de-imponer-unha-barra-libre-expres-na-tramitacion-de-autorizacions-urbanisticas\\\/\",\"url\":\"https:\\\/\\\/www.anovapeneira.gal\\\/index.php\\\/2026\\\/02\\\/25\\\/o-bng-de-vigo-rexeita-a-intencion-de-caballero-de-imponer-unha-barra-libre-expres-na-tramitacion-de-autorizacions-urbanisticas\\\/\",\"name\":\"O BNG de Vigo rexeita a intenci\u00f3n de Caballero de impo\u00f1er unha \u201cbarra libre expr\u00e9s\u201d na tramitaci\u00f3n de autorizaci\u00f3ns urban\u00edsticas -\",\"isPartOf\":{\"@id\":\"https:\\\/\\\/www.anovapeneira.gal\\\/#website\"},\"primaryImageOfPage\":{\"@id\":\"https:\\\/\\\/www.anovapeneira.gal\\\/index.php\\\/2026\\\/02\\\/25\\\/o-bng-de-vigo-rexeita-a-intencion-de-caballero-de-imponer-unha-barra-libre-expres-na-tramitacion-de-autorizacions-urbanisticas\\\/#primaryimage\"},\"image\":{\"@id\":\"https:\\\/\\\/www.anovapeneira.gal\\\/index.php\\\/2026\\\/02\\\/25\\\/o-bng-de-vigo-rexeita-a-intencion-de-caballero-de-imponer-unha-barra-libre-expres-na-tramitacion-de-autorizacions-urbanisticas\\\/#primaryimage\"},\"thumbnailUrl\":\"https:\\\/\\\/www.anovapeneira.gal\\\/wp-content\\\/uploads\\\/2025\\\/06\\\/Xabier_p_igresas.jpg\",\"datePublished\":\"2026-02-25T09:00:58+00:00\",\"breadcrumb\":{\"@id\":\"https:\\\/\\\/www.anovapeneira.gal\\\/index.php\\\/2026\\\/02\\\/25\\\/o-bng-de-vigo-rexeita-a-intencion-de-caballero-de-imponer-unha-barra-libre-expres-na-tramitacion-de-autorizacions-urbanisticas\\\/#breadcrumb\"},\"inLanguage\":\"gl-ES\",\"potentialAction\":[{\"@type\":\"ReadAction\",\"target\":[\"https:\\\/\\\/www.anovapeneira.gal\\\/index.php\\\/2026\\\/02\\\/25\\\/o-bng-de-vigo-rexeita-a-intencion-de-caballero-de-imponer-unha-barra-libre-expres-na-tramitacion-de-autorizacions-urbanisticas\\\/\"]}]},{\"@type\":\"ImageObject\",\"inLanguage\":\"gl-ES\",\"@id\":\"https:\\\/\\\/www.anovapeneira.gal\\\/index.php\\\/2026\\\/02\\\/25\\\/o-bng-de-vigo-rexeita-a-intencion-de-caballero-de-imponer-unha-barra-libre-expres-na-tramitacion-de-autorizacions-urbanisticas\\\/#primaryimage\",\"url\":\"https:\\\/\\\/www.anovapeneira.gal\\\/wp-content\\\/uploads\\\/2025\\\/06\\\/Xabier_p_igresas.jpg\",\"contentUrl\":\"https:\\\/\\\/www.anovapeneira.gal\\\/wp-content\\\/uploads\\\/2025\\\/06\\\/Xabier_p_igresas.jpg\",\"width\":720,\"height\":432,\"caption\":\"Xabier P Igresas BNG\"},{\"@type\":\"BreadcrumbList\",\"@id\":\"https:\\\/\\\/www.anovapeneira.gal\\\/index.php\\\/2026\\\/02\\\/25\\\/o-bng-de-vigo-rexeita-a-intencion-de-caballero-de-imponer-unha-barra-libre-expres-na-tramitacion-de-autorizacions-urbanisticas\\\/#breadcrumb\",\"itemListElement\":[{\"@type\":\"ListItem\",\"position\":1,\"name\":\"Portada\",\"item\":\"https:\\\/\\\/www.anovapeneira.gal\\\/\"},{\"@type\":\"ListItem\",\"position\":2,\"name\":\"O BNG de Vigo rexeita a intenci\u00f3n de Caballero de impo\u00f1er unha \u201cbarra libre expr\u00e9s\u201d na tramitaci\u00f3n de autorizaci\u00f3ns urban\u00edsticas\"}]},{\"@type\":\"WebSite\",\"@id\":\"https:\\\/\\\/www.anovapeneira.gal\\\/#website\",\"url\":\"https:\\\/\\\/www.anovapeneira.gal\\\/\",\"name\":\"\",\"description\":\"Xornal galego de informaci\u00f3n xeral Publicaci\u00f3n mensual de novas de Galicia e en especial dos Concellos da sur da provincia de Pontevedra.\",\"publisher\":{\"@id\":\"https:\\\/\\\/www.anovapeneira.gal\\\/#organization\"},\"potentialAction\":[{\"@type\":\"SearchAction\",\"target\":{\"@type\":\"EntryPoint\",\"urlTemplate\":\"https:\\\/\\\/www.anovapeneira.gal\\\/?s={search_term_string}\"},\"query-input\":{\"@type\":\"PropertyValueSpecification\",\"valueRequired\":true,\"valueName\":\"search_term_string\"}}],\"inLanguage\":\"gl-ES\"},{\"@type\":\"Organization\",\"@id\":\"https:\\\/\\\/www.anovapeneira.gal\\\/#organization\",\"name\":\"A Nova Peneira\",\"url\":\"https:\\\/\\\/www.anovapeneira.gal\\\/\",\"logo\":{\"@type\":\"ImageObject\",\"inLanguage\":\"gl-ES\",\"@id\":\"https:\\\/\\\/www.anovapeneira.gal\\\/#\\\/schema\\\/logo\\\/image\\\/\",\"url\":\"http:\\\/\\\/www.anovapeneira.gal\\\/wp-content\\\/uploads\\\/2019\\\/06\\\/logo_a_nova_peneira_portal_web.png\",\"contentUrl\":\"http:\\\/\\\/www.anovapeneira.gal\\\/wp-content\\\/uploads\\\/2019\\\/06\\\/logo_a_nova_peneira_portal_web.png\",\"width\":300,\"height\":100,\"caption\":\"A Nova Peneira\"},\"image\":{\"@id\":\"https:\\\/\\\/www.anovapeneira.gal\\\/#\\\/schema\\\/logo\\\/image\\\/\"},\"sameAs\":[\"https:\\\/\\\/www.facebook.com\\\/anovapeneira\",\"https:\\\/\\\/x.com\\\/APeneira\"]},{\"@type\":\"Person\",\"@id\":\"https:\\\/\\\/www.anovapeneira.gal\\\/#\\\/schema\\\/person\\\/b93e3f8932e3f8da96334607eb6ac6aa\",\"name\":\"Redacci\u00f3n A Nova Peneira\",\"image\":{\"@type\":\"ImageObject\",\"inLanguage\":\"gl-ES\",\"@id\":\"https:\\\/\\\/secure.gravatar.com\\\/avatar\\\/c052a2551a06e23fac63626232eaa90abd78dbcf1700fc46a2b2c89fd27b735f?s=96&d=mm&r=g\",\"url\":\"https:\\\/\\\/secure.gravatar.com\\\/avatar\\\/c052a2551a06e23fac63626232eaa90abd78dbcf1700fc46a2b2c89fd27b735f?s=96&d=mm&r=g\",\"contentUrl\":\"https:\\\/\\\/secure.gravatar.com\\\/avatar\\\/c052a2551a06e23fac63626232eaa90abd78dbcf1700fc46a2b2c89fd27b735f?s=96&d=mm&r=g\",\"caption\":\"Redacci\u00f3n A Nova Peneira\"},\"sameAs\":[\"http:\\\/\\\/www.anovapeneira.gal\\\/\"],\"url\":\"https:\\\/\\\/www.anovapeneira.gal\\\/index.php\\\/author\\\/redactor\\\/\"}]}<\/script>\n<!-- \/ Yoast SEO plugin. -->","yoast_head_json":{"title":"O BNG de Vigo rexeita a intenci\u00f3n de Caballero de impo\u00f1er unha \u201cbarra libre expr\u00e9s\u201d na tramitaci\u00f3n de autorizaci\u00f3ns urban\u00edsticas -","robots":{"index":"index","follow":"follow","max-snippet":"max-snippet:-1","max-image-preview":"max-image-preview:large","max-video-preview":"max-video-preview:-1"},"canonical":"https:\/\/www.anovapeneira.gal\/index.php\/2026\/02\/25\/o-bng-de-vigo-rexeita-a-intencion-de-caballero-de-imponer-unha-barra-libre-expres-na-tramitacion-de-autorizacions-urbanisticas\/","og_locale":"gl_ES","og_type":"article","og_title":"O BNG de Vigo rexeita a intenci\u00f3n de Caballero de impo\u00f1er unha \u201cbarra libre expr\u00e9s\u201d na tramitaci\u00f3n de autorizaci\u00f3ns urban\u00edsticas -","og_description":"A fronte nacionalista formula dez emendas ao proxecto de nova ordenanza municipal de tramitaci\u00f3n de licenzas para reforzar as garant\u00edas e o control p\u00fablico [...]","og_url":"https:\/\/www.anovapeneira.gal\/index.php\/2026\/02\/25\/o-bng-de-vigo-rexeita-a-intencion-de-caballero-de-imponer-unha-barra-libre-expres-na-tramitacion-de-autorizacions-urbanisticas\/","article_publisher":"https:\/\/www.facebook.com\/anovapeneira","article_published_time":"2026-02-25T09:00:58+00:00","og_image":[{"width":720,"height":432,"url":"https:\/\/www.anovapeneira.gal\/wp-content\/uploads\/2025\/06\/Xabier_p_igresas.jpg","type":"image\/jpeg"}],"author":"Redacci\u00f3n A Nova Peneira","twitter_card":"summary_large_image","twitter_creator":"@APeneira","twitter_site":"@APeneira","twitter_misc":{"Escrito por":"Redacci\u00f3n A Nova Peneira","Tempo de lectura":"4 minutos"},"schema":{"@context":"https:\/\/schema.org","@graph":[{"@type":"Article","@id":"https:\/\/www.anovapeneira.gal\/index.php\/2026\/02\/25\/o-bng-de-vigo-rexeita-a-intencion-de-caballero-de-imponer-unha-barra-libre-expres-na-tramitacion-de-autorizacions-urbanisticas\/#article","isPartOf":{"@id":"https:\/\/www.anovapeneira.gal\/index.php\/2026\/02\/25\/o-bng-de-vigo-rexeita-a-intencion-de-caballero-de-imponer-unha-barra-libre-expres-na-tramitacion-de-autorizacions-urbanisticas\/"},"author":{"name":"Redacci\u00f3n A Nova Peneira","@id":"https:\/\/www.anovapeneira.gal\/#\/schema\/person\/b93e3f8932e3f8da96334607eb6ac6aa"},"headline":"O BNG de Vigo rexeita a intenci\u00f3n de Caballero de impo\u00f1er unha \u201cbarra libre expr\u00e9s\u201d na tramitaci\u00f3n de autorizaci\u00f3ns urban\u00edsticas","datePublished":"2026-02-25T09:00:58+00:00","mainEntityOfPage":{"@id":"https:\/\/www.anovapeneira.gal\/index.php\/2026\/02\/25\/o-bng-de-vigo-rexeita-a-intencion-de-caballero-de-imponer-unha-barra-libre-expres-na-tramitacion-de-autorizacions-urbanisticas\/"},"wordCount":758,"commentCount":0,"publisher":{"@id":"https:\/\/www.anovapeneira.gal\/#organization"},"image":{"@id":"https:\/\/www.anovapeneira.gal\/index.php\/2026\/02\/25\/o-bng-de-vigo-rexeita-a-intencion-de-caballero-de-imponer-unha-barra-libre-expres-na-tramitacion-de-autorizacions-urbanisticas\/#primaryimage"},"thumbnailUrl":"https:\/\/www.anovapeneira.gal\/wp-content\/uploads\/2025\/06\/Xabier_p_igresas.jpg","keywords":["Concello de Vigo"],"articleSection":["Vigo"],"inLanguage":"gl-ES","potentialAction":[{"@type":"CommentAction","name":"Comment","target":["https:\/\/www.anovapeneira.gal\/index.php\/2026\/02\/25\/o-bng-de-vigo-rexeita-a-intencion-de-caballero-de-imponer-unha-barra-libre-expres-na-tramitacion-de-autorizacions-urbanisticas\/#respond"]}]},{"@type":"WebPage","@id":"https:\/\/www.anovapeneira.gal\/index.php\/2026\/02\/25\/o-bng-de-vigo-rexeita-a-intencion-de-caballero-de-imponer-unha-barra-libre-expres-na-tramitacion-de-autorizacions-urbanisticas\/","url":"https:\/\/www.anovapeneira.gal\/index.php\/2026\/02\/25\/o-bng-de-vigo-rexeita-a-intencion-de-caballero-de-imponer-unha-barra-libre-expres-na-tramitacion-de-autorizacions-urbanisticas\/","name":"O BNG de Vigo rexeita a intenci\u00f3n de Caballero de impo\u00f1er unha \u201cbarra libre expr\u00e9s\u201d na tramitaci\u00f3n de autorizaci\u00f3ns urban\u00edsticas -","isPartOf":{"@id":"https:\/\/www.anovapeneira.gal\/#website"},"primaryImageOfPage":{"@id":"https:\/\/www.anovapeneira.gal\/index.php\/2026\/02\/25\/o-bng-de-vigo-rexeita-a-intencion-de-caballero-de-imponer-unha-barra-libre-expres-na-tramitacion-de-autorizacions-urbanisticas\/#primaryimage"},"image":{"@id":"https:\/\/www.anovapeneira.gal\/index.php\/2026\/02\/25\/o-bng-de-vigo-rexeita-a-intencion-de-caballero-de-imponer-unha-barra-libre-expres-na-tramitacion-de-autorizacions-urbanisticas\/#primaryimage"},"thumbnailUrl":"https:\/\/www.anovapeneira.gal\/wp-content\/uploads\/2025\/06\/Xabier_p_igresas.jpg","datePublished":"2026-02-25T09:00:58+00:00","breadcrumb":{"@id":"https:\/\/www.anovapeneira.gal\/index.php\/2026\/02\/25\/o-bng-de-vigo-rexeita-a-intencion-de-caballero-de-imponer-unha-barra-libre-expres-na-tramitacion-de-autorizacions-urbanisticas\/#breadcrumb"},"inLanguage":"gl-ES","potentialAction":[{"@type":"ReadAction","target":["https:\/\/www.anovapeneira.gal\/index.php\/2026\/02\/25\/o-bng-de-vigo-rexeita-a-intencion-de-caballero-de-imponer-unha-barra-libre-expres-na-tramitacion-de-autorizacions-urbanisticas\/"]}]},{"@type":"ImageObject","inLanguage":"gl-ES","@id":"https:\/\/www.anovapeneira.gal\/index.php\/2026\/02\/25\/o-bng-de-vigo-rexeita-a-intencion-de-caballero-de-imponer-unha-barra-libre-expres-na-tramitacion-de-autorizacions-urbanisticas\/#primaryimage","url":"https:\/\/www.anovapeneira.gal\/wp-content\/uploads\/2025\/06\/Xabier_p_igresas.jpg","contentUrl":"https:\/\/www.anovapeneira.gal\/wp-content\/uploads\/2025\/06\/Xabier_p_igresas.jpg","width":720,"height":432,"caption":"Xabier P Igresas BNG"},{"@type":"BreadcrumbList","@id":"https:\/\/www.anovapeneira.gal\/index.php\/2026\/02\/25\/o-bng-de-vigo-rexeita-a-intencion-de-caballero-de-imponer-unha-barra-libre-expres-na-tramitacion-de-autorizacions-urbanisticas\/#breadcrumb","itemListElement":[{"@type":"ListItem","position":1,"name":"Portada","item":"https:\/\/www.anovapeneira.gal\/"},{"@type":"ListItem","position":2,"name":"O BNG de Vigo rexeita a intenci\u00f3n de Caballero de impo\u00f1er unha \u201cbarra libre expr\u00e9s\u201d na tramitaci\u00f3n de autorizaci\u00f3ns urban\u00edsticas"}]},{"@type":"WebSite","@id":"https:\/\/www.anovapeneira.gal\/#website","url":"https:\/\/www.anovapeneira.gal\/","name":"","description":"Xornal galego de informaci\u00f3n xeral Publicaci\u00f3n mensual de novas de Galicia e en especial dos Concellos da sur da provincia de Pontevedra.","publisher":{"@id":"https:\/\/www.anovapeneira.gal\/#organization"},"potentialAction":[{"@type":"SearchAction","target":{"@type":"EntryPoint","urlTemplate":"https:\/\/www.anovapeneira.gal\/?s={search_term_string}"},"query-input":{"@type":"PropertyValueSpecification","valueRequired":true,"valueName":"search_term_string"}}],"inLanguage":"gl-ES"},{"@type":"Organization","@id":"https:\/\/www.anovapeneira.gal\/#organization","name":"A Nova Peneira","url":"https:\/\/www.anovapeneira.gal\/","logo":{"@type":"ImageObject","inLanguage":"gl-ES","@id":"https:\/\/www.anovapeneira.gal\/#\/schema\/logo\/image\/","url":"http:\/\/www.anovapeneira.gal\/wp-content\/uploads\/2019\/06\/logo_a_nova_peneira_portal_web.png","contentUrl":"http:\/\/www.anovapeneira.gal\/wp-content\/uploads\/2019\/06\/logo_a_nova_peneira_portal_web.png","width":300,"height":100,"caption":"A Nova Peneira"},"image":{"@id":"https:\/\/www.anovapeneira.gal\/#\/schema\/logo\/image\/"},"sameAs":["https:\/\/www.facebook.com\/anovapeneira","https:\/\/x.com\/APeneira"]},{"@type":"Person","@id":"https:\/\/www.anovapeneira.gal\/#\/schema\/person\/b93e3f8932e3f8da96334607eb6ac6aa","name":"Redacci\u00f3n A Nova Peneira","image":{"@type":"ImageObject","inLanguage":"gl-ES","@id":"https:\/\/secure.gravatar.com\/avatar\/c052a2551a06e23fac63626232eaa90abd78dbcf1700fc46a2b2c89fd27b735f?s=96&d=mm&r=g","url":"https:\/\/secure.gravatar.com\/avatar\/c052a2551a06e23fac63626232eaa90abd78dbcf1700fc46a2b2c89fd27b735f?s=96&d=mm&r=g","contentUrl":"https:\/\/secure.gravatar.com\/avatar\/c052a2551a06e23fac63626232eaa90abd78dbcf1700fc46a2b2c89fd27b735f?s=96&d=mm&r=g","caption":"Redacci\u00f3n A Nova Peneira"},"sameAs":["http:\/\/www.anovapeneira.gal\/"],"url":"https:\/\/www.anovapeneira.gal\/index.php\/author\/redactor\/"}]}},"jetpack_featured_media_url":"https:\/\/www.anovapeneira.gal\/wp-content\/uploads\/2025\/06\/Xabier_p_igresas.jpg","_links":{"self":[{"href":"https:\/\/www.anovapeneira.gal\/index.php\/wp-json\/wp\/v2\/posts\/15386","targetHints":{"allow":["GET"]}}],"collection":[{"href":"https:\/\/www.anovapeneira.gal\/index.php\/wp-json\/wp\/v2\/posts"}],"about":[{"href":"https:\/\/www.anovapeneira.gal\/index.php\/wp-json\/wp\/v2\/types\/post"}],"author":[{"embeddable":true,"href":"https:\/\/www.anovapeneira.gal\/index.php\/wp-json\/wp\/v2\/users\/3"}],"replies":[{"embeddable":true,"href":"https:\/\/www.anovapeneira.gal\/index.php\/wp-json\/wp\/v2\/comments?post=15386"}],"version-history":[{"count":1,"href":"https:\/\/www.anovapeneira.gal\/index.php\/wp-json\/wp\/v2\/posts\/15386\/revisions"}],"predecessor-version":[{"id":15387,"href":"https:\/\/www.anovapeneira.gal\/index.php\/wp-json\/wp\/v2\/posts\/15386\/revisions\/15387"}],"wp:featuredmedia":[{"embeddable":true,"href":"https:\/\/www.anovapeneira.gal\/index.php\/wp-json\/wp\/v2\/media\/13990"}],"wp:attachment":[{"href":"https:\/\/www.anovapeneira.gal\/index.php\/wp-json\/wp\/v2\/media?parent=15386"}],"wp:term":[{"taxonomy":"category","embeddable":true,"href":"https:\/\/www.anovapeneira.gal\/index.php\/wp-json\/wp\/v2\/categories?post=15386"},{"taxonomy":"post_tag","embeddable":true,"href":"https:\/\/www.anovapeneira.gal\/index.php\/wp-json\/wp\/v2\/tags?post=15386"}],"curies":[{"name":"wp","href":"https:\/\/api.w.org\/{rel}","templated":true}]}}