{"id":15393,"date":"2026-02-26T10:00:25","date_gmt":"2026-02-26T09:00:25","guid":{"rendered":"https:\/\/www.anovapeneira.gal\/?p=15393"},"modified":"2026-02-17T08:23:02","modified_gmt":"2026-02-17T07:23:02","slug":"a-humidade-que-mata","status":"publish","type":"post","link":"https:\/\/www.anovapeneira.gal\/index.php\/2026\/02\/26\/a-humidade-que-mata\/","title":{"rendered":"A humidade que mata"},"content":{"rendered":"\n<pre class=\"wp-block-verse\">Alberte Rom\u00e1n<\/pre>\n\n\n\n<p>Hai unhas semanas comez\u00e1ronme a aparecer no timeline dunha rede social diversos v\u00eddeos con t\u00edtulos do tipo &#8220;Como saber q est\u00e1s numa casa tuga sem saber?&#8221;. Tuga \u00e9 un xeito coloquial de dicir portuguesa, para quen non souber. Nas micropezas, as persoas comezaban a enumerar unha serie de \u00edtems, tais como, na casa hai un deshumidificador, \u00fasanse varios cobertores nas camas, a xente ten de vestir roupa de abrigo cando est\u00e1 no interior, hai varios produtos contra o barolo ou directamente, vai m\u00e1is calor f\u00f3ra do que dentro da casa. Se xa non hab\u00eda ben de evidencias do relacionamento hist\u00f3rico entre ambas marxes do Mi\u00f1o, vela\u00ed outra constataci\u00f3n de que malia levarmos varios s\u00e9culos separados, a cultura galaico-portuguesa permanece. Al\u00e9n da brincadeira, a verdade \u00e9 que eses v\u00eddeos pod\u00edan describir perfectamente o que se vive en grande parte das nosas casas. Evidenciase, sobre todo, en construci\u00f3ns anteriores aos anos setenta e oitenta.<\/p>\n\n\n\n<p>Poder\u00edase dicir que non ter resolto o problema da humidade \u00e9 o fracaso da arquitectura, como disciplina, neste pa\u00eds. Que nun pa\u00eds como o noso non se te\u00f1a propiciado unha arquitectura que dese soluci\u00f3n ao problema da humidade \u00e9 significativo. Si, chove, e chove moito, mais non somos a \u00fanica zona do planeta onde se dan estas condici\u00f3ns, e noutros lugares te\u00f1en conseguido ter lares para vivir que ofrecen unhas condici\u00f3ns de confortabilidade que aqu\u00ed non se dan en grande parte delas. Algu\u00e9n dir\u00e1 que \u00e9 cuesti\u00f3n m\u00e1is de quen constr\u00fae e do que se quere gastar. Sendo certo, obvia a responsabilidade de quen dese\u00f1a e asina. No tempo vivido, padec\u00edn non poucos espazos de traballo onde a principal caracter\u00edstica era a incomodidade de estar. Eran edificios p\u00fablicos que parec\u00edan pensados para maior lucimento de quen asinaba a obra, mais que para quen al\u00ed ti\u00f1a que estar traballando. Por desgraza, exemplos hai abondo. E non \u00e9 fr\u00edo, \u00e9 unha sensaci\u00f3n de humidade ambiental que paraliza. Durante d\u00e9cadas na Galiza o debate arquitect\u00f3nico estivo centrado no controvertido termo do fe\u00edsmo. As\u00ed, fal\u00e1base m\u00e1is de tixolos \u00e1 vista que de como se viv\u00eda nese interior.<\/p>\n\n\n\n<p>Segundo o IGE, o 30% das vivendas na Galiza presentan problemas de humidade. Unha porcentaxe alta, se temos en conta que a humidade est\u00e1 por tras de non poucas doenzas respiratorias. \u00c9 curioso que nos centros de sa\u00fade, mentres as pantallas informativas si mencionan outras causas como orixe de problemas respiratorios, non fagan menci\u00f3n a como as condici\u00f3ns ambientais dunha vivenda poden estar na orixe de moitas desas doenzas.<\/p>\n\n\n\n<p>Non podemos obviar que a humidade non n\u00f3s afecta a todas por igual. A humidade sabe de clases sociais. Quen a padece en maior medida son as camadas sociais m\u00e1is vulner\u00e1beis. En grande parte, ese parque de vivendas con problemas de humidade est\u00e1n no mercado de aluguer, e nesas condici\u00f3ns deber\u00eda estar prohibido que puidesen ser alugadas. Ollemos cara Inglaterra, onde desde outubro pasado vigora unha lei que obriga os propietarios a actuar de urxencia ante problemas de humidade nas casas en aluguer. A lei, co\u00f1ecida como Awaab\u2019s law, marca obrigas e prazos para actuar. Por desgraza, o nome da lei fai referencia a Awaak Isaah, unha crianza morta en 2020 por causa da exposici\u00f3n prolongada ao barolo na casa que os pais ti\u00f1an arrendada. Na Galiza, a humidade como problema de habitabilidade e sa\u00fade est\u00e1 nas axendas pol\u00edticas? Non vexo tal. Cumpre, pois, colocar a cuesti\u00f3n no debate social, e avanzarmos cara unha lexislaci\u00f3n que protexa a nosa sa\u00fade, tam\u00e9n nas casas.<\/p>\n","protected":false},"excerpt":{"rendered":"<div class=\"mh-excerpt\"><p>Hai unhas semanas comez\u00e1ronme a aparecer no timeline dunha rede social diversos v\u00eddeos con t\u00edtulos do tipo &#8220;Como saber q est\u00e1s numa casa tuga sem saber?&#8221; <a class=\"mh-excerpt-more\" href=\"https:\/\/www.anovapeneira.gal\/index.php\/2026\/02\/26\/a-humidade-que-mata\/\" title=\"A humidade que mata\">[&#8230;]<\/a><\/p>\n<\/div>","protected":false},"author":12,"featured_media":14541,"comment_status":"open","ping_status":"open","sticky":false,"template":"","format":"standard","meta":{"_exactmetrics_skip_tracking":false,"_exactmetrics_sitenote_active":false,"_exactmetrics_sitenote_note":"","_exactmetrics_sitenote_category":0,"footnotes":""},"categories":[7],"tags":[],"class_list":{"0":"post-15393","1":"post","2":"type-post","3":"status-publish","4":"format-standard","5":"has-post-thumbnail","7":"category-artigos-de-opinion"},"yoast_head":"<!-- This site is optimized with the Yoast SEO plugin v27.4 - https:\/\/yoast.com\/product\/yoast-seo-wordpress\/ -->\n<title>A humidade que mata -<\/title>\n<meta name=\"robots\" content=\"index, follow, max-snippet:-1, max-image-preview:large, max-video-preview:-1\" \/>\n<link rel=\"canonical\" href=\"https:\/\/www.anovapeneira.gal\/index.php\/2026\/02\/26\/a-humidade-que-mata\/\" \/>\n<meta property=\"og:locale\" content=\"gl_ES\" \/>\n<meta property=\"og:type\" content=\"article\" \/>\n<meta property=\"og:title\" content=\"A humidade que mata -\" \/>\n<meta property=\"og:description\" content=\"Hai unhas semanas comez\u00e1ronme a aparecer no timeline dunha rede social diversos v\u00eddeos con t\u00edtulos do tipo &quot;Como saber q est\u00e1s numa casa tuga sem saber?&quot; [...]\" \/>\n<meta property=\"og:url\" content=\"https:\/\/www.anovapeneira.gal\/index.php\/2026\/02\/26\/a-humidade-que-mata\/\" \/>\n<meta property=\"article:publisher\" content=\"https:\/\/www.facebook.com\/anovapeneira\" \/>\n<meta property=\"article:published_time\" content=\"2026-02-26T09:00:25+00:00\" \/>\n<meta property=\"og:image\" content=\"https:\/\/www.anovapeneira.gal\/wp-content\/uploads\/2025\/08\/alberte_roman.png\" \/>\n\t<meta property=\"og:image:width\" content=\"1029\" \/>\n\t<meta property=\"og:image:height\" content=\"615\" \/>\n\t<meta property=\"og:image:type\" content=\"image\/png\" \/>\n<meta name=\"author\" content=\"Artigos Opini\u00f3n\" \/>\n<meta name=\"twitter:card\" content=\"summary_large_image\" \/>\n<meta name=\"twitter:creator\" content=\"@APeneira\" \/>\n<meta name=\"twitter:site\" content=\"@APeneira\" \/>\n<meta name=\"twitter:label1\" content=\"Escrito por\" \/>\n\t<meta name=\"twitter:data1\" content=\"Artigos Opini\u00f3n\" \/>\n\t<meta name=\"twitter:label2\" content=\"Tempo de lectura\" \/>\n\t<meta name=\"twitter:data2\" content=\"4 minutos\" \/>\n<script type=\"application\/ld+json\" class=\"yoast-schema-graph\">{\"@context\":\"https:\\\/\\\/schema.org\",\"@graph\":[{\"@type\":\"Article\",\"@id\":\"https:\\\/\\\/www.anovapeneira.gal\\\/index.php\\\/2026\\\/02\\\/26\\\/a-humidade-que-mata\\\/#article\",\"isPartOf\":{\"@id\":\"https:\\\/\\\/www.anovapeneira.gal\\\/index.php\\\/2026\\\/02\\\/26\\\/a-humidade-que-mata\\\/\"},\"author\":{\"name\":\"Artigos Opini\u00f3n\",\"@id\":\"https:\\\/\\\/www.anovapeneira.gal\\\/#\\\/schema\\\/person\\\/f18a4feb302e8f20bcef4490b5b60bb3\"},\"headline\":\"A humidade que mata\",\"datePublished\":\"2026-02-26T09:00:25+00:00\",\"mainEntityOfPage\":{\"@id\":\"https:\\\/\\\/www.anovapeneira.gal\\\/index.php\\\/2026\\\/02\\\/26\\\/a-humidade-que-mata\\\/\"},\"wordCount\":630,\"commentCount\":0,\"publisher\":{\"@id\":\"https:\\\/\\\/www.anovapeneira.gal\\\/#organization\"},\"image\":{\"@id\":\"https:\\\/\\\/www.anovapeneira.gal\\\/index.php\\\/2026\\\/02\\\/26\\\/a-humidade-que-mata\\\/#primaryimage\"},\"thumbnailUrl\":\"https:\\\/\\\/www.anovapeneira.gal\\\/wp-content\\\/uploads\\\/2025\\\/08\\\/alberte_roman.png\",\"articleSection\":[\"Artigos de opini\u00f3n\"],\"inLanguage\":\"gl-ES\",\"potentialAction\":[{\"@type\":\"CommentAction\",\"name\":\"Comment\",\"target\":[\"https:\\\/\\\/www.anovapeneira.gal\\\/index.php\\\/2026\\\/02\\\/26\\\/a-humidade-que-mata\\\/#respond\"]}]},{\"@type\":\"WebPage\",\"@id\":\"https:\\\/\\\/www.anovapeneira.gal\\\/index.php\\\/2026\\\/02\\\/26\\\/a-humidade-que-mata\\\/\",\"url\":\"https:\\\/\\\/www.anovapeneira.gal\\\/index.php\\\/2026\\\/02\\\/26\\\/a-humidade-que-mata\\\/\",\"name\":\"A humidade que mata -\",\"isPartOf\":{\"@id\":\"https:\\\/\\\/www.anovapeneira.gal\\\/#website\"},\"primaryImageOfPage\":{\"@id\":\"https:\\\/\\\/www.anovapeneira.gal\\\/index.php\\\/2026\\\/02\\\/26\\\/a-humidade-que-mata\\\/#primaryimage\"},\"image\":{\"@id\":\"https:\\\/\\\/www.anovapeneira.gal\\\/index.php\\\/2026\\\/02\\\/26\\\/a-humidade-que-mata\\\/#primaryimage\"},\"thumbnailUrl\":\"https:\\\/\\\/www.anovapeneira.gal\\\/wp-content\\\/uploads\\\/2025\\\/08\\\/alberte_roman.png\",\"datePublished\":\"2026-02-26T09:00:25+00:00\",\"breadcrumb\":{\"@id\":\"https:\\\/\\\/www.anovapeneira.gal\\\/index.php\\\/2026\\\/02\\\/26\\\/a-humidade-que-mata\\\/#breadcrumb\"},\"inLanguage\":\"gl-ES\",\"potentialAction\":[{\"@type\":\"ReadAction\",\"target\":[\"https:\\\/\\\/www.anovapeneira.gal\\\/index.php\\\/2026\\\/02\\\/26\\\/a-humidade-que-mata\\\/\"]}]},{\"@type\":\"ImageObject\",\"inLanguage\":\"gl-ES\",\"@id\":\"https:\\\/\\\/www.anovapeneira.gal\\\/index.php\\\/2026\\\/02\\\/26\\\/a-humidade-que-mata\\\/#primaryimage\",\"url\":\"https:\\\/\\\/www.anovapeneira.gal\\\/wp-content\\\/uploads\\\/2025\\\/08\\\/alberte_roman.png\",\"contentUrl\":\"https:\\\/\\\/www.anovapeneira.gal\\\/wp-content\\\/uploads\\\/2025\\\/08\\\/alberte_roman.png\",\"width\":1029,\"height\":615},{\"@type\":\"BreadcrumbList\",\"@id\":\"https:\\\/\\\/www.anovapeneira.gal\\\/index.php\\\/2026\\\/02\\\/26\\\/a-humidade-que-mata\\\/#breadcrumb\",\"itemListElement\":[{\"@type\":\"ListItem\",\"position\":1,\"name\":\"Portada\",\"item\":\"https:\\\/\\\/www.anovapeneira.gal\\\/\"},{\"@type\":\"ListItem\",\"position\":2,\"name\":\"A humidade que mata\"}]},{\"@type\":\"WebSite\",\"@id\":\"https:\\\/\\\/www.anovapeneira.gal\\\/#website\",\"url\":\"https:\\\/\\\/www.anovapeneira.gal\\\/\",\"name\":\"\",\"description\":\"Xornal galego de informaci\u00f3n xeral Publicaci\u00f3n mensual de novas de Galicia e en especial dos Concellos da sur da provincia de Pontevedra.\",\"publisher\":{\"@id\":\"https:\\\/\\\/www.anovapeneira.gal\\\/#organization\"},\"potentialAction\":[{\"@type\":\"SearchAction\",\"target\":{\"@type\":\"EntryPoint\",\"urlTemplate\":\"https:\\\/\\\/www.anovapeneira.gal\\\/?s={search_term_string}\"},\"query-input\":{\"@type\":\"PropertyValueSpecification\",\"valueRequired\":true,\"valueName\":\"search_term_string\"}}],\"inLanguage\":\"gl-ES\"},{\"@type\":\"Organization\",\"@id\":\"https:\\\/\\\/www.anovapeneira.gal\\\/#organization\",\"name\":\"A Nova Peneira\",\"url\":\"https:\\\/\\\/www.anovapeneira.gal\\\/\",\"logo\":{\"@type\":\"ImageObject\",\"inLanguage\":\"gl-ES\",\"@id\":\"https:\\\/\\\/www.anovapeneira.gal\\\/#\\\/schema\\\/logo\\\/image\\\/\",\"url\":\"http:\\\/\\\/www.anovapeneira.gal\\\/wp-content\\\/uploads\\\/2019\\\/06\\\/logo_a_nova_peneira_portal_web.png\",\"contentUrl\":\"http:\\\/\\\/www.anovapeneira.gal\\\/wp-content\\\/uploads\\\/2019\\\/06\\\/logo_a_nova_peneira_portal_web.png\",\"width\":300,\"height\":100,\"caption\":\"A Nova Peneira\"},\"image\":{\"@id\":\"https:\\\/\\\/www.anovapeneira.gal\\\/#\\\/schema\\\/logo\\\/image\\\/\"},\"sameAs\":[\"https:\\\/\\\/www.facebook.com\\\/anovapeneira\",\"https:\\\/\\\/x.com\\\/APeneira\"]},{\"@type\":\"Person\",\"@id\":\"https:\\\/\\\/www.anovapeneira.gal\\\/#\\\/schema\\\/person\\\/f18a4feb302e8f20bcef4490b5b60bb3\",\"name\":\"Artigos Opini\u00f3n\",\"image\":{\"@type\":\"ImageObject\",\"inLanguage\":\"gl-ES\",\"@id\":\"https:\\\/\\\/secure.gravatar.com\\\/avatar\\\/072844300f4881150aee2da4278f7a65d16eefdf8262eb67085f1e702de2b959?s=96&d=mm&r=g\",\"url\":\"https:\\\/\\\/secure.gravatar.com\\\/avatar\\\/072844300f4881150aee2da4278f7a65d16eefdf8262eb67085f1e702de2b959?s=96&d=mm&r=g\",\"contentUrl\":\"https:\\\/\\\/secure.gravatar.com\\\/avatar\\\/072844300f4881150aee2da4278f7a65d16eefdf8262eb67085f1e702de2b959?s=96&d=mm&r=g\",\"caption\":\"Artigos Opini\u00f3n\"},\"sameAs\":[\"http:\\\/\\\/anovapeneira.gal\"],\"url\":\"https:\\\/\\\/www.anovapeneira.gal\\\/index.php\\\/author\\\/artigosopinion\\\/\"}]}<\/script>\n<!-- \/ Yoast SEO plugin. -->","yoast_head_json":{"title":"A humidade que mata -","robots":{"index":"index","follow":"follow","max-snippet":"max-snippet:-1","max-image-preview":"max-image-preview:large","max-video-preview":"max-video-preview:-1"},"canonical":"https:\/\/www.anovapeneira.gal\/index.php\/2026\/02\/26\/a-humidade-que-mata\/","og_locale":"gl_ES","og_type":"article","og_title":"A humidade que mata -","og_description":"Hai unhas semanas comez\u00e1ronme a aparecer no timeline dunha rede social diversos v\u00eddeos con t\u00edtulos do tipo \"Como saber q est\u00e1s numa casa tuga sem saber?\" [...]","og_url":"https:\/\/www.anovapeneira.gal\/index.php\/2026\/02\/26\/a-humidade-que-mata\/","article_publisher":"https:\/\/www.facebook.com\/anovapeneira","article_published_time":"2026-02-26T09:00:25+00:00","og_image":[{"width":1029,"height":615,"url":"https:\/\/www.anovapeneira.gal\/wp-content\/uploads\/2025\/08\/alberte_roman.png","type":"image\/png"}],"author":"Artigos Opini\u00f3n","twitter_card":"summary_large_image","twitter_creator":"@APeneira","twitter_site":"@APeneira","twitter_misc":{"Escrito por":"Artigos Opini\u00f3n","Tempo de lectura":"4 minutos"},"schema":{"@context":"https:\/\/schema.org","@graph":[{"@type":"Article","@id":"https:\/\/www.anovapeneira.gal\/index.php\/2026\/02\/26\/a-humidade-que-mata\/#article","isPartOf":{"@id":"https:\/\/www.anovapeneira.gal\/index.php\/2026\/02\/26\/a-humidade-que-mata\/"},"author":{"name":"Artigos Opini\u00f3n","@id":"https:\/\/www.anovapeneira.gal\/#\/schema\/person\/f18a4feb302e8f20bcef4490b5b60bb3"},"headline":"A humidade que mata","datePublished":"2026-02-26T09:00:25+00:00","mainEntityOfPage":{"@id":"https:\/\/www.anovapeneira.gal\/index.php\/2026\/02\/26\/a-humidade-que-mata\/"},"wordCount":630,"commentCount":0,"publisher":{"@id":"https:\/\/www.anovapeneira.gal\/#organization"},"image":{"@id":"https:\/\/www.anovapeneira.gal\/index.php\/2026\/02\/26\/a-humidade-que-mata\/#primaryimage"},"thumbnailUrl":"https:\/\/www.anovapeneira.gal\/wp-content\/uploads\/2025\/08\/alberte_roman.png","articleSection":["Artigos de opini\u00f3n"],"inLanguage":"gl-ES","potentialAction":[{"@type":"CommentAction","name":"Comment","target":["https:\/\/www.anovapeneira.gal\/index.php\/2026\/02\/26\/a-humidade-que-mata\/#respond"]}]},{"@type":"WebPage","@id":"https:\/\/www.anovapeneira.gal\/index.php\/2026\/02\/26\/a-humidade-que-mata\/","url":"https:\/\/www.anovapeneira.gal\/index.php\/2026\/02\/26\/a-humidade-que-mata\/","name":"A humidade que mata -","isPartOf":{"@id":"https:\/\/www.anovapeneira.gal\/#website"},"primaryImageOfPage":{"@id":"https:\/\/www.anovapeneira.gal\/index.php\/2026\/02\/26\/a-humidade-que-mata\/#primaryimage"},"image":{"@id":"https:\/\/www.anovapeneira.gal\/index.php\/2026\/02\/26\/a-humidade-que-mata\/#primaryimage"},"thumbnailUrl":"https:\/\/www.anovapeneira.gal\/wp-content\/uploads\/2025\/08\/alberte_roman.png","datePublished":"2026-02-26T09:00:25+00:00","breadcrumb":{"@id":"https:\/\/www.anovapeneira.gal\/index.php\/2026\/02\/26\/a-humidade-que-mata\/#breadcrumb"},"inLanguage":"gl-ES","potentialAction":[{"@type":"ReadAction","target":["https:\/\/www.anovapeneira.gal\/index.php\/2026\/02\/26\/a-humidade-que-mata\/"]}]},{"@type":"ImageObject","inLanguage":"gl-ES","@id":"https:\/\/www.anovapeneira.gal\/index.php\/2026\/02\/26\/a-humidade-que-mata\/#primaryimage","url":"https:\/\/www.anovapeneira.gal\/wp-content\/uploads\/2025\/08\/alberte_roman.png","contentUrl":"https:\/\/www.anovapeneira.gal\/wp-content\/uploads\/2025\/08\/alberte_roman.png","width":1029,"height":615},{"@type":"BreadcrumbList","@id":"https:\/\/www.anovapeneira.gal\/index.php\/2026\/02\/26\/a-humidade-que-mata\/#breadcrumb","itemListElement":[{"@type":"ListItem","position":1,"name":"Portada","item":"https:\/\/www.anovapeneira.gal\/"},{"@type":"ListItem","position":2,"name":"A humidade que mata"}]},{"@type":"WebSite","@id":"https:\/\/www.anovapeneira.gal\/#website","url":"https:\/\/www.anovapeneira.gal\/","name":"","description":"Xornal galego de informaci\u00f3n xeral Publicaci\u00f3n mensual de novas de Galicia e en especial dos Concellos da sur da provincia de Pontevedra.","publisher":{"@id":"https:\/\/www.anovapeneira.gal\/#organization"},"potentialAction":[{"@type":"SearchAction","target":{"@type":"EntryPoint","urlTemplate":"https:\/\/www.anovapeneira.gal\/?s={search_term_string}"},"query-input":{"@type":"PropertyValueSpecification","valueRequired":true,"valueName":"search_term_string"}}],"inLanguage":"gl-ES"},{"@type":"Organization","@id":"https:\/\/www.anovapeneira.gal\/#organization","name":"A Nova Peneira","url":"https:\/\/www.anovapeneira.gal\/","logo":{"@type":"ImageObject","inLanguage":"gl-ES","@id":"https:\/\/www.anovapeneira.gal\/#\/schema\/logo\/image\/","url":"http:\/\/www.anovapeneira.gal\/wp-content\/uploads\/2019\/06\/logo_a_nova_peneira_portal_web.png","contentUrl":"http:\/\/www.anovapeneira.gal\/wp-content\/uploads\/2019\/06\/logo_a_nova_peneira_portal_web.png","width":300,"height":100,"caption":"A Nova Peneira"},"image":{"@id":"https:\/\/www.anovapeneira.gal\/#\/schema\/logo\/image\/"},"sameAs":["https:\/\/www.facebook.com\/anovapeneira","https:\/\/x.com\/APeneira"]},{"@type":"Person","@id":"https:\/\/www.anovapeneira.gal\/#\/schema\/person\/f18a4feb302e8f20bcef4490b5b60bb3","name":"Artigos Opini\u00f3n","image":{"@type":"ImageObject","inLanguage":"gl-ES","@id":"https:\/\/secure.gravatar.com\/avatar\/072844300f4881150aee2da4278f7a65d16eefdf8262eb67085f1e702de2b959?s=96&d=mm&r=g","url":"https:\/\/secure.gravatar.com\/avatar\/072844300f4881150aee2da4278f7a65d16eefdf8262eb67085f1e702de2b959?s=96&d=mm&r=g","contentUrl":"https:\/\/secure.gravatar.com\/avatar\/072844300f4881150aee2da4278f7a65d16eefdf8262eb67085f1e702de2b959?s=96&d=mm&r=g","caption":"Artigos Opini\u00f3n"},"sameAs":["http:\/\/anovapeneira.gal"],"url":"https:\/\/www.anovapeneira.gal\/index.php\/author\/artigosopinion\/"}]}},"jetpack_featured_media_url":"https:\/\/www.anovapeneira.gal\/wp-content\/uploads\/2025\/08\/alberte_roman.png","_links":{"self":[{"href":"https:\/\/www.anovapeneira.gal\/index.php\/wp-json\/wp\/v2\/posts\/15393","targetHints":{"allow":["GET"]}}],"collection":[{"href":"https:\/\/www.anovapeneira.gal\/index.php\/wp-json\/wp\/v2\/posts"}],"about":[{"href":"https:\/\/www.anovapeneira.gal\/index.php\/wp-json\/wp\/v2\/types\/post"}],"author":[{"embeddable":true,"href":"https:\/\/www.anovapeneira.gal\/index.php\/wp-json\/wp\/v2\/users\/12"}],"replies":[{"embeddable":true,"href":"https:\/\/www.anovapeneira.gal\/index.php\/wp-json\/wp\/v2\/comments?post=15393"}],"version-history":[{"count":1,"href":"https:\/\/www.anovapeneira.gal\/index.php\/wp-json\/wp\/v2\/posts\/15393\/revisions"}],"predecessor-version":[{"id":15394,"href":"https:\/\/www.anovapeneira.gal\/index.php\/wp-json\/wp\/v2\/posts\/15393\/revisions\/15394"}],"wp:featuredmedia":[{"embeddable":true,"href":"https:\/\/www.anovapeneira.gal\/index.php\/wp-json\/wp\/v2\/media\/14541"}],"wp:attachment":[{"href":"https:\/\/www.anovapeneira.gal\/index.php\/wp-json\/wp\/v2\/media?parent=15393"}],"wp:term":[{"taxonomy":"category","embeddable":true,"href":"https:\/\/www.anovapeneira.gal\/index.php\/wp-json\/wp\/v2\/categories?post=15393"},{"taxonomy":"post_tag","embeddable":true,"href":"https:\/\/www.anovapeneira.gal\/index.php\/wp-json\/wp\/v2\/tags?post=15393"}],"curies":[{"name":"wp","href":"https:\/\/api.w.org\/{rel}","templated":true}]}}