{"id":15397,"date":"2026-02-27T10:00:37","date_gmt":"2026-02-27T09:00:37","guid":{"rendered":"https:\/\/www.anovapeneira.gal\/?p=15397"},"modified":"2026-02-17T08:44:03","modified_gmt":"2026-02-17T07:44:03","slug":"lucia-rodriguez-xogadora-da-seleccion-espanola-absoluta-de-badminton-natural-do-condado","status":"publish","type":"post","link":"https:\/\/www.anovapeneira.gal\/index.php\/2026\/02\/27\/lucia-rodriguez-xogadora-da-seleccion-espanola-absoluta-de-badminton-natural-do-condado\/","title":{"rendered":"Luc\u00eda Rodr\u00edguez, xogadora da selecci\u00f3n espa\u00f1ola absoluta de b\u00e1dminton natural do Condado"},"content":{"rendered":"\n<pre class=\"wp-block-verse\">G. Figueiredo e Tino Lago<\/pre>\n\n\n\n<p><strong>Luc\u00eda \u00e9 unha moza do Condado de 21 anos de idade. Ela naceu en Salvaterra e \u00e9 filla dunha muller de As Neves e dun home de Ponteareas. Desde que era unha nena comezou a destacar no deporte do b\u00e1dminton ata tal punto que aos 14 anos foi seleccionada para ir a un centro de alto rendemento e Pontevedra, e al\u00ed se foi vivir sendo pouco m\u00e1is ca unha meni\u00f1a. Cando fixo os 18 lev\u00e1rona ao Centro de Alto rendemento de Madrid. Desde ent\u00f3n vive feliz na capital do estado, combinando os estudos coa pr\u00e1ctica do deporte que lle apaixona. Luc\u00eda est\u00e1 na elite espa\u00f1ola deste deporte, de feito compite representando a Espa\u00f1a na selecci\u00f3n absoluta de b\u00e1dminton, e pouco lle falta para chegar \u00e1 elite mundial. No r\u00e1nking ocupa unha das 50 primeiras posici\u00f3ns entre todos os deportistas do mundo, est\u00e1 no posto 46. Ela so\u00f1a con disputar uns xogos ol\u00edmpicos e por que non, tam\u00e9n con con poder estar nun dos tres postos do podio ol\u00edmpico e acadar unha medalla. Non sei se o conseguir\u00e1, pero si sei que desde ANP desexamos con todas as nosas forzas que poida facer o seu so\u00f1o realidade . En calquera, caso sexa posible ou non, o que xa \u00e9 incuestionable \u00e9 que unha deportista do seu nivel \u00e9 un orgullo para a nosa comarca.<\/strong><\/p>\n\n\n\n<h2 class=\"wp-block-heading\">\u201cO meu so\u00f1o \u00e9 estar nos Xogos Ol\u00edmpicos de Los \u00c1ngeles 2028\u201d<\/h2>\n\n\n\n<p><strong>Queremos co\u00f1ecer a t\u00faa historia persoal<\/strong><\/p>\n\n\n\n<blockquote class=\"wp-block-quote is-layout-flow wp-block-quote-is-layout-flow\">\n<p>Ben, pois eu nac\u00edn no 2004 en Salvaterra do Mi\u00f1o. A mi\u00f1a nai \u00e9 das Neves e meu pai e de Ponteareas, pero eu nac\u00edn en Salvaterra. Medrei en Salvaterra, pero As Neves \u00e9 tam\u00e9n a mi\u00f1a casa para min.<\/p>\n<\/blockquote>\n\n\n\n<p><strong>E como comeza a t\u00faa relaci\u00f3n co deporte? Sempre foi o b\u00e1dminton?<\/strong><\/p>\n\n\n\n<blockquote class=\"wp-block-quote is-layout-flow wp-block-quote-is-layout-flow\">\n<p>Non, para nada. Gust\u00e1bame moito o deporte e de pequena probei f\u00fatbol, taekwondo e tenis. O b\u00e1dminton apareceu como actividade extraescolar no colexio cando ti\u00f1a sete anos. Apunteime case sen saber o que era. \u00cda un par de d\u00edas \u00e1 semana e comecei as\u00ed, aos poucos.<\/p>\n<\/blockquote>\n\n\n\n<p><strong>En que momento pasa de ser unha actividade m\u00e1is a algo serio?<\/strong><\/p>\n\n\n\n<blockquote class=\"wp-block-quote is-layout-flow wp-block-quote-is-layout-flow\">\n<p>Como me gustaba e se me daba ben paseime da extraescolar do cole e comecei co Club B\u00e1dminton As Neves. \u00c9 o club m\u00e1is importante da Comarca, incluso case poderiamos dicir que \u00e9 o m\u00e1is importante da provincia de Pontevedra, con moita tradici\u00f3n e moito nivel, a pesar de ser dun pobo pequeno compite nos campionatos de Espa\u00f1a e consegue moitas medallas. Al\u00ed foi onde comecei a adestrar con m\u00e1is regularidade e a tomalo m\u00e1is en serio.<\/p>\n<\/blockquote>\n\n\n\n<p><strong>Cantos anos ti\u00f1as cando empezaches no Club B\u00e1dminton de As Neves?<\/strong><\/p>\n\n\n\n<blockquote class=\"wp-block-quote is-layout-flow wp-block-quote-is-layout-flow\">\n<p>Entre oito e nove. Aqu\u00ed pas\u00e1bao moi ben e comecei a competir por toda Galicia.<\/p>\n<\/blockquote>\n\n\n\n<p><strong>Como segue despois a t\u00faa carreira deportiva?<\/strong><\/p>\n\n\n\n<blockquote class=\"wp-block-quote is-layout-flow wp-block-quote-is-layout-flow\">\n<p>Con doce anos xa comezo a adestrar a m\u00e1is nivel en Pontevedra no Centro Galego de Tecnificaci\u00f3n Deportiva (CGTD). Con catorce quedei a vivir en Pontevedra na residencia de luns a venres. Este CGTD \u00e9 o segundo m\u00e1is importante de Espa\u00f1a en b\u00e1dminton por detr\u00e1s do de Madrid.<\/p>\n<\/blockquote>\n\n\n\n<p><strong>E non che deu medo ir vivir sen os teus pais tan s\u00f3 con catorce anos?<\/strong><\/p>\n\n\n\n<blockquote class=\"wp-block-quote is-layout-flow wp-block-quote-is-layout-flow\">\n<p>Ao principio estaba nerviosa, non co\u00f1ec\u00eda a moita xente, pero adaptaci\u00f3n foi r\u00e1pida. Ao final est\u00e1s rodeada doutros rapaces e rapazas que viven o mesmo ca ti. As fins de semana \u00eda a casa cos meus pais.<\/p>\n<\/blockquote>\n\n\n\n<p><strong>A t\u00faa valoraci\u00f3n desa esa etapa en Pontevedra?<\/strong><\/p>\n\n\n\n<blockquote class=\"wp-block-quote is-layout-flow wp-block-quote-is-layout-flow\">\n<p>Moi intensa. Adestraba todos os d\u00edas e tam\u00e9n estudaba al\u00ed. No instituto s\u00f3 hab\u00eda unha clase, todos eramos deportistas. Iso axuda moito, porque todos entendemos as competici\u00f3ns, as viaxes e o ritmo de adestramento.<\/p>\n<\/blockquote>\n\n\n\n<p><strong>Ata cando estiveches vivindo no CGTD?<\/strong><\/p>\n\n\n\n<blockquote class=\"wp-block-quote is-layout-flow wp-block-quote-is-layout-flow\">\n<p>Ata os dezaoito anos, cando rematei a selectividade. Despois desta etapa en Pontevedra marchei para Madrid.<\/p>\n<\/blockquote>\n\n\n\n<p><strong>Segu\u00edas competindo co Club As Neves na t\u00faa etapa de Pontevedra?<\/strong><\/p>\n\n\n\n<blockquote class=\"wp-block-quote is-layout-flow wp-block-quote-is-layout-flow\">\n<p>Si, sempre. A\u00ednda que adestraba no CGTD, compet\u00eda e sigo competindo co meu club. Iso non cambiou.<\/p>\n<\/blockquote>\n\n\n\n<p><strong>Que supuxo Madrid para ti?<\/strong><\/p>\n\n\n\n<blockquote class=\"wp-block-quote is-layout-flow wp-block-quote-is-layout-flow\">\n<p>En xaneiro de 2023 fun seleccionada para ir ao Centro de Alto Rendemento de Madrid co equipo nacional. Foi un paso moi grande. Non fun soa, fun con tres xogadores m\u00e1is. Vivimos tam\u00e9n en residencia e xa estamos totalmente integrados na din\u00e1mica da selecci\u00f3n espa\u00f1ola. Estou moi contenta.<\/p>\n<\/blockquote>\n\n\n\n<p><strong>Como \u00e9 o teu d\u00eda a d\u00eda agora con 21 anos e formando parte da selecci\u00f3n espa\u00f1ola?<\/strong><\/p>\n\n\n\n<blockquote class=\"wp-block-quote is-layout-flow wp-block-quote-is-layout-flow\">\n<p>Adestro unhas cinco horas diarias. O b\u00e1dminton \u00e9 a prioridade absoluta por enriba dos estudios. Ademais estou estudando Animaci\u00f3n 3D, pero vou pouco a pouco, adapt\u00e1ndome ao calendario de competici\u00f3ns. Non \u00e9 doado compaxinalo, pero creo que \u00e9 importante formarse tam\u00e9n.<\/p>\n<\/blockquote>\n\n\n\n<p><strong>O voso calendario \u00e9 principalmente internacional, non si?<\/strong><\/p>\n\n\n\n<blockquote class=\"wp-block-quote is-layout-flow wp-block-quote-is-layout-flow\">\n<p>Si. En Espa\u00f1a case non competimos, porque para o r\u00e1nking mundial non conta demasiado. A maior\u00eda dos torneos son f\u00f3ra. Dependendo do mes podemos ter dous ou tres torneos internacionais. En Espa\u00f1a s\u00f3 facemos o campionato de Espa\u00f1a.<\/p>\n<\/blockquote>\n\n\n\n<p><strong>Unha muller moi co\u00f1ecida no teu mundo \u00e9 Carolina Mar\u00edn. Que significa para v\u00f3s?<\/strong><\/p>\n\n\n\n<blockquote class=\"wp-block-quote is-layout-flow wp-block-quote-is-layout-flow\">\n<p>\u00c9 o referente absoluto. En Espa\u00f1a ningu\u00e9n conseguira o que ela conseguiu a nivel mundial. \u00c9 un exemplo e \u00e9 a mellor na historia do b\u00e1dminto.<\/p>\n<\/blockquote>\n\n\n\n<p><strong>V\u00e9desvos chegando ao seu nivel?<\/strong><\/p>\n\n\n\n<blockquote class=\"wp-block-quote is-layout-flow wp-block-quote-is-layout-flow\">\n<p>O noso mellor resultado foi unha semifinal nun torneo internacional. Ela ga\u00f1ou campionatos do mundo e Xogos Ol\u00edmpicos.<\/p>\n<\/blockquote>\n\n\n\n<p><strong>En que modalidades compites?<\/strong><\/p>\n\n\n\n<blockquote class=\"wp-block-quote is-layout-flow wp-block-quote-is-layout-flow\">\n<p>Estou especializada en dobres. Xogo dobres feminino con Paula L\u00f3pez, que \u00e9 de Madrid, e dobres mixto con Rub\u00e9n Garc\u00eda, de Granada. En individual non compito, despois de j\u00fanior o normal \u00e9 especializarse nunha modalidade e decid\u00edn centrarme en dobres.<\/p>\n<\/blockquote>\n\n\n\n<p><strong>Cal \u00e9 a t\u00faa posici\u00f3n actual no r\u00e1nking?<\/strong><\/p>\n\n\n\n<blockquote class=\"wp-block-quote is-layout-flow wp-block-quote-is-layout-flow\">\n<p>Agora mesmo estou arredor do posto 46 do mundo en dobres mixto. En dobres feminino estamos m\u00e1is atr\u00e1s, sobre o 80, pero \u00e9 porque a mi\u00f1a compa\u00f1eira estivo lesionada e operada o ano pasado e case non competimos. Chegamos a estar no 43.<\/p>\n<\/blockquote>\n\n\n\n<p><strong>P\u00f3dese vivir profesionalmente do b\u00e1dminton en Espa\u00f1a?<\/strong><\/p>\n\n\n\n<blockquote class=\"wp-block-quote is-layout-flow wp-block-quote-is-layout-flow\">\n<p>Mentres est\u00e1s competindo a este nivel, si. Pero non \u00e9 un deporte que che asegure estabilidade para toda a vida. Cando deixas de competir, tes que ter outra sa\u00edda profesional. Por iso tam\u00e9n estudo.<\/p>\n<\/blockquote>\n\n\n\n<p><strong>Ata que idade se pode competir a alto nivel?<\/strong><\/p>\n\n\n\n<blockquote class=\"wp-block-quote is-layout-flow wp-block-quote-is-layout-flow\">\n<p>Depende moito da persoa e do seu corpo. Hai quen con 25 anos xa est\u00e1 queimado e o deixa, e hai casos como o de Pablo Abi\u00e1n, que te 41 anos e segue competindo chegando a estar no Top Mundial. \u00c9 un deporte moi esixente f\u00edsica e mentalmente.<\/p>\n<\/blockquote>\n\n\n\n<p><strong>Cal \u00e9 o teu gran obxectivo deportivo?<\/strong><\/p>\n\n\n\n<blockquote class=\"wp-block-quote is-layout-flow wp-block-quote-is-layout-flow\">\n<p>Clasificarme para os Xogos Ol\u00edmpicos de Los \u00c1ngeles 2028. \u00c9 o gran so\u00f1o. Creo que temos opci\u00f3ns reais de loitar pola clasificaci\u00f3n.<\/p>\n<\/blockquote>\n\n\n\n<p><strong>Se vos clasificades, tedes opci\u00f3ns a algunha medalla?<\/strong><\/p>\n\n\n\n<blockquote class=\"wp-block-quote is-layout-flow wp-block-quote-is-layout-flow\">\n<p>Agora mesmo ser\u00eda moi complicado, pero a longo prazo ese \u00e9 o obxectivo. Se est\u00e1s a\u00ed, queres aspirar ao m\u00e1ximo.<\/p>\n<\/blockquote>\n\n\n\n<p><strong>Botas de menos Galicia?<\/strong><\/p>\n\n\n\n<blockquote class=\"wp-block-quote is-layout-flow wp-block-quote-is-layout-flow\">\n<p>Claro que si. Sempre que podo volvo. A familia e os amigos est\u00e1n aqu\u00ed e iso n\u00f3tase.<\/p>\n<\/blockquote>\n\n\n\n<p><strong>E cando remate a t\u00faa carreira deportiva, onde te ves?<\/strong><\/p>\n\n\n\n<blockquote class=\"wp-block-quote is-layout-flow wp-block-quote-is-layout-flow\">\n<p><br>Agora mesmo gustar\u00edame volver a Galicia. Pero son nova e poden pasar moitas cousas. Xa veremos que trae o futuro, poden pasar moitas cousa na vida persoal e deportiva.<\/p>\n<\/blockquote>\n\n\n\n<p><\/p>\n\n\n\n<p><\/p>\n","protected":false},"excerpt":{"rendered":"<div class=\"mh-excerpt\"><p>Luc\u00eda \u00e9 unha moza do Condado de 21 anos de idade. Ela naceu en Salvaterra e \u00e9 filla dunha muller de As Neves e dun home de Ponteareas <a class=\"mh-excerpt-more\" href=\"https:\/\/www.anovapeneira.gal\/index.php\/2026\/02\/27\/lucia-rodriguez-xogadora-da-seleccion-espanola-absoluta-de-badminton-natural-do-condado\/\" title=\"Luc\u00eda Rodr\u00edguez, xogadora da selecci\u00f3n espa\u00f1ola absoluta de b\u00e1dminton natural do Condado\">[&#8230;]<\/a><\/p>\n<\/div>","protected":false},"author":17,"featured_media":15398,"comment_status":"open","ping_status":"open","sticky":false,"template":"","format":"standard","meta":{"_exactmetrics_skip_tracking":false,"_exactmetrics_sitenote_active":false,"_exactmetrics_sitenote_note":"","_exactmetrics_sitenote_category":0,"footnotes":""},"categories":[267],"tags":[546,186],"class_list":{"0":"post-15397","1":"post","2":"type-post","3":"status-publish","4":"format-standard","5":"has-post-thumbnail","7":"category-condado-entrevistas","8":"tag-concello-das-neves","9":"tag-concello-de-salvaterra-do-mino"},"yoast_head":"<!-- This site is optimized with the Yoast SEO plugin v27.4 - https:\/\/yoast.com\/product\/yoast-seo-wordpress\/ -->\n<title>Luc\u00eda Rodr\u00edguez, xogadora da selecci\u00f3n espa\u00f1ola absoluta de b\u00e1dminton natural do Condado -<\/title>\n<meta name=\"robots\" content=\"index, follow, max-snippet:-1, max-image-preview:large, max-video-preview:-1\" \/>\n<link rel=\"canonical\" href=\"https:\/\/www.anovapeneira.gal\/index.php\/2026\/02\/27\/lucia-rodriguez-xogadora-da-seleccion-espanola-absoluta-de-badminton-natural-do-condado\/\" \/>\n<meta property=\"og:locale\" content=\"gl_ES\" \/>\n<meta property=\"og:type\" content=\"article\" \/>\n<meta property=\"og:title\" content=\"Luc\u00eda Rodr\u00edguez, xogadora da selecci\u00f3n espa\u00f1ola absoluta de b\u00e1dminton natural do Condado -\" \/>\n<meta property=\"og:description\" content=\"Luc\u00eda \u00e9 unha moza do Condado de 21 anos de idade. Ela naceu en Salvaterra e \u00e9 filla dunha muller de As Neves e dun home de Ponteareas [...]\" \/>\n<meta property=\"og:url\" content=\"https:\/\/www.anovapeneira.gal\/index.php\/2026\/02\/27\/lucia-rodriguez-xogadora-da-seleccion-espanola-absoluta-de-badminton-natural-do-condado\/\" \/>\n<meta property=\"article:publisher\" content=\"https:\/\/www.facebook.com\/anovapeneira\" \/>\n<meta property=\"article:published_time\" content=\"2026-02-27T09:00:37+00:00\" \/>\n<meta property=\"og:image\" content=\"https:\/\/www.anovapeneira.gal\/wp-content\/uploads\/2026\/02\/lucia_badbinton.jpg\" \/>\n\t<meta property=\"og:image:width\" content=\"2048\" \/>\n\t<meta property=\"og:image:height\" content=\"1229\" \/>\n\t<meta property=\"og:image:type\" content=\"image\/jpeg\" \/>\n<meta name=\"author\" content=\"G. Figueiredo\" \/>\n<meta name=\"twitter:card\" content=\"summary_large_image\" \/>\n<meta name=\"twitter:creator\" content=\"@APeneira\" \/>\n<meta name=\"twitter:site\" content=\"@APeneira\" \/>\n<meta name=\"twitter:label1\" content=\"Escrito por\" \/>\n\t<meta name=\"twitter:data1\" content=\"G. Figueiredo\" \/>\n\t<meta name=\"twitter:label2\" content=\"Tempo de lectura\" \/>\n\t<meta name=\"twitter:data2\" content=\"3 minutos\" \/>\n<script type=\"application\/ld+json\" class=\"yoast-schema-graph\">{\"@context\":\"https:\\\/\\\/schema.org\",\"@graph\":[{\"@type\":\"Article\",\"@id\":\"https:\\\/\\\/www.anovapeneira.gal\\\/index.php\\\/2026\\\/02\\\/27\\\/lucia-rodriguez-xogadora-da-seleccion-espanola-absoluta-de-badminton-natural-do-condado\\\/#article\",\"isPartOf\":{\"@id\":\"https:\\\/\\\/www.anovapeneira.gal\\\/index.php\\\/2026\\\/02\\\/27\\\/lucia-rodriguez-xogadora-da-seleccion-espanola-absoluta-de-badminton-natural-do-condado\\\/\"},\"author\":{\"name\":\"G. Figueiredo\",\"@id\":\"https:\\\/\\\/www.anovapeneira.gal\\\/#\\\/schema\\\/person\\\/42f904d7cac80cf3f5a31494dd82a9b6\"},\"headline\":\"Luc\u00eda Rodr\u00edguez, xogadora da selecci\u00f3n espa\u00f1ola absoluta de b\u00e1dminton natural do Condado\",\"datePublished\":\"2026-02-27T09:00:37+00:00\",\"mainEntityOfPage\":{\"@id\":\"https:\\\/\\\/www.anovapeneira.gal\\\/index.php\\\/2026\\\/02\\\/27\\\/lucia-rodriguez-xogadora-da-seleccion-espanola-absoluta-de-badminton-natural-do-condado\\\/\"},\"wordCount\":1285,\"commentCount\":0,\"publisher\":{\"@id\":\"https:\\\/\\\/www.anovapeneira.gal\\\/#organization\"},\"image\":{\"@id\":\"https:\\\/\\\/www.anovapeneira.gal\\\/index.php\\\/2026\\\/02\\\/27\\\/lucia-rodriguez-xogadora-da-seleccion-espanola-absoluta-de-badminton-natural-do-condado\\\/#primaryimage\"},\"thumbnailUrl\":\"https:\\\/\\\/www.anovapeneira.gal\\\/wp-content\\\/uploads\\\/2026\\\/02\\\/lucia_badbinton.jpg\",\"keywords\":[\"Concello das Neves\",\"Concello de Salvaterra do Mi\u00f1o\"],\"articleSection\":[\"Condado\"],\"inLanguage\":\"gl-ES\",\"potentialAction\":[{\"@type\":\"CommentAction\",\"name\":\"Comment\",\"target\":[\"https:\\\/\\\/www.anovapeneira.gal\\\/index.php\\\/2026\\\/02\\\/27\\\/lucia-rodriguez-xogadora-da-seleccion-espanola-absoluta-de-badminton-natural-do-condado\\\/#respond\"]}]},{\"@type\":\"WebPage\",\"@id\":\"https:\\\/\\\/www.anovapeneira.gal\\\/index.php\\\/2026\\\/02\\\/27\\\/lucia-rodriguez-xogadora-da-seleccion-espanola-absoluta-de-badminton-natural-do-condado\\\/\",\"url\":\"https:\\\/\\\/www.anovapeneira.gal\\\/index.php\\\/2026\\\/02\\\/27\\\/lucia-rodriguez-xogadora-da-seleccion-espanola-absoluta-de-badminton-natural-do-condado\\\/\",\"name\":\"Luc\u00eda Rodr\u00edguez, xogadora da selecci\u00f3n espa\u00f1ola absoluta de b\u00e1dminton natural do Condado -\",\"isPartOf\":{\"@id\":\"https:\\\/\\\/www.anovapeneira.gal\\\/#website\"},\"primaryImageOfPage\":{\"@id\":\"https:\\\/\\\/www.anovapeneira.gal\\\/index.php\\\/2026\\\/02\\\/27\\\/lucia-rodriguez-xogadora-da-seleccion-espanola-absoluta-de-badminton-natural-do-condado\\\/#primaryimage\"},\"image\":{\"@id\":\"https:\\\/\\\/www.anovapeneira.gal\\\/index.php\\\/2026\\\/02\\\/27\\\/lucia-rodriguez-xogadora-da-seleccion-espanola-absoluta-de-badminton-natural-do-condado\\\/#primaryimage\"},\"thumbnailUrl\":\"https:\\\/\\\/www.anovapeneira.gal\\\/wp-content\\\/uploads\\\/2026\\\/02\\\/lucia_badbinton.jpg\",\"datePublished\":\"2026-02-27T09:00:37+00:00\",\"breadcrumb\":{\"@id\":\"https:\\\/\\\/www.anovapeneira.gal\\\/index.php\\\/2026\\\/02\\\/27\\\/lucia-rodriguez-xogadora-da-seleccion-espanola-absoluta-de-badminton-natural-do-condado\\\/#breadcrumb\"},\"inLanguage\":\"gl-ES\",\"potentialAction\":[{\"@type\":\"ReadAction\",\"target\":[\"https:\\\/\\\/www.anovapeneira.gal\\\/index.php\\\/2026\\\/02\\\/27\\\/lucia-rodriguez-xogadora-da-seleccion-espanola-absoluta-de-badminton-natural-do-condado\\\/\"]}]},{\"@type\":\"ImageObject\",\"inLanguage\":\"gl-ES\",\"@id\":\"https:\\\/\\\/www.anovapeneira.gal\\\/index.php\\\/2026\\\/02\\\/27\\\/lucia-rodriguez-xogadora-da-seleccion-espanola-absoluta-de-badminton-natural-do-condado\\\/#primaryimage\",\"url\":\"https:\\\/\\\/www.anovapeneira.gal\\\/wp-content\\\/uploads\\\/2026\\\/02\\\/lucia_badbinton.jpg\",\"contentUrl\":\"https:\\\/\\\/www.anovapeneira.gal\\\/wp-content\\\/uploads\\\/2026\\\/02\\\/lucia_badbinton.jpg\",\"width\":2048,\"height\":1229},{\"@type\":\"BreadcrumbList\",\"@id\":\"https:\\\/\\\/www.anovapeneira.gal\\\/index.php\\\/2026\\\/02\\\/27\\\/lucia-rodriguez-xogadora-da-seleccion-espanola-absoluta-de-badminton-natural-do-condado\\\/#breadcrumb\",\"itemListElement\":[{\"@type\":\"ListItem\",\"position\":1,\"name\":\"Portada\",\"item\":\"https:\\\/\\\/www.anovapeneira.gal\\\/\"},{\"@type\":\"ListItem\",\"position\":2,\"name\":\"Luc\u00eda Rodr\u00edguez, xogadora da selecci\u00f3n espa\u00f1ola absoluta de b\u00e1dminton natural do Condado\"}]},{\"@type\":\"WebSite\",\"@id\":\"https:\\\/\\\/www.anovapeneira.gal\\\/#website\",\"url\":\"https:\\\/\\\/www.anovapeneira.gal\\\/\",\"name\":\"\",\"description\":\"Xornal galego de informaci\u00f3n xeral Publicaci\u00f3n mensual de novas de Galicia e en especial dos Concellos da sur da provincia de Pontevedra.\",\"publisher\":{\"@id\":\"https:\\\/\\\/www.anovapeneira.gal\\\/#organization\"},\"potentialAction\":[{\"@type\":\"SearchAction\",\"target\":{\"@type\":\"EntryPoint\",\"urlTemplate\":\"https:\\\/\\\/www.anovapeneira.gal\\\/?s={search_term_string}\"},\"query-input\":{\"@type\":\"PropertyValueSpecification\",\"valueRequired\":true,\"valueName\":\"search_term_string\"}}],\"inLanguage\":\"gl-ES\"},{\"@type\":\"Organization\",\"@id\":\"https:\\\/\\\/www.anovapeneira.gal\\\/#organization\",\"name\":\"A Nova Peneira\",\"url\":\"https:\\\/\\\/www.anovapeneira.gal\\\/\",\"logo\":{\"@type\":\"ImageObject\",\"inLanguage\":\"gl-ES\",\"@id\":\"https:\\\/\\\/www.anovapeneira.gal\\\/#\\\/schema\\\/logo\\\/image\\\/\",\"url\":\"http:\\\/\\\/www.anovapeneira.gal\\\/wp-content\\\/uploads\\\/2019\\\/06\\\/logo_a_nova_peneira_portal_web.png\",\"contentUrl\":\"http:\\\/\\\/www.anovapeneira.gal\\\/wp-content\\\/uploads\\\/2019\\\/06\\\/logo_a_nova_peneira_portal_web.png\",\"width\":300,\"height\":100,\"caption\":\"A Nova Peneira\"},\"image\":{\"@id\":\"https:\\\/\\\/www.anovapeneira.gal\\\/#\\\/schema\\\/logo\\\/image\\\/\"},\"sameAs\":[\"https:\\\/\\\/www.facebook.com\\\/anovapeneira\",\"https:\\\/\\\/x.com\\\/APeneira\"]},{\"@type\":\"Person\",\"@id\":\"https:\\\/\\\/www.anovapeneira.gal\\\/#\\\/schema\\\/person\\\/42f904d7cac80cf3f5a31494dd82a9b6\",\"name\":\"G. Figueiredo\",\"image\":{\"@type\":\"ImageObject\",\"inLanguage\":\"gl-ES\",\"@id\":\"https:\\\/\\\/secure.gravatar.com\\\/avatar\\\/2d970086688458e0398ef8b84f5cbb8cc1ec3ab115aeb8435135a9f556af97b3?s=96&d=mm&r=g\",\"url\":\"https:\\\/\\\/secure.gravatar.com\\\/avatar\\\/2d970086688458e0398ef8b84f5cbb8cc1ec3ab115aeb8435135a9f556af97b3?s=96&d=mm&r=g\",\"contentUrl\":\"https:\\\/\\\/secure.gravatar.com\\\/avatar\\\/2d970086688458e0398ef8b84f5cbb8cc1ec3ab115aeb8435135a9f556af97b3?s=96&d=mm&r=g\",\"caption\":\"G. Figueiredo\"},\"sameAs\":[\"http:\\\/\\\/www.anovapeneira.gal\\\/\"],\"url\":\"https:\\\/\\\/www.anovapeneira.gal\\\/index.php\\\/author\\\/g-figueiredo\\\/\"}]}<\/script>\n<!-- \/ Yoast SEO plugin. -->","yoast_head_json":{"title":"Luc\u00eda Rodr\u00edguez, xogadora da selecci\u00f3n espa\u00f1ola absoluta de b\u00e1dminton natural do Condado -","robots":{"index":"index","follow":"follow","max-snippet":"max-snippet:-1","max-image-preview":"max-image-preview:large","max-video-preview":"max-video-preview:-1"},"canonical":"https:\/\/www.anovapeneira.gal\/index.php\/2026\/02\/27\/lucia-rodriguez-xogadora-da-seleccion-espanola-absoluta-de-badminton-natural-do-condado\/","og_locale":"gl_ES","og_type":"article","og_title":"Luc\u00eda Rodr\u00edguez, xogadora da selecci\u00f3n espa\u00f1ola absoluta de b\u00e1dminton natural do Condado -","og_description":"Luc\u00eda \u00e9 unha moza do Condado de 21 anos de idade. Ela naceu en Salvaterra e \u00e9 filla dunha muller de As Neves e dun home de Ponteareas [...]","og_url":"https:\/\/www.anovapeneira.gal\/index.php\/2026\/02\/27\/lucia-rodriguez-xogadora-da-seleccion-espanola-absoluta-de-badminton-natural-do-condado\/","article_publisher":"https:\/\/www.facebook.com\/anovapeneira","article_published_time":"2026-02-27T09:00:37+00:00","og_image":[{"width":2048,"height":1229,"url":"https:\/\/www.anovapeneira.gal\/wp-content\/uploads\/2026\/02\/lucia_badbinton.jpg","type":"image\/jpeg"}],"author":"G. Figueiredo","twitter_card":"summary_large_image","twitter_creator":"@APeneira","twitter_site":"@APeneira","twitter_misc":{"Escrito por":"G. Figueiredo","Tempo de lectura":"3 minutos"},"schema":{"@context":"https:\/\/schema.org","@graph":[{"@type":"Article","@id":"https:\/\/www.anovapeneira.gal\/index.php\/2026\/02\/27\/lucia-rodriguez-xogadora-da-seleccion-espanola-absoluta-de-badminton-natural-do-condado\/#article","isPartOf":{"@id":"https:\/\/www.anovapeneira.gal\/index.php\/2026\/02\/27\/lucia-rodriguez-xogadora-da-seleccion-espanola-absoluta-de-badminton-natural-do-condado\/"},"author":{"name":"G. Figueiredo","@id":"https:\/\/www.anovapeneira.gal\/#\/schema\/person\/42f904d7cac80cf3f5a31494dd82a9b6"},"headline":"Luc\u00eda Rodr\u00edguez, xogadora da selecci\u00f3n espa\u00f1ola absoluta de b\u00e1dminton natural do Condado","datePublished":"2026-02-27T09:00:37+00:00","mainEntityOfPage":{"@id":"https:\/\/www.anovapeneira.gal\/index.php\/2026\/02\/27\/lucia-rodriguez-xogadora-da-seleccion-espanola-absoluta-de-badminton-natural-do-condado\/"},"wordCount":1285,"commentCount":0,"publisher":{"@id":"https:\/\/www.anovapeneira.gal\/#organization"},"image":{"@id":"https:\/\/www.anovapeneira.gal\/index.php\/2026\/02\/27\/lucia-rodriguez-xogadora-da-seleccion-espanola-absoluta-de-badminton-natural-do-condado\/#primaryimage"},"thumbnailUrl":"https:\/\/www.anovapeneira.gal\/wp-content\/uploads\/2026\/02\/lucia_badbinton.jpg","keywords":["Concello das Neves","Concello de Salvaterra do Mi\u00f1o"],"articleSection":["Condado"],"inLanguage":"gl-ES","potentialAction":[{"@type":"CommentAction","name":"Comment","target":["https:\/\/www.anovapeneira.gal\/index.php\/2026\/02\/27\/lucia-rodriguez-xogadora-da-seleccion-espanola-absoluta-de-badminton-natural-do-condado\/#respond"]}]},{"@type":"WebPage","@id":"https:\/\/www.anovapeneira.gal\/index.php\/2026\/02\/27\/lucia-rodriguez-xogadora-da-seleccion-espanola-absoluta-de-badminton-natural-do-condado\/","url":"https:\/\/www.anovapeneira.gal\/index.php\/2026\/02\/27\/lucia-rodriguez-xogadora-da-seleccion-espanola-absoluta-de-badminton-natural-do-condado\/","name":"Luc\u00eda Rodr\u00edguez, xogadora da selecci\u00f3n espa\u00f1ola absoluta de b\u00e1dminton natural do Condado -","isPartOf":{"@id":"https:\/\/www.anovapeneira.gal\/#website"},"primaryImageOfPage":{"@id":"https:\/\/www.anovapeneira.gal\/index.php\/2026\/02\/27\/lucia-rodriguez-xogadora-da-seleccion-espanola-absoluta-de-badminton-natural-do-condado\/#primaryimage"},"image":{"@id":"https:\/\/www.anovapeneira.gal\/index.php\/2026\/02\/27\/lucia-rodriguez-xogadora-da-seleccion-espanola-absoluta-de-badminton-natural-do-condado\/#primaryimage"},"thumbnailUrl":"https:\/\/www.anovapeneira.gal\/wp-content\/uploads\/2026\/02\/lucia_badbinton.jpg","datePublished":"2026-02-27T09:00:37+00:00","breadcrumb":{"@id":"https:\/\/www.anovapeneira.gal\/index.php\/2026\/02\/27\/lucia-rodriguez-xogadora-da-seleccion-espanola-absoluta-de-badminton-natural-do-condado\/#breadcrumb"},"inLanguage":"gl-ES","potentialAction":[{"@type":"ReadAction","target":["https:\/\/www.anovapeneira.gal\/index.php\/2026\/02\/27\/lucia-rodriguez-xogadora-da-seleccion-espanola-absoluta-de-badminton-natural-do-condado\/"]}]},{"@type":"ImageObject","inLanguage":"gl-ES","@id":"https:\/\/www.anovapeneira.gal\/index.php\/2026\/02\/27\/lucia-rodriguez-xogadora-da-seleccion-espanola-absoluta-de-badminton-natural-do-condado\/#primaryimage","url":"https:\/\/www.anovapeneira.gal\/wp-content\/uploads\/2026\/02\/lucia_badbinton.jpg","contentUrl":"https:\/\/www.anovapeneira.gal\/wp-content\/uploads\/2026\/02\/lucia_badbinton.jpg","width":2048,"height":1229},{"@type":"BreadcrumbList","@id":"https:\/\/www.anovapeneira.gal\/index.php\/2026\/02\/27\/lucia-rodriguez-xogadora-da-seleccion-espanola-absoluta-de-badminton-natural-do-condado\/#breadcrumb","itemListElement":[{"@type":"ListItem","position":1,"name":"Portada","item":"https:\/\/www.anovapeneira.gal\/"},{"@type":"ListItem","position":2,"name":"Luc\u00eda Rodr\u00edguez, xogadora da selecci\u00f3n espa\u00f1ola absoluta de b\u00e1dminton natural do Condado"}]},{"@type":"WebSite","@id":"https:\/\/www.anovapeneira.gal\/#website","url":"https:\/\/www.anovapeneira.gal\/","name":"","description":"Xornal galego de informaci\u00f3n xeral Publicaci\u00f3n mensual de novas de Galicia e en especial dos Concellos da sur da provincia de Pontevedra.","publisher":{"@id":"https:\/\/www.anovapeneira.gal\/#organization"},"potentialAction":[{"@type":"SearchAction","target":{"@type":"EntryPoint","urlTemplate":"https:\/\/www.anovapeneira.gal\/?s={search_term_string}"},"query-input":{"@type":"PropertyValueSpecification","valueRequired":true,"valueName":"search_term_string"}}],"inLanguage":"gl-ES"},{"@type":"Organization","@id":"https:\/\/www.anovapeneira.gal\/#organization","name":"A Nova Peneira","url":"https:\/\/www.anovapeneira.gal\/","logo":{"@type":"ImageObject","inLanguage":"gl-ES","@id":"https:\/\/www.anovapeneira.gal\/#\/schema\/logo\/image\/","url":"http:\/\/www.anovapeneira.gal\/wp-content\/uploads\/2019\/06\/logo_a_nova_peneira_portal_web.png","contentUrl":"http:\/\/www.anovapeneira.gal\/wp-content\/uploads\/2019\/06\/logo_a_nova_peneira_portal_web.png","width":300,"height":100,"caption":"A Nova Peneira"},"image":{"@id":"https:\/\/www.anovapeneira.gal\/#\/schema\/logo\/image\/"},"sameAs":["https:\/\/www.facebook.com\/anovapeneira","https:\/\/x.com\/APeneira"]},{"@type":"Person","@id":"https:\/\/www.anovapeneira.gal\/#\/schema\/person\/42f904d7cac80cf3f5a31494dd82a9b6","name":"G. Figueiredo","image":{"@type":"ImageObject","inLanguage":"gl-ES","@id":"https:\/\/secure.gravatar.com\/avatar\/2d970086688458e0398ef8b84f5cbb8cc1ec3ab115aeb8435135a9f556af97b3?s=96&d=mm&r=g","url":"https:\/\/secure.gravatar.com\/avatar\/2d970086688458e0398ef8b84f5cbb8cc1ec3ab115aeb8435135a9f556af97b3?s=96&d=mm&r=g","contentUrl":"https:\/\/secure.gravatar.com\/avatar\/2d970086688458e0398ef8b84f5cbb8cc1ec3ab115aeb8435135a9f556af97b3?s=96&d=mm&r=g","caption":"G. Figueiredo"},"sameAs":["http:\/\/www.anovapeneira.gal\/"],"url":"https:\/\/www.anovapeneira.gal\/index.php\/author\/g-figueiredo\/"}]}},"jetpack_featured_media_url":"https:\/\/www.anovapeneira.gal\/wp-content\/uploads\/2026\/02\/lucia_badbinton.jpg","_links":{"self":[{"href":"https:\/\/www.anovapeneira.gal\/index.php\/wp-json\/wp\/v2\/posts\/15397","targetHints":{"allow":["GET"]}}],"collection":[{"href":"https:\/\/www.anovapeneira.gal\/index.php\/wp-json\/wp\/v2\/posts"}],"about":[{"href":"https:\/\/www.anovapeneira.gal\/index.php\/wp-json\/wp\/v2\/types\/post"}],"author":[{"embeddable":true,"href":"https:\/\/www.anovapeneira.gal\/index.php\/wp-json\/wp\/v2\/users\/17"}],"replies":[{"embeddable":true,"href":"https:\/\/www.anovapeneira.gal\/index.php\/wp-json\/wp\/v2\/comments?post=15397"}],"version-history":[{"count":2,"href":"https:\/\/www.anovapeneira.gal\/index.php\/wp-json\/wp\/v2\/posts\/15397\/revisions"}],"predecessor-version":[{"id":15401,"href":"https:\/\/www.anovapeneira.gal\/index.php\/wp-json\/wp\/v2\/posts\/15397\/revisions\/15401"}],"wp:featuredmedia":[{"embeddable":true,"href":"https:\/\/www.anovapeneira.gal\/index.php\/wp-json\/wp\/v2\/media\/15398"}],"wp:attachment":[{"href":"https:\/\/www.anovapeneira.gal\/index.php\/wp-json\/wp\/v2\/media?parent=15397"}],"wp:term":[{"taxonomy":"category","embeddable":true,"href":"https:\/\/www.anovapeneira.gal\/index.php\/wp-json\/wp\/v2\/categories?post=15397"},{"taxonomy":"post_tag","embeddable":true,"href":"https:\/\/www.anovapeneira.gal\/index.php\/wp-json\/wp\/v2\/tags?post=15397"}],"curies":[{"name":"wp","href":"https:\/\/api.w.org\/{rel}","templated":true}]}}