{"id":15402,"date":"2026-02-27T12:00:06","date_gmt":"2026-02-27T11:00:06","guid":{"rendered":"https:\/\/www.anovapeneira.gal\/?p=15402"},"modified":"2026-02-17T08:50:14","modified_gmt":"2026-02-17T07:50:14","slug":"o-concello-de-soutomaior-denegalle-a-subvencion-municipal-ao-club-de-petanca-arcade","status":"publish","type":"post","link":"https:\/\/www.anovapeneira.gal\/index.php\/2026\/02\/27\/o-concello-de-soutomaior-denegalle-a-subvencion-municipal-ao-club-de-petanca-arcade\/","title":{"rendered":"O Concello de Soutomaior den\u00e9galle a subvenci\u00f3n municipal ao club de petanca Arcade"},"content":{"rendered":"\n<pre class=\"wp-block-verse\">Marcos Santos e Tino Lago<\/pre>\n\n\n\n<p><strong>Nos oito anos de vida do club de petanca Arcade sempre percibiron unha subvenci\u00f3n municipal, importante para a xesti\u00f3n do d\u00eda a d\u00eda do club. Pero este ano por vez primeira foilles denegada polo Concello. Falamos cun dos membros deste equipo de petanca, que amosa a s\u00faa decepci\u00f3n co goberno municipal por este feito, que eles entenden inxusto, pola suposta pouca consideraci\u00f3n do Concello cara a un club da localidade que ga\u00f1a trofeos importantes, e polo, ao seu xu\u00edzo, mal estado do campo de xogo.<\/strong><\/p>\n\n\n\n<p><strong>Jesus P\u00e9rez Alonso membro do club Petanca Arcade.<\/strong><\/p>\n\n\n\n<h2 class=\"wp-block-heading\">\u201c <strong>Estamos moi decepcionados co Concello, tanto \u00e9 as\u00ed que valoramos seriamente deixar Arcade e irnos a Ponte Sampaio\u201d<\/strong><\/h2>\n\n\n\n<p><strong>Cantos anos de vida ten o club?<\/strong><\/p>\n\n\n\n<blockquote class=\"wp-block-quote is-layout-flow wp-block-quote-is-layout-flow\">\n<p>Constitu\u00eddo como club ten oito anos. Pero en realidade levamos m\u00e1is de 15 xogando.<\/p>\n<\/blockquote>\n\n\n\n<p><strong>Que competici\u00f3n disputades?<\/strong><\/p>\n\n\n\n<blockquote class=\"wp-block-quote is-layout-flow wp-block-quote-is-layout-flow\">\n<p>Xogamos a liga de Pontevedra. O ano pasado fomos campi\u00f3ns de liga e campi\u00f3ns de copa.<\/p>\n<\/blockquote>\n\n\n\n<p><strong>Onde xogades e adestrades?<\/strong><\/p>\n\n\n\n<blockquote class=\"wp-block-quote is-layout-flow wp-block-quote-is-layout-flow\">\n<p>Nuns campos de petanca municipais situados no lugar de Cagaz\u00f3 a car\u00f3n do r\u00edo. Estivemos xogando en varios sitios ata que fixeron eses campos e xa nos instalamos al\u00ed.<\/p>\n<\/blockquote>\n\n\n\n<p><strong>Como vos financiades?<\/strong><\/p>\n\n\n\n<blockquote class=\"wp-block-quote is-layout-flow wp-block-quote-is-layout-flow\">\n<p>N\u00f3s pagamos unha cota de socio e a subvenci\u00f3n do Concello tam\u00e9n era moi importante para n\u00f3s. Por desgraza este ano non a imos cobrar.<\/p>\n<\/blockquote>\n\n\n\n<p><strong>Canto tempo levabades cobrando esa subvenci\u00f3n municipal?<\/strong><\/p>\n\n\n\n<blockquote class=\"wp-block-quote is-layout-flow wp-block-quote-is-layout-flow\">\n<p>Desde que est\u00e1 o club constitu\u00eddo.<\/p>\n<\/blockquote>\n\n\n\n<p><strong>Ent\u00f3n esta subvenci\u00f3n t\u00e9dela cobrado tanto co anterior goberno do alcalde Agust\u00edn Reguera,como co actual do alcalde Manuel Lourenzo?<\/strong><\/p>\n\n\n\n<blockquote class=\"wp-block-quote is-layout-flow wp-block-quote-is-layout-flow\">\n<p>Si, cobr\u00e1mola desde que constitu\u00edmos o club. Coincidiunos nos \u00faltimos anos do anterior alcalde e nos primeiros do actual.<\/p>\n<\/blockquote>\n\n\n\n<p><strong>Cal foi a \u00faltima que cobrastes?<\/strong><\/p>\n\n\n\n<blockquote class=\"wp-block-quote is-layout-flow wp-block-quote-is-layout-flow\">\n<p>A que solicitamos a finais do 24 e que cobramos no ano 25.A que solicitamos no 2025, que ser\u00eda para cobrar no actual 2026, deneg\u00e1ronnola.<\/p>\n<\/blockquote>\n\n\n\n<p><strong>\u00c9 unha subvenci\u00f3n importante?<\/strong><\/p>\n\n\n\n<blockquote class=\"wp-block-quote is-layout-flow wp-block-quote-is-layout-flow\">\n<p>A cantidade \u00e9 pequena, son arredor de 800\u20ac, pero para n\u00f3s \u00e9 moi importante, si, porque contamos con eses cartos para costear o material necesario para a pr\u00e1ctica do noso deporte.<\/p>\n<\/blockquote>\n\n\n\n<p><strong>Por que motivo foi denegada?<\/strong><\/p>\n\n\n\n<blockquote class=\"wp-block-quote is-layout-flow wp-block-quote-is-layout-flow\">\n<p>Porque esixen que todas as facturas subvencionables sexan abonadas por transferencia bancaria e d\u00e9bese achegar os xustificantes desas transferencias. N\u00f3s eso non o sabiamos e temos algunhas facturas que si pagamos por transferencia, pero hai varias que son pequenas e abonamos en efectivo. Ent\u00f3n destas \u00faltimas podemos achegar a factura por suposto, pero non o xustificante de transferencia porque non a pagamos por transferencia.<\/p>\n<\/blockquote>\n\n\n\n<p><strong>Cales son as facturas que vos subvencionan?<\/strong><\/p>\n\n\n\n<blockquote class=\"wp-block-quote is-layout-flow wp-block-quote-is-layout-flow\">\n<p>Todo o que compramos para o club.<\/p>\n<\/blockquote>\n\n\n\n<p><strong>Ent\u00f3n, imaxino que vos denegar\u00edan s\u00f3 as facturas das que non achegastes o xustificante da transferencia bancaria?<\/strong><\/p>\n\n\n\n<blockquote class=\"wp-block-quote is-layout-flow wp-block-quote-is-layout-flow\">\n<p>Non, denegaron a subvenci\u00f3n completa.<\/p>\n<\/blockquote>\n\n\n\n<p><strong>E cal \u00e9 a vosa opini\u00f3n ao respecto?<\/strong><\/p>\n\n\n\n<blockquote class=\"wp-block-quote is-layout-flow wp-block-quote-is-layout-flow\">\n<p>Pareceunos moi mal. Deber\u00edan, entendemos n\u00f3s, ternos avisado antes para poder cumprir ese requisito.<\/p>\n<\/blockquote>\n\n\n\n<p><strong>Non vos mandaron ning\u00fan requirimento d\u00e1ndovos un prazo para emendar as incidencias?<\/strong><\/p>\n\n\n\n<blockquote class=\"wp-block-quote is-layout-flow wp-block-quote-is-layout-flow\">\n<p>Si, d\u00e9ronnos 15 d\u00edas. Pero era imposible de solucionar a posteriori porque esas facturas xa estaban pagadas<\/p>\n<\/blockquote>\n\n\n\n<p><strong>Este requisito da obrigatoriedade do pago por transferencia bancaria das facturas subvencionables \u00e9 unha novidade desta convocatoria, ou xa aparec\u00eda en convocatorias anteriores?<\/strong><\/p>\n\n\n\n<blockquote class=\"wp-block-quote is-layout-flow wp-block-quote-is-layout-flow\">\n<p>Non o podo asegurar, pero supo\u00f1o que ser\u00e1 novo porque nas convocatorias anteriores tam\u00e9n presentamos facturas pagadas en efectivo e nunca tivemos ning\u00fan problema para cobrar a subvenci\u00f3n. Non o tivemos nin co anterior alcalde nin co actual. A n\u00f3s par\u00e9cenos moi mal esta situaci\u00f3n. Entendemos que o Concello deb\u00eda de ter actuado de maneira moito m\u00e1is transixente. Consideramos que o goberno municipal debe de ter un m\u00ednimo de consideraci\u00f3n cara a un club que leva o nome de Arcade por Galicia adiante.<\/p>\n<\/blockquote>\n\n\n\n<p><strong>Non ten ese m\u00ednimo de consideraci\u00f3n?<\/strong><\/p>\n\n\n\n<blockquote class=\"wp-block-quote is-layout-flow wp-block-quote-is-layout-flow\">\n<p>Home, pois cando ga\u00f1amos os trofeos que ga\u00f1amos nin tiveron nin sequera a delicadeza de chamarnos para reco\u00f1ecernos.<\/p>\n<\/blockquote>\n\n\n\n<p><strong>Vaia, non recibistes nova algunha do Concello despois de terdes ga\u00f1ado a liga e a copa de Pontevedra?<\/strong><\/p>\n\n\n\n<blockquote class=\"wp-block-quote is-layout-flow wp-block-quote-is-layout-flow\">\n<p>Non. E \u00e9 a\u00ednda peor. N\u00f3s mand\u00e1moslle as fotograf\u00edas cos trofeos e quedaron de vir onda n\u00f3s. E non apareceu ningu\u00e9n. Por outra parte o mantemento das instalaci\u00f3ns \u00e9 moi deficiente: Hai bancos esnaquizados, temos un contedor que deixou o Concello que gotea auga de seguido .N\u00f3s estamos fartos de dicirllo e non fan nada para p\u00f3rlle soluci\u00f3n. Tal \u00e9 a nosa desilusi\u00f3n que estamos valorando tomar unha decisi\u00f3n dr\u00e1stica.<\/p>\n<\/blockquote>\n\n\n\n<p><strong>Cal?<\/strong><\/p>\n\n\n\n<blockquote class=\"wp-block-quote is-layout-flow wp-block-quote-is-layout-flow\">\n<p>Estamos pensando seriamente a posibilidade le levar o club de Arcade e pasarmos a domiciliarnos en Ponte Sampaio.<\/p>\n<\/blockquote>\n\n\n\n<p><strong>Estades tan decepcionados co Concello?<\/strong><\/p>\n\n\n\n<blockquote class=\"wp-block-quote is-layout-flow wp-block-quote-is-layout-flow\">\n<p>Si, si que o estamos. Pola s\u00faa parte todo son moi boas palabras pero nada ten que ver coa realidade dos feitos.<\/p>\n<\/blockquote>\n","protected":false},"excerpt":{"rendered":"<div class=\"mh-excerpt\"><p>Nos oito anos de vida do club de petanca Arcade sempre percibiron unha subvenci\u00f3n municipal, importante para a xesti\u00f3n do d\u00eda a d\u00eda do club. Pero este ano por vez primeira foilles denegada polo Concello <a class=\"mh-excerpt-more\" href=\"https:\/\/www.anovapeneira.gal\/index.php\/2026\/02\/27\/o-concello-de-soutomaior-denegalle-a-subvencion-municipal-ao-club-de-petanca-arcade\/\" title=\"O Concello de Soutomaior den\u00e9galle a subvenci\u00f3n municipal ao club de petanca Arcade\">[&#8230;]<\/a><\/p>\n<\/div>","protected":false},"author":6,"featured_media":15403,"comment_status":"open","ping_status":"open","sticky":false,"template":"","format":"standard","meta":{"_exactmetrics_skip_tracking":false,"_exactmetrics_sitenote_active":false,"_exactmetrics_sitenote_note":"","_exactmetrics_sitenote_category":0,"footnotes":""},"categories":[270],"tags":[1348],"class_list":{"0":"post-15402","1":"post","2":"type-post","3":"status-publish","4":"format-standard","5":"has-post-thumbnail","7":"category-redondela-entrevistas","8":"tag-concello-de-soutomaior"},"yoast_head":"<!-- This site is optimized with the Yoast SEO plugin v27.4 - https:\/\/yoast.com\/product\/yoast-seo-wordpress\/ -->\n<title>O Concello de Soutomaior den\u00e9galle a subvenci\u00f3n municipal ao club de petanca Arcade -<\/title>\n<meta name=\"robots\" content=\"index, follow, max-snippet:-1, max-image-preview:large, max-video-preview:-1\" \/>\n<link rel=\"canonical\" href=\"https:\/\/www.anovapeneira.gal\/index.php\/2026\/02\/27\/o-concello-de-soutomaior-denegalle-a-subvencion-municipal-ao-club-de-petanca-arcade\/\" \/>\n<meta property=\"og:locale\" content=\"gl_ES\" \/>\n<meta property=\"og:type\" content=\"article\" \/>\n<meta property=\"og:title\" content=\"O Concello de Soutomaior den\u00e9galle a subvenci\u00f3n municipal ao club de petanca Arcade -\" \/>\n<meta property=\"og:description\" content=\"Nos oito anos de vida do club de petanca Arcade sempre percibiron unha subvenci\u00f3n municipal, importante para a xesti\u00f3n do d\u00eda a d\u00eda do club. Pero este ano por vez primeira foilles denegada polo Concello [...]\" \/>\n<meta property=\"og:url\" content=\"https:\/\/www.anovapeneira.gal\/index.php\/2026\/02\/27\/o-concello-de-soutomaior-denegalle-a-subvencion-municipal-ao-club-de-petanca-arcade\/\" \/>\n<meta property=\"article:publisher\" content=\"https:\/\/www.facebook.com\/anovapeneira\" \/>\n<meta property=\"article:published_time\" content=\"2026-02-27T11:00:06+00:00\" \/>\n<meta property=\"og:image\" content=\"https:\/\/www.anovapeneira.gal\/wp-content\/uploads\/2026\/02\/suso_arcade_petanca.jpg\" \/>\n\t<meta property=\"og:image:width\" content=\"2048\" \/>\n\t<meta property=\"og:image:height\" content=\"1228\" \/>\n\t<meta property=\"og:image:type\" content=\"image\/jpeg\" \/>\n<meta name=\"author\" content=\"Marcos Santos\" \/>\n<meta name=\"twitter:card\" content=\"summary_large_image\" \/>\n<meta name=\"twitter:creator\" content=\"@APeneira\" \/>\n<meta name=\"twitter:site\" content=\"@APeneira\" \/>\n<meta name=\"twitter:label1\" content=\"Escrito por\" \/>\n\t<meta name=\"twitter:data1\" content=\"Marcos Santos\" \/>\n\t<meta name=\"twitter:label2\" content=\"Tempo de lectura\" \/>\n\t<meta name=\"twitter:data2\" content=\"2 minutos\" \/>\n<script type=\"application\/ld+json\" class=\"yoast-schema-graph\">{\"@context\":\"https:\\\/\\\/schema.org\",\"@graph\":[{\"@type\":\"Article\",\"@id\":\"https:\\\/\\\/www.anovapeneira.gal\\\/index.php\\\/2026\\\/02\\\/27\\\/o-concello-de-soutomaior-denegalle-a-subvencion-municipal-ao-club-de-petanca-arcade\\\/#article\",\"isPartOf\":{\"@id\":\"https:\\\/\\\/www.anovapeneira.gal\\\/index.php\\\/2026\\\/02\\\/27\\\/o-concello-de-soutomaior-denegalle-a-subvencion-municipal-ao-club-de-petanca-arcade\\\/\"},\"author\":{\"name\":\"Marcos Santos\",\"@id\":\"https:\\\/\\\/www.anovapeneira.gal\\\/#\\\/schema\\\/person\\\/d9d84823564720e7593293bab054e52d\"},\"headline\":\"O Concello de Soutomaior den\u00e9galle a subvenci\u00f3n municipal ao club de petanca Arcade\",\"datePublished\":\"2026-02-27T11:00:06+00:00\",\"mainEntityOfPage\":{\"@id\":\"https:\\\/\\\/www.anovapeneira.gal\\\/index.php\\\/2026\\\/02\\\/27\\\/o-concello-de-soutomaior-denegalle-a-subvencion-municipal-ao-club-de-petanca-arcade\\\/\"},\"wordCount\":829,\"commentCount\":0,\"publisher\":{\"@id\":\"https:\\\/\\\/www.anovapeneira.gal\\\/#organization\"},\"image\":{\"@id\":\"https:\\\/\\\/www.anovapeneira.gal\\\/index.php\\\/2026\\\/02\\\/27\\\/o-concello-de-soutomaior-denegalle-a-subvencion-municipal-ao-club-de-petanca-arcade\\\/#primaryimage\"},\"thumbnailUrl\":\"https:\\\/\\\/www.anovapeneira.gal\\\/wp-content\\\/uploads\\\/2026\\\/02\\\/suso_arcade_petanca.jpg\",\"keywords\":[\"Concello de Soutomaior\"],\"articleSection\":[\"Redondela\"],\"inLanguage\":\"gl-ES\",\"potentialAction\":[{\"@type\":\"CommentAction\",\"name\":\"Comment\",\"target\":[\"https:\\\/\\\/www.anovapeneira.gal\\\/index.php\\\/2026\\\/02\\\/27\\\/o-concello-de-soutomaior-denegalle-a-subvencion-municipal-ao-club-de-petanca-arcade\\\/#respond\"]}]},{\"@type\":\"WebPage\",\"@id\":\"https:\\\/\\\/www.anovapeneira.gal\\\/index.php\\\/2026\\\/02\\\/27\\\/o-concello-de-soutomaior-denegalle-a-subvencion-municipal-ao-club-de-petanca-arcade\\\/\",\"url\":\"https:\\\/\\\/www.anovapeneira.gal\\\/index.php\\\/2026\\\/02\\\/27\\\/o-concello-de-soutomaior-denegalle-a-subvencion-municipal-ao-club-de-petanca-arcade\\\/\",\"name\":\"O Concello de Soutomaior den\u00e9galle a subvenci\u00f3n municipal ao club de petanca Arcade -\",\"isPartOf\":{\"@id\":\"https:\\\/\\\/www.anovapeneira.gal\\\/#website\"},\"primaryImageOfPage\":{\"@id\":\"https:\\\/\\\/www.anovapeneira.gal\\\/index.php\\\/2026\\\/02\\\/27\\\/o-concello-de-soutomaior-denegalle-a-subvencion-municipal-ao-club-de-petanca-arcade\\\/#primaryimage\"},\"image\":{\"@id\":\"https:\\\/\\\/www.anovapeneira.gal\\\/index.php\\\/2026\\\/02\\\/27\\\/o-concello-de-soutomaior-denegalle-a-subvencion-municipal-ao-club-de-petanca-arcade\\\/#primaryimage\"},\"thumbnailUrl\":\"https:\\\/\\\/www.anovapeneira.gal\\\/wp-content\\\/uploads\\\/2026\\\/02\\\/suso_arcade_petanca.jpg\",\"datePublished\":\"2026-02-27T11:00:06+00:00\",\"breadcrumb\":{\"@id\":\"https:\\\/\\\/www.anovapeneira.gal\\\/index.php\\\/2026\\\/02\\\/27\\\/o-concello-de-soutomaior-denegalle-a-subvencion-municipal-ao-club-de-petanca-arcade\\\/#breadcrumb\"},\"inLanguage\":\"gl-ES\",\"potentialAction\":[{\"@type\":\"ReadAction\",\"target\":[\"https:\\\/\\\/www.anovapeneira.gal\\\/index.php\\\/2026\\\/02\\\/27\\\/o-concello-de-soutomaior-denegalle-a-subvencion-municipal-ao-club-de-petanca-arcade\\\/\"]}]},{\"@type\":\"ImageObject\",\"inLanguage\":\"gl-ES\",\"@id\":\"https:\\\/\\\/www.anovapeneira.gal\\\/index.php\\\/2026\\\/02\\\/27\\\/o-concello-de-soutomaior-denegalle-a-subvencion-municipal-ao-club-de-petanca-arcade\\\/#primaryimage\",\"url\":\"https:\\\/\\\/www.anovapeneira.gal\\\/wp-content\\\/uploads\\\/2026\\\/02\\\/suso_arcade_petanca.jpg\",\"contentUrl\":\"https:\\\/\\\/www.anovapeneira.gal\\\/wp-content\\\/uploads\\\/2026\\\/02\\\/suso_arcade_petanca.jpg\",\"width\":2048,\"height\":1228},{\"@type\":\"BreadcrumbList\",\"@id\":\"https:\\\/\\\/www.anovapeneira.gal\\\/index.php\\\/2026\\\/02\\\/27\\\/o-concello-de-soutomaior-denegalle-a-subvencion-municipal-ao-club-de-petanca-arcade\\\/#breadcrumb\",\"itemListElement\":[{\"@type\":\"ListItem\",\"position\":1,\"name\":\"Portada\",\"item\":\"https:\\\/\\\/www.anovapeneira.gal\\\/\"},{\"@type\":\"ListItem\",\"position\":2,\"name\":\"O Concello de Soutomaior den\u00e9galle a subvenci\u00f3n municipal ao club de petanca Arcade\"}]},{\"@type\":\"WebSite\",\"@id\":\"https:\\\/\\\/www.anovapeneira.gal\\\/#website\",\"url\":\"https:\\\/\\\/www.anovapeneira.gal\\\/\",\"name\":\"\",\"description\":\"Xornal galego de informaci\u00f3n xeral Publicaci\u00f3n mensual de novas de Galicia e en especial dos Concellos da sur da provincia de Pontevedra.\",\"publisher\":{\"@id\":\"https:\\\/\\\/www.anovapeneira.gal\\\/#organization\"},\"potentialAction\":[{\"@type\":\"SearchAction\",\"target\":{\"@type\":\"EntryPoint\",\"urlTemplate\":\"https:\\\/\\\/www.anovapeneira.gal\\\/?s={search_term_string}\"},\"query-input\":{\"@type\":\"PropertyValueSpecification\",\"valueRequired\":true,\"valueName\":\"search_term_string\"}}],\"inLanguage\":\"gl-ES\"},{\"@type\":\"Organization\",\"@id\":\"https:\\\/\\\/www.anovapeneira.gal\\\/#organization\",\"name\":\"A Nova Peneira\",\"url\":\"https:\\\/\\\/www.anovapeneira.gal\\\/\",\"logo\":{\"@type\":\"ImageObject\",\"inLanguage\":\"gl-ES\",\"@id\":\"https:\\\/\\\/www.anovapeneira.gal\\\/#\\\/schema\\\/logo\\\/image\\\/\",\"url\":\"http:\\\/\\\/www.anovapeneira.gal\\\/wp-content\\\/uploads\\\/2019\\\/06\\\/logo_a_nova_peneira_portal_web.png\",\"contentUrl\":\"http:\\\/\\\/www.anovapeneira.gal\\\/wp-content\\\/uploads\\\/2019\\\/06\\\/logo_a_nova_peneira_portal_web.png\",\"width\":300,\"height\":100,\"caption\":\"A Nova Peneira\"},\"image\":{\"@id\":\"https:\\\/\\\/www.anovapeneira.gal\\\/#\\\/schema\\\/logo\\\/image\\\/\"},\"sameAs\":[\"https:\\\/\\\/www.facebook.com\\\/anovapeneira\",\"https:\\\/\\\/x.com\\\/APeneira\"]},{\"@type\":\"Person\",\"@id\":\"https:\\\/\\\/www.anovapeneira.gal\\\/#\\\/schema\\\/person\\\/d9d84823564720e7593293bab054e52d\",\"name\":\"Marcos Santos\",\"image\":{\"@type\":\"ImageObject\",\"inLanguage\":\"gl-ES\",\"@id\":\"https:\\\/\\\/secure.gravatar.com\\\/avatar\\\/0e8017099a7a47c0a9d2275e865fe326484561eb3d70649069e4b8e61a8d2e8c?s=96&d=mm&r=g\",\"url\":\"https:\\\/\\\/secure.gravatar.com\\\/avatar\\\/0e8017099a7a47c0a9d2275e865fe326484561eb3d70649069e4b8e61a8d2e8c?s=96&d=mm&r=g\",\"contentUrl\":\"https:\\\/\\\/secure.gravatar.com\\\/avatar\\\/0e8017099a7a47c0a9d2275e865fe326484561eb3d70649069e4b8e61a8d2e8c?s=96&d=mm&r=g\",\"caption\":\"Marcos Santos\"},\"sameAs\":[\"http:\\\/\\\/anovapeneira.gal\"],\"url\":\"https:\\\/\\\/www.anovapeneira.gal\\\/index.php\\\/author\\\/marcos-santos\\\/\"}]}<\/script>\n<!-- \/ Yoast SEO plugin. -->","yoast_head_json":{"title":"O Concello de Soutomaior den\u00e9galle a subvenci\u00f3n municipal ao club de petanca Arcade -","robots":{"index":"index","follow":"follow","max-snippet":"max-snippet:-1","max-image-preview":"max-image-preview:large","max-video-preview":"max-video-preview:-1"},"canonical":"https:\/\/www.anovapeneira.gal\/index.php\/2026\/02\/27\/o-concello-de-soutomaior-denegalle-a-subvencion-municipal-ao-club-de-petanca-arcade\/","og_locale":"gl_ES","og_type":"article","og_title":"O Concello de Soutomaior den\u00e9galle a subvenci\u00f3n municipal ao club de petanca Arcade -","og_description":"Nos oito anos de vida do club de petanca Arcade sempre percibiron unha subvenci\u00f3n municipal, importante para a xesti\u00f3n do d\u00eda a d\u00eda do club. Pero este ano por vez primeira foilles denegada polo Concello [...]","og_url":"https:\/\/www.anovapeneira.gal\/index.php\/2026\/02\/27\/o-concello-de-soutomaior-denegalle-a-subvencion-municipal-ao-club-de-petanca-arcade\/","article_publisher":"https:\/\/www.facebook.com\/anovapeneira","article_published_time":"2026-02-27T11:00:06+00:00","og_image":[{"width":2048,"height":1228,"url":"https:\/\/www.anovapeneira.gal\/wp-content\/uploads\/2026\/02\/suso_arcade_petanca.jpg","type":"image\/jpeg"}],"author":"Marcos Santos","twitter_card":"summary_large_image","twitter_creator":"@APeneira","twitter_site":"@APeneira","twitter_misc":{"Escrito por":"Marcos Santos","Tempo de lectura":"2 minutos"},"schema":{"@context":"https:\/\/schema.org","@graph":[{"@type":"Article","@id":"https:\/\/www.anovapeneira.gal\/index.php\/2026\/02\/27\/o-concello-de-soutomaior-denegalle-a-subvencion-municipal-ao-club-de-petanca-arcade\/#article","isPartOf":{"@id":"https:\/\/www.anovapeneira.gal\/index.php\/2026\/02\/27\/o-concello-de-soutomaior-denegalle-a-subvencion-municipal-ao-club-de-petanca-arcade\/"},"author":{"name":"Marcos Santos","@id":"https:\/\/www.anovapeneira.gal\/#\/schema\/person\/d9d84823564720e7593293bab054e52d"},"headline":"O Concello de Soutomaior den\u00e9galle a subvenci\u00f3n municipal ao club de petanca Arcade","datePublished":"2026-02-27T11:00:06+00:00","mainEntityOfPage":{"@id":"https:\/\/www.anovapeneira.gal\/index.php\/2026\/02\/27\/o-concello-de-soutomaior-denegalle-a-subvencion-municipal-ao-club-de-petanca-arcade\/"},"wordCount":829,"commentCount":0,"publisher":{"@id":"https:\/\/www.anovapeneira.gal\/#organization"},"image":{"@id":"https:\/\/www.anovapeneira.gal\/index.php\/2026\/02\/27\/o-concello-de-soutomaior-denegalle-a-subvencion-municipal-ao-club-de-petanca-arcade\/#primaryimage"},"thumbnailUrl":"https:\/\/www.anovapeneira.gal\/wp-content\/uploads\/2026\/02\/suso_arcade_petanca.jpg","keywords":["Concello de Soutomaior"],"articleSection":["Redondela"],"inLanguage":"gl-ES","potentialAction":[{"@type":"CommentAction","name":"Comment","target":["https:\/\/www.anovapeneira.gal\/index.php\/2026\/02\/27\/o-concello-de-soutomaior-denegalle-a-subvencion-municipal-ao-club-de-petanca-arcade\/#respond"]}]},{"@type":"WebPage","@id":"https:\/\/www.anovapeneira.gal\/index.php\/2026\/02\/27\/o-concello-de-soutomaior-denegalle-a-subvencion-municipal-ao-club-de-petanca-arcade\/","url":"https:\/\/www.anovapeneira.gal\/index.php\/2026\/02\/27\/o-concello-de-soutomaior-denegalle-a-subvencion-municipal-ao-club-de-petanca-arcade\/","name":"O Concello de Soutomaior den\u00e9galle a subvenci\u00f3n municipal ao club de petanca Arcade -","isPartOf":{"@id":"https:\/\/www.anovapeneira.gal\/#website"},"primaryImageOfPage":{"@id":"https:\/\/www.anovapeneira.gal\/index.php\/2026\/02\/27\/o-concello-de-soutomaior-denegalle-a-subvencion-municipal-ao-club-de-petanca-arcade\/#primaryimage"},"image":{"@id":"https:\/\/www.anovapeneira.gal\/index.php\/2026\/02\/27\/o-concello-de-soutomaior-denegalle-a-subvencion-municipal-ao-club-de-petanca-arcade\/#primaryimage"},"thumbnailUrl":"https:\/\/www.anovapeneira.gal\/wp-content\/uploads\/2026\/02\/suso_arcade_petanca.jpg","datePublished":"2026-02-27T11:00:06+00:00","breadcrumb":{"@id":"https:\/\/www.anovapeneira.gal\/index.php\/2026\/02\/27\/o-concello-de-soutomaior-denegalle-a-subvencion-municipal-ao-club-de-petanca-arcade\/#breadcrumb"},"inLanguage":"gl-ES","potentialAction":[{"@type":"ReadAction","target":["https:\/\/www.anovapeneira.gal\/index.php\/2026\/02\/27\/o-concello-de-soutomaior-denegalle-a-subvencion-municipal-ao-club-de-petanca-arcade\/"]}]},{"@type":"ImageObject","inLanguage":"gl-ES","@id":"https:\/\/www.anovapeneira.gal\/index.php\/2026\/02\/27\/o-concello-de-soutomaior-denegalle-a-subvencion-municipal-ao-club-de-petanca-arcade\/#primaryimage","url":"https:\/\/www.anovapeneira.gal\/wp-content\/uploads\/2026\/02\/suso_arcade_petanca.jpg","contentUrl":"https:\/\/www.anovapeneira.gal\/wp-content\/uploads\/2026\/02\/suso_arcade_petanca.jpg","width":2048,"height":1228},{"@type":"BreadcrumbList","@id":"https:\/\/www.anovapeneira.gal\/index.php\/2026\/02\/27\/o-concello-de-soutomaior-denegalle-a-subvencion-municipal-ao-club-de-petanca-arcade\/#breadcrumb","itemListElement":[{"@type":"ListItem","position":1,"name":"Portada","item":"https:\/\/www.anovapeneira.gal\/"},{"@type":"ListItem","position":2,"name":"O Concello de Soutomaior den\u00e9galle a subvenci\u00f3n municipal ao club de petanca Arcade"}]},{"@type":"WebSite","@id":"https:\/\/www.anovapeneira.gal\/#website","url":"https:\/\/www.anovapeneira.gal\/","name":"","description":"Xornal galego de informaci\u00f3n xeral Publicaci\u00f3n mensual de novas de Galicia e en especial dos Concellos da sur da provincia de Pontevedra.","publisher":{"@id":"https:\/\/www.anovapeneira.gal\/#organization"},"potentialAction":[{"@type":"SearchAction","target":{"@type":"EntryPoint","urlTemplate":"https:\/\/www.anovapeneira.gal\/?s={search_term_string}"},"query-input":{"@type":"PropertyValueSpecification","valueRequired":true,"valueName":"search_term_string"}}],"inLanguage":"gl-ES"},{"@type":"Organization","@id":"https:\/\/www.anovapeneira.gal\/#organization","name":"A Nova Peneira","url":"https:\/\/www.anovapeneira.gal\/","logo":{"@type":"ImageObject","inLanguage":"gl-ES","@id":"https:\/\/www.anovapeneira.gal\/#\/schema\/logo\/image\/","url":"http:\/\/www.anovapeneira.gal\/wp-content\/uploads\/2019\/06\/logo_a_nova_peneira_portal_web.png","contentUrl":"http:\/\/www.anovapeneira.gal\/wp-content\/uploads\/2019\/06\/logo_a_nova_peneira_portal_web.png","width":300,"height":100,"caption":"A Nova Peneira"},"image":{"@id":"https:\/\/www.anovapeneira.gal\/#\/schema\/logo\/image\/"},"sameAs":["https:\/\/www.facebook.com\/anovapeneira","https:\/\/x.com\/APeneira"]},{"@type":"Person","@id":"https:\/\/www.anovapeneira.gal\/#\/schema\/person\/d9d84823564720e7593293bab054e52d","name":"Marcos Santos","image":{"@type":"ImageObject","inLanguage":"gl-ES","@id":"https:\/\/secure.gravatar.com\/avatar\/0e8017099a7a47c0a9d2275e865fe326484561eb3d70649069e4b8e61a8d2e8c?s=96&d=mm&r=g","url":"https:\/\/secure.gravatar.com\/avatar\/0e8017099a7a47c0a9d2275e865fe326484561eb3d70649069e4b8e61a8d2e8c?s=96&d=mm&r=g","contentUrl":"https:\/\/secure.gravatar.com\/avatar\/0e8017099a7a47c0a9d2275e865fe326484561eb3d70649069e4b8e61a8d2e8c?s=96&d=mm&r=g","caption":"Marcos Santos"},"sameAs":["http:\/\/anovapeneira.gal"],"url":"https:\/\/www.anovapeneira.gal\/index.php\/author\/marcos-santos\/"}]}},"jetpack_featured_media_url":"https:\/\/www.anovapeneira.gal\/wp-content\/uploads\/2026\/02\/suso_arcade_petanca.jpg","_links":{"self":[{"href":"https:\/\/www.anovapeneira.gal\/index.php\/wp-json\/wp\/v2\/posts\/15402","targetHints":{"allow":["GET"]}}],"collection":[{"href":"https:\/\/www.anovapeneira.gal\/index.php\/wp-json\/wp\/v2\/posts"}],"about":[{"href":"https:\/\/www.anovapeneira.gal\/index.php\/wp-json\/wp\/v2\/types\/post"}],"author":[{"embeddable":true,"href":"https:\/\/www.anovapeneira.gal\/index.php\/wp-json\/wp\/v2\/users\/6"}],"replies":[{"embeddable":true,"href":"https:\/\/www.anovapeneira.gal\/index.php\/wp-json\/wp\/v2\/comments?post=15402"}],"version-history":[{"count":1,"href":"https:\/\/www.anovapeneira.gal\/index.php\/wp-json\/wp\/v2\/posts\/15402\/revisions"}],"predecessor-version":[{"id":15404,"href":"https:\/\/www.anovapeneira.gal\/index.php\/wp-json\/wp\/v2\/posts\/15402\/revisions\/15404"}],"wp:featuredmedia":[{"embeddable":true,"href":"https:\/\/www.anovapeneira.gal\/index.php\/wp-json\/wp\/v2\/media\/15403"}],"wp:attachment":[{"href":"https:\/\/www.anovapeneira.gal\/index.php\/wp-json\/wp\/v2\/media?parent=15402"}],"wp:term":[{"taxonomy":"category","embeddable":true,"href":"https:\/\/www.anovapeneira.gal\/index.php\/wp-json\/wp\/v2\/categories?post=15402"},{"taxonomy":"post_tag","embeddable":true,"href":"https:\/\/www.anovapeneira.gal\/index.php\/wp-json\/wp\/v2\/tags?post=15402"}],"curies":[{"name":"wp","href":"https:\/\/api.w.org\/{rel}","templated":true}]}}