{"id":15405,"date":"2026-03-02T10:00:24","date_gmt":"2026-03-02T09:00:24","guid":{"rendered":"https:\/\/www.anovapeneira.gal\/?p=15405"},"modified":"2026-02-17T08:57:43","modified_gmt":"2026-02-17T07:57:43","slug":"morre-xesus-alonso-montero","status":"publish","type":"post","link":"https:\/\/www.anovapeneira.gal\/index.php\/2026\/03\/02\/morre-xesus-alonso-montero\/","title":{"rendered":"Morre Xes\u00fas Alonso Montero"},"content":{"rendered":"\n<pre class=\"wp-block-verse\">Tino Lago<\/pre>\n\n\n\n<p>O pasado 12 de febreiro finaba na cidade de Vigo Xes\u00fas Alonso Montero aos 97 anos de idade. O vello profesor nacera na cidade ol\u00edvica en novembro de 1928. Don Xes\u00fas era un dos intelectuais m\u00e1is importantes da Galicia contempor\u00e1nea, de feito chegou a ser presidente da RAG entre os anos 2013 e 2017. Na s\u00faa longa vida cultivou todo tipo de x\u00e9neros literarios amosando nas s\u00faas p\u00e1xinas d\u00faas caracter\u00edsticas significativas en toda a s\u00faa obra literaria: O compromiso social cos m\u00e1is desfavorecido, e o amor a Galicia. Don Xes\u00fas non era nacionalista, mesmo ten mantido leas importantes con destacadas figuras do nacionalismo galego. Pero tam\u00e9n se pode querer moito ao noso pa\u00eds sen ser nacionalista como era o caso de Alonso Montero. O que si era o intelectual falecido era comunista. Foi moitos anos militante do Partido Comunista de Galicia. Non se debe falar da s\u00faa figura sen ter en consideraci\u00f3n a s\u00faa faceta pol\u00edtica, pois Xes\u00fas Alonso Montero foi un ser pol\u00edtico desde o principio ata a fin da s\u00faa vida. Ao meu xu\u00edzo os panex\u00edricos \u00e1 s\u00faa produci\u00f3n intelectual son en verdade moi merecidos, pero os que prescinden da parte pol\u00edtica da s\u00faa vida son manifestamente incompletos. Xes\u00fas Alonso Montero foi escritor e tam\u00e9n foi pol\u00edtico.<\/p>\n\n\n\n<p>Asemade foi profesor. Eu tiven a fortuna de ser o seu alumno na Universidade de Santiago al\u00e1 polos anos 90 do s\u00e9culo pasado. E foi un dos mellores profesores que tiven nunca: l\u00facido, divertido,erudito, cordial e profundamente humano. Na s\u00faa figura converx\u00edan unha extraordinaria erudici\u00f3n cunha moi agradable simpat\u00eda. Lembro con especial cari\u00f1o unha brincadeira que de cando en vez gastaba aos seus alumnos e alumnas nas s\u00faas clases. Era algo parecido a isto:\u201d Vostedes van ter a fortuna de poder dicir que foron alumnos dun home ao que alg\u00fan d\u00eda lle dedicar\u00e1n as letras galegas\u201d.Estou seguro de que vai ser as\u00ed, e abof\u00e9 que me encantar\u00eda poder vivir o suficiente para chegar a velo. Antes de me despedir quixera dedicarlle alg\u00fan dos versos que a el tanto lle gustaban e que fosen apropiados para describilo como ser humano. Non \u00e9 f\u00e1cil, pero creo que estes fermos\u00edsimos de Blas de Otero son moi apropiados:<\/p>\n\n\n\n<p>\u201dSolo est\u00e1 el hombre. \u00bfEs esto lo que os hace<\/p>\n\n\n\n<p>gemir?Oh si supieseis que es bastante.<\/p>\n\n\n\n<p>Si supieses bastaros, ensamblaros.<\/p>\n\n\n\n<p>Si supierais ser hombre, s\u00f3lo humanos&#8230;.\u201d<\/p>\n\n\n\n<p>Creo que o vello profesor si que o sab\u00eda, ser home, s\u00f3 humano.<\/p>\n\n\n\n<p>Don Xes\u00fas chegou a vello cunha sa\u00fade en aparencia extraordinaria, a\u00ednda conservaba a mobilidade e autonom\u00eda suficientes para ir dando un paseo pola r\u00faa Venezuela de Vigo desde a s\u00faa casa ata \u00e1 da s\u00faa filla onde adoitaba ir xantar. De cando en vez coincidiamos e lembrabamos tempos pasados nas terras de Compostela. Qued\u00e1ronnos pendentes d\u00faas cuesti\u00f3ns que ti\u00f1amos pactadas para o inicio deste ano; unha entrevista para ANP e unha charla sobre a relaci\u00f3n de Lorca con Galicia que se comprometera dar en Celanova.<\/p>\n\n\n\n<p>Pero non vai poder ser, morreu e todo se acabou. Non quixera romantizar a morte falando de cuesti\u00f3ns metaf\u00edsicas, non creo niso, e te\u00f1o a sospeita de que don Xes\u00fas o considerar\u00eda unha parvada. Desp\u00eddome de vostede profesor, expresando os meus mellores desexos de que unhas palabras que lle gustaban moito poidan alg\u00fan d\u00eda facerse realidade:<\/p>\n\n\n\n<p>\u201cEn p\u00e9 os escravos da terra<\/p>\n\n\n\n<p>En p\u00e9 os que non te\u00f1en pan<\/p>\n\n\n\n<p>A nosa raz\u00f3n forte berra<\/p>\n\n\n\n<p>O x\u00e9nero humano forma a internacional\u201d<\/p>\n\n\n\n<p>Ata sempre profesor. Foi un pracer compartir un anaco do cami\u00f1o da vida con vostede.<\/p>\n","protected":false},"excerpt":{"rendered":"<div class=\"mh-excerpt\"><p>O pasado 12 de febreiro finaba na cidade de Vigo Xes\u00fas Alonso Montero aos 97 anos de idade. O vello profesor nacera na cidade ol\u00edvica en novembro de 1928 <a class=\"mh-excerpt-more\" href=\"https:\/\/www.anovapeneira.gal\/index.php\/2026\/03\/02\/morre-xesus-alonso-montero\/\" title=\"Morre Xes\u00fas Alonso Montero\">[&#8230;]<\/a><\/p>\n<\/div>","protected":false},"author":2,"featured_media":15406,"comment_status":"open","ping_status":"open","sticky":false,"template":"","format":"standard","meta":{"_exactmetrics_skip_tracking":false,"_exactmetrics_sitenote_active":false,"_exactmetrics_sitenote_note":"","_exactmetrics_sitenote_category":0,"footnotes":""},"categories":[61],"tags":[],"class_list":{"0":"post-15405","1":"post","2":"type-post","3":"status-publish","4":"format-standard","5":"has-post-thumbnail","7":"category-artigo-editorial"},"yoast_head":"<!-- This site is optimized with the Yoast SEO plugin v27.4 - https:\/\/yoast.com\/product\/yoast-seo-wordpress\/ -->\n<title>Morre Xes\u00fas Alonso Montero -<\/title>\n<meta name=\"robots\" content=\"index, follow, max-snippet:-1, max-image-preview:large, max-video-preview:-1\" \/>\n<link rel=\"canonical\" href=\"https:\/\/www.anovapeneira.gal\/index.php\/2026\/03\/02\/morre-xesus-alonso-montero\/\" \/>\n<meta property=\"og:locale\" content=\"gl_ES\" \/>\n<meta property=\"og:type\" content=\"article\" \/>\n<meta property=\"og:title\" content=\"Morre Xes\u00fas Alonso Montero -\" \/>\n<meta property=\"og:description\" content=\"O pasado 12 de febreiro finaba na cidade de Vigo Xes\u00fas Alonso Montero aos 97 anos de idade. O vello profesor nacera na cidade ol\u00edvica en novembro de 1928 [...]\" \/>\n<meta property=\"og:url\" content=\"https:\/\/www.anovapeneira.gal\/index.php\/2026\/03\/02\/morre-xesus-alonso-montero\/\" \/>\n<meta property=\"article:publisher\" content=\"https:\/\/www.facebook.com\/anovapeneira\" \/>\n<meta property=\"article:published_time\" content=\"2026-03-02T09:00:24+00:00\" \/>\n<meta property=\"og:image\" content=\"https:\/\/www.anovapeneira.gal\/wp-content\/uploads\/2026\/02\/Xesus_Alonso_Montero.jpg\" \/>\n\t<meta property=\"og:image:width\" content=\"300\" \/>\n\t<meta property=\"og:image:height\" content=\"180\" \/>\n\t<meta property=\"og:image:type\" content=\"image\/jpeg\" \/>\n<meta name=\"author\" content=\"Tino Lago\" \/>\n<meta name=\"twitter:card\" content=\"summary_large_image\" \/>\n<meta name=\"twitter:creator\" content=\"@APeneira\" \/>\n<meta name=\"twitter:site\" content=\"@APeneira\" \/>\n<meta name=\"twitter:label1\" content=\"Escrito por\" \/>\n\t<meta name=\"twitter:data1\" content=\"Tino Lago\" \/>\n\t<meta name=\"twitter:label2\" content=\"Tempo de lectura\" \/>\n\t<meta name=\"twitter:data2\" content=\"4 minutos\" \/>\n<script type=\"application\/ld+json\" class=\"yoast-schema-graph\">{\"@context\":\"https:\\\/\\\/schema.org\",\"@graph\":[{\"@type\":\"Article\",\"@id\":\"https:\\\/\\\/www.anovapeneira.gal\\\/index.php\\\/2026\\\/03\\\/02\\\/morre-xesus-alonso-montero\\\/#article\",\"isPartOf\":{\"@id\":\"https:\\\/\\\/www.anovapeneira.gal\\\/index.php\\\/2026\\\/03\\\/02\\\/morre-xesus-alonso-montero\\\/\"},\"author\":{\"name\":\"Tino Lago\",\"@id\":\"https:\\\/\\\/www.anovapeneira.gal\\\/#\\\/schema\\\/person\\\/424dfe65e3070fd8a44d22d2c088762a\"},\"headline\":\"Morre Xes\u00fas Alonso Montero\",\"datePublished\":\"2026-03-02T09:00:24+00:00\",\"mainEntityOfPage\":{\"@id\":\"https:\\\/\\\/www.anovapeneira.gal\\\/index.php\\\/2026\\\/03\\\/02\\\/morre-xesus-alonso-montero\\\/\"},\"wordCount\":654,\"commentCount\":0,\"publisher\":{\"@id\":\"https:\\\/\\\/www.anovapeneira.gal\\\/#organization\"},\"image\":{\"@id\":\"https:\\\/\\\/www.anovapeneira.gal\\\/index.php\\\/2026\\\/03\\\/02\\\/morre-xesus-alonso-montero\\\/#primaryimage\"},\"thumbnailUrl\":\"https:\\\/\\\/www.anovapeneira.gal\\\/wp-content\\\/uploads\\\/2026\\\/02\\\/Xesus_Alonso_Montero.jpg\",\"articleSection\":[\"Artigo editorial\"],\"inLanguage\":\"gl-ES\",\"potentialAction\":[{\"@type\":\"CommentAction\",\"name\":\"Comment\",\"target\":[\"https:\\\/\\\/www.anovapeneira.gal\\\/index.php\\\/2026\\\/03\\\/02\\\/morre-xesus-alonso-montero\\\/#respond\"]}]},{\"@type\":\"WebPage\",\"@id\":\"https:\\\/\\\/www.anovapeneira.gal\\\/index.php\\\/2026\\\/03\\\/02\\\/morre-xesus-alonso-montero\\\/\",\"url\":\"https:\\\/\\\/www.anovapeneira.gal\\\/index.php\\\/2026\\\/03\\\/02\\\/morre-xesus-alonso-montero\\\/\",\"name\":\"Morre Xes\u00fas Alonso Montero -\",\"isPartOf\":{\"@id\":\"https:\\\/\\\/www.anovapeneira.gal\\\/#website\"},\"primaryImageOfPage\":{\"@id\":\"https:\\\/\\\/www.anovapeneira.gal\\\/index.php\\\/2026\\\/03\\\/02\\\/morre-xesus-alonso-montero\\\/#primaryimage\"},\"image\":{\"@id\":\"https:\\\/\\\/www.anovapeneira.gal\\\/index.php\\\/2026\\\/03\\\/02\\\/morre-xesus-alonso-montero\\\/#primaryimage\"},\"thumbnailUrl\":\"https:\\\/\\\/www.anovapeneira.gal\\\/wp-content\\\/uploads\\\/2026\\\/02\\\/Xesus_Alonso_Montero.jpg\",\"datePublished\":\"2026-03-02T09:00:24+00:00\",\"breadcrumb\":{\"@id\":\"https:\\\/\\\/www.anovapeneira.gal\\\/index.php\\\/2026\\\/03\\\/02\\\/morre-xesus-alonso-montero\\\/#breadcrumb\"},\"inLanguage\":\"gl-ES\",\"potentialAction\":[{\"@type\":\"ReadAction\",\"target\":[\"https:\\\/\\\/www.anovapeneira.gal\\\/index.php\\\/2026\\\/03\\\/02\\\/morre-xesus-alonso-montero\\\/\"]}]},{\"@type\":\"ImageObject\",\"inLanguage\":\"gl-ES\",\"@id\":\"https:\\\/\\\/www.anovapeneira.gal\\\/index.php\\\/2026\\\/03\\\/02\\\/morre-xesus-alonso-montero\\\/#primaryimage\",\"url\":\"https:\\\/\\\/www.anovapeneira.gal\\\/wp-content\\\/uploads\\\/2026\\\/02\\\/Xesus_Alonso_Montero.jpg\",\"contentUrl\":\"https:\\\/\\\/www.anovapeneira.gal\\\/wp-content\\\/uploads\\\/2026\\\/02\\\/Xesus_Alonso_Montero.jpg\",\"width\":300,\"height\":180},{\"@type\":\"BreadcrumbList\",\"@id\":\"https:\\\/\\\/www.anovapeneira.gal\\\/index.php\\\/2026\\\/03\\\/02\\\/morre-xesus-alonso-montero\\\/#breadcrumb\",\"itemListElement\":[{\"@type\":\"ListItem\",\"position\":1,\"name\":\"Portada\",\"item\":\"https:\\\/\\\/www.anovapeneira.gal\\\/\"},{\"@type\":\"ListItem\",\"position\":2,\"name\":\"Morre Xes\u00fas Alonso Montero\"}]},{\"@type\":\"WebSite\",\"@id\":\"https:\\\/\\\/www.anovapeneira.gal\\\/#website\",\"url\":\"https:\\\/\\\/www.anovapeneira.gal\\\/\",\"name\":\"\",\"description\":\"Xornal galego de informaci\u00f3n xeral Publicaci\u00f3n mensual de novas de Galicia e en especial dos Concellos da sur da provincia de Pontevedra.\",\"publisher\":{\"@id\":\"https:\\\/\\\/www.anovapeneira.gal\\\/#organization\"},\"potentialAction\":[{\"@type\":\"SearchAction\",\"target\":{\"@type\":\"EntryPoint\",\"urlTemplate\":\"https:\\\/\\\/www.anovapeneira.gal\\\/?s={search_term_string}\"},\"query-input\":{\"@type\":\"PropertyValueSpecification\",\"valueRequired\":true,\"valueName\":\"search_term_string\"}}],\"inLanguage\":\"gl-ES\"},{\"@type\":\"Organization\",\"@id\":\"https:\\\/\\\/www.anovapeneira.gal\\\/#organization\",\"name\":\"A Nova Peneira\",\"url\":\"https:\\\/\\\/www.anovapeneira.gal\\\/\",\"logo\":{\"@type\":\"ImageObject\",\"inLanguage\":\"gl-ES\",\"@id\":\"https:\\\/\\\/www.anovapeneira.gal\\\/#\\\/schema\\\/logo\\\/image\\\/\",\"url\":\"http:\\\/\\\/www.anovapeneira.gal\\\/wp-content\\\/uploads\\\/2019\\\/06\\\/logo_a_nova_peneira_portal_web.png\",\"contentUrl\":\"http:\\\/\\\/www.anovapeneira.gal\\\/wp-content\\\/uploads\\\/2019\\\/06\\\/logo_a_nova_peneira_portal_web.png\",\"width\":300,\"height\":100,\"caption\":\"A Nova Peneira\"},\"image\":{\"@id\":\"https:\\\/\\\/www.anovapeneira.gal\\\/#\\\/schema\\\/logo\\\/image\\\/\"},\"sameAs\":[\"https:\\\/\\\/www.facebook.com\\\/anovapeneira\",\"https:\\\/\\\/x.com\\\/APeneira\"]},{\"@type\":\"Person\",\"@id\":\"https:\\\/\\\/www.anovapeneira.gal\\\/#\\\/schema\\\/person\\\/424dfe65e3070fd8a44d22d2c088762a\",\"name\":\"Tino Lago\",\"image\":{\"@type\":\"ImageObject\",\"inLanguage\":\"gl-ES\",\"@id\":\"https:\\\/\\\/secure.gravatar.com\\\/avatar\\\/b3df6a06e44bab3111583b90f0f33a0379ee5e3d22cbadd232d39f21c30c62be?s=96&d=mm&r=g\",\"url\":\"https:\\\/\\\/secure.gravatar.com\\\/avatar\\\/b3df6a06e44bab3111583b90f0f33a0379ee5e3d22cbadd232d39f21c30c62be?s=96&d=mm&r=g\",\"contentUrl\":\"https:\\\/\\\/secure.gravatar.com\\\/avatar\\\/b3df6a06e44bab3111583b90f0f33a0379ee5e3d22cbadd232d39f21c30c62be?s=96&d=mm&r=g\",\"caption\":\"Tino Lago\"},\"sameAs\":[\"http:\\\/\\\/www.anovapeneira.gal\"],\"url\":\"https:\\\/\\\/www.anovapeneira.gal\\\/index.php\\\/author\\\/director\\\/\"}]}<\/script>\n<!-- \/ Yoast SEO plugin. -->","yoast_head_json":{"title":"Morre Xes\u00fas Alonso Montero -","robots":{"index":"index","follow":"follow","max-snippet":"max-snippet:-1","max-image-preview":"max-image-preview:large","max-video-preview":"max-video-preview:-1"},"canonical":"https:\/\/www.anovapeneira.gal\/index.php\/2026\/03\/02\/morre-xesus-alonso-montero\/","og_locale":"gl_ES","og_type":"article","og_title":"Morre Xes\u00fas Alonso Montero -","og_description":"O pasado 12 de febreiro finaba na cidade de Vigo Xes\u00fas Alonso Montero aos 97 anos de idade. O vello profesor nacera na cidade ol\u00edvica en novembro de 1928 [...]","og_url":"https:\/\/www.anovapeneira.gal\/index.php\/2026\/03\/02\/morre-xesus-alonso-montero\/","article_publisher":"https:\/\/www.facebook.com\/anovapeneira","article_published_time":"2026-03-02T09:00:24+00:00","og_image":[{"width":300,"height":180,"url":"https:\/\/www.anovapeneira.gal\/wp-content\/uploads\/2026\/02\/Xesus_Alonso_Montero.jpg","type":"image\/jpeg"}],"author":"Tino Lago","twitter_card":"summary_large_image","twitter_creator":"@APeneira","twitter_site":"@APeneira","twitter_misc":{"Escrito por":"Tino Lago","Tempo de lectura":"4 minutos"},"schema":{"@context":"https:\/\/schema.org","@graph":[{"@type":"Article","@id":"https:\/\/www.anovapeneira.gal\/index.php\/2026\/03\/02\/morre-xesus-alonso-montero\/#article","isPartOf":{"@id":"https:\/\/www.anovapeneira.gal\/index.php\/2026\/03\/02\/morre-xesus-alonso-montero\/"},"author":{"name":"Tino Lago","@id":"https:\/\/www.anovapeneira.gal\/#\/schema\/person\/424dfe65e3070fd8a44d22d2c088762a"},"headline":"Morre Xes\u00fas Alonso Montero","datePublished":"2026-03-02T09:00:24+00:00","mainEntityOfPage":{"@id":"https:\/\/www.anovapeneira.gal\/index.php\/2026\/03\/02\/morre-xesus-alonso-montero\/"},"wordCount":654,"commentCount":0,"publisher":{"@id":"https:\/\/www.anovapeneira.gal\/#organization"},"image":{"@id":"https:\/\/www.anovapeneira.gal\/index.php\/2026\/03\/02\/morre-xesus-alonso-montero\/#primaryimage"},"thumbnailUrl":"https:\/\/www.anovapeneira.gal\/wp-content\/uploads\/2026\/02\/Xesus_Alonso_Montero.jpg","articleSection":["Artigo editorial"],"inLanguage":"gl-ES","potentialAction":[{"@type":"CommentAction","name":"Comment","target":["https:\/\/www.anovapeneira.gal\/index.php\/2026\/03\/02\/morre-xesus-alonso-montero\/#respond"]}]},{"@type":"WebPage","@id":"https:\/\/www.anovapeneira.gal\/index.php\/2026\/03\/02\/morre-xesus-alonso-montero\/","url":"https:\/\/www.anovapeneira.gal\/index.php\/2026\/03\/02\/morre-xesus-alonso-montero\/","name":"Morre Xes\u00fas Alonso Montero -","isPartOf":{"@id":"https:\/\/www.anovapeneira.gal\/#website"},"primaryImageOfPage":{"@id":"https:\/\/www.anovapeneira.gal\/index.php\/2026\/03\/02\/morre-xesus-alonso-montero\/#primaryimage"},"image":{"@id":"https:\/\/www.anovapeneira.gal\/index.php\/2026\/03\/02\/morre-xesus-alonso-montero\/#primaryimage"},"thumbnailUrl":"https:\/\/www.anovapeneira.gal\/wp-content\/uploads\/2026\/02\/Xesus_Alonso_Montero.jpg","datePublished":"2026-03-02T09:00:24+00:00","breadcrumb":{"@id":"https:\/\/www.anovapeneira.gal\/index.php\/2026\/03\/02\/morre-xesus-alonso-montero\/#breadcrumb"},"inLanguage":"gl-ES","potentialAction":[{"@type":"ReadAction","target":["https:\/\/www.anovapeneira.gal\/index.php\/2026\/03\/02\/morre-xesus-alonso-montero\/"]}]},{"@type":"ImageObject","inLanguage":"gl-ES","@id":"https:\/\/www.anovapeneira.gal\/index.php\/2026\/03\/02\/morre-xesus-alonso-montero\/#primaryimage","url":"https:\/\/www.anovapeneira.gal\/wp-content\/uploads\/2026\/02\/Xesus_Alonso_Montero.jpg","contentUrl":"https:\/\/www.anovapeneira.gal\/wp-content\/uploads\/2026\/02\/Xesus_Alonso_Montero.jpg","width":300,"height":180},{"@type":"BreadcrumbList","@id":"https:\/\/www.anovapeneira.gal\/index.php\/2026\/03\/02\/morre-xesus-alonso-montero\/#breadcrumb","itemListElement":[{"@type":"ListItem","position":1,"name":"Portada","item":"https:\/\/www.anovapeneira.gal\/"},{"@type":"ListItem","position":2,"name":"Morre Xes\u00fas Alonso Montero"}]},{"@type":"WebSite","@id":"https:\/\/www.anovapeneira.gal\/#website","url":"https:\/\/www.anovapeneira.gal\/","name":"","description":"Xornal galego de informaci\u00f3n xeral Publicaci\u00f3n mensual de novas de Galicia e en especial dos Concellos da sur da provincia de Pontevedra.","publisher":{"@id":"https:\/\/www.anovapeneira.gal\/#organization"},"potentialAction":[{"@type":"SearchAction","target":{"@type":"EntryPoint","urlTemplate":"https:\/\/www.anovapeneira.gal\/?s={search_term_string}"},"query-input":{"@type":"PropertyValueSpecification","valueRequired":true,"valueName":"search_term_string"}}],"inLanguage":"gl-ES"},{"@type":"Organization","@id":"https:\/\/www.anovapeneira.gal\/#organization","name":"A Nova Peneira","url":"https:\/\/www.anovapeneira.gal\/","logo":{"@type":"ImageObject","inLanguage":"gl-ES","@id":"https:\/\/www.anovapeneira.gal\/#\/schema\/logo\/image\/","url":"http:\/\/www.anovapeneira.gal\/wp-content\/uploads\/2019\/06\/logo_a_nova_peneira_portal_web.png","contentUrl":"http:\/\/www.anovapeneira.gal\/wp-content\/uploads\/2019\/06\/logo_a_nova_peneira_portal_web.png","width":300,"height":100,"caption":"A Nova Peneira"},"image":{"@id":"https:\/\/www.anovapeneira.gal\/#\/schema\/logo\/image\/"},"sameAs":["https:\/\/www.facebook.com\/anovapeneira","https:\/\/x.com\/APeneira"]},{"@type":"Person","@id":"https:\/\/www.anovapeneira.gal\/#\/schema\/person\/424dfe65e3070fd8a44d22d2c088762a","name":"Tino Lago","image":{"@type":"ImageObject","inLanguage":"gl-ES","@id":"https:\/\/secure.gravatar.com\/avatar\/b3df6a06e44bab3111583b90f0f33a0379ee5e3d22cbadd232d39f21c30c62be?s=96&d=mm&r=g","url":"https:\/\/secure.gravatar.com\/avatar\/b3df6a06e44bab3111583b90f0f33a0379ee5e3d22cbadd232d39f21c30c62be?s=96&d=mm&r=g","contentUrl":"https:\/\/secure.gravatar.com\/avatar\/b3df6a06e44bab3111583b90f0f33a0379ee5e3d22cbadd232d39f21c30c62be?s=96&d=mm&r=g","caption":"Tino Lago"},"sameAs":["http:\/\/www.anovapeneira.gal"],"url":"https:\/\/www.anovapeneira.gal\/index.php\/author\/director\/"}]}},"jetpack_featured_media_url":"https:\/\/www.anovapeneira.gal\/wp-content\/uploads\/2026\/02\/Xesus_Alonso_Montero.jpg","_links":{"self":[{"href":"https:\/\/www.anovapeneira.gal\/index.php\/wp-json\/wp\/v2\/posts\/15405","targetHints":{"allow":["GET"]}}],"collection":[{"href":"https:\/\/www.anovapeneira.gal\/index.php\/wp-json\/wp\/v2\/posts"}],"about":[{"href":"https:\/\/www.anovapeneira.gal\/index.php\/wp-json\/wp\/v2\/types\/post"}],"author":[{"embeddable":true,"href":"https:\/\/www.anovapeneira.gal\/index.php\/wp-json\/wp\/v2\/users\/2"}],"replies":[{"embeddable":true,"href":"https:\/\/www.anovapeneira.gal\/index.php\/wp-json\/wp\/v2\/comments?post=15405"}],"version-history":[{"count":1,"href":"https:\/\/www.anovapeneira.gal\/index.php\/wp-json\/wp\/v2\/posts\/15405\/revisions"}],"predecessor-version":[{"id":15407,"href":"https:\/\/www.anovapeneira.gal\/index.php\/wp-json\/wp\/v2\/posts\/15405\/revisions\/15407"}],"wp:featuredmedia":[{"embeddable":true,"href":"https:\/\/www.anovapeneira.gal\/index.php\/wp-json\/wp\/v2\/media\/15406"}],"wp:attachment":[{"href":"https:\/\/www.anovapeneira.gal\/index.php\/wp-json\/wp\/v2\/media?parent=15405"}],"wp:term":[{"taxonomy":"category","embeddable":true,"href":"https:\/\/www.anovapeneira.gal\/index.php\/wp-json\/wp\/v2\/categories?post=15405"},{"taxonomy":"post_tag","embeddable":true,"href":"https:\/\/www.anovapeneira.gal\/index.php\/wp-json\/wp\/v2\/tags?post=15405"}],"curies":[{"name":"wp","href":"https:\/\/api.w.org\/{rel}","templated":true}]}}