{"id":15426,"date":"2026-03-04T10:00:08","date_gmt":"2026-03-04T09:00:08","guid":{"rendered":"https:\/\/www.anovapeneira.gal\/?p=15426"},"modified":"2026-03-03T16:28:26","modified_gmt":"2026-03-03T15:28:26","slug":"donald-trump-ou-a-construcion-do-relato-en-tempos-de-emerxencia-climatica","status":"publish","type":"post","link":"https:\/\/www.anovapeneira.gal\/index.php\/2026\/03\/04\/donald-trump-ou-a-construcion-do-relato-en-tempos-de-emerxencia-climatica\/","title":{"rendered":"Donald Trump ou a construci\u00f3n do relato en tempos de emerxencia clim\u00e1tica"},"content":{"rendered":"\n<pre class=\"wp-block-verse\"><br>Oliver \u00c1lvarez Barranco<\/pre>\n\n\n\n<p>Na pol\u00edtica actual asistimos con frecuencia a un fen\u00f3meno desacougante: a substituci\u00f3n deliberada da verdade por relatos dese\u00f1ados para moldear a percepci\u00f3n p\u00fablica. Isto \u00e9 o que est\u00e1 a acontecer nestes d\u00edas nos Estados Unidos en relaci\u00f3n coa pol\u00edtica ambiental.<\/p>\n\n\n\n<p>O presidente Donald Trump -negacionista confeso da evidencia cient\u00edfica do cambio clim\u00e1tico- acaba de desartellar a \u201c<em>endangerment finding<\/em>\u201d, determinaci\u00f3n formal que permit\u00eda regular as emisi\u00f3ns de gases de efecto invernadoiro a nivel federal nos Estados Unidos. Esta medida significa un dos maiores retrocesos regulatorios do pa\u00eds, pois elimina a base xur\u00eddica que daba soporte \u00e1 Axencia de Protecci\u00f3n Ambiental (EPA) para poder actuar fronte ao quecemento global, ignorando o consenso cient\u00edfico sobre os riscos asociados ao cambio clim\u00e1tico e debilitando os mecanismos institucionais dese\u00f1ados para protexer o interese p\u00fablico. Asistimos deste xeito a un dos exemplos m\u00e1is extremos da confrontaci\u00f3n actual entre realidade cient\u00edfica e ficci\u00f3n pol\u00edtica.<\/p>\n\n\n\n<p>Trump e todas aquelas persoas que constr\u00faen a realidade con feitos alternativos esquecen unha cuesti\u00f3n fundamental: a verdade non \u00e9 algo molde\u00e1bel \u00e1 vontade. Dic\u00eda Gaston Bachelard que a ciencia era s\u00f3 outro xeito de facer maxia, que tanto a maxia como a ciencia son formas humanas de imaxinar o mundo e transformalo. Para el a diferenza est\u00e1 no xeito en que o facemos, as\u00ed como no m\u00e9todo racional que se aplica. Mesmo as\u00ed, sabemos que desde os antigos e antigas xam\u00e1ns at\u00e9 as cient\u00edficas e cient\u00edficos dos nosos d\u00edas, a procura do co\u00f1ecemento rigoroso sempre foi sustentado base\u00e1ndose nun m\u00e9todo -a\u00ednda que fora un ritual- porque no caso contrario s\u00f3 estar\u00edamos a falar de artificios.<\/p>\n\n\n\n<p>Sabemos que Trump non \u00e9 un xam\u00e1n, nin un cient\u00edfico, sen\u00f3n m\u00e1is ben un personaxe que se apresenta aos seus ac\u00f3litos como un novo gur\u00fa. Un feirante ambulante que ofrece ap\u00f3cemas e ung\u00fcentos discursivos, que vende certezas f\u00e1ciles, promesas sen fundamento e que o aposta todo ao seu carisma. O seu obxectivo non \u00e9 o de dar a co\u00f1ecer a realidade, sen\u00f3n o de manipulala para obter adhesi\u00f3n, poder e beneficio. \u00c9 co\u00f1ecedor de que a cidadan\u00eda pode caer no engano, que est\u00e1 famenta de efecto e de espect\u00e1culo, mais do mesmo xeito, \u00e9 consciente de que s\u00f3 se lles pode enganar unha vez e por iso ten presa.<\/p>\n\n\n\n<p>En termos medioambientais a realidade est\u00e1 constitu\u00edda por procesos f\u00edsicos obxectivos e med\u00edbeis -aumento de temperaturas, niveis de CO\u2082, eventos clim\u00e1ticos extremos, retroceso de glaciares, acidificaci\u00f3n dos oc\u00e9anos- que non dependen da opini\u00f3n humana. A verdade, no tanto, forma parte dunha interpretaci\u00f3n social desa realidade, baseada nun consenso e que, a pesar de que poida estar ali\u00f1ada cos feitos, pode tam\u00e9n ser manipulada, cuestionada ou deformada por diferentes discursos.<\/p>\n\n\n\n<p>O que Donald Trump deber\u00eda entender \u00e9 que coa revogaci\u00f3n da \u201cendangerment finding\u201d non se pode modificar a realidade f\u00edsica do quecemento global. O \u00fanico que acadar\u00e1 ser\u00e1 redefinir a verdade institucional sobre o mesmo. A realidade ambiental seguir\u00e1 sendo obxectiva a\u00ednda que a verdade p\u00fablica sexa negociada. S\u00f3 cando os gobernos respectan a evidencia cient\u00edfica a verdade e a realidade poden ficar ali\u00f1adas. Mais, cando a verdade dist\u00f3rcese, a realidade contin\u00faa o seu decurso e nalg\u00fan intre, rematar\u00e1 producindo consecuencias que ning\u00fan discurso poder\u00e1 agochar por moi elocuente que sexa.<\/p>\n\n\n\n<p>Cando un goberno decide negar a validez da ciencia ou desartellar os mecanismos institucionais que permiten traducir a realidade en pol\u00edticas p\u00fablicas capaces de protexer \u00e1 cidadan\u00eda, o que est\u00e1 a facer non \u00e9 modificar o clima e mitigar os seus efectos negativos, sen\u00f3n debilitando a nosa capacidade colectiva para enfrontar os retos que sup\u00f3n o cambio clim\u00e1tico e o quecemento global do planeta.<\/p>\n\n\n\n<p>Eis, quizais, o maior risco ao que nos enfrontamos hoxend\u00eda, ao da narrativa pol\u00edtica que substit\u00fae \u00e1 responsabilidade de gobernar, e que deixa \u00e1 sociedade cada vez m\u00e1is exposta ante unha emerxencia clim\u00e1tica global que non agarda a que o relato p\u00f3\u00f1ase ao d\u00eda.<\/p>\n","protected":false},"excerpt":{"rendered":"<div class=\"mh-excerpt\"><p>Na pol\u00edtica actual asistimos con frecuencia a un fen\u00f3meno desacougante: a substituci\u00f3n deliberada da verdade por relatos dese\u00f1ados para moldear a percepci\u00f3n p\u00fablica <a class=\"mh-excerpt-more\" href=\"https:\/\/www.anovapeneira.gal\/index.php\/2026\/03\/04\/donald-trump-ou-a-construcion-do-relato-en-tempos-de-emerxencia-climatica\/\" title=\"Donald Trump ou a construci\u00f3n do relato en tempos de emerxencia clim\u00e1tica\">[&#8230;]<\/a><\/p>\n<\/div>","protected":false},"author":12,"featured_media":15266,"comment_status":"open","ping_status":"open","sticky":false,"template":"","format":"standard","meta":{"_exactmetrics_skip_tracking":false,"_exactmetrics_sitenote_active":false,"_exactmetrics_sitenote_note":"","_exactmetrics_sitenote_category":0,"footnotes":""},"categories":[7],"tags":[],"class_list":{"0":"post-15426","1":"post","2":"type-post","3":"status-publish","4":"format-standard","5":"has-post-thumbnail","7":"category-artigos-de-opinion"},"yoast_head":"<!-- This site is optimized with the Yoast SEO plugin v27.4 - https:\/\/yoast.com\/product\/yoast-seo-wordpress\/ -->\n<title>Donald Trump ou a construci\u00f3n do relato en tempos de emerxencia clim\u00e1tica -<\/title>\n<meta name=\"robots\" content=\"index, follow, max-snippet:-1, max-image-preview:large, max-video-preview:-1\" \/>\n<link rel=\"canonical\" href=\"https:\/\/www.anovapeneira.gal\/index.php\/2026\/03\/04\/donald-trump-ou-a-construcion-do-relato-en-tempos-de-emerxencia-climatica\/\" \/>\n<meta property=\"og:locale\" content=\"gl_ES\" \/>\n<meta property=\"og:type\" content=\"article\" \/>\n<meta property=\"og:title\" content=\"Donald Trump ou a construci\u00f3n do relato en tempos de emerxencia clim\u00e1tica -\" \/>\n<meta property=\"og:description\" content=\"Na pol\u00edtica actual asistimos con frecuencia a un fen\u00f3meno desacougante: a substituci\u00f3n deliberada da verdade por relatos dese\u00f1ados para moldear a percepci\u00f3n p\u00fablica [...]\" \/>\n<meta property=\"og:url\" content=\"https:\/\/www.anovapeneira.gal\/index.php\/2026\/03\/04\/donald-trump-ou-a-construcion-do-relato-en-tempos-de-emerxencia-climatica\/\" \/>\n<meta property=\"article:publisher\" content=\"https:\/\/www.facebook.com\/anovapeneira\" \/>\n<meta property=\"article:published_time\" content=\"2026-03-04T09:00:08+00:00\" \/>\n<meta property=\"og:image\" content=\"https:\/\/www.anovapeneira.gal\/wp-content\/uploads\/2026\/01\/Oliver_alvarez_Barranco.png\" \/>\n\t<meta property=\"og:image:width\" content=\"720\" \/>\n\t<meta property=\"og:image:height\" content=\"432\" \/>\n\t<meta property=\"og:image:type\" content=\"image\/png\" \/>\n<meta name=\"author\" content=\"Artigos Opini\u00f3n\" \/>\n<meta name=\"twitter:card\" content=\"summary_large_image\" \/>\n<meta name=\"twitter:creator\" content=\"@APeneira\" \/>\n<meta name=\"twitter:site\" content=\"@APeneira\" \/>\n<meta name=\"twitter:label1\" content=\"Escrito por\" \/>\n\t<meta name=\"twitter:data1\" content=\"Artigos Opini\u00f3n\" \/>\n\t<meta name=\"twitter:label2\" content=\"Tempo de lectura\" \/>\n\t<meta name=\"twitter:data2\" content=\"4 minutos\" \/>\n<script type=\"application\/ld+json\" class=\"yoast-schema-graph\">{\"@context\":\"https:\\\/\\\/schema.org\",\"@graph\":[{\"@type\":\"Article\",\"@id\":\"https:\\\/\\\/www.anovapeneira.gal\\\/index.php\\\/2026\\\/03\\\/04\\\/donald-trump-ou-a-construcion-do-relato-en-tempos-de-emerxencia-climatica\\\/#article\",\"isPartOf\":{\"@id\":\"https:\\\/\\\/www.anovapeneira.gal\\\/index.php\\\/2026\\\/03\\\/04\\\/donald-trump-ou-a-construcion-do-relato-en-tempos-de-emerxencia-climatica\\\/\"},\"author\":{\"name\":\"Artigos Opini\u00f3n\",\"@id\":\"https:\\\/\\\/www.anovapeneira.gal\\\/#\\\/schema\\\/person\\\/f18a4feb302e8f20bcef4490b5b60bb3\"},\"headline\":\"Donald Trump ou a construci\u00f3n do relato en tempos de emerxencia clim\u00e1tica\",\"datePublished\":\"2026-03-04T09:00:08+00:00\",\"mainEntityOfPage\":{\"@id\":\"https:\\\/\\\/www.anovapeneira.gal\\\/index.php\\\/2026\\\/03\\\/04\\\/donald-trump-ou-a-construcion-do-relato-en-tempos-de-emerxencia-climatica\\\/\"},\"wordCount\":729,\"commentCount\":0,\"publisher\":{\"@id\":\"https:\\\/\\\/www.anovapeneira.gal\\\/#organization\"},\"image\":{\"@id\":\"https:\\\/\\\/www.anovapeneira.gal\\\/index.php\\\/2026\\\/03\\\/04\\\/donald-trump-ou-a-construcion-do-relato-en-tempos-de-emerxencia-climatica\\\/#primaryimage\"},\"thumbnailUrl\":\"https:\\\/\\\/www.anovapeneira.gal\\\/wp-content\\\/uploads\\\/2026\\\/01\\\/Oliver_alvarez_Barranco.png\",\"articleSection\":[\"Artigos de opini\u00f3n\"],\"inLanguage\":\"gl-ES\",\"potentialAction\":[{\"@type\":\"CommentAction\",\"name\":\"Comment\",\"target\":[\"https:\\\/\\\/www.anovapeneira.gal\\\/index.php\\\/2026\\\/03\\\/04\\\/donald-trump-ou-a-construcion-do-relato-en-tempos-de-emerxencia-climatica\\\/#respond\"]}]},{\"@type\":\"WebPage\",\"@id\":\"https:\\\/\\\/www.anovapeneira.gal\\\/index.php\\\/2026\\\/03\\\/04\\\/donald-trump-ou-a-construcion-do-relato-en-tempos-de-emerxencia-climatica\\\/\",\"url\":\"https:\\\/\\\/www.anovapeneira.gal\\\/index.php\\\/2026\\\/03\\\/04\\\/donald-trump-ou-a-construcion-do-relato-en-tempos-de-emerxencia-climatica\\\/\",\"name\":\"Donald Trump ou a construci\u00f3n do relato en tempos de emerxencia clim\u00e1tica -\",\"isPartOf\":{\"@id\":\"https:\\\/\\\/www.anovapeneira.gal\\\/#website\"},\"primaryImageOfPage\":{\"@id\":\"https:\\\/\\\/www.anovapeneira.gal\\\/index.php\\\/2026\\\/03\\\/04\\\/donald-trump-ou-a-construcion-do-relato-en-tempos-de-emerxencia-climatica\\\/#primaryimage\"},\"image\":{\"@id\":\"https:\\\/\\\/www.anovapeneira.gal\\\/index.php\\\/2026\\\/03\\\/04\\\/donald-trump-ou-a-construcion-do-relato-en-tempos-de-emerxencia-climatica\\\/#primaryimage\"},\"thumbnailUrl\":\"https:\\\/\\\/www.anovapeneira.gal\\\/wp-content\\\/uploads\\\/2026\\\/01\\\/Oliver_alvarez_Barranco.png\",\"datePublished\":\"2026-03-04T09:00:08+00:00\",\"breadcrumb\":{\"@id\":\"https:\\\/\\\/www.anovapeneira.gal\\\/index.php\\\/2026\\\/03\\\/04\\\/donald-trump-ou-a-construcion-do-relato-en-tempos-de-emerxencia-climatica\\\/#breadcrumb\"},\"inLanguage\":\"gl-ES\",\"potentialAction\":[{\"@type\":\"ReadAction\",\"target\":[\"https:\\\/\\\/www.anovapeneira.gal\\\/index.php\\\/2026\\\/03\\\/04\\\/donald-trump-ou-a-construcion-do-relato-en-tempos-de-emerxencia-climatica\\\/\"]}]},{\"@type\":\"ImageObject\",\"inLanguage\":\"gl-ES\",\"@id\":\"https:\\\/\\\/www.anovapeneira.gal\\\/index.php\\\/2026\\\/03\\\/04\\\/donald-trump-ou-a-construcion-do-relato-en-tempos-de-emerxencia-climatica\\\/#primaryimage\",\"url\":\"https:\\\/\\\/www.anovapeneira.gal\\\/wp-content\\\/uploads\\\/2026\\\/01\\\/Oliver_alvarez_Barranco.png\",\"contentUrl\":\"https:\\\/\\\/www.anovapeneira.gal\\\/wp-content\\\/uploads\\\/2026\\\/01\\\/Oliver_alvarez_Barranco.png\",\"width\":720,\"height\":432},{\"@type\":\"BreadcrumbList\",\"@id\":\"https:\\\/\\\/www.anovapeneira.gal\\\/index.php\\\/2026\\\/03\\\/04\\\/donald-trump-ou-a-construcion-do-relato-en-tempos-de-emerxencia-climatica\\\/#breadcrumb\",\"itemListElement\":[{\"@type\":\"ListItem\",\"position\":1,\"name\":\"Portada\",\"item\":\"https:\\\/\\\/www.anovapeneira.gal\\\/\"},{\"@type\":\"ListItem\",\"position\":2,\"name\":\"Donald Trump ou a construci\u00f3n do relato en tempos de emerxencia clim\u00e1tica\"}]},{\"@type\":\"WebSite\",\"@id\":\"https:\\\/\\\/www.anovapeneira.gal\\\/#website\",\"url\":\"https:\\\/\\\/www.anovapeneira.gal\\\/\",\"name\":\"\",\"description\":\"Xornal galego de informaci\u00f3n xeral Publicaci\u00f3n mensual de novas de Galicia e en especial dos Concellos da sur da provincia de Pontevedra.\",\"publisher\":{\"@id\":\"https:\\\/\\\/www.anovapeneira.gal\\\/#organization\"},\"potentialAction\":[{\"@type\":\"SearchAction\",\"target\":{\"@type\":\"EntryPoint\",\"urlTemplate\":\"https:\\\/\\\/www.anovapeneira.gal\\\/?s={search_term_string}\"},\"query-input\":{\"@type\":\"PropertyValueSpecification\",\"valueRequired\":true,\"valueName\":\"search_term_string\"}}],\"inLanguage\":\"gl-ES\"},{\"@type\":\"Organization\",\"@id\":\"https:\\\/\\\/www.anovapeneira.gal\\\/#organization\",\"name\":\"A Nova Peneira\",\"url\":\"https:\\\/\\\/www.anovapeneira.gal\\\/\",\"logo\":{\"@type\":\"ImageObject\",\"inLanguage\":\"gl-ES\",\"@id\":\"https:\\\/\\\/www.anovapeneira.gal\\\/#\\\/schema\\\/logo\\\/image\\\/\",\"url\":\"http:\\\/\\\/www.anovapeneira.gal\\\/wp-content\\\/uploads\\\/2019\\\/06\\\/logo_a_nova_peneira_portal_web.png\",\"contentUrl\":\"http:\\\/\\\/www.anovapeneira.gal\\\/wp-content\\\/uploads\\\/2019\\\/06\\\/logo_a_nova_peneira_portal_web.png\",\"width\":300,\"height\":100,\"caption\":\"A Nova Peneira\"},\"image\":{\"@id\":\"https:\\\/\\\/www.anovapeneira.gal\\\/#\\\/schema\\\/logo\\\/image\\\/\"},\"sameAs\":[\"https:\\\/\\\/www.facebook.com\\\/anovapeneira\",\"https:\\\/\\\/x.com\\\/APeneira\"]},{\"@type\":\"Person\",\"@id\":\"https:\\\/\\\/www.anovapeneira.gal\\\/#\\\/schema\\\/person\\\/f18a4feb302e8f20bcef4490b5b60bb3\",\"name\":\"Artigos Opini\u00f3n\",\"image\":{\"@type\":\"ImageObject\",\"inLanguage\":\"gl-ES\",\"@id\":\"https:\\\/\\\/secure.gravatar.com\\\/avatar\\\/072844300f4881150aee2da4278f7a65d16eefdf8262eb67085f1e702de2b959?s=96&d=mm&r=g\",\"url\":\"https:\\\/\\\/secure.gravatar.com\\\/avatar\\\/072844300f4881150aee2da4278f7a65d16eefdf8262eb67085f1e702de2b959?s=96&d=mm&r=g\",\"contentUrl\":\"https:\\\/\\\/secure.gravatar.com\\\/avatar\\\/072844300f4881150aee2da4278f7a65d16eefdf8262eb67085f1e702de2b959?s=96&d=mm&r=g\",\"caption\":\"Artigos Opini\u00f3n\"},\"sameAs\":[\"http:\\\/\\\/anovapeneira.gal\"],\"url\":\"https:\\\/\\\/www.anovapeneira.gal\\\/index.php\\\/author\\\/artigosopinion\\\/\"}]}<\/script>\n<!-- \/ Yoast SEO plugin. -->","yoast_head_json":{"title":"Donald Trump ou a construci\u00f3n do relato en tempos de emerxencia clim\u00e1tica -","robots":{"index":"index","follow":"follow","max-snippet":"max-snippet:-1","max-image-preview":"max-image-preview:large","max-video-preview":"max-video-preview:-1"},"canonical":"https:\/\/www.anovapeneira.gal\/index.php\/2026\/03\/04\/donald-trump-ou-a-construcion-do-relato-en-tempos-de-emerxencia-climatica\/","og_locale":"gl_ES","og_type":"article","og_title":"Donald Trump ou a construci\u00f3n do relato en tempos de emerxencia clim\u00e1tica -","og_description":"Na pol\u00edtica actual asistimos con frecuencia a un fen\u00f3meno desacougante: a substituci\u00f3n deliberada da verdade por relatos dese\u00f1ados para moldear a percepci\u00f3n p\u00fablica [...]","og_url":"https:\/\/www.anovapeneira.gal\/index.php\/2026\/03\/04\/donald-trump-ou-a-construcion-do-relato-en-tempos-de-emerxencia-climatica\/","article_publisher":"https:\/\/www.facebook.com\/anovapeneira","article_published_time":"2026-03-04T09:00:08+00:00","og_image":[{"width":720,"height":432,"url":"https:\/\/www.anovapeneira.gal\/wp-content\/uploads\/2026\/01\/Oliver_alvarez_Barranco.png","type":"image\/png"}],"author":"Artigos Opini\u00f3n","twitter_card":"summary_large_image","twitter_creator":"@APeneira","twitter_site":"@APeneira","twitter_misc":{"Escrito por":"Artigos Opini\u00f3n","Tempo de lectura":"4 minutos"},"schema":{"@context":"https:\/\/schema.org","@graph":[{"@type":"Article","@id":"https:\/\/www.anovapeneira.gal\/index.php\/2026\/03\/04\/donald-trump-ou-a-construcion-do-relato-en-tempos-de-emerxencia-climatica\/#article","isPartOf":{"@id":"https:\/\/www.anovapeneira.gal\/index.php\/2026\/03\/04\/donald-trump-ou-a-construcion-do-relato-en-tempos-de-emerxencia-climatica\/"},"author":{"name":"Artigos Opini\u00f3n","@id":"https:\/\/www.anovapeneira.gal\/#\/schema\/person\/f18a4feb302e8f20bcef4490b5b60bb3"},"headline":"Donald Trump ou a construci\u00f3n do relato en tempos de emerxencia clim\u00e1tica","datePublished":"2026-03-04T09:00:08+00:00","mainEntityOfPage":{"@id":"https:\/\/www.anovapeneira.gal\/index.php\/2026\/03\/04\/donald-trump-ou-a-construcion-do-relato-en-tempos-de-emerxencia-climatica\/"},"wordCount":729,"commentCount":0,"publisher":{"@id":"https:\/\/www.anovapeneira.gal\/#organization"},"image":{"@id":"https:\/\/www.anovapeneira.gal\/index.php\/2026\/03\/04\/donald-trump-ou-a-construcion-do-relato-en-tempos-de-emerxencia-climatica\/#primaryimage"},"thumbnailUrl":"https:\/\/www.anovapeneira.gal\/wp-content\/uploads\/2026\/01\/Oliver_alvarez_Barranco.png","articleSection":["Artigos de opini\u00f3n"],"inLanguage":"gl-ES","potentialAction":[{"@type":"CommentAction","name":"Comment","target":["https:\/\/www.anovapeneira.gal\/index.php\/2026\/03\/04\/donald-trump-ou-a-construcion-do-relato-en-tempos-de-emerxencia-climatica\/#respond"]}]},{"@type":"WebPage","@id":"https:\/\/www.anovapeneira.gal\/index.php\/2026\/03\/04\/donald-trump-ou-a-construcion-do-relato-en-tempos-de-emerxencia-climatica\/","url":"https:\/\/www.anovapeneira.gal\/index.php\/2026\/03\/04\/donald-trump-ou-a-construcion-do-relato-en-tempos-de-emerxencia-climatica\/","name":"Donald Trump ou a construci\u00f3n do relato en tempos de emerxencia clim\u00e1tica -","isPartOf":{"@id":"https:\/\/www.anovapeneira.gal\/#website"},"primaryImageOfPage":{"@id":"https:\/\/www.anovapeneira.gal\/index.php\/2026\/03\/04\/donald-trump-ou-a-construcion-do-relato-en-tempos-de-emerxencia-climatica\/#primaryimage"},"image":{"@id":"https:\/\/www.anovapeneira.gal\/index.php\/2026\/03\/04\/donald-trump-ou-a-construcion-do-relato-en-tempos-de-emerxencia-climatica\/#primaryimage"},"thumbnailUrl":"https:\/\/www.anovapeneira.gal\/wp-content\/uploads\/2026\/01\/Oliver_alvarez_Barranco.png","datePublished":"2026-03-04T09:00:08+00:00","breadcrumb":{"@id":"https:\/\/www.anovapeneira.gal\/index.php\/2026\/03\/04\/donald-trump-ou-a-construcion-do-relato-en-tempos-de-emerxencia-climatica\/#breadcrumb"},"inLanguage":"gl-ES","potentialAction":[{"@type":"ReadAction","target":["https:\/\/www.anovapeneira.gal\/index.php\/2026\/03\/04\/donald-trump-ou-a-construcion-do-relato-en-tempos-de-emerxencia-climatica\/"]}]},{"@type":"ImageObject","inLanguage":"gl-ES","@id":"https:\/\/www.anovapeneira.gal\/index.php\/2026\/03\/04\/donald-trump-ou-a-construcion-do-relato-en-tempos-de-emerxencia-climatica\/#primaryimage","url":"https:\/\/www.anovapeneira.gal\/wp-content\/uploads\/2026\/01\/Oliver_alvarez_Barranco.png","contentUrl":"https:\/\/www.anovapeneira.gal\/wp-content\/uploads\/2026\/01\/Oliver_alvarez_Barranco.png","width":720,"height":432},{"@type":"BreadcrumbList","@id":"https:\/\/www.anovapeneira.gal\/index.php\/2026\/03\/04\/donald-trump-ou-a-construcion-do-relato-en-tempos-de-emerxencia-climatica\/#breadcrumb","itemListElement":[{"@type":"ListItem","position":1,"name":"Portada","item":"https:\/\/www.anovapeneira.gal\/"},{"@type":"ListItem","position":2,"name":"Donald Trump ou a construci\u00f3n do relato en tempos de emerxencia clim\u00e1tica"}]},{"@type":"WebSite","@id":"https:\/\/www.anovapeneira.gal\/#website","url":"https:\/\/www.anovapeneira.gal\/","name":"","description":"Xornal galego de informaci\u00f3n xeral Publicaci\u00f3n mensual de novas de Galicia e en especial dos Concellos da sur da provincia de Pontevedra.","publisher":{"@id":"https:\/\/www.anovapeneira.gal\/#organization"},"potentialAction":[{"@type":"SearchAction","target":{"@type":"EntryPoint","urlTemplate":"https:\/\/www.anovapeneira.gal\/?s={search_term_string}"},"query-input":{"@type":"PropertyValueSpecification","valueRequired":true,"valueName":"search_term_string"}}],"inLanguage":"gl-ES"},{"@type":"Organization","@id":"https:\/\/www.anovapeneira.gal\/#organization","name":"A Nova Peneira","url":"https:\/\/www.anovapeneira.gal\/","logo":{"@type":"ImageObject","inLanguage":"gl-ES","@id":"https:\/\/www.anovapeneira.gal\/#\/schema\/logo\/image\/","url":"http:\/\/www.anovapeneira.gal\/wp-content\/uploads\/2019\/06\/logo_a_nova_peneira_portal_web.png","contentUrl":"http:\/\/www.anovapeneira.gal\/wp-content\/uploads\/2019\/06\/logo_a_nova_peneira_portal_web.png","width":300,"height":100,"caption":"A Nova Peneira"},"image":{"@id":"https:\/\/www.anovapeneira.gal\/#\/schema\/logo\/image\/"},"sameAs":["https:\/\/www.facebook.com\/anovapeneira","https:\/\/x.com\/APeneira"]},{"@type":"Person","@id":"https:\/\/www.anovapeneira.gal\/#\/schema\/person\/f18a4feb302e8f20bcef4490b5b60bb3","name":"Artigos Opini\u00f3n","image":{"@type":"ImageObject","inLanguage":"gl-ES","@id":"https:\/\/secure.gravatar.com\/avatar\/072844300f4881150aee2da4278f7a65d16eefdf8262eb67085f1e702de2b959?s=96&d=mm&r=g","url":"https:\/\/secure.gravatar.com\/avatar\/072844300f4881150aee2da4278f7a65d16eefdf8262eb67085f1e702de2b959?s=96&d=mm&r=g","contentUrl":"https:\/\/secure.gravatar.com\/avatar\/072844300f4881150aee2da4278f7a65d16eefdf8262eb67085f1e702de2b959?s=96&d=mm&r=g","caption":"Artigos Opini\u00f3n"},"sameAs":["http:\/\/anovapeneira.gal"],"url":"https:\/\/www.anovapeneira.gal\/index.php\/author\/artigosopinion\/"}]}},"jetpack_featured_media_url":"https:\/\/www.anovapeneira.gal\/wp-content\/uploads\/2026\/01\/Oliver_alvarez_Barranco.png","_links":{"self":[{"href":"https:\/\/www.anovapeneira.gal\/index.php\/wp-json\/wp\/v2\/posts\/15426","targetHints":{"allow":["GET"]}}],"collection":[{"href":"https:\/\/www.anovapeneira.gal\/index.php\/wp-json\/wp\/v2\/posts"}],"about":[{"href":"https:\/\/www.anovapeneira.gal\/index.php\/wp-json\/wp\/v2\/types\/post"}],"author":[{"embeddable":true,"href":"https:\/\/www.anovapeneira.gal\/index.php\/wp-json\/wp\/v2\/users\/12"}],"replies":[{"embeddable":true,"href":"https:\/\/www.anovapeneira.gal\/index.php\/wp-json\/wp\/v2\/comments?post=15426"}],"version-history":[{"count":1,"href":"https:\/\/www.anovapeneira.gal\/index.php\/wp-json\/wp\/v2\/posts\/15426\/revisions"}],"predecessor-version":[{"id":15427,"href":"https:\/\/www.anovapeneira.gal\/index.php\/wp-json\/wp\/v2\/posts\/15426\/revisions\/15427"}],"wp:featuredmedia":[{"embeddable":true,"href":"https:\/\/www.anovapeneira.gal\/index.php\/wp-json\/wp\/v2\/media\/15266"}],"wp:attachment":[{"href":"https:\/\/www.anovapeneira.gal\/index.php\/wp-json\/wp\/v2\/media?parent=15426"}],"wp:term":[{"taxonomy":"category","embeddable":true,"href":"https:\/\/www.anovapeneira.gal\/index.php\/wp-json\/wp\/v2\/categories?post=15426"},{"taxonomy":"post_tag","embeddable":true,"href":"https:\/\/www.anovapeneira.gal\/index.php\/wp-json\/wp\/v2\/tags?post=15426"}],"curies":[{"name":"wp","href":"https:\/\/api.w.org\/{rel}","templated":true}]}}