{"id":15428,"date":"2026-03-04T10:00:06","date_gmt":"2026-03-04T09:00:06","guid":{"rendered":"https:\/\/www.anovapeneira.gal\/?p=15428"},"modified":"2026-03-03T16:32:23","modified_gmt":"2026-03-03T15:32:23","slug":"iran-baixo-lume-demoniaco","status":"publish","type":"post","link":"https:\/\/www.anovapeneira.gal\/index.php\/2026\/03\/04\/iran-baixo-lume-demoniaco\/","title":{"rendered":"Ir\u00e1n baixo lume demon\u00edaco"},"content":{"rendered":"\n<figure class=\"wp-block-image size-large is-resized\"><img loading=\"lazy\" decoding=\"async\" width=\"818\" height=\"1024\" src=\"https:\/\/www.anovapeneira.gal\/wp-content\/uploads\/2024\/08\/oscar_lomba2-818x1024.jpg\" alt=\"\" class=\"wp-image-12311\" style=\"aspect-ratio:0.798828768360393;width:93px;height:auto\" srcset=\"https:\/\/www.anovapeneira.gal\/wp-content\/uploads\/2024\/08\/oscar_lomba2-818x1024.jpg 818w, https:\/\/www.anovapeneira.gal\/wp-content\/uploads\/2024\/08\/oscar_lomba2-240x300.jpg 240w, https:\/\/www.anovapeneira.gal\/wp-content\/uploads\/2024\/08\/oscar_lomba2-768x961.jpg 768w, https:\/\/www.anovapeneira.gal\/wp-content\/uploads\/2024\/08\/oscar_lomba2-1228x1536.jpg 1228w, https:\/\/www.anovapeneira.gal\/wp-content\/uploads\/2024\/08\/oscar_lomba2.jpg 1242w\" sizes=\"auto, (max-width: 818px) 100vw, 818px\" \/><\/figure>\n\n\n\n<pre class=\"wp-block-verse\">\u00d3scar Lomba \u00c1lvarez \u00e9 licenciado en dereito<\/pre>\n\n\n\n<p><strong>Ir\u00e1<\/strong><strong>n volve situarse no epicentro do tremor xeopol<\/strong><strong>\u00ed<\/strong><strong>tico tras o ataque coordinado de Estados Unidos e Israel contra o coraz<\/strong><strong>\u00f3<\/strong><strong>n do seu aparello estatal, unha ofensiva que <\/strong><strong>soborda<\/strong><strong> o marco da confrontaci<\/strong><strong>\u00f3n rexional, exp\u00f3<\/strong><strong>n a fractura profunda da orde internacional en plena crise estrutural do sistema<\/strong><strong>&#8211;<\/strong><strong>mundo e abre novas <\/strong><strong>fendas<\/strong><strong> no equilibrio global, intensificando a pugna pola hexemon<\/strong><strong>\u00eda.<\/strong><\/p>\n\n\n\n<p>O ataque masivo lanzado por Estados Unidos e Israel contra o coraz\u00f3n do poder iraniano non \u00e9 un episodio m\u00e1is na xeograf\u00eda convulsa de Oriente Medio. \u00c9 a irrupci\u00f3n violenta dunha contradici\u00f3n que levaba d\u00e9cadas xest\u00e1ndose no subsolo do sistema-mundo capitalista. Para comprender o seu significado c\u00f3mpre afastar a ollada do balbordo inmediato e observalo cunha perspectiva m\u00e1is fonda, como quen examina as cousas desde a distancia hist\u00f3rica, onde os feitos revelan o seu sentido oculto. Nel cond\u00e9nsanse crises poli\u00e9dricas superpostas, tensi\u00f3ns que operan en distintos estratos da realidade social e que agora estoupan nunha soa labarada.<\/p>\n\n\n\n<p>Desde unha perspectiva que entrelaza teor\u00eda cr\u00edtica e econom\u00eda pol\u00edtica, a escalada non pode separarse da crise estrutural do capitalismo contempor\u00e1neo. Vivimos unha fase de estancamento prolongado, de sobreacumulaci\u00f3n e de rendibilidade minguante. Os centros imperiais tentaron conxurala mediante a financiarizaci\u00f3n. Cando esa v\u00eda se esgota, emerxe a destruci\u00f3n f\u00edsica do capital e a reorganizaci\u00f3n forzada do territorio. A guerra aparece ent\u00f3n como unha prolongaci\u00f3n da pol\u00edtica econ\u00f3mica. O golpe sobre Ir\u00e1n, n\u00f3 enerx\u00e9tico dunha das rexi\u00f3ns m\u00e1is decisivas para a circulaci\u00f3n global, non responde ao capricho de dirixentes alporizados. Inscr\u00edbese nunha l\u00f3xica imperialista sist\u00e9mica que s\u00f3 reco\u00f1ece unha sa\u00edda \u00e1s s\u00faas propias contradici\u00f3ns, a imposici\u00f3n violenta.<\/p>\n\n\n\n<p>A acumulaci\u00f3n por desposesi\u00f3n, tan presente na privatizaci\u00f3n do com\u00fan e na expansi\u00f3n dos mercados financeiros, amosa na guerra a s\u00faa faciana m\u00e1is cr\u00faa. O imperialismo busca apropiarse de recursos estrat\u00e9xicos, controlar os grandes roteiros comerciais e redese\u00f1ar os estados para facelos m\u00e1is perme\u00e1beis \u00e1s esixencias do capital. As bombas non caen sobre o baleiro, sen\u00f3n sobre mapas onde xa estaban trazados os corredores enerx\u00e9ticos e os fluxos do investimento global.<\/p>\n\n\n\n<p>O episodio revela ademais a metamorfose do poder imperial norteamericano. A imaxe cl\u00e1sica do estado-naci\u00f3n que declara a guerra dil\u00faese ante un armaz\u00f3n transnacional de intereses. A alianza entre Estados Unidos e Israel \u00e9 m\u00e1is que a coordinaci\u00f3n de dous r\u00e9ximes. \u00c9 a expresi\u00f3n vis\u00edbel dunha constelaci\u00f3n que re\u00fane corporaci\u00f3ns enerx\u00e9ticas, industria armament\u00edstica, lobbys pol\u00edticos e fracci\u00f3ns ou segmentos das elites rexionais que perciben na desestabilizaci\u00f3n de Ir\u00e1n unha oportunidade estrat\u00e9xica. O estado de excepci\u00f3n normal\u00edzase e prox\u00e9ctase sobre territorios enteiros cando a hexemon\u00eda xa non descansa no consenso.<\/p>\n\n\n\n<p>A soberan\u00eda iraniana \u00e9 vulnerada non s\u00f3 na s\u00faa integridade territorial sen\u00f3n na s\u00faa capacidade de decisi\u00f3n. N\u00e9gaselle o dereito a definir o seu programa nuclear e as s\u00faas alianzas con outras potencias emerxentes. Actual\u00edzase as\u00ed unha forma de colonialidade na que uns poucos deciden quen pode desenvolverse e quen debe ser disciplinado. A mensaxe \u00e9 clara, a xerarqu\u00eda internacional non se discute.<\/p>\n\n\n\n<p>Ir\u00e1n encarna, aos ollos do establishment occidental, a indisciplina. Tentou consolidar un polo aut\u00f3nomo, estreitar vencellos con Rusia e China, cuestionar a unipolaridade financeira e militar. No transfondo xoga a xeograf\u00eda do capital. Os novos roteiros euroasi\u00e1ticos, os corredores que enlazan Asia Central co Mediterr\u00e1neo, os ductos de gas e petr\u00f3leo, constit\u00faen o taboleiro real sobre o que se desprega a ofensiva. Os m\u00edsiles seguen o ronsel dos oleodutos.<\/p>\n\n\n\n<p>Nada disto se esgota no territorio da materia. A guerra \u00e9 tam\u00e9n un fen\u00f3meno da conciencia, un teatro onde se configuran percepci\u00f3ns, onde a espectacularidade medi\u00e1tica traza fronteiras mentais, fabrica significados e xera adhesi\u00f3ns soterradas. A vella narrativa do eixo do mal regresa, apenas disfrazada baixo novas tonalidades. O inimigo \u00e9 esculpido como unha ameaza absoluta, unha sombra que permite simplificar o mundo at\u00e9 reducilo a d\u00faas cores.<\/p>\n\n\n\n<p>A violencia pres\u00e9ntase como unha anomal\u00eda, como un recurso extremo en defensa dunha suposta civilizaci\u00f3n ameazada. Por\u00e9n, nas periferias do sistema, a excepci\u00f3n conv\u00e9rtese en norma. Al\u00ed, a ameaza non \u00e9 un episodio illado, sen\u00f3n unha presenza constante, unha paisaxe permanente da vida coti\u00e1, onde a guerra deixa de ser acontecemento para transformarse nunha condici\u00f3n da existencia.<\/p>\n\n\n\n<p>Nas metr\u00f3poles act\u00edvase outro mecanismo. A guerra ofrece unha descarga emocional, un goce escuro que reafirma identidades e sutura fracturas internas. Mentres se proxecta a ansiedade social cara ao exterior, a desigualdade e a deterioraci\u00f3n das condici\u00f3ns de vida quedan momentaneamente relegadas. O inimigo externo ordena o caos dom\u00e9stico.<\/p>\n\n\n\n<p>Por\u00e9n baixo o estrondo das explosi\u00f3ns persiste unha pregunta m\u00e1is silenciosa, a da reproduci\u00f3n da vida. A guerra non \u00e9 s\u00f3 estratexia e c\u00e1lculo. \u00c9 interrupci\u00f3n brutal da cotiandade. En Teher\u00e1n, nais que buscan medicamentos que xa non chegan. Traballadores do petr\u00f3leo que perden o seu sustento. Comunidades desprazadas. Infraestruturas civ\u00eds reducidas a entullos. O ataque ao coraz\u00f3n do poder \u00e9 tam\u00e9n un ataque ao coraz\u00f3n social.<\/p>\n\n\n\n<p>A teor\u00eda da reproduci\u00f3n social obriga a mirar al\u00ed onde a an\u00e1lise xeopol\u00edtica adoita calar. Cando a auga pot\u00e1bel \u00e9 un obxectivo militar e os hospitais perden electricidade, algu\u00e9n sost\u00e9n a vida en condici\u00f3ns extremas. Esa carga recae de novo sobre mulleres e comunidades empobrecidas. En tempos de paz o sistema xa extrae valor do traballo reprodutivo non remunerado. Na guerra esa extracci\u00f3n v\u00f3lvese descarnada, m\u00e1is vis\u00edbel e brutal.<\/p>\n\n\n\n<p>As consecuencias despr\u00e9ganse como un abano incerto. \u00c9 dif\u00edcil imaxinar que un golpe desta magnitude quede sen resposta. O armaz\u00f3n das alianzas rexionais pode activarse e derivar nunha guerra prolongada de desgaste, con risco permanente de escalada. Ao mesmo tempo, o ataque acelera a consolidaci\u00f3n de bloques alternativos. China e Rusia, a\u00ednda que non interve\u00f1an directamente, poden profundar a s\u00faa cooperaci\u00f3n con Ir\u00e1n, fortalecer mecanismos financeiros que eludan o d\u00f3lar e consolidar corredores comerciais paralelos. Paradoxalmente, a ofensiva poder\u00eda debilitar a orde que pretende reafirmar.<\/p>\n\n\n\n<p>No plano social global, as repercusi\u00f3ns non tardar\u00e1n en sentirse. As sanci\u00f3ns e as tensi\u00f3ns enerx\u00e9ticas impactar\u00e1n en Europa e outras rexi\u00f3ns. Inflaci\u00f3n, encarecemento de subministraci\u00f3ns, deterioraci\u00f3n do poder adquisitivo. O descontento pode traducirse en protestas ou en repregamentos nacionalistas. As elites, amparadas na emerxencia, reforzar\u00e1n dispositivos de vixilancia e recortar\u00e1n dereitos en nome da seguridade. A democracia corre o risco de baleirarse a\u00ednda m\u00e1is, convertida nunha forma sen substancia.<\/p>\n\n\n\n<p>A dimensi\u00f3n ecol\u00f3xica completa o cadro. Un conflito no coraz\u00f3n petroleiro do planeta deixa cicatrices que non se borran. Refiner\u00edas incendiadas, verteduras, emisi\u00f3ns masivas. A pegada ambiental da guerra acelera a crise clim\u00e1tica e alonga a fenda entre humanidade e natureza. O capitalismo na s\u00faa fase b\u00e9lica non s\u00f3 explota a contorna, dev\u00f3raa para sosterse un pouco m\u00e1is.<\/p>\n\n\n\n<p>Este ataque debe lerse como un momento de condensaci\u00f3n dunha crise civilizatoria m\u00e1is ampla. Non \u00e9 un desv\u00edo accidental sen\u00f3n a manifestaci\u00f3n extrema dunha orde que, ao perder a s\u00faa capacidade de persuasi\u00f3n, recorre \u00e1 forza. Os seus efectos ser\u00e1n profundos, reconfiguraci\u00f3n de alianzas, intensificaci\u00f3n de conflitos sociais, devastaci\u00f3n ecol\u00f3xica e un sufrimento que recaer\u00e1, unha vez m\u00e1is, sobre os m\u00e1is vulner\u00e1beis.<\/p>\n\n\n\n<p>A guerra \u00e9 o s\u00edntoma vis\u00edbel. A doenza permanece nas estruturas que a fan pos\u00edbel. Pensar este episodio esixe algo m\u00e1is que describilo. Esixe imaxinar outras formas de organizaci\u00f3n social capaces de crebar a l\u00f3xica que converte a destruci\u00f3n en m\u00e9todo de goberno. Sen esa transformaci\u00f3n de fondo, os m\u00edsiles seguir\u00e1n trazando no ceo as li\u00f1as invis\u00edbeis do sistema que os necesita.<\/p>\n","protected":false},"excerpt":{"rendered":"<div class=\"mh-excerpt\"><p>Ir\u00e1n volve situarse no epicentro do tremor xeopol\u00edtico tras o ataque coordinado de Estados Unidos e Israel contra o coraz\u00f3n do seu aparello estatal, <a class=\"mh-excerpt-more\" href=\"https:\/\/www.anovapeneira.gal\/index.php\/2026\/03\/04\/iran-baixo-lume-demoniaco\/\" title=\"Ir\u00e1n baixo lume demon\u00edaco\">[&#8230;]<\/a><\/p>\n<\/div>","protected":false},"author":12,"featured_media":584,"comment_status":"open","ping_status":"open","sticky":false,"template":"","format":"standard","meta":{"_exactmetrics_skip_tracking":false,"_exactmetrics_sitenote_active":false,"_exactmetrics_sitenote_note":"","_exactmetrics_sitenote_category":0,"footnotes":""},"categories":[7,1],"tags":[],"class_list":{"0":"post-15428","1":"post","2":"type-post","3":"status-publish","4":"format-standard","5":"has-post-thumbnail","7":"category-artigos-de-opinion","8":"category-sin-categoria"},"yoast_head":"<!-- This site is optimized with the Yoast SEO plugin v27.4 - https:\/\/yoast.com\/product\/yoast-seo-wordpress\/ -->\n<title>Ir\u00e1n baixo lume demon\u00edaco -<\/title>\n<meta name=\"robots\" content=\"index, follow, max-snippet:-1, max-image-preview:large, max-video-preview:-1\" \/>\n<link rel=\"canonical\" href=\"https:\/\/www.anovapeneira.gal\/index.php\/2026\/03\/04\/iran-baixo-lume-demoniaco\/\" \/>\n<meta property=\"og:locale\" content=\"gl_ES\" \/>\n<meta property=\"og:type\" content=\"article\" \/>\n<meta property=\"og:title\" content=\"Ir\u00e1n baixo lume demon\u00edaco -\" \/>\n<meta property=\"og:description\" content=\"Ir\u00e1n volve situarse no epicentro do tremor xeopol\u00edtico tras o ataque coordinado de Estados Unidos e Israel contra o coraz\u00f3n do seu aparello estatal, [...]\" \/>\n<meta property=\"og:url\" content=\"https:\/\/www.anovapeneira.gal\/index.php\/2026\/03\/04\/iran-baixo-lume-demoniaco\/\" \/>\n<meta property=\"article:publisher\" content=\"https:\/\/www.facebook.com\/anovapeneira\" \/>\n<meta property=\"article:published_time\" content=\"2026-03-04T09:00:06+00:00\" \/>\n<meta property=\"og:image\" content=\"https:\/\/www.anovapeneira.gal\/wp-content\/uploads\/2019\/07\/ARTIGO_DE_OPINION_A_NOVA_PENEIRA.jpg\" \/>\n\t<meta property=\"og:image:width\" content=\"720\" \/>\n\t<meta property=\"og:image:height\" content=\"473\" \/>\n\t<meta property=\"og:image:type\" content=\"image\/jpeg\" \/>\n<meta name=\"author\" content=\"Artigos Opini\u00f3n\" \/>\n<meta name=\"twitter:card\" content=\"summary_large_image\" \/>\n<meta name=\"twitter:creator\" content=\"@APeneira\" \/>\n<meta name=\"twitter:site\" content=\"@APeneira\" \/>\n<meta name=\"twitter:label1\" content=\"Escrito por\" \/>\n\t<meta name=\"twitter:data1\" content=\"Artigos Opini\u00f3n\" \/>\n\t<meta name=\"twitter:label2\" content=\"Tempo de lectura\" \/>\n\t<meta name=\"twitter:data2\" content=\"8 minutos\" \/>\n<script type=\"application\/ld+json\" class=\"yoast-schema-graph\">{\"@context\":\"https:\\\/\\\/schema.org\",\"@graph\":[{\"@type\":\"Article\",\"@id\":\"https:\\\/\\\/www.anovapeneira.gal\\\/index.php\\\/2026\\\/03\\\/04\\\/iran-baixo-lume-demoniaco\\\/#article\",\"isPartOf\":{\"@id\":\"https:\\\/\\\/www.anovapeneira.gal\\\/index.php\\\/2026\\\/03\\\/04\\\/iran-baixo-lume-demoniaco\\\/\"},\"author\":{\"name\":\"Artigos Opini\u00f3n\",\"@id\":\"https:\\\/\\\/www.anovapeneira.gal\\\/#\\\/schema\\\/person\\\/f18a4feb302e8f20bcef4490b5b60bb3\"},\"headline\":\"Ir\u00e1n baixo lume demon\u00edaco\",\"datePublished\":\"2026-03-04T09:00:06+00:00\",\"mainEntityOfPage\":{\"@id\":\"https:\\\/\\\/www.anovapeneira.gal\\\/index.php\\\/2026\\\/03\\\/04\\\/iran-baixo-lume-demoniaco\\\/\"},\"wordCount\":1399,\"commentCount\":0,\"publisher\":{\"@id\":\"https:\\\/\\\/www.anovapeneira.gal\\\/#organization\"},\"image\":{\"@id\":\"https:\\\/\\\/www.anovapeneira.gal\\\/index.php\\\/2026\\\/03\\\/04\\\/iran-baixo-lume-demoniaco\\\/#primaryimage\"},\"thumbnailUrl\":\"https:\\\/\\\/www.anovapeneira.gal\\\/wp-content\\\/uploads\\\/2019\\\/07\\\/ARTIGO_DE_OPINION_A_NOVA_PENEIRA.jpg\",\"articleSection\":[\"Artigos de opini\u00f3n\",\"Sin categor\u00eda\"],\"inLanguage\":\"gl-ES\",\"potentialAction\":[{\"@type\":\"CommentAction\",\"name\":\"Comment\",\"target\":[\"https:\\\/\\\/www.anovapeneira.gal\\\/index.php\\\/2026\\\/03\\\/04\\\/iran-baixo-lume-demoniaco\\\/#respond\"]}]},{\"@type\":\"WebPage\",\"@id\":\"https:\\\/\\\/www.anovapeneira.gal\\\/index.php\\\/2026\\\/03\\\/04\\\/iran-baixo-lume-demoniaco\\\/\",\"url\":\"https:\\\/\\\/www.anovapeneira.gal\\\/index.php\\\/2026\\\/03\\\/04\\\/iran-baixo-lume-demoniaco\\\/\",\"name\":\"Ir\u00e1n baixo lume demon\u00edaco -\",\"isPartOf\":{\"@id\":\"https:\\\/\\\/www.anovapeneira.gal\\\/#website\"},\"primaryImageOfPage\":{\"@id\":\"https:\\\/\\\/www.anovapeneira.gal\\\/index.php\\\/2026\\\/03\\\/04\\\/iran-baixo-lume-demoniaco\\\/#primaryimage\"},\"image\":{\"@id\":\"https:\\\/\\\/www.anovapeneira.gal\\\/index.php\\\/2026\\\/03\\\/04\\\/iran-baixo-lume-demoniaco\\\/#primaryimage\"},\"thumbnailUrl\":\"https:\\\/\\\/www.anovapeneira.gal\\\/wp-content\\\/uploads\\\/2019\\\/07\\\/ARTIGO_DE_OPINION_A_NOVA_PENEIRA.jpg\",\"datePublished\":\"2026-03-04T09:00:06+00:00\",\"breadcrumb\":{\"@id\":\"https:\\\/\\\/www.anovapeneira.gal\\\/index.php\\\/2026\\\/03\\\/04\\\/iran-baixo-lume-demoniaco\\\/#breadcrumb\"},\"inLanguage\":\"gl-ES\",\"potentialAction\":[{\"@type\":\"ReadAction\",\"target\":[\"https:\\\/\\\/www.anovapeneira.gal\\\/index.php\\\/2026\\\/03\\\/04\\\/iran-baixo-lume-demoniaco\\\/\"]}]},{\"@type\":\"ImageObject\",\"inLanguage\":\"gl-ES\",\"@id\":\"https:\\\/\\\/www.anovapeneira.gal\\\/index.php\\\/2026\\\/03\\\/04\\\/iran-baixo-lume-demoniaco\\\/#primaryimage\",\"url\":\"https:\\\/\\\/www.anovapeneira.gal\\\/wp-content\\\/uploads\\\/2019\\\/07\\\/ARTIGO_DE_OPINION_A_NOVA_PENEIRA.jpg\",\"contentUrl\":\"https:\\\/\\\/www.anovapeneira.gal\\\/wp-content\\\/uploads\\\/2019\\\/07\\\/ARTIGO_DE_OPINION_A_NOVA_PENEIRA.jpg\",\"width\":720,\"height\":473,\"caption\":\"Artigo de opini\u00f3n A Nova Peneira\"},{\"@type\":\"BreadcrumbList\",\"@id\":\"https:\\\/\\\/www.anovapeneira.gal\\\/index.php\\\/2026\\\/03\\\/04\\\/iran-baixo-lume-demoniaco\\\/#breadcrumb\",\"itemListElement\":[{\"@type\":\"ListItem\",\"position\":1,\"name\":\"Portada\",\"item\":\"https:\\\/\\\/www.anovapeneira.gal\\\/\"},{\"@type\":\"ListItem\",\"position\":2,\"name\":\"Ir\u00e1n baixo lume demon\u00edaco\"}]},{\"@type\":\"WebSite\",\"@id\":\"https:\\\/\\\/www.anovapeneira.gal\\\/#website\",\"url\":\"https:\\\/\\\/www.anovapeneira.gal\\\/\",\"name\":\"\",\"description\":\"Xornal galego de informaci\u00f3n xeral Publicaci\u00f3n mensual de novas de Galicia e en especial dos Concellos da sur da provincia de Pontevedra.\",\"publisher\":{\"@id\":\"https:\\\/\\\/www.anovapeneira.gal\\\/#organization\"},\"potentialAction\":[{\"@type\":\"SearchAction\",\"target\":{\"@type\":\"EntryPoint\",\"urlTemplate\":\"https:\\\/\\\/www.anovapeneira.gal\\\/?s={search_term_string}\"},\"query-input\":{\"@type\":\"PropertyValueSpecification\",\"valueRequired\":true,\"valueName\":\"search_term_string\"}}],\"inLanguage\":\"gl-ES\"},{\"@type\":\"Organization\",\"@id\":\"https:\\\/\\\/www.anovapeneira.gal\\\/#organization\",\"name\":\"A Nova Peneira\",\"url\":\"https:\\\/\\\/www.anovapeneira.gal\\\/\",\"logo\":{\"@type\":\"ImageObject\",\"inLanguage\":\"gl-ES\",\"@id\":\"https:\\\/\\\/www.anovapeneira.gal\\\/#\\\/schema\\\/logo\\\/image\\\/\",\"url\":\"http:\\\/\\\/www.anovapeneira.gal\\\/wp-content\\\/uploads\\\/2019\\\/06\\\/logo_a_nova_peneira_portal_web.png\",\"contentUrl\":\"http:\\\/\\\/www.anovapeneira.gal\\\/wp-content\\\/uploads\\\/2019\\\/06\\\/logo_a_nova_peneira_portal_web.png\",\"width\":300,\"height\":100,\"caption\":\"A Nova Peneira\"},\"image\":{\"@id\":\"https:\\\/\\\/www.anovapeneira.gal\\\/#\\\/schema\\\/logo\\\/image\\\/\"},\"sameAs\":[\"https:\\\/\\\/www.facebook.com\\\/anovapeneira\",\"https:\\\/\\\/x.com\\\/APeneira\"]},{\"@type\":\"Person\",\"@id\":\"https:\\\/\\\/www.anovapeneira.gal\\\/#\\\/schema\\\/person\\\/f18a4feb302e8f20bcef4490b5b60bb3\",\"name\":\"Artigos Opini\u00f3n\",\"image\":{\"@type\":\"ImageObject\",\"inLanguage\":\"gl-ES\",\"@id\":\"https:\\\/\\\/secure.gravatar.com\\\/avatar\\\/072844300f4881150aee2da4278f7a65d16eefdf8262eb67085f1e702de2b959?s=96&d=mm&r=g\",\"url\":\"https:\\\/\\\/secure.gravatar.com\\\/avatar\\\/072844300f4881150aee2da4278f7a65d16eefdf8262eb67085f1e702de2b959?s=96&d=mm&r=g\",\"contentUrl\":\"https:\\\/\\\/secure.gravatar.com\\\/avatar\\\/072844300f4881150aee2da4278f7a65d16eefdf8262eb67085f1e702de2b959?s=96&d=mm&r=g\",\"caption\":\"Artigos Opini\u00f3n\"},\"sameAs\":[\"http:\\\/\\\/anovapeneira.gal\"],\"url\":\"https:\\\/\\\/www.anovapeneira.gal\\\/index.php\\\/author\\\/artigosopinion\\\/\"}]}<\/script>\n<!-- \/ Yoast SEO plugin. -->","yoast_head_json":{"title":"Ir\u00e1n baixo lume demon\u00edaco -","robots":{"index":"index","follow":"follow","max-snippet":"max-snippet:-1","max-image-preview":"max-image-preview:large","max-video-preview":"max-video-preview:-1"},"canonical":"https:\/\/www.anovapeneira.gal\/index.php\/2026\/03\/04\/iran-baixo-lume-demoniaco\/","og_locale":"gl_ES","og_type":"article","og_title":"Ir\u00e1n baixo lume demon\u00edaco -","og_description":"Ir\u00e1n volve situarse no epicentro do tremor xeopol\u00edtico tras o ataque coordinado de Estados Unidos e Israel contra o coraz\u00f3n do seu aparello estatal, [...]","og_url":"https:\/\/www.anovapeneira.gal\/index.php\/2026\/03\/04\/iran-baixo-lume-demoniaco\/","article_publisher":"https:\/\/www.facebook.com\/anovapeneira","article_published_time":"2026-03-04T09:00:06+00:00","og_image":[{"width":720,"height":473,"url":"https:\/\/www.anovapeneira.gal\/wp-content\/uploads\/2019\/07\/ARTIGO_DE_OPINION_A_NOVA_PENEIRA.jpg","type":"image\/jpeg"}],"author":"Artigos Opini\u00f3n","twitter_card":"summary_large_image","twitter_creator":"@APeneira","twitter_site":"@APeneira","twitter_misc":{"Escrito por":"Artigos Opini\u00f3n","Tempo de lectura":"8 minutos"},"schema":{"@context":"https:\/\/schema.org","@graph":[{"@type":"Article","@id":"https:\/\/www.anovapeneira.gal\/index.php\/2026\/03\/04\/iran-baixo-lume-demoniaco\/#article","isPartOf":{"@id":"https:\/\/www.anovapeneira.gal\/index.php\/2026\/03\/04\/iran-baixo-lume-demoniaco\/"},"author":{"name":"Artigos Opini\u00f3n","@id":"https:\/\/www.anovapeneira.gal\/#\/schema\/person\/f18a4feb302e8f20bcef4490b5b60bb3"},"headline":"Ir\u00e1n baixo lume demon\u00edaco","datePublished":"2026-03-04T09:00:06+00:00","mainEntityOfPage":{"@id":"https:\/\/www.anovapeneira.gal\/index.php\/2026\/03\/04\/iran-baixo-lume-demoniaco\/"},"wordCount":1399,"commentCount":0,"publisher":{"@id":"https:\/\/www.anovapeneira.gal\/#organization"},"image":{"@id":"https:\/\/www.anovapeneira.gal\/index.php\/2026\/03\/04\/iran-baixo-lume-demoniaco\/#primaryimage"},"thumbnailUrl":"https:\/\/www.anovapeneira.gal\/wp-content\/uploads\/2019\/07\/ARTIGO_DE_OPINION_A_NOVA_PENEIRA.jpg","articleSection":["Artigos de opini\u00f3n","Sin categor\u00eda"],"inLanguage":"gl-ES","potentialAction":[{"@type":"CommentAction","name":"Comment","target":["https:\/\/www.anovapeneira.gal\/index.php\/2026\/03\/04\/iran-baixo-lume-demoniaco\/#respond"]}]},{"@type":"WebPage","@id":"https:\/\/www.anovapeneira.gal\/index.php\/2026\/03\/04\/iran-baixo-lume-demoniaco\/","url":"https:\/\/www.anovapeneira.gal\/index.php\/2026\/03\/04\/iran-baixo-lume-demoniaco\/","name":"Ir\u00e1n baixo lume demon\u00edaco -","isPartOf":{"@id":"https:\/\/www.anovapeneira.gal\/#website"},"primaryImageOfPage":{"@id":"https:\/\/www.anovapeneira.gal\/index.php\/2026\/03\/04\/iran-baixo-lume-demoniaco\/#primaryimage"},"image":{"@id":"https:\/\/www.anovapeneira.gal\/index.php\/2026\/03\/04\/iran-baixo-lume-demoniaco\/#primaryimage"},"thumbnailUrl":"https:\/\/www.anovapeneira.gal\/wp-content\/uploads\/2019\/07\/ARTIGO_DE_OPINION_A_NOVA_PENEIRA.jpg","datePublished":"2026-03-04T09:00:06+00:00","breadcrumb":{"@id":"https:\/\/www.anovapeneira.gal\/index.php\/2026\/03\/04\/iran-baixo-lume-demoniaco\/#breadcrumb"},"inLanguage":"gl-ES","potentialAction":[{"@type":"ReadAction","target":["https:\/\/www.anovapeneira.gal\/index.php\/2026\/03\/04\/iran-baixo-lume-demoniaco\/"]}]},{"@type":"ImageObject","inLanguage":"gl-ES","@id":"https:\/\/www.anovapeneira.gal\/index.php\/2026\/03\/04\/iran-baixo-lume-demoniaco\/#primaryimage","url":"https:\/\/www.anovapeneira.gal\/wp-content\/uploads\/2019\/07\/ARTIGO_DE_OPINION_A_NOVA_PENEIRA.jpg","contentUrl":"https:\/\/www.anovapeneira.gal\/wp-content\/uploads\/2019\/07\/ARTIGO_DE_OPINION_A_NOVA_PENEIRA.jpg","width":720,"height":473,"caption":"Artigo de opini\u00f3n A Nova Peneira"},{"@type":"BreadcrumbList","@id":"https:\/\/www.anovapeneira.gal\/index.php\/2026\/03\/04\/iran-baixo-lume-demoniaco\/#breadcrumb","itemListElement":[{"@type":"ListItem","position":1,"name":"Portada","item":"https:\/\/www.anovapeneira.gal\/"},{"@type":"ListItem","position":2,"name":"Ir\u00e1n baixo lume demon\u00edaco"}]},{"@type":"WebSite","@id":"https:\/\/www.anovapeneira.gal\/#website","url":"https:\/\/www.anovapeneira.gal\/","name":"","description":"Xornal galego de informaci\u00f3n xeral Publicaci\u00f3n mensual de novas de Galicia e en especial dos Concellos da sur da provincia de Pontevedra.","publisher":{"@id":"https:\/\/www.anovapeneira.gal\/#organization"},"potentialAction":[{"@type":"SearchAction","target":{"@type":"EntryPoint","urlTemplate":"https:\/\/www.anovapeneira.gal\/?s={search_term_string}"},"query-input":{"@type":"PropertyValueSpecification","valueRequired":true,"valueName":"search_term_string"}}],"inLanguage":"gl-ES"},{"@type":"Organization","@id":"https:\/\/www.anovapeneira.gal\/#organization","name":"A Nova Peneira","url":"https:\/\/www.anovapeneira.gal\/","logo":{"@type":"ImageObject","inLanguage":"gl-ES","@id":"https:\/\/www.anovapeneira.gal\/#\/schema\/logo\/image\/","url":"http:\/\/www.anovapeneira.gal\/wp-content\/uploads\/2019\/06\/logo_a_nova_peneira_portal_web.png","contentUrl":"http:\/\/www.anovapeneira.gal\/wp-content\/uploads\/2019\/06\/logo_a_nova_peneira_portal_web.png","width":300,"height":100,"caption":"A Nova Peneira"},"image":{"@id":"https:\/\/www.anovapeneira.gal\/#\/schema\/logo\/image\/"},"sameAs":["https:\/\/www.facebook.com\/anovapeneira","https:\/\/x.com\/APeneira"]},{"@type":"Person","@id":"https:\/\/www.anovapeneira.gal\/#\/schema\/person\/f18a4feb302e8f20bcef4490b5b60bb3","name":"Artigos Opini\u00f3n","image":{"@type":"ImageObject","inLanguage":"gl-ES","@id":"https:\/\/secure.gravatar.com\/avatar\/072844300f4881150aee2da4278f7a65d16eefdf8262eb67085f1e702de2b959?s=96&d=mm&r=g","url":"https:\/\/secure.gravatar.com\/avatar\/072844300f4881150aee2da4278f7a65d16eefdf8262eb67085f1e702de2b959?s=96&d=mm&r=g","contentUrl":"https:\/\/secure.gravatar.com\/avatar\/072844300f4881150aee2da4278f7a65d16eefdf8262eb67085f1e702de2b959?s=96&d=mm&r=g","caption":"Artigos Opini\u00f3n"},"sameAs":["http:\/\/anovapeneira.gal"],"url":"https:\/\/www.anovapeneira.gal\/index.php\/author\/artigosopinion\/"}]}},"jetpack_featured_media_url":"https:\/\/www.anovapeneira.gal\/wp-content\/uploads\/2019\/07\/ARTIGO_DE_OPINION_A_NOVA_PENEIRA.jpg","_links":{"self":[{"href":"https:\/\/www.anovapeneira.gal\/index.php\/wp-json\/wp\/v2\/posts\/15428","targetHints":{"allow":["GET"]}}],"collection":[{"href":"https:\/\/www.anovapeneira.gal\/index.php\/wp-json\/wp\/v2\/posts"}],"about":[{"href":"https:\/\/www.anovapeneira.gal\/index.php\/wp-json\/wp\/v2\/types\/post"}],"author":[{"embeddable":true,"href":"https:\/\/www.anovapeneira.gal\/index.php\/wp-json\/wp\/v2\/users\/12"}],"replies":[{"embeddable":true,"href":"https:\/\/www.anovapeneira.gal\/index.php\/wp-json\/wp\/v2\/comments?post=15428"}],"version-history":[{"count":2,"href":"https:\/\/www.anovapeneira.gal\/index.php\/wp-json\/wp\/v2\/posts\/15428\/revisions"}],"predecessor-version":[{"id":15430,"href":"https:\/\/www.anovapeneira.gal\/index.php\/wp-json\/wp\/v2\/posts\/15428\/revisions\/15430"}],"wp:featuredmedia":[{"embeddable":true,"href":"https:\/\/www.anovapeneira.gal\/index.php\/wp-json\/wp\/v2\/media\/584"}],"wp:attachment":[{"href":"https:\/\/www.anovapeneira.gal\/index.php\/wp-json\/wp\/v2\/media?parent=15428"}],"wp:term":[{"taxonomy":"category","embeddable":true,"href":"https:\/\/www.anovapeneira.gal\/index.php\/wp-json\/wp\/v2\/categories?post=15428"},{"taxonomy":"post_tag","embeddable":true,"href":"https:\/\/www.anovapeneira.gal\/index.php\/wp-json\/wp\/v2\/tags?post=15428"}],"curies":[{"name":"wp","href":"https:\/\/api.w.org\/{rel}","templated":true}]}}