{"id":15431,"date":"2026-03-05T10:00:24","date_gmt":"2026-03-05T09:00:24","guid":{"rendered":"https:\/\/www.anovapeneira.gal\/?p=15431"},"modified":"2026-03-05T13:53:47","modified_gmt":"2026-03-05T12:53:47","slug":"complexo-hospitalario-universitario-alberto-quiron","status":"publish","type":"post","link":"https:\/\/www.anovapeneira.gal\/index.php\/2026\/03\/05\/complexo-hospitalario-universitario-alberto-quiron\/","title":{"rendered":"Complexo hospitalario universitario Alberto Quir\u00f3n"},"content":{"rendered":"\n<figure class=\"wp-block-image size-full is-resized\"><img loading=\"lazy\" decoding=\"async\" width=\"190\" height=\"222\" src=\"https:\/\/www.anovapeneira.gal\/wp-content\/uploads\/2020\/03\/mestre_ceip_salvaterra_a_nova_peneira.jpg\" alt=\"Xo\u00e1n Carlos Caballero\" class=\"wp-image-2693\" style=\"aspect-ratio:0.8558670175544587;width:81px;height:auto\"\/><figcaption class=\"wp-element-caption\">Xo\u00e1n Carlos Caballero<br>&#8211; Mestre no CEIP de Salvaterra<\/figcaption><\/figure>\n\n\n\n<p>Durante a pandemia, no ambiente das coci\u00f1as de Madrid \u2014cidade dist\u00f3pica que, segundo Ayuso, \u201c\u00e9 Espa\u00f1a dentro de Espa\u00f1a e que non \u00e9 de ningu\u00e9n porque \u00e9 de todos\u201d\u2014, abraz\u00e1banse con agarimo os \u00e1cidos asc\u00f3rbico, ac\u00e9tico e tart\u00e1rico cos xelificantes e estabilizantes. Bailaban voluptuosamente o glutamato monos\u00f3dico e o \u00e1cido s\u00f3rbico cando se mesturaban cos correctores de sabor, metabisulfitos e nitratos pot\u00e1sicos. Co calor dos fog\u00f3ns levitaban de fritideiras e cazolas formando unha nebulosa que flotaba no ar ata que os diferentes ingredientes dos alimentos precoci\u00f1ados estalagtitiz\u00e1banse no teito.<br>Polo peso dos espesantes, as formaci\u00f3ns graxentas remataban caendo ao chan para converterse nunha p\u00e1tina sobre a que os membros das familias aprenderon a dar primeiros pasos de bailes de sal\u00f3n. As pingueiras que ca\u00edan detr\u00e1s do frigor\u00edfico e resto de mobiliario estalagmitiz\u00e1banse durante a noite ata que, unha vez chegado o d\u00eda, licu\u00e1banse e, devagar, \u00edan sobresa\u00edndo por debaixo dos mesmos para formar un charco xelatinoso ao seu redor.<br>Os fogares aliment\u00e1banse de comida ultraprocesada, o que lles incrementaba o apetito de forma artificial. Comezaban a comer e coll\u00edan o rastro dos potenciadores de sabor, que anulaban a sensaci\u00f3n de saciedade, e non paraban ata ter o est\u00f3mago a rebentar.<br>Os contedores rebordaban latas de conservas, botellas de refrescos, caixas engraxadas de kebabs, pizzas e hamburguesas, sobres de ketchup e maionesa, envoltorios de boler\u00eda industrial e restos de patacas fritidas.<br>Daquela, na prensa tivera moito impacto a noticia de que, nun microapartamento, a unha familia que com\u00eda callos enlatados deulles un subid\u00f3n de azucre en sangue, e euf\u00f3ricos, empezaron a rir sen parar. De s\u00fabito, un fillo comezou a po\u00f1erse morado. Os pais pensaron que era produto da risa. As pupilas dilat\u00e1ronse, as p\u00e1lpebras pech\u00e1ronselle, respiraba con dificultade e finalmente caeu ao chan logo de perder o co\u00f1ecemento.<br>A fume de carozo lev\u00e1rono ao hospital. Tras varias probas, descubriron unha trombose arterial, producida pola inxesta continuada de alimentos ins\u00e1ns. As graxas trans consumidas durante tantos meses atascaran as s\u00faas arterias polas que xa s\u00f3 corr\u00eda chapapote. O seu estado cl\u00ednico non tardou en empeorar. As pernas infect\u00e1ronselle de gangrena e, para salvar a s\u00faa vida, non houbo m\u00e1is remedio que amputarllas.<br>Se isto non fose pouco, a situaci\u00f3n complicouse a\u00ednda m\u00e1is cando o postoperatorio comezou a prolongarse e, dende o Complexo Hospitalario Universitario Alberto Quir\u00f3n \u2014as\u00ed chamado na honra dun gran fil\u00e1ntropo e benefactor cuxa xenerosidade deixou pegada na sociedade madrile\u00f1a\u2014, comunic\u00e1ronlle que se lle esgotara o cr\u00e9dito. Non leran a letra pequena do seguro m\u00e9dico antes de asinalo. Xa deixaran de ser rendibles e, a partir de a\u00ed, a ru\u00edna vital converteuse tam\u00e9n en econ\u00f3mica. A Sanidade P\u00fablica tivo que facerse cargo da convalecencia e non tardaron en descubrir que a gangrena da perna puido terse evitado se non houbesen reutilizado material cl\u00ednico para aforrar custes.<br>Unha vez rematado o confinamento, fronte ao Complexo Hospitalario, un Maserati det\u00edvose na gasolineira da esquina.<br>\u2014Encha o dep\u00f3sito \u2014ordenou o condutor sen baixar a xanela tras decatarse de que a m\u00e1scara que levaba o empregado era das que el mesmo puxera no mercado.<br>Negocio redondo para pechar o c\u00edrculo.<\/p>\n","protected":false},"excerpt":{"rendered":"<div class=\"mh-excerpt\"><p>Durante a pandemia, no ambiente das coci\u00f1as de Madrid \u2014cidade dist\u00f3pica que, segundo Ayuso, \u201c\u00e9 Espa\u00f1a dentro de Espa\u00f1a e que non \u00e9 de ningu\u00e9n porque \u00e9 de todos\u201d <a class=\"mh-excerpt-more\" href=\"https:\/\/www.anovapeneira.gal\/index.php\/2026\/03\/05\/complexo-hospitalario-universitario-alberto-quiron\/\" title=\"Complexo hospitalario universitario Alberto Quir\u00f3n\">[&#8230;]<\/a><\/p>\n<\/div>","protected":false},"author":22,"featured_media":0,"comment_status":"open","ping_status":"open","sticky":false,"template":"","format":"standard","meta":{"_exactmetrics_skip_tracking":false,"_exactmetrics_sitenote_active":false,"_exactmetrics_sitenote_note":"","_exactmetrics_sitenote_category":0,"footnotes":""},"categories":[7,1],"tags":[],"class_list":{"0":"post-15431","1":"post","2":"type-post","3":"status-publish","4":"format-standard","6":"category-artigos-de-opinion","7":"category-sin-categoria"},"yoast_head":"<!-- This site is optimized with the Yoast SEO plugin v27.4 - https:\/\/yoast.com\/product\/yoast-seo-wordpress\/ -->\n<title>Complexo hospitalario universitario Alberto Quir\u00f3n -<\/title>\n<meta name=\"robots\" content=\"index, follow, max-snippet:-1, max-image-preview:large, max-video-preview:-1\" \/>\n<link rel=\"canonical\" href=\"https:\/\/www.anovapeneira.gal\/index.php\/2026\/03\/05\/complexo-hospitalario-universitario-alberto-quiron\/\" \/>\n<meta property=\"og:locale\" content=\"gl_ES\" \/>\n<meta property=\"og:type\" content=\"article\" \/>\n<meta property=\"og:title\" content=\"Complexo hospitalario universitario Alberto Quir\u00f3n -\" \/>\n<meta property=\"og:description\" content=\"Durante a pandemia, no ambiente das coci\u00f1as de Madrid \u2014cidade dist\u00f3pica que, segundo Ayuso, \u201c\u00e9 Espa\u00f1a dentro de Espa\u00f1a e que non \u00e9 de ningu\u00e9n porque \u00e9 de todos\u201d [...]\" \/>\n<meta property=\"og:url\" content=\"https:\/\/www.anovapeneira.gal\/index.php\/2026\/03\/05\/complexo-hospitalario-universitario-alberto-quiron\/\" \/>\n<meta property=\"article:publisher\" content=\"https:\/\/www.facebook.com\/anovapeneira\" \/>\n<meta property=\"article:published_time\" content=\"2026-03-05T09:00:24+00:00\" \/>\n<meta property=\"article:modified_time\" content=\"2026-03-05T12:53:47+00:00\" \/>\n<meta property=\"og:image\" content=\"https:\/\/www.anovapeneira.gal\/wp-content\/uploads\/2020\/03\/mestre_ceip_salvaterra_a_nova_peneira.jpg\" \/>\n\t<meta property=\"og:image:width\" content=\"190\" \/>\n\t<meta property=\"og:image:height\" content=\"222\" \/>\n\t<meta property=\"og:image:type\" content=\"image\/jpeg\" \/>\n<meta name=\"author\" content=\"Xo\u00e1n Carlos Caballero\" \/>\n<meta name=\"twitter:card\" content=\"summary_large_image\" \/>\n<meta name=\"twitter:creator\" content=\"@APeneira\" \/>\n<meta name=\"twitter:site\" content=\"@APeneira\" \/>\n<meta name=\"twitter:label1\" content=\"Escrito por\" \/>\n\t<meta name=\"twitter:data1\" content=\"Xo\u00e1n Carlos Caballero\" \/>\n\t<meta name=\"twitter:label2\" content=\"Tempo de lectura\" \/>\n\t<meta name=\"twitter:data2\" content=\"3 minutos\" \/>\n<script type=\"application\/ld+json\" class=\"yoast-schema-graph\">{\"@context\":\"https:\\\/\\\/schema.org\",\"@graph\":[{\"@type\":\"Article\",\"@id\":\"https:\\\/\\\/www.anovapeneira.gal\\\/index.php\\\/2026\\\/03\\\/05\\\/complexo-hospitalario-universitario-alberto-quiron\\\/#article\",\"isPartOf\":{\"@id\":\"https:\\\/\\\/www.anovapeneira.gal\\\/index.php\\\/2026\\\/03\\\/05\\\/complexo-hospitalario-universitario-alberto-quiron\\\/\"},\"author\":{\"name\":\"Xo\u00e1n Carlos Caballero\",\"@id\":\"https:\\\/\\\/www.anovapeneira.gal\\\/#\\\/schema\\\/person\\\/1b50ea4c70279e2639668c02bf1674e5\"},\"headline\":\"Complexo hospitalario universitario Alberto Quir\u00f3n\",\"datePublished\":\"2026-03-05T09:00:24+00:00\",\"dateModified\":\"2026-03-05T12:53:47+00:00\",\"mainEntityOfPage\":{\"@id\":\"https:\\\/\\\/www.anovapeneira.gal\\\/index.php\\\/2026\\\/03\\\/05\\\/complexo-hospitalario-universitario-alberto-quiron\\\/\"},\"wordCount\":594,\"commentCount\":0,\"publisher\":{\"@id\":\"https:\\\/\\\/www.anovapeneira.gal\\\/#organization\"},\"image\":{\"@id\":\"https:\\\/\\\/www.anovapeneira.gal\\\/index.php\\\/2026\\\/03\\\/05\\\/complexo-hospitalario-universitario-alberto-quiron\\\/#primaryimage\"},\"thumbnailUrl\":\"https:\\\/\\\/www.anovapeneira.gal\\\/wp-content\\\/uploads\\\/2020\\\/03\\\/mestre_ceip_salvaterra_a_nova_peneira.jpg\",\"articleSection\":[\"Artigos de opini\u00f3n\",\"Sin categor\u00eda\"],\"inLanguage\":\"gl-ES\",\"potentialAction\":[{\"@type\":\"CommentAction\",\"name\":\"Comment\",\"target\":[\"https:\\\/\\\/www.anovapeneira.gal\\\/index.php\\\/2026\\\/03\\\/05\\\/complexo-hospitalario-universitario-alberto-quiron\\\/#respond\"]}]},{\"@type\":\"WebPage\",\"@id\":\"https:\\\/\\\/www.anovapeneira.gal\\\/index.php\\\/2026\\\/03\\\/05\\\/complexo-hospitalario-universitario-alberto-quiron\\\/\",\"url\":\"https:\\\/\\\/www.anovapeneira.gal\\\/index.php\\\/2026\\\/03\\\/05\\\/complexo-hospitalario-universitario-alberto-quiron\\\/\",\"name\":\"Complexo hospitalario universitario Alberto Quir\u00f3n -\",\"isPartOf\":{\"@id\":\"https:\\\/\\\/www.anovapeneira.gal\\\/#website\"},\"primaryImageOfPage\":{\"@id\":\"https:\\\/\\\/www.anovapeneira.gal\\\/index.php\\\/2026\\\/03\\\/05\\\/complexo-hospitalario-universitario-alberto-quiron\\\/#primaryimage\"},\"image\":{\"@id\":\"https:\\\/\\\/www.anovapeneira.gal\\\/index.php\\\/2026\\\/03\\\/05\\\/complexo-hospitalario-universitario-alberto-quiron\\\/#primaryimage\"},\"thumbnailUrl\":\"https:\\\/\\\/www.anovapeneira.gal\\\/wp-content\\\/uploads\\\/2020\\\/03\\\/mestre_ceip_salvaterra_a_nova_peneira.jpg\",\"datePublished\":\"2026-03-05T09:00:24+00:00\",\"dateModified\":\"2026-03-05T12:53:47+00:00\",\"breadcrumb\":{\"@id\":\"https:\\\/\\\/www.anovapeneira.gal\\\/index.php\\\/2026\\\/03\\\/05\\\/complexo-hospitalario-universitario-alberto-quiron\\\/#breadcrumb\"},\"inLanguage\":\"gl-ES\",\"potentialAction\":[{\"@type\":\"ReadAction\",\"target\":[\"https:\\\/\\\/www.anovapeneira.gal\\\/index.php\\\/2026\\\/03\\\/05\\\/complexo-hospitalario-universitario-alberto-quiron\\\/\"]}]},{\"@type\":\"ImageObject\",\"inLanguage\":\"gl-ES\",\"@id\":\"https:\\\/\\\/www.anovapeneira.gal\\\/index.php\\\/2026\\\/03\\\/05\\\/complexo-hospitalario-universitario-alberto-quiron\\\/#primaryimage\",\"url\":\"https:\\\/\\\/www.anovapeneira.gal\\\/wp-content\\\/uploads\\\/2020\\\/03\\\/mestre_ceip_salvaterra_a_nova_peneira.jpg\",\"contentUrl\":\"https:\\\/\\\/www.anovapeneira.gal\\\/wp-content\\\/uploads\\\/2020\\\/03\\\/mestre_ceip_salvaterra_a_nova_peneira.jpg\",\"width\":190,\"height\":222,\"caption\":\"Xo\u00e1n Carlos Caballero - Mestre no CEIP de Salvaterra\"},{\"@type\":\"BreadcrumbList\",\"@id\":\"https:\\\/\\\/www.anovapeneira.gal\\\/index.php\\\/2026\\\/03\\\/05\\\/complexo-hospitalario-universitario-alberto-quiron\\\/#breadcrumb\",\"itemListElement\":[{\"@type\":\"ListItem\",\"position\":1,\"name\":\"Portada\",\"item\":\"https:\\\/\\\/www.anovapeneira.gal\\\/\"},{\"@type\":\"ListItem\",\"position\":2,\"name\":\"Complexo hospitalario universitario Alberto Quir\u00f3n\"}]},{\"@type\":\"WebSite\",\"@id\":\"https:\\\/\\\/www.anovapeneira.gal\\\/#website\",\"url\":\"https:\\\/\\\/www.anovapeneira.gal\\\/\",\"name\":\"\",\"description\":\"Xornal galego de informaci\u00f3n xeral Publicaci\u00f3n mensual de novas de Galicia e en especial dos Concellos da sur da provincia de Pontevedra.\",\"publisher\":{\"@id\":\"https:\\\/\\\/www.anovapeneira.gal\\\/#organization\"},\"potentialAction\":[{\"@type\":\"SearchAction\",\"target\":{\"@type\":\"EntryPoint\",\"urlTemplate\":\"https:\\\/\\\/www.anovapeneira.gal\\\/?s={search_term_string}\"},\"query-input\":{\"@type\":\"PropertyValueSpecification\",\"valueRequired\":true,\"valueName\":\"search_term_string\"}}],\"inLanguage\":\"gl-ES\"},{\"@type\":\"Organization\",\"@id\":\"https:\\\/\\\/www.anovapeneira.gal\\\/#organization\",\"name\":\"A Nova Peneira\",\"url\":\"https:\\\/\\\/www.anovapeneira.gal\\\/\",\"logo\":{\"@type\":\"ImageObject\",\"inLanguage\":\"gl-ES\",\"@id\":\"https:\\\/\\\/www.anovapeneira.gal\\\/#\\\/schema\\\/logo\\\/image\\\/\",\"url\":\"http:\\\/\\\/www.anovapeneira.gal\\\/wp-content\\\/uploads\\\/2019\\\/06\\\/logo_a_nova_peneira_portal_web.png\",\"contentUrl\":\"http:\\\/\\\/www.anovapeneira.gal\\\/wp-content\\\/uploads\\\/2019\\\/06\\\/logo_a_nova_peneira_portal_web.png\",\"width\":300,\"height\":100,\"caption\":\"A Nova Peneira\"},\"image\":{\"@id\":\"https:\\\/\\\/www.anovapeneira.gal\\\/#\\\/schema\\\/logo\\\/image\\\/\"},\"sameAs\":[\"https:\\\/\\\/www.facebook.com\\\/anovapeneira\",\"https:\\\/\\\/x.com\\\/APeneira\"]},{\"@type\":\"Person\",\"@id\":\"https:\\\/\\\/www.anovapeneira.gal\\\/#\\\/schema\\\/person\\\/1b50ea4c70279e2639668c02bf1674e5\",\"name\":\"Xo\u00e1n Carlos Caballero\",\"image\":{\"@type\":\"ImageObject\",\"inLanguage\":\"gl-ES\",\"@id\":\"https:\\\/\\\/secure.gravatar.com\\\/avatar\\\/3527a74f68662d57f3183bf223473824f80a9c34a28b750bb59badaf22fb2f38?s=96&d=mm&r=g\",\"url\":\"https:\\\/\\\/secure.gravatar.com\\\/avatar\\\/3527a74f68662d57f3183bf223473824f80a9c34a28b750bb59badaf22fb2f38?s=96&d=mm&r=g\",\"contentUrl\":\"https:\\\/\\\/secure.gravatar.com\\\/avatar\\\/3527a74f68662d57f3183bf223473824f80a9c34a28b750bb59badaf22fb2f38?s=96&d=mm&r=g\",\"caption\":\"Xo\u00e1n Carlos Caballero\"},\"sameAs\":[\"http:\\\/\\\/anovapeneira.gal\"],\"url\":\"https:\\\/\\\/www.anovapeneira.gal\\\/index.php\\\/author\\\/xoan-carlos-caballero\\\/\"}]}<\/script>\n<!-- \/ Yoast SEO plugin. -->","yoast_head_json":{"title":"Complexo hospitalario universitario Alberto Quir\u00f3n -","robots":{"index":"index","follow":"follow","max-snippet":"max-snippet:-1","max-image-preview":"max-image-preview:large","max-video-preview":"max-video-preview:-1"},"canonical":"https:\/\/www.anovapeneira.gal\/index.php\/2026\/03\/05\/complexo-hospitalario-universitario-alberto-quiron\/","og_locale":"gl_ES","og_type":"article","og_title":"Complexo hospitalario universitario Alberto Quir\u00f3n -","og_description":"Durante a pandemia, no ambiente das coci\u00f1as de Madrid \u2014cidade dist\u00f3pica que, segundo Ayuso, \u201c\u00e9 Espa\u00f1a dentro de Espa\u00f1a e que non \u00e9 de ningu\u00e9n porque \u00e9 de todos\u201d [...]","og_url":"https:\/\/www.anovapeneira.gal\/index.php\/2026\/03\/05\/complexo-hospitalario-universitario-alberto-quiron\/","article_publisher":"https:\/\/www.facebook.com\/anovapeneira","article_published_time":"2026-03-05T09:00:24+00:00","article_modified_time":"2026-03-05T12:53:47+00:00","og_image":[{"width":190,"height":222,"url":"https:\/\/www.anovapeneira.gal\/wp-content\/uploads\/2020\/03\/mestre_ceip_salvaterra_a_nova_peneira.jpg","type":"image\/jpeg"}],"author":"Xo\u00e1n Carlos Caballero","twitter_card":"summary_large_image","twitter_creator":"@APeneira","twitter_site":"@APeneira","twitter_misc":{"Escrito por":"Xo\u00e1n Carlos Caballero","Tempo de lectura":"3 minutos"},"schema":{"@context":"https:\/\/schema.org","@graph":[{"@type":"Article","@id":"https:\/\/www.anovapeneira.gal\/index.php\/2026\/03\/05\/complexo-hospitalario-universitario-alberto-quiron\/#article","isPartOf":{"@id":"https:\/\/www.anovapeneira.gal\/index.php\/2026\/03\/05\/complexo-hospitalario-universitario-alberto-quiron\/"},"author":{"name":"Xo\u00e1n Carlos Caballero","@id":"https:\/\/www.anovapeneira.gal\/#\/schema\/person\/1b50ea4c70279e2639668c02bf1674e5"},"headline":"Complexo hospitalario universitario Alberto Quir\u00f3n","datePublished":"2026-03-05T09:00:24+00:00","dateModified":"2026-03-05T12:53:47+00:00","mainEntityOfPage":{"@id":"https:\/\/www.anovapeneira.gal\/index.php\/2026\/03\/05\/complexo-hospitalario-universitario-alberto-quiron\/"},"wordCount":594,"commentCount":0,"publisher":{"@id":"https:\/\/www.anovapeneira.gal\/#organization"},"image":{"@id":"https:\/\/www.anovapeneira.gal\/index.php\/2026\/03\/05\/complexo-hospitalario-universitario-alberto-quiron\/#primaryimage"},"thumbnailUrl":"https:\/\/www.anovapeneira.gal\/wp-content\/uploads\/2020\/03\/mestre_ceip_salvaterra_a_nova_peneira.jpg","articleSection":["Artigos de opini\u00f3n","Sin categor\u00eda"],"inLanguage":"gl-ES","potentialAction":[{"@type":"CommentAction","name":"Comment","target":["https:\/\/www.anovapeneira.gal\/index.php\/2026\/03\/05\/complexo-hospitalario-universitario-alberto-quiron\/#respond"]}]},{"@type":"WebPage","@id":"https:\/\/www.anovapeneira.gal\/index.php\/2026\/03\/05\/complexo-hospitalario-universitario-alberto-quiron\/","url":"https:\/\/www.anovapeneira.gal\/index.php\/2026\/03\/05\/complexo-hospitalario-universitario-alberto-quiron\/","name":"Complexo hospitalario universitario Alberto Quir\u00f3n -","isPartOf":{"@id":"https:\/\/www.anovapeneira.gal\/#website"},"primaryImageOfPage":{"@id":"https:\/\/www.anovapeneira.gal\/index.php\/2026\/03\/05\/complexo-hospitalario-universitario-alberto-quiron\/#primaryimage"},"image":{"@id":"https:\/\/www.anovapeneira.gal\/index.php\/2026\/03\/05\/complexo-hospitalario-universitario-alberto-quiron\/#primaryimage"},"thumbnailUrl":"https:\/\/www.anovapeneira.gal\/wp-content\/uploads\/2020\/03\/mestre_ceip_salvaterra_a_nova_peneira.jpg","datePublished":"2026-03-05T09:00:24+00:00","dateModified":"2026-03-05T12:53:47+00:00","breadcrumb":{"@id":"https:\/\/www.anovapeneira.gal\/index.php\/2026\/03\/05\/complexo-hospitalario-universitario-alberto-quiron\/#breadcrumb"},"inLanguage":"gl-ES","potentialAction":[{"@type":"ReadAction","target":["https:\/\/www.anovapeneira.gal\/index.php\/2026\/03\/05\/complexo-hospitalario-universitario-alberto-quiron\/"]}]},{"@type":"ImageObject","inLanguage":"gl-ES","@id":"https:\/\/www.anovapeneira.gal\/index.php\/2026\/03\/05\/complexo-hospitalario-universitario-alberto-quiron\/#primaryimage","url":"https:\/\/www.anovapeneira.gal\/wp-content\/uploads\/2020\/03\/mestre_ceip_salvaterra_a_nova_peneira.jpg","contentUrl":"https:\/\/www.anovapeneira.gal\/wp-content\/uploads\/2020\/03\/mestre_ceip_salvaterra_a_nova_peneira.jpg","width":190,"height":222,"caption":"Xo\u00e1n Carlos Caballero - Mestre no CEIP de Salvaterra"},{"@type":"BreadcrumbList","@id":"https:\/\/www.anovapeneira.gal\/index.php\/2026\/03\/05\/complexo-hospitalario-universitario-alberto-quiron\/#breadcrumb","itemListElement":[{"@type":"ListItem","position":1,"name":"Portada","item":"https:\/\/www.anovapeneira.gal\/"},{"@type":"ListItem","position":2,"name":"Complexo hospitalario universitario Alberto Quir\u00f3n"}]},{"@type":"WebSite","@id":"https:\/\/www.anovapeneira.gal\/#website","url":"https:\/\/www.anovapeneira.gal\/","name":"","description":"Xornal galego de informaci\u00f3n xeral Publicaci\u00f3n mensual de novas de Galicia e en especial dos Concellos da sur da provincia de Pontevedra.","publisher":{"@id":"https:\/\/www.anovapeneira.gal\/#organization"},"potentialAction":[{"@type":"SearchAction","target":{"@type":"EntryPoint","urlTemplate":"https:\/\/www.anovapeneira.gal\/?s={search_term_string}"},"query-input":{"@type":"PropertyValueSpecification","valueRequired":true,"valueName":"search_term_string"}}],"inLanguage":"gl-ES"},{"@type":"Organization","@id":"https:\/\/www.anovapeneira.gal\/#organization","name":"A Nova Peneira","url":"https:\/\/www.anovapeneira.gal\/","logo":{"@type":"ImageObject","inLanguage":"gl-ES","@id":"https:\/\/www.anovapeneira.gal\/#\/schema\/logo\/image\/","url":"http:\/\/www.anovapeneira.gal\/wp-content\/uploads\/2019\/06\/logo_a_nova_peneira_portal_web.png","contentUrl":"http:\/\/www.anovapeneira.gal\/wp-content\/uploads\/2019\/06\/logo_a_nova_peneira_portal_web.png","width":300,"height":100,"caption":"A Nova Peneira"},"image":{"@id":"https:\/\/www.anovapeneira.gal\/#\/schema\/logo\/image\/"},"sameAs":["https:\/\/www.facebook.com\/anovapeneira","https:\/\/x.com\/APeneira"]},{"@type":"Person","@id":"https:\/\/www.anovapeneira.gal\/#\/schema\/person\/1b50ea4c70279e2639668c02bf1674e5","name":"Xo\u00e1n Carlos Caballero","image":{"@type":"ImageObject","inLanguage":"gl-ES","@id":"https:\/\/secure.gravatar.com\/avatar\/3527a74f68662d57f3183bf223473824f80a9c34a28b750bb59badaf22fb2f38?s=96&d=mm&r=g","url":"https:\/\/secure.gravatar.com\/avatar\/3527a74f68662d57f3183bf223473824f80a9c34a28b750bb59badaf22fb2f38?s=96&d=mm&r=g","contentUrl":"https:\/\/secure.gravatar.com\/avatar\/3527a74f68662d57f3183bf223473824f80a9c34a28b750bb59badaf22fb2f38?s=96&d=mm&r=g","caption":"Xo\u00e1n Carlos Caballero"},"sameAs":["http:\/\/anovapeneira.gal"],"url":"https:\/\/www.anovapeneira.gal\/index.php\/author\/xoan-carlos-caballero\/"}]}},"jetpack_featured_media_url":"","_links":{"self":[{"href":"https:\/\/www.anovapeneira.gal\/index.php\/wp-json\/wp\/v2\/posts\/15431","targetHints":{"allow":["GET"]}}],"collection":[{"href":"https:\/\/www.anovapeneira.gal\/index.php\/wp-json\/wp\/v2\/posts"}],"about":[{"href":"https:\/\/www.anovapeneira.gal\/index.php\/wp-json\/wp\/v2\/types\/post"}],"author":[{"embeddable":true,"href":"https:\/\/www.anovapeneira.gal\/index.php\/wp-json\/wp\/v2\/users\/22"}],"replies":[{"embeddable":true,"href":"https:\/\/www.anovapeneira.gal\/index.php\/wp-json\/wp\/v2\/comments?post=15431"}],"version-history":[{"count":1,"href":"https:\/\/www.anovapeneira.gal\/index.php\/wp-json\/wp\/v2\/posts\/15431\/revisions"}],"predecessor-version":[{"id":15432,"href":"https:\/\/www.anovapeneira.gal\/index.php\/wp-json\/wp\/v2\/posts\/15431\/revisions\/15432"}],"wp:attachment":[{"href":"https:\/\/www.anovapeneira.gal\/index.php\/wp-json\/wp\/v2\/media?parent=15431"}],"wp:term":[{"taxonomy":"category","embeddable":true,"href":"https:\/\/www.anovapeneira.gal\/index.php\/wp-json\/wp\/v2\/categories?post=15431"},{"taxonomy":"post_tag","embeddable":true,"href":"https:\/\/www.anovapeneira.gal\/index.php\/wp-json\/wp\/v2\/tags?post=15431"}],"curies":[{"name":"wp","href":"https:\/\/api.w.org\/{rel}","templated":true}]}}