{"id":15433,"date":"2026-03-05T12:00:59","date_gmt":"2026-03-05T11:00:59","guid":{"rendered":"https:\/\/www.anovapeneira.gal\/?p=15433"},"modified":"2026-03-03T16:42:45","modified_gmt":"2026-03-03T15:42:45","slug":"redondela-reivindica-a-voz-feminina-baixo-o-lema-palabra-de-muller-na-programacion-do-8m","status":"publish","type":"post","link":"https:\/\/www.anovapeneira.gal\/index.php\/2026\/03\/05\/redondela-reivindica-a-voz-feminina-baixo-o-lema-palabra-de-muller-na-programacion-do-8m\/","title":{"rendered":"Redondela reivindica a voz feminina baixo o lema &#8220;Palabra de muller&#8221; na programaci\u00f3n do 8M"},"content":{"rendered":"\n<p><strong>A programaci\u00f3nincl\u00fae xornadas de debate, mon\u00f3logos, conferencias e contacontos para visibilizar o papel das mulleres en todos os \u00e1mbitos sociais. As actividades contar\u00e1n coa participaci\u00f3n de figuras como as actrices Arantxa Treus, Jazm\u00edn Abu\u00edn eOlga Cuervo ou as xornalistas Carolina Sertal, Paula Montes e Claudia Mor\u00e1n.<\/strong><\/p>\n\n\n\n<p><strong>&#8211; A alcaldesa, <\/strong><strong>Digna Rivas, <\/strong><strong>destacou que &#8220;este ano queremos po\u00f1er o foco na palabra como ferramenta de transformaci\u00f3n e empoderamento&#8221;. <\/strong><strong>O Multi\u00fasos da Xunqueira acoller\u00e1 unha mostra colectiva dos centros de ensino, centros de d\u00eda e asociaci\u00f3ns redondel\u00e1s <\/strong><strong>sobre o que significa \u201cser muller hoxe\u201d<\/strong><strong>. <\/strong><strong>As s\u00faas \u201cpalabras\u201d ser\u00e1n <\/strong><strong>un s\u00edmbolo <\/strong><strong>para<\/strong><strong> visibili<\/strong><strong>zar<\/strong><strong> \u201ca diversidade, a loita e os avances cara \u00e1 igualdade\u201d, <\/strong><strong>sinala Iria Vilaboa<\/strong><strong>.<\/strong><\/p>\n\n\n\n<p><strong>Redondela, 28 de febreiro de 2026. <\/strong><\/p>\n\n\n\n<p>O Concello de Redondela reafirma o seu compromiso coa igualdade real coa presentaci\u00f3n da programaci\u00f3n institucional para conmemorar o 8 de Marzo, D\u00eda Internacional da Muller. Baixo o lema &#8220;Palabra de Muller&#8221;, a Conceller\u00eda de Igualdade dese\u00f1ou unha axenda transversal que busca dar voz e visibilidade \u00e1s mulleres nas letras, a ciencia, o activismo e as artes.<\/p>\n\n\n\n<p>No acto de presentaci\u00f3n participaron a alcaldesa, Digna Rivas, acompa\u00f1ada pola concelleira de Igualdade, Iria Vilaboa, e a concelleira de Cultura, Rita P\u00e9rez. Tam\u00e9n estiveron presentes algunhas das protagonistas desta edici\u00f3n: a actriz Arantxa Treus, a docente Almudena Su\u00e1rez, a pediatra Pilar Mart\u00ednez e a contacontos Olga Cuervo. A alcaldesa destacou que &#8220;este ano queremos po\u00f1er o foco na palabra como ferramenta de transformaci\u00f3n e empoderamento&#8221;, mentres que a concelleira Iria Vilaboa subli\u00f1ou a importancia das VI Xornadas Gemma Pereira Otero, que ser\u00e1n o eixo central de debate os venres 6 e 13 de marzo.<\/p>\n\n\n\n<p>O programa arranca o xoves 5 de marzo na Biblioteca Xela Arias de Chapela cunha conferencia sobre Rosal\u00eda de Castro e o feminismo a cargo deAnxo Angueira, doutor en Filolox\u00eda Galega e presidente da Fundaci\u00f3n Rosal\u00eda.<\/p>\n\n\n\n<p>As VI Xornadas Gemma Pereira Otero (Oficina de Turismo, 19:30 h) dividir\u00e1nse en d\u00faas mesas redondas: o 6 de marzo: &#8220;Mulleres de Letras&#8221;, coas xornalistas Carolina Sertal (Faro de Vigo), Paula Montes (RadioVigo)e Claudia Mor\u00e1n (N\u00f3s Diario, ga\u00f1adora do V Premio Ses\u00e9 Mateo); o 13 de marzo o faladoiro levar\u00e1 por t\u00edtulo: &#8220;Mulleres Invisibilizadas&#8221;, coas intervenci\u00f3ns de Pilar Mart\u00ednez (M\u00e9dica pediatra e fundadora da ONG Da Man), M\u00aa Jos\u00e9 Rodr\u00edguez (Xefa da Unidade de Violencia Contra a Muller da Subdelegaci\u00f3n do Goberno en Pontevedra), Enma Torres (decana da Facultade de Ciencias Sociais e da Comunicaci\u00f3n da Universidade de Vigo), eAlmudena Su\u00e1rez (Profesora no IES Mendi\u00f1o e primeira muller segrar autorizada pola Diocese de Tui-Vigo para dirixir a Celebraci\u00f3n da Palabra).<\/p>\n\n\n\n<p>O lecer e a reivindicaci\u00f3n daranse a man o domingo 8 de marzo no Multi\u00fasos da Xunqueira co mon\u00f3logo &#8220;Meigags&#8221;, protagonizado por Arantxa Treus e Jazm\u00edn Abu\u00edn.<\/p>\n\n\n\n<p>O luns 9 de marzo, ter\u00e1 lugar o acto institucional na Praza do Concello, onde a actriz redondel\u00e1 Olga Cuervo ser\u00e1 a encargada de ler a Declaraci\u00f3n Institucional.<\/p>\n\n\n\n<p>A programaci\u00f3n compl\u00e9tase coa inauguraci\u00f3n da exposici\u00f3n &#8220;Palabra de Muller&#8221; o 10 de marzo, coas mensaxes creadas por centros de ensino, centros de d\u00eda, colectivos e asociaci\u00f3ns redondel\u00e1s. Tr\u00e1tase de \u201cinvolucrar a todos e todas neste D\u00eda Internacional da Muller\u201d, como explica Iria Vilaboa, \u201cpor iso abrimos a mostra colectiva a toda a sociedade,para que escribana palabra que represente o que significa ser muller hoxe\u201d. O obxectivo \u00e9 dar voz \u00e1s mulleres e \u00e1s s\u00faas experiencias, \u201cconvertendo esa palabra nun s\u00edmbolo colectivo que visibilice a diversidade, a loita e os avances cara \u00e1 igualdade\u201d.<\/p>\n\n\n\n<p>A programaci\u00f3n incl\u00fae actividades dirixidas ao p\u00fablico infantil co contacontos &#8220;Elas tam\u00e9n contan&#8221;, que levar\u00e1 a Olga Cuervo ata Chapela o venres 20 de marzo.<\/p>\n\n\n\n<p>O Concello de Redondela convida a toda a veci\u00f1anza a participar nestes actos, todos con entrada de balde.Para m\u00e1is informaci\u00f3n, as persoas interesadas poden contactar a trav\u00e9s do correo igualdade@redondela.gal.<\/p>\n\n\n\n<figure class=\"wp-block-image size-large\"><img loading=\"lazy\" decoding=\"async\" width=\"732\" height=\"1024\" src=\"https:\/\/www.anovapeneira.gal\/wp-content\/uploads\/2026\/03\/8M.Cartel.Programacion.2026.IGUALDAD-A5-film_1_page-0002-732x1024.jpg\" alt=\"\" class=\"wp-image-15437\" srcset=\"https:\/\/www.anovapeneira.gal\/wp-content\/uploads\/2026\/03\/8M.Cartel.Programacion.2026.IGUALDAD-A5-film_1_page-0002-732x1024.jpg 732w, https:\/\/www.anovapeneira.gal\/wp-content\/uploads\/2026\/03\/8M.Cartel.Programacion.2026.IGUALDAD-A5-film_1_page-0002-214x300.jpg 214w, https:\/\/www.anovapeneira.gal\/wp-content\/uploads\/2026\/03\/8M.Cartel.Programacion.2026.IGUALDAD-A5-film_1_page-0002-768x1075.jpg 768w, https:\/\/www.anovapeneira.gal\/wp-content\/uploads\/2026\/03\/8M.Cartel.Programacion.2026.IGUALDAD-A5-film_1_page-0002.jpg 922w\" sizes=\"auto, (max-width: 732px) 100vw, 732px\" \/><\/figure>\n","protected":false},"excerpt":{"rendered":"<div class=\"mh-excerpt\"><p>A programaci\u00f3nincl\u00fae xornadas de debate, mon\u00f3logos, conferencias e contacontos para visibilizar o papel das mulleres en todos os \u00e1mbitos sociais <a class=\"mh-excerpt-more\" href=\"https:\/\/www.anovapeneira.gal\/index.php\/2026\/03\/05\/redondela-reivindica-a-voz-feminina-baixo-o-lema-palabra-de-muller-na-programacion-do-8m\/\" title=\"Redondela reivindica a voz feminina baixo o lema &#8220;Palabra de muller&#8221; na programaci\u00f3n do 8M\">[&#8230;]<\/a><\/p>\n<\/div>","protected":false},"author":3,"featured_media":15439,"comment_status":"open","ping_status":"open","sticky":false,"template":"","format":"standard","meta":{"_exactmetrics_skip_tracking":false,"_exactmetrics_sitenote_active":false,"_exactmetrics_sitenote_note":"","_exactmetrics_sitenote_category":0,"footnotes":""},"categories":[24],"tags":[171],"class_list":{"0":"post-15433","1":"post","2":"type-post","3":"status-publish","4":"format-standard","5":"has-post-thumbnail","7":"category-redondela","8":"tag-concello-de-redondela"},"yoast_head":"<!-- This site is optimized with the Yoast SEO plugin v27.4 - https:\/\/yoast.com\/product\/yoast-seo-wordpress\/ -->\n<title>Redondela reivindica a voz feminina baixo o lema &quot;Palabra de muller&quot; na programaci\u00f3n do 8M -<\/title>\n<meta name=\"robots\" content=\"index, follow, max-snippet:-1, max-image-preview:large, max-video-preview:-1\" \/>\n<link rel=\"canonical\" href=\"https:\/\/www.anovapeneira.gal\/index.php\/2026\/03\/05\/redondela-reivindica-a-voz-feminina-baixo-o-lema-palabra-de-muller-na-programacion-do-8m\/\" \/>\n<meta property=\"og:locale\" content=\"gl_ES\" \/>\n<meta property=\"og:type\" content=\"article\" \/>\n<meta property=\"og:title\" content=\"Redondela reivindica a voz feminina baixo o lema &quot;Palabra de muller&quot; na programaci\u00f3n do 8M -\" \/>\n<meta property=\"og:description\" content=\"A programaci\u00f3nincl\u00fae xornadas de debate, mon\u00f3logos, conferencias e contacontos para visibilizar o papel das mulleres en todos os \u00e1mbitos sociais [...]\" \/>\n<meta property=\"og:url\" content=\"https:\/\/www.anovapeneira.gal\/index.php\/2026\/03\/05\/redondela-reivindica-a-voz-feminina-baixo-o-lema-palabra-de-muller-na-programacion-do-8m\/\" \/>\n<meta property=\"article:publisher\" content=\"https:\/\/www.facebook.com\/anovapeneira\" \/>\n<meta property=\"article:published_time\" content=\"2026-03-05T11:00:59+00:00\" \/>\n<meta property=\"og:image\" content=\"https:\/\/www.anovapeneira.gal\/wp-content\/uploads\/2026\/03\/8M_redondela.jpg\" \/>\n\t<meta property=\"og:image:width\" content=\"894\" \/>\n\t<meta property=\"og:image:height\" content=\"537\" \/>\n\t<meta property=\"og:image:type\" content=\"image\/jpeg\" \/>\n<meta name=\"author\" content=\"Redacci\u00f3n A Nova Peneira\" \/>\n<meta name=\"twitter:card\" content=\"summary_large_image\" \/>\n<meta name=\"twitter:creator\" content=\"@APeneira\" \/>\n<meta name=\"twitter:site\" content=\"@APeneira\" \/>\n<meta name=\"twitter:label1\" content=\"Escrito por\" \/>\n\t<meta name=\"twitter:data1\" content=\"Redacci\u00f3n A Nova Peneira\" \/>\n\t<meta name=\"twitter:label2\" content=\"Tempo de lectura\" \/>\n\t<meta name=\"twitter:data2\" content=\"4 minutos\" \/>\n<script type=\"application\/ld+json\" class=\"yoast-schema-graph\">{\"@context\":\"https:\\\/\\\/schema.org\",\"@graph\":[{\"@type\":\"Article\",\"@id\":\"https:\\\/\\\/www.anovapeneira.gal\\\/index.php\\\/2026\\\/03\\\/05\\\/redondela-reivindica-a-voz-feminina-baixo-o-lema-palabra-de-muller-na-programacion-do-8m\\\/#article\",\"isPartOf\":{\"@id\":\"https:\\\/\\\/www.anovapeneira.gal\\\/index.php\\\/2026\\\/03\\\/05\\\/redondela-reivindica-a-voz-feminina-baixo-o-lema-palabra-de-muller-na-programacion-do-8m\\\/\"},\"author\":{\"name\":\"Redacci\u00f3n A Nova Peneira\",\"@id\":\"https:\\\/\\\/www.anovapeneira.gal\\\/#\\\/schema\\\/person\\\/b93e3f8932e3f8da96334607eb6ac6aa\"},\"headline\":\"Redondela reivindica a voz feminina baixo o lema &#8220;Palabra de muller&#8221; na programaci\u00f3n do 8M\",\"datePublished\":\"2026-03-05T11:00:59+00:00\",\"mainEntityOfPage\":{\"@id\":\"https:\\\/\\\/www.anovapeneira.gal\\\/index.php\\\/2026\\\/03\\\/05\\\/redondela-reivindica-a-voz-feminina-baixo-o-lema-palabra-de-muller-na-programacion-do-8m\\\/\"},\"wordCount\":714,\"commentCount\":0,\"publisher\":{\"@id\":\"https:\\\/\\\/www.anovapeneira.gal\\\/#organization\"},\"image\":{\"@id\":\"https:\\\/\\\/www.anovapeneira.gal\\\/index.php\\\/2026\\\/03\\\/05\\\/redondela-reivindica-a-voz-feminina-baixo-o-lema-palabra-de-muller-na-programacion-do-8m\\\/#primaryimage\"},\"thumbnailUrl\":\"https:\\\/\\\/www.anovapeneira.gal\\\/wp-content\\\/uploads\\\/2026\\\/03\\\/8M_redondela.jpg\",\"keywords\":[\"Concello de Redondela\"],\"articleSection\":[\"Redondela\"],\"inLanguage\":\"gl-ES\",\"potentialAction\":[{\"@type\":\"CommentAction\",\"name\":\"Comment\",\"target\":[\"https:\\\/\\\/www.anovapeneira.gal\\\/index.php\\\/2026\\\/03\\\/05\\\/redondela-reivindica-a-voz-feminina-baixo-o-lema-palabra-de-muller-na-programacion-do-8m\\\/#respond\"]}]},{\"@type\":\"WebPage\",\"@id\":\"https:\\\/\\\/www.anovapeneira.gal\\\/index.php\\\/2026\\\/03\\\/05\\\/redondela-reivindica-a-voz-feminina-baixo-o-lema-palabra-de-muller-na-programacion-do-8m\\\/\",\"url\":\"https:\\\/\\\/www.anovapeneira.gal\\\/index.php\\\/2026\\\/03\\\/05\\\/redondela-reivindica-a-voz-feminina-baixo-o-lema-palabra-de-muller-na-programacion-do-8m\\\/\",\"name\":\"Redondela reivindica a voz feminina baixo o lema \\\"Palabra de muller\\\" na programaci\u00f3n do 8M -\",\"isPartOf\":{\"@id\":\"https:\\\/\\\/www.anovapeneira.gal\\\/#website\"},\"primaryImageOfPage\":{\"@id\":\"https:\\\/\\\/www.anovapeneira.gal\\\/index.php\\\/2026\\\/03\\\/05\\\/redondela-reivindica-a-voz-feminina-baixo-o-lema-palabra-de-muller-na-programacion-do-8m\\\/#primaryimage\"},\"image\":{\"@id\":\"https:\\\/\\\/www.anovapeneira.gal\\\/index.php\\\/2026\\\/03\\\/05\\\/redondela-reivindica-a-voz-feminina-baixo-o-lema-palabra-de-muller-na-programacion-do-8m\\\/#primaryimage\"},\"thumbnailUrl\":\"https:\\\/\\\/www.anovapeneira.gal\\\/wp-content\\\/uploads\\\/2026\\\/03\\\/8M_redondela.jpg\",\"datePublished\":\"2026-03-05T11:00:59+00:00\",\"breadcrumb\":{\"@id\":\"https:\\\/\\\/www.anovapeneira.gal\\\/index.php\\\/2026\\\/03\\\/05\\\/redondela-reivindica-a-voz-feminina-baixo-o-lema-palabra-de-muller-na-programacion-do-8m\\\/#breadcrumb\"},\"inLanguage\":\"gl-ES\",\"potentialAction\":[{\"@type\":\"ReadAction\",\"target\":[\"https:\\\/\\\/www.anovapeneira.gal\\\/index.php\\\/2026\\\/03\\\/05\\\/redondela-reivindica-a-voz-feminina-baixo-o-lema-palabra-de-muller-na-programacion-do-8m\\\/\"]}]},{\"@type\":\"ImageObject\",\"inLanguage\":\"gl-ES\",\"@id\":\"https:\\\/\\\/www.anovapeneira.gal\\\/index.php\\\/2026\\\/03\\\/05\\\/redondela-reivindica-a-voz-feminina-baixo-o-lema-palabra-de-muller-na-programacion-do-8m\\\/#primaryimage\",\"url\":\"https:\\\/\\\/www.anovapeneira.gal\\\/wp-content\\\/uploads\\\/2026\\\/03\\\/8M_redondela.jpg\",\"contentUrl\":\"https:\\\/\\\/www.anovapeneira.gal\\\/wp-content\\\/uploads\\\/2026\\\/03\\\/8M_redondela.jpg\",\"width\":894,\"height\":537},{\"@type\":\"BreadcrumbList\",\"@id\":\"https:\\\/\\\/www.anovapeneira.gal\\\/index.php\\\/2026\\\/03\\\/05\\\/redondela-reivindica-a-voz-feminina-baixo-o-lema-palabra-de-muller-na-programacion-do-8m\\\/#breadcrumb\",\"itemListElement\":[{\"@type\":\"ListItem\",\"position\":1,\"name\":\"Portada\",\"item\":\"https:\\\/\\\/www.anovapeneira.gal\\\/\"},{\"@type\":\"ListItem\",\"position\":2,\"name\":\"Redondela reivindica a voz feminina baixo o lema &#8220;Palabra de muller&#8221; na programaci\u00f3n do 8M\"}]},{\"@type\":\"WebSite\",\"@id\":\"https:\\\/\\\/www.anovapeneira.gal\\\/#website\",\"url\":\"https:\\\/\\\/www.anovapeneira.gal\\\/\",\"name\":\"\",\"description\":\"Xornal galego de informaci\u00f3n xeral Publicaci\u00f3n mensual de novas de Galicia e en especial dos Concellos da sur da provincia de Pontevedra.\",\"publisher\":{\"@id\":\"https:\\\/\\\/www.anovapeneira.gal\\\/#organization\"},\"potentialAction\":[{\"@type\":\"SearchAction\",\"target\":{\"@type\":\"EntryPoint\",\"urlTemplate\":\"https:\\\/\\\/www.anovapeneira.gal\\\/?s={search_term_string}\"},\"query-input\":{\"@type\":\"PropertyValueSpecification\",\"valueRequired\":true,\"valueName\":\"search_term_string\"}}],\"inLanguage\":\"gl-ES\"},{\"@type\":\"Organization\",\"@id\":\"https:\\\/\\\/www.anovapeneira.gal\\\/#organization\",\"name\":\"A Nova Peneira\",\"url\":\"https:\\\/\\\/www.anovapeneira.gal\\\/\",\"logo\":{\"@type\":\"ImageObject\",\"inLanguage\":\"gl-ES\",\"@id\":\"https:\\\/\\\/www.anovapeneira.gal\\\/#\\\/schema\\\/logo\\\/image\\\/\",\"url\":\"http:\\\/\\\/www.anovapeneira.gal\\\/wp-content\\\/uploads\\\/2019\\\/06\\\/logo_a_nova_peneira_portal_web.png\",\"contentUrl\":\"http:\\\/\\\/www.anovapeneira.gal\\\/wp-content\\\/uploads\\\/2019\\\/06\\\/logo_a_nova_peneira_portal_web.png\",\"width\":300,\"height\":100,\"caption\":\"A Nova Peneira\"},\"image\":{\"@id\":\"https:\\\/\\\/www.anovapeneira.gal\\\/#\\\/schema\\\/logo\\\/image\\\/\"},\"sameAs\":[\"https:\\\/\\\/www.facebook.com\\\/anovapeneira\",\"https:\\\/\\\/x.com\\\/APeneira\"]},{\"@type\":\"Person\",\"@id\":\"https:\\\/\\\/www.anovapeneira.gal\\\/#\\\/schema\\\/person\\\/b93e3f8932e3f8da96334607eb6ac6aa\",\"name\":\"Redacci\u00f3n A Nova Peneira\",\"image\":{\"@type\":\"ImageObject\",\"inLanguage\":\"gl-ES\",\"@id\":\"https:\\\/\\\/secure.gravatar.com\\\/avatar\\\/c052a2551a06e23fac63626232eaa90abd78dbcf1700fc46a2b2c89fd27b735f?s=96&d=mm&r=g\",\"url\":\"https:\\\/\\\/secure.gravatar.com\\\/avatar\\\/c052a2551a06e23fac63626232eaa90abd78dbcf1700fc46a2b2c89fd27b735f?s=96&d=mm&r=g\",\"contentUrl\":\"https:\\\/\\\/secure.gravatar.com\\\/avatar\\\/c052a2551a06e23fac63626232eaa90abd78dbcf1700fc46a2b2c89fd27b735f?s=96&d=mm&r=g\",\"caption\":\"Redacci\u00f3n A Nova Peneira\"},\"sameAs\":[\"http:\\\/\\\/www.anovapeneira.gal\\\/\"],\"url\":\"https:\\\/\\\/www.anovapeneira.gal\\\/index.php\\\/author\\\/redactor\\\/\"}]}<\/script>\n<!-- \/ Yoast SEO plugin. -->","yoast_head_json":{"title":"Redondela reivindica a voz feminina baixo o lema \"Palabra de muller\" na programaci\u00f3n do 8M -","robots":{"index":"index","follow":"follow","max-snippet":"max-snippet:-1","max-image-preview":"max-image-preview:large","max-video-preview":"max-video-preview:-1"},"canonical":"https:\/\/www.anovapeneira.gal\/index.php\/2026\/03\/05\/redondela-reivindica-a-voz-feminina-baixo-o-lema-palabra-de-muller-na-programacion-do-8m\/","og_locale":"gl_ES","og_type":"article","og_title":"Redondela reivindica a voz feminina baixo o lema \"Palabra de muller\" na programaci\u00f3n do 8M -","og_description":"A programaci\u00f3nincl\u00fae xornadas de debate, mon\u00f3logos, conferencias e contacontos para visibilizar o papel das mulleres en todos os \u00e1mbitos sociais [...]","og_url":"https:\/\/www.anovapeneira.gal\/index.php\/2026\/03\/05\/redondela-reivindica-a-voz-feminina-baixo-o-lema-palabra-de-muller-na-programacion-do-8m\/","article_publisher":"https:\/\/www.facebook.com\/anovapeneira","article_published_time":"2026-03-05T11:00:59+00:00","og_image":[{"width":894,"height":537,"url":"https:\/\/www.anovapeneira.gal\/wp-content\/uploads\/2026\/03\/8M_redondela.jpg","type":"image\/jpeg"}],"author":"Redacci\u00f3n A Nova Peneira","twitter_card":"summary_large_image","twitter_creator":"@APeneira","twitter_site":"@APeneira","twitter_misc":{"Escrito por":"Redacci\u00f3n A Nova Peneira","Tempo de lectura":"4 minutos"},"schema":{"@context":"https:\/\/schema.org","@graph":[{"@type":"Article","@id":"https:\/\/www.anovapeneira.gal\/index.php\/2026\/03\/05\/redondela-reivindica-a-voz-feminina-baixo-o-lema-palabra-de-muller-na-programacion-do-8m\/#article","isPartOf":{"@id":"https:\/\/www.anovapeneira.gal\/index.php\/2026\/03\/05\/redondela-reivindica-a-voz-feminina-baixo-o-lema-palabra-de-muller-na-programacion-do-8m\/"},"author":{"name":"Redacci\u00f3n A Nova Peneira","@id":"https:\/\/www.anovapeneira.gal\/#\/schema\/person\/b93e3f8932e3f8da96334607eb6ac6aa"},"headline":"Redondela reivindica a voz feminina baixo o lema &#8220;Palabra de muller&#8221; na programaci\u00f3n do 8M","datePublished":"2026-03-05T11:00:59+00:00","mainEntityOfPage":{"@id":"https:\/\/www.anovapeneira.gal\/index.php\/2026\/03\/05\/redondela-reivindica-a-voz-feminina-baixo-o-lema-palabra-de-muller-na-programacion-do-8m\/"},"wordCount":714,"commentCount":0,"publisher":{"@id":"https:\/\/www.anovapeneira.gal\/#organization"},"image":{"@id":"https:\/\/www.anovapeneira.gal\/index.php\/2026\/03\/05\/redondela-reivindica-a-voz-feminina-baixo-o-lema-palabra-de-muller-na-programacion-do-8m\/#primaryimage"},"thumbnailUrl":"https:\/\/www.anovapeneira.gal\/wp-content\/uploads\/2026\/03\/8M_redondela.jpg","keywords":["Concello de Redondela"],"articleSection":["Redondela"],"inLanguage":"gl-ES","potentialAction":[{"@type":"CommentAction","name":"Comment","target":["https:\/\/www.anovapeneira.gal\/index.php\/2026\/03\/05\/redondela-reivindica-a-voz-feminina-baixo-o-lema-palabra-de-muller-na-programacion-do-8m\/#respond"]}]},{"@type":"WebPage","@id":"https:\/\/www.anovapeneira.gal\/index.php\/2026\/03\/05\/redondela-reivindica-a-voz-feminina-baixo-o-lema-palabra-de-muller-na-programacion-do-8m\/","url":"https:\/\/www.anovapeneira.gal\/index.php\/2026\/03\/05\/redondela-reivindica-a-voz-feminina-baixo-o-lema-palabra-de-muller-na-programacion-do-8m\/","name":"Redondela reivindica a voz feminina baixo o lema \"Palabra de muller\" na programaci\u00f3n do 8M -","isPartOf":{"@id":"https:\/\/www.anovapeneira.gal\/#website"},"primaryImageOfPage":{"@id":"https:\/\/www.anovapeneira.gal\/index.php\/2026\/03\/05\/redondela-reivindica-a-voz-feminina-baixo-o-lema-palabra-de-muller-na-programacion-do-8m\/#primaryimage"},"image":{"@id":"https:\/\/www.anovapeneira.gal\/index.php\/2026\/03\/05\/redondela-reivindica-a-voz-feminina-baixo-o-lema-palabra-de-muller-na-programacion-do-8m\/#primaryimage"},"thumbnailUrl":"https:\/\/www.anovapeneira.gal\/wp-content\/uploads\/2026\/03\/8M_redondela.jpg","datePublished":"2026-03-05T11:00:59+00:00","breadcrumb":{"@id":"https:\/\/www.anovapeneira.gal\/index.php\/2026\/03\/05\/redondela-reivindica-a-voz-feminina-baixo-o-lema-palabra-de-muller-na-programacion-do-8m\/#breadcrumb"},"inLanguage":"gl-ES","potentialAction":[{"@type":"ReadAction","target":["https:\/\/www.anovapeneira.gal\/index.php\/2026\/03\/05\/redondela-reivindica-a-voz-feminina-baixo-o-lema-palabra-de-muller-na-programacion-do-8m\/"]}]},{"@type":"ImageObject","inLanguage":"gl-ES","@id":"https:\/\/www.anovapeneira.gal\/index.php\/2026\/03\/05\/redondela-reivindica-a-voz-feminina-baixo-o-lema-palabra-de-muller-na-programacion-do-8m\/#primaryimage","url":"https:\/\/www.anovapeneira.gal\/wp-content\/uploads\/2026\/03\/8M_redondela.jpg","contentUrl":"https:\/\/www.anovapeneira.gal\/wp-content\/uploads\/2026\/03\/8M_redondela.jpg","width":894,"height":537},{"@type":"BreadcrumbList","@id":"https:\/\/www.anovapeneira.gal\/index.php\/2026\/03\/05\/redondela-reivindica-a-voz-feminina-baixo-o-lema-palabra-de-muller-na-programacion-do-8m\/#breadcrumb","itemListElement":[{"@type":"ListItem","position":1,"name":"Portada","item":"https:\/\/www.anovapeneira.gal\/"},{"@type":"ListItem","position":2,"name":"Redondela reivindica a voz feminina baixo o lema &#8220;Palabra de muller&#8221; na programaci\u00f3n do 8M"}]},{"@type":"WebSite","@id":"https:\/\/www.anovapeneira.gal\/#website","url":"https:\/\/www.anovapeneira.gal\/","name":"","description":"Xornal galego de informaci\u00f3n xeral Publicaci\u00f3n mensual de novas de Galicia e en especial dos Concellos da sur da provincia de Pontevedra.","publisher":{"@id":"https:\/\/www.anovapeneira.gal\/#organization"},"potentialAction":[{"@type":"SearchAction","target":{"@type":"EntryPoint","urlTemplate":"https:\/\/www.anovapeneira.gal\/?s={search_term_string}"},"query-input":{"@type":"PropertyValueSpecification","valueRequired":true,"valueName":"search_term_string"}}],"inLanguage":"gl-ES"},{"@type":"Organization","@id":"https:\/\/www.anovapeneira.gal\/#organization","name":"A Nova Peneira","url":"https:\/\/www.anovapeneira.gal\/","logo":{"@type":"ImageObject","inLanguage":"gl-ES","@id":"https:\/\/www.anovapeneira.gal\/#\/schema\/logo\/image\/","url":"http:\/\/www.anovapeneira.gal\/wp-content\/uploads\/2019\/06\/logo_a_nova_peneira_portal_web.png","contentUrl":"http:\/\/www.anovapeneira.gal\/wp-content\/uploads\/2019\/06\/logo_a_nova_peneira_portal_web.png","width":300,"height":100,"caption":"A Nova Peneira"},"image":{"@id":"https:\/\/www.anovapeneira.gal\/#\/schema\/logo\/image\/"},"sameAs":["https:\/\/www.facebook.com\/anovapeneira","https:\/\/x.com\/APeneira"]},{"@type":"Person","@id":"https:\/\/www.anovapeneira.gal\/#\/schema\/person\/b93e3f8932e3f8da96334607eb6ac6aa","name":"Redacci\u00f3n A Nova Peneira","image":{"@type":"ImageObject","inLanguage":"gl-ES","@id":"https:\/\/secure.gravatar.com\/avatar\/c052a2551a06e23fac63626232eaa90abd78dbcf1700fc46a2b2c89fd27b735f?s=96&d=mm&r=g","url":"https:\/\/secure.gravatar.com\/avatar\/c052a2551a06e23fac63626232eaa90abd78dbcf1700fc46a2b2c89fd27b735f?s=96&d=mm&r=g","contentUrl":"https:\/\/secure.gravatar.com\/avatar\/c052a2551a06e23fac63626232eaa90abd78dbcf1700fc46a2b2c89fd27b735f?s=96&d=mm&r=g","caption":"Redacci\u00f3n A Nova Peneira"},"sameAs":["http:\/\/www.anovapeneira.gal\/"],"url":"https:\/\/www.anovapeneira.gal\/index.php\/author\/redactor\/"}]}},"jetpack_featured_media_url":"https:\/\/www.anovapeneira.gal\/wp-content\/uploads\/2026\/03\/8M_redondela.jpg","_links":{"self":[{"href":"https:\/\/www.anovapeneira.gal\/index.php\/wp-json\/wp\/v2\/posts\/15433","targetHints":{"allow":["GET"]}}],"collection":[{"href":"https:\/\/www.anovapeneira.gal\/index.php\/wp-json\/wp\/v2\/posts"}],"about":[{"href":"https:\/\/www.anovapeneira.gal\/index.php\/wp-json\/wp\/v2\/types\/post"}],"author":[{"embeddable":true,"href":"https:\/\/www.anovapeneira.gal\/index.php\/wp-json\/wp\/v2\/users\/3"}],"replies":[{"embeddable":true,"href":"https:\/\/www.anovapeneira.gal\/index.php\/wp-json\/wp\/v2\/comments?post=15433"}],"version-history":[{"count":2,"href":"https:\/\/www.anovapeneira.gal\/index.php\/wp-json\/wp\/v2\/posts\/15433\/revisions"}],"predecessor-version":[{"id":15438,"href":"https:\/\/www.anovapeneira.gal\/index.php\/wp-json\/wp\/v2\/posts\/15433\/revisions\/15438"}],"wp:featuredmedia":[{"embeddable":true,"href":"https:\/\/www.anovapeneira.gal\/index.php\/wp-json\/wp\/v2\/media\/15439"}],"wp:attachment":[{"href":"https:\/\/www.anovapeneira.gal\/index.php\/wp-json\/wp\/v2\/media?parent=15433"}],"wp:term":[{"taxonomy":"category","embeddable":true,"href":"https:\/\/www.anovapeneira.gal\/index.php\/wp-json\/wp\/v2\/categories?post=15433"},{"taxonomy":"post_tag","embeddable":true,"href":"https:\/\/www.anovapeneira.gal\/index.php\/wp-json\/wp\/v2\/tags?post=15433"}],"curies":[{"name":"wp","href":"https:\/\/api.w.org\/{rel}","templated":true}]}}