{"id":1544,"date":"2019-10-21T12:00:57","date_gmt":"2019-10-21T10:00:57","guid":{"rendered":"http:\/\/www.anovapeneira.gal\/?p=1544"},"modified":"2019-10-19T17:13:24","modified_gmt":"2019-10-19T15:13:24","slug":"a-feira-de-artesania-de-ponte-caldelas-celebrara-a-sua-iv-edicion-na-praza-de-espana","status":"publish","type":"post","link":"https:\/\/www.anovapeneira.gal\/index.php\/2019\/10\/21\/a-feira-de-artesania-de-ponte-caldelas-celebrara-a-sua-iv-edicion-na-praza-de-espana\/","title":{"rendered":"A Feira de Artesan\u00eda de Ponte Caldelas celebrar\u00e1 a s\u00faa IV edici\u00f3n na Praza de Espa\u00f1a"},"content":{"rendered":"\n<h2 class=\"wp-block-heading\">Por primeira vez esta Feira de Artesan\u00eda, xa consolidada, celebrarase na Praza de Espa\u00f1a. Unha carpa acoller\u00e1 a 33 expositores chegados dende toda Galicia, que ofrecer\u00e1n un ampla variedade de produtos<\/h2>\n\n\n\n<p><strong>Ponte Caldelas, 16 de outubro do 2019<\/strong><\/p>\n\n\n\n<p>Cuarta edici\u00f3n da Feira de Artesan\u00eda de Ponte Caldelas volver\u00e1 converter \u00e1 capital da bisbarra do Verdugo-Oitav\u00e9n nunha referencia inescusable durante o primeiro domingo de novembro. O domingo, 3 de novembro, chegar\u00e1 a Ponte Caldelas a cuarta edici\u00f3n dun evento xa totalmente consolidado e no que est\u00e1 presente unha escolma dos mellores produtos feitos a man de toda Galicia. Unha cita que se celebrar\u00e1 por primeira vez na Praza de Espa\u00f1a, un lugar \u201c de referencia no pobo\u201d. Para a celebraci\u00f3n desta feira colocarase unha carpa onde se aloxar\u00e1n todos os expositores que forman parte deste evento. E o horario desta cita ser\u00e1 de 11:00 a 20:00.  <\/p>\n\n\n\n<p>A\nfeira contar\u00e1 coa participaci\u00f3n de 33 artes\u00e1ns, o que garante unha\nampla variedade de produtos de todo tipo, todos eles co com\u00fan\ndenominador da orixinalidade e artesan\u00eda na  s\u00faa elaboraci\u00f3n. O\np\u00fablico que se achegue ademais de poder participar en diversos\nobradoiros, como o obradoiro de xab\u00f3ns (para nenos de menos de 11\nanos) e obradoiro de fieltro (para m\u00e1is de 11 anos), tam\u00e9n poder\u00e1n\nasistir a unha charla de alimentaci\u00f3n saudable, a cargo de Bel\u00e9n\nVent\u00edn (\u00e1s 12:00 da ma\u00f1\u00e1), poder\u00e1n desfrutar da exposici\u00f3n de\nMarcos Mari\u00f1o \u201cTallas en madeira feitas con motoserra\u201d, do\nrecuncho de xogos en familia (un espazo que pola tarde contar\u00e1 con\nservizo de monitores) e como non, da m\u00fasica tradicional que estar\u00e1\npresente ao longo de toda a xornada. \n<\/p>\n\n\n\n<p>A\nactividade foi presentada esta ma\u00f1\u00e1 no Concello pola organizadora,\nArantxa Esper\u00f3n (m\u00e1is co\u00f1ecida como \u201cArantxa das mi\u00f1as mans\u201d),\ne o alcalde, Andr\u00e9s D\u00edaz. O rexedor aplaudiu esta iniciativa feita\ndende Ponte Caldelas e que \u00e9 quen de atraer, ano tras ano, a\nprestixiosos artes\u00e1ns. Dende a organizaci\u00f3n destacaron que neste\nano triplicaron o n\u00famero de solicitudes o que significa que \u201cesta\nfeita estase convertendo nun referente a nivel galego\u201d. \n<\/p>\n\n\n\n<p>O\nGoberno local apoia a iniciativa e agradece o traballo de\norganizaci\u00f3n a cargo da Asociaci\u00f3n Cultural das Mi\u00f1as Mans, toda\nunha garant\u00eda, dado que os expositores valoran especialmente que o\nevento est\u00e1 concibido por xente do sector e para apoiar ao sector.\nEsta circunstancia explica que moitos deles repitan por terceiro\ncuarto ano consecutivo.<\/p>\n\n\n\n<p>Nos\npostos poder\u00e1n atoparse creaci\u00f3ns artes\u00e1ns tales como roupa de l\u00e1,\ntallado de vidro, madeira tallada, cer\u00e1mica, todo tipo de\ncomplementos de bisuter\u00eda, bolsos, esculturas feitas con area,\nmarionetas, xoguetes de madeira, xab\u00f3ns naturais, coiro, debuxos de\narte rupestre, exposici\u00f3n de minerais e moitas m\u00e1is cousas. Hai\ntam\u00e9n un oco para a gastronom\u00eda cun posto de cervexa Meiga e tam\u00e9n\ncoa degustaci\u00f3n de pan vegano, filloas e galletas artes\u00e1ns. \n<\/p>\n\n\n\n<p>A\nasistencia \u00e1 feira, que pretende ser ante todo unha experiencia\nl\u00fadica para o visitante, \u00e9 completamente gratu\u00edta polo que tal e\ncomo afirma D\u00edaz \u201cnon hai escusa para non visitala, domingo 3 de\nnovembro na Praza de Espa\u00f1a e en horario de 11:00 a 20:00\u201d.<\/p>\n","protected":false},"excerpt":{"rendered":"<div class=\"mh-excerpt\"><p>Por primeira vez esta Feira de Artesan\u00eda, xa consolidada, celebrarase na Praza de Espa\u00f1a. Unha carpa acoller\u00e1 a 33 expositores chegados dende toda Galicia <a class=\"mh-excerpt-more\" href=\"https:\/\/www.anovapeneira.gal\/index.php\/2019\/10\/21\/a-feira-de-artesania-de-ponte-caldelas-celebrara-a-sua-iv-edicion-na-praza-de-espana\/\" title=\"A Feira de Artesan\u00eda de Ponte Caldelas celebrar\u00e1 a s\u00faa IV edici\u00f3n na Praza de Espa\u00f1a\">[&#8230;]<\/a><\/p>\n<\/div>","protected":false},"author":3,"featured_media":1545,"comment_status":"open","ping_status":"open","sticky":false,"template":"","format":"standard","meta":{"_exactmetrics_skip_tracking":false,"_exactmetrics_sitenote_active":false,"_exactmetrics_sitenote_note":"","_exactmetrics_sitenote_category":0,"footnotes":""},"categories":[26],"tags":[688,689,128,33],"class_list":{"0":"post-1544","1":"post","2":"type-post","3":"status-publish","4":"format-standard","5":"has-post-thumbnail","7":"category-pontevedra","8":"tag-artesania","9":"tag-asociacion-cultural-das-minas-mans","10":"tag-concello-de-ponte-caldelas","11":"tag-cultura"},"yoast_head":"<!-- This site is optimized with the Yoast SEO plugin v27.4 - https:\/\/yoast.com\/product\/yoast-seo-wordpress\/ -->\n<title>A Feira de Artesan\u00eda de Ponte Caldelas celebrar\u00e1 a s\u00faa IV edici\u00f3n na Praza de Espa\u00f1a -<\/title>\n<meta name=\"robots\" content=\"index, follow, max-snippet:-1, max-image-preview:large, max-video-preview:-1\" \/>\n<link rel=\"canonical\" href=\"https:\/\/www.anovapeneira.gal\/index.php\/2019\/10\/21\/a-feira-de-artesania-de-ponte-caldelas-celebrara-a-sua-iv-edicion-na-praza-de-espana\/\" \/>\n<meta property=\"og:locale\" content=\"gl_ES\" \/>\n<meta property=\"og:type\" content=\"article\" \/>\n<meta property=\"og:title\" content=\"A Feira de Artesan\u00eda de Ponte Caldelas celebrar\u00e1 a s\u00faa IV edici\u00f3n na Praza de Espa\u00f1a -\" \/>\n<meta property=\"og:description\" content=\"Por primeira vez esta Feira de Artesan\u00eda, xa consolidada, celebrarase na Praza de Espa\u00f1a. Unha carpa acoller\u00e1 a 33 expositores chegados dende toda Galicia [...]\" \/>\n<meta property=\"og:url\" content=\"https:\/\/www.anovapeneira.gal\/index.php\/2019\/10\/21\/a-feira-de-artesania-de-ponte-caldelas-celebrara-a-sua-iv-edicion-na-praza-de-espana\/\" \/>\n<meta property=\"article:publisher\" content=\"https:\/\/www.facebook.com\/anovapeneira\" \/>\n<meta property=\"article:published_time\" content=\"2019-10-21T10:00:57+00:00\" \/>\n<meta property=\"og:image\" content=\"https:\/\/www.anovapeneira.gal\/wp-content\/uploads\/2019\/10\/feira_artesania_pontecaldelas_a_nova_peneira.jpg\" \/>\n\t<meta property=\"og:image:width\" content=\"720\" \/>\n\t<meta property=\"og:image:height\" content=\"473\" \/>\n\t<meta property=\"og:image:type\" content=\"image\/jpeg\" \/>\n<meta name=\"author\" content=\"Redacci\u00f3n A Nova Peneira\" \/>\n<meta name=\"twitter:card\" content=\"summary_large_image\" \/>\n<meta name=\"twitter:creator\" content=\"@APeneira\" \/>\n<meta name=\"twitter:site\" content=\"@APeneira\" \/>\n<meta name=\"twitter:label1\" content=\"Escrito por\" \/>\n\t<meta name=\"twitter:data1\" content=\"Redacci\u00f3n A Nova Peneira\" \/>\n\t<meta name=\"twitter:label2\" content=\"Tempo de lectura\" \/>\n\t<meta name=\"twitter:data2\" content=\"3 minutos\" \/>\n<script type=\"application\/ld+json\" class=\"yoast-schema-graph\">{\"@context\":\"https:\\\/\\\/schema.org\",\"@graph\":[{\"@type\":\"Article\",\"@id\":\"https:\\\/\\\/www.anovapeneira.gal\\\/index.php\\\/2019\\\/10\\\/21\\\/a-feira-de-artesania-de-ponte-caldelas-celebrara-a-sua-iv-edicion-na-praza-de-espana\\\/#article\",\"isPartOf\":{\"@id\":\"https:\\\/\\\/www.anovapeneira.gal\\\/index.php\\\/2019\\\/10\\\/21\\\/a-feira-de-artesania-de-ponte-caldelas-celebrara-a-sua-iv-edicion-na-praza-de-espana\\\/\"},\"author\":{\"name\":\"Redacci\u00f3n A Nova Peneira\",\"@id\":\"https:\\\/\\\/www.anovapeneira.gal\\\/#\\\/schema\\\/person\\\/b93e3f8932e3f8da96334607eb6ac6aa\"},\"headline\":\"A Feira de Artesan\u00eda de Ponte Caldelas celebrar\u00e1 a s\u00faa IV edici\u00f3n na Praza de Espa\u00f1a\",\"datePublished\":\"2019-10-21T10:00:57+00:00\",\"mainEntityOfPage\":{\"@id\":\"https:\\\/\\\/www.anovapeneira.gal\\\/index.php\\\/2019\\\/10\\\/21\\\/a-feira-de-artesania-de-ponte-caldelas-celebrara-a-sua-iv-edicion-na-praza-de-espana\\\/\"},\"wordCount\":571,\"commentCount\":0,\"publisher\":{\"@id\":\"https:\\\/\\\/www.anovapeneira.gal\\\/#organization\"},\"image\":{\"@id\":\"https:\\\/\\\/www.anovapeneira.gal\\\/index.php\\\/2019\\\/10\\\/21\\\/a-feira-de-artesania-de-ponte-caldelas-celebrara-a-sua-iv-edicion-na-praza-de-espana\\\/#primaryimage\"},\"thumbnailUrl\":\"https:\\\/\\\/www.anovapeneira.gal\\\/wp-content\\\/uploads\\\/2019\\\/10\\\/feira_artesania_pontecaldelas_a_nova_peneira.jpg\",\"keywords\":[\"Artesan\u00eda\",\"Asociaci\u00f3n Cultural das Mi\u00f1as Mans\",\"Concello de Ponte Caldelas\",\"Cultura\"],\"articleSection\":[\"Pontevedra\"],\"inLanguage\":\"gl-ES\",\"potentialAction\":[{\"@type\":\"CommentAction\",\"name\":\"Comment\",\"target\":[\"https:\\\/\\\/www.anovapeneira.gal\\\/index.php\\\/2019\\\/10\\\/21\\\/a-feira-de-artesania-de-ponte-caldelas-celebrara-a-sua-iv-edicion-na-praza-de-espana\\\/#respond\"]}]},{\"@type\":\"WebPage\",\"@id\":\"https:\\\/\\\/www.anovapeneira.gal\\\/index.php\\\/2019\\\/10\\\/21\\\/a-feira-de-artesania-de-ponte-caldelas-celebrara-a-sua-iv-edicion-na-praza-de-espana\\\/\",\"url\":\"https:\\\/\\\/www.anovapeneira.gal\\\/index.php\\\/2019\\\/10\\\/21\\\/a-feira-de-artesania-de-ponte-caldelas-celebrara-a-sua-iv-edicion-na-praza-de-espana\\\/\",\"name\":\"A Feira de Artesan\u00eda de Ponte Caldelas celebrar\u00e1 a s\u00faa IV edici\u00f3n na Praza de Espa\u00f1a -\",\"isPartOf\":{\"@id\":\"https:\\\/\\\/www.anovapeneira.gal\\\/#website\"},\"primaryImageOfPage\":{\"@id\":\"https:\\\/\\\/www.anovapeneira.gal\\\/index.php\\\/2019\\\/10\\\/21\\\/a-feira-de-artesania-de-ponte-caldelas-celebrara-a-sua-iv-edicion-na-praza-de-espana\\\/#primaryimage\"},\"image\":{\"@id\":\"https:\\\/\\\/www.anovapeneira.gal\\\/index.php\\\/2019\\\/10\\\/21\\\/a-feira-de-artesania-de-ponte-caldelas-celebrara-a-sua-iv-edicion-na-praza-de-espana\\\/#primaryimage\"},\"thumbnailUrl\":\"https:\\\/\\\/www.anovapeneira.gal\\\/wp-content\\\/uploads\\\/2019\\\/10\\\/feira_artesania_pontecaldelas_a_nova_peneira.jpg\",\"datePublished\":\"2019-10-21T10:00:57+00:00\",\"breadcrumb\":{\"@id\":\"https:\\\/\\\/www.anovapeneira.gal\\\/index.php\\\/2019\\\/10\\\/21\\\/a-feira-de-artesania-de-ponte-caldelas-celebrara-a-sua-iv-edicion-na-praza-de-espana\\\/#breadcrumb\"},\"inLanguage\":\"gl-ES\",\"potentialAction\":[{\"@type\":\"ReadAction\",\"target\":[\"https:\\\/\\\/www.anovapeneira.gal\\\/index.php\\\/2019\\\/10\\\/21\\\/a-feira-de-artesania-de-ponte-caldelas-celebrara-a-sua-iv-edicion-na-praza-de-espana\\\/\"]}]},{\"@type\":\"ImageObject\",\"inLanguage\":\"gl-ES\",\"@id\":\"https:\\\/\\\/www.anovapeneira.gal\\\/index.php\\\/2019\\\/10\\\/21\\\/a-feira-de-artesania-de-ponte-caldelas-celebrara-a-sua-iv-edicion-na-praza-de-espana\\\/#primaryimage\",\"url\":\"https:\\\/\\\/www.anovapeneira.gal\\\/wp-content\\\/uploads\\\/2019\\\/10\\\/feira_artesania_pontecaldelas_a_nova_peneira.jpg\",\"contentUrl\":\"https:\\\/\\\/www.anovapeneira.gal\\\/wp-content\\\/uploads\\\/2019\\\/10\\\/feira_artesania_pontecaldelas_a_nova_peneira.jpg\",\"width\":720,\"height\":473,\"caption\":\"Feria de artesan\u00eda Concello de Ponte Caldelas A Nova Peneira\"},{\"@type\":\"BreadcrumbList\",\"@id\":\"https:\\\/\\\/www.anovapeneira.gal\\\/index.php\\\/2019\\\/10\\\/21\\\/a-feira-de-artesania-de-ponte-caldelas-celebrara-a-sua-iv-edicion-na-praza-de-espana\\\/#breadcrumb\",\"itemListElement\":[{\"@type\":\"ListItem\",\"position\":1,\"name\":\"Portada\",\"item\":\"https:\\\/\\\/www.anovapeneira.gal\\\/\"},{\"@type\":\"ListItem\",\"position\":2,\"name\":\"A Feira de Artesan\u00eda de Ponte Caldelas celebrar\u00e1 a s\u00faa IV edici\u00f3n na Praza de Espa\u00f1a\"}]},{\"@type\":\"WebSite\",\"@id\":\"https:\\\/\\\/www.anovapeneira.gal\\\/#website\",\"url\":\"https:\\\/\\\/www.anovapeneira.gal\\\/\",\"name\":\"\",\"description\":\"Xornal galego de informaci\u00f3n xeral Publicaci\u00f3n mensual de novas de Galicia e en especial dos Concellos da sur da provincia de Pontevedra.\",\"publisher\":{\"@id\":\"https:\\\/\\\/www.anovapeneira.gal\\\/#organization\"},\"potentialAction\":[{\"@type\":\"SearchAction\",\"target\":{\"@type\":\"EntryPoint\",\"urlTemplate\":\"https:\\\/\\\/www.anovapeneira.gal\\\/?s={search_term_string}\"},\"query-input\":{\"@type\":\"PropertyValueSpecification\",\"valueRequired\":true,\"valueName\":\"search_term_string\"}}],\"inLanguage\":\"gl-ES\"},{\"@type\":\"Organization\",\"@id\":\"https:\\\/\\\/www.anovapeneira.gal\\\/#organization\",\"name\":\"A Nova Peneira\",\"url\":\"https:\\\/\\\/www.anovapeneira.gal\\\/\",\"logo\":{\"@type\":\"ImageObject\",\"inLanguage\":\"gl-ES\",\"@id\":\"https:\\\/\\\/www.anovapeneira.gal\\\/#\\\/schema\\\/logo\\\/image\\\/\",\"url\":\"http:\\\/\\\/www.anovapeneira.gal\\\/wp-content\\\/uploads\\\/2019\\\/06\\\/logo_a_nova_peneira_portal_web.png\",\"contentUrl\":\"http:\\\/\\\/www.anovapeneira.gal\\\/wp-content\\\/uploads\\\/2019\\\/06\\\/logo_a_nova_peneira_portal_web.png\",\"width\":300,\"height\":100,\"caption\":\"A Nova Peneira\"},\"image\":{\"@id\":\"https:\\\/\\\/www.anovapeneira.gal\\\/#\\\/schema\\\/logo\\\/image\\\/\"},\"sameAs\":[\"https:\\\/\\\/www.facebook.com\\\/anovapeneira\",\"https:\\\/\\\/x.com\\\/APeneira\"]},{\"@type\":\"Person\",\"@id\":\"https:\\\/\\\/www.anovapeneira.gal\\\/#\\\/schema\\\/person\\\/b93e3f8932e3f8da96334607eb6ac6aa\",\"name\":\"Redacci\u00f3n A Nova Peneira\",\"image\":{\"@type\":\"ImageObject\",\"inLanguage\":\"gl-ES\",\"@id\":\"https:\\\/\\\/secure.gravatar.com\\\/avatar\\\/c052a2551a06e23fac63626232eaa90abd78dbcf1700fc46a2b2c89fd27b735f?s=96&d=mm&r=g\",\"url\":\"https:\\\/\\\/secure.gravatar.com\\\/avatar\\\/c052a2551a06e23fac63626232eaa90abd78dbcf1700fc46a2b2c89fd27b735f?s=96&d=mm&r=g\",\"contentUrl\":\"https:\\\/\\\/secure.gravatar.com\\\/avatar\\\/c052a2551a06e23fac63626232eaa90abd78dbcf1700fc46a2b2c89fd27b735f?s=96&d=mm&r=g\",\"caption\":\"Redacci\u00f3n A Nova Peneira\"},\"sameAs\":[\"http:\\\/\\\/www.anovapeneira.gal\\\/\"],\"url\":\"https:\\\/\\\/www.anovapeneira.gal\\\/index.php\\\/author\\\/redactor\\\/\"}]}<\/script>\n<!-- \/ Yoast SEO plugin. -->","yoast_head_json":{"title":"A Feira de Artesan\u00eda de Ponte Caldelas celebrar\u00e1 a s\u00faa IV edici\u00f3n na Praza de Espa\u00f1a -","robots":{"index":"index","follow":"follow","max-snippet":"max-snippet:-1","max-image-preview":"max-image-preview:large","max-video-preview":"max-video-preview:-1"},"canonical":"https:\/\/www.anovapeneira.gal\/index.php\/2019\/10\/21\/a-feira-de-artesania-de-ponte-caldelas-celebrara-a-sua-iv-edicion-na-praza-de-espana\/","og_locale":"gl_ES","og_type":"article","og_title":"A Feira de Artesan\u00eda de Ponte Caldelas celebrar\u00e1 a s\u00faa IV edici\u00f3n na Praza de Espa\u00f1a -","og_description":"Por primeira vez esta Feira de Artesan\u00eda, xa consolidada, celebrarase na Praza de Espa\u00f1a. Unha carpa acoller\u00e1 a 33 expositores chegados dende toda Galicia [...]","og_url":"https:\/\/www.anovapeneira.gal\/index.php\/2019\/10\/21\/a-feira-de-artesania-de-ponte-caldelas-celebrara-a-sua-iv-edicion-na-praza-de-espana\/","article_publisher":"https:\/\/www.facebook.com\/anovapeneira","article_published_time":"2019-10-21T10:00:57+00:00","og_image":[{"width":720,"height":473,"url":"https:\/\/www.anovapeneira.gal\/wp-content\/uploads\/2019\/10\/feira_artesania_pontecaldelas_a_nova_peneira.jpg","type":"image\/jpeg"}],"author":"Redacci\u00f3n A Nova Peneira","twitter_card":"summary_large_image","twitter_creator":"@APeneira","twitter_site":"@APeneira","twitter_misc":{"Escrito por":"Redacci\u00f3n A Nova Peneira","Tempo de lectura":"3 minutos"},"schema":{"@context":"https:\/\/schema.org","@graph":[{"@type":"Article","@id":"https:\/\/www.anovapeneira.gal\/index.php\/2019\/10\/21\/a-feira-de-artesania-de-ponte-caldelas-celebrara-a-sua-iv-edicion-na-praza-de-espana\/#article","isPartOf":{"@id":"https:\/\/www.anovapeneira.gal\/index.php\/2019\/10\/21\/a-feira-de-artesania-de-ponte-caldelas-celebrara-a-sua-iv-edicion-na-praza-de-espana\/"},"author":{"name":"Redacci\u00f3n A Nova Peneira","@id":"https:\/\/www.anovapeneira.gal\/#\/schema\/person\/b93e3f8932e3f8da96334607eb6ac6aa"},"headline":"A Feira de Artesan\u00eda de Ponte Caldelas celebrar\u00e1 a s\u00faa IV edici\u00f3n na Praza de Espa\u00f1a","datePublished":"2019-10-21T10:00:57+00:00","mainEntityOfPage":{"@id":"https:\/\/www.anovapeneira.gal\/index.php\/2019\/10\/21\/a-feira-de-artesania-de-ponte-caldelas-celebrara-a-sua-iv-edicion-na-praza-de-espana\/"},"wordCount":571,"commentCount":0,"publisher":{"@id":"https:\/\/www.anovapeneira.gal\/#organization"},"image":{"@id":"https:\/\/www.anovapeneira.gal\/index.php\/2019\/10\/21\/a-feira-de-artesania-de-ponte-caldelas-celebrara-a-sua-iv-edicion-na-praza-de-espana\/#primaryimage"},"thumbnailUrl":"https:\/\/www.anovapeneira.gal\/wp-content\/uploads\/2019\/10\/feira_artesania_pontecaldelas_a_nova_peneira.jpg","keywords":["Artesan\u00eda","Asociaci\u00f3n Cultural das Mi\u00f1as Mans","Concello de Ponte Caldelas","Cultura"],"articleSection":["Pontevedra"],"inLanguage":"gl-ES","potentialAction":[{"@type":"CommentAction","name":"Comment","target":["https:\/\/www.anovapeneira.gal\/index.php\/2019\/10\/21\/a-feira-de-artesania-de-ponte-caldelas-celebrara-a-sua-iv-edicion-na-praza-de-espana\/#respond"]}]},{"@type":"WebPage","@id":"https:\/\/www.anovapeneira.gal\/index.php\/2019\/10\/21\/a-feira-de-artesania-de-ponte-caldelas-celebrara-a-sua-iv-edicion-na-praza-de-espana\/","url":"https:\/\/www.anovapeneira.gal\/index.php\/2019\/10\/21\/a-feira-de-artesania-de-ponte-caldelas-celebrara-a-sua-iv-edicion-na-praza-de-espana\/","name":"A Feira de Artesan\u00eda de Ponte Caldelas celebrar\u00e1 a s\u00faa IV edici\u00f3n na Praza de Espa\u00f1a -","isPartOf":{"@id":"https:\/\/www.anovapeneira.gal\/#website"},"primaryImageOfPage":{"@id":"https:\/\/www.anovapeneira.gal\/index.php\/2019\/10\/21\/a-feira-de-artesania-de-ponte-caldelas-celebrara-a-sua-iv-edicion-na-praza-de-espana\/#primaryimage"},"image":{"@id":"https:\/\/www.anovapeneira.gal\/index.php\/2019\/10\/21\/a-feira-de-artesania-de-ponte-caldelas-celebrara-a-sua-iv-edicion-na-praza-de-espana\/#primaryimage"},"thumbnailUrl":"https:\/\/www.anovapeneira.gal\/wp-content\/uploads\/2019\/10\/feira_artesania_pontecaldelas_a_nova_peneira.jpg","datePublished":"2019-10-21T10:00:57+00:00","breadcrumb":{"@id":"https:\/\/www.anovapeneira.gal\/index.php\/2019\/10\/21\/a-feira-de-artesania-de-ponte-caldelas-celebrara-a-sua-iv-edicion-na-praza-de-espana\/#breadcrumb"},"inLanguage":"gl-ES","potentialAction":[{"@type":"ReadAction","target":["https:\/\/www.anovapeneira.gal\/index.php\/2019\/10\/21\/a-feira-de-artesania-de-ponte-caldelas-celebrara-a-sua-iv-edicion-na-praza-de-espana\/"]}]},{"@type":"ImageObject","inLanguage":"gl-ES","@id":"https:\/\/www.anovapeneira.gal\/index.php\/2019\/10\/21\/a-feira-de-artesania-de-ponte-caldelas-celebrara-a-sua-iv-edicion-na-praza-de-espana\/#primaryimage","url":"https:\/\/www.anovapeneira.gal\/wp-content\/uploads\/2019\/10\/feira_artesania_pontecaldelas_a_nova_peneira.jpg","contentUrl":"https:\/\/www.anovapeneira.gal\/wp-content\/uploads\/2019\/10\/feira_artesania_pontecaldelas_a_nova_peneira.jpg","width":720,"height":473,"caption":"Feria de artesan\u00eda Concello de Ponte Caldelas A Nova Peneira"},{"@type":"BreadcrumbList","@id":"https:\/\/www.anovapeneira.gal\/index.php\/2019\/10\/21\/a-feira-de-artesania-de-ponte-caldelas-celebrara-a-sua-iv-edicion-na-praza-de-espana\/#breadcrumb","itemListElement":[{"@type":"ListItem","position":1,"name":"Portada","item":"https:\/\/www.anovapeneira.gal\/"},{"@type":"ListItem","position":2,"name":"A Feira de Artesan\u00eda de Ponte Caldelas celebrar\u00e1 a s\u00faa IV edici\u00f3n na Praza de Espa\u00f1a"}]},{"@type":"WebSite","@id":"https:\/\/www.anovapeneira.gal\/#website","url":"https:\/\/www.anovapeneira.gal\/","name":"","description":"Xornal galego de informaci\u00f3n xeral Publicaci\u00f3n mensual de novas de Galicia e en especial dos Concellos da sur da provincia de Pontevedra.","publisher":{"@id":"https:\/\/www.anovapeneira.gal\/#organization"},"potentialAction":[{"@type":"SearchAction","target":{"@type":"EntryPoint","urlTemplate":"https:\/\/www.anovapeneira.gal\/?s={search_term_string}"},"query-input":{"@type":"PropertyValueSpecification","valueRequired":true,"valueName":"search_term_string"}}],"inLanguage":"gl-ES"},{"@type":"Organization","@id":"https:\/\/www.anovapeneira.gal\/#organization","name":"A Nova Peneira","url":"https:\/\/www.anovapeneira.gal\/","logo":{"@type":"ImageObject","inLanguage":"gl-ES","@id":"https:\/\/www.anovapeneira.gal\/#\/schema\/logo\/image\/","url":"http:\/\/www.anovapeneira.gal\/wp-content\/uploads\/2019\/06\/logo_a_nova_peneira_portal_web.png","contentUrl":"http:\/\/www.anovapeneira.gal\/wp-content\/uploads\/2019\/06\/logo_a_nova_peneira_portal_web.png","width":300,"height":100,"caption":"A Nova Peneira"},"image":{"@id":"https:\/\/www.anovapeneira.gal\/#\/schema\/logo\/image\/"},"sameAs":["https:\/\/www.facebook.com\/anovapeneira","https:\/\/x.com\/APeneira"]},{"@type":"Person","@id":"https:\/\/www.anovapeneira.gal\/#\/schema\/person\/b93e3f8932e3f8da96334607eb6ac6aa","name":"Redacci\u00f3n A Nova Peneira","image":{"@type":"ImageObject","inLanguage":"gl-ES","@id":"https:\/\/secure.gravatar.com\/avatar\/c052a2551a06e23fac63626232eaa90abd78dbcf1700fc46a2b2c89fd27b735f?s=96&d=mm&r=g","url":"https:\/\/secure.gravatar.com\/avatar\/c052a2551a06e23fac63626232eaa90abd78dbcf1700fc46a2b2c89fd27b735f?s=96&d=mm&r=g","contentUrl":"https:\/\/secure.gravatar.com\/avatar\/c052a2551a06e23fac63626232eaa90abd78dbcf1700fc46a2b2c89fd27b735f?s=96&d=mm&r=g","caption":"Redacci\u00f3n A Nova Peneira"},"sameAs":["http:\/\/www.anovapeneira.gal\/"],"url":"https:\/\/www.anovapeneira.gal\/index.php\/author\/redactor\/"}]}},"jetpack_featured_media_url":"https:\/\/www.anovapeneira.gal\/wp-content\/uploads\/2019\/10\/feira_artesania_pontecaldelas_a_nova_peneira.jpg","_links":{"self":[{"href":"https:\/\/www.anovapeneira.gal\/index.php\/wp-json\/wp\/v2\/posts\/1544","targetHints":{"allow":["GET"]}}],"collection":[{"href":"https:\/\/www.anovapeneira.gal\/index.php\/wp-json\/wp\/v2\/posts"}],"about":[{"href":"https:\/\/www.anovapeneira.gal\/index.php\/wp-json\/wp\/v2\/types\/post"}],"author":[{"embeddable":true,"href":"https:\/\/www.anovapeneira.gal\/index.php\/wp-json\/wp\/v2\/users\/3"}],"replies":[{"embeddable":true,"href":"https:\/\/www.anovapeneira.gal\/index.php\/wp-json\/wp\/v2\/comments?post=1544"}],"version-history":[{"count":1,"href":"https:\/\/www.anovapeneira.gal\/index.php\/wp-json\/wp\/v2\/posts\/1544\/revisions"}],"predecessor-version":[{"id":1546,"href":"https:\/\/www.anovapeneira.gal\/index.php\/wp-json\/wp\/v2\/posts\/1544\/revisions\/1546"}],"wp:featuredmedia":[{"embeddable":true,"href":"https:\/\/www.anovapeneira.gal\/index.php\/wp-json\/wp\/v2\/media\/1545"}],"wp:attachment":[{"href":"https:\/\/www.anovapeneira.gal\/index.php\/wp-json\/wp\/v2\/media?parent=1544"}],"wp:term":[{"taxonomy":"category","embeddable":true,"href":"https:\/\/www.anovapeneira.gal\/index.php\/wp-json\/wp\/v2\/categories?post=1544"},{"taxonomy":"post_tag","embeddable":true,"href":"https:\/\/www.anovapeneira.gal\/index.php\/wp-json\/wp\/v2\/tags?post=1544"}],"curies":[{"name":"wp","href":"https:\/\/api.w.org\/{rel}","templated":true}]}}