{"id":15440,"date":"2026-03-06T10:00:54","date_gmt":"2026-03-06T09:00:54","guid":{"rendered":"https:\/\/www.anovapeneira.gal\/?p=15440"},"modified":"2026-03-03T16:49:19","modified_gmt":"2026-03-03T15:49:19","slug":"stellantis-e-a-politica-do-reset-privatizar-os-beneficios-e-socializar-as-perdas-mentres-persegue-ao-sindicalismo-combativo-como-a-cut","status":"publish","type":"post","link":"https:\/\/www.anovapeneira.gal\/index.php\/2026\/03\/06\/stellantis-e-a-politica-do-reset-privatizar-os-beneficios-e-socializar-as-perdas-mentres-persegue-ao-sindicalismo-combativo-como-a-cut\/","title":{"rendered":"STELLANTIS e a pol\u00edtica do &#8220;reset&#8221;: privatizar os beneficios e socializar as perdas, mentres persegue ao sindicalismo combativo como a CUT"},"content":{"rendered":"\n<p>Vigo, 26 de febreiro de 2026<\/p>\n\n\n\n<p>Dende a Secci\u00f3n Sindical da CUT en Stellantis Vigo denunciamos a profunda contradici\u00f3n entre o discurso oficial da direcci\u00f3n do grupo e a realidade econ\u00f3mica, produtiva e financeira da empresa, as\u00ed como o impacto directo que esta estratexia ten nos salarios e dereitos de miles de traballadores e<\/p>\n\n\n\n<p>traballadoras. Os resultados anunciados para 2025, cunha suposta perda neta de 22.332 mill\u00f3ns de euros, non responden nin \u00e1 falta de actividade nin \u00e1 falta de produtividade, sen\u00f3n a unha operaci\u00f3n contable baseada en cargos excepcionais e provisi\u00f3ns artificiais que entendemos maquillan a realidade. Tal e como ve\u00f1en denunciando tam\u00e9n sindicatos do propio grupo noutros pa\u00edses, m\u00e1is de 22.000 mill\u00f3ns corresponden a apuntes contables vinculados a investimentos futuros nos Estados Unidos, abandonos de proxectos industriais e unha provisi\u00f3n de 1.300 mill\u00f3ns destinada a despedimentos.<\/p>\n\n\n\n<p>Fronte a ese relato alarmista, hai un dato que a empresa evita destacar: Stellantis pechou o exercicio con arredor de 46.000 mill\u00f3ns de euros en liquidez dispo\u00f1ible. Caixa hai. O que non hai \u00e9 vontade de repartir a riqueza xerada. Nos \u00faltimos catro anos, o grupo acumulou preto de 54.000 mill\u00f3ns de<\/p>\n\n\n\n<p>euros en beneficios, inclu\u00edndo os 5.520 mill\u00f3ns obtidos en 2024, e malia iso a direcci\u00f3n decidiu que en 2025 os traballadores e traballadoras non percibir\u00e1n nin un s\u00f3 euro en participaci\u00f3n en beneficios nin na prima PPV, limit\u00e1ndose a anunciar un incremento salarial xeral dun insuficiente 1%. Esta decisi\u00f3n resulta especialmente insultante no caso de Vigo, a f\u00e1brica m\u00e1is produtiva e eficiente do grupo, que o ano pasado bateu r\u00e9cords hist\u00f3ricos de produci\u00f3n grazas ao esforzo continuado do seu persoal.<\/p>\n\n\n\n<p>A situaci\u00f3n da paga variable exemplifica \u00e1 perfecci\u00f3n esta estratexia de trasladar responsabilidades. O acordo asinado en 2023, que a CUT rexeitou por introducir cl\u00e1usulas claramente discriminatorias, non cumpriu os seus propios obxectivos. En lugar de asumir os erros de planificaci\u00f3n e xesti\u00f3n, a<\/p>\n\n\n\n<p>direcci\u00f3n optou por sinalar \u00e1 CUT e aos xulgados como responsables. C\u00f3mpre lembrar que a CUT ga\u00f1ou nos tribunais a anulaci\u00f3n das cl\u00e1usulas que reduc\u00edanna paga \u00e1s persoas en situaci\u00f3n de incapacidade temporal, ao seren consideradas discriminaci\u00f3n directa por raz\u00f3n de sa\u00fade na sentenza 633\/2024 do Xulgado do Social n\u00ba 2 de Vigo, confirmada polo TSXG en 2025. O ano pasado, a empresa e os sindicatos asinantes (SIT, UGT e CC.OO) chegou a afirmar publicamente que a paga de beneficios non se cobrara por culpa da denuncia da CUT, cando a realidade era ben distinta: non exist\u00eda fluxo de caixa libre que permitise o seu aboamento. Este ano, con decenas de miles de mill\u00f3ns en caixa, a pregunta \u00e9 inevitable: a quen van culpar agora?<\/p>\n\n\n\n<p>M\u00e1is a\u00ednda cando a propia empresa asegurou que, no caso de que a sentenza fose confirmada definitivamente, as regularizaci\u00f3ns correspondentes \u00e1s persoas que estiveron de baixa en 2024 sair\u00edan da provisi\u00f3n da paga deste ano asignada ao centro de Vigo. Se agora non hai paga, de onde van sa\u00edr eses cartos? De novo pret\u00e9ndese converter unha decisi\u00f3n xudicial que garante dereitos nun problema econ\u00f3mico inventado.<\/p>\n\n\n\n<p>Lonxe de corrixir esta situaci\u00f3n, a direcci\u00f3n endureceu a\u00ednda m\u00e1is as condici\u00f3ns do chamado \u201cbonus discrecional\u201d de 2025, que queda nun rid\u00edculo 1,53% do salario convenio a 31 de decembro de 2024, sen ter en conta o IPC do 2,8% de 2025 e descontando ademais 172 euros dun complemento de xubilaci\u00f3n que xa era dereito adquirido. O resultado \u00e9 unha paga media duns 328 euros brutos, mentres o CEO do grupo, Carlos Tavares, acumulou en 2024 unha retribuci\u00f3n de 35,91 mill\u00f3ns de euros.<\/p>\n\n\n\n<p>Todo isto prod\u00facese nun contexto no que a planta de Vigo volveu demostrar ser a m\u00e1is produtiva do grupo, mantendo niveis r\u00e9cord de fabricaci\u00f3n malia os continuos desv\u00edos de produci\u00f3n a outras f\u00e1bricas como Ellesmere Port, Mangualde, Tafraoui ou Tofas en Turqu\u00eda, rompendo para a CUT compromisos industriais asociados a axudas p\u00fablicas. O persoal responde con esforzos extraordinarios; a direcci\u00f3n responde con recortes, precarizaci\u00f3n e un reparto profundamente inxusto da riqueza.<\/p>\n\n\n\n<p>A ofensiva contra a CUT non \u00e9 nova nin casual: sanci\u00f3ns por vulneraci\u00f3n da liberdade sindical, condenas xudiciais e intentos reiterados de esquivar sentenzas mediante modificaci\u00f3ns das condici\u00f3ns de traballo forman parte dun mesmo patr\u00f3n. Con todo, o debate de fondo non \u00e9 sindical, sen\u00f3n econ\u00f3mico e social. Stellantis disp\u00f3n de recursos m\u00e1is que suficientes para garantir emprego estable, salarios dignos, unha paga variable sen discriminaci\u00f3ns e un compromiso real coa planta de Vigo. O que falta non son cartos, sen\u00f3n vontade.<\/p>\n\n\n\n<p>Basta xa de privatizar os beneficios e socializar os erros. Basta xa de buscar culpables externos para ocultar decisi\u00f3ns empresariais inxustificables. A CUT seguir\u00e1 defendendo os dereitos da clase traballadora nos xulgados, nas f\u00e1bricas e na r\u00faa. Este ano xa non vale culpar \u00e1 CUT: os n\u00fameros falan s\u00f3s.<\/p>\n","protected":false},"excerpt":{"rendered":"<div class=\"mh-excerpt\"><p>Dende a Secci\u00f3n Sindical da CUT en Stellantis Vigo denunciamos a profunda contradici\u00f3n entre o discurso oficial da direcci\u00f3n do grupo e a realidade econ\u00f3mica <a class=\"mh-excerpt-more\" href=\"https:\/\/www.anovapeneira.gal\/index.php\/2026\/03\/06\/stellantis-e-a-politica-do-reset-privatizar-os-beneficios-e-socializar-as-perdas-mentres-persegue-ao-sindicalismo-combativo-como-a-cut\/\" title=\"STELLANTIS e a pol\u00edtica do &#8220;reset&#8221;: privatizar os beneficios e socializar as perdas, mentres persegue ao sindicalismo combativo como a CUT\">[&#8230;]<\/a><\/p>\n<\/div>","protected":false},"author":3,"featured_media":7079,"comment_status":"open","ping_status":"open","sticky":false,"template":"","format":"standard","meta":{"_exactmetrics_skip_tracking":false,"_exactmetrics_sitenote_active":false,"_exactmetrics_sitenote_note":"","_exactmetrics_sitenote_category":0,"footnotes":""},"categories":[19],"tags":[227],"class_list":{"0":"post-15440","1":"post","2":"type-post","3":"status-publish","4":"format-standard","5":"has-post-thumbnail","7":"category-vigo","8":"tag-concello-de-vigo"},"yoast_head":"<!-- This site is optimized with the Yoast SEO plugin v27.4 - https:\/\/yoast.com\/product\/yoast-seo-wordpress\/ -->\n<title>STELLANTIS e a pol\u00edtica do &quot;reset&quot;: privatizar os beneficios e socializar as perdas, mentres persegue ao sindicalismo combativo como a CUT -<\/title>\n<meta name=\"robots\" content=\"index, follow, max-snippet:-1, max-image-preview:large, max-video-preview:-1\" \/>\n<link rel=\"canonical\" href=\"https:\/\/www.anovapeneira.gal\/index.php\/2026\/03\/06\/stellantis-e-a-politica-do-reset-privatizar-os-beneficios-e-socializar-as-perdas-mentres-persegue-ao-sindicalismo-combativo-como-a-cut\/\" \/>\n<meta property=\"og:locale\" content=\"gl_ES\" \/>\n<meta property=\"og:type\" content=\"article\" \/>\n<meta property=\"og:title\" content=\"STELLANTIS e a pol\u00edtica do &quot;reset&quot;: privatizar os beneficios e socializar as perdas, mentres persegue ao sindicalismo combativo como a CUT -\" \/>\n<meta property=\"og:description\" content=\"Dende a Secci\u00f3n Sindical da CUT en Stellantis Vigo denunciamos a profunda contradici\u00f3n entre o discurso oficial da direcci\u00f3n do grupo e a realidade econ\u00f3mica [...]\" \/>\n<meta property=\"og:url\" content=\"https:\/\/www.anovapeneira.gal\/index.php\/2026\/03\/06\/stellantis-e-a-politica-do-reset-privatizar-os-beneficios-e-socializar-as-perdas-mentres-persegue-ao-sindicalismo-combativo-como-a-cut\/\" \/>\n<meta property=\"article:publisher\" content=\"https:\/\/www.facebook.com\/anovapeneira\" \/>\n<meta property=\"article:published_time\" content=\"2026-03-06T09:00:54+00:00\" \/>\n<meta property=\"og:image\" content=\"https:\/\/www.anovapeneira.gal\/wp-content\/uploads\/2022\/03\/cut_citroen.jpg\" \/>\n\t<meta property=\"og:image:width\" content=\"720\" \/>\n\t<meta property=\"og:image:height\" content=\"432\" \/>\n\t<meta property=\"og:image:type\" content=\"image\/jpeg\" \/>\n<meta name=\"author\" content=\"Redacci\u00f3n A Nova Peneira\" \/>\n<meta name=\"twitter:card\" content=\"summary_large_image\" \/>\n<meta name=\"twitter:creator\" content=\"@APeneira\" \/>\n<meta name=\"twitter:site\" content=\"@APeneira\" \/>\n<meta name=\"twitter:label1\" content=\"Escrito por\" \/>\n\t<meta name=\"twitter:data1\" content=\"Redacci\u00f3n A Nova Peneira\" \/>\n\t<meta name=\"twitter:label2\" content=\"Tempo de lectura\" \/>\n\t<meta name=\"twitter:data2\" content=\"5 minutos\" \/>\n<script type=\"application\/ld+json\" class=\"yoast-schema-graph\">{\"@context\":\"https:\\\/\\\/schema.org\",\"@graph\":[{\"@type\":\"Article\",\"@id\":\"https:\\\/\\\/www.anovapeneira.gal\\\/index.php\\\/2026\\\/03\\\/06\\\/stellantis-e-a-politica-do-reset-privatizar-os-beneficios-e-socializar-as-perdas-mentres-persegue-ao-sindicalismo-combativo-como-a-cut\\\/#article\",\"isPartOf\":{\"@id\":\"https:\\\/\\\/www.anovapeneira.gal\\\/index.php\\\/2026\\\/03\\\/06\\\/stellantis-e-a-politica-do-reset-privatizar-os-beneficios-e-socializar-as-perdas-mentres-persegue-ao-sindicalismo-combativo-como-a-cut\\\/\"},\"author\":{\"name\":\"Redacci\u00f3n A Nova Peneira\",\"@id\":\"https:\\\/\\\/www.anovapeneira.gal\\\/#\\\/schema\\\/person\\\/b93e3f8932e3f8da96334607eb6ac6aa\"},\"headline\":\"STELLANTIS e a pol\u00edtica do &#8220;reset&#8221;: privatizar os beneficios e socializar as perdas, mentres persegue ao sindicalismo combativo como a CUT\",\"datePublished\":\"2026-03-06T09:00:54+00:00\",\"mainEntityOfPage\":{\"@id\":\"https:\\\/\\\/www.anovapeneira.gal\\\/index.php\\\/2026\\\/03\\\/06\\\/stellantis-e-a-politica-do-reset-privatizar-os-beneficios-e-socializar-as-perdas-mentres-persegue-ao-sindicalismo-combativo-como-a-cut\\\/\"},\"wordCount\":867,\"commentCount\":0,\"publisher\":{\"@id\":\"https:\\\/\\\/www.anovapeneira.gal\\\/#organization\"},\"image\":{\"@id\":\"https:\\\/\\\/www.anovapeneira.gal\\\/index.php\\\/2026\\\/03\\\/06\\\/stellantis-e-a-politica-do-reset-privatizar-os-beneficios-e-socializar-as-perdas-mentres-persegue-ao-sindicalismo-combativo-como-a-cut\\\/#primaryimage\"},\"thumbnailUrl\":\"https:\\\/\\\/www.anovapeneira.gal\\\/wp-content\\\/uploads\\\/2022\\\/03\\\/cut_citroen.jpg\",\"keywords\":[\"Concello de Vigo\"],\"articleSection\":[\"Vigo\"],\"inLanguage\":\"gl-ES\",\"potentialAction\":[{\"@type\":\"CommentAction\",\"name\":\"Comment\",\"target\":[\"https:\\\/\\\/www.anovapeneira.gal\\\/index.php\\\/2026\\\/03\\\/06\\\/stellantis-e-a-politica-do-reset-privatizar-os-beneficios-e-socializar-as-perdas-mentres-persegue-ao-sindicalismo-combativo-como-a-cut\\\/#respond\"]}]},{\"@type\":\"WebPage\",\"@id\":\"https:\\\/\\\/www.anovapeneira.gal\\\/index.php\\\/2026\\\/03\\\/06\\\/stellantis-e-a-politica-do-reset-privatizar-os-beneficios-e-socializar-as-perdas-mentres-persegue-ao-sindicalismo-combativo-como-a-cut\\\/\",\"url\":\"https:\\\/\\\/www.anovapeneira.gal\\\/index.php\\\/2026\\\/03\\\/06\\\/stellantis-e-a-politica-do-reset-privatizar-os-beneficios-e-socializar-as-perdas-mentres-persegue-ao-sindicalismo-combativo-como-a-cut\\\/\",\"name\":\"STELLANTIS e a pol\u00edtica do \\\"reset\\\": privatizar os beneficios e socializar as perdas, mentres persegue ao sindicalismo combativo como a CUT -\",\"isPartOf\":{\"@id\":\"https:\\\/\\\/www.anovapeneira.gal\\\/#website\"},\"primaryImageOfPage\":{\"@id\":\"https:\\\/\\\/www.anovapeneira.gal\\\/index.php\\\/2026\\\/03\\\/06\\\/stellantis-e-a-politica-do-reset-privatizar-os-beneficios-e-socializar-as-perdas-mentres-persegue-ao-sindicalismo-combativo-como-a-cut\\\/#primaryimage\"},\"image\":{\"@id\":\"https:\\\/\\\/www.anovapeneira.gal\\\/index.php\\\/2026\\\/03\\\/06\\\/stellantis-e-a-politica-do-reset-privatizar-os-beneficios-e-socializar-as-perdas-mentres-persegue-ao-sindicalismo-combativo-como-a-cut\\\/#primaryimage\"},\"thumbnailUrl\":\"https:\\\/\\\/www.anovapeneira.gal\\\/wp-content\\\/uploads\\\/2022\\\/03\\\/cut_citroen.jpg\",\"datePublished\":\"2026-03-06T09:00:54+00:00\",\"breadcrumb\":{\"@id\":\"https:\\\/\\\/www.anovapeneira.gal\\\/index.php\\\/2026\\\/03\\\/06\\\/stellantis-e-a-politica-do-reset-privatizar-os-beneficios-e-socializar-as-perdas-mentres-persegue-ao-sindicalismo-combativo-como-a-cut\\\/#breadcrumb\"},\"inLanguage\":\"gl-ES\",\"potentialAction\":[{\"@type\":\"ReadAction\",\"target\":[\"https:\\\/\\\/www.anovapeneira.gal\\\/index.php\\\/2026\\\/03\\\/06\\\/stellantis-e-a-politica-do-reset-privatizar-os-beneficios-e-socializar-as-perdas-mentres-persegue-ao-sindicalismo-combativo-como-a-cut\\\/\"]}]},{\"@type\":\"ImageObject\",\"inLanguage\":\"gl-ES\",\"@id\":\"https:\\\/\\\/www.anovapeneira.gal\\\/index.php\\\/2026\\\/03\\\/06\\\/stellantis-e-a-politica-do-reset-privatizar-os-beneficios-e-socializar-as-perdas-mentres-persegue-ao-sindicalismo-combativo-como-a-cut\\\/#primaryimage\",\"url\":\"https:\\\/\\\/www.anovapeneira.gal\\\/wp-content\\\/uploads\\\/2022\\\/03\\\/cut_citroen.jpg\",\"contentUrl\":\"https:\\\/\\\/www.anovapeneira.gal\\\/wp-content\\\/uploads\\\/2022\\\/03\\\/cut_citroen.jpg\",\"width\":720,\"height\":432,\"caption\":\"Cut central unitaria de traballadores citro\u00ebn\"},{\"@type\":\"BreadcrumbList\",\"@id\":\"https:\\\/\\\/www.anovapeneira.gal\\\/index.php\\\/2026\\\/03\\\/06\\\/stellantis-e-a-politica-do-reset-privatizar-os-beneficios-e-socializar-as-perdas-mentres-persegue-ao-sindicalismo-combativo-como-a-cut\\\/#breadcrumb\",\"itemListElement\":[{\"@type\":\"ListItem\",\"position\":1,\"name\":\"Portada\",\"item\":\"https:\\\/\\\/www.anovapeneira.gal\\\/\"},{\"@type\":\"ListItem\",\"position\":2,\"name\":\"STELLANTIS e a pol\u00edtica do &#8220;reset&#8221;: privatizar os beneficios e socializar as perdas, mentres persegue ao sindicalismo combativo como a CUT\"}]},{\"@type\":\"WebSite\",\"@id\":\"https:\\\/\\\/www.anovapeneira.gal\\\/#website\",\"url\":\"https:\\\/\\\/www.anovapeneira.gal\\\/\",\"name\":\"\",\"description\":\"Xornal galego de informaci\u00f3n xeral Publicaci\u00f3n mensual de novas de Galicia e en especial dos Concellos da sur da provincia de Pontevedra.\",\"publisher\":{\"@id\":\"https:\\\/\\\/www.anovapeneira.gal\\\/#organization\"},\"potentialAction\":[{\"@type\":\"SearchAction\",\"target\":{\"@type\":\"EntryPoint\",\"urlTemplate\":\"https:\\\/\\\/www.anovapeneira.gal\\\/?s={search_term_string}\"},\"query-input\":{\"@type\":\"PropertyValueSpecification\",\"valueRequired\":true,\"valueName\":\"search_term_string\"}}],\"inLanguage\":\"gl-ES\"},{\"@type\":\"Organization\",\"@id\":\"https:\\\/\\\/www.anovapeneira.gal\\\/#organization\",\"name\":\"A Nova Peneira\",\"url\":\"https:\\\/\\\/www.anovapeneira.gal\\\/\",\"logo\":{\"@type\":\"ImageObject\",\"inLanguage\":\"gl-ES\",\"@id\":\"https:\\\/\\\/www.anovapeneira.gal\\\/#\\\/schema\\\/logo\\\/image\\\/\",\"url\":\"http:\\\/\\\/www.anovapeneira.gal\\\/wp-content\\\/uploads\\\/2019\\\/06\\\/logo_a_nova_peneira_portal_web.png\",\"contentUrl\":\"http:\\\/\\\/www.anovapeneira.gal\\\/wp-content\\\/uploads\\\/2019\\\/06\\\/logo_a_nova_peneira_portal_web.png\",\"width\":300,\"height\":100,\"caption\":\"A Nova Peneira\"},\"image\":{\"@id\":\"https:\\\/\\\/www.anovapeneira.gal\\\/#\\\/schema\\\/logo\\\/image\\\/\"},\"sameAs\":[\"https:\\\/\\\/www.facebook.com\\\/anovapeneira\",\"https:\\\/\\\/x.com\\\/APeneira\"]},{\"@type\":\"Person\",\"@id\":\"https:\\\/\\\/www.anovapeneira.gal\\\/#\\\/schema\\\/person\\\/b93e3f8932e3f8da96334607eb6ac6aa\",\"name\":\"Redacci\u00f3n A Nova Peneira\",\"image\":{\"@type\":\"ImageObject\",\"inLanguage\":\"gl-ES\",\"@id\":\"https:\\\/\\\/secure.gravatar.com\\\/avatar\\\/c052a2551a06e23fac63626232eaa90abd78dbcf1700fc46a2b2c89fd27b735f?s=96&d=mm&r=g\",\"url\":\"https:\\\/\\\/secure.gravatar.com\\\/avatar\\\/c052a2551a06e23fac63626232eaa90abd78dbcf1700fc46a2b2c89fd27b735f?s=96&d=mm&r=g\",\"contentUrl\":\"https:\\\/\\\/secure.gravatar.com\\\/avatar\\\/c052a2551a06e23fac63626232eaa90abd78dbcf1700fc46a2b2c89fd27b735f?s=96&d=mm&r=g\",\"caption\":\"Redacci\u00f3n A Nova Peneira\"},\"sameAs\":[\"http:\\\/\\\/www.anovapeneira.gal\\\/\"],\"url\":\"https:\\\/\\\/www.anovapeneira.gal\\\/index.php\\\/author\\\/redactor\\\/\"}]}<\/script>\n<!-- \/ Yoast SEO plugin. -->","yoast_head_json":{"title":"STELLANTIS e a pol\u00edtica do \"reset\": privatizar os beneficios e socializar as perdas, mentres persegue ao sindicalismo combativo como a CUT -","robots":{"index":"index","follow":"follow","max-snippet":"max-snippet:-1","max-image-preview":"max-image-preview:large","max-video-preview":"max-video-preview:-1"},"canonical":"https:\/\/www.anovapeneira.gal\/index.php\/2026\/03\/06\/stellantis-e-a-politica-do-reset-privatizar-os-beneficios-e-socializar-as-perdas-mentres-persegue-ao-sindicalismo-combativo-como-a-cut\/","og_locale":"gl_ES","og_type":"article","og_title":"STELLANTIS e a pol\u00edtica do \"reset\": privatizar os beneficios e socializar as perdas, mentres persegue ao sindicalismo combativo como a CUT -","og_description":"Dende a Secci\u00f3n Sindical da CUT en Stellantis Vigo denunciamos a profunda contradici\u00f3n entre o discurso oficial da direcci\u00f3n do grupo e a realidade econ\u00f3mica [...]","og_url":"https:\/\/www.anovapeneira.gal\/index.php\/2026\/03\/06\/stellantis-e-a-politica-do-reset-privatizar-os-beneficios-e-socializar-as-perdas-mentres-persegue-ao-sindicalismo-combativo-como-a-cut\/","article_publisher":"https:\/\/www.facebook.com\/anovapeneira","article_published_time":"2026-03-06T09:00:54+00:00","og_image":[{"width":720,"height":432,"url":"https:\/\/www.anovapeneira.gal\/wp-content\/uploads\/2022\/03\/cut_citroen.jpg","type":"image\/jpeg"}],"author":"Redacci\u00f3n A Nova Peneira","twitter_card":"summary_large_image","twitter_creator":"@APeneira","twitter_site":"@APeneira","twitter_misc":{"Escrito por":"Redacci\u00f3n A Nova Peneira","Tempo de lectura":"5 minutos"},"schema":{"@context":"https:\/\/schema.org","@graph":[{"@type":"Article","@id":"https:\/\/www.anovapeneira.gal\/index.php\/2026\/03\/06\/stellantis-e-a-politica-do-reset-privatizar-os-beneficios-e-socializar-as-perdas-mentres-persegue-ao-sindicalismo-combativo-como-a-cut\/#article","isPartOf":{"@id":"https:\/\/www.anovapeneira.gal\/index.php\/2026\/03\/06\/stellantis-e-a-politica-do-reset-privatizar-os-beneficios-e-socializar-as-perdas-mentres-persegue-ao-sindicalismo-combativo-como-a-cut\/"},"author":{"name":"Redacci\u00f3n A Nova Peneira","@id":"https:\/\/www.anovapeneira.gal\/#\/schema\/person\/b93e3f8932e3f8da96334607eb6ac6aa"},"headline":"STELLANTIS e a pol\u00edtica do &#8220;reset&#8221;: privatizar os beneficios e socializar as perdas, mentres persegue ao sindicalismo combativo como a CUT","datePublished":"2026-03-06T09:00:54+00:00","mainEntityOfPage":{"@id":"https:\/\/www.anovapeneira.gal\/index.php\/2026\/03\/06\/stellantis-e-a-politica-do-reset-privatizar-os-beneficios-e-socializar-as-perdas-mentres-persegue-ao-sindicalismo-combativo-como-a-cut\/"},"wordCount":867,"commentCount":0,"publisher":{"@id":"https:\/\/www.anovapeneira.gal\/#organization"},"image":{"@id":"https:\/\/www.anovapeneira.gal\/index.php\/2026\/03\/06\/stellantis-e-a-politica-do-reset-privatizar-os-beneficios-e-socializar-as-perdas-mentres-persegue-ao-sindicalismo-combativo-como-a-cut\/#primaryimage"},"thumbnailUrl":"https:\/\/www.anovapeneira.gal\/wp-content\/uploads\/2022\/03\/cut_citroen.jpg","keywords":["Concello de Vigo"],"articleSection":["Vigo"],"inLanguage":"gl-ES","potentialAction":[{"@type":"CommentAction","name":"Comment","target":["https:\/\/www.anovapeneira.gal\/index.php\/2026\/03\/06\/stellantis-e-a-politica-do-reset-privatizar-os-beneficios-e-socializar-as-perdas-mentres-persegue-ao-sindicalismo-combativo-como-a-cut\/#respond"]}]},{"@type":"WebPage","@id":"https:\/\/www.anovapeneira.gal\/index.php\/2026\/03\/06\/stellantis-e-a-politica-do-reset-privatizar-os-beneficios-e-socializar-as-perdas-mentres-persegue-ao-sindicalismo-combativo-como-a-cut\/","url":"https:\/\/www.anovapeneira.gal\/index.php\/2026\/03\/06\/stellantis-e-a-politica-do-reset-privatizar-os-beneficios-e-socializar-as-perdas-mentres-persegue-ao-sindicalismo-combativo-como-a-cut\/","name":"STELLANTIS e a pol\u00edtica do \"reset\": privatizar os beneficios e socializar as perdas, mentres persegue ao sindicalismo combativo como a CUT -","isPartOf":{"@id":"https:\/\/www.anovapeneira.gal\/#website"},"primaryImageOfPage":{"@id":"https:\/\/www.anovapeneira.gal\/index.php\/2026\/03\/06\/stellantis-e-a-politica-do-reset-privatizar-os-beneficios-e-socializar-as-perdas-mentres-persegue-ao-sindicalismo-combativo-como-a-cut\/#primaryimage"},"image":{"@id":"https:\/\/www.anovapeneira.gal\/index.php\/2026\/03\/06\/stellantis-e-a-politica-do-reset-privatizar-os-beneficios-e-socializar-as-perdas-mentres-persegue-ao-sindicalismo-combativo-como-a-cut\/#primaryimage"},"thumbnailUrl":"https:\/\/www.anovapeneira.gal\/wp-content\/uploads\/2022\/03\/cut_citroen.jpg","datePublished":"2026-03-06T09:00:54+00:00","breadcrumb":{"@id":"https:\/\/www.anovapeneira.gal\/index.php\/2026\/03\/06\/stellantis-e-a-politica-do-reset-privatizar-os-beneficios-e-socializar-as-perdas-mentres-persegue-ao-sindicalismo-combativo-como-a-cut\/#breadcrumb"},"inLanguage":"gl-ES","potentialAction":[{"@type":"ReadAction","target":["https:\/\/www.anovapeneira.gal\/index.php\/2026\/03\/06\/stellantis-e-a-politica-do-reset-privatizar-os-beneficios-e-socializar-as-perdas-mentres-persegue-ao-sindicalismo-combativo-como-a-cut\/"]}]},{"@type":"ImageObject","inLanguage":"gl-ES","@id":"https:\/\/www.anovapeneira.gal\/index.php\/2026\/03\/06\/stellantis-e-a-politica-do-reset-privatizar-os-beneficios-e-socializar-as-perdas-mentres-persegue-ao-sindicalismo-combativo-como-a-cut\/#primaryimage","url":"https:\/\/www.anovapeneira.gal\/wp-content\/uploads\/2022\/03\/cut_citroen.jpg","contentUrl":"https:\/\/www.anovapeneira.gal\/wp-content\/uploads\/2022\/03\/cut_citroen.jpg","width":720,"height":432,"caption":"Cut central unitaria de traballadores citro\u00ebn"},{"@type":"BreadcrumbList","@id":"https:\/\/www.anovapeneira.gal\/index.php\/2026\/03\/06\/stellantis-e-a-politica-do-reset-privatizar-os-beneficios-e-socializar-as-perdas-mentres-persegue-ao-sindicalismo-combativo-como-a-cut\/#breadcrumb","itemListElement":[{"@type":"ListItem","position":1,"name":"Portada","item":"https:\/\/www.anovapeneira.gal\/"},{"@type":"ListItem","position":2,"name":"STELLANTIS e a pol\u00edtica do &#8220;reset&#8221;: privatizar os beneficios e socializar as perdas, mentres persegue ao sindicalismo combativo como a CUT"}]},{"@type":"WebSite","@id":"https:\/\/www.anovapeneira.gal\/#website","url":"https:\/\/www.anovapeneira.gal\/","name":"","description":"Xornal galego de informaci\u00f3n xeral Publicaci\u00f3n mensual de novas de Galicia e en especial dos Concellos da sur da provincia de Pontevedra.","publisher":{"@id":"https:\/\/www.anovapeneira.gal\/#organization"},"potentialAction":[{"@type":"SearchAction","target":{"@type":"EntryPoint","urlTemplate":"https:\/\/www.anovapeneira.gal\/?s={search_term_string}"},"query-input":{"@type":"PropertyValueSpecification","valueRequired":true,"valueName":"search_term_string"}}],"inLanguage":"gl-ES"},{"@type":"Organization","@id":"https:\/\/www.anovapeneira.gal\/#organization","name":"A Nova Peneira","url":"https:\/\/www.anovapeneira.gal\/","logo":{"@type":"ImageObject","inLanguage":"gl-ES","@id":"https:\/\/www.anovapeneira.gal\/#\/schema\/logo\/image\/","url":"http:\/\/www.anovapeneira.gal\/wp-content\/uploads\/2019\/06\/logo_a_nova_peneira_portal_web.png","contentUrl":"http:\/\/www.anovapeneira.gal\/wp-content\/uploads\/2019\/06\/logo_a_nova_peneira_portal_web.png","width":300,"height":100,"caption":"A Nova Peneira"},"image":{"@id":"https:\/\/www.anovapeneira.gal\/#\/schema\/logo\/image\/"},"sameAs":["https:\/\/www.facebook.com\/anovapeneira","https:\/\/x.com\/APeneira"]},{"@type":"Person","@id":"https:\/\/www.anovapeneira.gal\/#\/schema\/person\/b93e3f8932e3f8da96334607eb6ac6aa","name":"Redacci\u00f3n A Nova Peneira","image":{"@type":"ImageObject","inLanguage":"gl-ES","@id":"https:\/\/secure.gravatar.com\/avatar\/c052a2551a06e23fac63626232eaa90abd78dbcf1700fc46a2b2c89fd27b735f?s=96&d=mm&r=g","url":"https:\/\/secure.gravatar.com\/avatar\/c052a2551a06e23fac63626232eaa90abd78dbcf1700fc46a2b2c89fd27b735f?s=96&d=mm&r=g","contentUrl":"https:\/\/secure.gravatar.com\/avatar\/c052a2551a06e23fac63626232eaa90abd78dbcf1700fc46a2b2c89fd27b735f?s=96&d=mm&r=g","caption":"Redacci\u00f3n A Nova Peneira"},"sameAs":["http:\/\/www.anovapeneira.gal\/"],"url":"https:\/\/www.anovapeneira.gal\/index.php\/author\/redactor\/"}]}},"jetpack_featured_media_url":"https:\/\/www.anovapeneira.gal\/wp-content\/uploads\/2022\/03\/cut_citroen.jpg","_links":{"self":[{"href":"https:\/\/www.anovapeneira.gal\/index.php\/wp-json\/wp\/v2\/posts\/15440","targetHints":{"allow":["GET"]}}],"collection":[{"href":"https:\/\/www.anovapeneira.gal\/index.php\/wp-json\/wp\/v2\/posts"}],"about":[{"href":"https:\/\/www.anovapeneira.gal\/index.php\/wp-json\/wp\/v2\/types\/post"}],"author":[{"embeddable":true,"href":"https:\/\/www.anovapeneira.gal\/index.php\/wp-json\/wp\/v2\/users\/3"}],"replies":[{"embeddable":true,"href":"https:\/\/www.anovapeneira.gal\/index.php\/wp-json\/wp\/v2\/comments?post=15440"}],"version-history":[{"count":1,"href":"https:\/\/www.anovapeneira.gal\/index.php\/wp-json\/wp\/v2\/posts\/15440\/revisions"}],"predecessor-version":[{"id":15441,"href":"https:\/\/www.anovapeneira.gal\/index.php\/wp-json\/wp\/v2\/posts\/15440\/revisions\/15441"}],"wp:featuredmedia":[{"embeddable":true,"href":"https:\/\/www.anovapeneira.gal\/index.php\/wp-json\/wp\/v2\/media\/7079"}],"wp:attachment":[{"href":"https:\/\/www.anovapeneira.gal\/index.php\/wp-json\/wp\/v2\/media?parent=15440"}],"wp:term":[{"taxonomy":"category","embeddable":true,"href":"https:\/\/www.anovapeneira.gal\/index.php\/wp-json\/wp\/v2\/categories?post=15440"},{"taxonomy":"post_tag","embeddable":true,"href":"https:\/\/www.anovapeneira.gal\/index.php\/wp-json\/wp\/v2\/tags?post=15440"}],"curies":[{"name":"wp","href":"https:\/\/api.w.org\/{rel}","templated":true}]}}