{"id":15442,"date":"2026-03-06T12:00:35","date_gmt":"2026-03-06T11:00:35","guid":{"rendered":"https:\/\/www.anovapeneira.gal\/?p=15442"},"modified":"2026-03-03T17:06:08","modified_gmt":"2026-03-03T16:06:08","slug":"marcelino-giraldez-ex-policia-local-e-aspirante-a-alcaldia-de-mos","status":"publish","type":"post","link":"https:\/\/www.anovapeneira.gal\/index.php\/2026\/03\/06\/marcelino-giraldez-ex-policia-local-e-aspirante-a-alcaldia-de-mos\/","title":{"rendered":"Marcelino Gir\u00e1ldez ex polic\u00eda local e aspirante \u00e1 alcald\u00eda de Mos"},"content":{"rendered":"\n<p><strong>Marcelino \u00e9 un veci\u00f1o de Sangui\u00f1eda de 60 anos de idade que despois de m\u00e1is de 35 como axente da polic\u00eda local do Concello de Mos xubilouse o pasado 2025. E cando deber\u00eda gozar desta etapa tan bonita da vida, manifesta que o seu amor polo concello, que lle viu nacer e no que vive, l\u00e9valle a tomar a decisi\u00f3n de montar unha candidatura que compita pola alcald\u00eda nas vindeiras elecci\u00f3ns municipais do ano 2027.Marcelino am\u00f3sase moi cr\u00edtico coa xesti\u00f3n da actual alcaldesa e entende que o seu pobo precisa un proxecto pol\u00edtico diferente, que ilusione \u00e1 maior\u00eda social da veci\u00f1anza e que facilite a posibilidade do cambio real. Nese sentido reivindica con orgullo a forma de facer pol\u00edtica que ti\u00f1a o seu pai, militante socialista que chegou a ser alcalde de Mos.<\/strong><\/p>\n\n\n\n<p><strong>N\u00f3s conversamos con el. Vela\u00ed vai o que deu de si a nosa conversa.<\/strong><\/p>\n\n\n\n<h2 class=\"wp-block-heading\">\u201c <strong>Te\u00f1o visto chorar a m\u00e1is dunha concelleira por mor da forma que ten a alcaldesa de tratar \u00e1s persoas\u201d<\/strong><\/h2>\n\n\n\n<p><strong>Ti es unha persoa poli\u00e9drica, cuxa vida descorreu por moitos cami\u00f1os. Como prefires que te presentemos: Aspirante \u00e1 alcald\u00eda de Mos, ex Polic\u00eda, ex futbolista..?<\/strong><\/p>\n\n\n\n<blockquote class=\"wp-block-quote is-layout-flow wp-block-quote-is-layout-flow\">\n<p>A min gustar\u00edame que se me co\u00f1ecera por ser un veci\u00f1o de Mos, que quere moito ao seu Concello, e que desexa achegar todo o que ten para contribu\u00edr a facermos un Mos mellor.<\/p>\n<\/blockquote>\n\n\n\n<p><strong>Queremos co\u00f1ecerte un pouco m\u00e1is<\/strong><\/p>\n\n\n\n<blockquote class=\"wp-block-quote is-layout-flow wp-block-quote-is-layout-flow\">\n<p>Ben, eu nac\u00edn en Sangui\u00f1eda no ano 1965.Na actualidade sigo a vivir na parroquia na que nac\u00edn. Estudei a educaci\u00f3n secundaria nun colexio do centro de Vigo. Compaxinaba os meus estudos coa pr\u00e1ctica do f\u00fatbol.<\/p>\n<\/blockquote>\n\n\n\n<p><strong>Creo que non se che daba mal iso do f\u00fatbol?<\/strong><\/p>\n\n\n\n<blockquote class=\"wp-block-quote is-layout-flow wp-block-quote-is-layout-flow\">\n<p>Iso dic\u00edan. A verdade \u00e9 que ti\u00f1a unha boa perna esquerda, creo eu. Cheguei a xogar na canteira do Real Madrid e no segundo equipo do Celta.<\/p>\n<\/blockquote>\n\n\n\n<p><strong>Coincidiches con alg\u00fan xogador que chegara a destacar?<\/strong><\/p>\n\n\n\n<blockquote class=\"wp-block-quote is-layout-flow wp-block-quote-is-layout-flow\">\n<p>E tanto que si, cos da \u201c quinta do buitre\u201d.De feito nas concentraci\u00f3ns adoitaba durmir con Pardeza e con Mand\u00eda. Lembro que de cando en vez nos levaba o defunto de Juanito,que logo morrer\u00eda nun desgraciado accidente de tr\u00e1fico, \u00e1s concentraci\u00f3ns.<\/p>\n<\/blockquote>\n\n\n\n<p><strong>Vaia, que interesante. E como era Juanito como persoa?<\/strong><\/p>\n\n\n\n<blockquote class=\"wp-block-quote is-layout-flow wp-block-quote-is-layout-flow\">\n<p>Era moi simp\u00e1tico, un aut\u00e9ntico rexoubeiro. Sempre estaba de brincadeira. Como todo na vida aqueles tempos tiveron luces e sombras, pero en li\u00f1as xerais gardo moi bo recordo da \u00e9poca do f\u00fatbol. Foi unha etapa moi bonita.<\/p>\n<\/blockquote>\n\n\n\n<p><strong>E tivo que comezar a vida laboral?<\/strong><\/p>\n\n\n\n<blockquote class=\"wp-block-quote is-layout-flow wp-block-quote-is-layout-flow\">\n<p>Pois si. Sa\u00edron unhas oposici\u00f3ns \u00e1 polic\u00eda local de Mos, e, creo que foi no ano 1989, aprobeinas.<\/p>\n<\/blockquote>\n\n\n\n<p><strong>Ata cando fuches polic\u00eda?<\/strong><\/p>\n\n\n\n<blockquote class=\"wp-block-quote is-layout-flow wp-block-quote-is-layout-flow\">\n<p>Ata o ano 2025. O ano pasado d\u00e9ronme a incapacidade por un problema de sa\u00fade.<\/p>\n<\/blockquote>\n\n\n\n<p><strong>Que recordos che deixa a t\u00faa etapa como polic\u00eda?<\/strong><\/p>\n\n\n\n<blockquote class=\"wp-block-quote is-layout-flow wp-block-quote-is-layout-flow\">\n<p>Uf.. pois en m\u00e1is de 35 anos de servizo houbo de todo. Lembro que cando comezamos as cousas non estaban ben. Viviamos unha administraci\u00f3n case como a de 40 anos atr\u00e1s. Un compa\u00f1eiro m\u00e1is eu creamos a secci\u00f3n sindical de UXT na polic\u00eda local, e tratamos de facer unha polic\u00eda moderna adaptada \u00e1 realidade dos tempos e que estivera ao servizo da veci\u00f1anza.<\/p>\n<\/blockquote>\n\n\n\n<blockquote class=\"wp-block-quote is-layout-flow wp-block-quote-is-layout-flow\">\n<p>A polic\u00eda eu conc\u00edboa como un servizo p\u00fablico que debe de facilitar a vida das persoas. E desa maneira procurei exercer o meu traballo en todos estes anos.<\/p>\n<\/blockquote>\n\n\n\n<p><strong>Quen era o alcalde en aquel momento?<\/strong><\/p>\n\n\n\n<blockquote class=\"wp-block-quote is-layout-flow wp-block-quote-is-layout-flow\">\n<p>Ballesta.<\/p>\n<\/blockquote>\n\n\n\n<p><strong>Como valoras o seu goberno?<\/strong><\/p>\n\n\n\n<blockquote class=\"wp-block-quote is-layout-flow wp-block-quote-is-layout-flow\">\n<p>Digamos que non era unha persoa f\u00e1cil.<\/p>\n<\/blockquote>\n\n\n\n<p><strong>De todos os alcaldes e alcaldesas que co\u00f1eciches cal cres ti que gobernou de maneira m\u00e1is positiva para o conxunto da veci\u00f1anza mosense?<\/strong><\/p>\n\n\n\n<blockquote class=\"wp-block-quote is-layout-flow wp-block-quote-is-layout-flow\">\n<p>Eu dir\u00eda que o goberno de Ram\u00f3n Alonso, non tanto por el, sen\u00f3n polo colectivo que o rodeaba. Para min foi un bo goberno colectivo.<\/p>\n<\/blockquote>\n\n\n\n<p><strong>En todos estes anos na polic\u00eda recibiches presi\u00f3ns directas dalg\u00fan dos alcaldes ou alcaldesas cos que coincidiches?<\/strong><\/p>\n\n\n\n<blockquote class=\"wp-block-quote is-layout-flow wp-block-quote-is-layout-flow\">\n<p>Si.<\/p>\n<\/blockquote>\n\n\n\n<p><strong>Quen ?<\/strong><\/p>\n\n\n\n<blockquote class=\"wp-block-quote is-layout-flow wp-block-quote-is-layout-flow\">\n<p>A actual alcaldesa.<\/p>\n<\/blockquote>\n\n\n\n<p><strong>Directamente?<\/strong><\/p>\n\n\n\n<blockquote class=\"wp-block-quote is-layout-flow wp-block-quote-is-layout-flow\">\n<p>Si. F\u00edxome a vida bastante dif\u00edcil.<\/p>\n<\/blockquote>\n\n\n\n<p><strong>Dir\u00edas que Nidia Ar\u00e9valo ten tinturas ditatoriais?<\/strong><\/p>\n\n\n\n<blockquote class=\"wp-block-quote is-layout-flow wp-block-quote-is-layout-flow\">\n<p>Para min si. Te\u00f1o visto chorar a m\u00e1is dunha concelleira por mor da s\u00faa forma de tratar \u00e1s persoas.<\/p>\n<\/blockquote>\n\n\n\n<p><strong>A alcaldesa chegou ao poder por un episodio de transfugismo?<\/strong><\/p>\n\n\n\n<blockquote class=\"wp-block-quote is-layout-flow wp-block-quote-is-layout-flow\">\n<p>Claramente si. De feito ao concelleiro tr\u00e1nsfuga durante un tempo tiv\u00e9rono escondido nun hotel de Baiona para que ningu\u00e9n se achegara a el. Te\u00f1o moi claro que se Nidia Ar\u00e9valo segue como alcaldesa foi grazas a aquel episodio. En relaci\u00f3n con este asunto quero dicir que eu xa sab\u00eda que se estaba a preparar ese movemento, avisei ao PSOE e ao BNG para que tiveran coidado, pero por desgraza non me fixeron caso e non fixeron nada para evitalo.<\/p>\n<\/blockquote>\n\n\n\n<p><strong>Cando comezou a t\u00faa relaci\u00f3n con UCIN?<\/strong><\/p>\n\n\n\n<blockquote class=\"wp-block-quote is-layout-flow wp-block-quote-is-layout-flow\">\n<p>Hai case catro anos. Todo comezou polo contacto cunha persoa que en tempos xogara ao f\u00fatbol comigo. Comentoume o proxecto de UCIN e houbo un interese rec\u00edproco.<\/p>\n<\/blockquote>\n\n\n\n<p><strong>Ata o momento nunca presentastes unha lista en Mos, verdade?<\/strong><\/p>\n\n\n\n<blockquote class=\"wp-block-quote is-layout-flow wp-block-quote-is-layout-flow\">\n<p>Non, de momento a mi\u00f1a participaci\u00f3n pol\u00edtica lim\u00edtase a ter ido nas listas de UCIN \u00e1s elecci\u00f3ns europeas.<\/p>\n<\/blockquote>\n\n\n\n<p><strong>Procura contestar da maneira m\u00e1is concreta posible: Nas municipais do ano que ven vas montar unha lista para ser candidato \u00e1 alcald\u00eda de Mos?<\/strong><\/p>\n\n\n\n<blockquote class=\"wp-block-quote is-layout-flow wp-block-quote-is-layout-flow\">\n<p>Estou traballando en facer unha candidatura si. Estou falando cos distintos colectivos veci\u00f1ais para tomar nota das s\u00faas necesidades e problemas e ver o que se poder\u00eda mellorar no vindeiro goberno de Mos. Tam\u00e9n estou falando con distintas persoas para que me acompa\u00f1en na candidatura.<\/p>\n<\/blockquote>\n\n\n\n<p><strong>Por que motivo cres que debes de presentar unha candidatura?<\/strong><\/p>\n\n\n\n<blockquote class=\"wp-block-quote is-layout-flow wp-block-quote-is-layout-flow\">\n<p>Porque Mos precisa un cambio pol\u00edtico e eu consid\u00e9rome co deber moral de dar un paso ao fronte para tratar de contribu\u00edr a ese cambio.<\/p>\n<\/blockquote>\n\n\n\n<p><strong>Non che valen ningunha das outras d\u00faas opci\u00f3ns: PSOE e BNG?<\/strong><\/p>\n\n\n\n<blockquote class=\"wp-block-quote is-layout-flow wp-block-quote-is-layout-flow\">\n<p>Mos necesita un proxecto novo, non o mesmo de sempre. Un proxecto diferente que ilusione de verdade. Eu non estou condicionado por ning\u00fan apriorismo nin ideol\u00f3xico nin de partido. Vou montar unha lista transversal, de xente fiable que poida aportar, composta de persoas de todas as parroquias, incluso con ex do PP, que esteamos unidos arredor de d\u00faas ideas chave: O amor a Mos, e a convicci\u00f3n de que o noso pobo precisa un cambio.<\/p>\n<\/blockquote>\n\n\n\n<p><strong>A ti faiche falta a pol\u00edtica para vivir?<\/strong><\/p>\n\n\n\n<blockquote class=\"wp-block-quote is-layout-flow wp-block-quote-is-layout-flow\">\n<p>Non, nunca me fixo falta. Cando era polic\u00eda viv\u00eda do meu soldo e agora que son xubilado vivo da mi\u00f1a pensi\u00f3n. De feito penso que vivir da pol\u00edtica, \u00e9 un problema. A actividade pol\u00edtica debe de ser un medio para mellorar a vida da xente, non un medio para que o pol\u00edtico poida vivir.<\/p>\n<\/blockquote>\n\n\n\n<p><strong>Cales son as t\u00faas expectativas realistas?<\/strong><\/p>\n\n\n\n<blockquote class=\"wp-block-quote is-layout-flow wp-block-quote-is-layout-flow\">\n<p>Aspiro a ser o pr\u00f3ximo alcalde de Mos. Se a sociedade me d\u00e1 un voto de confianza sei, d\u00edgoo con toda a humildade, que non vou decepcionar.<\/p>\n<\/blockquote>\n\n\n\n<p><strong>Se antes das elecci\u00f3ns recibises unha chamada da alcaldesa para que non montes a lista e che fixera unha oferta de integraci\u00f3n no seu equipo, haber\u00eda algunha posibilidade de que a aceptases?<\/strong><\/p>\n\n\n\n<blockquote class=\"wp-block-quote is-layout-flow wp-block-quote-is-layout-flow\">\n<p>Non, non hai ningunha en absoluto. Eu son unha persoa \u00edntegra.<\/p>\n<\/blockquote>\n\n\n\n<p><strong>O rencor infl\u00fae na t\u00faa vontade de competir pola alcald\u00eda de Mos?<\/strong><\/p>\n\n\n\n<blockquote class=\"wp-block-quote is-layout-flow wp-block-quote-is-layout-flow\">\n<p>De ning\u00fan modo. Eu non te\u00f1o ning\u00fan tipo de rencor por ningu\u00e9n . O \u00fanico que infl\u00fae na mi\u00f1a vontade de participaci\u00f3n pol\u00edtica \u00e9 o amor. O amor a Mos, e a convicci\u00f3n de que Mos precisa un goberno mellor. Eu son de Mos, si vivo en Mos e si pago os meus impostos en Mos.<\/p>\n<\/blockquote>\n\n\n\n<p><strong>No caso de chegares \u00e1 alcald\u00eda cales ser\u00edan as medidas m\u00e1is urxentes que levar\u00edas a cabo?<\/strong><\/p>\n\n\n\n<blockquote class=\"wp-block-quote is-layout-flow wp-block-quote-is-layout-flow\">\n<p>-Reducir o gasto pol\u00edtico. As dedicaci\u00f3ns exclusivas que hai son excesivas, o gasto en comisi\u00f3ns e veh\u00edculos \u00e9 excesivo, e a publicidade institucional \u00e9 excesiva.<\/p>\n\n\n\n<p>-Optimizar a organizaci\u00f3n da administraci\u00f3n municipal.<\/p>\n\n\n\n<p>-Auditar as contas do Concello. Te\u00f1o serias d\u00fabidas de que os n\u00fameros que presenta o goberno municipal sexan correctos.<\/p>\n\n\n\n<p>&#8211; Revisar a concesi\u00f3n de moitas licenzas de obra<\/p>\n\n\n\n<p><strong>No asunto da autov\u00eda cal \u00e9 a t\u00faa posici\u00f3n?<\/strong><\/p>\n<\/blockquote>\n\n\n\n<blockquote class=\"wp-block-quote is-layout-flow wp-block-quote-is-layout-flow\">\n<p>Ch\u00e1mame poderosamente a atenci\u00f3n que a alcaldesa de Mos estea supostamente liderando a reivindicaci\u00f3n de liberar a peaxe da AP9 cando foi o seu partido o responsable de darlle unha prorroga de 50 anos \u00e1 empresa que a explota. Onde estaba ela cando o presidente Aznar fixo iso?<\/p>\n<\/blockquote>\n\n\n\n<blockquote class=\"wp-block-quote is-layout-flow wp-block-quote-is-layout-flow\">\n<p>Estaba calada, absolutamente calada.<\/p>\n<\/blockquote>\n\n\n\n<p><strong>V\u00e9xote moi ilusionado?<\/strong><\/p>\n\n\n\n<blockquote class=\"wp-block-quote is-layout-flow wp-block-quote-is-layout-flow\">\n<p>Pois ves ben, porque \u00e9 a realidade. O cari\u00f1o e os \u00e1nimos que estou a recibir da xente pola r\u00faa, multiplican a mi\u00f1a ilusi\u00f3n. E episodios tan desagradables de persoas que crean perf\u00eds falsos en redes sociais para atacarme non fan m\u00e1is que convencerme de que estou no lado correcto da historia, e que o noso pobo precisa un cambio de goberno con urxencia.<\/p>\n<\/blockquote>\n","protected":false},"excerpt":{"rendered":"<div class=\"mh-excerpt\"><p>Marcelino \u00e9 un veci\u00f1o de Sangui\u00f1eda de 60 anos de idade que despois de m\u00e1is de 35 como axente da polic\u00eda local do Concello de Mos xubilouse o pasado 2025 <a class=\"mh-excerpt-more\" href=\"https:\/\/www.anovapeneira.gal\/index.php\/2026\/03\/06\/marcelino-giraldez-ex-policia-local-e-aspirante-a-alcaldia-de-mos\/\" title=\"Marcelino Gir\u00e1ldez ex polic\u00eda local e aspirante \u00e1 alcald\u00eda de Mos\">[&#8230;]<\/a><\/p>\n<\/div>","protected":false},"author":3,"featured_media":15443,"comment_status":"open","ping_status":"open","sticky":false,"template":"","format":"standard","meta":{"_exactmetrics_skip_tracking":false,"_exactmetrics_sitenote_active":false,"_exactmetrics_sitenote_note":"","_exactmetrics_sitenote_category":0,"footnotes":""},"categories":[23],"tags":[218],"class_list":{"0":"post-15442","1":"post","2":"type-post","3":"status-publish","4":"format-standard","5":"has-post-thumbnail","7":"category-a-lourina","8":"tag-concello-de-mos"},"yoast_head":"<!-- This site is optimized with the Yoast SEO plugin v27.4 - https:\/\/yoast.com\/product\/yoast-seo-wordpress\/ -->\n<title>Marcelino Gir\u00e1ldez ex polic\u00eda local e aspirante \u00e1 alcald\u00eda de Mos -<\/title>\n<meta name=\"robots\" content=\"index, follow, max-snippet:-1, max-image-preview:large, max-video-preview:-1\" \/>\n<link rel=\"canonical\" href=\"https:\/\/www.anovapeneira.gal\/index.php\/2026\/03\/06\/marcelino-giraldez-ex-policia-local-e-aspirante-a-alcaldia-de-mos\/\" \/>\n<meta property=\"og:locale\" content=\"gl_ES\" \/>\n<meta property=\"og:type\" content=\"article\" \/>\n<meta property=\"og:title\" content=\"Marcelino Gir\u00e1ldez ex polic\u00eda local e aspirante \u00e1 alcald\u00eda de Mos -\" \/>\n<meta property=\"og:description\" content=\"Marcelino \u00e9 un veci\u00f1o de Sangui\u00f1eda de 60 anos de idade que despois de m\u00e1is de 35 como axente da polic\u00eda local do Concello de Mos xubilouse o pasado 2025 [...]\" \/>\n<meta property=\"og:url\" content=\"https:\/\/www.anovapeneira.gal\/index.php\/2026\/03\/06\/marcelino-giraldez-ex-policia-local-e-aspirante-a-alcaldia-de-mos\/\" \/>\n<meta property=\"article:publisher\" content=\"https:\/\/www.facebook.com\/anovapeneira\" \/>\n<meta property=\"article:published_time\" content=\"2026-03-06T11:00:35+00:00\" \/>\n<meta property=\"og:image\" content=\"https:\/\/www.anovapeneira.gal\/wp-content\/uploads\/2026\/03\/marcelino_giraldez_mos.jpg\" \/>\n\t<meta property=\"og:image:width\" content=\"1080\" \/>\n\t<meta property=\"og:image:height\" content=\"648\" \/>\n\t<meta property=\"og:image:type\" content=\"image\/jpeg\" \/>\n<meta name=\"author\" content=\"Redacci\u00f3n A Nova Peneira\" \/>\n<meta name=\"twitter:card\" content=\"summary_large_image\" \/>\n<meta name=\"twitter:creator\" content=\"@APeneira\" \/>\n<meta name=\"twitter:site\" content=\"@APeneira\" \/>\n<meta name=\"twitter:label1\" content=\"Escrito por\" \/>\n\t<meta name=\"twitter:data1\" content=\"Redacci\u00f3n A Nova Peneira\" \/>\n\t<meta name=\"twitter:label2\" content=\"Tempo de lectura\" \/>\n\t<meta name=\"twitter:data2\" content=\"3 minutos\" \/>\n<script type=\"application\/ld+json\" class=\"yoast-schema-graph\">{\"@context\":\"https:\\\/\\\/schema.org\",\"@graph\":[{\"@type\":\"Article\",\"@id\":\"https:\\\/\\\/www.anovapeneira.gal\\\/index.php\\\/2026\\\/03\\\/06\\\/marcelino-giraldez-ex-policia-local-e-aspirante-a-alcaldia-de-mos\\\/#article\",\"isPartOf\":{\"@id\":\"https:\\\/\\\/www.anovapeneira.gal\\\/index.php\\\/2026\\\/03\\\/06\\\/marcelino-giraldez-ex-policia-local-e-aspirante-a-alcaldia-de-mos\\\/\"},\"author\":{\"name\":\"Redacci\u00f3n A Nova Peneira\",\"@id\":\"https:\\\/\\\/www.anovapeneira.gal\\\/#\\\/schema\\\/person\\\/b93e3f8932e3f8da96334607eb6ac6aa\"},\"headline\":\"Marcelino Gir\u00e1ldez ex polic\u00eda local e aspirante \u00e1 alcald\u00eda de Mos\",\"datePublished\":\"2026-03-06T11:00:35+00:00\",\"mainEntityOfPage\":{\"@id\":\"https:\\\/\\\/www.anovapeneira.gal\\\/index.php\\\/2026\\\/03\\\/06\\\/marcelino-giraldez-ex-policia-local-e-aspirante-a-alcaldia-de-mos\\\/\"},\"wordCount\":1575,\"commentCount\":0,\"publisher\":{\"@id\":\"https:\\\/\\\/www.anovapeneira.gal\\\/#organization\"},\"image\":{\"@id\":\"https:\\\/\\\/www.anovapeneira.gal\\\/index.php\\\/2026\\\/03\\\/06\\\/marcelino-giraldez-ex-policia-local-e-aspirante-a-alcaldia-de-mos\\\/#primaryimage\"},\"thumbnailUrl\":\"https:\\\/\\\/www.anovapeneira.gal\\\/wp-content\\\/uploads\\\/2026\\\/03\\\/marcelino_giraldez_mos.jpg\",\"keywords\":[\"Concello de Mos\"],\"articleSection\":[\"A Louri\u00f1a\"],\"inLanguage\":\"gl-ES\",\"potentialAction\":[{\"@type\":\"CommentAction\",\"name\":\"Comment\",\"target\":[\"https:\\\/\\\/www.anovapeneira.gal\\\/index.php\\\/2026\\\/03\\\/06\\\/marcelino-giraldez-ex-policia-local-e-aspirante-a-alcaldia-de-mos\\\/#respond\"]}]},{\"@type\":\"WebPage\",\"@id\":\"https:\\\/\\\/www.anovapeneira.gal\\\/index.php\\\/2026\\\/03\\\/06\\\/marcelino-giraldez-ex-policia-local-e-aspirante-a-alcaldia-de-mos\\\/\",\"url\":\"https:\\\/\\\/www.anovapeneira.gal\\\/index.php\\\/2026\\\/03\\\/06\\\/marcelino-giraldez-ex-policia-local-e-aspirante-a-alcaldia-de-mos\\\/\",\"name\":\"Marcelino Gir\u00e1ldez ex polic\u00eda local e aspirante \u00e1 alcald\u00eda de Mos -\",\"isPartOf\":{\"@id\":\"https:\\\/\\\/www.anovapeneira.gal\\\/#website\"},\"primaryImageOfPage\":{\"@id\":\"https:\\\/\\\/www.anovapeneira.gal\\\/index.php\\\/2026\\\/03\\\/06\\\/marcelino-giraldez-ex-policia-local-e-aspirante-a-alcaldia-de-mos\\\/#primaryimage\"},\"image\":{\"@id\":\"https:\\\/\\\/www.anovapeneira.gal\\\/index.php\\\/2026\\\/03\\\/06\\\/marcelino-giraldez-ex-policia-local-e-aspirante-a-alcaldia-de-mos\\\/#primaryimage\"},\"thumbnailUrl\":\"https:\\\/\\\/www.anovapeneira.gal\\\/wp-content\\\/uploads\\\/2026\\\/03\\\/marcelino_giraldez_mos.jpg\",\"datePublished\":\"2026-03-06T11:00:35+00:00\",\"breadcrumb\":{\"@id\":\"https:\\\/\\\/www.anovapeneira.gal\\\/index.php\\\/2026\\\/03\\\/06\\\/marcelino-giraldez-ex-policia-local-e-aspirante-a-alcaldia-de-mos\\\/#breadcrumb\"},\"inLanguage\":\"gl-ES\",\"potentialAction\":[{\"@type\":\"ReadAction\",\"target\":[\"https:\\\/\\\/www.anovapeneira.gal\\\/index.php\\\/2026\\\/03\\\/06\\\/marcelino-giraldez-ex-policia-local-e-aspirante-a-alcaldia-de-mos\\\/\"]}]},{\"@type\":\"ImageObject\",\"inLanguage\":\"gl-ES\",\"@id\":\"https:\\\/\\\/www.anovapeneira.gal\\\/index.php\\\/2026\\\/03\\\/06\\\/marcelino-giraldez-ex-policia-local-e-aspirante-a-alcaldia-de-mos\\\/#primaryimage\",\"url\":\"https:\\\/\\\/www.anovapeneira.gal\\\/wp-content\\\/uploads\\\/2026\\\/03\\\/marcelino_giraldez_mos.jpg\",\"contentUrl\":\"https:\\\/\\\/www.anovapeneira.gal\\\/wp-content\\\/uploads\\\/2026\\\/03\\\/marcelino_giraldez_mos.jpg\",\"width\":1080,\"height\":648},{\"@type\":\"BreadcrumbList\",\"@id\":\"https:\\\/\\\/www.anovapeneira.gal\\\/index.php\\\/2026\\\/03\\\/06\\\/marcelino-giraldez-ex-policia-local-e-aspirante-a-alcaldia-de-mos\\\/#breadcrumb\",\"itemListElement\":[{\"@type\":\"ListItem\",\"position\":1,\"name\":\"Portada\",\"item\":\"https:\\\/\\\/www.anovapeneira.gal\\\/\"},{\"@type\":\"ListItem\",\"position\":2,\"name\":\"Marcelino Gir\u00e1ldez ex polic\u00eda local e aspirante \u00e1 alcald\u00eda de Mos\"}]},{\"@type\":\"WebSite\",\"@id\":\"https:\\\/\\\/www.anovapeneira.gal\\\/#website\",\"url\":\"https:\\\/\\\/www.anovapeneira.gal\\\/\",\"name\":\"\",\"description\":\"Xornal galego de informaci\u00f3n xeral Publicaci\u00f3n mensual de novas de Galicia e en especial dos Concellos da sur da provincia de Pontevedra.\",\"publisher\":{\"@id\":\"https:\\\/\\\/www.anovapeneira.gal\\\/#organization\"},\"potentialAction\":[{\"@type\":\"SearchAction\",\"target\":{\"@type\":\"EntryPoint\",\"urlTemplate\":\"https:\\\/\\\/www.anovapeneira.gal\\\/?s={search_term_string}\"},\"query-input\":{\"@type\":\"PropertyValueSpecification\",\"valueRequired\":true,\"valueName\":\"search_term_string\"}}],\"inLanguage\":\"gl-ES\"},{\"@type\":\"Organization\",\"@id\":\"https:\\\/\\\/www.anovapeneira.gal\\\/#organization\",\"name\":\"A Nova Peneira\",\"url\":\"https:\\\/\\\/www.anovapeneira.gal\\\/\",\"logo\":{\"@type\":\"ImageObject\",\"inLanguage\":\"gl-ES\",\"@id\":\"https:\\\/\\\/www.anovapeneira.gal\\\/#\\\/schema\\\/logo\\\/image\\\/\",\"url\":\"http:\\\/\\\/www.anovapeneira.gal\\\/wp-content\\\/uploads\\\/2019\\\/06\\\/logo_a_nova_peneira_portal_web.png\",\"contentUrl\":\"http:\\\/\\\/www.anovapeneira.gal\\\/wp-content\\\/uploads\\\/2019\\\/06\\\/logo_a_nova_peneira_portal_web.png\",\"width\":300,\"height\":100,\"caption\":\"A Nova Peneira\"},\"image\":{\"@id\":\"https:\\\/\\\/www.anovapeneira.gal\\\/#\\\/schema\\\/logo\\\/image\\\/\"},\"sameAs\":[\"https:\\\/\\\/www.facebook.com\\\/anovapeneira\",\"https:\\\/\\\/x.com\\\/APeneira\"]},{\"@type\":\"Person\",\"@id\":\"https:\\\/\\\/www.anovapeneira.gal\\\/#\\\/schema\\\/person\\\/b93e3f8932e3f8da96334607eb6ac6aa\",\"name\":\"Redacci\u00f3n A Nova Peneira\",\"image\":{\"@type\":\"ImageObject\",\"inLanguage\":\"gl-ES\",\"@id\":\"https:\\\/\\\/secure.gravatar.com\\\/avatar\\\/c052a2551a06e23fac63626232eaa90abd78dbcf1700fc46a2b2c89fd27b735f?s=96&d=mm&r=g\",\"url\":\"https:\\\/\\\/secure.gravatar.com\\\/avatar\\\/c052a2551a06e23fac63626232eaa90abd78dbcf1700fc46a2b2c89fd27b735f?s=96&d=mm&r=g\",\"contentUrl\":\"https:\\\/\\\/secure.gravatar.com\\\/avatar\\\/c052a2551a06e23fac63626232eaa90abd78dbcf1700fc46a2b2c89fd27b735f?s=96&d=mm&r=g\",\"caption\":\"Redacci\u00f3n A Nova Peneira\"},\"sameAs\":[\"http:\\\/\\\/www.anovapeneira.gal\\\/\"],\"url\":\"https:\\\/\\\/www.anovapeneira.gal\\\/index.php\\\/author\\\/redactor\\\/\"}]}<\/script>\n<!-- \/ Yoast SEO plugin. -->","yoast_head_json":{"title":"Marcelino Gir\u00e1ldez ex polic\u00eda local e aspirante \u00e1 alcald\u00eda de Mos -","robots":{"index":"index","follow":"follow","max-snippet":"max-snippet:-1","max-image-preview":"max-image-preview:large","max-video-preview":"max-video-preview:-1"},"canonical":"https:\/\/www.anovapeneira.gal\/index.php\/2026\/03\/06\/marcelino-giraldez-ex-policia-local-e-aspirante-a-alcaldia-de-mos\/","og_locale":"gl_ES","og_type":"article","og_title":"Marcelino Gir\u00e1ldez ex polic\u00eda local e aspirante \u00e1 alcald\u00eda de Mos -","og_description":"Marcelino \u00e9 un veci\u00f1o de Sangui\u00f1eda de 60 anos de idade que despois de m\u00e1is de 35 como axente da polic\u00eda local do Concello de Mos xubilouse o pasado 2025 [...]","og_url":"https:\/\/www.anovapeneira.gal\/index.php\/2026\/03\/06\/marcelino-giraldez-ex-policia-local-e-aspirante-a-alcaldia-de-mos\/","article_publisher":"https:\/\/www.facebook.com\/anovapeneira","article_published_time":"2026-03-06T11:00:35+00:00","og_image":[{"width":1080,"height":648,"url":"https:\/\/www.anovapeneira.gal\/wp-content\/uploads\/2026\/03\/marcelino_giraldez_mos.jpg","type":"image\/jpeg"}],"author":"Redacci\u00f3n A Nova Peneira","twitter_card":"summary_large_image","twitter_creator":"@APeneira","twitter_site":"@APeneira","twitter_misc":{"Escrito por":"Redacci\u00f3n A Nova Peneira","Tempo de lectura":"3 minutos"},"schema":{"@context":"https:\/\/schema.org","@graph":[{"@type":"Article","@id":"https:\/\/www.anovapeneira.gal\/index.php\/2026\/03\/06\/marcelino-giraldez-ex-policia-local-e-aspirante-a-alcaldia-de-mos\/#article","isPartOf":{"@id":"https:\/\/www.anovapeneira.gal\/index.php\/2026\/03\/06\/marcelino-giraldez-ex-policia-local-e-aspirante-a-alcaldia-de-mos\/"},"author":{"name":"Redacci\u00f3n A Nova Peneira","@id":"https:\/\/www.anovapeneira.gal\/#\/schema\/person\/b93e3f8932e3f8da96334607eb6ac6aa"},"headline":"Marcelino Gir\u00e1ldez ex polic\u00eda local e aspirante \u00e1 alcald\u00eda de Mos","datePublished":"2026-03-06T11:00:35+00:00","mainEntityOfPage":{"@id":"https:\/\/www.anovapeneira.gal\/index.php\/2026\/03\/06\/marcelino-giraldez-ex-policia-local-e-aspirante-a-alcaldia-de-mos\/"},"wordCount":1575,"commentCount":0,"publisher":{"@id":"https:\/\/www.anovapeneira.gal\/#organization"},"image":{"@id":"https:\/\/www.anovapeneira.gal\/index.php\/2026\/03\/06\/marcelino-giraldez-ex-policia-local-e-aspirante-a-alcaldia-de-mos\/#primaryimage"},"thumbnailUrl":"https:\/\/www.anovapeneira.gal\/wp-content\/uploads\/2026\/03\/marcelino_giraldez_mos.jpg","keywords":["Concello de Mos"],"articleSection":["A Louri\u00f1a"],"inLanguage":"gl-ES","potentialAction":[{"@type":"CommentAction","name":"Comment","target":["https:\/\/www.anovapeneira.gal\/index.php\/2026\/03\/06\/marcelino-giraldez-ex-policia-local-e-aspirante-a-alcaldia-de-mos\/#respond"]}]},{"@type":"WebPage","@id":"https:\/\/www.anovapeneira.gal\/index.php\/2026\/03\/06\/marcelino-giraldez-ex-policia-local-e-aspirante-a-alcaldia-de-mos\/","url":"https:\/\/www.anovapeneira.gal\/index.php\/2026\/03\/06\/marcelino-giraldez-ex-policia-local-e-aspirante-a-alcaldia-de-mos\/","name":"Marcelino Gir\u00e1ldez ex polic\u00eda local e aspirante \u00e1 alcald\u00eda de Mos -","isPartOf":{"@id":"https:\/\/www.anovapeneira.gal\/#website"},"primaryImageOfPage":{"@id":"https:\/\/www.anovapeneira.gal\/index.php\/2026\/03\/06\/marcelino-giraldez-ex-policia-local-e-aspirante-a-alcaldia-de-mos\/#primaryimage"},"image":{"@id":"https:\/\/www.anovapeneira.gal\/index.php\/2026\/03\/06\/marcelino-giraldez-ex-policia-local-e-aspirante-a-alcaldia-de-mos\/#primaryimage"},"thumbnailUrl":"https:\/\/www.anovapeneira.gal\/wp-content\/uploads\/2026\/03\/marcelino_giraldez_mos.jpg","datePublished":"2026-03-06T11:00:35+00:00","breadcrumb":{"@id":"https:\/\/www.anovapeneira.gal\/index.php\/2026\/03\/06\/marcelino-giraldez-ex-policia-local-e-aspirante-a-alcaldia-de-mos\/#breadcrumb"},"inLanguage":"gl-ES","potentialAction":[{"@type":"ReadAction","target":["https:\/\/www.anovapeneira.gal\/index.php\/2026\/03\/06\/marcelino-giraldez-ex-policia-local-e-aspirante-a-alcaldia-de-mos\/"]}]},{"@type":"ImageObject","inLanguage":"gl-ES","@id":"https:\/\/www.anovapeneira.gal\/index.php\/2026\/03\/06\/marcelino-giraldez-ex-policia-local-e-aspirante-a-alcaldia-de-mos\/#primaryimage","url":"https:\/\/www.anovapeneira.gal\/wp-content\/uploads\/2026\/03\/marcelino_giraldez_mos.jpg","contentUrl":"https:\/\/www.anovapeneira.gal\/wp-content\/uploads\/2026\/03\/marcelino_giraldez_mos.jpg","width":1080,"height":648},{"@type":"BreadcrumbList","@id":"https:\/\/www.anovapeneira.gal\/index.php\/2026\/03\/06\/marcelino-giraldez-ex-policia-local-e-aspirante-a-alcaldia-de-mos\/#breadcrumb","itemListElement":[{"@type":"ListItem","position":1,"name":"Portada","item":"https:\/\/www.anovapeneira.gal\/"},{"@type":"ListItem","position":2,"name":"Marcelino Gir\u00e1ldez ex polic\u00eda local e aspirante \u00e1 alcald\u00eda de Mos"}]},{"@type":"WebSite","@id":"https:\/\/www.anovapeneira.gal\/#website","url":"https:\/\/www.anovapeneira.gal\/","name":"","description":"Xornal galego de informaci\u00f3n xeral Publicaci\u00f3n mensual de novas de Galicia e en especial dos Concellos da sur da provincia de Pontevedra.","publisher":{"@id":"https:\/\/www.anovapeneira.gal\/#organization"},"potentialAction":[{"@type":"SearchAction","target":{"@type":"EntryPoint","urlTemplate":"https:\/\/www.anovapeneira.gal\/?s={search_term_string}"},"query-input":{"@type":"PropertyValueSpecification","valueRequired":true,"valueName":"search_term_string"}}],"inLanguage":"gl-ES"},{"@type":"Organization","@id":"https:\/\/www.anovapeneira.gal\/#organization","name":"A Nova Peneira","url":"https:\/\/www.anovapeneira.gal\/","logo":{"@type":"ImageObject","inLanguage":"gl-ES","@id":"https:\/\/www.anovapeneira.gal\/#\/schema\/logo\/image\/","url":"http:\/\/www.anovapeneira.gal\/wp-content\/uploads\/2019\/06\/logo_a_nova_peneira_portal_web.png","contentUrl":"http:\/\/www.anovapeneira.gal\/wp-content\/uploads\/2019\/06\/logo_a_nova_peneira_portal_web.png","width":300,"height":100,"caption":"A Nova Peneira"},"image":{"@id":"https:\/\/www.anovapeneira.gal\/#\/schema\/logo\/image\/"},"sameAs":["https:\/\/www.facebook.com\/anovapeneira","https:\/\/x.com\/APeneira"]},{"@type":"Person","@id":"https:\/\/www.anovapeneira.gal\/#\/schema\/person\/b93e3f8932e3f8da96334607eb6ac6aa","name":"Redacci\u00f3n A Nova Peneira","image":{"@type":"ImageObject","inLanguage":"gl-ES","@id":"https:\/\/secure.gravatar.com\/avatar\/c052a2551a06e23fac63626232eaa90abd78dbcf1700fc46a2b2c89fd27b735f?s=96&d=mm&r=g","url":"https:\/\/secure.gravatar.com\/avatar\/c052a2551a06e23fac63626232eaa90abd78dbcf1700fc46a2b2c89fd27b735f?s=96&d=mm&r=g","contentUrl":"https:\/\/secure.gravatar.com\/avatar\/c052a2551a06e23fac63626232eaa90abd78dbcf1700fc46a2b2c89fd27b735f?s=96&d=mm&r=g","caption":"Redacci\u00f3n A Nova Peneira"},"sameAs":["http:\/\/www.anovapeneira.gal\/"],"url":"https:\/\/www.anovapeneira.gal\/index.php\/author\/redactor\/"}]}},"jetpack_featured_media_url":"https:\/\/www.anovapeneira.gal\/wp-content\/uploads\/2026\/03\/marcelino_giraldez_mos.jpg","_links":{"self":[{"href":"https:\/\/www.anovapeneira.gal\/index.php\/wp-json\/wp\/v2\/posts\/15442","targetHints":{"allow":["GET"]}}],"collection":[{"href":"https:\/\/www.anovapeneira.gal\/index.php\/wp-json\/wp\/v2\/posts"}],"about":[{"href":"https:\/\/www.anovapeneira.gal\/index.php\/wp-json\/wp\/v2\/types\/post"}],"author":[{"embeddable":true,"href":"https:\/\/www.anovapeneira.gal\/index.php\/wp-json\/wp\/v2\/users\/3"}],"replies":[{"embeddable":true,"href":"https:\/\/www.anovapeneira.gal\/index.php\/wp-json\/wp\/v2\/comments?post=15442"}],"version-history":[{"count":1,"href":"https:\/\/www.anovapeneira.gal\/index.php\/wp-json\/wp\/v2\/posts\/15442\/revisions"}],"predecessor-version":[{"id":15444,"href":"https:\/\/www.anovapeneira.gal\/index.php\/wp-json\/wp\/v2\/posts\/15442\/revisions\/15444"}],"wp:featuredmedia":[{"embeddable":true,"href":"https:\/\/www.anovapeneira.gal\/index.php\/wp-json\/wp\/v2\/media\/15443"}],"wp:attachment":[{"href":"https:\/\/www.anovapeneira.gal\/index.php\/wp-json\/wp\/v2\/media?parent=15442"}],"wp:term":[{"taxonomy":"category","embeddable":true,"href":"https:\/\/www.anovapeneira.gal\/index.php\/wp-json\/wp\/v2\/categories?post=15442"},{"taxonomy":"post_tag","embeddable":true,"href":"https:\/\/www.anovapeneira.gal\/index.php\/wp-json\/wp\/v2\/tags?post=15442"}],"curies":[{"name":"wp","href":"https:\/\/api.w.org\/{rel}","templated":true}]}}