{"id":15447,"date":"2026-03-08T09:00:33","date_gmt":"2026-03-08T08:00:33","guid":{"rendered":"https:\/\/www.anovapeneira.gal\/?p=15447"},"modified":"2026-03-06T09:52:57","modified_gmt":"2026-03-06T08:52:57","slug":"8m-nin-submisas-nin-depredadoras-feministas","status":"publish","type":"post","link":"https:\/\/www.anovapeneira.gal\/index.php\/2026\/03\/08\/8m-nin-submisas-nin-depredadoras-feministas\/","title":{"rendered":"8M: Nin submisas, nin depredadoras. Feministas"},"content":{"rendered":"\n<blockquote class=\"wp-block-quote is-layout-flow wp-block-quote-is-layout-flow\">\n<p>Carme Santos<\/p>\n<\/blockquote>\n\n\n\n<h2 class=\"wp-block-heading\">Este 8M quero escribir desde a complexidade. Desde a gratitude. Desde a autocr\u00edtica. E tam\u00e9n desde a firmeza.<\/h2>\n\n\n\n<p>Porque, se algo aprend\u00edn mirando \u00e1s mulleres da mi\u00f1a familia, \u00e1s mi\u00f1as amigas, \u00e1s mi\u00f1as compa\u00f1eiras no \u00e1mbito cient\u00edfico-administrativo e \u00e1s amigas e compa\u00f1eiras da mi\u00f1a etapa pol\u00edtica, \u00e9 que <strong>o feminismo real non \u00e9 un apoio puntual nin unha consigna que se activa cando conv\u00e9n. \u00c9 resistencia coti\u00e1.<\/strong><\/p>\n\n\n\n<p>Traballo a diario con mulleres que est\u00e1n nos laboratorios e nos despachos do CSIC, sostendo proxectos brillantes mentres mante\u00f1en maternidades en \u00e9pocas nas que a conciliaci\u00f3n segue sendo unha carreira de obst\u00e1culos. Traballo con investigadoras que ad\u00edan publicaci\u00f3ns, ad\u00edan ou renuncian \u00e1 maternidade mentres consolidan a s\u00faa carreira ou multiplican o seu esforzo para que ningu\u00e9n poida cuestionar o seu m\u00e9rito. Traballo con xestoras rigorosas e eficientes que co\u00f1ecen mellor ca ningu\u00e9n os engrenaxes do sistema e que, a\u00ednda as\u00ed, te\u00f1en que demostrar constantemente que a s\u00faa autoridade \u00e9 lex\u00edtima. E fano sen ru\u00eddo \u00e9pico, sen vitimismo performativo, cunha \u00e9tica de traballo que impresiona.<\/p>\n\n\n\n<p><strong>Nada disto \u00e9 casualidade, malia que moitas veces non sexamos conscientes. \u00c9 herdanza das loitas feministas, <\/strong>das que est\u00e1n e das que xa non est\u00e1n, das que abriron cami\u00f1o en contextos moito m\u00e1is duros e das que herdamos os froitos deste esforzo colectivo.<\/p>\n\n\n\n<p>E quero dicir isto en primeiro lugar, despois de reflexionar moito \u2014con decepci\u00f3n inclu\u00edda\u2014 sobre os esc\u00e1ndalos que salpicaron membros dos partidos de esquerdas nos \u00faltimos tempos. Inicialmente a decepci\u00f3n pesaba e impo\u00f1\u00edase a sensaci\u00f3n de que demasiadas veces desde a pol\u00edtica non se est\u00e1 suficientemente \u00e1 altura. Pero cando afondo na reflexi\u00f3n, dec\u00e1tome de que iso \u00e9 mercar o discurso do patriarcado e do neoliberalismo, ademais de ser un relato absolutamente inxusto. Expl\u00edcome.<\/p>\n\n\n\n<p>Por unha banda, \u00e9 profundamente decepcionante ver como determinadas mulleres da dereita actual \u2014Isabel D\u00edaz Ayuso, Cayetana \u00c1lvarez de Toledo, Roc\u00edo Monasterio; malia que d\u00e1 igual o nome\u2014 negan o machismo estrutural e ridiculizan o feminismo, cando elas, queiran ou non, son v\u00edtimas do mesmo machismo c\u00e1s demais e est\u00e1n atravesadas pola mesma estrutura patriarcal que nos castiga a todas.<\/p>\n\n\n\n<p>Non vou ser eu quen diga que non chegaron ao seu posto por cualidades e esforzo persoal, pero non por iso deixan de ser utilizadas para maquillar un machismo que nas s\u00faas organizaci\u00f3ns segue intacto. Porque, malia que logran chegar a esas cotas de poder, son igualmente cuestionadas, mesmo polos mesmos que as apoiaron, algo que negar\u00e1n sempre. E negaranos por simple supervivencia nos seus partidos. Ata aqu\u00ed, incluso podo sentir algo de empat\u00eda.<\/p>\n\n\n\n<p>Pero co que non podo empatizar en ning\u00fan caso \u00e9 con que, vivindo as dificultades de ascenso para as mulleres nas s\u00faas organizaci\u00f3ns \u2014ascenso que se lles permite para camuflar ante a sociedade o seu machismo por r\u00e9dito electoral\u2014 te\u00f1an esa incontrolable violencia dial\u00e9ctica cara \u00e1s mulleres feministas, e que o m\u00e1is amable que nos digan sexa \u201ctolas\u201d, \u201cfeminazis\u201d ou \u201chip\u00f3critas\u201d, desacreditando loitas colectivas e impugnando avances conquistados. <strong>Ademais de eticamente reprobable, defender os mesmos mantras que nos fan dano a todas, no fondo, \u00e9 profundamente irresponsable.<\/strong><\/p>\n\n\n\n<p>Se ser \u201cfeminazis\u201d significa defender que nenas e nenos te\u00f1an os mesmos dereitos, que as mulleres cobren o mesmo ca os homes polo mesmo traballo, que a maternidade non penalice carreiras, que a discapacidade, a orixe humilde ou a pertenza a unha minor\u00eda \u00e9tnica ou racial non multipliquen a exclusi\u00f3n e que existan leis que nos protexan contra a violencia machista, ent\u00f3n a palabra deixa de ser ofensiva e conv\u00e9rtese nun eloxio: pois si, somos &#8220;feminazis&#8221; con orgullo, e iso \u00e9 s\u00edntoma de que estamos facendo as cousas ben.<\/p>\n\n\n\n<p>Dito isto, sinalalas non nos exime da autocr\u00edtica.<\/p>\n\n\n\n<p>Porque desde posici\u00f3ns progresistas, e desde espazos que se declaran feministas, temos que revisar pr\u00e1cticas, liderados e din\u00e1micas internas.<\/p>\n\n\n\n<p>Hai membros moi destacados da esquerda que non estiveron \u00e1 altura e que fixeron un dano enorme \u00e1 causa feminista, \u00e1 igualdade e \u00e1s propias mulleres con comportamentos absolutamente repulsivos: denuncias por acoso, agresi\u00f3ns sexuais, violencia contra as mulleres, utilizaci\u00f3n da prostituci\u00f3n, encubrimento e un longo etc\u00e9tera que nos avergo\u00f1a, nos provoca noxo e nos obriga a actuar con contundencia. Para min, toda esa xente traizoou as ideas e valores feministas da esquerda, e non hai ning\u00fan tipo de escusa para minimizar o dano que fixeron.<\/p>\n\n\n\n<p>Pero, pese a todo iso, hai que lembrar a hemeroteca, porque hai diferenzas fundamentais entre o tratamento destes casos e a actuaci\u00f3n hist\u00f3rica da dereita no referente ao avance nos dereitos e oportunidades das mulleres. <strong>Sen as leis feministas impulsadas e aprobadas en solitario pola esquerda social, moitos dos avances non ser\u00edan posibles.<\/strong><\/p>\n\n\n\n<p>Cos partidos da dereita ser\u00eda m\u00e1is ben todo o contrario: retrocesos, impunidade, silencio, revitimizaci\u00f3n da muller e ataques masivos contra n\u00f3s. Os partidos da dereita votaron sistematicamente en todas as c\u00e1maras lexislativas en contra das leis feministas, ou opux\u00e9ronse directamente recorrendo a tribunais, medios de comunicaci\u00f3n, ridiculiz\u00e1ndoas, negando o machismo e a violencia estrutural contra a muller e, ao mesmo tempo, benefici\u00e1ndose dos dereitos conquistados pola loita feminista: cotas de igualdade, permisos de maternidade e paternidade, protecci\u00f3n fronte \u00e1 violencia machista, pol\u00edticas de conciliaci\u00f3n e un longo etc\u00e9tera.<\/p>\n\n\n\n<p>E m\u00e1is: o punto m\u00e1is diferenciador entre os partidos de esquerdas e de dereitas \u00e9 que, sen as leis feministas da esquerda progresista, os homes responsables deste tipo de condutas \u2014acoso ou outros delitos de violencia machista\u2014 hoxe non ter\u00edan que responder ante a xustiza. <strong>Grazas \u00e1s leis e pol\u00edticas progresistas, agora te\u00f1en que render contas perante os tribunais, os medios de comunicaci\u00f3n, as s\u00faas organizaci\u00f3ns pol\u00edticas e fronte \u00e1 sociedade. Sen as leis feministas, ficar\u00edan impunes.<\/strong> Esa \u00e9, por dicilo as\u00ed, a xustiza po\u00e9tica do maior triunfo das mulleres no seu conxunto e do movemento feminista en todos os recunchos da sociedade. Estes se\u00f1ores van ser xulgados polas mesmas normas que votaron a favor, pese a non creren nelas. <strong>Iso \u00e9 o \u00e9xito do feminismo na s\u00faa m\u00e1xima expresi\u00f3n.<\/strong><\/p>\n\n\n\n<p>Porque \u00e9 certo que o machismo non \u00e9 alleo a ningunha organizaci\u00f3n e que o feminismo non \u00e9 patrimonio de ning\u00fan partido. Pero o que \u00e9 absolutamente incompatible \u00e9 afirmar que \u201capoias\u201d e \u201cdefendes\u201d a muller ao mesmo tempo que negas o machismo estrutural que sofre e non fas nada por eliminalo da sociedade, salvo facer demagoxia e carro\u00f1er\u00eda electoral mentres te dedicas a po\u00f1er paus nas rodas \u00e1s leis e medidas para erradicar o machismo e as violencias contra as mulleres.<\/p>\n\n\n\n<p>Por iso, tampouco abonda con que unha muller chegue arriba. A pregunta \u00e9 como chega e que fai cando est\u00e1 al\u00ed.<\/p>\n\n\n\n<p><strong>O liderado feminino non \u00e9 automaticamente feminista<\/strong>. Ter un m\u00e1ster en igualdade non converte a ningu\u00e9n en feminista. E utilizar o discurso da meritocracia para negar os privilexios estruturais non \u00e9 emancipador: \u00e9 servir ao poder patriarcal e neoliberal de sempre.<\/p>\n\n\n\n<p>Por iso mesmo, este 8M non pode ser s\u00f3 unha denuncia cara a f\u00f3ra; ten que ser tam\u00e9n unha mirada cara a dentro. Porque o machismo non opera unicamente desde os homes: tam\u00e9n vive en n\u00f3s cando reproducimos competencia feroz, cando sospeitamos da que destaca, cuestionamos a reivindicativa, desconfiamos da politizada, criticamos a que lidera, descualificamos a que ten ambici\u00f3ns lex\u00edtimas, examinamos con lupa a que fala alto; mentres premiamos a docilidade e a submisi\u00f3n, pero castigamos o empoderamento e a autonom\u00eda.<\/p>\n\n\n\n<p>O machismo pretende convencernos de que a muller \u00f3ptima \u00e9 a que volve \u00e1 coci\u00f1a cun sorriso doce e voz pequena, ou a que ocupa un cargo reproducindo os esquemas m\u00e1is duros do poder tradicional. <strong>Por iso non queremos ser nin submisas nin depredadoras. <\/strong>As feministas loitamos porque non cremos nin na concepci\u00f3n da muller como ser submiso que cala nin na que exerce contra outras mulleres o machismo que queremos erradicar. <strong>Porque o noso inimigo non son os homes: \u00e9 o machismo.<\/strong><\/p>\n\n\n\n<p>Por iso o feminismo non pode limitarse a colocar mulleres nos mesmos esquemas de dominaci\u00f3n. <strong>Ten que transformar a maneira de exercer o poder: incorporar o coidado, a cooperaci\u00f3n, a corresponsabilidade e a xustiza social como eixos centrais<\/strong>. Non como debilidade, sen\u00f3n como fortaleza social.<\/p>\n\n\n\n<p>Este 8M \u00e9 unha chamada \u00e1 coherencia e \u00e1 valent\u00eda. E, sobre todo, a non permitir que os nosos erros sexan utilizados para desmantelar d\u00e9cadas de dereitos conquistados.<\/p>\n\n\n\n<p>Por iso, e para rematar esta longa reflexi\u00f3n, celebramos as que investigan, as que coidan, as que gobernan, as que educan, as que lideran, as que escriben, as que emprenden, as que protestan, as que soste\u00f1en familias e instituci\u00f3ns. Celebramos as que chegaron antes ca n\u00f3s e as que est\u00e1n a abrir cami\u00f1o agora.<\/p>\n\n\n\n<p><strong>Porque cando unha muller avanza soa, resiste.<\/strong><\/p>\n\n\n\n<p><strong>Cando avanzamos xuntas, transformamos.<\/strong><\/p>\n","protected":false},"excerpt":{"rendered":"<div class=\"mh-excerpt\"><p>Este 8M quero escribir desde a complexidade. Desde a gratitude. Desde a autocr\u00edtica. E tam\u00e9n desde a firmeza. <a class=\"mh-excerpt-more\" href=\"https:\/\/www.anovapeneira.gal\/index.php\/2026\/03\/08\/8m-nin-submisas-nin-depredadoras-feministas\/\" title=\"8M: Nin submisas, nin depredadoras. Feministas\">[&#8230;]<\/a><\/p>\n<\/div>","protected":false},"author":12,"featured_media":14254,"comment_status":"open","ping_status":"open","sticky":false,"template":"","format":"standard","meta":{"_exactmetrics_skip_tracking":false,"_exactmetrics_sitenote_active":false,"_exactmetrics_sitenote_note":"","_exactmetrics_sitenote_category":0,"footnotes":""},"categories":[7],"tags":[],"class_list":{"0":"post-15447","1":"post","2":"type-post","3":"status-publish","4":"format-standard","5":"has-post-thumbnail","7":"category-artigos-de-opinion"},"yoast_head":"<!-- This site is optimized with the Yoast SEO plugin v27.4 - https:\/\/yoast.com\/product\/yoast-seo-wordpress\/ -->\n<title>8M: Nin submisas, nin depredadoras. Feministas -<\/title>\n<meta name=\"robots\" content=\"index, follow, max-snippet:-1, max-image-preview:large, max-video-preview:-1\" \/>\n<link rel=\"canonical\" href=\"https:\/\/www.anovapeneira.gal\/index.php\/2026\/03\/08\/8m-nin-submisas-nin-depredadoras-feministas\/\" \/>\n<meta property=\"og:locale\" content=\"gl_ES\" \/>\n<meta property=\"og:type\" content=\"article\" \/>\n<meta property=\"og:title\" content=\"8M: Nin submisas, nin depredadoras. Feministas -\" \/>\n<meta property=\"og:description\" content=\"Este 8M quero escribir desde a complexidade. Desde a gratitude. Desde a autocr\u00edtica. E tam\u00e9n desde a firmeza. [...]\" \/>\n<meta property=\"og:url\" content=\"https:\/\/www.anovapeneira.gal\/index.php\/2026\/03\/08\/8m-nin-submisas-nin-depredadoras-feministas\/\" \/>\n<meta property=\"article:publisher\" content=\"https:\/\/www.facebook.com\/anovapeneira\" \/>\n<meta property=\"article:published_time\" content=\"2026-03-08T08:00:33+00:00\" \/>\n<meta property=\"og:image\" content=\"https:\/\/www.anovapeneira.gal\/wp-content\/uploads\/2025\/07\/carmen_santos.jpg\" \/>\n\t<meta property=\"og:image:width\" content=\"720\" \/>\n\t<meta property=\"og:image:height\" content=\"432\" \/>\n\t<meta property=\"og:image:type\" content=\"image\/jpeg\" \/>\n<meta name=\"author\" content=\"Artigos Opini\u00f3n\" \/>\n<meta name=\"twitter:card\" content=\"summary_large_image\" \/>\n<meta name=\"twitter:creator\" content=\"@APeneira\" \/>\n<meta name=\"twitter:site\" content=\"@APeneira\" \/>\n<meta name=\"twitter:label1\" content=\"Escrito por\" \/>\n\t<meta name=\"twitter:data1\" content=\"Artigos Opini\u00f3n\" \/>\n\t<meta name=\"twitter:label2\" content=\"Tempo de lectura\" \/>\n\t<meta name=\"twitter:data2\" content=\"9 minutos\" \/>\n<script type=\"application\/ld+json\" class=\"yoast-schema-graph\">{\"@context\":\"https:\\\/\\\/schema.org\",\"@graph\":[{\"@type\":\"Article\",\"@id\":\"https:\\\/\\\/www.anovapeneira.gal\\\/index.php\\\/2026\\\/03\\\/08\\\/8m-nin-submisas-nin-depredadoras-feministas\\\/#article\",\"isPartOf\":{\"@id\":\"https:\\\/\\\/www.anovapeneira.gal\\\/index.php\\\/2026\\\/03\\\/08\\\/8m-nin-submisas-nin-depredadoras-feministas\\\/\"},\"author\":{\"name\":\"Artigos Opini\u00f3n\",\"@id\":\"https:\\\/\\\/www.anovapeneira.gal\\\/#\\\/schema\\\/person\\\/f18a4feb302e8f20bcef4490b5b60bb3\"},\"headline\":\"8M: Nin submisas, nin depredadoras. Feministas\",\"datePublished\":\"2026-03-08T08:00:33+00:00\",\"mainEntityOfPage\":{\"@id\":\"https:\\\/\\\/www.anovapeneira.gal\\\/index.php\\\/2026\\\/03\\\/08\\\/8m-nin-submisas-nin-depredadoras-feministas\\\/\"},\"wordCount\":1537,\"commentCount\":0,\"publisher\":{\"@id\":\"https:\\\/\\\/www.anovapeneira.gal\\\/#organization\"},\"image\":{\"@id\":\"https:\\\/\\\/www.anovapeneira.gal\\\/index.php\\\/2026\\\/03\\\/08\\\/8m-nin-submisas-nin-depredadoras-feministas\\\/#primaryimage\"},\"thumbnailUrl\":\"https:\\\/\\\/www.anovapeneira.gal\\\/wp-content\\\/uploads\\\/2025\\\/07\\\/carmen_santos.jpg\",\"articleSection\":[\"Artigos de opini\u00f3n\"],\"inLanguage\":\"gl-ES\",\"potentialAction\":[{\"@type\":\"CommentAction\",\"name\":\"Comment\",\"target\":[\"https:\\\/\\\/www.anovapeneira.gal\\\/index.php\\\/2026\\\/03\\\/08\\\/8m-nin-submisas-nin-depredadoras-feministas\\\/#respond\"]}]},{\"@type\":\"WebPage\",\"@id\":\"https:\\\/\\\/www.anovapeneira.gal\\\/index.php\\\/2026\\\/03\\\/08\\\/8m-nin-submisas-nin-depredadoras-feministas\\\/\",\"url\":\"https:\\\/\\\/www.anovapeneira.gal\\\/index.php\\\/2026\\\/03\\\/08\\\/8m-nin-submisas-nin-depredadoras-feministas\\\/\",\"name\":\"8M: Nin submisas, nin depredadoras. Feministas -\",\"isPartOf\":{\"@id\":\"https:\\\/\\\/www.anovapeneira.gal\\\/#website\"},\"primaryImageOfPage\":{\"@id\":\"https:\\\/\\\/www.anovapeneira.gal\\\/index.php\\\/2026\\\/03\\\/08\\\/8m-nin-submisas-nin-depredadoras-feministas\\\/#primaryimage\"},\"image\":{\"@id\":\"https:\\\/\\\/www.anovapeneira.gal\\\/index.php\\\/2026\\\/03\\\/08\\\/8m-nin-submisas-nin-depredadoras-feministas\\\/#primaryimage\"},\"thumbnailUrl\":\"https:\\\/\\\/www.anovapeneira.gal\\\/wp-content\\\/uploads\\\/2025\\\/07\\\/carmen_santos.jpg\",\"datePublished\":\"2026-03-08T08:00:33+00:00\",\"breadcrumb\":{\"@id\":\"https:\\\/\\\/www.anovapeneira.gal\\\/index.php\\\/2026\\\/03\\\/08\\\/8m-nin-submisas-nin-depredadoras-feministas\\\/#breadcrumb\"},\"inLanguage\":\"gl-ES\",\"potentialAction\":[{\"@type\":\"ReadAction\",\"target\":[\"https:\\\/\\\/www.anovapeneira.gal\\\/index.php\\\/2026\\\/03\\\/08\\\/8m-nin-submisas-nin-depredadoras-feministas\\\/\"]}]},{\"@type\":\"ImageObject\",\"inLanguage\":\"gl-ES\",\"@id\":\"https:\\\/\\\/www.anovapeneira.gal\\\/index.php\\\/2026\\\/03\\\/08\\\/8m-nin-submisas-nin-depredadoras-feministas\\\/#primaryimage\",\"url\":\"https:\\\/\\\/www.anovapeneira.gal\\\/wp-content\\\/uploads\\\/2025\\\/07\\\/carmen_santos.jpg\",\"contentUrl\":\"https:\\\/\\\/www.anovapeneira.gal\\\/wp-content\\\/uploads\\\/2025\\\/07\\\/carmen_santos.jpg\",\"width\":720,\"height\":432,\"caption\":\"Carme santos\"},{\"@type\":\"BreadcrumbList\",\"@id\":\"https:\\\/\\\/www.anovapeneira.gal\\\/index.php\\\/2026\\\/03\\\/08\\\/8m-nin-submisas-nin-depredadoras-feministas\\\/#breadcrumb\",\"itemListElement\":[{\"@type\":\"ListItem\",\"position\":1,\"name\":\"Portada\",\"item\":\"https:\\\/\\\/www.anovapeneira.gal\\\/\"},{\"@type\":\"ListItem\",\"position\":2,\"name\":\"8M: Nin submisas, nin depredadoras. Feministas\"}]},{\"@type\":\"WebSite\",\"@id\":\"https:\\\/\\\/www.anovapeneira.gal\\\/#website\",\"url\":\"https:\\\/\\\/www.anovapeneira.gal\\\/\",\"name\":\"\",\"description\":\"Xornal galego de informaci\u00f3n xeral Publicaci\u00f3n mensual de novas de Galicia e en especial dos Concellos da sur da provincia de Pontevedra.\",\"publisher\":{\"@id\":\"https:\\\/\\\/www.anovapeneira.gal\\\/#organization\"},\"potentialAction\":[{\"@type\":\"SearchAction\",\"target\":{\"@type\":\"EntryPoint\",\"urlTemplate\":\"https:\\\/\\\/www.anovapeneira.gal\\\/?s={search_term_string}\"},\"query-input\":{\"@type\":\"PropertyValueSpecification\",\"valueRequired\":true,\"valueName\":\"search_term_string\"}}],\"inLanguage\":\"gl-ES\"},{\"@type\":\"Organization\",\"@id\":\"https:\\\/\\\/www.anovapeneira.gal\\\/#organization\",\"name\":\"A Nova Peneira\",\"url\":\"https:\\\/\\\/www.anovapeneira.gal\\\/\",\"logo\":{\"@type\":\"ImageObject\",\"inLanguage\":\"gl-ES\",\"@id\":\"https:\\\/\\\/www.anovapeneira.gal\\\/#\\\/schema\\\/logo\\\/image\\\/\",\"url\":\"http:\\\/\\\/www.anovapeneira.gal\\\/wp-content\\\/uploads\\\/2019\\\/06\\\/logo_a_nova_peneira_portal_web.png\",\"contentUrl\":\"http:\\\/\\\/www.anovapeneira.gal\\\/wp-content\\\/uploads\\\/2019\\\/06\\\/logo_a_nova_peneira_portal_web.png\",\"width\":300,\"height\":100,\"caption\":\"A Nova Peneira\"},\"image\":{\"@id\":\"https:\\\/\\\/www.anovapeneira.gal\\\/#\\\/schema\\\/logo\\\/image\\\/\"},\"sameAs\":[\"https:\\\/\\\/www.facebook.com\\\/anovapeneira\",\"https:\\\/\\\/x.com\\\/APeneira\"]},{\"@type\":\"Person\",\"@id\":\"https:\\\/\\\/www.anovapeneira.gal\\\/#\\\/schema\\\/person\\\/f18a4feb302e8f20bcef4490b5b60bb3\",\"name\":\"Artigos Opini\u00f3n\",\"image\":{\"@type\":\"ImageObject\",\"inLanguage\":\"gl-ES\",\"@id\":\"https:\\\/\\\/secure.gravatar.com\\\/avatar\\\/072844300f4881150aee2da4278f7a65d16eefdf8262eb67085f1e702de2b959?s=96&d=mm&r=g\",\"url\":\"https:\\\/\\\/secure.gravatar.com\\\/avatar\\\/072844300f4881150aee2da4278f7a65d16eefdf8262eb67085f1e702de2b959?s=96&d=mm&r=g\",\"contentUrl\":\"https:\\\/\\\/secure.gravatar.com\\\/avatar\\\/072844300f4881150aee2da4278f7a65d16eefdf8262eb67085f1e702de2b959?s=96&d=mm&r=g\",\"caption\":\"Artigos Opini\u00f3n\"},\"sameAs\":[\"http:\\\/\\\/anovapeneira.gal\"],\"url\":\"https:\\\/\\\/www.anovapeneira.gal\\\/index.php\\\/author\\\/artigosopinion\\\/\"}]}<\/script>\n<!-- \/ Yoast SEO plugin. -->","yoast_head_json":{"title":"8M: Nin submisas, nin depredadoras. Feministas -","robots":{"index":"index","follow":"follow","max-snippet":"max-snippet:-1","max-image-preview":"max-image-preview:large","max-video-preview":"max-video-preview:-1"},"canonical":"https:\/\/www.anovapeneira.gal\/index.php\/2026\/03\/08\/8m-nin-submisas-nin-depredadoras-feministas\/","og_locale":"gl_ES","og_type":"article","og_title":"8M: Nin submisas, nin depredadoras. Feministas -","og_description":"Este 8M quero escribir desde a complexidade. Desde a gratitude. Desde a autocr\u00edtica. E tam\u00e9n desde a firmeza. [...]","og_url":"https:\/\/www.anovapeneira.gal\/index.php\/2026\/03\/08\/8m-nin-submisas-nin-depredadoras-feministas\/","article_publisher":"https:\/\/www.facebook.com\/anovapeneira","article_published_time":"2026-03-08T08:00:33+00:00","og_image":[{"width":720,"height":432,"url":"https:\/\/www.anovapeneira.gal\/wp-content\/uploads\/2025\/07\/carmen_santos.jpg","type":"image\/jpeg"}],"author":"Artigos Opini\u00f3n","twitter_card":"summary_large_image","twitter_creator":"@APeneira","twitter_site":"@APeneira","twitter_misc":{"Escrito por":"Artigos Opini\u00f3n","Tempo de lectura":"9 minutos"},"schema":{"@context":"https:\/\/schema.org","@graph":[{"@type":"Article","@id":"https:\/\/www.anovapeneira.gal\/index.php\/2026\/03\/08\/8m-nin-submisas-nin-depredadoras-feministas\/#article","isPartOf":{"@id":"https:\/\/www.anovapeneira.gal\/index.php\/2026\/03\/08\/8m-nin-submisas-nin-depredadoras-feministas\/"},"author":{"name":"Artigos Opini\u00f3n","@id":"https:\/\/www.anovapeneira.gal\/#\/schema\/person\/f18a4feb302e8f20bcef4490b5b60bb3"},"headline":"8M: Nin submisas, nin depredadoras. Feministas","datePublished":"2026-03-08T08:00:33+00:00","mainEntityOfPage":{"@id":"https:\/\/www.anovapeneira.gal\/index.php\/2026\/03\/08\/8m-nin-submisas-nin-depredadoras-feministas\/"},"wordCount":1537,"commentCount":0,"publisher":{"@id":"https:\/\/www.anovapeneira.gal\/#organization"},"image":{"@id":"https:\/\/www.anovapeneira.gal\/index.php\/2026\/03\/08\/8m-nin-submisas-nin-depredadoras-feministas\/#primaryimage"},"thumbnailUrl":"https:\/\/www.anovapeneira.gal\/wp-content\/uploads\/2025\/07\/carmen_santos.jpg","articleSection":["Artigos de opini\u00f3n"],"inLanguage":"gl-ES","potentialAction":[{"@type":"CommentAction","name":"Comment","target":["https:\/\/www.anovapeneira.gal\/index.php\/2026\/03\/08\/8m-nin-submisas-nin-depredadoras-feministas\/#respond"]}]},{"@type":"WebPage","@id":"https:\/\/www.anovapeneira.gal\/index.php\/2026\/03\/08\/8m-nin-submisas-nin-depredadoras-feministas\/","url":"https:\/\/www.anovapeneira.gal\/index.php\/2026\/03\/08\/8m-nin-submisas-nin-depredadoras-feministas\/","name":"8M: Nin submisas, nin depredadoras. Feministas -","isPartOf":{"@id":"https:\/\/www.anovapeneira.gal\/#website"},"primaryImageOfPage":{"@id":"https:\/\/www.anovapeneira.gal\/index.php\/2026\/03\/08\/8m-nin-submisas-nin-depredadoras-feministas\/#primaryimage"},"image":{"@id":"https:\/\/www.anovapeneira.gal\/index.php\/2026\/03\/08\/8m-nin-submisas-nin-depredadoras-feministas\/#primaryimage"},"thumbnailUrl":"https:\/\/www.anovapeneira.gal\/wp-content\/uploads\/2025\/07\/carmen_santos.jpg","datePublished":"2026-03-08T08:00:33+00:00","breadcrumb":{"@id":"https:\/\/www.anovapeneira.gal\/index.php\/2026\/03\/08\/8m-nin-submisas-nin-depredadoras-feministas\/#breadcrumb"},"inLanguage":"gl-ES","potentialAction":[{"@type":"ReadAction","target":["https:\/\/www.anovapeneira.gal\/index.php\/2026\/03\/08\/8m-nin-submisas-nin-depredadoras-feministas\/"]}]},{"@type":"ImageObject","inLanguage":"gl-ES","@id":"https:\/\/www.anovapeneira.gal\/index.php\/2026\/03\/08\/8m-nin-submisas-nin-depredadoras-feministas\/#primaryimage","url":"https:\/\/www.anovapeneira.gal\/wp-content\/uploads\/2025\/07\/carmen_santos.jpg","contentUrl":"https:\/\/www.anovapeneira.gal\/wp-content\/uploads\/2025\/07\/carmen_santos.jpg","width":720,"height":432,"caption":"Carme santos"},{"@type":"BreadcrumbList","@id":"https:\/\/www.anovapeneira.gal\/index.php\/2026\/03\/08\/8m-nin-submisas-nin-depredadoras-feministas\/#breadcrumb","itemListElement":[{"@type":"ListItem","position":1,"name":"Portada","item":"https:\/\/www.anovapeneira.gal\/"},{"@type":"ListItem","position":2,"name":"8M: Nin submisas, nin depredadoras. Feministas"}]},{"@type":"WebSite","@id":"https:\/\/www.anovapeneira.gal\/#website","url":"https:\/\/www.anovapeneira.gal\/","name":"","description":"Xornal galego de informaci\u00f3n xeral Publicaci\u00f3n mensual de novas de Galicia e en especial dos Concellos da sur da provincia de Pontevedra.","publisher":{"@id":"https:\/\/www.anovapeneira.gal\/#organization"},"potentialAction":[{"@type":"SearchAction","target":{"@type":"EntryPoint","urlTemplate":"https:\/\/www.anovapeneira.gal\/?s={search_term_string}"},"query-input":{"@type":"PropertyValueSpecification","valueRequired":true,"valueName":"search_term_string"}}],"inLanguage":"gl-ES"},{"@type":"Organization","@id":"https:\/\/www.anovapeneira.gal\/#organization","name":"A Nova Peneira","url":"https:\/\/www.anovapeneira.gal\/","logo":{"@type":"ImageObject","inLanguage":"gl-ES","@id":"https:\/\/www.anovapeneira.gal\/#\/schema\/logo\/image\/","url":"http:\/\/www.anovapeneira.gal\/wp-content\/uploads\/2019\/06\/logo_a_nova_peneira_portal_web.png","contentUrl":"http:\/\/www.anovapeneira.gal\/wp-content\/uploads\/2019\/06\/logo_a_nova_peneira_portal_web.png","width":300,"height":100,"caption":"A Nova Peneira"},"image":{"@id":"https:\/\/www.anovapeneira.gal\/#\/schema\/logo\/image\/"},"sameAs":["https:\/\/www.facebook.com\/anovapeneira","https:\/\/x.com\/APeneira"]},{"@type":"Person","@id":"https:\/\/www.anovapeneira.gal\/#\/schema\/person\/f18a4feb302e8f20bcef4490b5b60bb3","name":"Artigos Opini\u00f3n","image":{"@type":"ImageObject","inLanguage":"gl-ES","@id":"https:\/\/secure.gravatar.com\/avatar\/072844300f4881150aee2da4278f7a65d16eefdf8262eb67085f1e702de2b959?s=96&d=mm&r=g","url":"https:\/\/secure.gravatar.com\/avatar\/072844300f4881150aee2da4278f7a65d16eefdf8262eb67085f1e702de2b959?s=96&d=mm&r=g","contentUrl":"https:\/\/secure.gravatar.com\/avatar\/072844300f4881150aee2da4278f7a65d16eefdf8262eb67085f1e702de2b959?s=96&d=mm&r=g","caption":"Artigos Opini\u00f3n"},"sameAs":["http:\/\/anovapeneira.gal"],"url":"https:\/\/www.anovapeneira.gal\/index.php\/author\/artigosopinion\/"}]}},"jetpack_featured_media_url":"https:\/\/www.anovapeneira.gal\/wp-content\/uploads\/2025\/07\/carmen_santos.jpg","_links":{"self":[{"href":"https:\/\/www.anovapeneira.gal\/index.php\/wp-json\/wp\/v2\/posts\/15447","targetHints":{"allow":["GET"]}}],"collection":[{"href":"https:\/\/www.anovapeneira.gal\/index.php\/wp-json\/wp\/v2\/posts"}],"about":[{"href":"https:\/\/www.anovapeneira.gal\/index.php\/wp-json\/wp\/v2\/types\/post"}],"author":[{"embeddable":true,"href":"https:\/\/www.anovapeneira.gal\/index.php\/wp-json\/wp\/v2\/users\/12"}],"replies":[{"embeddable":true,"href":"https:\/\/www.anovapeneira.gal\/index.php\/wp-json\/wp\/v2\/comments?post=15447"}],"version-history":[{"count":1,"href":"https:\/\/www.anovapeneira.gal\/index.php\/wp-json\/wp\/v2\/posts\/15447\/revisions"}],"predecessor-version":[{"id":15448,"href":"https:\/\/www.anovapeneira.gal\/index.php\/wp-json\/wp\/v2\/posts\/15447\/revisions\/15448"}],"wp:featuredmedia":[{"embeddable":true,"href":"https:\/\/www.anovapeneira.gal\/index.php\/wp-json\/wp\/v2\/media\/14254"}],"wp:attachment":[{"href":"https:\/\/www.anovapeneira.gal\/index.php\/wp-json\/wp\/v2\/media?parent=15447"}],"wp:term":[{"taxonomy":"category","embeddable":true,"href":"https:\/\/www.anovapeneira.gal\/index.php\/wp-json\/wp\/v2\/categories?post=15447"},{"taxonomy":"post_tag","embeddable":true,"href":"https:\/\/www.anovapeneira.gal\/index.php\/wp-json\/wp\/v2\/tags?post=15447"}],"curies":[{"name":"wp","href":"https:\/\/api.w.org\/{rel}","templated":true}]}}