{"id":15449,"date":"2026-03-09T10:00:16","date_gmt":"2026-03-09T09:00:16","guid":{"rendered":"https:\/\/www.anovapeneira.gal\/?p=15449"},"modified":"2026-03-06T10:01:52","modified_gmt":"2026-03-06T09:01:52","slug":"a-nova-peneira-parroquia-a-parroquia-2","status":"publish","type":"post","link":"https:\/\/www.anovapeneira.gal\/index.php\/2026\/03\/09\/a-nova-peneira-parroquia-a-parroquia-2\/","title":{"rendered":"A Nova Peneira parroquia a parroquia:"},"content":{"rendered":"\n<h2 class=\"wp-block-heading\"><strong>Sangui\u00f1eda, identidade rural no coraz\u00f3n de Mos<\/strong><\/h2>\n\n\n\n<p>No val da Louri\u00f1a, a medio cami\u00f1o entre a \u00e1rea metropolitana de Vigo e o rural do interior da provincia, a parroquia de Sangui\u00f1eda, situada nobarrio de Pi\u00f1eiro, representa unha das expresi\u00f3ns m\u00e1is vivas do Concello de Mos. Cunha poboaci\u00f3n que supera os 1.600 habitantes, esta parroquia combina crecemento, forte tecido veci\u00f1al e unha intensa vida cultural e deportiva. Est\u00e1 oficialmente catalogada como parroquia rural, chamada Santa Mar\u00eda de Sangui\u00f1edaforma parte das dez parroquias que compo\u00f1en Mos xunto con Cela, Dornelas, Guiz\u00e1n, Louredo, Mos, Pereiras, Petelos, Tameiga e Torroso.<\/p>\n\n\n\n<p>Baixo a advocaci\u00f3n de Santa Mar\u00eda, a parroquia conserva na s\u00faa igrexa, a igrexa de Santa Mar\u00eda de Sangui\u00f1eda \u00e9 o principal elemento patrimonial da parroquia. \u00c9 unha igrexa vinculada ao Cami\u00f1o Portugu\u00e9s de Santiago, o que lle d\u00e1 interese hist\u00f3rico e cultural, e forma parte do patrimonio relixioso local. Arredor dela estruturouse ao longo de s\u00e9culos unha comunidade que soubo adaptarse aos cambios sen perder o sentimento de pertenza. Historicamente, Sangui\u00f1eda xa figuraba nos padr\u00f3ns do s\u00e9culo XIX cunha poboaci\u00f3n de 219 habitantes a mediados dese s\u00e9culo.<\/p>\n\n\n\n<p>Na parroquia at\u00f3pase o parque de Sangui\u00f1eda<strong>,<\/strong> unha \u00e1rea verde titulada polo Concello de Mos que ofrece espazos de lecer: \u00e1rea infantil, zona de xogos de auga, pista polideportiva e instalaci\u00f3ns para deportes e benestar. \u00c9 un recurso usado por veci\u00f1os e familias da contorna.<\/p>\n\n\n\n<p>A transformaci\u00f3n demogr\u00e1fica das \u00faltimas d\u00e9cadas fixo de Sangui\u00f1eda unha parroquia din\u00e1mica, favorecida pola s\u00faa proximidade \u00e1s principais v\u00edas de comunicaci\u00f3n e \u00e1 cidade de Vigo. A presencia da autov\u00eda A-55 reforza o seu papel como espazo residencial estrat\u00e9xico, onde conviven familias de longa tradici\u00f3n coa nova veci\u00f1anza que escolle Mos como lugar para vivir.<\/p>\n\n\n\n<p>E por este trazado da A-55 e as modificaci\u00f3ns propostas para a <strong>A-52<\/strong> o que trae \u00e1 veci\u00f1anza de Sangui\u00f1eda o debate e mobilizaci\u00f3ns veci\u00f1ais que xunto coa xente de Bembrive de Vigo, est\u00e1n en loita contra o novo trazado porque esnaquizar\u00eda e cambiar\u00eda o xeito de vivir destas d\u00faas parroquias do rural galego.<\/p>\n\n\n\n<p>E Sangui\u00f1eda tam\u00e9n son amantes do deporte e contan cun equipo de f\u00fatbol federado, o Alerta Sangui\u00f1eda. Este Club de F\u00fatbol disp\u00f3n de un equipo categor\u00eda S\u00e9nior en terceira Galicia e un equipo de Veteranos en segunda divisi\u00f3n. Actualmente disputan os seus partidos no campo do Pontellas, do veci\u00f1o Concello do Porri\u00f1o<\/p>\n\n\n\n<p>E agora falamos de troula, pois pola v\u00eda principal de Sangui\u00f1eda non s\u00f3 se atopa a m\u00edtica e co\u00f1ecida Sala de Festas Queen, onde non deixaron de bailar e festexar varias xeraci\u00f3ns das familias mosenses, sen\u00f3n tam\u00e9n achegados doutros puntos das vilas da comarca e mesmo do pa\u00eds veci\u00f1o Portugal, sen\u00f3n que tam\u00e9n \u00e9 o espazo elixido pola administraci\u00f3n local para organizar o percorrido do desfile das comparsas do entroido.<\/p>\n\n\n\n<p>O Entroido de Mos ten unha data marcada en vermello no calendario local. Cada ano, a r\u00faa principal de Sangui\u00f1eda transf\u00f3rmase nun gran escenario festivo onde comparsas, m\u00fasica e cor enchen a Avenida. O Desfile do Entroido 2026, celebrado o pasado domingo 22 de febreiro, congregou a 1.353 participantes distribu\u00eddos en 21 comparsas que desfilaron pola avenida en pleno esp\u00edrito de creatividade e celebraci\u00f3n popular. O desfile incl\u00fae categor\u00edas infant\u00eds e adultas<strong>,<\/strong> coa competici\u00f3n por premios \u00e1 mellor comparsa infantil, mellor comparsa adulta, mellor carroza, mellor vestiario e mellor animaci\u00f3n<strong>.<\/strong><\/p>\n\n\n\n<figure class=\"wp-block-image size-large\"><img loading=\"lazy\" decoding=\"async\" width=\"1024\" height=\"664\" src=\"https:\/\/www.anovapeneira.gal\/wp-content\/uploads\/2026\/03\/O-Entroido-en-Sanguineda-1024x664.jpg\" alt=\"\" class=\"wp-image-15451\" srcset=\"https:\/\/www.anovapeneira.gal\/wp-content\/uploads\/2026\/03\/O-Entroido-en-Sanguineda-1024x664.jpg 1024w, https:\/\/www.anovapeneira.gal\/wp-content\/uploads\/2026\/03\/O-Entroido-en-Sanguineda-300x195.jpg 300w, https:\/\/www.anovapeneira.gal\/wp-content\/uploads\/2026\/03\/O-Entroido-en-Sanguineda-768x498.jpg 768w, https:\/\/www.anovapeneira.gal\/wp-content\/uploads\/2026\/03\/O-Entroido-en-Sanguineda-1536x996.jpg 1536w, https:\/\/www.anovapeneira.gal\/wp-content\/uploads\/2026\/03\/O-Entroido-en-Sanguineda.jpg 1600w\" sizes=\"auto, (max-width: 1024px) 100vw, 1024px\" \/><\/figure>\n\n\n\n<p>O desfile comezou coa sa\u00edda de cinco comparsas infant\u00eds, catro de Mos e unha de Vigo, seguida dunha formaci\u00f3n procedente de Vigo na que participaban persoas con mobilidade reducida, subli\u00f1ando o car\u00e1cter inclusivo da festa.<\/p>\n\n\n\n<p>A festa, organizada polo Concello de Mos, aposta por favorecer a participaci\u00f3n cidad\u00e1 sen perder a esencia do Entroido tradicional, cun concurso no que as comparsas optaron a premios \u00e1 mellor carroza, vestiario e animaci\u00f3n, entre outras categor\u00edas.<\/p>\n\n\n\n<p>Un dos momentos m\u00e1is esperados foi a presenza especial de \u201cO Xabar\u00edn\u201d, o popular personaxe infantil galego da TVG, que se sumou \u00e1 celebraci\u00f3n para interpretar unha canci\u00f3n e entregar o premio \u00e1 mellor comparsa infantil.<\/p>\n\n\n\n<p>Tras o paso das agrupaci\u00f3ns pola r\u00faa principal de Sangui\u00f1eda, a festa continuou cun concerto do grupo \u201cPa ti na M\u00e1\u201d, que puxo o broche musical \u00e1 xornada de Entroido.<\/p>\n\n\n\n<p>Para moitos colectivos, asociaci\u00f3ns culturais e centros educativos, o desfile e as actuaci\u00f3ns non son s\u00f3 diversi\u00f3n: representan o resultado dun longo traballo de creaci\u00f3n de disfraces, coreograf\u00edas e mensaxes sat\u00edricas que, durante meses, preparan cos seus membros e familias.<\/p>\n\n\n\n<p>Entre o son das camp\u00e1s de Santa Mar\u00eda e o ritmo das batucadas do Entroido, Sangui\u00f1eda segue a escribir a s\u00faa historia. Unha parroquia que medra, celebra e constr\u00fae comunidade, convert\u00e9ndose nun dos coraz\u00f3ns m\u00e1is activos de Mos.<\/p>\n","protected":false},"excerpt":{"rendered":"<div class=\"mh-excerpt\"><p>No val da Louri\u00f1a, a medio cami\u00f1o entre a \u00e1rea metropolitana de Vigo e o rural do interior da provincia, a parroquia de Sangui\u00f1eda, situada nobarrio de Pi\u00f1eiro, representa unha das expresi\u00f3ns m\u00e1is vivas do Concello de Mos <a class=\"mh-excerpt-more\" href=\"https:\/\/www.anovapeneira.gal\/index.php\/2026\/03\/09\/a-nova-peneira-parroquia-a-parroquia-2\/\" title=\"A Nova Peneira parroquia a parroquia:\">[&#8230;]<\/a><\/p>\n<\/div>","protected":false},"author":17,"featured_media":15450,"comment_status":"open","ping_status":"open","sticky":false,"template":"","format":"standard","meta":{"_exactmetrics_skip_tracking":false,"_exactmetrics_sitenote_active":false,"_exactmetrics_sitenote_note":"","_exactmetrics_sitenote_category":0,"footnotes":""},"categories":[23],"tags":[],"class_list":{"0":"post-15449","1":"post","2":"type-post","3":"status-publish","4":"format-standard","5":"has-post-thumbnail","7":"category-a-lourina"},"yoast_head":"<!-- This site is optimized with the Yoast SEO plugin v27.4 - https:\/\/yoast.com\/product\/yoast-seo-wordpress\/ -->\n<title>A Nova Peneira parroquia a parroquia: -<\/title>\n<meta name=\"robots\" content=\"index, follow, max-snippet:-1, max-image-preview:large, max-video-preview:-1\" \/>\n<link rel=\"canonical\" href=\"https:\/\/www.anovapeneira.gal\/index.php\/2026\/03\/09\/a-nova-peneira-parroquia-a-parroquia-2\/\" \/>\n<meta property=\"og:locale\" content=\"gl_ES\" \/>\n<meta property=\"og:type\" content=\"article\" \/>\n<meta property=\"og:title\" content=\"A Nova Peneira parroquia a parroquia: -\" \/>\n<meta property=\"og:description\" content=\"No val da Louri\u00f1a, a medio cami\u00f1o entre a \u00e1rea metropolitana de Vigo e o rural do interior da provincia, a parroquia de Sangui\u00f1eda, situada nobarrio de Pi\u00f1eiro, representa unha das expresi\u00f3ns m\u00e1is vivas do Concello de Mos [...]\" \/>\n<meta property=\"og:url\" content=\"https:\/\/www.anovapeneira.gal\/index.php\/2026\/03\/09\/a-nova-peneira-parroquia-a-parroquia-2\/\" \/>\n<meta property=\"article:publisher\" content=\"https:\/\/www.facebook.com\/anovapeneira\" \/>\n<meta property=\"article:published_time\" content=\"2026-03-09T09:00:16+00:00\" \/>\n<meta property=\"og:image\" content=\"https:\/\/www.anovapeneira.gal\/wp-content\/uploads\/2026\/03\/Igrexa_Sanguineda.jpg\" \/>\n\t<meta property=\"og:image:width\" content=\"720\" \/>\n\t<meta property=\"og:image:height\" content=\"432\" \/>\n\t<meta property=\"og:image:type\" content=\"image\/jpeg\" \/>\n<meta name=\"author\" content=\"G. Figueiredo\" \/>\n<meta name=\"twitter:card\" content=\"summary_large_image\" \/>\n<meta name=\"twitter:creator\" content=\"@APeneira\" \/>\n<meta name=\"twitter:site\" content=\"@APeneira\" \/>\n<meta name=\"twitter:label1\" content=\"Escrito por\" \/>\n\t<meta name=\"twitter:data1\" content=\"G. Figueiredo\" \/>\n\t<meta name=\"twitter:label2\" content=\"Tempo de lectura\" \/>\n\t<meta name=\"twitter:data2\" content=\"5 minutos\" \/>\n<script type=\"application\/ld+json\" class=\"yoast-schema-graph\">{\"@context\":\"https:\\\/\\\/schema.org\",\"@graph\":[{\"@type\":\"Article\",\"@id\":\"https:\\\/\\\/www.anovapeneira.gal\\\/index.php\\\/2026\\\/03\\\/09\\\/a-nova-peneira-parroquia-a-parroquia-2\\\/#article\",\"isPartOf\":{\"@id\":\"https:\\\/\\\/www.anovapeneira.gal\\\/index.php\\\/2026\\\/03\\\/09\\\/a-nova-peneira-parroquia-a-parroquia-2\\\/\"},\"author\":{\"name\":\"G. Figueiredo\",\"@id\":\"https:\\\/\\\/www.anovapeneira.gal\\\/#\\\/schema\\\/person\\\/42f904d7cac80cf3f5a31494dd82a9b6\"},\"headline\":\"A Nova Peneira parroquia a parroquia:\",\"datePublished\":\"2026-03-09T09:00:16+00:00\",\"mainEntityOfPage\":{\"@id\":\"https:\\\/\\\/www.anovapeneira.gal\\\/index.php\\\/2026\\\/03\\\/09\\\/a-nova-peneira-parroquia-a-parroquia-2\\\/\"},\"wordCount\":873,\"commentCount\":0,\"publisher\":{\"@id\":\"https:\\\/\\\/www.anovapeneira.gal\\\/#organization\"},\"image\":{\"@id\":\"https:\\\/\\\/www.anovapeneira.gal\\\/index.php\\\/2026\\\/03\\\/09\\\/a-nova-peneira-parroquia-a-parroquia-2\\\/#primaryimage\"},\"thumbnailUrl\":\"https:\\\/\\\/www.anovapeneira.gal\\\/wp-content\\\/uploads\\\/2026\\\/03\\\/Igrexa_Sanguineda.jpg\",\"articleSection\":[\"A Louri\u00f1a\"],\"inLanguage\":\"gl-ES\",\"potentialAction\":[{\"@type\":\"CommentAction\",\"name\":\"Comment\",\"target\":[\"https:\\\/\\\/www.anovapeneira.gal\\\/index.php\\\/2026\\\/03\\\/09\\\/a-nova-peneira-parroquia-a-parroquia-2\\\/#respond\"]}]},{\"@type\":\"WebPage\",\"@id\":\"https:\\\/\\\/www.anovapeneira.gal\\\/index.php\\\/2026\\\/03\\\/09\\\/a-nova-peneira-parroquia-a-parroquia-2\\\/\",\"url\":\"https:\\\/\\\/www.anovapeneira.gal\\\/index.php\\\/2026\\\/03\\\/09\\\/a-nova-peneira-parroquia-a-parroquia-2\\\/\",\"name\":\"A Nova Peneira parroquia a parroquia: -\",\"isPartOf\":{\"@id\":\"https:\\\/\\\/www.anovapeneira.gal\\\/#website\"},\"primaryImageOfPage\":{\"@id\":\"https:\\\/\\\/www.anovapeneira.gal\\\/index.php\\\/2026\\\/03\\\/09\\\/a-nova-peneira-parroquia-a-parroquia-2\\\/#primaryimage\"},\"image\":{\"@id\":\"https:\\\/\\\/www.anovapeneira.gal\\\/index.php\\\/2026\\\/03\\\/09\\\/a-nova-peneira-parroquia-a-parroquia-2\\\/#primaryimage\"},\"thumbnailUrl\":\"https:\\\/\\\/www.anovapeneira.gal\\\/wp-content\\\/uploads\\\/2026\\\/03\\\/Igrexa_Sanguineda.jpg\",\"datePublished\":\"2026-03-09T09:00:16+00:00\",\"breadcrumb\":{\"@id\":\"https:\\\/\\\/www.anovapeneira.gal\\\/index.php\\\/2026\\\/03\\\/09\\\/a-nova-peneira-parroquia-a-parroquia-2\\\/#breadcrumb\"},\"inLanguage\":\"gl-ES\",\"potentialAction\":[{\"@type\":\"ReadAction\",\"target\":[\"https:\\\/\\\/www.anovapeneira.gal\\\/index.php\\\/2026\\\/03\\\/09\\\/a-nova-peneira-parroquia-a-parroquia-2\\\/\"]}]},{\"@type\":\"ImageObject\",\"inLanguage\":\"gl-ES\",\"@id\":\"https:\\\/\\\/www.anovapeneira.gal\\\/index.php\\\/2026\\\/03\\\/09\\\/a-nova-peneira-parroquia-a-parroquia-2\\\/#primaryimage\",\"url\":\"https:\\\/\\\/www.anovapeneira.gal\\\/wp-content\\\/uploads\\\/2026\\\/03\\\/Igrexa_Sanguineda.jpg\",\"contentUrl\":\"https:\\\/\\\/www.anovapeneira.gal\\\/wp-content\\\/uploads\\\/2026\\\/03\\\/Igrexa_Sanguineda.jpg\",\"width\":720,\"height\":432},{\"@type\":\"BreadcrumbList\",\"@id\":\"https:\\\/\\\/www.anovapeneira.gal\\\/index.php\\\/2026\\\/03\\\/09\\\/a-nova-peneira-parroquia-a-parroquia-2\\\/#breadcrumb\",\"itemListElement\":[{\"@type\":\"ListItem\",\"position\":1,\"name\":\"Portada\",\"item\":\"https:\\\/\\\/www.anovapeneira.gal\\\/\"},{\"@type\":\"ListItem\",\"position\":2,\"name\":\"A Nova Peneira parroquia a parroquia:\"}]},{\"@type\":\"WebSite\",\"@id\":\"https:\\\/\\\/www.anovapeneira.gal\\\/#website\",\"url\":\"https:\\\/\\\/www.anovapeneira.gal\\\/\",\"name\":\"\",\"description\":\"Xornal galego de informaci\u00f3n xeral Publicaci\u00f3n mensual de novas de Galicia e en especial dos Concellos da sur da provincia de Pontevedra.\",\"publisher\":{\"@id\":\"https:\\\/\\\/www.anovapeneira.gal\\\/#organization\"},\"potentialAction\":[{\"@type\":\"SearchAction\",\"target\":{\"@type\":\"EntryPoint\",\"urlTemplate\":\"https:\\\/\\\/www.anovapeneira.gal\\\/?s={search_term_string}\"},\"query-input\":{\"@type\":\"PropertyValueSpecification\",\"valueRequired\":true,\"valueName\":\"search_term_string\"}}],\"inLanguage\":\"gl-ES\"},{\"@type\":\"Organization\",\"@id\":\"https:\\\/\\\/www.anovapeneira.gal\\\/#organization\",\"name\":\"A Nova Peneira\",\"url\":\"https:\\\/\\\/www.anovapeneira.gal\\\/\",\"logo\":{\"@type\":\"ImageObject\",\"inLanguage\":\"gl-ES\",\"@id\":\"https:\\\/\\\/www.anovapeneira.gal\\\/#\\\/schema\\\/logo\\\/image\\\/\",\"url\":\"http:\\\/\\\/www.anovapeneira.gal\\\/wp-content\\\/uploads\\\/2019\\\/06\\\/logo_a_nova_peneira_portal_web.png\",\"contentUrl\":\"http:\\\/\\\/www.anovapeneira.gal\\\/wp-content\\\/uploads\\\/2019\\\/06\\\/logo_a_nova_peneira_portal_web.png\",\"width\":300,\"height\":100,\"caption\":\"A Nova Peneira\"},\"image\":{\"@id\":\"https:\\\/\\\/www.anovapeneira.gal\\\/#\\\/schema\\\/logo\\\/image\\\/\"},\"sameAs\":[\"https:\\\/\\\/www.facebook.com\\\/anovapeneira\",\"https:\\\/\\\/x.com\\\/APeneira\"]},{\"@type\":\"Person\",\"@id\":\"https:\\\/\\\/www.anovapeneira.gal\\\/#\\\/schema\\\/person\\\/42f904d7cac80cf3f5a31494dd82a9b6\",\"name\":\"G. Figueiredo\",\"image\":{\"@type\":\"ImageObject\",\"inLanguage\":\"gl-ES\",\"@id\":\"https:\\\/\\\/secure.gravatar.com\\\/avatar\\\/2d970086688458e0398ef8b84f5cbb8cc1ec3ab115aeb8435135a9f556af97b3?s=96&d=mm&r=g\",\"url\":\"https:\\\/\\\/secure.gravatar.com\\\/avatar\\\/2d970086688458e0398ef8b84f5cbb8cc1ec3ab115aeb8435135a9f556af97b3?s=96&d=mm&r=g\",\"contentUrl\":\"https:\\\/\\\/secure.gravatar.com\\\/avatar\\\/2d970086688458e0398ef8b84f5cbb8cc1ec3ab115aeb8435135a9f556af97b3?s=96&d=mm&r=g\",\"caption\":\"G. Figueiredo\"},\"sameAs\":[\"http:\\\/\\\/www.anovapeneira.gal\\\/\"],\"url\":\"https:\\\/\\\/www.anovapeneira.gal\\\/index.php\\\/author\\\/g-figueiredo\\\/\"}]}<\/script>\n<!-- \/ Yoast SEO plugin. -->","yoast_head_json":{"title":"A Nova Peneira parroquia a parroquia: -","robots":{"index":"index","follow":"follow","max-snippet":"max-snippet:-1","max-image-preview":"max-image-preview:large","max-video-preview":"max-video-preview:-1"},"canonical":"https:\/\/www.anovapeneira.gal\/index.php\/2026\/03\/09\/a-nova-peneira-parroquia-a-parroquia-2\/","og_locale":"gl_ES","og_type":"article","og_title":"A Nova Peneira parroquia a parroquia: -","og_description":"No val da Louri\u00f1a, a medio cami\u00f1o entre a \u00e1rea metropolitana de Vigo e o rural do interior da provincia, a parroquia de Sangui\u00f1eda, situada nobarrio de Pi\u00f1eiro, representa unha das expresi\u00f3ns m\u00e1is vivas do Concello de Mos [...]","og_url":"https:\/\/www.anovapeneira.gal\/index.php\/2026\/03\/09\/a-nova-peneira-parroquia-a-parroquia-2\/","article_publisher":"https:\/\/www.facebook.com\/anovapeneira","article_published_time":"2026-03-09T09:00:16+00:00","og_image":[{"width":720,"height":432,"url":"https:\/\/www.anovapeneira.gal\/wp-content\/uploads\/2026\/03\/Igrexa_Sanguineda.jpg","type":"image\/jpeg"}],"author":"G. Figueiredo","twitter_card":"summary_large_image","twitter_creator":"@APeneira","twitter_site":"@APeneira","twitter_misc":{"Escrito por":"G. Figueiredo","Tempo de lectura":"5 minutos"},"schema":{"@context":"https:\/\/schema.org","@graph":[{"@type":"Article","@id":"https:\/\/www.anovapeneira.gal\/index.php\/2026\/03\/09\/a-nova-peneira-parroquia-a-parroquia-2\/#article","isPartOf":{"@id":"https:\/\/www.anovapeneira.gal\/index.php\/2026\/03\/09\/a-nova-peneira-parroquia-a-parroquia-2\/"},"author":{"name":"G. Figueiredo","@id":"https:\/\/www.anovapeneira.gal\/#\/schema\/person\/42f904d7cac80cf3f5a31494dd82a9b6"},"headline":"A Nova Peneira parroquia a parroquia:","datePublished":"2026-03-09T09:00:16+00:00","mainEntityOfPage":{"@id":"https:\/\/www.anovapeneira.gal\/index.php\/2026\/03\/09\/a-nova-peneira-parroquia-a-parroquia-2\/"},"wordCount":873,"commentCount":0,"publisher":{"@id":"https:\/\/www.anovapeneira.gal\/#organization"},"image":{"@id":"https:\/\/www.anovapeneira.gal\/index.php\/2026\/03\/09\/a-nova-peneira-parroquia-a-parroquia-2\/#primaryimage"},"thumbnailUrl":"https:\/\/www.anovapeneira.gal\/wp-content\/uploads\/2026\/03\/Igrexa_Sanguineda.jpg","articleSection":["A Louri\u00f1a"],"inLanguage":"gl-ES","potentialAction":[{"@type":"CommentAction","name":"Comment","target":["https:\/\/www.anovapeneira.gal\/index.php\/2026\/03\/09\/a-nova-peneira-parroquia-a-parroquia-2\/#respond"]}]},{"@type":"WebPage","@id":"https:\/\/www.anovapeneira.gal\/index.php\/2026\/03\/09\/a-nova-peneira-parroquia-a-parroquia-2\/","url":"https:\/\/www.anovapeneira.gal\/index.php\/2026\/03\/09\/a-nova-peneira-parroquia-a-parroquia-2\/","name":"A Nova Peneira parroquia a parroquia: -","isPartOf":{"@id":"https:\/\/www.anovapeneira.gal\/#website"},"primaryImageOfPage":{"@id":"https:\/\/www.anovapeneira.gal\/index.php\/2026\/03\/09\/a-nova-peneira-parroquia-a-parroquia-2\/#primaryimage"},"image":{"@id":"https:\/\/www.anovapeneira.gal\/index.php\/2026\/03\/09\/a-nova-peneira-parroquia-a-parroquia-2\/#primaryimage"},"thumbnailUrl":"https:\/\/www.anovapeneira.gal\/wp-content\/uploads\/2026\/03\/Igrexa_Sanguineda.jpg","datePublished":"2026-03-09T09:00:16+00:00","breadcrumb":{"@id":"https:\/\/www.anovapeneira.gal\/index.php\/2026\/03\/09\/a-nova-peneira-parroquia-a-parroquia-2\/#breadcrumb"},"inLanguage":"gl-ES","potentialAction":[{"@type":"ReadAction","target":["https:\/\/www.anovapeneira.gal\/index.php\/2026\/03\/09\/a-nova-peneira-parroquia-a-parroquia-2\/"]}]},{"@type":"ImageObject","inLanguage":"gl-ES","@id":"https:\/\/www.anovapeneira.gal\/index.php\/2026\/03\/09\/a-nova-peneira-parroquia-a-parroquia-2\/#primaryimage","url":"https:\/\/www.anovapeneira.gal\/wp-content\/uploads\/2026\/03\/Igrexa_Sanguineda.jpg","contentUrl":"https:\/\/www.anovapeneira.gal\/wp-content\/uploads\/2026\/03\/Igrexa_Sanguineda.jpg","width":720,"height":432},{"@type":"BreadcrumbList","@id":"https:\/\/www.anovapeneira.gal\/index.php\/2026\/03\/09\/a-nova-peneira-parroquia-a-parroquia-2\/#breadcrumb","itemListElement":[{"@type":"ListItem","position":1,"name":"Portada","item":"https:\/\/www.anovapeneira.gal\/"},{"@type":"ListItem","position":2,"name":"A Nova Peneira parroquia a parroquia:"}]},{"@type":"WebSite","@id":"https:\/\/www.anovapeneira.gal\/#website","url":"https:\/\/www.anovapeneira.gal\/","name":"","description":"Xornal galego de informaci\u00f3n xeral Publicaci\u00f3n mensual de novas de Galicia e en especial dos Concellos da sur da provincia de Pontevedra.","publisher":{"@id":"https:\/\/www.anovapeneira.gal\/#organization"},"potentialAction":[{"@type":"SearchAction","target":{"@type":"EntryPoint","urlTemplate":"https:\/\/www.anovapeneira.gal\/?s={search_term_string}"},"query-input":{"@type":"PropertyValueSpecification","valueRequired":true,"valueName":"search_term_string"}}],"inLanguage":"gl-ES"},{"@type":"Organization","@id":"https:\/\/www.anovapeneira.gal\/#organization","name":"A Nova Peneira","url":"https:\/\/www.anovapeneira.gal\/","logo":{"@type":"ImageObject","inLanguage":"gl-ES","@id":"https:\/\/www.anovapeneira.gal\/#\/schema\/logo\/image\/","url":"http:\/\/www.anovapeneira.gal\/wp-content\/uploads\/2019\/06\/logo_a_nova_peneira_portal_web.png","contentUrl":"http:\/\/www.anovapeneira.gal\/wp-content\/uploads\/2019\/06\/logo_a_nova_peneira_portal_web.png","width":300,"height":100,"caption":"A Nova Peneira"},"image":{"@id":"https:\/\/www.anovapeneira.gal\/#\/schema\/logo\/image\/"},"sameAs":["https:\/\/www.facebook.com\/anovapeneira","https:\/\/x.com\/APeneira"]},{"@type":"Person","@id":"https:\/\/www.anovapeneira.gal\/#\/schema\/person\/42f904d7cac80cf3f5a31494dd82a9b6","name":"G. Figueiredo","image":{"@type":"ImageObject","inLanguage":"gl-ES","@id":"https:\/\/secure.gravatar.com\/avatar\/2d970086688458e0398ef8b84f5cbb8cc1ec3ab115aeb8435135a9f556af97b3?s=96&d=mm&r=g","url":"https:\/\/secure.gravatar.com\/avatar\/2d970086688458e0398ef8b84f5cbb8cc1ec3ab115aeb8435135a9f556af97b3?s=96&d=mm&r=g","contentUrl":"https:\/\/secure.gravatar.com\/avatar\/2d970086688458e0398ef8b84f5cbb8cc1ec3ab115aeb8435135a9f556af97b3?s=96&d=mm&r=g","caption":"G. Figueiredo"},"sameAs":["http:\/\/www.anovapeneira.gal\/"],"url":"https:\/\/www.anovapeneira.gal\/index.php\/author\/g-figueiredo\/"}]}},"jetpack_featured_media_url":"https:\/\/www.anovapeneira.gal\/wp-content\/uploads\/2026\/03\/Igrexa_Sanguineda.jpg","_links":{"self":[{"href":"https:\/\/www.anovapeneira.gal\/index.php\/wp-json\/wp\/v2\/posts\/15449","targetHints":{"allow":["GET"]}}],"collection":[{"href":"https:\/\/www.anovapeneira.gal\/index.php\/wp-json\/wp\/v2\/posts"}],"about":[{"href":"https:\/\/www.anovapeneira.gal\/index.php\/wp-json\/wp\/v2\/types\/post"}],"author":[{"embeddable":true,"href":"https:\/\/www.anovapeneira.gal\/index.php\/wp-json\/wp\/v2\/users\/17"}],"replies":[{"embeddable":true,"href":"https:\/\/www.anovapeneira.gal\/index.php\/wp-json\/wp\/v2\/comments?post=15449"}],"version-history":[{"count":1,"href":"https:\/\/www.anovapeneira.gal\/index.php\/wp-json\/wp\/v2\/posts\/15449\/revisions"}],"predecessor-version":[{"id":15452,"href":"https:\/\/www.anovapeneira.gal\/index.php\/wp-json\/wp\/v2\/posts\/15449\/revisions\/15452"}],"wp:featuredmedia":[{"embeddable":true,"href":"https:\/\/www.anovapeneira.gal\/index.php\/wp-json\/wp\/v2\/media\/15450"}],"wp:attachment":[{"href":"https:\/\/www.anovapeneira.gal\/index.php\/wp-json\/wp\/v2\/media?parent=15449"}],"wp:term":[{"taxonomy":"category","embeddable":true,"href":"https:\/\/www.anovapeneira.gal\/index.php\/wp-json\/wp\/v2\/categories?post=15449"},{"taxonomy":"post_tag","embeddable":true,"href":"https:\/\/www.anovapeneira.gal\/index.php\/wp-json\/wp\/v2\/tags?post=15449"}],"curies":[{"name":"wp","href":"https:\/\/api.w.org\/{rel}","templated":true}]}}