{"id":15453,"date":"2026-03-09T12:00:50","date_gmt":"2026-03-09T11:00:50","guid":{"rendered":"https:\/\/www.anovapeneira.gal\/?p=15453"},"modified":"2026-03-12T20:20:16","modified_gmt":"2026-03-12T19:20:16","slug":"pola-liberdade-dos-pobos-contra-o-imperialismo","status":"publish","type":"post","link":"https:\/\/www.anovapeneira.gal\/index.php\/2026\/03\/09\/pola-liberdade-dos-pobos-contra-o-imperialismo\/","title":{"rendered":"Pola liberdade dos pobos, contra o Imperialismo"},"content":{"rendered":"\n<figure class=\"wp-block-image size-full is-resized\"><img loading=\"lazy\" decoding=\"async\" width=\"190\" height=\"222\" src=\"https:\/\/www.anovapeneira.gal\/wp-content\/uploads\/2019\/07\/pedro_cortegoso_opinion_a_nova_peneira_bn.jpg\" alt=\"Pedro M. Cortegoso Gago Artigo Opini\u00f3n A Nova Peneira\" class=\"wp-image-464\" style=\"width:88px;height:auto\"\/><figcaption class=\"wp-element-caption\">Pedro M. Cortegoso Gago<br>Traballador do Sergas<\/figcaption><\/figure>\n\n\n\n<p>O mundo at\u00f3pase nunha situaci\u00f3n cr\u00edtica, o Imperio consciente do seu declive econ\u00f3mico e de \u201clexitimidade\u201d forzada pretende frear esta situaci\u00f3n da peor forma pos\u00edbel, coa violencia. Non asume a sua decadencia e rev\u00f3lvese violentamente para manter os seus privilexios e continuar espoliando o planeta.<\/p>\n\n\n\n<p>Mentres China aumenta a sua prosperidade econ\u00f3mica, e se coloca en primeira posici\u00f3n, e Rusia resiste os intentos de destruci\u00f3n pola v\u00eda militar, a econom\u00eda dos EEUU est\u00e1 cada d\u00eda m\u00e1is endebedada. Unha d\u00e9beda superior aos 38 bill\u00f3ns de d\u00f3lares, que aumenta unha media de 5.888 mill\u00f3ns diarios.<\/p>\n\n\n\n<p>Trump e os membros do seu goberno falan claro ao resto do mundo: se non facedes o que queremos, iremos a por v\u00f3s. E os gobernos lacaios de Europa aplauden coas orellas esta nova estratexia e asumen o reparto de papeis que fai o Imperio. V\u00f3s \u201ceuropeos\u201d encarg\u00e1devos de Rusia, at\u00e9 o \u00faltimo ucra\u00edno, e EEUU do seu \u201cpatio traseiro\u201d e do resto do mundo.<\/p>\n\n\n\n<p>Os que moven os f\u00edos puxeron a un buf\u00f3n \u00e1 fronte do goberno dos EEUU para romper con todo, para tratar de dar marcha atr\u00e1s a s\u00faa lenta agon\u00eda. As normas internacionais, a ONU, a diplomacia, xa non serven. Agora a \u00fanica lei que vale e a do m\u00e1is forte, a do mat\u00f3n de colexio, a do chulo acosador que atemoriza e pega. A lei do que bombardea Caracas e secuestra ao Presidente Maduro, a lei da agresi\u00f3n contra Ir\u00e1n nun conflito que non se sabe como pode rematar, a lei dos bloqueos criminais, do roubo de barcos petroleiros e do bombardeo e asasinato de lanchas no Caribe. Canto m\u00e1is d\u00e9biles se senten m\u00e1is violentos se volven.<\/p>\n\n\n\n<p>Todo o que est\u00e1 acontecendo desde fai anos est\u00e1 relacionado e forma parte do plan imperial de acoso e derribo dos pa\u00edses soberanos que se resisten a entrar polo aro da dominaci\u00f3n e o espolio dos seus recursos.<\/p>\n\n\n\n<p>Non podemos separar o xenocidio do pobo palestino do derrocamento do goberno Sirio por uns cortadores de cabezas financiados por occidente. As agresi\u00f3ns e ameazas a Ir\u00e1n forman parte do acoso e derribo da China, igual que a guerra na Ucra\u00edna organizada para debilitar a Rusia. As masacres no Congo, no Sud\u00e1n, o ISIS e organizaci\u00f3ns similares no Sahel forman parte do mesmo escenario. O imperio alim\u00e9ntase de sufrimento e sangue humana.<\/p>\n\n\n\n<p>Os pobos que queren exercer a s\u00faa soberan\u00eda libremente son sancionados e acosados polo imperialismo estadounidense coa colaboraci\u00f3n do resto dos pa\u00edses chamados occidentais. Organizan contra eles \u201crevoluci\u00f3ns\u201d de cores, son difamados en todos os medios de comunicaci\u00f3n con mentiras, medias verdades e ocultaci\u00f3n da realidade para convencer a unha opini\u00f3n p\u00fablica adurmi\u00f1ada dunha realidade que non \u00e9. Son infiltrados por ONGs financiadas pola CIA, que debaixo desa fachada humanitaria e desinteresada tentan agochar as s\u00faas intenci\u00f3ns desestabilizadoras e criminais.<\/p>\n\n\n\n<p>Estamos no tempo de tomar partido. Ou escollemos someternos e padecer a distop\u00eda que n\u00f3s ofrece a camarilla violadora e ped\u00f3fila que dirixe os EEUU ou apostamos polo Antiimperialismo e a salvaci\u00f3n da humanidade.<\/p>\n\n\n\n<p>Por iso \u00e9 importante entender que ante a agresi\u00f3n a Venezuela, Cuba ou Ir\u00e1n debemos estar do lado dos agredidos e non dos agresores. Debemos defender a soberan\u00eda de ese pa\u00edses para decidir libremente o seu futuro sen imposici\u00f3ns e bloqueos.<\/p>\n\n\n\n<p><strong>Por eles e por n\u00f3s, se queremos unha Galiza liberada temos que ter claro en que bando estamos:<\/strong><\/p>\n\n\n\n<p>No dos opresores que n\u00f3s levan polo cami\u00f1o da guerra: o Estado Espa\u00f1ol, a Uni\u00f3n Europea e a OTAN. Instrumentos que garanten a nosa dominaci\u00f3n e o noso espolio material e humano, que nunca permitir\u00e1n que gobernemos n\u00f3s na nosa terra.<\/p>\n\n\n\n<p>Ou no bando dos pa\u00edses que defenden a s\u00faa soberan\u00eda e loitan pola sua autodeterminaci\u00f3n, e a convivencia pac\u00edfica entre os pobos do mundo. Colocarse no medio \u00e9 tam\u00e9n tomar posici\u00f3n, a do opresor.<\/p>\n\n\n\n<p>Asdo.: Pedro M. Cortegoso Gago.<\/p>\n\n\n\n<p>Mar\u00edn, 1 de Marzo de 2026.<\/p>\n\n\n\n<p>P.D.: Escrebo estas letras o d\u00eda anterior ao inicio da agresi\u00f3n de EEUU e Israel contra o Ir\u00e1n. Rep\u00edtese o que xa vimos en Gaza ou L\u00edbano, bombardeo de escolas, ximnasios e hospitais. Esta agresi\u00f3n conta, unha vez m\u00e1is, coa colaboraci\u00f3n de moitos pa\u00edses-colonias con bases militares ianquis, e dos pa\u00edses \u201ccivilizados\u201d de Europa.<\/p>\n\n\n\n<p>EEUU utiliza as bases militares que ten no estado espa\u00f1ol, mentres o presidente oponse coa boca pequena a esta guerra. Vaia cinismo.<\/p>\n\n\n\n<p>Ir\u00e1n foi o pa\u00eds agredido, e polo tanto ten todo o dereito a defenderse dos atacantes que queren unha transformar unha sociedade milenaria en cinzas para satisfacer os seus intereses econ\u00f3micos. Non caben equidistancias nin xustificaci\u00f3ns est\u00fapidas, se somos antiimperialistas s\u00f3 podemos estar co agredido, nunca co agresor.<\/p>\n","protected":false},"excerpt":{"rendered":"<div class=\"mh-excerpt\"><p>O mundo at\u00f3pase nunha situaci\u00f3n cr\u00edtica, o Imperio consciente do seu declive econ\u00f3mico e de \u201clexitimidade\u201d forzada pretende frear esta situaci\u00f3n da peor forma pos\u00edbel, coa violencia <a class=\"mh-excerpt-more\" href=\"https:\/\/www.anovapeneira.gal\/index.php\/2026\/03\/09\/pola-liberdade-dos-pobos-contra-o-imperialismo\/\" title=\"Pola liberdade dos pobos, contra o Imperialismo\">[&#8230;]<\/a><\/p>\n<\/div>","protected":false},"author":3,"featured_media":584,"comment_status":"open","ping_status":"open","sticky":false,"template":"","format":"standard","meta":{"_exactmetrics_skip_tracking":false,"_exactmetrics_sitenote_active":false,"_exactmetrics_sitenote_note":"","_exactmetrics_sitenote_category":0,"footnotes":""},"categories":[7,1],"tags":[],"class_list":{"0":"post-15453","1":"post","2":"type-post","3":"status-publish","4":"format-standard","5":"has-post-thumbnail","7":"category-artigos-de-opinion","8":"category-sin-categoria"},"yoast_head":"<!-- This site is optimized with the Yoast SEO plugin v27.4 - https:\/\/yoast.com\/product\/yoast-seo-wordpress\/ -->\n<title>Pola liberdade dos pobos, contra o Imperialismo -<\/title>\n<meta name=\"robots\" content=\"index, follow, max-snippet:-1, max-image-preview:large, max-video-preview:-1\" \/>\n<link rel=\"canonical\" href=\"https:\/\/www.anovapeneira.gal\/index.php\/2026\/03\/09\/pola-liberdade-dos-pobos-contra-o-imperialismo\/\" \/>\n<meta property=\"og:locale\" content=\"gl_ES\" \/>\n<meta property=\"og:type\" content=\"article\" \/>\n<meta property=\"og:title\" content=\"Pola liberdade dos pobos, contra o Imperialismo -\" \/>\n<meta property=\"og:description\" content=\"O mundo at\u00f3pase nunha situaci\u00f3n cr\u00edtica, o Imperio consciente do seu declive econ\u00f3mico e de \u201clexitimidade\u201d forzada pretende frear esta situaci\u00f3n da peor forma pos\u00edbel, coa violencia [...]\" \/>\n<meta property=\"og:url\" content=\"https:\/\/www.anovapeneira.gal\/index.php\/2026\/03\/09\/pola-liberdade-dos-pobos-contra-o-imperialismo\/\" \/>\n<meta property=\"article:publisher\" content=\"https:\/\/www.facebook.com\/anovapeneira\" \/>\n<meta property=\"article:published_time\" content=\"2026-03-09T11:00:50+00:00\" \/>\n<meta property=\"article:modified_time\" content=\"2026-03-12T19:20:16+00:00\" \/>\n<meta property=\"og:image\" content=\"https:\/\/www.anovapeneira.gal\/wp-content\/uploads\/2019\/07\/ARTIGO_DE_OPINION_A_NOVA_PENEIRA.jpg\" \/>\n\t<meta property=\"og:image:width\" content=\"720\" \/>\n\t<meta property=\"og:image:height\" content=\"473\" \/>\n\t<meta property=\"og:image:type\" content=\"image\/jpeg\" \/>\n<meta name=\"author\" content=\"Redacci\u00f3n A Nova Peneira\" \/>\n<meta name=\"twitter:card\" content=\"summary_large_image\" \/>\n<meta name=\"twitter:creator\" content=\"@APeneira\" \/>\n<meta name=\"twitter:site\" content=\"@APeneira\" \/>\n<meta name=\"twitter:label1\" content=\"Escrito por\" \/>\n\t<meta name=\"twitter:data1\" content=\"Redacci\u00f3n A Nova Peneira\" \/>\n\t<meta name=\"twitter:label2\" content=\"Tempo de lectura\" \/>\n\t<meta name=\"twitter:data2\" content=\"5 minutos\" \/>\n<script type=\"application\/ld+json\" class=\"yoast-schema-graph\">{\"@context\":\"https:\\\/\\\/schema.org\",\"@graph\":[{\"@type\":\"Article\",\"@id\":\"https:\\\/\\\/www.anovapeneira.gal\\\/index.php\\\/2026\\\/03\\\/09\\\/pola-liberdade-dos-pobos-contra-o-imperialismo\\\/#article\",\"isPartOf\":{\"@id\":\"https:\\\/\\\/www.anovapeneira.gal\\\/index.php\\\/2026\\\/03\\\/09\\\/pola-liberdade-dos-pobos-contra-o-imperialismo\\\/\"},\"author\":{\"name\":\"Redacci\u00f3n A Nova Peneira\",\"@id\":\"https:\\\/\\\/www.anovapeneira.gal\\\/#\\\/schema\\\/person\\\/b93e3f8932e3f8da96334607eb6ac6aa\"},\"headline\":\"Pola liberdade dos pobos, contra o Imperialismo\",\"datePublished\":\"2026-03-09T11:00:50+00:00\",\"dateModified\":\"2026-03-12T19:20:16+00:00\",\"mainEntityOfPage\":{\"@id\":\"https:\\\/\\\/www.anovapeneira.gal\\\/index.php\\\/2026\\\/03\\\/09\\\/pola-liberdade-dos-pobos-contra-o-imperialismo\\\/\"},\"wordCount\":869,\"commentCount\":0,\"publisher\":{\"@id\":\"https:\\\/\\\/www.anovapeneira.gal\\\/#organization\"},\"image\":{\"@id\":\"https:\\\/\\\/www.anovapeneira.gal\\\/index.php\\\/2026\\\/03\\\/09\\\/pola-liberdade-dos-pobos-contra-o-imperialismo\\\/#primaryimage\"},\"thumbnailUrl\":\"https:\\\/\\\/www.anovapeneira.gal\\\/wp-content\\\/uploads\\\/2019\\\/07\\\/ARTIGO_DE_OPINION_A_NOVA_PENEIRA.jpg\",\"articleSection\":[\"Artigos de opini\u00f3n\",\"Sin categor\u00eda\"],\"inLanguage\":\"gl-ES\",\"potentialAction\":[{\"@type\":\"CommentAction\",\"name\":\"Comment\",\"target\":[\"https:\\\/\\\/www.anovapeneira.gal\\\/index.php\\\/2026\\\/03\\\/09\\\/pola-liberdade-dos-pobos-contra-o-imperialismo\\\/#respond\"]}]},{\"@type\":\"WebPage\",\"@id\":\"https:\\\/\\\/www.anovapeneira.gal\\\/index.php\\\/2026\\\/03\\\/09\\\/pola-liberdade-dos-pobos-contra-o-imperialismo\\\/\",\"url\":\"https:\\\/\\\/www.anovapeneira.gal\\\/index.php\\\/2026\\\/03\\\/09\\\/pola-liberdade-dos-pobos-contra-o-imperialismo\\\/\",\"name\":\"Pola liberdade dos pobos, contra o Imperialismo -\",\"isPartOf\":{\"@id\":\"https:\\\/\\\/www.anovapeneira.gal\\\/#website\"},\"primaryImageOfPage\":{\"@id\":\"https:\\\/\\\/www.anovapeneira.gal\\\/index.php\\\/2026\\\/03\\\/09\\\/pola-liberdade-dos-pobos-contra-o-imperialismo\\\/#primaryimage\"},\"image\":{\"@id\":\"https:\\\/\\\/www.anovapeneira.gal\\\/index.php\\\/2026\\\/03\\\/09\\\/pola-liberdade-dos-pobos-contra-o-imperialismo\\\/#primaryimage\"},\"thumbnailUrl\":\"https:\\\/\\\/www.anovapeneira.gal\\\/wp-content\\\/uploads\\\/2019\\\/07\\\/ARTIGO_DE_OPINION_A_NOVA_PENEIRA.jpg\",\"datePublished\":\"2026-03-09T11:00:50+00:00\",\"dateModified\":\"2026-03-12T19:20:16+00:00\",\"breadcrumb\":{\"@id\":\"https:\\\/\\\/www.anovapeneira.gal\\\/index.php\\\/2026\\\/03\\\/09\\\/pola-liberdade-dos-pobos-contra-o-imperialismo\\\/#breadcrumb\"},\"inLanguage\":\"gl-ES\",\"potentialAction\":[{\"@type\":\"ReadAction\",\"target\":[\"https:\\\/\\\/www.anovapeneira.gal\\\/index.php\\\/2026\\\/03\\\/09\\\/pola-liberdade-dos-pobos-contra-o-imperialismo\\\/\"]}]},{\"@type\":\"ImageObject\",\"inLanguage\":\"gl-ES\",\"@id\":\"https:\\\/\\\/www.anovapeneira.gal\\\/index.php\\\/2026\\\/03\\\/09\\\/pola-liberdade-dos-pobos-contra-o-imperialismo\\\/#primaryimage\",\"url\":\"https:\\\/\\\/www.anovapeneira.gal\\\/wp-content\\\/uploads\\\/2019\\\/07\\\/ARTIGO_DE_OPINION_A_NOVA_PENEIRA.jpg\",\"contentUrl\":\"https:\\\/\\\/www.anovapeneira.gal\\\/wp-content\\\/uploads\\\/2019\\\/07\\\/ARTIGO_DE_OPINION_A_NOVA_PENEIRA.jpg\",\"width\":720,\"height\":473,\"caption\":\"Artigo de opini\u00f3n A Nova Peneira\"},{\"@type\":\"BreadcrumbList\",\"@id\":\"https:\\\/\\\/www.anovapeneira.gal\\\/index.php\\\/2026\\\/03\\\/09\\\/pola-liberdade-dos-pobos-contra-o-imperialismo\\\/#breadcrumb\",\"itemListElement\":[{\"@type\":\"ListItem\",\"position\":1,\"name\":\"Portada\",\"item\":\"https:\\\/\\\/www.anovapeneira.gal\\\/\"},{\"@type\":\"ListItem\",\"position\":2,\"name\":\"Pola liberdade dos pobos, contra o Imperialismo\"}]},{\"@type\":\"WebSite\",\"@id\":\"https:\\\/\\\/www.anovapeneira.gal\\\/#website\",\"url\":\"https:\\\/\\\/www.anovapeneira.gal\\\/\",\"name\":\"\",\"description\":\"Xornal galego de informaci\u00f3n xeral Publicaci\u00f3n mensual de novas de Galicia e en especial dos Concellos da sur da provincia de Pontevedra.\",\"publisher\":{\"@id\":\"https:\\\/\\\/www.anovapeneira.gal\\\/#organization\"},\"potentialAction\":[{\"@type\":\"SearchAction\",\"target\":{\"@type\":\"EntryPoint\",\"urlTemplate\":\"https:\\\/\\\/www.anovapeneira.gal\\\/?s={search_term_string}\"},\"query-input\":{\"@type\":\"PropertyValueSpecification\",\"valueRequired\":true,\"valueName\":\"search_term_string\"}}],\"inLanguage\":\"gl-ES\"},{\"@type\":\"Organization\",\"@id\":\"https:\\\/\\\/www.anovapeneira.gal\\\/#organization\",\"name\":\"A Nova Peneira\",\"url\":\"https:\\\/\\\/www.anovapeneira.gal\\\/\",\"logo\":{\"@type\":\"ImageObject\",\"inLanguage\":\"gl-ES\",\"@id\":\"https:\\\/\\\/www.anovapeneira.gal\\\/#\\\/schema\\\/logo\\\/image\\\/\",\"url\":\"http:\\\/\\\/www.anovapeneira.gal\\\/wp-content\\\/uploads\\\/2019\\\/06\\\/logo_a_nova_peneira_portal_web.png\",\"contentUrl\":\"http:\\\/\\\/www.anovapeneira.gal\\\/wp-content\\\/uploads\\\/2019\\\/06\\\/logo_a_nova_peneira_portal_web.png\",\"width\":300,\"height\":100,\"caption\":\"A Nova Peneira\"},\"image\":{\"@id\":\"https:\\\/\\\/www.anovapeneira.gal\\\/#\\\/schema\\\/logo\\\/image\\\/\"},\"sameAs\":[\"https:\\\/\\\/www.facebook.com\\\/anovapeneira\",\"https:\\\/\\\/x.com\\\/APeneira\"]},{\"@type\":\"Person\",\"@id\":\"https:\\\/\\\/www.anovapeneira.gal\\\/#\\\/schema\\\/person\\\/b93e3f8932e3f8da96334607eb6ac6aa\",\"name\":\"Redacci\u00f3n A Nova Peneira\",\"image\":{\"@type\":\"ImageObject\",\"inLanguage\":\"gl-ES\",\"@id\":\"https:\\\/\\\/secure.gravatar.com\\\/avatar\\\/c052a2551a06e23fac63626232eaa90abd78dbcf1700fc46a2b2c89fd27b735f?s=96&d=mm&r=g\",\"url\":\"https:\\\/\\\/secure.gravatar.com\\\/avatar\\\/c052a2551a06e23fac63626232eaa90abd78dbcf1700fc46a2b2c89fd27b735f?s=96&d=mm&r=g\",\"contentUrl\":\"https:\\\/\\\/secure.gravatar.com\\\/avatar\\\/c052a2551a06e23fac63626232eaa90abd78dbcf1700fc46a2b2c89fd27b735f?s=96&d=mm&r=g\",\"caption\":\"Redacci\u00f3n A Nova Peneira\"},\"sameAs\":[\"http:\\\/\\\/www.anovapeneira.gal\\\/\"],\"url\":\"https:\\\/\\\/www.anovapeneira.gal\\\/index.php\\\/author\\\/redactor\\\/\"}]}<\/script>\n<!-- \/ Yoast SEO plugin. -->","yoast_head_json":{"title":"Pola liberdade dos pobos, contra o Imperialismo -","robots":{"index":"index","follow":"follow","max-snippet":"max-snippet:-1","max-image-preview":"max-image-preview:large","max-video-preview":"max-video-preview:-1"},"canonical":"https:\/\/www.anovapeneira.gal\/index.php\/2026\/03\/09\/pola-liberdade-dos-pobos-contra-o-imperialismo\/","og_locale":"gl_ES","og_type":"article","og_title":"Pola liberdade dos pobos, contra o Imperialismo -","og_description":"O mundo at\u00f3pase nunha situaci\u00f3n cr\u00edtica, o Imperio consciente do seu declive econ\u00f3mico e de \u201clexitimidade\u201d forzada pretende frear esta situaci\u00f3n da peor forma pos\u00edbel, coa violencia [...]","og_url":"https:\/\/www.anovapeneira.gal\/index.php\/2026\/03\/09\/pola-liberdade-dos-pobos-contra-o-imperialismo\/","article_publisher":"https:\/\/www.facebook.com\/anovapeneira","article_published_time":"2026-03-09T11:00:50+00:00","article_modified_time":"2026-03-12T19:20:16+00:00","og_image":[{"width":720,"height":473,"url":"https:\/\/www.anovapeneira.gal\/wp-content\/uploads\/2019\/07\/ARTIGO_DE_OPINION_A_NOVA_PENEIRA.jpg","type":"image\/jpeg"}],"author":"Redacci\u00f3n A Nova Peneira","twitter_card":"summary_large_image","twitter_creator":"@APeneira","twitter_site":"@APeneira","twitter_misc":{"Escrito por":"Redacci\u00f3n A Nova Peneira","Tempo de lectura":"5 minutos"},"schema":{"@context":"https:\/\/schema.org","@graph":[{"@type":"Article","@id":"https:\/\/www.anovapeneira.gal\/index.php\/2026\/03\/09\/pola-liberdade-dos-pobos-contra-o-imperialismo\/#article","isPartOf":{"@id":"https:\/\/www.anovapeneira.gal\/index.php\/2026\/03\/09\/pola-liberdade-dos-pobos-contra-o-imperialismo\/"},"author":{"name":"Redacci\u00f3n A Nova Peneira","@id":"https:\/\/www.anovapeneira.gal\/#\/schema\/person\/b93e3f8932e3f8da96334607eb6ac6aa"},"headline":"Pola liberdade dos pobos, contra o Imperialismo","datePublished":"2026-03-09T11:00:50+00:00","dateModified":"2026-03-12T19:20:16+00:00","mainEntityOfPage":{"@id":"https:\/\/www.anovapeneira.gal\/index.php\/2026\/03\/09\/pola-liberdade-dos-pobos-contra-o-imperialismo\/"},"wordCount":869,"commentCount":0,"publisher":{"@id":"https:\/\/www.anovapeneira.gal\/#organization"},"image":{"@id":"https:\/\/www.anovapeneira.gal\/index.php\/2026\/03\/09\/pola-liberdade-dos-pobos-contra-o-imperialismo\/#primaryimage"},"thumbnailUrl":"https:\/\/www.anovapeneira.gal\/wp-content\/uploads\/2019\/07\/ARTIGO_DE_OPINION_A_NOVA_PENEIRA.jpg","articleSection":["Artigos de opini\u00f3n","Sin categor\u00eda"],"inLanguage":"gl-ES","potentialAction":[{"@type":"CommentAction","name":"Comment","target":["https:\/\/www.anovapeneira.gal\/index.php\/2026\/03\/09\/pola-liberdade-dos-pobos-contra-o-imperialismo\/#respond"]}]},{"@type":"WebPage","@id":"https:\/\/www.anovapeneira.gal\/index.php\/2026\/03\/09\/pola-liberdade-dos-pobos-contra-o-imperialismo\/","url":"https:\/\/www.anovapeneira.gal\/index.php\/2026\/03\/09\/pola-liberdade-dos-pobos-contra-o-imperialismo\/","name":"Pola liberdade dos pobos, contra o Imperialismo -","isPartOf":{"@id":"https:\/\/www.anovapeneira.gal\/#website"},"primaryImageOfPage":{"@id":"https:\/\/www.anovapeneira.gal\/index.php\/2026\/03\/09\/pola-liberdade-dos-pobos-contra-o-imperialismo\/#primaryimage"},"image":{"@id":"https:\/\/www.anovapeneira.gal\/index.php\/2026\/03\/09\/pola-liberdade-dos-pobos-contra-o-imperialismo\/#primaryimage"},"thumbnailUrl":"https:\/\/www.anovapeneira.gal\/wp-content\/uploads\/2019\/07\/ARTIGO_DE_OPINION_A_NOVA_PENEIRA.jpg","datePublished":"2026-03-09T11:00:50+00:00","dateModified":"2026-03-12T19:20:16+00:00","breadcrumb":{"@id":"https:\/\/www.anovapeneira.gal\/index.php\/2026\/03\/09\/pola-liberdade-dos-pobos-contra-o-imperialismo\/#breadcrumb"},"inLanguage":"gl-ES","potentialAction":[{"@type":"ReadAction","target":["https:\/\/www.anovapeneira.gal\/index.php\/2026\/03\/09\/pola-liberdade-dos-pobos-contra-o-imperialismo\/"]}]},{"@type":"ImageObject","inLanguage":"gl-ES","@id":"https:\/\/www.anovapeneira.gal\/index.php\/2026\/03\/09\/pola-liberdade-dos-pobos-contra-o-imperialismo\/#primaryimage","url":"https:\/\/www.anovapeneira.gal\/wp-content\/uploads\/2019\/07\/ARTIGO_DE_OPINION_A_NOVA_PENEIRA.jpg","contentUrl":"https:\/\/www.anovapeneira.gal\/wp-content\/uploads\/2019\/07\/ARTIGO_DE_OPINION_A_NOVA_PENEIRA.jpg","width":720,"height":473,"caption":"Artigo de opini\u00f3n A Nova Peneira"},{"@type":"BreadcrumbList","@id":"https:\/\/www.anovapeneira.gal\/index.php\/2026\/03\/09\/pola-liberdade-dos-pobos-contra-o-imperialismo\/#breadcrumb","itemListElement":[{"@type":"ListItem","position":1,"name":"Portada","item":"https:\/\/www.anovapeneira.gal\/"},{"@type":"ListItem","position":2,"name":"Pola liberdade dos pobos, contra o Imperialismo"}]},{"@type":"WebSite","@id":"https:\/\/www.anovapeneira.gal\/#website","url":"https:\/\/www.anovapeneira.gal\/","name":"","description":"Xornal galego de informaci\u00f3n xeral Publicaci\u00f3n mensual de novas de Galicia e en especial dos Concellos da sur da provincia de Pontevedra.","publisher":{"@id":"https:\/\/www.anovapeneira.gal\/#organization"},"potentialAction":[{"@type":"SearchAction","target":{"@type":"EntryPoint","urlTemplate":"https:\/\/www.anovapeneira.gal\/?s={search_term_string}"},"query-input":{"@type":"PropertyValueSpecification","valueRequired":true,"valueName":"search_term_string"}}],"inLanguage":"gl-ES"},{"@type":"Organization","@id":"https:\/\/www.anovapeneira.gal\/#organization","name":"A Nova Peneira","url":"https:\/\/www.anovapeneira.gal\/","logo":{"@type":"ImageObject","inLanguage":"gl-ES","@id":"https:\/\/www.anovapeneira.gal\/#\/schema\/logo\/image\/","url":"http:\/\/www.anovapeneira.gal\/wp-content\/uploads\/2019\/06\/logo_a_nova_peneira_portal_web.png","contentUrl":"http:\/\/www.anovapeneira.gal\/wp-content\/uploads\/2019\/06\/logo_a_nova_peneira_portal_web.png","width":300,"height":100,"caption":"A Nova Peneira"},"image":{"@id":"https:\/\/www.anovapeneira.gal\/#\/schema\/logo\/image\/"},"sameAs":["https:\/\/www.facebook.com\/anovapeneira","https:\/\/x.com\/APeneira"]},{"@type":"Person","@id":"https:\/\/www.anovapeneira.gal\/#\/schema\/person\/b93e3f8932e3f8da96334607eb6ac6aa","name":"Redacci\u00f3n A Nova Peneira","image":{"@type":"ImageObject","inLanguage":"gl-ES","@id":"https:\/\/secure.gravatar.com\/avatar\/c052a2551a06e23fac63626232eaa90abd78dbcf1700fc46a2b2c89fd27b735f?s=96&d=mm&r=g","url":"https:\/\/secure.gravatar.com\/avatar\/c052a2551a06e23fac63626232eaa90abd78dbcf1700fc46a2b2c89fd27b735f?s=96&d=mm&r=g","contentUrl":"https:\/\/secure.gravatar.com\/avatar\/c052a2551a06e23fac63626232eaa90abd78dbcf1700fc46a2b2c89fd27b735f?s=96&d=mm&r=g","caption":"Redacci\u00f3n A Nova Peneira"},"sameAs":["http:\/\/www.anovapeneira.gal\/"],"url":"https:\/\/www.anovapeneira.gal\/index.php\/author\/redactor\/"}]}},"jetpack_featured_media_url":"https:\/\/www.anovapeneira.gal\/wp-content\/uploads\/2019\/07\/ARTIGO_DE_OPINION_A_NOVA_PENEIRA.jpg","_links":{"self":[{"href":"https:\/\/www.anovapeneira.gal\/index.php\/wp-json\/wp\/v2\/posts\/15453","targetHints":{"allow":["GET"]}}],"collection":[{"href":"https:\/\/www.anovapeneira.gal\/index.php\/wp-json\/wp\/v2\/posts"}],"about":[{"href":"https:\/\/www.anovapeneira.gal\/index.php\/wp-json\/wp\/v2\/types\/post"}],"author":[{"embeddable":true,"href":"https:\/\/www.anovapeneira.gal\/index.php\/wp-json\/wp\/v2\/users\/3"}],"replies":[{"embeddable":true,"href":"https:\/\/www.anovapeneira.gal\/index.php\/wp-json\/wp\/v2\/comments?post=15453"}],"version-history":[{"count":1,"href":"https:\/\/www.anovapeneira.gal\/index.php\/wp-json\/wp\/v2\/posts\/15453\/revisions"}],"predecessor-version":[{"id":15454,"href":"https:\/\/www.anovapeneira.gal\/index.php\/wp-json\/wp\/v2\/posts\/15453\/revisions\/15454"}],"wp:featuredmedia":[{"embeddable":true,"href":"https:\/\/www.anovapeneira.gal\/index.php\/wp-json\/wp\/v2\/media\/584"}],"wp:attachment":[{"href":"https:\/\/www.anovapeneira.gal\/index.php\/wp-json\/wp\/v2\/media?parent=15453"}],"wp:term":[{"taxonomy":"category","embeddable":true,"href":"https:\/\/www.anovapeneira.gal\/index.php\/wp-json\/wp\/v2\/categories?post=15453"},{"taxonomy":"post_tag","embeddable":true,"href":"https:\/\/www.anovapeneira.gal\/index.php\/wp-json\/wp\/v2\/tags?post=15453"}],"curies":[{"name":"wp","href":"https:\/\/api.w.org\/{rel}","templated":true}]}}