{"id":15463,"date":"2026-03-10T12:00:25","date_gmt":"2026-03-10T11:00:25","guid":{"rendered":"https:\/\/www.anovapeneira.gal\/?p=15463"},"modified":"2026-03-09T11:02:53","modified_gmt":"2026-03-09T10:02:53","slug":"mais-feminismo-por-favor","status":"publish","type":"post","link":"https:\/\/www.anovapeneira.gal\/index.php\/2026\/03\/10\/mais-feminismo-por-favor\/","title":{"rendered":"M\u00e1is feminismo por favor!"},"content":{"rendered":"\n<p>En marzo conmemoramos a loita das mulleres dende principios do s\u00e9culo XX pola xustiza e a igualdade. Daquela eramos oficialmente consideradas persoas de segunda categor\u00eda sen dereito ao voto ou \u00e1s nosas finanzas. Hoxe os avances son ben visibles, m\u00e1is as desigualdades a\u00ednda son profundas:<\/p>\n\n\n\n<p><strong>Porque seguimos morrendo a mans das nosas parellas homes<\/strong><\/p>\n\n\n\n<p>O poder xudicial rexistrou en 2025 en Galicia unhas 20 denuncias diarias por violencia de x\u00e9nero, sendo condenatorias o 87% das sentencias. No Estado Espa\u00f1ol, a finais de febreiro deste ano l\u00e9vanse rexistrados xa, 12 asasinatos machistas inclu\u00eddos 2 menores.<\/p>\n\n\n\n<p><strong>Porque seguimos ga\u00f1ando menos ca eles<\/strong><\/p>\n\n\n\n<p>A fenda salarial de x\u00e9nero en Espa\u00f1a actualmente \u00e9 do 15%, o que significa que as mulleres cobramos anualmente, miles de euros menos que os homes. A pesar de ter diminu\u00eddo, a desigualdade persiste debido \u00e1 segregaci\u00f3n laboral e \u00e1 maior contrataci\u00f3n a tempo parcial das mulleres.<\/p>\n\n\n\n<p><strong>Porque seguimos sendo n\u00f3s quen asume os coidados de crianzas e maiores<\/strong><\/p>\n\n\n\n<p>A fenda de x\u00e9nero nos coidados en Espa\u00f1a \u00e9 profunda e ten un custo oculto de m\u00e1s de 95.000 mill\u00f3ns de euros anuais. O 37% das mulleres asumimos o coidado habitual das crianzas fronte a un 5,6% dos homes. En 2024, o 84,4% das excedencias por coidados foron solicitadas por mulleres.<\/p>\n\n\n\n<p><strong>Porque seguimos sendo n\u00f3s as que asumimos as tarefas do fogar<\/strong><\/p>\n\n\n\n<p>As tarefas da casa seguen principalmente nas mans de mulleres. M\u00e1is da metade afirma que sempre ou case sempre se encarga de lavar a roupa, fronte ao 13,3% dos homes que din asumir esa tarefa.<\/p>\n\n\n\n<p><strong>Porque seguimos ignoradas e maltratadas na atenci\u00f3n sanitaria<\/strong><\/p>\n\n\n\n<p>Amais da violencia obst\u00e9trica ou o a deficiente atenci\u00f3n en sa\u00fade mental, enfrontamos diagn\u00f3sticos nesgados e tard\u00edos (2.5 anos m\u00e1is para cancro e 4.5 para diabetes), menor investigaci\u00f3n e peores indicadores de sa\u00fade para as mulleres, influenciados por factores socioestruturais como usar o corpo masculino como est\u00e1ndar biom\u00e9dico.<\/p>\n\n\n\n<p><strong>Porque seguimos sufrindo violencia sexual<\/strong><\/p>\n\n\n\n<p>Non hai d\u00eda en que no se produza en Galicia una agresi\u00f3n sexual. Nos \u00faltimos 5 anos, estes delitos medraron en cantidade (25% m\u00e1is) e en gravidade (violaci\u00f3ns grupais). S\u00f3 no primeiro trimestre do 2025 rexistr\u00e1ronse 187 delitos contra a liberdade sexual, dos que 42 foron violaci\u00f3ns.<\/p>\n\n\n\n<p><strong>Porque seguimos ausentes dos centros de poder p\u00fablicos e privados<\/strong><\/p>\n\n\n\n<p>A pesares das pol\u00edticas de igualdade, o teito de cristal e o acaparamento masculino da toma de decisi\u00f3ns son unha realidade: En Espa\u00f1a as mulleres temos un 65% menos de posibilidades que os homes de ascender a cargos de alta direcci\u00f3n (3% CEO mulleres).<\/p>\n\n\n\n<p><strong>Porque seguimos figurando como obxectos<\/strong><\/p>\n\n\n\n<p>Na cultura, na escola, na ciencia, nos museos, na publicidade&#8230; en fin, en todas as esferas da vida social, a muller \u00e9 relegada a obxecto neg\u00e1ndose e invisibilizando a nosa acci\u00f3n creadora e protagonista. Por po\u00f1er un exemplo actual, no eido do cine, en 40 edici\u00f3ns, s\u00f3 5 mulleres ga\u00f1aron o Goya \u00e1 mellor direcci\u00f3n.<\/p>\n\n\n\n<p>Por todo isto non podemos abandonar a loita. Non podemos deixarnos seducir polos discursos que afirman falsamente que a igualdade xa est\u00e1 conseguida ou, o que \u00e9 moito m\u00e1is grave, que o feminismo est\u00e1 agredindo aos homes. Os datos son contundentes, s\u00f3 hai que ver con honestidade que seguimos sufrindo desigualdade e violencia, s\u00f3 por ser as femias da especie humana. Por iso o 8 de Marzo berramos: M\u00e1is feminismo por favor!<\/p>\n","protected":false},"excerpt":{"rendered":"<div class=\"mh-excerpt\"><p>En marzo conmemoramos a loita das mulleres dende principios do s\u00e9culo XX pola xustiza e a igualdade. Daquela eramos oficialmente consideradas persoas de segunda categor\u00eda sen dereito ao voto ou \u00e1s nosas finanzas <a class=\"mh-excerpt-more\" href=\"https:\/\/www.anovapeneira.gal\/index.php\/2026\/03\/10\/mais-feminismo-por-favor\/\" title=\"M\u00e1is feminismo por favor!\">[&#8230;]<\/a><\/p>\n<\/div>","protected":false},"author":12,"featured_media":13363,"comment_status":"open","ping_status":"open","sticky":false,"template":"","format":"standard","meta":{"_exactmetrics_skip_tracking":false,"_exactmetrics_sitenote_active":false,"_exactmetrics_sitenote_note":"","_exactmetrics_sitenote_category":0,"footnotes":""},"categories":[7],"tags":[],"class_list":{"0":"post-15463","1":"post","2":"type-post","3":"status-publish","4":"format-standard","5":"has-post-thumbnail","7":"category-artigos-de-opinion"},"yoast_head":"<!-- This site is optimized with the Yoast SEO plugin v27.4 - https:\/\/yoast.com\/product\/yoast-seo-wordpress\/ -->\n<title>M\u00e1is feminismo por favor! -<\/title>\n<meta name=\"robots\" content=\"index, follow, max-snippet:-1, max-image-preview:large, max-video-preview:-1\" \/>\n<link rel=\"canonical\" href=\"https:\/\/www.anovapeneira.gal\/index.php\/2026\/03\/10\/mais-feminismo-por-favor\/\" \/>\n<meta property=\"og:locale\" content=\"gl_ES\" \/>\n<meta property=\"og:type\" content=\"article\" \/>\n<meta property=\"og:title\" content=\"M\u00e1is feminismo por favor! -\" \/>\n<meta property=\"og:description\" content=\"En marzo conmemoramos a loita das mulleres dende principios do s\u00e9culo XX pola xustiza e a igualdade. Daquela eramos oficialmente consideradas persoas de segunda categor\u00eda sen dereito ao voto ou \u00e1s nosas finanzas [...]\" \/>\n<meta property=\"og:url\" content=\"https:\/\/www.anovapeneira.gal\/index.php\/2026\/03\/10\/mais-feminismo-por-favor\/\" \/>\n<meta property=\"article:publisher\" content=\"https:\/\/www.facebook.com\/anovapeneira\" \/>\n<meta property=\"article:published_time\" content=\"2026-03-10T11:00:25+00:00\" \/>\n<meta property=\"og:image\" content=\"https:\/\/www.anovapeneira.gal\/wp-content\/uploads\/2025\/02\/Silveiras.jpg\" \/>\n\t<meta property=\"og:image:width\" content=\"720\" \/>\n\t<meta property=\"og:image:height\" content=\"432\" \/>\n\t<meta property=\"og:image:type\" content=\"image\/jpeg\" \/>\n<meta name=\"author\" content=\"Artigos Opini\u00f3n\" \/>\n<meta name=\"twitter:card\" content=\"summary_large_image\" \/>\n<meta name=\"twitter:creator\" content=\"@APeneira\" \/>\n<meta name=\"twitter:site\" content=\"@APeneira\" \/>\n<meta name=\"twitter:label1\" content=\"Escrito por\" \/>\n\t<meta name=\"twitter:data1\" content=\"Artigos Opini\u00f3n\" \/>\n\t<meta name=\"twitter:label2\" content=\"Tempo de lectura\" \/>\n\t<meta name=\"twitter:data2\" content=\"4 minutos\" \/>\n<script type=\"application\/ld+json\" class=\"yoast-schema-graph\">{\"@context\":\"https:\\\/\\\/schema.org\",\"@graph\":[{\"@type\":\"Article\",\"@id\":\"https:\\\/\\\/www.anovapeneira.gal\\\/index.php\\\/2026\\\/03\\\/10\\\/mais-feminismo-por-favor\\\/#article\",\"isPartOf\":{\"@id\":\"https:\\\/\\\/www.anovapeneira.gal\\\/index.php\\\/2026\\\/03\\\/10\\\/mais-feminismo-por-favor\\\/\"},\"author\":{\"name\":\"Artigos Opini\u00f3n\",\"@id\":\"https:\\\/\\\/www.anovapeneira.gal\\\/#\\\/schema\\\/person\\\/f18a4feb302e8f20bcef4490b5b60bb3\"},\"headline\":\"M\u00e1is feminismo por favor!\",\"datePublished\":\"2026-03-10T11:00:25+00:00\",\"mainEntityOfPage\":{\"@id\":\"https:\\\/\\\/www.anovapeneira.gal\\\/index.php\\\/2026\\\/03\\\/10\\\/mais-feminismo-por-favor\\\/\"},\"wordCount\":575,\"commentCount\":0,\"publisher\":{\"@id\":\"https:\\\/\\\/www.anovapeneira.gal\\\/#organization\"},\"image\":{\"@id\":\"https:\\\/\\\/www.anovapeneira.gal\\\/index.php\\\/2026\\\/03\\\/10\\\/mais-feminismo-por-favor\\\/#primaryimage\"},\"thumbnailUrl\":\"https:\\\/\\\/www.anovapeneira.gal\\\/wp-content\\\/uploads\\\/2025\\\/02\\\/Silveiras.jpg\",\"articleSection\":[\"Artigos de opini\u00f3n\"],\"inLanguage\":\"gl-ES\",\"potentialAction\":[{\"@type\":\"CommentAction\",\"name\":\"Comment\",\"target\":[\"https:\\\/\\\/www.anovapeneira.gal\\\/index.php\\\/2026\\\/03\\\/10\\\/mais-feminismo-por-favor\\\/#respond\"]}]},{\"@type\":\"WebPage\",\"@id\":\"https:\\\/\\\/www.anovapeneira.gal\\\/index.php\\\/2026\\\/03\\\/10\\\/mais-feminismo-por-favor\\\/\",\"url\":\"https:\\\/\\\/www.anovapeneira.gal\\\/index.php\\\/2026\\\/03\\\/10\\\/mais-feminismo-por-favor\\\/\",\"name\":\"M\u00e1is feminismo por favor! -\",\"isPartOf\":{\"@id\":\"https:\\\/\\\/www.anovapeneira.gal\\\/#website\"},\"primaryImageOfPage\":{\"@id\":\"https:\\\/\\\/www.anovapeneira.gal\\\/index.php\\\/2026\\\/03\\\/10\\\/mais-feminismo-por-favor\\\/#primaryimage\"},\"image\":{\"@id\":\"https:\\\/\\\/www.anovapeneira.gal\\\/index.php\\\/2026\\\/03\\\/10\\\/mais-feminismo-por-favor\\\/#primaryimage\"},\"thumbnailUrl\":\"https:\\\/\\\/www.anovapeneira.gal\\\/wp-content\\\/uploads\\\/2025\\\/02\\\/Silveiras.jpg\",\"datePublished\":\"2026-03-10T11:00:25+00:00\",\"breadcrumb\":{\"@id\":\"https:\\\/\\\/www.anovapeneira.gal\\\/index.php\\\/2026\\\/03\\\/10\\\/mais-feminismo-por-favor\\\/#breadcrumb\"},\"inLanguage\":\"gl-ES\",\"potentialAction\":[{\"@type\":\"ReadAction\",\"target\":[\"https:\\\/\\\/www.anovapeneira.gal\\\/index.php\\\/2026\\\/03\\\/10\\\/mais-feminismo-por-favor\\\/\"]}]},{\"@type\":\"ImageObject\",\"inLanguage\":\"gl-ES\",\"@id\":\"https:\\\/\\\/www.anovapeneira.gal\\\/index.php\\\/2026\\\/03\\\/10\\\/mais-feminismo-por-favor\\\/#primaryimage\",\"url\":\"https:\\\/\\\/www.anovapeneira.gal\\\/wp-content\\\/uploads\\\/2025\\\/02\\\/Silveiras.jpg\",\"contentUrl\":\"https:\\\/\\\/www.anovapeneira.gal\\\/wp-content\\\/uploads\\\/2025\\\/02\\\/Silveiras.jpg\",\"width\":720,\"height\":432,\"caption\":\"Silveiras Asociaci\u00f3n feminista\"},{\"@type\":\"BreadcrumbList\",\"@id\":\"https:\\\/\\\/www.anovapeneira.gal\\\/index.php\\\/2026\\\/03\\\/10\\\/mais-feminismo-por-favor\\\/#breadcrumb\",\"itemListElement\":[{\"@type\":\"ListItem\",\"position\":1,\"name\":\"Portada\",\"item\":\"https:\\\/\\\/www.anovapeneira.gal\\\/\"},{\"@type\":\"ListItem\",\"position\":2,\"name\":\"M\u00e1is feminismo por favor!\"}]},{\"@type\":\"WebSite\",\"@id\":\"https:\\\/\\\/www.anovapeneira.gal\\\/#website\",\"url\":\"https:\\\/\\\/www.anovapeneira.gal\\\/\",\"name\":\"\",\"description\":\"Xornal galego de informaci\u00f3n xeral Publicaci\u00f3n mensual de novas de Galicia e en especial dos Concellos da sur da provincia de Pontevedra.\",\"publisher\":{\"@id\":\"https:\\\/\\\/www.anovapeneira.gal\\\/#organization\"},\"potentialAction\":[{\"@type\":\"SearchAction\",\"target\":{\"@type\":\"EntryPoint\",\"urlTemplate\":\"https:\\\/\\\/www.anovapeneira.gal\\\/?s={search_term_string}\"},\"query-input\":{\"@type\":\"PropertyValueSpecification\",\"valueRequired\":true,\"valueName\":\"search_term_string\"}}],\"inLanguage\":\"gl-ES\"},{\"@type\":\"Organization\",\"@id\":\"https:\\\/\\\/www.anovapeneira.gal\\\/#organization\",\"name\":\"A Nova Peneira\",\"url\":\"https:\\\/\\\/www.anovapeneira.gal\\\/\",\"logo\":{\"@type\":\"ImageObject\",\"inLanguage\":\"gl-ES\",\"@id\":\"https:\\\/\\\/www.anovapeneira.gal\\\/#\\\/schema\\\/logo\\\/image\\\/\",\"url\":\"http:\\\/\\\/www.anovapeneira.gal\\\/wp-content\\\/uploads\\\/2019\\\/06\\\/logo_a_nova_peneira_portal_web.png\",\"contentUrl\":\"http:\\\/\\\/www.anovapeneira.gal\\\/wp-content\\\/uploads\\\/2019\\\/06\\\/logo_a_nova_peneira_portal_web.png\",\"width\":300,\"height\":100,\"caption\":\"A Nova Peneira\"},\"image\":{\"@id\":\"https:\\\/\\\/www.anovapeneira.gal\\\/#\\\/schema\\\/logo\\\/image\\\/\"},\"sameAs\":[\"https:\\\/\\\/www.facebook.com\\\/anovapeneira\",\"https:\\\/\\\/x.com\\\/APeneira\"]},{\"@type\":\"Person\",\"@id\":\"https:\\\/\\\/www.anovapeneira.gal\\\/#\\\/schema\\\/person\\\/f18a4feb302e8f20bcef4490b5b60bb3\",\"name\":\"Artigos Opini\u00f3n\",\"image\":{\"@type\":\"ImageObject\",\"inLanguage\":\"gl-ES\",\"@id\":\"https:\\\/\\\/secure.gravatar.com\\\/avatar\\\/072844300f4881150aee2da4278f7a65d16eefdf8262eb67085f1e702de2b959?s=96&d=mm&r=g\",\"url\":\"https:\\\/\\\/secure.gravatar.com\\\/avatar\\\/072844300f4881150aee2da4278f7a65d16eefdf8262eb67085f1e702de2b959?s=96&d=mm&r=g\",\"contentUrl\":\"https:\\\/\\\/secure.gravatar.com\\\/avatar\\\/072844300f4881150aee2da4278f7a65d16eefdf8262eb67085f1e702de2b959?s=96&d=mm&r=g\",\"caption\":\"Artigos Opini\u00f3n\"},\"sameAs\":[\"http:\\\/\\\/anovapeneira.gal\"],\"url\":\"https:\\\/\\\/www.anovapeneira.gal\\\/index.php\\\/author\\\/artigosopinion\\\/\"}]}<\/script>\n<!-- \/ Yoast SEO plugin. -->","yoast_head_json":{"title":"M\u00e1is feminismo por favor! -","robots":{"index":"index","follow":"follow","max-snippet":"max-snippet:-1","max-image-preview":"max-image-preview:large","max-video-preview":"max-video-preview:-1"},"canonical":"https:\/\/www.anovapeneira.gal\/index.php\/2026\/03\/10\/mais-feminismo-por-favor\/","og_locale":"gl_ES","og_type":"article","og_title":"M\u00e1is feminismo por favor! -","og_description":"En marzo conmemoramos a loita das mulleres dende principios do s\u00e9culo XX pola xustiza e a igualdade. Daquela eramos oficialmente consideradas persoas de segunda categor\u00eda sen dereito ao voto ou \u00e1s nosas finanzas [...]","og_url":"https:\/\/www.anovapeneira.gal\/index.php\/2026\/03\/10\/mais-feminismo-por-favor\/","article_publisher":"https:\/\/www.facebook.com\/anovapeneira","article_published_time":"2026-03-10T11:00:25+00:00","og_image":[{"width":720,"height":432,"url":"https:\/\/www.anovapeneira.gal\/wp-content\/uploads\/2025\/02\/Silveiras.jpg","type":"image\/jpeg"}],"author":"Artigos Opini\u00f3n","twitter_card":"summary_large_image","twitter_creator":"@APeneira","twitter_site":"@APeneira","twitter_misc":{"Escrito por":"Artigos Opini\u00f3n","Tempo de lectura":"4 minutos"},"schema":{"@context":"https:\/\/schema.org","@graph":[{"@type":"Article","@id":"https:\/\/www.anovapeneira.gal\/index.php\/2026\/03\/10\/mais-feminismo-por-favor\/#article","isPartOf":{"@id":"https:\/\/www.anovapeneira.gal\/index.php\/2026\/03\/10\/mais-feminismo-por-favor\/"},"author":{"name":"Artigos Opini\u00f3n","@id":"https:\/\/www.anovapeneira.gal\/#\/schema\/person\/f18a4feb302e8f20bcef4490b5b60bb3"},"headline":"M\u00e1is feminismo por favor!","datePublished":"2026-03-10T11:00:25+00:00","mainEntityOfPage":{"@id":"https:\/\/www.anovapeneira.gal\/index.php\/2026\/03\/10\/mais-feminismo-por-favor\/"},"wordCount":575,"commentCount":0,"publisher":{"@id":"https:\/\/www.anovapeneira.gal\/#organization"},"image":{"@id":"https:\/\/www.anovapeneira.gal\/index.php\/2026\/03\/10\/mais-feminismo-por-favor\/#primaryimage"},"thumbnailUrl":"https:\/\/www.anovapeneira.gal\/wp-content\/uploads\/2025\/02\/Silveiras.jpg","articleSection":["Artigos de opini\u00f3n"],"inLanguage":"gl-ES","potentialAction":[{"@type":"CommentAction","name":"Comment","target":["https:\/\/www.anovapeneira.gal\/index.php\/2026\/03\/10\/mais-feminismo-por-favor\/#respond"]}]},{"@type":"WebPage","@id":"https:\/\/www.anovapeneira.gal\/index.php\/2026\/03\/10\/mais-feminismo-por-favor\/","url":"https:\/\/www.anovapeneira.gal\/index.php\/2026\/03\/10\/mais-feminismo-por-favor\/","name":"M\u00e1is feminismo por favor! -","isPartOf":{"@id":"https:\/\/www.anovapeneira.gal\/#website"},"primaryImageOfPage":{"@id":"https:\/\/www.anovapeneira.gal\/index.php\/2026\/03\/10\/mais-feminismo-por-favor\/#primaryimage"},"image":{"@id":"https:\/\/www.anovapeneira.gal\/index.php\/2026\/03\/10\/mais-feminismo-por-favor\/#primaryimage"},"thumbnailUrl":"https:\/\/www.anovapeneira.gal\/wp-content\/uploads\/2025\/02\/Silveiras.jpg","datePublished":"2026-03-10T11:00:25+00:00","breadcrumb":{"@id":"https:\/\/www.anovapeneira.gal\/index.php\/2026\/03\/10\/mais-feminismo-por-favor\/#breadcrumb"},"inLanguage":"gl-ES","potentialAction":[{"@type":"ReadAction","target":["https:\/\/www.anovapeneira.gal\/index.php\/2026\/03\/10\/mais-feminismo-por-favor\/"]}]},{"@type":"ImageObject","inLanguage":"gl-ES","@id":"https:\/\/www.anovapeneira.gal\/index.php\/2026\/03\/10\/mais-feminismo-por-favor\/#primaryimage","url":"https:\/\/www.anovapeneira.gal\/wp-content\/uploads\/2025\/02\/Silveiras.jpg","contentUrl":"https:\/\/www.anovapeneira.gal\/wp-content\/uploads\/2025\/02\/Silveiras.jpg","width":720,"height":432,"caption":"Silveiras Asociaci\u00f3n feminista"},{"@type":"BreadcrumbList","@id":"https:\/\/www.anovapeneira.gal\/index.php\/2026\/03\/10\/mais-feminismo-por-favor\/#breadcrumb","itemListElement":[{"@type":"ListItem","position":1,"name":"Portada","item":"https:\/\/www.anovapeneira.gal\/"},{"@type":"ListItem","position":2,"name":"M\u00e1is feminismo por favor!"}]},{"@type":"WebSite","@id":"https:\/\/www.anovapeneira.gal\/#website","url":"https:\/\/www.anovapeneira.gal\/","name":"","description":"Xornal galego de informaci\u00f3n xeral Publicaci\u00f3n mensual de novas de Galicia e en especial dos Concellos da sur da provincia de Pontevedra.","publisher":{"@id":"https:\/\/www.anovapeneira.gal\/#organization"},"potentialAction":[{"@type":"SearchAction","target":{"@type":"EntryPoint","urlTemplate":"https:\/\/www.anovapeneira.gal\/?s={search_term_string}"},"query-input":{"@type":"PropertyValueSpecification","valueRequired":true,"valueName":"search_term_string"}}],"inLanguage":"gl-ES"},{"@type":"Organization","@id":"https:\/\/www.anovapeneira.gal\/#organization","name":"A Nova Peneira","url":"https:\/\/www.anovapeneira.gal\/","logo":{"@type":"ImageObject","inLanguage":"gl-ES","@id":"https:\/\/www.anovapeneira.gal\/#\/schema\/logo\/image\/","url":"http:\/\/www.anovapeneira.gal\/wp-content\/uploads\/2019\/06\/logo_a_nova_peneira_portal_web.png","contentUrl":"http:\/\/www.anovapeneira.gal\/wp-content\/uploads\/2019\/06\/logo_a_nova_peneira_portal_web.png","width":300,"height":100,"caption":"A Nova Peneira"},"image":{"@id":"https:\/\/www.anovapeneira.gal\/#\/schema\/logo\/image\/"},"sameAs":["https:\/\/www.facebook.com\/anovapeneira","https:\/\/x.com\/APeneira"]},{"@type":"Person","@id":"https:\/\/www.anovapeneira.gal\/#\/schema\/person\/f18a4feb302e8f20bcef4490b5b60bb3","name":"Artigos Opini\u00f3n","image":{"@type":"ImageObject","inLanguage":"gl-ES","@id":"https:\/\/secure.gravatar.com\/avatar\/072844300f4881150aee2da4278f7a65d16eefdf8262eb67085f1e702de2b959?s=96&d=mm&r=g","url":"https:\/\/secure.gravatar.com\/avatar\/072844300f4881150aee2da4278f7a65d16eefdf8262eb67085f1e702de2b959?s=96&d=mm&r=g","contentUrl":"https:\/\/secure.gravatar.com\/avatar\/072844300f4881150aee2da4278f7a65d16eefdf8262eb67085f1e702de2b959?s=96&d=mm&r=g","caption":"Artigos Opini\u00f3n"},"sameAs":["http:\/\/anovapeneira.gal"],"url":"https:\/\/www.anovapeneira.gal\/index.php\/author\/artigosopinion\/"}]}},"jetpack_featured_media_url":"https:\/\/www.anovapeneira.gal\/wp-content\/uploads\/2025\/02\/Silveiras.jpg","_links":{"self":[{"href":"https:\/\/www.anovapeneira.gal\/index.php\/wp-json\/wp\/v2\/posts\/15463","targetHints":{"allow":["GET"]}}],"collection":[{"href":"https:\/\/www.anovapeneira.gal\/index.php\/wp-json\/wp\/v2\/posts"}],"about":[{"href":"https:\/\/www.anovapeneira.gal\/index.php\/wp-json\/wp\/v2\/types\/post"}],"author":[{"embeddable":true,"href":"https:\/\/www.anovapeneira.gal\/index.php\/wp-json\/wp\/v2\/users\/12"}],"replies":[{"embeddable":true,"href":"https:\/\/www.anovapeneira.gal\/index.php\/wp-json\/wp\/v2\/comments?post=15463"}],"version-history":[{"count":1,"href":"https:\/\/www.anovapeneira.gal\/index.php\/wp-json\/wp\/v2\/posts\/15463\/revisions"}],"predecessor-version":[{"id":15464,"href":"https:\/\/www.anovapeneira.gal\/index.php\/wp-json\/wp\/v2\/posts\/15463\/revisions\/15464"}],"wp:featuredmedia":[{"embeddable":true,"href":"https:\/\/www.anovapeneira.gal\/index.php\/wp-json\/wp\/v2\/media\/13363"}],"wp:attachment":[{"href":"https:\/\/www.anovapeneira.gal\/index.php\/wp-json\/wp\/v2\/media?parent=15463"}],"wp:term":[{"taxonomy":"category","embeddable":true,"href":"https:\/\/www.anovapeneira.gal\/index.php\/wp-json\/wp\/v2\/categories?post=15463"},{"taxonomy":"post_tag","embeddable":true,"href":"https:\/\/www.anovapeneira.gal\/index.php\/wp-json\/wp\/v2\/tags?post=15463"}],"curies":[{"name":"wp","href":"https:\/\/api.w.org\/{rel}","templated":true}]}}