{"id":15465,"date":"2026-03-11T10:00:25","date_gmt":"2026-03-11T09:00:25","guid":{"rendered":"https:\/\/www.anovapeneira.gal\/?p=15465"},"modified":"2026-03-09T11:13:40","modified_gmt":"2026-03-09T10:13:40","slug":"o-pleno-da-guarda-rectifica-a-ordenanza-de-emerxencia-social-tras-unha-peticion-socialista","status":"publish","type":"post","link":"https:\/\/www.anovapeneira.gal\/index.php\/2026\/03\/11\/o-pleno-da-guarda-rectifica-a-ordenanza-de-emerxencia-social-tras-unha-peticion-socialista\/","title":{"rendered":"O pleno da Guarda rectifica a ordenanza de emerxencia social tras unha petici\u00f3n socialista"},"content":{"rendered":"\n<p><strong>A Guarda, a 4 de marzo de 2026<\/strong><\/p>\n\n\n\n<p><em>O Grupo Municipal Socialista da Guarda valora positivamente a modificaci\u00f3n introducida na nova Ordenanza de Axudas de Emerxencia Social do Concello da Guarda tras a proposta formulada polo grupo no pleno anterior.<\/em><\/p>\n\n\n\n<p>Durante o debate da aprobaci\u00f3n inicial, o Grupo Socialista apoiara a actualizaci\u00f3n das cont\u00edas e a ampliaci\u00f3n dos conceptos das axudas, medidas necesarias despois de anos sen revisi\u00f3n.<\/p>\n\n\n\n<p>Con todo, tam\u00e9n advertira dun requisito que consideraba inxusto: para poder acceder \u00e1s axudas de emerxencia era necesario estar ao corrente de pago coas administraci\u00f3ns p\u00fablicas.<\/p>\n\n\n\n<p>O grupo explicou que esta condici\u00f3n pod\u00eda deixar f\u00f3ra precisamente \u00e1s persoas que m\u00e1is necesitan estas axudas. Non \u00e9 raro que quen acode aos servizos sociais te\u00f1a d\u00e9bedas acumuladas, non por vontade propia, sen\u00f3n porque non chega a fin de mes.<\/p>\n\n\n\n<p>Na pr\u00e1ctica, iso significaba que unha persoa que precisase unha axuda urxente para pagar a luz, evitar un desafiuzamento ou cubrir necesidades b\u00e1sicas pod\u00eda quedar exclu\u00edda por ter unha d\u00e9beda administrativa.<\/p>\n\n\n\n<p>Tras a intervenci\u00f3n do Grupo Socialista, o goberno municipal encargou aos servizos t\u00e9cnicos a redacci\u00f3n dun novo texto que elimina ese requisito nos casos de emerxencia social, garantindo ademais que a modificaci\u00f3n se axuste \u00e1 normativa vixente.<\/p>\n\n\n\n<p>Para o Grupo Municipal Socialista, esta rectificaci\u00f3n mellora de maneira clara a ordenanza e reforza o seu car\u00e1cter social. \u201cAs axudas de emerxencia non poden funcionar como unha subvenci\u00f3n ordinaria; son unha rede de seguridade para momentos moi duros\u201d, sinala a s\u00faa portavoz municipal F\u00e1tima Rodr\u00edguez.<\/p>\n\n\n\n<p>O grupo destaca que esta modificaci\u00f3n demostra que \u00e9 posible facer unha oposici\u00f3n cr\u00edtica e ao mesmo tempo construtiva. O seu labor, indican, consiste en estudar os expedientes, detectar posibles melloras e defender cambios que beneficien \u00e1 veci\u00f1anza. \u201cNon se trata de opo\u00f1erse por sistema, sen\u00f3n de traballar para que as normas sexan m\u00e1is xustas e m\u00e1is \u00fatiles\u201d, concl\u00faen.<\/p>\n\n\n\n<p><\/p>\n","protected":false},"excerpt":{"rendered":"<div class=\"mh-excerpt\"><p>O Grupo Municipal Socialista da Guarda valora positivamente a modificaci\u00f3n introducida na nova Ordenanza de Axudas de Emerxencia Social do Concello da Guarda tras a proposta formulada polo grupo no pleno anterior. <a class=\"mh-excerpt-more\" href=\"https:\/\/www.anovapeneira.gal\/index.php\/2026\/03\/11\/o-pleno-da-guarda-rectifica-a-ordenanza-de-emerxencia-social-tras-unha-peticion-socialista\/\" title=\"O pleno da Guarda rectifica a ordenanza de emerxencia social tras unha petici\u00f3n socialista\">[&#8230;]<\/a><\/p>\n<\/div>","protected":false},"author":3,"featured_media":15466,"comment_status":"open","ping_status":"open","sticky":false,"template":"","format":"standard","meta":{"_exactmetrics_skip_tracking":false,"_exactmetrics_sitenote_active":false,"_exactmetrics_sitenote_note":"","_exactmetrics_sitenote_category":0,"footnotes":""},"categories":[21],"tags":[1402],"class_list":{"0":"post-15465","1":"post","2":"type-post","3":"status-publish","4":"format-standard","5":"has-post-thumbnail","7":"category-baixo-mino","8":"tag-concello-a-guarda"},"yoast_head":"<!-- This site is optimized with the Yoast SEO plugin v27.4 - https:\/\/yoast.com\/product\/yoast-seo-wordpress\/ -->\n<title>O pleno da Guarda rectifica a ordenanza de emerxencia social tras unha petici\u00f3n socialista -<\/title>\n<meta name=\"robots\" content=\"index, follow, max-snippet:-1, max-image-preview:large, max-video-preview:-1\" \/>\n<link rel=\"canonical\" href=\"https:\/\/www.anovapeneira.gal\/index.php\/2026\/03\/11\/o-pleno-da-guarda-rectifica-a-ordenanza-de-emerxencia-social-tras-unha-peticion-socialista\/\" \/>\n<meta property=\"og:locale\" content=\"gl_ES\" \/>\n<meta property=\"og:type\" content=\"article\" \/>\n<meta property=\"og:title\" content=\"O pleno da Guarda rectifica a ordenanza de emerxencia social tras unha petici\u00f3n socialista -\" \/>\n<meta property=\"og:description\" content=\"O Grupo Municipal Socialista da Guarda valora positivamente a modificaci\u00f3n introducida na nova Ordenanza de Axudas de Emerxencia Social do Concello da Guarda tras a proposta formulada polo grupo no pleno anterior. [...]\" \/>\n<meta property=\"og:url\" content=\"https:\/\/www.anovapeneira.gal\/index.php\/2026\/03\/11\/o-pleno-da-guarda-rectifica-a-ordenanza-de-emerxencia-social-tras-unha-peticion-socialista\/\" \/>\n<meta property=\"article:publisher\" content=\"https:\/\/www.facebook.com\/anovapeneira\" \/>\n<meta property=\"article:published_time\" content=\"2026-03-11T09:00:25+00:00\" \/>\n<meta property=\"og:image\" content=\"https:\/\/www.anovapeneira.gal\/wp-content\/uploads\/2026\/03\/guarda.jpg\" \/>\n\t<meta property=\"og:image:width\" content=\"720\" \/>\n\t<meta property=\"og:image:height\" content=\"432\" \/>\n\t<meta property=\"og:image:type\" content=\"image\/jpeg\" \/>\n<meta name=\"author\" content=\"Redacci\u00f3n A Nova Peneira\" \/>\n<meta name=\"twitter:card\" content=\"summary_large_image\" \/>\n<meta name=\"twitter:creator\" content=\"@APeneira\" \/>\n<meta name=\"twitter:site\" content=\"@APeneira\" \/>\n<meta name=\"twitter:label1\" content=\"Escrito por\" \/>\n\t<meta name=\"twitter:data1\" content=\"Redacci\u00f3n A Nova Peneira\" \/>\n\t<meta name=\"twitter:label2\" content=\"Tempo de lectura\" \/>\n\t<meta name=\"twitter:data2\" content=\"2 minutos\" \/>\n<script type=\"application\/ld+json\" class=\"yoast-schema-graph\">{\"@context\":\"https:\\\/\\\/schema.org\",\"@graph\":[{\"@type\":\"Article\",\"@id\":\"https:\\\/\\\/www.anovapeneira.gal\\\/index.php\\\/2026\\\/03\\\/11\\\/o-pleno-da-guarda-rectifica-a-ordenanza-de-emerxencia-social-tras-unha-peticion-socialista\\\/#article\",\"isPartOf\":{\"@id\":\"https:\\\/\\\/www.anovapeneira.gal\\\/index.php\\\/2026\\\/03\\\/11\\\/o-pleno-da-guarda-rectifica-a-ordenanza-de-emerxencia-social-tras-unha-peticion-socialista\\\/\"},\"author\":{\"name\":\"Redacci\u00f3n A Nova Peneira\",\"@id\":\"https:\\\/\\\/www.anovapeneira.gal\\\/#\\\/schema\\\/person\\\/b93e3f8932e3f8da96334607eb6ac6aa\"},\"headline\":\"O pleno da Guarda rectifica a ordenanza de emerxencia social tras unha petici\u00f3n socialista\",\"datePublished\":\"2026-03-11T09:00:25+00:00\",\"mainEntityOfPage\":{\"@id\":\"https:\\\/\\\/www.anovapeneira.gal\\\/index.php\\\/2026\\\/03\\\/11\\\/o-pleno-da-guarda-rectifica-a-ordenanza-de-emerxencia-social-tras-unha-peticion-socialista\\\/\"},\"wordCount\":357,\"commentCount\":0,\"publisher\":{\"@id\":\"https:\\\/\\\/www.anovapeneira.gal\\\/#organization\"},\"image\":{\"@id\":\"https:\\\/\\\/www.anovapeneira.gal\\\/index.php\\\/2026\\\/03\\\/11\\\/o-pleno-da-guarda-rectifica-a-ordenanza-de-emerxencia-social-tras-unha-peticion-socialista\\\/#primaryimage\"},\"thumbnailUrl\":\"https:\\\/\\\/www.anovapeneira.gal\\\/wp-content\\\/uploads\\\/2026\\\/03\\\/guarda.jpg\",\"keywords\":[\"Concello A Guarda\"],\"articleSection\":[\"Baixo Mi\u00f1o\"],\"inLanguage\":\"gl-ES\",\"potentialAction\":[{\"@type\":\"CommentAction\",\"name\":\"Comment\",\"target\":[\"https:\\\/\\\/www.anovapeneira.gal\\\/index.php\\\/2026\\\/03\\\/11\\\/o-pleno-da-guarda-rectifica-a-ordenanza-de-emerxencia-social-tras-unha-peticion-socialista\\\/#respond\"]}]},{\"@type\":\"WebPage\",\"@id\":\"https:\\\/\\\/www.anovapeneira.gal\\\/index.php\\\/2026\\\/03\\\/11\\\/o-pleno-da-guarda-rectifica-a-ordenanza-de-emerxencia-social-tras-unha-peticion-socialista\\\/\",\"url\":\"https:\\\/\\\/www.anovapeneira.gal\\\/index.php\\\/2026\\\/03\\\/11\\\/o-pleno-da-guarda-rectifica-a-ordenanza-de-emerxencia-social-tras-unha-peticion-socialista\\\/\",\"name\":\"O pleno da Guarda rectifica a ordenanza de emerxencia social tras unha petici\u00f3n socialista -\",\"isPartOf\":{\"@id\":\"https:\\\/\\\/www.anovapeneira.gal\\\/#website\"},\"primaryImageOfPage\":{\"@id\":\"https:\\\/\\\/www.anovapeneira.gal\\\/index.php\\\/2026\\\/03\\\/11\\\/o-pleno-da-guarda-rectifica-a-ordenanza-de-emerxencia-social-tras-unha-peticion-socialista\\\/#primaryimage\"},\"image\":{\"@id\":\"https:\\\/\\\/www.anovapeneira.gal\\\/index.php\\\/2026\\\/03\\\/11\\\/o-pleno-da-guarda-rectifica-a-ordenanza-de-emerxencia-social-tras-unha-peticion-socialista\\\/#primaryimage\"},\"thumbnailUrl\":\"https:\\\/\\\/www.anovapeneira.gal\\\/wp-content\\\/uploads\\\/2026\\\/03\\\/guarda.jpg\",\"datePublished\":\"2026-03-11T09:00:25+00:00\",\"breadcrumb\":{\"@id\":\"https:\\\/\\\/www.anovapeneira.gal\\\/index.php\\\/2026\\\/03\\\/11\\\/o-pleno-da-guarda-rectifica-a-ordenanza-de-emerxencia-social-tras-unha-peticion-socialista\\\/#breadcrumb\"},\"inLanguage\":\"gl-ES\",\"potentialAction\":[{\"@type\":\"ReadAction\",\"target\":[\"https:\\\/\\\/www.anovapeneira.gal\\\/index.php\\\/2026\\\/03\\\/11\\\/o-pleno-da-guarda-rectifica-a-ordenanza-de-emerxencia-social-tras-unha-peticion-socialista\\\/\"]}]},{\"@type\":\"ImageObject\",\"inLanguage\":\"gl-ES\",\"@id\":\"https:\\\/\\\/www.anovapeneira.gal\\\/index.php\\\/2026\\\/03\\\/11\\\/o-pleno-da-guarda-rectifica-a-ordenanza-de-emerxencia-social-tras-unha-peticion-socialista\\\/#primaryimage\",\"url\":\"https:\\\/\\\/www.anovapeneira.gal\\\/wp-content\\\/uploads\\\/2026\\\/03\\\/guarda.jpg\",\"contentUrl\":\"https:\\\/\\\/www.anovapeneira.gal\\\/wp-content\\\/uploads\\\/2026\\\/03\\\/guarda.jpg\",\"width\":720,\"height\":432},{\"@type\":\"BreadcrumbList\",\"@id\":\"https:\\\/\\\/www.anovapeneira.gal\\\/index.php\\\/2026\\\/03\\\/11\\\/o-pleno-da-guarda-rectifica-a-ordenanza-de-emerxencia-social-tras-unha-peticion-socialista\\\/#breadcrumb\",\"itemListElement\":[{\"@type\":\"ListItem\",\"position\":1,\"name\":\"Portada\",\"item\":\"https:\\\/\\\/www.anovapeneira.gal\\\/\"},{\"@type\":\"ListItem\",\"position\":2,\"name\":\"O pleno da Guarda rectifica a ordenanza de emerxencia social tras unha petici\u00f3n socialista\"}]},{\"@type\":\"WebSite\",\"@id\":\"https:\\\/\\\/www.anovapeneira.gal\\\/#website\",\"url\":\"https:\\\/\\\/www.anovapeneira.gal\\\/\",\"name\":\"\",\"description\":\"Xornal galego de informaci\u00f3n xeral Publicaci\u00f3n mensual de novas de Galicia e en especial dos Concellos da sur da provincia de Pontevedra.\",\"publisher\":{\"@id\":\"https:\\\/\\\/www.anovapeneira.gal\\\/#organization\"},\"potentialAction\":[{\"@type\":\"SearchAction\",\"target\":{\"@type\":\"EntryPoint\",\"urlTemplate\":\"https:\\\/\\\/www.anovapeneira.gal\\\/?s={search_term_string}\"},\"query-input\":{\"@type\":\"PropertyValueSpecification\",\"valueRequired\":true,\"valueName\":\"search_term_string\"}}],\"inLanguage\":\"gl-ES\"},{\"@type\":\"Organization\",\"@id\":\"https:\\\/\\\/www.anovapeneira.gal\\\/#organization\",\"name\":\"A Nova Peneira\",\"url\":\"https:\\\/\\\/www.anovapeneira.gal\\\/\",\"logo\":{\"@type\":\"ImageObject\",\"inLanguage\":\"gl-ES\",\"@id\":\"https:\\\/\\\/www.anovapeneira.gal\\\/#\\\/schema\\\/logo\\\/image\\\/\",\"url\":\"http:\\\/\\\/www.anovapeneira.gal\\\/wp-content\\\/uploads\\\/2019\\\/06\\\/logo_a_nova_peneira_portal_web.png\",\"contentUrl\":\"http:\\\/\\\/www.anovapeneira.gal\\\/wp-content\\\/uploads\\\/2019\\\/06\\\/logo_a_nova_peneira_portal_web.png\",\"width\":300,\"height\":100,\"caption\":\"A Nova Peneira\"},\"image\":{\"@id\":\"https:\\\/\\\/www.anovapeneira.gal\\\/#\\\/schema\\\/logo\\\/image\\\/\"},\"sameAs\":[\"https:\\\/\\\/www.facebook.com\\\/anovapeneira\",\"https:\\\/\\\/x.com\\\/APeneira\"]},{\"@type\":\"Person\",\"@id\":\"https:\\\/\\\/www.anovapeneira.gal\\\/#\\\/schema\\\/person\\\/b93e3f8932e3f8da96334607eb6ac6aa\",\"name\":\"Redacci\u00f3n A Nova Peneira\",\"image\":{\"@type\":\"ImageObject\",\"inLanguage\":\"gl-ES\",\"@id\":\"https:\\\/\\\/secure.gravatar.com\\\/avatar\\\/c052a2551a06e23fac63626232eaa90abd78dbcf1700fc46a2b2c89fd27b735f?s=96&d=mm&r=g\",\"url\":\"https:\\\/\\\/secure.gravatar.com\\\/avatar\\\/c052a2551a06e23fac63626232eaa90abd78dbcf1700fc46a2b2c89fd27b735f?s=96&d=mm&r=g\",\"contentUrl\":\"https:\\\/\\\/secure.gravatar.com\\\/avatar\\\/c052a2551a06e23fac63626232eaa90abd78dbcf1700fc46a2b2c89fd27b735f?s=96&d=mm&r=g\",\"caption\":\"Redacci\u00f3n A Nova Peneira\"},\"sameAs\":[\"http:\\\/\\\/www.anovapeneira.gal\\\/\"],\"url\":\"https:\\\/\\\/www.anovapeneira.gal\\\/index.php\\\/author\\\/redactor\\\/\"}]}<\/script>\n<!-- \/ Yoast SEO plugin. -->","yoast_head_json":{"title":"O pleno da Guarda rectifica a ordenanza de emerxencia social tras unha petici\u00f3n socialista -","robots":{"index":"index","follow":"follow","max-snippet":"max-snippet:-1","max-image-preview":"max-image-preview:large","max-video-preview":"max-video-preview:-1"},"canonical":"https:\/\/www.anovapeneira.gal\/index.php\/2026\/03\/11\/o-pleno-da-guarda-rectifica-a-ordenanza-de-emerxencia-social-tras-unha-peticion-socialista\/","og_locale":"gl_ES","og_type":"article","og_title":"O pleno da Guarda rectifica a ordenanza de emerxencia social tras unha petici\u00f3n socialista -","og_description":"O Grupo Municipal Socialista da Guarda valora positivamente a modificaci\u00f3n introducida na nova Ordenanza de Axudas de Emerxencia Social do Concello da Guarda tras a proposta formulada polo grupo no pleno anterior. [...]","og_url":"https:\/\/www.anovapeneira.gal\/index.php\/2026\/03\/11\/o-pleno-da-guarda-rectifica-a-ordenanza-de-emerxencia-social-tras-unha-peticion-socialista\/","article_publisher":"https:\/\/www.facebook.com\/anovapeneira","article_published_time":"2026-03-11T09:00:25+00:00","og_image":[{"width":720,"height":432,"url":"https:\/\/www.anovapeneira.gal\/wp-content\/uploads\/2026\/03\/guarda.jpg","type":"image\/jpeg"}],"author":"Redacci\u00f3n A Nova Peneira","twitter_card":"summary_large_image","twitter_creator":"@APeneira","twitter_site":"@APeneira","twitter_misc":{"Escrito por":"Redacci\u00f3n A Nova Peneira","Tempo de lectura":"2 minutos"},"schema":{"@context":"https:\/\/schema.org","@graph":[{"@type":"Article","@id":"https:\/\/www.anovapeneira.gal\/index.php\/2026\/03\/11\/o-pleno-da-guarda-rectifica-a-ordenanza-de-emerxencia-social-tras-unha-peticion-socialista\/#article","isPartOf":{"@id":"https:\/\/www.anovapeneira.gal\/index.php\/2026\/03\/11\/o-pleno-da-guarda-rectifica-a-ordenanza-de-emerxencia-social-tras-unha-peticion-socialista\/"},"author":{"name":"Redacci\u00f3n A Nova Peneira","@id":"https:\/\/www.anovapeneira.gal\/#\/schema\/person\/b93e3f8932e3f8da96334607eb6ac6aa"},"headline":"O pleno da Guarda rectifica a ordenanza de emerxencia social tras unha petici\u00f3n socialista","datePublished":"2026-03-11T09:00:25+00:00","mainEntityOfPage":{"@id":"https:\/\/www.anovapeneira.gal\/index.php\/2026\/03\/11\/o-pleno-da-guarda-rectifica-a-ordenanza-de-emerxencia-social-tras-unha-peticion-socialista\/"},"wordCount":357,"commentCount":0,"publisher":{"@id":"https:\/\/www.anovapeneira.gal\/#organization"},"image":{"@id":"https:\/\/www.anovapeneira.gal\/index.php\/2026\/03\/11\/o-pleno-da-guarda-rectifica-a-ordenanza-de-emerxencia-social-tras-unha-peticion-socialista\/#primaryimage"},"thumbnailUrl":"https:\/\/www.anovapeneira.gal\/wp-content\/uploads\/2026\/03\/guarda.jpg","keywords":["Concello A Guarda"],"articleSection":["Baixo Mi\u00f1o"],"inLanguage":"gl-ES","potentialAction":[{"@type":"CommentAction","name":"Comment","target":["https:\/\/www.anovapeneira.gal\/index.php\/2026\/03\/11\/o-pleno-da-guarda-rectifica-a-ordenanza-de-emerxencia-social-tras-unha-peticion-socialista\/#respond"]}]},{"@type":"WebPage","@id":"https:\/\/www.anovapeneira.gal\/index.php\/2026\/03\/11\/o-pleno-da-guarda-rectifica-a-ordenanza-de-emerxencia-social-tras-unha-peticion-socialista\/","url":"https:\/\/www.anovapeneira.gal\/index.php\/2026\/03\/11\/o-pleno-da-guarda-rectifica-a-ordenanza-de-emerxencia-social-tras-unha-peticion-socialista\/","name":"O pleno da Guarda rectifica a ordenanza de emerxencia social tras unha petici\u00f3n socialista -","isPartOf":{"@id":"https:\/\/www.anovapeneira.gal\/#website"},"primaryImageOfPage":{"@id":"https:\/\/www.anovapeneira.gal\/index.php\/2026\/03\/11\/o-pleno-da-guarda-rectifica-a-ordenanza-de-emerxencia-social-tras-unha-peticion-socialista\/#primaryimage"},"image":{"@id":"https:\/\/www.anovapeneira.gal\/index.php\/2026\/03\/11\/o-pleno-da-guarda-rectifica-a-ordenanza-de-emerxencia-social-tras-unha-peticion-socialista\/#primaryimage"},"thumbnailUrl":"https:\/\/www.anovapeneira.gal\/wp-content\/uploads\/2026\/03\/guarda.jpg","datePublished":"2026-03-11T09:00:25+00:00","breadcrumb":{"@id":"https:\/\/www.anovapeneira.gal\/index.php\/2026\/03\/11\/o-pleno-da-guarda-rectifica-a-ordenanza-de-emerxencia-social-tras-unha-peticion-socialista\/#breadcrumb"},"inLanguage":"gl-ES","potentialAction":[{"@type":"ReadAction","target":["https:\/\/www.anovapeneira.gal\/index.php\/2026\/03\/11\/o-pleno-da-guarda-rectifica-a-ordenanza-de-emerxencia-social-tras-unha-peticion-socialista\/"]}]},{"@type":"ImageObject","inLanguage":"gl-ES","@id":"https:\/\/www.anovapeneira.gal\/index.php\/2026\/03\/11\/o-pleno-da-guarda-rectifica-a-ordenanza-de-emerxencia-social-tras-unha-peticion-socialista\/#primaryimage","url":"https:\/\/www.anovapeneira.gal\/wp-content\/uploads\/2026\/03\/guarda.jpg","contentUrl":"https:\/\/www.anovapeneira.gal\/wp-content\/uploads\/2026\/03\/guarda.jpg","width":720,"height":432},{"@type":"BreadcrumbList","@id":"https:\/\/www.anovapeneira.gal\/index.php\/2026\/03\/11\/o-pleno-da-guarda-rectifica-a-ordenanza-de-emerxencia-social-tras-unha-peticion-socialista\/#breadcrumb","itemListElement":[{"@type":"ListItem","position":1,"name":"Portada","item":"https:\/\/www.anovapeneira.gal\/"},{"@type":"ListItem","position":2,"name":"O pleno da Guarda rectifica a ordenanza de emerxencia social tras unha petici\u00f3n socialista"}]},{"@type":"WebSite","@id":"https:\/\/www.anovapeneira.gal\/#website","url":"https:\/\/www.anovapeneira.gal\/","name":"","description":"Xornal galego de informaci\u00f3n xeral Publicaci\u00f3n mensual de novas de Galicia e en especial dos Concellos da sur da provincia de Pontevedra.","publisher":{"@id":"https:\/\/www.anovapeneira.gal\/#organization"},"potentialAction":[{"@type":"SearchAction","target":{"@type":"EntryPoint","urlTemplate":"https:\/\/www.anovapeneira.gal\/?s={search_term_string}"},"query-input":{"@type":"PropertyValueSpecification","valueRequired":true,"valueName":"search_term_string"}}],"inLanguage":"gl-ES"},{"@type":"Organization","@id":"https:\/\/www.anovapeneira.gal\/#organization","name":"A Nova Peneira","url":"https:\/\/www.anovapeneira.gal\/","logo":{"@type":"ImageObject","inLanguage":"gl-ES","@id":"https:\/\/www.anovapeneira.gal\/#\/schema\/logo\/image\/","url":"http:\/\/www.anovapeneira.gal\/wp-content\/uploads\/2019\/06\/logo_a_nova_peneira_portal_web.png","contentUrl":"http:\/\/www.anovapeneira.gal\/wp-content\/uploads\/2019\/06\/logo_a_nova_peneira_portal_web.png","width":300,"height":100,"caption":"A Nova Peneira"},"image":{"@id":"https:\/\/www.anovapeneira.gal\/#\/schema\/logo\/image\/"},"sameAs":["https:\/\/www.facebook.com\/anovapeneira","https:\/\/x.com\/APeneira"]},{"@type":"Person","@id":"https:\/\/www.anovapeneira.gal\/#\/schema\/person\/b93e3f8932e3f8da96334607eb6ac6aa","name":"Redacci\u00f3n A Nova Peneira","image":{"@type":"ImageObject","inLanguage":"gl-ES","@id":"https:\/\/secure.gravatar.com\/avatar\/c052a2551a06e23fac63626232eaa90abd78dbcf1700fc46a2b2c89fd27b735f?s=96&d=mm&r=g","url":"https:\/\/secure.gravatar.com\/avatar\/c052a2551a06e23fac63626232eaa90abd78dbcf1700fc46a2b2c89fd27b735f?s=96&d=mm&r=g","contentUrl":"https:\/\/secure.gravatar.com\/avatar\/c052a2551a06e23fac63626232eaa90abd78dbcf1700fc46a2b2c89fd27b735f?s=96&d=mm&r=g","caption":"Redacci\u00f3n A Nova Peneira"},"sameAs":["http:\/\/www.anovapeneira.gal\/"],"url":"https:\/\/www.anovapeneira.gal\/index.php\/author\/redactor\/"}]}},"jetpack_featured_media_url":"https:\/\/www.anovapeneira.gal\/wp-content\/uploads\/2026\/03\/guarda.jpg","_links":{"self":[{"href":"https:\/\/www.anovapeneira.gal\/index.php\/wp-json\/wp\/v2\/posts\/15465","targetHints":{"allow":["GET"]}}],"collection":[{"href":"https:\/\/www.anovapeneira.gal\/index.php\/wp-json\/wp\/v2\/posts"}],"about":[{"href":"https:\/\/www.anovapeneira.gal\/index.php\/wp-json\/wp\/v2\/types\/post"}],"author":[{"embeddable":true,"href":"https:\/\/www.anovapeneira.gal\/index.php\/wp-json\/wp\/v2\/users\/3"}],"replies":[{"embeddable":true,"href":"https:\/\/www.anovapeneira.gal\/index.php\/wp-json\/wp\/v2\/comments?post=15465"}],"version-history":[{"count":1,"href":"https:\/\/www.anovapeneira.gal\/index.php\/wp-json\/wp\/v2\/posts\/15465\/revisions"}],"predecessor-version":[{"id":15467,"href":"https:\/\/www.anovapeneira.gal\/index.php\/wp-json\/wp\/v2\/posts\/15465\/revisions\/15467"}],"wp:featuredmedia":[{"embeddable":true,"href":"https:\/\/www.anovapeneira.gal\/index.php\/wp-json\/wp\/v2\/media\/15466"}],"wp:attachment":[{"href":"https:\/\/www.anovapeneira.gal\/index.php\/wp-json\/wp\/v2\/media?parent=15465"}],"wp:term":[{"taxonomy":"category","embeddable":true,"href":"https:\/\/www.anovapeneira.gal\/index.php\/wp-json\/wp\/v2\/categories?post=15465"},{"taxonomy":"post_tag","embeddable":true,"href":"https:\/\/www.anovapeneira.gal\/index.php\/wp-json\/wp\/v2\/tags?post=15465"}],"curies":[{"name":"wp","href":"https:\/\/api.w.org\/{rel}","templated":true}]}}