{"id":15468,"date":"2026-03-11T12:00:42","date_gmt":"2026-03-11T11:00:42","guid":{"rendered":"https:\/\/www.anovapeneira.gal\/?p=15468"},"modified":"2026-03-09T11:20:13","modified_gmt":"2026-03-09T10:20:13","slug":"salceda-bota-a-andar-a-ii-fase-da-excavacion-da-foxa-de-soutelo","status":"publish","type":"post","link":"https:\/\/www.anovapeneira.gal\/index.php\/2026\/03\/11\/salceda-bota-a-andar-a-ii-fase-da-excavacion-da-foxa-de-soutelo\/","title":{"rendered":"Salceda bota a andar a II fase da excavaci\u00f3n da foxa de Soutelo"},"content":{"rendered":"\n<h2 class=\"wp-block-heading\"><em>Tr\u00e1tase de localizar aos cinco homes que permanecen desaparecidos<\/em><\/h2>\n\n\n\n<p><em>Na primeira fase localiz\u00e1ronse e identific\u00e1ronse a d\u00faas v\u00edtimas da dictadura<\/em><\/p>\n\n\n\n<p>A alcaldesa de Salceda de Caselas, Loli Casti\u00f1eira, e o Concelleiro de Cultura, Alex Rodr\u00edguez, ve\u00f1en de manter unha nova reuni\u00f3n cos socios da Comisi\u00f3n pola Recuperaci\u00f3n da Memoria Hist\u00f3rica do Baixo Mi\u00f1o, O Condado e A Louri\u00f1a, encargados de investigar o posible paradoiro de 7 represaliados durante a guerra civil, para tratar de organizar os traballos previos para esta segunda fase da exhumaci\u00f3n.<\/p>\n\n\n\n<p>Nesta reuni\u00f3n tam\u00e9n estiveron presentes o p\u00e1rroco de Soutelo e o arque\u00f3logo que dirixir\u00e1 as obras. Nesta <strong>II Fase de Exhumaci\u00f3n da Foxa de Soutelo<\/strong>, en Salceda de Caselas, tratarase de localizar os restos de 5 homes paseados e soterrados no adro da igrexa, que non foron localizados na I Fase de escavaci\u00f3ns en que apareceran s\u00f3 dous deles. Na actualidade a\u00ednda non se atoparon todos os desaparecidos en setembro do 36. Catro dos que faltan \u00e9 posible que sexan veci\u00f1os do Porri\u00f1o (Severo Boente, Jos\u00e9 Cordal, Ram\u00f3n P\u00e9rez e Leoncio Mu\u00ed\u00f1os), e o quinto, un veci\u00f1o do Torroso, en Mos (Modesto Barreiro Cubillos). A nova escavaci\u00f3n seguramente comezar\u00e1 no pr\u00f3ximo mes de abril.<\/p>\n\n\n\n<p>O proxecto, que foi presentado pola Concellar\u00eda de Cultura do Concello de Salceda de Caselas a finais de 2025 \u00e1 Federacion espa\u00f1ola de Municipios e Provincias (FEMP), dentro do \u201cVI Plan de Recuperaci\u00f3n de memoria Democr\u00e1tica 2025-2026\u201d, vai recibir a cont\u00eda de 12.500 euros de axuda para completar a finalizaci\u00f3n da Exhumaci\u00f3n que se iniciara en xu\u00f1o do ano pasado nun dos laterais do adro da igrexa. Agora terase en conta outros testemu\u00f1os orais dos veci\u00f1os da parroquia e a documentaci\u00f3n recollida polo historiador X.Ram\u00f3n Paz Ant\u00f3n.<\/p>\n\n\n\n<p>A alcaldesa de Salceda sinala que este proxecto sup\u00f3n un avance coa recuperaci\u00f3n da Memoria Hist\u00f3rica e a dignificaci\u00f3n das v\u00edtimas e o dereito dos seus e das s\u00faas parentes a recuperar os seus restos despois de tantos anos, para lles poder dar un enterramento digno.<\/p>\n","protected":false},"excerpt":{"rendered":"<div class=\"mh-excerpt\"><p>Tr\u00e1tase de localizar aos cinco homes que permanecen desaparecidos <a class=\"mh-excerpt-more\" href=\"https:\/\/www.anovapeneira.gal\/index.php\/2026\/03\/11\/salceda-bota-a-andar-a-ii-fase-da-excavacion-da-foxa-de-soutelo\/\" title=\"Salceda bota a andar a II fase da excavaci\u00f3n da foxa de Soutelo\">[&#8230;]<\/a><\/p>\n<\/div>","protected":false},"author":3,"featured_media":15469,"comment_status":"open","ping_status":"open","sticky":false,"template":"","format":"standard","meta":{"_exactmetrics_skip_tracking":false,"_exactmetrics_sitenote_active":false,"_exactmetrics_sitenote_note":"","_exactmetrics_sitenote_category":0,"footnotes":""},"categories":[23],"tags":[359],"class_list":{"0":"post-15468","1":"post","2":"type-post","3":"status-publish","4":"format-standard","5":"has-post-thumbnail","7":"category-a-lourina","8":"tag-concello-de-salceda-de-caselas"},"yoast_head":"<!-- This site is optimized with the Yoast SEO plugin v27.4 - https:\/\/yoast.com\/product\/yoast-seo-wordpress\/ -->\n<title>Salceda bota a andar a II fase da excavaci\u00f3n da foxa de Soutelo -<\/title>\n<meta name=\"robots\" content=\"index, follow, max-snippet:-1, max-image-preview:large, max-video-preview:-1\" \/>\n<link rel=\"canonical\" href=\"https:\/\/www.anovapeneira.gal\/index.php\/2026\/03\/11\/salceda-bota-a-andar-a-ii-fase-da-excavacion-da-foxa-de-soutelo\/\" \/>\n<meta property=\"og:locale\" content=\"gl_ES\" \/>\n<meta property=\"og:type\" content=\"article\" \/>\n<meta property=\"og:title\" content=\"Salceda bota a andar a II fase da excavaci\u00f3n da foxa de Soutelo -\" \/>\n<meta property=\"og:description\" content=\"Tr\u00e1tase de localizar aos cinco homes que permanecen desaparecidos [...]\" \/>\n<meta property=\"og:url\" content=\"https:\/\/www.anovapeneira.gal\/index.php\/2026\/03\/11\/salceda-bota-a-andar-a-ii-fase-da-excavacion-da-foxa-de-soutelo\/\" \/>\n<meta property=\"article:publisher\" content=\"https:\/\/www.facebook.com\/anovapeneira\" \/>\n<meta property=\"article:published_time\" content=\"2026-03-11T11:00:42+00:00\" \/>\n<meta property=\"og:image\" content=\"https:\/\/www.anovapeneira.gal\/wp-content\/uploads\/2026\/03\/foxa.jpg\" \/>\n\t<meta property=\"og:image:width\" content=\"720\" \/>\n\t<meta property=\"og:image:height\" content=\"432\" \/>\n\t<meta property=\"og:image:type\" content=\"image\/jpeg\" \/>\n<meta name=\"author\" content=\"Redacci\u00f3n A Nova Peneira\" \/>\n<meta name=\"twitter:card\" content=\"summary_large_image\" \/>\n<meta name=\"twitter:creator\" content=\"@APeneira\" \/>\n<meta name=\"twitter:site\" content=\"@APeneira\" \/>\n<meta name=\"twitter:label1\" content=\"Escrito por\" \/>\n\t<meta name=\"twitter:data1\" content=\"Redacci\u00f3n A Nova Peneira\" \/>\n\t<meta name=\"twitter:label2\" content=\"Tempo de lectura\" \/>\n\t<meta name=\"twitter:data2\" content=\"3 minutos\" \/>\n<script type=\"application\/ld+json\" class=\"yoast-schema-graph\">{\"@context\":\"https:\\\/\\\/schema.org\",\"@graph\":[{\"@type\":\"Article\",\"@id\":\"https:\\\/\\\/www.anovapeneira.gal\\\/index.php\\\/2026\\\/03\\\/11\\\/salceda-bota-a-andar-a-ii-fase-da-excavacion-da-foxa-de-soutelo\\\/#article\",\"isPartOf\":{\"@id\":\"https:\\\/\\\/www.anovapeneira.gal\\\/index.php\\\/2026\\\/03\\\/11\\\/salceda-bota-a-andar-a-ii-fase-da-excavacion-da-foxa-de-soutelo\\\/\"},\"author\":{\"name\":\"Redacci\u00f3n A Nova Peneira\",\"@id\":\"https:\\\/\\\/www.anovapeneira.gal\\\/#\\\/schema\\\/person\\\/b93e3f8932e3f8da96334607eb6ac6aa\"},\"headline\":\"Salceda bota a andar a II fase da excavaci\u00f3n da foxa de Soutelo\",\"datePublished\":\"2026-03-11T11:00:42+00:00\",\"mainEntityOfPage\":{\"@id\":\"https:\\\/\\\/www.anovapeneira.gal\\\/index.php\\\/2026\\\/03\\\/11\\\/salceda-bota-a-andar-a-ii-fase-da-excavacion-da-foxa-de-soutelo\\\/\"},\"wordCount\":388,\"commentCount\":0,\"publisher\":{\"@id\":\"https:\\\/\\\/www.anovapeneira.gal\\\/#organization\"},\"image\":{\"@id\":\"https:\\\/\\\/www.anovapeneira.gal\\\/index.php\\\/2026\\\/03\\\/11\\\/salceda-bota-a-andar-a-ii-fase-da-excavacion-da-foxa-de-soutelo\\\/#primaryimage\"},\"thumbnailUrl\":\"https:\\\/\\\/www.anovapeneira.gal\\\/wp-content\\\/uploads\\\/2026\\\/03\\\/foxa.jpg\",\"keywords\":[\"Concello de Salceda de Caselas\"],\"articleSection\":[\"A Louri\u00f1a\"],\"inLanguage\":\"gl-ES\",\"potentialAction\":[{\"@type\":\"CommentAction\",\"name\":\"Comment\",\"target\":[\"https:\\\/\\\/www.anovapeneira.gal\\\/index.php\\\/2026\\\/03\\\/11\\\/salceda-bota-a-andar-a-ii-fase-da-excavacion-da-foxa-de-soutelo\\\/#respond\"]}]},{\"@type\":\"WebPage\",\"@id\":\"https:\\\/\\\/www.anovapeneira.gal\\\/index.php\\\/2026\\\/03\\\/11\\\/salceda-bota-a-andar-a-ii-fase-da-excavacion-da-foxa-de-soutelo\\\/\",\"url\":\"https:\\\/\\\/www.anovapeneira.gal\\\/index.php\\\/2026\\\/03\\\/11\\\/salceda-bota-a-andar-a-ii-fase-da-excavacion-da-foxa-de-soutelo\\\/\",\"name\":\"Salceda bota a andar a II fase da excavaci\u00f3n da foxa de Soutelo -\",\"isPartOf\":{\"@id\":\"https:\\\/\\\/www.anovapeneira.gal\\\/#website\"},\"primaryImageOfPage\":{\"@id\":\"https:\\\/\\\/www.anovapeneira.gal\\\/index.php\\\/2026\\\/03\\\/11\\\/salceda-bota-a-andar-a-ii-fase-da-excavacion-da-foxa-de-soutelo\\\/#primaryimage\"},\"image\":{\"@id\":\"https:\\\/\\\/www.anovapeneira.gal\\\/index.php\\\/2026\\\/03\\\/11\\\/salceda-bota-a-andar-a-ii-fase-da-excavacion-da-foxa-de-soutelo\\\/#primaryimage\"},\"thumbnailUrl\":\"https:\\\/\\\/www.anovapeneira.gal\\\/wp-content\\\/uploads\\\/2026\\\/03\\\/foxa.jpg\",\"datePublished\":\"2026-03-11T11:00:42+00:00\",\"breadcrumb\":{\"@id\":\"https:\\\/\\\/www.anovapeneira.gal\\\/index.php\\\/2026\\\/03\\\/11\\\/salceda-bota-a-andar-a-ii-fase-da-excavacion-da-foxa-de-soutelo\\\/#breadcrumb\"},\"inLanguage\":\"gl-ES\",\"potentialAction\":[{\"@type\":\"ReadAction\",\"target\":[\"https:\\\/\\\/www.anovapeneira.gal\\\/index.php\\\/2026\\\/03\\\/11\\\/salceda-bota-a-andar-a-ii-fase-da-excavacion-da-foxa-de-soutelo\\\/\"]}]},{\"@type\":\"ImageObject\",\"inLanguage\":\"gl-ES\",\"@id\":\"https:\\\/\\\/www.anovapeneira.gal\\\/index.php\\\/2026\\\/03\\\/11\\\/salceda-bota-a-andar-a-ii-fase-da-excavacion-da-foxa-de-soutelo\\\/#primaryimage\",\"url\":\"https:\\\/\\\/www.anovapeneira.gal\\\/wp-content\\\/uploads\\\/2026\\\/03\\\/foxa.jpg\",\"contentUrl\":\"https:\\\/\\\/www.anovapeneira.gal\\\/wp-content\\\/uploads\\\/2026\\\/03\\\/foxa.jpg\",\"width\":720,\"height\":432},{\"@type\":\"BreadcrumbList\",\"@id\":\"https:\\\/\\\/www.anovapeneira.gal\\\/index.php\\\/2026\\\/03\\\/11\\\/salceda-bota-a-andar-a-ii-fase-da-excavacion-da-foxa-de-soutelo\\\/#breadcrumb\",\"itemListElement\":[{\"@type\":\"ListItem\",\"position\":1,\"name\":\"Portada\",\"item\":\"https:\\\/\\\/www.anovapeneira.gal\\\/\"},{\"@type\":\"ListItem\",\"position\":2,\"name\":\"Salceda bota a andar a II fase da excavaci\u00f3n da foxa de Soutelo\"}]},{\"@type\":\"WebSite\",\"@id\":\"https:\\\/\\\/www.anovapeneira.gal\\\/#website\",\"url\":\"https:\\\/\\\/www.anovapeneira.gal\\\/\",\"name\":\"\",\"description\":\"Xornal galego de informaci\u00f3n xeral Publicaci\u00f3n mensual de novas de Galicia e en especial dos Concellos da sur da provincia de Pontevedra.\",\"publisher\":{\"@id\":\"https:\\\/\\\/www.anovapeneira.gal\\\/#organization\"},\"potentialAction\":[{\"@type\":\"SearchAction\",\"target\":{\"@type\":\"EntryPoint\",\"urlTemplate\":\"https:\\\/\\\/www.anovapeneira.gal\\\/?s={search_term_string}\"},\"query-input\":{\"@type\":\"PropertyValueSpecification\",\"valueRequired\":true,\"valueName\":\"search_term_string\"}}],\"inLanguage\":\"gl-ES\"},{\"@type\":\"Organization\",\"@id\":\"https:\\\/\\\/www.anovapeneira.gal\\\/#organization\",\"name\":\"A Nova Peneira\",\"url\":\"https:\\\/\\\/www.anovapeneira.gal\\\/\",\"logo\":{\"@type\":\"ImageObject\",\"inLanguage\":\"gl-ES\",\"@id\":\"https:\\\/\\\/www.anovapeneira.gal\\\/#\\\/schema\\\/logo\\\/image\\\/\",\"url\":\"http:\\\/\\\/www.anovapeneira.gal\\\/wp-content\\\/uploads\\\/2019\\\/06\\\/logo_a_nova_peneira_portal_web.png\",\"contentUrl\":\"http:\\\/\\\/www.anovapeneira.gal\\\/wp-content\\\/uploads\\\/2019\\\/06\\\/logo_a_nova_peneira_portal_web.png\",\"width\":300,\"height\":100,\"caption\":\"A Nova Peneira\"},\"image\":{\"@id\":\"https:\\\/\\\/www.anovapeneira.gal\\\/#\\\/schema\\\/logo\\\/image\\\/\"},\"sameAs\":[\"https:\\\/\\\/www.facebook.com\\\/anovapeneira\",\"https:\\\/\\\/x.com\\\/APeneira\"]},{\"@type\":\"Person\",\"@id\":\"https:\\\/\\\/www.anovapeneira.gal\\\/#\\\/schema\\\/person\\\/b93e3f8932e3f8da96334607eb6ac6aa\",\"name\":\"Redacci\u00f3n A Nova Peneira\",\"image\":{\"@type\":\"ImageObject\",\"inLanguage\":\"gl-ES\",\"@id\":\"https:\\\/\\\/secure.gravatar.com\\\/avatar\\\/c052a2551a06e23fac63626232eaa90abd78dbcf1700fc46a2b2c89fd27b735f?s=96&d=mm&r=g\",\"url\":\"https:\\\/\\\/secure.gravatar.com\\\/avatar\\\/c052a2551a06e23fac63626232eaa90abd78dbcf1700fc46a2b2c89fd27b735f?s=96&d=mm&r=g\",\"contentUrl\":\"https:\\\/\\\/secure.gravatar.com\\\/avatar\\\/c052a2551a06e23fac63626232eaa90abd78dbcf1700fc46a2b2c89fd27b735f?s=96&d=mm&r=g\",\"caption\":\"Redacci\u00f3n A Nova Peneira\"},\"sameAs\":[\"http:\\\/\\\/www.anovapeneira.gal\\\/\"],\"url\":\"https:\\\/\\\/www.anovapeneira.gal\\\/index.php\\\/author\\\/redactor\\\/\"}]}<\/script>\n<!-- \/ Yoast SEO plugin. -->","yoast_head_json":{"title":"Salceda bota a andar a II fase da excavaci\u00f3n da foxa de Soutelo -","robots":{"index":"index","follow":"follow","max-snippet":"max-snippet:-1","max-image-preview":"max-image-preview:large","max-video-preview":"max-video-preview:-1"},"canonical":"https:\/\/www.anovapeneira.gal\/index.php\/2026\/03\/11\/salceda-bota-a-andar-a-ii-fase-da-excavacion-da-foxa-de-soutelo\/","og_locale":"gl_ES","og_type":"article","og_title":"Salceda bota a andar a II fase da excavaci\u00f3n da foxa de Soutelo -","og_description":"Tr\u00e1tase de localizar aos cinco homes que permanecen desaparecidos [...]","og_url":"https:\/\/www.anovapeneira.gal\/index.php\/2026\/03\/11\/salceda-bota-a-andar-a-ii-fase-da-excavacion-da-foxa-de-soutelo\/","article_publisher":"https:\/\/www.facebook.com\/anovapeneira","article_published_time":"2026-03-11T11:00:42+00:00","og_image":[{"width":720,"height":432,"url":"https:\/\/www.anovapeneira.gal\/wp-content\/uploads\/2026\/03\/foxa.jpg","type":"image\/jpeg"}],"author":"Redacci\u00f3n A Nova Peneira","twitter_card":"summary_large_image","twitter_creator":"@APeneira","twitter_site":"@APeneira","twitter_misc":{"Escrito por":"Redacci\u00f3n A Nova Peneira","Tempo de lectura":"3 minutos"},"schema":{"@context":"https:\/\/schema.org","@graph":[{"@type":"Article","@id":"https:\/\/www.anovapeneira.gal\/index.php\/2026\/03\/11\/salceda-bota-a-andar-a-ii-fase-da-excavacion-da-foxa-de-soutelo\/#article","isPartOf":{"@id":"https:\/\/www.anovapeneira.gal\/index.php\/2026\/03\/11\/salceda-bota-a-andar-a-ii-fase-da-excavacion-da-foxa-de-soutelo\/"},"author":{"name":"Redacci\u00f3n A Nova Peneira","@id":"https:\/\/www.anovapeneira.gal\/#\/schema\/person\/b93e3f8932e3f8da96334607eb6ac6aa"},"headline":"Salceda bota a andar a II fase da excavaci\u00f3n da foxa de Soutelo","datePublished":"2026-03-11T11:00:42+00:00","mainEntityOfPage":{"@id":"https:\/\/www.anovapeneira.gal\/index.php\/2026\/03\/11\/salceda-bota-a-andar-a-ii-fase-da-excavacion-da-foxa-de-soutelo\/"},"wordCount":388,"commentCount":0,"publisher":{"@id":"https:\/\/www.anovapeneira.gal\/#organization"},"image":{"@id":"https:\/\/www.anovapeneira.gal\/index.php\/2026\/03\/11\/salceda-bota-a-andar-a-ii-fase-da-excavacion-da-foxa-de-soutelo\/#primaryimage"},"thumbnailUrl":"https:\/\/www.anovapeneira.gal\/wp-content\/uploads\/2026\/03\/foxa.jpg","keywords":["Concello de Salceda de Caselas"],"articleSection":["A Louri\u00f1a"],"inLanguage":"gl-ES","potentialAction":[{"@type":"CommentAction","name":"Comment","target":["https:\/\/www.anovapeneira.gal\/index.php\/2026\/03\/11\/salceda-bota-a-andar-a-ii-fase-da-excavacion-da-foxa-de-soutelo\/#respond"]}]},{"@type":"WebPage","@id":"https:\/\/www.anovapeneira.gal\/index.php\/2026\/03\/11\/salceda-bota-a-andar-a-ii-fase-da-excavacion-da-foxa-de-soutelo\/","url":"https:\/\/www.anovapeneira.gal\/index.php\/2026\/03\/11\/salceda-bota-a-andar-a-ii-fase-da-excavacion-da-foxa-de-soutelo\/","name":"Salceda bota a andar a II fase da excavaci\u00f3n da foxa de Soutelo -","isPartOf":{"@id":"https:\/\/www.anovapeneira.gal\/#website"},"primaryImageOfPage":{"@id":"https:\/\/www.anovapeneira.gal\/index.php\/2026\/03\/11\/salceda-bota-a-andar-a-ii-fase-da-excavacion-da-foxa-de-soutelo\/#primaryimage"},"image":{"@id":"https:\/\/www.anovapeneira.gal\/index.php\/2026\/03\/11\/salceda-bota-a-andar-a-ii-fase-da-excavacion-da-foxa-de-soutelo\/#primaryimage"},"thumbnailUrl":"https:\/\/www.anovapeneira.gal\/wp-content\/uploads\/2026\/03\/foxa.jpg","datePublished":"2026-03-11T11:00:42+00:00","breadcrumb":{"@id":"https:\/\/www.anovapeneira.gal\/index.php\/2026\/03\/11\/salceda-bota-a-andar-a-ii-fase-da-excavacion-da-foxa-de-soutelo\/#breadcrumb"},"inLanguage":"gl-ES","potentialAction":[{"@type":"ReadAction","target":["https:\/\/www.anovapeneira.gal\/index.php\/2026\/03\/11\/salceda-bota-a-andar-a-ii-fase-da-excavacion-da-foxa-de-soutelo\/"]}]},{"@type":"ImageObject","inLanguage":"gl-ES","@id":"https:\/\/www.anovapeneira.gal\/index.php\/2026\/03\/11\/salceda-bota-a-andar-a-ii-fase-da-excavacion-da-foxa-de-soutelo\/#primaryimage","url":"https:\/\/www.anovapeneira.gal\/wp-content\/uploads\/2026\/03\/foxa.jpg","contentUrl":"https:\/\/www.anovapeneira.gal\/wp-content\/uploads\/2026\/03\/foxa.jpg","width":720,"height":432},{"@type":"BreadcrumbList","@id":"https:\/\/www.anovapeneira.gal\/index.php\/2026\/03\/11\/salceda-bota-a-andar-a-ii-fase-da-excavacion-da-foxa-de-soutelo\/#breadcrumb","itemListElement":[{"@type":"ListItem","position":1,"name":"Portada","item":"https:\/\/www.anovapeneira.gal\/"},{"@type":"ListItem","position":2,"name":"Salceda bota a andar a II fase da excavaci\u00f3n da foxa de Soutelo"}]},{"@type":"WebSite","@id":"https:\/\/www.anovapeneira.gal\/#website","url":"https:\/\/www.anovapeneira.gal\/","name":"","description":"Xornal galego de informaci\u00f3n xeral Publicaci\u00f3n mensual de novas de Galicia e en especial dos Concellos da sur da provincia de Pontevedra.","publisher":{"@id":"https:\/\/www.anovapeneira.gal\/#organization"},"potentialAction":[{"@type":"SearchAction","target":{"@type":"EntryPoint","urlTemplate":"https:\/\/www.anovapeneira.gal\/?s={search_term_string}"},"query-input":{"@type":"PropertyValueSpecification","valueRequired":true,"valueName":"search_term_string"}}],"inLanguage":"gl-ES"},{"@type":"Organization","@id":"https:\/\/www.anovapeneira.gal\/#organization","name":"A Nova Peneira","url":"https:\/\/www.anovapeneira.gal\/","logo":{"@type":"ImageObject","inLanguage":"gl-ES","@id":"https:\/\/www.anovapeneira.gal\/#\/schema\/logo\/image\/","url":"http:\/\/www.anovapeneira.gal\/wp-content\/uploads\/2019\/06\/logo_a_nova_peneira_portal_web.png","contentUrl":"http:\/\/www.anovapeneira.gal\/wp-content\/uploads\/2019\/06\/logo_a_nova_peneira_portal_web.png","width":300,"height":100,"caption":"A Nova Peneira"},"image":{"@id":"https:\/\/www.anovapeneira.gal\/#\/schema\/logo\/image\/"},"sameAs":["https:\/\/www.facebook.com\/anovapeneira","https:\/\/x.com\/APeneira"]},{"@type":"Person","@id":"https:\/\/www.anovapeneira.gal\/#\/schema\/person\/b93e3f8932e3f8da96334607eb6ac6aa","name":"Redacci\u00f3n A Nova Peneira","image":{"@type":"ImageObject","inLanguage":"gl-ES","@id":"https:\/\/secure.gravatar.com\/avatar\/c052a2551a06e23fac63626232eaa90abd78dbcf1700fc46a2b2c89fd27b735f?s=96&d=mm&r=g","url":"https:\/\/secure.gravatar.com\/avatar\/c052a2551a06e23fac63626232eaa90abd78dbcf1700fc46a2b2c89fd27b735f?s=96&d=mm&r=g","contentUrl":"https:\/\/secure.gravatar.com\/avatar\/c052a2551a06e23fac63626232eaa90abd78dbcf1700fc46a2b2c89fd27b735f?s=96&d=mm&r=g","caption":"Redacci\u00f3n A Nova Peneira"},"sameAs":["http:\/\/www.anovapeneira.gal\/"],"url":"https:\/\/www.anovapeneira.gal\/index.php\/author\/redactor\/"}]}},"jetpack_featured_media_url":"https:\/\/www.anovapeneira.gal\/wp-content\/uploads\/2026\/03\/foxa.jpg","_links":{"self":[{"href":"https:\/\/www.anovapeneira.gal\/index.php\/wp-json\/wp\/v2\/posts\/15468","targetHints":{"allow":["GET"]}}],"collection":[{"href":"https:\/\/www.anovapeneira.gal\/index.php\/wp-json\/wp\/v2\/posts"}],"about":[{"href":"https:\/\/www.anovapeneira.gal\/index.php\/wp-json\/wp\/v2\/types\/post"}],"author":[{"embeddable":true,"href":"https:\/\/www.anovapeneira.gal\/index.php\/wp-json\/wp\/v2\/users\/3"}],"replies":[{"embeddable":true,"href":"https:\/\/www.anovapeneira.gal\/index.php\/wp-json\/wp\/v2\/comments?post=15468"}],"version-history":[{"count":1,"href":"https:\/\/www.anovapeneira.gal\/index.php\/wp-json\/wp\/v2\/posts\/15468\/revisions"}],"predecessor-version":[{"id":15470,"href":"https:\/\/www.anovapeneira.gal\/index.php\/wp-json\/wp\/v2\/posts\/15468\/revisions\/15470"}],"wp:featuredmedia":[{"embeddable":true,"href":"https:\/\/www.anovapeneira.gal\/index.php\/wp-json\/wp\/v2\/media\/15469"}],"wp:attachment":[{"href":"https:\/\/www.anovapeneira.gal\/index.php\/wp-json\/wp\/v2\/media?parent=15468"}],"wp:term":[{"taxonomy":"category","embeddable":true,"href":"https:\/\/www.anovapeneira.gal\/index.php\/wp-json\/wp\/v2\/categories?post=15468"},{"taxonomy":"post_tag","embeddable":true,"href":"https:\/\/www.anovapeneira.gal\/index.php\/wp-json\/wp\/v2\/tags?post=15468"}],"curies":[{"name":"wp","href":"https:\/\/api.w.org\/{rel}","templated":true}]}}