{"id":15471,"date":"2026-03-12T10:00:26","date_gmt":"2026-03-12T09:00:26","guid":{"rendered":"https:\/\/www.anovapeneira.gal\/?p=15471"},"modified":"2026-03-10T10:04:34","modified_gmt":"2026-03-10T09:04:34","slug":"o-bng-consegue-o-compromiso-dun-local-para-a-marcha-mundial-das-mulleres-da-lourina","status":"publish","type":"post","link":"https:\/\/www.anovapeneira.gal\/index.php\/2026\/03\/12\/o-bng-consegue-o-compromiso-dun-local-para-a-marcha-mundial-das-mulleres-da-lourina\/","title":{"rendered":"O BNG consegue o compromiso dun local para a Marcha Mundial das Mulleres da Louri\u00f1a"},"content":{"rendered":"\n<p>No \u00faltimo pleno, o BNG no Porri\u00f1o conseguiu o compromiso de que as asociaci\u00f3ns vencelladas coa loita feminista asentadas no noso municipio poidan contar cun local propio municipal. A abstenci\u00f3n do PP fixo que a moci\u00f3n sa\u00edse adiante. Dende a forza nacionalista esperan que esta vez o alcalde Alejandro Lorenzo cumpra o acordado en sesi\u00f3n plenaria.<\/p>\n\n\n\n<p>A Marcha Mundial das Mulleres da Louri\u00f1a, dende a s\u00faa constituci\u00f3n, est\u00e1 a ser referencial no activismo feminista do val. A s\u00faa acci\u00f3n vai m\u00e1is al\u00e1 da convocatoria das manifestaci\u00f3ns do 8M ou do 25N. Traballan para colocar na axenda dos concellos da comarca a loita pola igualdade.<\/p>\n\n\n\n<p>No \u00faltimo pleno, o BNG do Porri\u00f1o presentou unha moci\u00f3n na que solicitou outra vez un local para a Marcha Mundial das Mulleres. A forza nacionalista consid\u00e9rao necesario. Ser\u00eda unha mostra de compromiso coa igualdade e co obxectivo de nutrir o movemento asociativo feminista do noso concello. Deste modo, o goberno local deber\u00eda p\u00f3r a disposici\u00f3n un local municipal para uso exclusivo de asociaci\u00f3ns que traballen a prol dos dereitos das mulleres.<\/p>\n\n\n\n<p>A Marcha Mundial das Mulleres da Louri\u00f1a fixo unha solicitude de local en varias ocasi\u00f3ns e a resposta sempre foi negativa. Mentres que outros colectivos sociais contan con un espazo municipal no Porri\u00f1o, segundo o goberno do PP non existe dispo\u00f1ibilidade de ning\u00fan espazo para este grupo.<\/p>\n\n\n\n<p>\u201cO \u00fanico que esperamos \u00e9 que agora o alcalde do PP, Alejandro Lorenzo, cumpra co acordado no pleno. Desgraciadamente, non ser\u00eda a primeira vez que o incumprise\u201d, afirma M\u00edriam Mart\u00ednez, membro do grupo municipal nacionalista. O Bloque denuncia a falta de cumprimento do acordado recentemente en pleno a respecto da convocatoria da Mesa de Coordinaci\u00f3n e Seguimento sobre actuaci\u00f3ns de Violencia de X\u00e9nero. Xa que acord\u00e1rase que nesta \u00edan estar presentes os grupos da oposici\u00f3n e ningunha das d\u00faas forzas que a constit\u00faen foi convocada para a \u00faltima reuni\u00f3n. Tam\u00e9n en marzo de 2025 se aprobou a constituci\u00f3n dun Consello Local de Igualdade coa representaci\u00f3n de todos os axentes sociais e non se ten dado paso ning\u00fan para facer efectivo o acordo. \u201cO respecto polos \u00f3rganos democr\u00e1ticos non son o forte do alcalde\u201d.<\/p>\n\n\n\n<p>Por outra banda, sem\u00e9llalle \u00e1 forza nacionalista chocante que, a pesar de que no 2025 houbo un incremento de feminicidios, non houbese unha actuaci\u00f3n extraordinaria por parte dos poderes p\u00fablicos. Recordoulle o BNG a Alejandro Lorenzo que O Porri\u00f1o foi especialmente golpeado por casos grav\u00edsimos de violencia de x\u00e9nero que a\u00ednda non tiveron ningunha reacci\u00f3n na actuaci\u00f3n do goberno municipal m\u00e1is al\u00e1 dos minutos de silencio. Especialmente cuestionable \u00e9 a situaci\u00f3n das traballadoras do SAF.<\/p>\n","protected":false},"excerpt":{"rendered":"<div class=\"mh-excerpt\"><p>No \u00faltimo pleno, o BNG no Porri\u00f1o conseguiu o compromiso de que as asociaci\u00f3ns vencelladas coa loita feminista asentadas no noso municipio poidan contar cun local propio municipal <a class=\"mh-excerpt-more\" href=\"https:\/\/www.anovapeneira.gal\/index.php\/2026\/03\/12\/o-bng-consegue-o-compromiso-dun-local-para-a-marcha-mundial-das-mulleres-da-lourina\/\" title=\"O BNG consegue o compromiso dun local para a Marcha Mundial das Mulleres da Louri\u00f1a\">[&#8230;]<\/a><\/p>\n<\/div>","protected":false},"author":3,"featured_media":8265,"comment_status":"open","ping_status":"open","sticky":false,"template":"","format":"standard","meta":{"_exactmetrics_skip_tracking":false,"_exactmetrics_sitenote_active":false,"_exactmetrics_sitenote_note":"","_exactmetrics_sitenote_category":0,"footnotes":""},"categories":[23],"tags":[411],"class_list":{"0":"post-15471","1":"post","2":"type-post","3":"status-publish","4":"format-standard","5":"has-post-thumbnail","7":"category-a-lourina","8":"tag-concello-do-porrino"},"yoast_head":"<!-- This site is optimized with the Yoast SEO plugin v27.4 - https:\/\/yoast.com\/product\/yoast-seo-wordpress\/ -->\n<title>O BNG consegue o compromiso dun local para a Marcha Mundial das Mulleres da Louri\u00f1a -<\/title>\n<meta name=\"robots\" content=\"index, follow, max-snippet:-1, max-image-preview:large, max-video-preview:-1\" \/>\n<link rel=\"canonical\" href=\"https:\/\/www.anovapeneira.gal\/index.php\/2026\/03\/12\/o-bng-consegue-o-compromiso-dun-local-para-a-marcha-mundial-das-mulleres-da-lourina\/\" \/>\n<meta property=\"og:locale\" content=\"gl_ES\" \/>\n<meta property=\"og:type\" content=\"article\" \/>\n<meta property=\"og:title\" content=\"O BNG consegue o compromiso dun local para a Marcha Mundial das Mulleres da Louri\u00f1a -\" \/>\n<meta property=\"og:description\" content=\"No \u00faltimo pleno, o BNG no Porri\u00f1o conseguiu o compromiso de que as asociaci\u00f3ns vencelladas coa loita feminista asentadas no noso municipio poidan contar cun local propio municipal [...]\" \/>\n<meta property=\"og:url\" content=\"https:\/\/www.anovapeneira.gal\/index.php\/2026\/03\/12\/o-bng-consegue-o-compromiso-dun-local-para-a-marcha-mundial-das-mulleres-da-lourina\/\" \/>\n<meta property=\"article:publisher\" content=\"https:\/\/www.facebook.com\/anovapeneira\" \/>\n<meta property=\"article:published_time\" content=\"2026-03-12T09:00:26+00:00\" \/>\n<meta property=\"og:image\" content=\"https:\/\/www.anovapeneira.gal\/wp-content\/uploads\/2022\/09\/bng_logo_2.jpg\" \/>\n\t<meta property=\"og:image:width\" content=\"720\" \/>\n\t<meta property=\"og:image:height\" content=\"432\" \/>\n\t<meta property=\"og:image:type\" content=\"image\/jpeg\" \/>\n<meta name=\"author\" content=\"Redacci\u00f3n A Nova Peneira\" \/>\n<meta name=\"twitter:card\" content=\"summary_large_image\" \/>\n<meta name=\"twitter:creator\" content=\"@APeneira\" \/>\n<meta name=\"twitter:site\" content=\"@APeneira\" \/>\n<meta name=\"twitter:label1\" content=\"Escrito por\" \/>\n\t<meta name=\"twitter:data1\" content=\"Redacci\u00f3n A Nova Peneira\" \/>\n\t<meta name=\"twitter:label2\" content=\"Tempo de lectura\" \/>\n\t<meta name=\"twitter:data2\" content=\"3 minutos\" \/>\n<script type=\"application\/ld+json\" class=\"yoast-schema-graph\">{\"@context\":\"https:\\\/\\\/schema.org\",\"@graph\":[{\"@type\":\"Article\",\"@id\":\"https:\\\/\\\/www.anovapeneira.gal\\\/index.php\\\/2026\\\/03\\\/12\\\/o-bng-consegue-o-compromiso-dun-local-para-a-marcha-mundial-das-mulleres-da-lourina\\\/#article\",\"isPartOf\":{\"@id\":\"https:\\\/\\\/www.anovapeneira.gal\\\/index.php\\\/2026\\\/03\\\/12\\\/o-bng-consegue-o-compromiso-dun-local-para-a-marcha-mundial-das-mulleres-da-lourina\\\/\"},\"author\":{\"name\":\"Redacci\u00f3n A Nova Peneira\",\"@id\":\"https:\\\/\\\/www.anovapeneira.gal\\\/#\\\/schema\\\/person\\\/b93e3f8932e3f8da96334607eb6ac6aa\"},\"headline\":\"O BNG consegue o compromiso dun local para a Marcha Mundial das Mulleres da Louri\u00f1a\",\"datePublished\":\"2026-03-12T09:00:26+00:00\",\"mainEntityOfPage\":{\"@id\":\"https:\\\/\\\/www.anovapeneira.gal\\\/index.php\\\/2026\\\/03\\\/12\\\/o-bng-consegue-o-compromiso-dun-local-para-a-marcha-mundial-das-mulleres-da-lourina\\\/\"},\"wordCount\":495,\"commentCount\":0,\"publisher\":{\"@id\":\"https:\\\/\\\/www.anovapeneira.gal\\\/#organization\"},\"image\":{\"@id\":\"https:\\\/\\\/www.anovapeneira.gal\\\/index.php\\\/2026\\\/03\\\/12\\\/o-bng-consegue-o-compromiso-dun-local-para-a-marcha-mundial-das-mulleres-da-lourina\\\/#primaryimage\"},\"thumbnailUrl\":\"https:\\\/\\\/www.anovapeneira.gal\\\/wp-content\\\/uploads\\\/2022\\\/09\\\/bng_logo_2.jpg\",\"keywords\":[\"Concello do Porri\u00f1o\"],\"articleSection\":[\"A Louri\u00f1a\"],\"inLanguage\":\"gl-ES\",\"potentialAction\":[{\"@type\":\"CommentAction\",\"name\":\"Comment\",\"target\":[\"https:\\\/\\\/www.anovapeneira.gal\\\/index.php\\\/2026\\\/03\\\/12\\\/o-bng-consegue-o-compromiso-dun-local-para-a-marcha-mundial-das-mulleres-da-lourina\\\/#respond\"]}]},{\"@type\":\"WebPage\",\"@id\":\"https:\\\/\\\/www.anovapeneira.gal\\\/index.php\\\/2026\\\/03\\\/12\\\/o-bng-consegue-o-compromiso-dun-local-para-a-marcha-mundial-das-mulleres-da-lourina\\\/\",\"url\":\"https:\\\/\\\/www.anovapeneira.gal\\\/index.php\\\/2026\\\/03\\\/12\\\/o-bng-consegue-o-compromiso-dun-local-para-a-marcha-mundial-das-mulleres-da-lourina\\\/\",\"name\":\"O BNG consegue o compromiso dun local para a Marcha Mundial das Mulleres da Louri\u00f1a -\",\"isPartOf\":{\"@id\":\"https:\\\/\\\/www.anovapeneira.gal\\\/#website\"},\"primaryImageOfPage\":{\"@id\":\"https:\\\/\\\/www.anovapeneira.gal\\\/index.php\\\/2026\\\/03\\\/12\\\/o-bng-consegue-o-compromiso-dun-local-para-a-marcha-mundial-das-mulleres-da-lourina\\\/#primaryimage\"},\"image\":{\"@id\":\"https:\\\/\\\/www.anovapeneira.gal\\\/index.php\\\/2026\\\/03\\\/12\\\/o-bng-consegue-o-compromiso-dun-local-para-a-marcha-mundial-das-mulleres-da-lourina\\\/#primaryimage\"},\"thumbnailUrl\":\"https:\\\/\\\/www.anovapeneira.gal\\\/wp-content\\\/uploads\\\/2022\\\/09\\\/bng_logo_2.jpg\",\"datePublished\":\"2026-03-12T09:00:26+00:00\",\"breadcrumb\":{\"@id\":\"https:\\\/\\\/www.anovapeneira.gal\\\/index.php\\\/2026\\\/03\\\/12\\\/o-bng-consegue-o-compromiso-dun-local-para-a-marcha-mundial-das-mulleres-da-lourina\\\/#breadcrumb\"},\"inLanguage\":\"gl-ES\",\"potentialAction\":[{\"@type\":\"ReadAction\",\"target\":[\"https:\\\/\\\/www.anovapeneira.gal\\\/index.php\\\/2026\\\/03\\\/12\\\/o-bng-consegue-o-compromiso-dun-local-para-a-marcha-mundial-das-mulleres-da-lourina\\\/\"]}]},{\"@type\":\"ImageObject\",\"inLanguage\":\"gl-ES\",\"@id\":\"https:\\\/\\\/www.anovapeneira.gal\\\/index.php\\\/2026\\\/03\\\/12\\\/o-bng-consegue-o-compromiso-dun-local-para-a-marcha-mundial-das-mulleres-da-lourina\\\/#primaryimage\",\"url\":\"https:\\\/\\\/www.anovapeneira.gal\\\/wp-content\\\/uploads\\\/2022\\\/09\\\/bng_logo_2.jpg\",\"contentUrl\":\"https:\\\/\\\/www.anovapeneira.gal\\\/wp-content\\\/uploads\\\/2022\\\/09\\\/bng_logo_2.jpg\",\"width\":720,\"height\":432,\"caption\":\"Logotipo BNG\"},{\"@type\":\"BreadcrumbList\",\"@id\":\"https:\\\/\\\/www.anovapeneira.gal\\\/index.php\\\/2026\\\/03\\\/12\\\/o-bng-consegue-o-compromiso-dun-local-para-a-marcha-mundial-das-mulleres-da-lourina\\\/#breadcrumb\",\"itemListElement\":[{\"@type\":\"ListItem\",\"position\":1,\"name\":\"Portada\",\"item\":\"https:\\\/\\\/www.anovapeneira.gal\\\/\"},{\"@type\":\"ListItem\",\"position\":2,\"name\":\"O BNG consegue o compromiso dun local para a Marcha Mundial das Mulleres da Louri\u00f1a\"}]},{\"@type\":\"WebSite\",\"@id\":\"https:\\\/\\\/www.anovapeneira.gal\\\/#website\",\"url\":\"https:\\\/\\\/www.anovapeneira.gal\\\/\",\"name\":\"\",\"description\":\"Xornal galego de informaci\u00f3n xeral Publicaci\u00f3n mensual de novas de Galicia e en especial dos Concellos da sur da provincia de Pontevedra.\",\"publisher\":{\"@id\":\"https:\\\/\\\/www.anovapeneira.gal\\\/#organization\"},\"potentialAction\":[{\"@type\":\"SearchAction\",\"target\":{\"@type\":\"EntryPoint\",\"urlTemplate\":\"https:\\\/\\\/www.anovapeneira.gal\\\/?s={search_term_string}\"},\"query-input\":{\"@type\":\"PropertyValueSpecification\",\"valueRequired\":true,\"valueName\":\"search_term_string\"}}],\"inLanguage\":\"gl-ES\"},{\"@type\":\"Organization\",\"@id\":\"https:\\\/\\\/www.anovapeneira.gal\\\/#organization\",\"name\":\"A Nova Peneira\",\"url\":\"https:\\\/\\\/www.anovapeneira.gal\\\/\",\"logo\":{\"@type\":\"ImageObject\",\"inLanguage\":\"gl-ES\",\"@id\":\"https:\\\/\\\/www.anovapeneira.gal\\\/#\\\/schema\\\/logo\\\/image\\\/\",\"url\":\"http:\\\/\\\/www.anovapeneira.gal\\\/wp-content\\\/uploads\\\/2019\\\/06\\\/logo_a_nova_peneira_portal_web.png\",\"contentUrl\":\"http:\\\/\\\/www.anovapeneira.gal\\\/wp-content\\\/uploads\\\/2019\\\/06\\\/logo_a_nova_peneira_portal_web.png\",\"width\":300,\"height\":100,\"caption\":\"A Nova Peneira\"},\"image\":{\"@id\":\"https:\\\/\\\/www.anovapeneira.gal\\\/#\\\/schema\\\/logo\\\/image\\\/\"},\"sameAs\":[\"https:\\\/\\\/www.facebook.com\\\/anovapeneira\",\"https:\\\/\\\/x.com\\\/APeneira\"]},{\"@type\":\"Person\",\"@id\":\"https:\\\/\\\/www.anovapeneira.gal\\\/#\\\/schema\\\/person\\\/b93e3f8932e3f8da96334607eb6ac6aa\",\"name\":\"Redacci\u00f3n A Nova Peneira\",\"image\":{\"@type\":\"ImageObject\",\"inLanguage\":\"gl-ES\",\"@id\":\"https:\\\/\\\/secure.gravatar.com\\\/avatar\\\/c052a2551a06e23fac63626232eaa90abd78dbcf1700fc46a2b2c89fd27b735f?s=96&d=mm&r=g\",\"url\":\"https:\\\/\\\/secure.gravatar.com\\\/avatar\\\/c052a2551a06e23fac63626232eaa90abd78dbcf1700fc46a2b2c89fd27b735f?s=96&d=mm&r=g\",\"contentUrl\":\"https:\\\/\\\/secure.gravatar.com\\\/avatar\\\/c052a2551a06e23fac63626232eaa90abd78dbcf1700fc46a2b2c89fd27b735f?s=96&d=mm&r=g\",\"caption\":\"Redacci\u00f3n A Nova Peneira\"},\"sameAs\":[\"http:\\\/\\\/www.anovapeneira.gal\\\/\"],\"url\":\"https:\\\/\\\/www.anovapeneira.gal\\\/index.php\\\/author\\\/redactor\\\/\"}]}<\/script>\n<!-- \/ Yoast SEO plugin. -->","yoast_head_json":{"title":"O BNG consegue o compromiso dun local para a Marcha Mundial das Mulleres da Louri\u00f1a -","robots":{"index":"index","follow":"follow","max-snippet":"max-snippet:-1","max-image-preview":"max-image-preview:large","max-video-preview":"max-video-preview:-1"},"canonical":"https:\/\/www.anovapeneira.gal\/index.php\/2026\/03\/12\/o-bng-consegue-o-compromiso-dun-local-para-a-marcha-mundial-das-mulleres-da-lourina\/","og_locale":"gl_ES","og_type":"article","og_title":"O BNG consegue o compromiso dun local para a Marcha Mundial das Mulleres da Louri\u00f1a -","og_description":"No \u00faltimo pleno, o BNG no Porri\u00f1o conseguiu o compromiso de que as asociaci\u00f3ns vencelladas coa loita feminista asentadas no noso municipio poidan contar cun local propio municipal [...]","og_url":"https:\/\/www.anovapeneira.gal\/index.php\/2026\/03\/12\/o-bng-consegue-o-compromiso-dun-local-para-a-marcha-mundial-das-mulleres-da-lourina\/","article_publisher":"https:\/\/www.facebook.com\/anovapeneira","article_published_time":"2026-03-12T09:00:26+00:00","og_image":[{"width":720,"height":432,"url":"https:\/\/www.anovapeneira.gal\/wp-content\/uploads\/2022\/09\/bng_logo_2.jpg","type":"image\/jpeg"}],"author":"Redacci\u00f3n A Nova Peneira","twitter_card":"summary_large_image","twitter_creator":"@APeneira","twitter_site":"@APeneira","twitter_misc":{"Escrito por":"Redacci\u00f3n A Nova Peneira","Tempo de lectura":"3 minutos"},"schema":{"@context":"https:\/\/schema.org","@graph":[{"@type":"Article","@id":"https:\/\/www.anovapeneira.gal\/index.php\/2026\/03\/12\/o-bng-consegue-o-compromiso-dun-local-para-a-marcha-mundial-das-mulleres-da-lourina\/#article","isPartOf":{"@id":"https:\/\/www.anovapeneira.gal\/index.php\/2026\/03\/12\/o-bng-consegue-o-compromiso-dun-local-para-a-marcha-mundial-das-mulleres-da-lourina\/"},"author":{"name":"Redacci\u00f3n A Nova Peneira","@id":"https:\/\/www.anovapeneira.gal\/#\/schema\/person\/b93e3f8932e3f8da96334607eb6ac6aa"},"headline":"O BNG consegue o compromiso dun local para a Marcha Mundial das Mulleres da Louri\u00f1a","datePublished":"2026-03-12T09:00:26+00:00","mainEntityOfPage":{"@id":"https:\/\/www.anovapeneira.gal\/index.php\/2026\/03\/12\/o-bng-consegue-o-compromiso-dun-local-para-a-marcha-mundial-das-mulleres-da-lourina\/"},"wordCount":495,"commentCount":0,"publisher":{"@id":"https:\/\/www.anovapeneira.gal\/#organization"},"image":{"@id":"https:\/\/www.anovapeneira.gal\/index.php\/2026\/03\/12\/o-bng-consegue-o-compromiso-dun-local-para-a-marcha-mundial-das-mulleres-da-lourina\/#primaryimage"},"thumbnailUrl":"https:\/\/www.anovapeneira.gal\/wp-content\/uploads\/2022\/09\/bng_logo_2.jpg","keywords":["Concello do Porri\u00f1o"],"articleSection":["A Louri\u00f1a"],"inLanguage":"gl-ES","potentialAction":[{"@type":"CommentAction","name":"Comment","target":["https:\/\/www.anovapeneira.gal\/index.php\/2026\/03\/12\/o-bng-consegue-o-compromiso-dun-local-para-a-marcha-mundial-das-mulleres-da-lourina\/#respond"]}]},{"@type":"WebPage","@id":"https:\/\/www.anovapeneira.gal\/index.php\/2026\/03\/12\/o-bng-consegue-o-compromiso-dun-local-para-a-marcha-mundial-das-mulleres-da-lourina\/","url":"https:\/\/www.anovapeneira.gal\/index.php\/2026\/03\/12\/o-bng-consegue-o-compromiso-dun-local-para-a-marcha-mundial-das-mulleres-da-lourina\/","name":"O BNG consegue o compromiso dun local para a Marcha Mundial das Mulleres da Louri\u00f1a -","isPartOf":{"@id":"https:\/\/www.anovapeneira.gal\/#website"},"primaryImageOfPage":{"@id":"https:\/\/www.anovapeneira.gal\/index.php\/2026\/03\/12\/o-bng-consegue-o-compromiso-dun-local-para-a-marcha-mundial-das-mulleres-da-lourina\/#primaryimage"},"image":{"@id":"https:\/\/www.anovapeneira.gal\/index.php\/2026\/03\/12\/o-bng-consegue-o-compromiso-dun-local-para-a-marcha-mundial-das-mulleres-da-lourina\/#primaryimage"},"thumbnailUrl":"https:\/\/www.anovapeneira.gal\/wp-content\/uploads\/2022\/09\/bng_logo_2.jpg","datePublished":"2026-03-12T09:00:26+00:00","breadcrumb":{"@id":"https:\/\/www.anovapeneira.gal\/index.php\/2026\/03\/12\/o-bng-consegue-o-compromiso-dun-local-para-a-marcha-mundial-das-mulleres-da-lourina\/#breadcrumb"},"inLanguage":"gl-ES","potentialAction":[{"@type":"ReadAction","target":["https:\/\/www.anovapeneira.gal\/index.php\/2026\/03\/12\/o-bng-consegue-o-compromiso-dun-local-para-a-marcha-mundial-das-mulleres-da-lourina\/"]}]},{"@type":"ImageObject","inLanguage":"gl-ES","@id":"https:\/\/www.anovapeneira.gal\/index.php\/2026\/03\/12\/o-bng-consegue-o-compromiso-dun-local-para-a-marcha-mundial-das-mulleres-da-lourina\/#primaryimage","url":"https:\/\/www.anovapeneira.gal\/wp-content\/uploads\/2022\/09\/bng_logo_2.jpg","contentUrl":"https:\/\/www.anovapeneira.gal\/wp-content\/uploads\/2022\/09\/bng_logo_2.jpg","width":720,"height":432,"caption":"Logotipo BNG"},{"@type":"BreadcrumbList","@id":"https:\/\/www.anovapeneira.gal\/index.php\/2026\/03\/12\/o-bng-consegue-o-compromiso-dun-local-para-a-marcha-mundial-das-mulleres-da-lourina\/#breadcrumb","itemListElement":[{"@type":"ListItem","position":1,"name":"Portada","item":"https:\/\/www.anovapeneira.gal\/"},{"@type":"ListItem","position":2,"name":"O BNG consegue o compromiso dun local para a Marcha Mundial das Mulleres da Louri\u00f1a"}]},{"@type":"WebSite","@id":"https:\/\/www.anovapeneira.gal\/#website","url":"https:\/\/www.anovapeneira.gal\/","name":"","description":"Xornal galego de informaci\u00f3n xeral Publicaci\u00f3n mensual de novas de Galicia e en especial dos Concellos da sur da provincia de Pontevedra.","publisher":{"@id":"https:\/\/www.anovapeneira.gal\/#organization"},"potentialAction":[{"@type":"SearchAction","target":{"@type":"EntryPoint","urlTemplate":"https:\/\/www.anovapeneira.gal\/?s={search_term_string}"},"query-input":{"@type":"PropertyValueSpecification","valueRequired":true,"valueName":"search_term_string"}}],"inLanguage":"gl-ES"},{"@type":"Organization","@id":"https:\/\/www.anovapeneira.gal\/#organization","name":"A Nova Peneira","url":"https:\/\/www.anovapeneira.gal\/","logo":{"@type":"ImageObject","inLanguage":"gl-ES","@id":"https:\/\/www.anovapeneira.gal\/#\/schema\/logo\/image\/","url":"http:\/\/www.anovapeneira.gal\/wp-content\/uploads\/2019\/06\/logo_a_nova_peneira_portal_web.png","contentUrl":"http:\/\/www.anovapeneira.gal\/wp-content\/uploads\/2019\/06\/logo_a_nova_peneira_portal_web.png","width":300,"height":100,"caption":"A Nova Peneira"},"image":{"@id":"https:\/\/www.anovapeneira.gal\/#\/schema\/logo\/image\/"},"sameAs":["https:\/\/www.facebook.com\/anovapeneira","https:\/\/x.com\/APeneira"]},{"@type":"Person","@id":"https:\/\/www.anovapeneira.gal\/#\/schema\/person\/b93e3f8932e3f8da96334607eb6ac6aa","name":"Redacci\u00f3n A Nova Peneira","image":{"@type":"ImageObject","inLanguage":"gl-ES","@id":"https:\/\/secure.gravatar.com\/avatar\/c052a2551a06e23fac63626232eaa90abd78dbcf1700fc46a2b2c89fd27b735f?s=96&d=mm&r=g","url":"https:\/\/secure.gravatar.com\/avatar\/c052a2551a06e23fac63626232eaa90abd78dbcf1700fc46a2b2c89fd27b735f?s=96&d=mm&r=g","contentUrl":"https:\/\/secure.gravatar.com\/avatar\/c052a2551a06e23fac63626232eaa90abd78dbcf1700fc46a2b2c89fd27b735f?s=96&d=mm&r=g","caption":"Redacci\u00f3n A Nova Peneira"},"sameAs":["http:\/\/www.anovapeneira.gal\/"],"url":"https:\/\/www.anovapeneira.gal\/index.php\/author\/redactor\/"}]}},"jetpack_featured_media_url":"https:\/\/www.anovapeneira.gal\/wp-content\/uploads\/2022\/09\/bng_logo_2.jpg","_links":{"self":[{"href":"https:\/\/www.anovapeneira.gal\/index.php\/wp-json\/wp\/v2\/posts\/15471","targetHints":{"allow":["GET"]}}],"collection":[{"href":"https:\/\/www.anovapeneira.gal\/index.php\/wp-json\/wp\/v2\/posts"}],"about":[{"href":"https:\/\/www.anovapeneira.gal\/index.php\/wp-json\/wp\/v2\/types\/post"}],"author":[{"embeddable":true,"href":"https:\/\/www.anovapeneira.gal\/index.php\/wp-json\/wp\/v2\/users\/3"}],"replies":[{"embeddable":true,"href":"https:\/\/www.anovapeneira.gal\/index.php\/wp-json\/wp\/v2\/comments?post=15471"}],"version-history":[{"count":2,"href":"https:\/\/www.anovapeneira.gal\/index.php\/wp-json\/wp\/v2\/posts\/15471\/revisions"}],"predecessor-version":[{"id":15473,"href":"https:\/\/www.anovapeneira.gal\/index.php\/wp-json\/wp\/v2\/posts\/15471\/revisions\/15473"}],"wp:featuredmedia":[{"embeddable":true,"href":"https:\/\/www.anovapeneira.gal\/index.php\/wp-json\/wp\/v2\/media\/8265"}],"wp:attachment":[{"href":"https:\/\/www.anovapeneira.gal\/index.php\/wp-json\/wp\/v2\/media?parent=15471"}],"wp:term":[{"taxonomy":"category","embeddable":true,"href":"https:\/\/www.anovapeneira.gal\/index.php\/wp-json\/wp\/v2\/categories?post=15471"},{"taxonomy":"post_tag","embeddable":true,"href":"https:\/\/www.anovapeneira.gal\/index.php\/wp-json\/wp\/v2\/tags?post=15471"}],"curies":[{"name":"wp","href":"https:\/\/api.w.org\/{rel}","templated":true}]}}