{"id":15474,"date":"2026-03-12T12:00:41","date_gmt":"2026-03-12T11:00:41","guid":{"rendered":"https:\/\/www.anovapeneira.gal\/?p=15474"},"modified":"2026-03-10T10:28:00","modified_gmt":"2026-03-10T09:28:00","slug":"master-a-guarda-e-master-tomino-a-vangarda-da-tecnoloxia-dos-electrodomesticos-a-caron-das-nosas-casas-e-ao-dispor-de-calquera-economia","status":"publish","type":"post","link":"https:\/\/www.anovapeneira.gal\/index.php\/2026\/03\/12\/master-a-guarda-e-master-tomino-a-vangarda-da-tecnoloxia-dos-electrodomesticos-a-caron-das-nosas-casas-e-ao-dispor-de-calquera-economia\/","title":{"rendered":"Master A Guarda e Master Tomi\u00f1o: A vangarda da tecnolox\u00eda dos electrodom\u00e9sticos a car\u00f3n das nosas casas, e ao dispor de calquera econom\u00eda."},"content":{"rendered":"\n<p><strong>Gabino \u00e9 un mozo de Sangui\u00f1eda ao que os cami\u00f1os da vida levaron a abrir un negocio de electrodom\u00e9sticos, da cadea Master , na Guarda hai m\u00e1is de 25 anos. Hoxe dirixe 3 tendas desa mesma cadea: D\u00faas no Baixo Mi\u00f1o, A Guarda e Tomi\u00f1o, e outra na parroquia de Teis, na r\u00faa Sanjurjo Bad\u00eda da cidade de Vigo. El ten unha visi\u00f3n comercial coa que coincidimos: o comercio local de proximidade d\u00e1 vida aos barrios , crea econom\u00eda circular e contrib\u00fae a constru\u00edr unha sociedade m\u00e1is xusta na que todos nos axudemos a todos. Despois de tantos anos de amizade e colaboraci\u00f3n co noso medio de comunicaci\u00f3n foi un pracer conversar con el e co\u00f1ecelo un pouco mellor.<\/strong><\/p>\n\n\n\n<pre class=\"wp-block-verse\">Gabino Est\u00e9vez, xerente<\/pre>\n\n\n\n<h2 class=\"wp-block-heading\">\u201c<strong>Calquera cliente que nos distinga coa s\u00faa confianza pode ter a tranquilidade absoluta da calidade e a solvencia dos nosos produtos\u201d<\/strong><\/h2>\n\n\n\n<p><strong>Gabino queremos co\u00f1ecerte un pouco mellor<\/strong><\/p>\n\n\n\n<blockquote class=\"wp-block-quote is-layout-flow wp-block-quote-is-layout-flow\">\n<p>Ben pois eu nac\u00edn en Sangui\u00f1eda, no concello de Mos. E os cami\u00f1os da vida troux\u00e9ronme ao Baixo Mi\u00f1o. Te\u00f1o tenda na Guarda ,en Tomi\u00f1o e no ano 24 abr\u00edn unha terceira na r\u00faa Sanjurjo Badia de Vigo. Eu vivo no Rosal<\/p>\n<\/blockquote>\n\n\n\n<p><strong>Como acaba un mozo de Sangui\u00f1eda vivindo e traballando na comarca do Baixo Mi\u00f1o?<\/strong><\/p>\n\n\n\n<blockquote class=\"wp-block-quote is-layout-flow wp-block-quote-is-layout-flow\">\n<p>O negocio dos electrodom\u00e9sticos xa v\u00e9n de familia. O meu primo, que para min foi case como un padri\u00f1o, ti\u00f1a unha tenda no Porri\u00f1o. Eu comecei traballando con el al\u00ed e aprendendo o oficio. Despois de facer o servizo militar, considerou que xa estaba preparado para levar unha tenda propia e empezamos a buscar unha localidade onde abrir. Finalmente decidimos apostar pola Guarda e abr\u00edn a tenda no ano 1999.<\/p>\n<\/blockquote>\n\n\n\n<p><strong>Polo tanto, levas xa m\u00e1is de d\u00faas d\u00e9cadas na Guarda.<\/strong><\/p>\n\n\n\n<blockquote class=\"wp-block-quote is-layout-flow wp-block-quote-is-layout-flow\">\n<p>Si, xa son 27 anos. Ao principio estaba vinculado \u00e1 empresa familiar, pero co paso do tempo desvinculeime e no ano 2016 fundei a mi\u00f1a propia empresa, Gabinete de Electrodom\u00e9sticos, a\u00ednda que na pr\u00e1ctica a tenda xa funcionaba independente \u00e1 do meu padri\u00f1o.<\/p>\n<\/blockquote>\n\n\n\n<p><strong>Foi acertada a decisi\u00f3n de apostar polo Baixo Mi\u00f1o ?<\/strong><\/p>\n\n\n\n<blockquote class=\"wp-block-quote is-layout-flow wp-block-quote-is-layout-flow\">\n<p>Para min, totalmente. Tanto a nivel persoal como profesional. Cheguei a unha localidade onde me sent\u00edn moi ben acollido e o negocio foi funcionando. Despois de tantos anos coa tenda aberta, a valoraci\u00f3n s\u00f3 pode ser positiva.<\/p>\n<\/blockquote>\n\n\n\n<p><strong>Cando abriches a tenda de Tomi\u00f1o?<\/strong><\/p>\n\n\n\n<blockquote class=\"wp-block-quote is-layout-flow wp-block-quote-is-layout-flow\">\n<p>No ano 2004. Xa ti\u00f1amos persoal para o reparto e vimos que podiamos atender tam\u00e9n esa zona. Ademais, Tomi\u00f1o queda moi preto da Guarda e ti\u00f1a sentido ampliar o servizo. \u00c9 unha tenda m\u00e1is pequena, pero tam\u00e9n funciona ben.<\/p>\n<\/blockquote>\n\n\n\n<p><strong>E a tenda de Vigo?<\/strong><\/p>\n\n\n\n<blockquote class=\"wp-block-quote is-layout-flow wp-block-quote-is-layout-flow\">\n<p>Abr\u00edmola recentemente, no ano 2024, as\u00ed que agora mesmo estamos no primeiro ano de actividade.<\/p>\n<\/blockquote>\n\n\n\n<p><strong>Como valores este primeiro ano en Vigo?<\/strong><\/p>\n\n\n\n<blockquote class=\"wp-block-quote is-layout-flow wp-block-quote-is-layout-flow\">\n<p>Al\u00ed partimos de cero, porque son un completo desco\u00f1ecido nesa cidade, pero pouco a pouco imos abrindo cami\u00f1o pola traxectoria do nome da tenda e d\u00e1ndonos a co\u00f1ecer todos os d\u00edas un pouco m\u00e1is.<\/p>\n<\/blockquote>\n\n\n\n<p><strong>En que zonas traballades principalmente?<\/strong><\/p>\n\n\n\n<blockquote class=\"wp-block-quote is-layout-flow wp-block-quote-is-layout-flow\">\n<p>Sobre todo no Baixo Mi\u00f1o: A Guarda, Tomi\u00f1o e O Rosal. Tam\u00e9n facemos entregas puntuais noutras zonas, \u00e1s veces para clientes que te\u00f1en segunda vivenda ou que xa nos co\u00f1ecen de aqu\u00ed. Agora, coa tenda de Vigo, tam\u00e9n podemos coordinar entregas desde al\u00ed cando conv\u00e9n.<\/p>\n<\/blockquote>\n\n\n\n<p><strong>Vendes m\u00e1is gama alta, media ou baixa?<\/strong><\/p>\n\n\n\n<blockquote class=\"wp-block-quote is-layout-flow wp-block-quote-is-layout-flow\">\n<p>Hai de todo, porque non nos podemos pechar a unha soa gama. Pero o que m\u00e1is se vende \u00e9 a gama media, que ofrece boa relaci\u00f3n entre calidade e prezo. Os clientes buscan iso: un produto fiable sen que o prezo se dispare. En calquera caso os clientes que nos distingan coa s\u00faa confianza poden ter a tranquilidade absoluta de que compren o que compren a calidade e a solvencia do produto est\u00e1 garantida.<\/p>\n<\/blockquote>\n\n\n\n<p><strong>Tedes servizo a domicilio e servizo posvenda verdade?<\/strong><\/p>\n\n\n\n<blockquote class=\"wp-block-quote is-layout-flow wp-block-quote-is-layout-flow\">\n<p>Si.<\/p>\n<\/blockquote>\n\n\n\n<p><strong>En que consiste o servizo posvenda?<\/strong><\/p>\n\n\n\n<blockquote class=\"wp-block-quote is-layout-flow wp-block-quote-is-layout-flow\">\n<p>Te\u00f1o un t\u00e9cnico de reparaci\u00f3n de todo tipo de electrodom\u00e9sticos tanto na tenda como a domicilio, \u00e9 unha persoa na que conf\u00edo e ten un trato excelente para os clientes.<\/p>\n<\/blockquote>\n\n\n\n<p><strong>Que electrodom\u00e9sticos te\u00f1en m\u00e1is sa\u00edda?<\/strong><\/p>\n\n\n\n<blockquote class=\"wp-block-quote is-layout-flow wp-block-quote-is-layout-flow\">\n<p>As lavadoras e os frigor\u00edficos son os produtos m\u00e1is demandados durante todo o ano. Despois hai outros m\u00e1is estacionais: no ver\u00e1n aumentan moito os aparatos de aire acondicionado ou ventilaci\u00f3n, e no inverno todo o relacionado coa calefacci\u00f3n. Tam\u00e9n os lavalouzas e as televisi\u00f3ns.<\/p>\n<\/blockquote>\n\n\n\n<p><strong>Que ofrece o comercio local fronte \u00e1s grandes superficies ou \u00e1s compras por internet?<\/strong><\/p>\n\n\n\n<blockquote class=\"wp-block-quote is-layout-flow wp-block-quote-is-layout-flow\">\n<p>Sobre todo o asesoramento e o servizo posvenda. Aqu\u00ed o cliente pode ver o produto, tocar, preguntar e recibir explicaci\u00f3ns claras. Ademais, se hai alg\u00fan problema, non ten que chamar a un n\u00famero de tel\u00e9fono impersoal nin tratar con algu\u00e9n que non co\u00f1ece e esperar moito tempo a ser atendido nunha chamada telef\u00f3nica. N\u00f3s encarg\u00e1monos de xestionar todo e iso d\u00e1 moita tranquilidade.<\/p>\n<\/blockquote>\n\n\n\n<p><strong>A venda en li\u00f1a afectou ao teu negocio?<\/strong><\/p>\n\n\n\n<blockquote class=\"wp-block-quote is-layout-flow wp-block-quote-is-layout-flow\">\n<p>Si, sobre todo no pequeno electrodom\u00e9stico: cafeteiras, espremedores ou outros aparatos pequenos para a casa. Nese \u00e1mbito si se nota m\u00e1is a competencia de internet e de plataformas como Amazon. Nos grandes electrodom\u00e9sticos, en cambio, a xente segue valorando poder velos e recibir asesoramento.<\/p>\n<\/blockquote>\n\n\n\n<p><strong>Que \u00e9 o que m\u00e1is che gusta do teu traballo despois de tantos anos de experiencia?<\/strong><\/p>\n\n\n\n<blockquote class=\"wp-block-quote is-layout-flow wp-block-quote-is-layout-flow\">\n<p>O trato coa xente. G\u00fastame explicar as cousas, asesorar e que o cliente entenda ben o que est\u00e1 mercando. Cando ves que algu\u00e9n aprecia esa explicaci\u00f3n e conf\u00eda en ti, resulta moi gratificante.<\/p>\n<\/blockquote>\n\n\n\n<p><strong>Tivestes problemas de morosidade ou de seguridade nestes anos?<\/strong><\/p>\n\n\n\n<blockquote class=\"wp-block-quote is-layout-flow wp-block-quote-is-layout-flow\">\n<p>Atracos, afortunadamente, ning\u00fan. Morosidade houbo algo m\u00e1is ao principio, cando era m\u00e1is habitual pagar a prazos directamente na tenda. Agora traballamos con financeiras para ese tipo de operaci\u00f3ns, as\u00ed evitamos riscos e aseguramos o cobro.<\/p>\n<\/blockquote>\n\n\n\n<p><strong>Recorre moita xente ao pago financiado?<\/strong><\/p>\n\n\n\n<blockquote class=\"wp-block-quote is-layout-flow wp-block-quote-is-layout-flow\">\n<p>Non moito, s\u00f3 para electrodom\u00e9sticos grandes, aproximadamente un 10% das ventas.<\/p>\n<\/blockquote>\n\n\n\n<p><strong>Cantas persoas traballan nas tres tendas?<\/strong><\/p>\n\n\n\n<blockquote class=\"wp-block-quote is-layout-flow wp-block-quote-is-layout-flow\">\n<p>En total somos sete persoas.<\/p>\n<\/blockquote>\n\n\n\n<p><strong>E que futuro ves para o negocio cando te xubiles?<\/strong><\/p>\n\n\n\n<blockquote class=\"wp-block-quote is-layout-flow wp-block-quote-is-layout-flow\">\n<p>Iso nunca se sabe. Te\u00f1o dous sobri\u00f1os que, polo menos pola idade, poder\u00edan continuar no futuro. Pero de momento sigo con ganas e ilusi\u00f3n. A xubilaci\u00f3n a\u00ednda queda lonxe eu te\u00f1o 52 anos.<\/p>\n<\/blockquote>\n","protected":false},"excerpt":{"rendered":"<div class=\"mh-excerpt\"><p>Gabino \u00e9 un mozo de Sangui\u00f1eda ao que os cami\u00f1os da vida levaron a abrir un negocio de electrodom\u00e9sticos, da cadea Master , na Guarda hai m\u00e1is de 25 anos <a class=\"mh-excerpt-more\" href=\"https:\/\/www.anovapeneira.gal\/index.php\/2026\/03\/12\/master-a-guarda-e-master-tomino-a-vangarda-da-tecnoloxia-dos-electrodomesticos-a-caron-das-nosas-casas-e-ao-dispor-de-calquera-economia\/\" title=\"Master A Guarda e Master Tomi\u00f1o: A vangarda da tecnolox\u00eda dos electrodom\u00e9sticos a car\u00f3n das nosas casas, e ao dispor de calquera econom\u00eda.\">[&#8230;]<\/a><\/p>\n<\/div>","protected":false},"author":3,"featured_media":15476,"comment_status":"open","ping_status":"open","sticky":false,"template":"","format":"standard","meta":{"_exactmetrics_skip_tracking":false,"_exactmetrics_sitenote_active":false,"_exactmetrics_sitenote_note":"","_exactmetrics_sitenote_category":0,"footnotes":""},"categories":[491],"tags":[1157],"class_list":{"0":"post-15474","1":"post","2":"type-post","3":"status-publish","4":"format-standard","5":"has-post-thumbnail","7":"category-baixo-mino-reportaxes","8":"tag-concello-de-a-guarda"},"yoast_head":"<!-- This site is optimized with the Yoast SEO plugin v27.4 - https:\/\/yoast.com\/product\/yoast-seo-wordpress\/ -->\n<title>Master A Guarda e Master Tomi\u00f1o: A vangarda da tecnolox\u00eda dos electrodom\u00e9sticos a car\u00f3n das nosas casas, e ao dispor de calquera econom\u00eda. -<\/title>\n<meta name=\"robots\" content=\"index, follow, max-snippet:-1, max-image-preview:large, max-video-preview:-1\" \/>\n<link rel=\"canonical\" href=\"https:\/\/www.anovapeneira.gal\/index.php\/2026\/03\/12\/master-a-guarda-e-master-tomino-a-vangarda-da-tecnoloxia-dos-electrodomesticos-a-caron-das-nosas-casas-e-ao-dispor-de-calquera-economia\/\" \/>\n<meta property=\"og:locale\" content=\"gl_ES\" \/>\n<meta property=\"og:type\" content=\"article\" \/>\n<meta property=\"og:title\" content=\"Master A Guarda e Master Tomi\u00f1o: A vangarda da tecnolox\u00eda dos electrodom\u00e9sticos a car\u00f3n das nosas casas, e ao dispor de calquera econom\u00eda. -\" \/>\n<meta property=\"og:description\" content=\"Gabino \u00e9 un mozo de Sangui\u00f1eda ao que os cami\u00f1os da vida levaron a abrir un negocio de electrodom\u00e9sticos, da cadea Master , na Guarda hai m\u00e1is de 25 anos [...]\" \/>\n<meta property=\"og:url\" content=\"https:\/\/www.anovapeneira.gal\/index.php\/2026\/03\/12\/master-a-guarda-e-master-tomino-a-vangarda-da-tecnoloxia-dos-electrodomesticos-a-caron-das-nosas-casas-e-ao-dispor-de-calquera-economia\/\" \/>\n<meta property=\"article:publisher\" content=\"https:\/\/www.facebook.com\/anovapeneira\" \/>\n<meta property=\"article:published_time\" content=\"2026-03-12T11:00:41+00:00\" \/>\n<meta property=\"og:image\" content=\"https:\/\/www.anovapeneira.gal\/wp-content\/uploads\/2026\/03\/gabino_estevez.jpg\" \/>\n\t<meta property=\"og:image:width\" content=\"1500\" \/>\n\t<meta property=\"og:image:height\" content=\"790\" \/>\n\t<meta property=\"og:image:type\" content=\"image\/jpeg\" \/>\n<meta name=\"author\" content=\"Redacci\u00f3n A Nova Peneira\" \/>\n<meta name=\"twitter:card\" content=\"summary_large_image\" \/>\n<meta name=\"twitter:creator\" content=\"@APeneira\" \/>\n<meta name=\"twitter:site\" content=\"@APeneira\" \/>\n<meta name=\"twitter:label1\" content=\"Escrito por\" \/>\n\t<meta name=\"twitter:data1\" content=\"Redacci\u00f3n A Nova Peneira\" \/>\n\t<meta name=\"twitter:label2\" content=\"Tempo de lectura\" \/>\n\t<meta name=\"twitter:data2\" content=\"2 minutos\" \/>\n<script type=\"application\/ld+json\" class=\"yoast-schema-graph\">{\"@context\":\"https:\\\/\\\/schema.org\",\"@graph\":[{\"@type\":\"Article\",\"@id\":\"https:\\\/\\\/www.anovapeneira.gal\\\/index.php\\\/2026\\\/03\\\/12\\\/master-a-guarda-e-master-tomino-a-vangarda-da-tecnoloxia-dos-electrodomesticos-a-caron-das-nosas-casas-e-ao-dispor-de-calquera-economia\\\/#article\",\"isPartOf\":{\"@id\":\"https:\\\/\\\/www.anovapeneira.gal\\\/index.php\\\/2026\\\/03\\\/12\\\/master-a-guarda-e-master-tomino-a-vangarda-da-tecnoloxia-dos-electrodomesticos-a-caron-das-nosas-casas-e-ao-dispor-de-calquera-economia\\\/\"},\"author\":{\"name\":\"Redacci\u00f3n A Nova Peneira\",\"@id\":\"https:\\\/\\\/www.anovapeneira.gal\\\/#\\\/schema\\\/person\\\/b93e3f8932e3f8da96334607eb6ac6aa\"},\"headline\":\"Master A Guarda e Master Tomi\u00f1o: A vangarda da tecnolox\u00eda dos electrodom\u00e9sticos a car\u00f3n das nosas casas, e ao dispor de calquera econom\u00eda.\",\"datePublished\":\"2026-03-12T11:00:41+00:00\",\"mainEntityOfPage\":{\"@id\":\"https:\\\/\\\/www.anovapeneira.gal\\\/index.php\\\/2026\\\/03\\\/12\\\/master-a-guarda-e-master-tomino-a-vangarda-da-tecnoloxia-dos-electrodomesticos-a-caron-das-nosas-casas-e-ao-dispor-de-calquera-economia\\\/\"},\"wordCount\":1124,\"commentCount\":0,\"publisher\":{\"@id\":\"https:\\\/\\\/www.anovapeneira.gal\\\/#organization\"},\"image\":{\"@id\":\"https:\\\/\\\/www.anovapeneira.gal\\\/index.php\\\/2026\\\/03\\\/12\\\/master-a-guarda-e-master-tomino-a-vangarda-da-tecnoloxia-dos-electrodomesticos-a-caron-das-nosas-casas-e-ao-dispor-de-calquera-economia\\\/#primaryimage\"},\"thumbnailUrl\":\"https:\\\/\\\/www.anovapeneira.gal\\\/wp-content\\\/uploads\\\/2026\\\/03\\\/gabino_estevez.jpg\",\"keywords\":[\"Concello de A Guarda\"],\"articleSection\":[\"Baixo Mi\u00f1o\"],\"inLanguage\":\"gl-ES\",\"potentialAction\":[{\"@type\":\"CommentAction\",\"name\":\"Comment\",\"target\":[\"https:\\\/\\\/www.anovapeneira.gal\\\/index.php\\\/2026\\\/03\\\/12\\\/master-a-guarda-e-master-tomino-a-vangarda-da-tecnoloxia-dos-electrodomesticos-a-caron-das-nosas-casas-e-ao-dispor-de-calquera-economia\\\/#respond\"]}]},{\"@type\":\"WebPage\",\"@id\":\"https:\\\/\\\/www.anovapeneira.gal\\\/index.php\\\/2026\\\/03\\\/12\\\/master-a-guarda-e-master-tomino-a-vangarda-da-tecnoloxia-dos-electrodomesticos-a-caron-das-nosas-casas-e-ao-dispor-de-calquera-economia\\\/\",\"url\":\"https:\\\/\\\/www.anovapeneira.gal\\\/index.php\\\/2026\\\/03\\\/12\\\/master-a-guarda-e-master-tomino-a-vangarda-da-tecnoloxia-dos-electrodomesticos-a-caron-das-nosas-casas-e-ao-dispor-de-calquera-economia\\\/\",\"name\":\"Master A Guarda e Master Tomi\u00f1o: A vangarda da tecnolox\u00eda dos electrodom\u00e9sticos a car\u00f3n das nosas casas, e ao dispor de calquera econom\u00eda. -\",\"isPartOf\":{\"@id\":\"https:\\\/\\\/www.anovapeneira.gal\\\/#website\"},\"primaryImageOfPage\":{\"@id\":\"https:\\\/\\\/www.anovapeneira.gal\\\/index.php\\\/2026\\\/03\\\/12\\\/master-a-guarda-e-master-tomino-a-vangarda-da-tecnoloxia-dos-electrodomesticos-a-caron-das-nosas-casas-e-ao-dispor-de-calquera-economia\\\/#primaryimage\"},\"image\":{\"@id\":\"https:\\\/\\\/www.anovapeneira.gal\\\/index.php\\\/2026\\\/03\\\/12\\\/master-a-guarda-e-master-tomino-a-vangarda-da-tecnoloxia-dos-electrodomesticos-a-caron-das-nosas-casas-e-ao-dispor-de-calquera-economia\\\/#primaryimage\"},\"thumbnailUrl\":\"https:\\\/\\\/www.anovapeneira.gal\\\/wp-content\\\/uploads\\\/2026\\\/03\\\/gabino_estevez.jpg\",\"datePublished\":\"2026-03-12T11:00:41+00:00\",\"breadcrumb\":{\"@id\":\"https:\\\/\\\/www.anovapeneira.gal\\\/index.php\\\/2026\\\/03\\\/12\\\/master-a-guarda-e-master-tomino-a-vangarda-da-tecnoloxia-dos-electrodomesticos-a-caron-das-nosas-casas-e-ao-dispor-de-calquera-economia\\\/#breadcrumb\"},\"inLanguage\":\"gl-ES\",\"potentialAction\":[{\"@type\":\"ReadAction\",\"target\":[\"https:\\\/\\\/www.anovapeneira.gal\\\/index.php\\\/2026\\\/03\\\/12\\\/master-a-guarda-e-master-tomino-a-vangarda-da-tecnoloxia-dos-electrodomesticos-a-caron-das-nosas-casas-e-ao-dispor-de-calquera-economia\\\/\"]}]},{\"@type\":\"ImageObject\",\"inLanguage\":\"gl-ES\",\"@id\":\"https:\\\/\\\/www.anovapeneira.gal\\\/index.php\\\/2026\\\/03\\\/12\\\/master-a-guarda-e-master-tomino-a-vangarda-da-tecnoloxia-dos-electrodomesticos-a-caron-das-nosas-casas-e-ao-dispor-de-calquera-economia\\\/#primaryimage\",\"url\":\"https:\\\/\\\/www.anovapeneira.gal\\\/wp-content\\\/uploads\\\/2026\\\/03\\\/gabino_estevez.jpg\",\"contentUrl\":\"https:\\\/\\\/www.anovapeneira.gal\\\/wp-content\\\/uploads\\\/2026\\\/03\\\/gabino_estevez.jpg\",\"width\":1500,\"height\":790},{\"@type\":\"BreadcrumbList\",\"@id\":\"https:\\\/\\\/www.anovapeneira.gal\\\/index.php\\\/2026\\\/03\\\/12\\\/master-a-guarda-e-master-tomino-a-vangarda-da-tecnoloxia-dos-electrodomesticos-a-caron-das-nosas-casas-e-ao-dispor-de-calquera-economia\\\/#breadcrumb\",\"itemListElement\":[{\"@type\":\"ListItem\",\"position\":1,\"name\":\"Portada\",\"item\":\"https:\\\/\\\/www.anovapeneira.gal\\\/\"},{\"@type\":\"ListItem\",\"position\":2,\"name\":\"Master A Guarda e Master Tomi\u00f1o: A vangarda da tecnolox\u00eda dos electrodom\u00e9sticos a car\u00f3n das nosas casas, e ao dispor de calquera econom\u00eda.\"}]},{\"@type\":\"WebSite\",\"@id\":\"https:\\\/\\\/www.anovapeneira.gal\\\/#website\",\"url\":\"https:\\\/\\\/www.anovapeneira.gal\\\/\",\"name\":\"\",\"description\":\"Xornal galego de informaci\u00f3n xeral Publicaci\u00f3n mensual de novas de Galicia e en especial dos Concellos da sur da provincia de Pontevedra.\",\"publisher\":{\"@id\":\"https:\\\/\\\/www.anovapeneira.gal\\\/#organization\"},\"potentialAction\":[{\"@type\":\"SearchAction\",\"target\":{\"@type\":\"EntryPoint\",\"urlTemplate\":\"https:\\\/\\\/www.anovapeneira.gal\\\/?s={search_term_string}\"},\"query-input\":{\"@type\":\"PropertyValueSpecification\",\"valueRequired\":true,\"valueName\":\"search_term_string\"}}],\"inLanguage\":\"gl-ES\"},{\"@type\":\"Organization\",\"@id\":\"https:\\\/\\\/www.anovapeneira.gal\\\/#organization\",\"name\":\"A Nova Peneira\",\"url\":\"https:\\\/\\\/www.anovapeneira.gal\\\/\",\"logo\":{\"@type\":\"ImageObject\",\"inLanguage\":\"gl-ES\",\"@id\":\"https:\\\/\\\/www.anovapeneira.gal\\\/#\\\/schema\\\/logo\\\/image\\\/\",\"url\":\"http:\\\/\\\/www.anovapeneira.gal\\\/wp-content\\\/uploads\\\/2019\\\/06\\\/logo_a_nova_peneira_portal_web.png\",\"contentUrl\":\"http:\\\/\\\/www.anovapeneira.gal\\\/wp-content\\\/uploads\\\/2019\\\/06\\\/logo_a_nova_peneira_portal_web.png\",\"width\":300,\"height\":100,\"caption\":\"A Nova Peneira\"},\"image\":{\"@id\":\"https:\\\/\\\/www.anovapeneira.gal\\\/#\\\/schema\\\/logo\\\/image\\\/\"},\"sameAs\":[\"https:\\\/\\\/www.facebook.com\\\/anovapeneira\",\"https:\\\/\\\/x.com\\\/APeneira\"]},{\"@type\":\"Person\",\"@id\":\"https:\\\/\\\/www.anovapeneira.gal\\\/#\\\/schema\\\/person\\\/b93e3f8932e3f8da96334607eb6ac6aa\",\"name\":\"Redacci\u00f3n A Nova Peneira\",\"image\":{\"@type\":\"ImageObject\",\"inLanguage\":\"gl-ES\",\"@id\":\"https:\\\/\\\/secure.gravatar.com\\\/avatar\\\/c052a2551a06e23fac63626232eaa90abd78dbcf1700fc46a2b2c89fd27b735f?s=96&d=mm&r=g\",\"url\":\"https:\\\/\\\/secure.gravatar.com\\\/avatar\\\/c052a2551a06e23fac63626232eaa90abd78dbcf1700fc46a2b2c89fd27b735f?s=96&d=mm&r=g\",\"contentUrl\":\"https:\\\/\\\/secure.gravatar.com\\\/avatar\\\/c052a2551a06e23fac63626232eaa90abd78dbcf1700fc46a2b2c89fd27b735f?s=96&d=mm&r=g\",\"caption\":\"Redacci\u00f3n A Nova Peneira\"},\"sameAs\":[\"http:\\\/\\\/www.anovapeneira.gal\\\/\"],\"url\":\"https:\\\/\\\/www.anovapeneira.gal\\\/index.php\\\/author\\\/redactor\\\/\"}]}<\/script>\n<!-- \/ Yoast SEO plugin. -->","yoast_head_json":{"title":"Master A Guarda e Master Tomi\u00f1o: A vangarda da tecnolox\u00eda dos electrodom\u00e9sticos a car\u00f3n das nosas casas, e ao dispor de calquera econom\u00eda. -","robots":{"index":"index","follow":"follow","max-snippet":"max-snippet:-1","max-image-preview":"max-image-preview:large","max-video-preview":"max-video-preview:-1"},"canonical":"https:\/\/www.anovapeneira.gal\/index.php\/2026\/03\/12\/master-a-guarda-e-master-tomino-a-vangarda-da-tecnoloxia-dos-electrodomesticos-a-caron-das-nosas-casas-e-ao-dispor-de-calquera-economia\/","og_locale":"gl_ES","og_type":"article","og_title":"Master A Guarda e Master Tomi\u00f1o: A vangarda da tecnolox\u00eda dos electrodom\u00e9sticos a car\u00f3n das nosas casas, e ao dispor de calquera econom\u00eda. -","og_description":"Gabino \u00e9 un mozo de Sangui\u00f1eda ao que os cami\u00f1os da vida levaron a abrir un negocio de electrodom\u00e9sticos, da cadea Master , na Guarda hai m\u00e1is de 25 anos [...]","og_url":"https:\/\/www.anovapeneira.gal\/index.php\/2026\/03\/12\/master-a-guarda-e-master-tomino-a-vangarda-da-tecnoloxia-dos-electrodomesticos-a-caron-das-nosas-casas-e-ao-dispor-de-calquera-economia\/","article_publisher":"https:\/\/www.facebook.com\/anovapeneira","article_published_time":"2026-03-12T11:00:41+00:00","og_image":[{"width":1500,"height":790,"url":"https:\/\/www.anovapeneira.gal\/wp-content\/uploads\/2026\/03\/gabino_estevez.jpg","type":"image\/jpeg"}],"author":"Redacci\u00f3n A Nova Peneira","twitter_card":"summary_large_image","twitter_creator":"@APeneira","twitter_site":"@APeneira","twitter_misc":{"Escrito por":"Redacci\u00f3n A Nova Peneira","Tempo de lectura":"2 minutos"},"schema":{"@context":"https:\/\/schema.org","@graph":[{"@type":"Article","@id":"https:\/\/www.anovapeneira.gal\/index.php\/2026\/03\/12\/master-a-guarda-e-master-tomino-a-vangarda-da-tecnoloxia-dos-electrodomesticos-a-caron-das-nosas-casas-e-ao-dispor-de-calquera-economia\/#article","isPartOf":{"@id":"https:\/\/www.anovapeneira.gal\/index.php\/2026\/03\/12\/master-a-guarda-e-master-tomino-a-vangarda-da-tecnoloxia-dos-electrodomesticos-a-caron-das-nosas-casas-e-ao-dispor-de-calquera-economia\/"},"author":{"name":"Redacci\u00f3n A Nova Peneira","@id":"https:\/\/www.anovapeneira.gal\/#\/schema\/person\/b93e3f8932e3f8da96334607eb6ac6aa"},"headline":"Master A Guarda e Master Tomi\u00f1o: A vangarda da tecnolox\u00eda dos electrodom\u00e9sticos a car\u00f3n das nosas casas, e ao dispor de calquera econom\u00eda.","datePublished":"2026-03-12T11:00:41+00:00","mainEntityOfPage":{"@id":"https:\/\/www.anovapeneira.gal\/index.php\/2026\/03\/12\/master-a-guarda-e-master-tomino-a-vangarda-da-tecnoloxia-dos-electrodomesticos-a-caron-das-nosas-casas-e-ao-dispor-de-calquera-economia\/"},"wordCount":1124,"commentCount":0,"publisher":{"@id":"https:\/\/www.anovapeneira.gal\/#organization"},"image":{"@id":"https:\/\/www.anovapeneira.gal\/index.php\/2026\/03\/12\/master-a-guarda-e-master-tomino-a-vangarda-da-tecnoloxia-dos-electrodomesticos-a-caron-das-nosas-casas-e-ao-dispor-de-calquera-economia\/#primaryimage"},"thumbnailUrl":"https:\/\/www.anovapeneira.gal\/wp-content\/uploads\/2026\/03\/gabino_estevez.jpg","keywords":["Concello de A Guarda"],"articleSection":["Baixo Mi\u00f1o"],"inLanguage":"gl-ES","potentialAction":[{"@type":"CommentAction","name":"Comment","target":["https:\/\/www.anovapeneira.gal\/index.php\/2026\/03\/12\/master-a-guarda-e-master-tomino-a-vangarda-da-tecnoloxia-dos-electrodomesticos-a-caron-das-nosas-casas-e-ao-dispor-de-calquera-economia\/#respond"]}]},{"@type":"WebPage","@id":"https:\/\/www.anovapeneira.gal\/index.php\/2026\/03\/12\/master-a-guarda-e-master-tomino-a-vangarda-da-tecnoloxia-dos-electrodomesticos-a-caron-das-nosas-casas-e-ao-dispor-de-calquera-economia\/","url":"https:\/\/www.anovapeneira.gal\/index.php\/2026\/03\/12\/master-a-guarda-e-master-tomino-a-vangarda-da-tecnoloxia-dos-electrodomesticos-a-caron-das-nosas-casas-e-ao-dispor-de-calquera-economia\/","name":"Master A Guarda e Master Tomi\u00f1o: A vangarda da tecnolox\u00eda dos electrodom\u00e9sticos a car\u00f3n das nosas casas, e ao dispor de calquera econom\u00eda. -","isPartOf":{"@id":"https:\/\/www.anovapeneira.gal\/#website"},"primaryImageOfPage":{"@id":"https:\/\/www.anovapeneira.gal\/index.php\/2026\/03\/12\/master-a-guarda-e-master-tomino-a-vangarda-da-tecnoloxia-dos-electrodomesticos-a-caron-das-nosas-casas-e-ao-dispor-de-calquera-economia\/#primaryimage"},"image":{"@id":"https:\/\/www.anovapeneira.gal\/index.php\/2026\/03\/12\/master-a-guarda-e-master-tomino-a-vangarda-da-tecnoloxia-dos-electrodomesticos-a-caron-das-nosas-casas-e-ao-dispor-de-calquera-economia\/#primaryimage"},"thumbnailUrl":"https:\/\/www.anovapeneira.gal\/wp-content\/uploads\/2026\/03\/gabino_estevez.jpg","datePublished":"2026-03-12T11:00:41+00:00","breadcrumb":{"@id":"https:\/\/www.anovapeneira.gal\/index.php\/2026\/03\/12\/master-a-guarda-e-master-tomino-a-vangarda-da-tecnoloxia-dos-electrodomesticos-a-caron-das-nosas-casas-e-ao-dispor-de-calquera-economia\/#breadcrumb"},"inLanguage":"gl-ES","potentialAction":[{"@type":"ReadAction","target":["https:\/\/www.anovapeneira.gal\/index.php\/2026\/03\/12\/master-a-guarda-e-master-tomino-a-vangarda-da-tecnoloxia-dos-electrodomesticos-a-caron-das-nosas-casas-e-ao-dispor-de-calquera-economia\/"]}]},{"@type":"ImageObject","inLanguage":"gl-ES","@id":"https:\/\/www.anovapeneira.gal\/index.php\/2026\/03\/12\/master-a-guarda-e-master-tomino-a-vangarda-da-tecnoloxia-dos-electrodomesticos-a-caron-das-nosas-casas-e-ao-dispor-de-calquera-economia\/#primaryimage","url":"https:\/\/www.anovapeneira.gal\/wp-content\/uploads\/2026\/03\/gabino_estevez.jpg","contentUrl":"https:\/\/www.anovapeneira.gal\/wp-content\/uploads\/2026\/03\/gabino_estevez.jpg","width":1500,"height":790},{"@type":"BreadcrumbList","@id":"https:\/\/www.anovapeneira.gal\/index.php\/2026\/03\/12\/master-a-guarda-e-master-tomino-a-vangarda-da-tecnoloxia-dos-electrodomesticos-a-caron-das-nosas-casas-e-ao-dispor-de-calquera-economia\/#breadcrumb","itemListElement":[{"@type":"ListItem","position":1,"name":"Portada","item":"https:\/\/www.anovapeneira.gal\/"},{"@type":"ListItem","position":2,"name":"Master A Guarda e Master Tomi\u00f1o: A vangarda da tecnolox\u00eda dos electrodom\u00e9sticos a car\u00f3n das nosas casas, e ao dispor de calquera econom\u00eda."}]},{"@type":"WebSite","@id":"https:\/\/www.anovapeneira.gal\/#website","url":"https:\/\/www.anovapeneira.gal\/","name":"","description":"Xornal galego de informaci\u00f3n xeral Publicaci\u00f3n mensual de novas de Galicia e en especial dos Concellos da sur da provincia de Pontevedra.","publisher":{"@id":"https:\/\/www.anovapeneira.gal\/#organization"},"potentialAction":[{"@type":"SearchAction","target":{"@type":"EntryPoint","urlTemplate":"https:\/\/www.anovapeneira.gal\/?s={search_term_string}"},"query-input":{"@type":"PropertyValueSpecification","valueRequired":true,"valueName":"search_term_string"}}],"inLanguage":"gl-ES"},{"@type":"Organization","@id":"https:\/\/www.anovapeneira.gal\/#organization","name":"A Nova Peneira","url":"https:\/\/www.anovapeneira.gal\/","logo":{"@type":"ImageObject","inLanguage":"gl-ES","@id":"https:\/\/www.anovapeneira.gal\/#\/schema\/logo\/image\/","url":"http:\/\/www.anovapeneira.gal\/wp-content\/uploads\/2019\/06\/logo_a_nova_peneira_portal_web.png","contentUrl":"http:\/\/www.anovapeneira.gal\/wp-content\/uploads\/2019\/06\/logo_a_nova_peneira_portal_web.png","width":300,"height":100,"caption":"A Nova Peneira"},"image":{"@id":"https:\/\/www.anovapeneira.gal\/#\/schema\/logo\/image\/"},"sameAs":["https:\/\/www.facebook.com\/anovapeneira","https:\/\/x.com\/APeneira"]},{"@type":"Person","@id":"https:\/\/www.anovapeneira.gal\/#\/schema\/person\/b93e3f8932e3f8da96334607eb6ac6aa","name":"Redacci\u00f3n A Nova Peneira","image":{"@type":"ImageObject","inLanguage":"gl-ES","@id":"https:\/\/secure.gravatar.com\/avatar\/c052a2551a06e23fac63626232eaa90abd78dbcf1700fc46a2b2c89fd27b735f?s=96&d=mm&r=g","url":"https:\/\/secure.gravatar.com\/avatar\/c052a2551a06e23fac63626232eaa90abd78dbcf1700fc46a2b2c89fd27b735f?s=96&d=mm&r=g","contentUrl":"https:\/\/secure.gravatar.com\/avatar\/c052a2551a06e23fac63626232eaa90abd78dbcf1700fc46a2b2c89fd27b735f?s=96&d=mm&r=g","caption":"Redacci\u00f3n A Nova Peneira"},"sameAs":["http:\/\/www.anovapeneira.gal\/"],"url":"https:\/\/www.anovapeneira.gal\/index.php\/author\/redactor\/"}]}},"jetpack_featured_media_url":"https:\/\/www.anovapeneira.gal\/wp-content\/uploads\/2026\/03\/gabino_estevez.jpg","_links":{"self":[{"href":"https:\/\/www.anovapeneira.gal\/index.php\/wp-json\/wp\/v2\/posts\/15474","targetHints":{"allow":["GET"]}}],"collection":[{"href":"https:\/\/www.anovapeneira.gal\/index.php\/wp-json\/wp\/v2\/posts"}],"about":[{"href":"https:\/\/www.anovapeneira.gal\/index.php\/wp-json\/wp\/v2\/types\/post"}],"author":[{"embeddable":true,"href":"https:\/\/www.anovapeneira.gal\/index.php\/wp-json\/wp\/v2\/users\/3"}],"replies":[{"embeddable":true,"href":"https:\/\/www.anovapeneira.gal\/index.php\/wp-json\/wp\/v2\/comments?post=15474"}],"version-history":[{"count":2,"href":"https:\/\/www.anovapeneira.gal\/index.php\/wp-json\/wp\/v2\/posts\/15474\/revisions"}],"predecessor-version":[{"id":15477,"href":"https:\/\/www.anovapeneira.gal\/index.php\/wp-json\/wp\/v2\/posts\/15474\/revisions\/15477"}],"wp:featuredmedia":[{"embeddable":true,"href":"https:\/\/www.anovapeneira.gal\/index.php\/wp-json\/wp\/v2\/media\/15476"}],"wp:attachment":[{"href":"https:\/\/www.anovapeneira.gal\/index.php\/wp-json\/wp\/v2\/media?parent=15474"}],"wp:term":[{"taxonomy":"category","embeddable":true,"href":"https:\/\/www.anovapeneira.gal\/index.php\/wp-json\/wp\/v2\/categories?post=15474"},{"taxonomy":"post_tag","embeddable":true,"href":"https:\/\/www.anovapeneira.gal\/index.php\/wp-json\/wp\/v2\/tags?post=15474"}],"curies":[{"name":"wp","href":"https:\/\/api.w.org\/{rel}","templated":true}]}}