{"id":15478,"date":"2026-03-13T10:00:56","date_gmt":"2026-03-13T09:00:56","guid":{"rendered":"https:\/\/www.anovapeneira.gal\/?p=15478"},"modified":"2026-03-10T11:34:22","modified_gmt":"2026-03-10T10:34:22","slug":"son-galiza","status":"publish","type":"post","link":"https:\/\/www.anovapeneira.gal\/index.php\/2026\/03\/13\/son-galiza\/","title":{"rendered":"Son Galiza"},"content":{"rendered":"\n<p><strong>A Nova Peneira e Hermes&amp;Atenea son publicaci\u00f3ns cuxos alicerces est\u00e1n na cultura popular do noso pobo, o pobo galego. Mergull\u00e1monos ata o m\u00e1is profundo para darmos a co\u00f1ecer as expresi\u00f3ns culturais de base, aquelas que non precisan da subvenci\u00f3n do poder para vivir. Somos pobo,deb\u00e9monos ao pobo e ao pobo queremos darlle voz. Neste sentido imos iniciar hoxe unha nova xeira de entrevistas e reportaxes musicais, chamada Son Galiza, que te\u00f1en por obxecto dar a co\u00f1ecer grupos de rock do pa\u00eds galego. Grupos que pos\u00faen unha enorme calidade e talento en todas e todos os seus compo\u00f1entes e que merecen moitas m\u00e1is oportunidades para podelo desenvolver. Comezamos a viaxe falando cos compo\u00f1entes da banda:<\/strong><\/p>\n\n\n\n<h2 class=\"wp-block-heading\"><strong>Perro Futuro<\/strong><\/h2>\n\n\n\n<p><em><strong>A banda est\u00e1 formada por Suso (bater\u00eda), Diego (voz e baixo) e Xo\u00e1n (guitarra). Eles apostan por un rock directo, sen artificios, que bebe do punk e da actitude m\u00e1is falcatrueira do x\u00e9nero.<\/strong><\/em><\/p>\n\n\n\n<p>\u201c<em><strong>O rock \u00e9 unha forma de vida e queremos facelo sinxelo e directo\u201d<\/strong><\/em><\/p>\n\n\n\n<p><strong>Para empezar, present\u00e1devos.<\/strong><\/p>\n\n\n\n<blockquote class=\"wp-block-quote is-layout-flow wp-block-quote-is-layout-flow\">\n<p>Eu son Suso e son o bater\u00eda de Perro Futuro.<\/p>\n\n\n\n<p>Eu son Diego, cantante e baixista.<\/p>\n\n\n\n<p>Eu son Xo\u00e1n, guitarrista.<\/p>\n<\/blockquote>\n\n\n\n<p><strong>Sodes de lugares distintos.<\/strong> <strong>Como facedes para ensaiar estando cada un nun sitio?<\/strong><\/p>\n\n\n\n<blockquote class=\"wp-block-quote is-layout-flow wp-block-quote-is-layout-flow\">\n<p>Eu son de Ferrol de nacemento pero leva xa media vida en Ponferrada. Outros est\u00e1n en Vigo. Iso obr\u00edganos a adaptarnos.<\/p>\n<\/blockquote>\n\n\n\n<blockquote class=\"wp-block-quote is-layout-flow wp-block-quote-is-layout-flow\">\n<p>Pois mira, eu son traballador e eles tam\u00e9n. Hoxe en d\u00eda, co env\u00edo de pistas de audio, podemos ensaiar a distancia. Eu gravo bater\u00edas, eles gravan no estudo de Diego, Xo\u00e1n mesmo grava na casa. Pas\u00e1monos as pistas e imos montando os temas. Nunca ensaiamos xuntos de continuo, fac\u00e9molo de vez en cando, sobre todo cando hai concertos \u00e1 vista e bolos intentamos xuntarnos unha vez ao mes.<\/p>\n<\/blockquote>\n\n\n\n<blockquote class=\"wp-block-quote is-layout-flow wp-block-quote-is-layout-flow\">\n<p>A tecnolox\u00eda fai que unha banda coma a nosa que non comparte local de ensaio de maneira habitual, poida traballar a distancia. \u00c9 cuesti\u00f3n de organizaci\u00f3n e ganas.<\/p>\n<\/blockquote>\n\n\n\n<p><strong>Hai vinculaci\u00f3n con Redondela, non Suso?<\/strong><\/p>\n\n\n\n<blockquote class=\"wp-block-quote is-layout-flow wp-block-quote-is-layout-flow\">\n<p>Redondela para min \u00e9 unha segunda casa. Aqu\u00ed foi onde tiven a primeira banda seria. Os da banda seguimos sendo colegas, hai un v\u00ednculo especial.<\/p>\n<\/blockquote>\n\n\n\n<p><strong>Unha pregunta clara: por que Perro Futuro?<\/strong><\/p>\n\n\n\n<blockquote class=\"wp-block-quote is-layout-flow wp-block-quote-is-layout-flow\">\n<p>Diego: Non o sabemos moi ben (risas). V\u00e9n dunha conversa na casa, falando de cando tiveramos \u201co noso perro futuro\u201d. Literalmente era iso, pero gustounos como soaba. Despois vimos que ti\u00f1a dobre sentido: o futuro \u00e9 \u201cperro\u201d, algo incerto, algo canalla\u2026 e tam\u00e9n hai referencias como Radio Futura ou Juan Perro. Ten ese xogo.<\/p>\n<\/blockquote>\n\n\n\n<blockquote class=\"wp-block-quote is-layout-flow wp-block-quote-is-layout-flow\">\n<p>Incluso un d\u00eda nun concerto algu\u00e9n nos preguntou se eramos unha banda tributo de Juan Perro (risas). Non o pensaramos as\u00ed.<\/p>\n<\/blockquote>\n\n\n\n<blockquote class=\"wp-block-quote is-layout-flow wp-block-quote-is-layout-flow\">\n<p>Gustounos como funcionaba o nome e quedou.<\/p>\n<\/blockquote>\n\n\n\n<p><strong>Como xorde o grupo?<\/strong><\/p>\n\n\n\n<blockquote class=\"wp-block-quote is-layout-flow wp-block-quote-is-layout-flow\">\n<p>N\u00f3s xa tocaramos xuntos antes en Autop\u00eda. Ti\u00f1amos outro bater\u00eda que no ver\u00e1n tocaba nunha orquestra familiar e sempre hab\u00eda problemas de compatibilidade. No ver\u00e1n, que \u00e9 cando m\u00e1is actividade hai, quedabamos colgados. Buscamos algu\u00e9n que puidera substitu\u00edlo e, despois de chamar a moita xente, demos con Suso.<\/p>\n<\/blockquote>\n\n\n\n<blockquote class=\"wp-block-quote is-layout-flow wp-block-quote-is-layout-flow\">\n<p>Foi a \u00faltima hora, case, pero dende o primeiro momento houbo bo feeling. Fixemos alg\u00fan concerto xuntos e despois decidimos montar algo novo xa m\u00e1is estable.<\/p>\n<\/blockquote>\n\n\n\n<p><strong>Como definiriades a vosa m\u00fasica?<\/strong><\/p>\n\n\n\n<blockquote class=\"wp-block-quote is-layout-flow wp-block-quote-is-layout-flow\">\n<p>Rock sinxelo, directo, entre serio e tru\u00e1n.<\/p>\n<\/blockquote>\n\n\n\n<blockquote class=\"wp-block-quote is-layout-flow wp-block-quote-is-layout-flow\">\n<p>Intentamos facer canci\u00f3ns sinxelas, que funcionen en directo. Cada vez buscamos m\u00e1is simplicidade nun momento no que moitas produci\u00f3ns musicais apostan pola sofisticaci\u00f3n. \u00c1s veces d\u00e1 a sensaci\u00f3n de que todo est\u00e1 moi producido, moi cargado. N\u00f3s queremos recuperar esa frescura m\u00e1is b\u00e1sica da rock dos anos 80.<\/p>\n<\/blockquote>\n\n\n\n<blockquote class=\"wp-block-quote is-layout-flow wp-block-quote-is-layout-flow\">\n<p>O rock quizais nunca tivo que sa\u00edr do underground. Sempre haber\u00e1 cousas pequenas por a\u00ed. Todos os grupos comezan nalg\u00fan sitio.<\/p>\n<\/blockquote>\n\n\n\n<p><strong>\u00c9 un pouco ir contra corrente, non? Agora todo est\u00e1 moi producido, moi sofisticado\u2026<\/strong><\/p>\n\n\n\n<blockquote class=\"wp-block-quote is-layout-flow wp-block-quote-is-layout-flow\">\n<p>O rock segue sendo unha cuesti\u00f3n de actitude m\u00e1is que de est\u00e9tica. \u201cO rock \u00e9 unha forma de vida\u201d.<\/p>\n<\/blockquote>\n\n\n\n<blockquote class=\"wp-block-quote is-layout-flow wp-block-quote-is-layout-flow\">\n<p>Agora facemos intercambio con outras bandas e para este ver\u00e1n ofrec\u00e9ronos tocar con Carlos Balacera. Intentamos traer grupos a Redondela, colaborar, botarnos unha man. Ao final \u00e9 facer rede, porque n\u00f3s temos contactos que outros non te\u00f1en e viceversa.<\/p>\n<\/blockquote>\n\n\n\n<p><strong>Hai relevo xeracional nos concertos?<\/strong><\/p>\n\n\n\n<blockquote class=\"wp-block-quote is-layout-flow wp-block-quote-is-layout-flow\">\n<p>Malia que parte do p\u00fablico adoita ser da nosa xeraci\u00f3n, ultimamente estamos vendo rapazada nova, saltando e desfrutando. Iso d\u00e1 moito \u00e1nimo. Ao final, se queremos que haxa escena, hai que coidala.<\/p>\n<\/blockquote>\n\n\n\n<blockquote class=\"wp-block-quote is-layout-flow wp-block-quote-is-layout-flow\">\n<p>Eu, por exemplo, que dou clases de bater\u00eda, intento meterlle aos pais na cabeza que traian os fillos aos concertos. Se hai entrada gratu\u00edta para menores, mellor. Hai que crear costume. Non pode ser que s\u00f3 vaian os pais tomar a cervexa e deixen os rapaces na casa co reggaet\u00f3n. A m\u00fasica en directo \u00e9 unha experiencia que hai que vivir, ver tocar a bater\u00eda en directo engancha.<\/p>\n<\/blockquote>\n\n\n\n<blockquote class=\"wp-block-quote is-layout-flow wp-block-quote-is-layout-flow\">\n<p>Ao final tam\u00e9n \u00e9 responsabilidade nosa, a rapazada movese moito nas redes e isto temos que facelo n\u00f3s tam\u00e9n, promocionar, insistir. E deixarlles o acceso gratu\u00edto para vernos en directo, porque aso 16 anos non se ten pasta para pagar entradas.<\/p>\n<\/blockquote>\n\n\n\n<p><strong>Como vivides os concertos?<\/strong><\/p>\n\n\n\n<blockquote class=\"wp-block-quote is-layout-flow wp-block-quote-is-layout-flow\">\n<p>Cando te metes nun grupo pensan en pasalo ben e desfrutar. Con temas directos, enerx\u00eda sobre o escenario e unha filosof\u00eda clara. A proximidade da xente en sitios pequenos, tocas horas sen deixar de sentilo. Persoalmente non vexo a mi\u00f1a vida sen unha guitarra. Tocar para a xente \u00e9 evadirte dos problemas e responsabilidades, desfrutar do momento e desfrutar da xente que te ven a ver tocar.<\/p>\n<\/blockquote>\n\n\n\n<p><strong>Toda a m\u00fasica que tocades \u00e9 vosa?<\/strong><\/p>\n\n\n\n<blockquote class=\"wp-block-quote is-layout-flow wp-block-quote-is-layout-flow\">\n<p>Facemos versi\u00f3n e tocamos a nosa m\u00fasica a, as d\u00faas cousas, pero todo o que se escoita \u00e9 producido e gravado por n\u00f3s.<\/p>\n<\/blockquote>\n\n\n\n<p><strong>P\u00f3dese vivir da m\u00fasica?<\/strong><\/p>\n\n\n\n<blockquote class=\"wp-block-quote is-layout-flow wp-block-quote-is-layout-flow\">\n<p>P\u00f3dese, n\u00f3s vivimos disto pero temos que diversificar. Eu dou clases, outros compaxinan con tributos ou en verbenas.<\/p>\n<\/blockquote>\n\n\n\n<figure class=\"wp-block-embed is-type-video is-provider-youtube wp-block-embed-youtube wp-embed-aspect-16-9 wp-has-aspect-ratio\"><div class=\"wp-block-embed__wrapper\">\n<iframe loading=\"lazy\" title=\"Perro Futuro - Volveremos Fuertes (Videoclip oficial)\" width=\"500\" height=\"281\" src=\"https:\/\/www.youtube.com\/embed\/aG159k3iMv8?feature=oembed\" frameborder=\"0\" allow=\"accelerometer; autoplay; clipboard-write; encrypted-media; gyroscope; picture-in-picture; web-share\" referrerpolicy=\"strict-origin-when-cross-origin\" allowfullscreen><\/iframe>\n<\/div><\/figure>\n","protected":false},"excerpt":{"rendered":"<div class=\"mh-excerpt\"><p>A Nova Peneira e Hermes&#038;Atenea son publicaci\u00f3ns cuxos alicerces est\u00e1n na cultura popular do noso pobo, o pobo galego <a class=\"mh-excerpt-more\" href=\"https:\/\/www.anovapeneira.gal\/index.php\/2026\/03\/13\/son-galiza\/\" title=\"Son Galiza\">[&#8230;]<\/a><\/p>\n<\/div>","protected":false},"author":6,"featured_media":15480,"comment_status":"open","ping_status":"open","sticky":false,"template":"","format":"standard","meta":{"_exactmetrics_skip_tracking":false,"_exactmetrics_sitenote_active":false,"_exactmetrics_sitenote_note":"","_exactmetrics_sitenote_category":0,"footnotes":""},"categories":[1],"tags":[],"class_list":{"0":"post-15478","1":"post","2":"type-post","3":"status-publish","4":"format-standard","5":"has-post-thumbnail","7":"category-sin-categoria"},"yoast_head":"<!-- This site is optimized with the Yoast SEO plugin v27.4 - https:\/\/yoast.com\/product\/yoast-seo-wordpress\/ -->\n<title>Son Galiza -<\/title>\n<meta name=\"robots\" content=\"index, follow, max-snippet:-1, max-image-preview:large, max-video-preview:-1\" \/>\n<link rel=\"canonical\" href=\"https:\/\/www.anovapeneira.gal\/index.php\/2026\/03\/13\/son-galiza\/\" \/>\n<meta property=\"og:locale\" content=\"gl_ES\" \/>\n<meta property=\"og:type\" content=\"article\" \/>\n<meta property=\"og:title\" content=\"Son Galiza -\" \/>\n<meta property=\"og:description\" content=\"A Nova Peneira e Hermes&amp;Atenea son publicaci\u00f3ns cuxos alicerces est\u00e1n na cultura popular do noso pobo, o pobo galego [...]\" \/>\n<meta property=\"og:url\" content=\"https:\/\/www.anovapeneira.gal\/index.php\/2026\/03\/13\/son-galiza\/\" \/>\n<meta property=\"article:publisher\" content=\"https:\/\/www.facebook.com\/anovapeneira\" \/>\n<meta property=\"article:published_time\" content=\"2026-03-13T09:00:56+00:00\" \/>\n<meta property=\"og:image\" content=\"https:\/\/www.anovapeneira.gal\/wp-content\/uploads\/2026\/03\/perro_futuro.jpg\" \/>\n\t<meta property=\"og:image:width\" content=\"720\" \/>\n\t<meta property=\"og:image:height\" content=\"432\" \/>\n\t<meta property=\"og:image:type\" content=\"image\/jpeg\" \/>\n<meta name=\"author\" content=\"Marcos Santos\" \/>\n<meta name=\"twitter:card\" content=\"summary_large_image\" \/>\n<meta name=\"twitter:creator\" content=\"@APeneira\" \/>\n<meta name=\"twitter:site\" content=\"@APeneira\" \/>\n<meta name=\"twitter:label1\" content=\"Escrito por\" \/>\n\t<meta name=\"twitter:data1\" content=\"Marcos Santos\" \/>\n\t<meta name=\"twitter:label2\" content=\"Tempo de lectura\" \/>\n\t<meta name=\"twitter:data2\" content=\"2 minutos\" \/>\n<script type=\"application\/ld+json\" class=\"yoast-schema-graph\">{\"@context\":\"https:\\\/\\\/schema.org\",\"@graph\":[{\"@type\":\"Article\",\"@id\":\"https:\\\/\\\/www.anovapeneira.gal\\\/index.php\\\/2026\\\/03\\\/13\\\/son-galiza\\\/#article\",\"isPartOf\":{\"@id\":\"https:\\\/\\\/www.anovapeneira.gal\\\/index.php\\\/2026\\\/03\\\/13\\\/son-galiza\\\/\"},\"author\":{\"name\":\"Marcos Santos\",\"@id\":\"https:\\\/\\\/www.anovapeneira.gal\\\/#\\\/schema\\\/person\\\/d9d84823564720e7593293bab054e52d\"},\"headline\":\"Son Galiza\",\"datePublished\":\"2026-03-13T09:00:56+00:00\",\"mainEntityOfPage\":{\"@id\":\"https:\\\/\\\/www.anovapeneira.gal\\\/index.php\\\/2026\\\/03\\\/13\\\/son-galiza\\\/\"},\"wordCount\":1029,\"commentCount\":0,\"publisher\":{\"@id\":\"https:\\\/\\\/www.anovapeneira.gal\\\/#organization\"},\"image\":{\"@id\":\"https:\\\/\\\/www.anovapeneira.gal\\\/index.php\\\/2026\\\/03\\\/13\\\/son-galiza\\\/#primaryimage\"},\"thumbnailUrl\":\"https:\\\/\\\/www.anovapeneira.gal\\\/wp-content\\\/uploads\\\/2026\\\/03\\\/perro_futuro.jpg\",\"articleSection\":[\"Sin categor\u00eda\"],\"inLanguage\":\"gl-ES\",\"potentialAction\":[{\"@type\":\"CommentAction\",\"name\":\"Comment\",\"target\":[\"https:\\\/\\\/www.anovapeneira.gal\\\/index.php\\\/2026\\\/03\\\/13\\\/son-galiza\\\/#respond\"]}]},{\"@type\":\"WebPage\",\"@id\":\"https:\\\/\\\/www.anovapeneira.gal\\\/index.php\\\/2026\\\/03\\\/13\\\/son-galiza\\\/\",\"url\":\"https:\\\/\\\/www.anovapeneira.gal\\\/index.php\\\/2026\\\/03\\\/13\\\/son-galiza\\\/\",\"name\":\"Son Galiza -\",\"isPartOf\":{\"@id\":\"https:\\\/\\\/www.anovapeneira.gal\\\/#website\"},\"primaryImageOfPage\":{\"@id\":\"https:\\\/\\\/www.anovapeneira.gal\\\/index.php\\\/2026\\\/03\\\/13\\\/son-galiza\\\/#primaryimage\"},\"image\":{\"@id\":\"https:\\\/\\\/www.anovapeneira.gal\\\/index.php\\\/2026\\\/03\\\/13\\\/son-galiza\\\/#primaryimage\"},\"thumbnailUrl\":\"https:\\\/\\\/www.anovapeneira.gal\\\/wp-content\\\/uploads\\\/2026\\\/03\\\/perro_futuro.jpg\",\"datePublished\":\"2026-03-13T09:00:56+00:00\",\"breadcrumb\":{\"@id\":\"https:\\\/\\\/www.anovapeneira.gal\\\/index.php\\\/2026\\\/03\\\/13\\\/son-galiza\\\/#breadcrumb\"},\"inLanguage\":\"gl-ES\",\"potentialAction\":[{\"@type\":\"ReadAction\",\"target\":[\"https:\\\/\\\/www.anovapeneira.gal\\\/index.php\\\/2026\\\/03\\\/13\\\/son-galiza\\\/\"]}]},{\"@type\":\"ImageObject\",\"inLanguage\":\"gl-ES\",\"@id\":\"https:\\\/\\\/www.anovapeneira.gal\\\/index.php\\\/2026\\\/03\\\/13\\\/son-galiza\\\/#primaryimage\",\"url\":\"https:\\\/\\\/www.anovapeneira.gal\\\/wp-content\\\/uploads\\\/2026\\\/03\\\/perro_futuro.jpg\",\"contentUrl\":\"https:\\\/\\\/www.anovapeneira.gal\\\/wp-content\\\/uploads\\\/2026\\\/03\\\/perro_futuro.jpg\",\"width\":720,\"height\":432},{\"@type\":\"BreadcrumbList\",\"@id\":\"https:\\\/\\\/www.anovapeneira.gal\\\/index.php\\\/2026\\\/03\\\/13\\\/son-galiza\\\/#breadcrumb\",\"itemListElement\":[{\"@type\":\"ListItem\",\"position\":1,\"name\":\"Portada\",\"item\":\"https:\\\/\\\/www.anovapeneira.gal\\\/\"},{\"@type\":\"ListItem\",\"position\":2,\"name\":\"Son Galiza\"}]},{\"@type\":\"WebSite\",\"@id\":\"https:\\\/\\\/www.anovapeneira.gal\\\/#website\",\"url\":\"https:\\\/\\\/www.anovapeneira.gal\\\/\",\"name\":\"\",\"description\":\"Xornal galego de informaci\u00f3n xeral Publicaci\u00f3n mensual de novas de Galicia e en especial dos Concellos da sur da provincia de Pontevedra.\",\"publisher\":{\"@id\":\"https:\\\/\\\/www.anovapeneira.gal\\\/#organization\"},\"potentialAction\":[{\"@type\":\"SearchAction\",\"target\":{\"@type\":\"EntryPoint\",\"urlTemplate\":\"https:\\\/\\\/www.anovapeneira.gal\\\/?s={search_term_string}\"},\"query-input\":{\"@type\":\"PropertyValueSpecification\",\"valueRequired\":true,\"valueName\":\"search_term_string\"}}],\"inLanguage\":\"gl-ES\"},{\"@type\":\"Organization\",\"@id\":\"https:\\\/\\\/www.anovapeneira.gal\\\/#organization\",\"name\":\"A Nova Peneira\",\"url\":\"https:\\\/\\\/www.anovapeneira.gal\\\/\",\"logo\":{\"@type\":\"ImageObject\",\"inLanguage\":\"gl-ES\",\"@id\":\"https:\\\/\\\/www.anovapeneira.gal\\\/#\\\/schema\\\/logo\\\/image\\\/\",\"url\":\"http:\\\/\\\/www.anovapeneira.gal\\\/wp-content\\\/uploads\\\/2019\\\/06\\\/logo_a_nova_peneira_portal_web.png\",\"contentUrl\":\"http:\\\/\\\/www.anovapeneira.gal\\\/wp-content\\\/uploads\\\/2019\\\/06\\\/logo_a_nova_peneira_portal_web.png\",\"width\":300,\"height\":100,\"caption\":\"A Nova Peneira\"},\"image\":{\"@id\":\"https:\\\/\\\/www.anovapeneira.gal\\\/#\\\/schema\\\/logo\\\/image\\\/\"},\"sameAs\":[\"https:\\\/\\\/www.facebook.com\\\/anovapeneira\",\"https:\\\/\\\/x.com\\\/APeneira\"]},{\"@type\":\"Person\",\"@id\":\"https:\\\/\\\/www.anovapeneira.gal\\\/#\\\/schema\\\/person\\\/d9d84823564720e7593293bab054e52d\",\"name\":\"Marcos Santos\",\"image\":{\"@type\":\"ImageObject\",\"inLanguage\":\"gl-ES\",\"@id\":\"https:\\\/\\\/secure.gravatar.com\\\/avatar\\\/0e8017099a7a47c0a9d2275e865fe326484561eb3d70649069e4b8e61a8d2e8c?s=96&d=mm&r=g\",\"url\":\"https:\\\/\\\/secure.gravatar.com\\\/avatar\\\/0e8017099a7a47c0a9d2275e865fe326484561eb3d70649069e4b8e61a8d2e8c?s=96&d=mm&r=g\",\"contentUrl\":\"https:\\\/\\\/secure.gravatar.com\\\/avatar\\\/0e8017099a7a47c0a9d2275e865fe326484561eb3d70649069e4b8e61a8d2e8c?s=96&d=mm&r=g\",\"caption\":\"Marcos Santos\"},\"sameAs\":[\"http:\\\/\\\/anovapeneira.gal\"],\"url\":\"https:\\\/\\\/www.anovapeneira.gal\\\/index.php\\\/author\\\/marcos-santos\\\/\"}]}<\/script>\n<!-- \/ Yoast SEO plugin. -->","yoast_head_json":{"title":"Son Galiza -","robots":{"index":"index","follow":"follow","max-snippet":"max-snippet:-1","max-image-preview":"max-image-preview:large","max-video-preview":"max-video-preview:-1"},"canonical":"https:\/\/www.anovapeneira.gal\/index.php\/2026\/03\/13\/son-galiza\/","og_locale":"gl_ES","og_type":"article","og_title":"Son Galiza -","og_description":"A Nova Peneira e Hermes&Atenea son publicaci\u00f3ns cuxos alicerces est\u00e1n na cultura popular do noso pobo, o pobo galego [...]","og_url":"https:\/\/www.anovapeneira.gal\/index.php\/2026\/03\/13\/son-galiza\/","article_publisher":"https:\/\/www.facebook.com\/anovapeneira","article_published_time":"2026-03-13T09:00:56+00:00","og_image":[{"width":720,"height":432,"url":"https:\/\/www.anovapeneira.gal\/wp-content\/uploads\/2026\/03\/perro_futuro.jpg","type":"image\/jpeg"}],"author":"Marcos Santos","twitter_card":"summary_large_image","twitter_creator":"@APeneira","twitter_site":"@APeneira","twitter_misc":{"Escrito por":"Marcos Santos","Tempo de lectura":"2 minutos"},"schema":{"@context":"https:\/\/schema.org","@graph":[{"@type":"Article","@id":"https:\/\/www.anovapeneira.gal\/index.php\/2026\/03\/13\/son-galiza\/#article","isPartOf":{"@id":"https:\/\/www.anovapeneira.gal\/index.php\/2026\/03\/13\/son-galiza\/"},"author":{"name":"Marcos Santos","@id":"https:\/\/www.anovapeneira.gal\/#\/schema\/person\/d9d84823564720e7593293bab054e52d"},"headline":"Son Galiza","datePublished":"2026-03-13T09:00:56+00:00","mainEntityOfPage":{"@id":"https:\/\/www.anovapeneira.gal\/index.php\/2026\/03\/13\/son-galiza\/"},"wordCount":1029,"commentCount":0,"publisher":{"@id":"https:\/\/www.anovapeneira.gal\/#organization"},"image":{"@id":"https:\/\/www.anovapeneira.gal\/index.php\/2026\/03\/13\/son-galiza\/#primaryimage"},"thumbnailUrl":"https:\/\/www.anovapeneira.gal\/wp-content\/uploads\/2026\/03\/perro_futuro.jpg","articleSection":["Sin categor\u00eda"],"inLanguage":"gl-ES","potentialAction":[{"@type":"CommentAction","name":"Comment","target":["https:\/\/www.anovapeneira.gal\/index.php\/2026\/03\/13\/son-galiza\/#respond"]}]},{"@type":"WebPage","@id":"https:\/\/www.anovapeneira.gal\/index.php\/2026\/03\/13\/son-galiza\/","url":"https:\/\/www.anovapeneira.gal\/index.php\/2026\/03\/13\/son-galiza\/","name":"Son Galiza -","isPartOf":{"@id":"https:\/\/www.anovapeneira.gal\/#website"},"primaryImageOfPage":{"@id":"https:\/\/www.anovapeneira.gal\/index.php\/2026\/03\/13\/son-galiza\/#primaryimage"},"image":{"@id":"https:\/\/www.anovapeneira.gal\/index.php\/2026\/03\/13\/son-galiza\/#primaryimage"},"thumbnailUrl":"https:\/\/www.anovapeneira.gal\/wp-content\/uploads\/2026\/03\/perro_futuro.jpg","datePublished":"2026-03-13T09:00:56+00:00","breadcrumb":{"@id":"https:\/\/www.anovapeneira.gal\/index.php\/2026\/03\/13\/son-galiza\/#breadcrumb"},"inLanguage":"gl-ES","potentialAction":[{"@type":"ReadAction","target":["https:\/\/www.anovapeneira.gal\/index.php\/2026\/03\/13\/son-galiza\/"]}]},{"@type":"ImageObject","inLanguage":"gl-ES","@id":"https:\/\/www.anovapeneira.gal\/index.php\/2026\/03\/13\/son-galiza\/#primaryimage","url":"https:\/\/www.anovapeneira.gal\/wp-content\/uploads\/2026\/03\/perro_futuro.jpg","contentUrl":"https:\/\/www.anovapeneira.gal\/wp-content\/uploads\/2026\/03\/perro_futuro.jpg","width":720,"height":432},{"@type":"BreadcrumbList","@id":"https:\/\/www.anovapeneira.gal\/index.php\/2026\/03\/13\/son-galiza\/#breadcrumb","itemListElement":[{"@type":"ListItem","position":1,"name":"Portada","item":"https:\/\/www.anovapeneira.gal\/"},{"@type":"ListItem","position":2,"name":"Son Galiza"}]},{"@type":"WebSite","@id":"https:\/\/www.anovapeneira.gal\/#website","url":"https:\/\/www.anovapeneira.gal\/","name":"","description":"Xornal galego de informaci\u00f3n xeral Publicaci\u00f3n mensual de novas de Galicia e en especial dos Concellos da sur da provincia de Pontevedra.","publisher":{"@id":"https:\/\/www.anovapeneira.gal\/#organization"},"potentialAction":[{"@type":"SearchAction","target":{"@type":"EntryPoint","urlTemplate":"https:\/\/www.anovapeneira.gal\/?s={search_term_string}"},"query-input":{"@type":"PropertyValueSpecification","valueRequired":true,"valueName":"search_term_string"}}],"inLanguage":"gl-ES"},{"@type":"Organization","@id":"https:\/\/www.anovapeneira.gal\/#organization","name":"A Nova Peneira","url":"https:\/\/www.anovapeneira.gal\/","logo":{"@type":"ImageObject","inLanguage":"gl-ES","@id":"https:\/\/www.anovapeneira.gal\/#\/schema\/logo\/image\/","url":"http:\/\/www.anovapeneira.gal\/wp-content\/uploads\/2019\/06\/logo_a_nova_peneira_portal_web.png","contentUrl":"http:\/\/www.anovapeneira.gal\/wp-content\/uploads\/2019\/06\/logo_a_nova_peneira_portal_web.png","width":300,"height":100,"caption":"A Nova Peneira"},"image":{"@id":"https:\/\/www.anovapeneira.gal\/#\/schema\/logo\/image\/"},"sameAs":["https:\/\/www.facebook.com\/anovapeneira","https:\/\/x.com\/APeneira"]},{"@type":"Person","@id":"https:\/\/www.anovapeneira.gal\/#\/schema\/person\/d9d84823564720e7593293bab054e52d","name":"Marcos Santos","image":{"@type":"ImageObject","inLanguage":"gl-ES","@id":"https:\/\/secure.gravatar.com\/avatar\/0e8017099a7a47c0a9d2275e865fe326484561eb3d70649069e4b8e61a8d2e8c?s=96&d=mm&r=g","url":"https:\/\/secure.gravatar.com\/avatar\/0e8017099a7a47c0a9d2275e865fe326484561eb3d70649069e4b8e61a8d2e8c?s=96&d=mm&r=g","contentUrl":"https:\/\/secure.gravatar.com\/avatar\/0e8017099a7a47c0a9d2275e865fe326484561eb3d70649069e4b8e61a8d2e8c?s=96&d=mm&r=g","caption":"Marcos Santos"},"sameAs":["http:\/\/anovapeneira.gal"],"url":"https:\/\/www.anovapeneira.gal\/index.php\/author\/marcos-santos\/"}]}},"jetpack_featured_media_url":"https:\/\/www.anovapeneira.gal\/wp-content\/uploads\/2026\/03\/perro_futuro.jpg","_links":{"self":[{"href":"https:\/\/www.anovapeneira.gal\/index.php\/wp-json\/wp\/v2\/posts\/15478","targetHints":{"allow":["GET"]}}],"collection":[{"href":"https:\/\/www.anovapeneira.gal\/index.php\/wp-json\/wp\/v2\/posts"}],"about":[{"href":"https:\/\/www.anovapeneira.gal\/index.php\/wp-json\/wp\/v2\/types\/post"}],"author":[{"embeddable":true,"href":"https:\/\/www.anovapeneira.gal\/index.php\/wp-json\/wp\/v2\/users\/6"}],"replies":[{"embeddable":true,"href":"https:\/\/www.anovapeneira.gal\/index.php\/wp-json\/wp\/v2\/comments?post=15478"}],"version-history":[{"count":1,"href":"https:\/\/www.anovapeneira.gal\/index.php\/wp-json\/wp\/v2\/posts\/15478\/revisions"}],"predecessor-version":[{"id":15479,"href":"https:\/\/www.anovapeneira.gal\/index.php\/wp-json\/wp\/v2\/posts\/15478\/revisions\/15479"}],"wp:featuredmedia":[{"embeddable":true,"href":"https:\/\/www.anovapeneira.gal\/index.php\/wp-json\/wp\/v2\/media\/15480"}],"wp:attachment":[{"href":"https:\/\/www.anovapeneira.gal\/index.php\/wp-json\/wp\/v2\/media?parent=15478"}],"wp:term":[{"taxonomy":"category","embeddable":true,"href":"https:\/\/www.anovapeneira.gal\/index.php\/wp-json\/wp\/v2\/categories?post=15478"},{"taxonomy":"post_tag","embeddable":true,"href":"https:\/\/www.anovapeneira.gal\/index.php\/wp-json\/wp\/v2\/tags?post=15478"}],"curies":[{"name":"wp","href":"https:\/\/api.w.org\/{rel}","templated":true}]}}