{"id":15481,"date":"2026-03-13T12:00:59","date_gmt":"2026-03-13T11:00:59","guid":{"rendered":"https:\/\/www.anovapeneira.gal\/?p=15481"},"modified":"2026-03-10T11:34:33","modified_gmt":"2026-03-10T10:34:33","slug":"o-actor-das-neves-juan-luis-lage-representa-no-auditorio-do-concello","status":"publish","type":"post","link":"https:\/\/www.anovapeneira.gal\/index.php\/2026\/03\/13\/o-actor-das-neves-juan-luis-lage-representa-no-auditorio-do-concello\/","title":{"rendered":"O Actor das Neves Juan Luis Lage representa no auditorio do Concello"},"content":{"rendered":"\n<p><strong>O pasado domingo 8 de febreiro o actor das Neves Juan Luis Lage representou no auditorio municipal a obra \u201c Parece que foi Schr\u00f6dinger\u201d. Esta \u00e9 unha obra de grande complexidade t\u00e9cnica na que un s\u00f3 actor ten que asumir cinco papeis diferentes, todos eles moi distintos entre si, nun moi curto espazo de tempo, pois a duraci\u00f3n da obra \u00e9 de entre 30 e 45 minutos. O \u00e9xito da funci\u00f3n foi notable. O auditorio Jose Gil estivo practicamente ateigado de p\u00fablico que gozou coa grande calidade interpretativa deste mozo das Neves que con moito talento e ilusi\u00f3n pretende facerse un oco no dif\u00edcil mundo da interpretaci\u00f3n ata poder converter a s\u00faa paix\u00f3n, interpretar, na s\u00faa forma de ga\u00f1arse a vida.<\/strong><\/p>\n\n\n\n<p><strong>N\u00f3s aproveitamos a representaci\u00f3n para conversar con el sobre esa funci\u00f3n en particular, e sobre os seus plans de futuro no mundo do teatro.<\/strong><\/p>\n\n\n\n<h2 class=\"wp-block-heading\">\u201c<strong>A valoraci\u00f3n da representaci\u00f3n foi enormemente positiva. Encantar\u00edame repetir pronto\u201d<\/strong><\/h2>\n\n\n\n<p><strong>No mes de febreiro fixeches unha representaci\u00f3n no auditorio de As Neves. Que obra foi ?<\/strong><\/p>\n\n\n\n<blockquote class=\"wp-block-quote is-layout-flow wp-block-quote-is-layout-flow\">\n<p>Representei a obra \u201cParece que foi Schr\u00f6dinger\u201d.Fix\u00e9mola a trav\u00e9s do circu\u00edto \u201c M\u00e1is esc\u00e9nicas\u201d, un programa da DEPO. Contratoume o Concello de As Neves<\/p>\n<\/blockquote>\n\n\n\n<p><strong>A valoraci\u00f3n?<\/strong><\/p>\n\n\n\n<blockquote class=\"wp-block-quote is-layout-flow wp-block-quote-is-layout-flow\">\n<p>Enormemente positiva. Superou as mi\u00f1as expectativas. O auditorio do Concello estaba practicamente cheo.<\/p>\n<\/blockquote>\n\n\n\n<p><strong>A representaci\u00f3n fix\u00e9chela ti s\u00f3, ou con m\u00e1is actores ou actrices?<\/strong><\/p>\n\n\n\n<blockquote class=\"wp-block-quote is-layout-flow wp-block-quote-is-layout-flow\">\n<p>F\u00edxena eu s\u00f3<\/p>\n<\/blockquote>\n\n\n\n<p><strong>Caramba, e canto dura a representaci\u00f3n?<\/strong><\/p>\n\n\n\n<blockquote class=\"wp-block-quote is-layout-flow wp-block-quote-is-layout-flow\">\n<p>A idea \u00e9 que dure arredor de 45 minutos. Ese d\u00eda durou sobre 30,porque o primeiro d\u00eda de representaci\u00f3n os tempos son un pouco m\u00e1is complicados.<\/p>\n<\/blockquote>\n\n\n\n<p><strong>Non \u00e9 un pouco complicado para un actor representar el s\u00f3?<\/strong><\/p>\n\n\n\n<blockquote class=\"wp-block-quote is-layout-flow wp-block-quote-is-layout-flow\">\n<p>Pode parecer que si. Pero en realidade para min \u00e9 m\u00e1is c\u00f3modo porque non dependo de ningu\u00e9n para os ensaios.<\/p>\n<\/blockquote>\n\n\n\n<p><strong>O texto era complexo?<\/strong><\/p>\n\n\n\n<blockquote class=\"wp-block-quote is-layout-flow wp-block-quote-is-layout-flow\">\n<p>Si, si que o era porque tiven que facer cinco personaxes diferentes. O m\u00e1is dif\u00edcil foi o cambio de vestiarios e de rexistros.<\/p>\n<\/blockquote>\n\n\n\n<p><strong>Os perf\u00eds dos 5 personaxes eran semellantes?<\/strong><\/p>\n\n\n\n<blockquote class=\"wp-block-quote is-layout-flow wp-block-quote-is-layout-flow\">\n<p>Non, son perf\u00eds moi distintos. Son 5 detectives pero todos moi diferentes entre si.<\/p>\n<\/blockquote>\n\n\n\n<p><strong>E asumir cinco personalidades distintas en tan s\u00f3 media hora non resulta un tanto esquizofr\u00e9nico?<\/strong><\/p>\n\n\n\n<blockquote class=\"wp-block-quote is-layout-flow wp-block-quote-is-layout-flow\">\n<p>Ha, ha, ha&#8230; Pode parecelo, pero a min intercambiar personaxes \u00e9 o que m\u00e1is me gusta do teatro. Eu paseino moi ben. Sentinme moi c\u00f3modo na escena. Por outra banda esta obra permite en gran medida a interacci\u00f3n co p\u00fablico que \u00e9 algo que axuda enormemente a estar a gusto mentres representas.<\/p>\n<\/blockquote>\n\n\n\n<p><strong>Algunha vez mentres representabas sentiches medo esc\u00e9nico?<\/strong><\/p>\n\n\n\n<blockquote class=\"wp-block-quote is-layout-flow wp-block-quote-is-layout-flow\">\n<p>Por sorte non. \u00c1s veces estiven a piques de quedarme en branco pero sempre o solucionei con improvisaci\u00f3n<\/p>\n<\/blockquote>\n\n\n\n<p><strong>No teatro actual xa non existe a figura do apuntador, verdade?<\/strong><\/p>\n\n\n\n<blockquote class=\"wp-block-quote is-layout-flow wp-block-quote-is-layout-flow\">\n<p>Non, xa non existe.<\/p>\n<\/blockquote>\n\n\n\n<p><strong>Ent\u00f3n se no medio dunha representaci\u00f3n quedas en branco non che queda outra que foderte?<\/strong><\/p>\n\n\n\n<blockquote class=\"wp-block-quote is-layout-flow wp-block-quote-is-layout-flow\">\n<p>Ha, ha, ha ha&#8230;Efectivamente, non queda outra.<\/p>\n<\/blockquote>\n\n\n\n<p><strong>Como valoras a reacci\u00f3n do p\u00fablico das Neves: Estaba integrado e interactuaba? Ou chegastes a eses momentos un tanto tensos nos que hai moita xente mirando o m\u00f3bil?<\/strong><\/p>\n\n\n\n<blockquote class=\"wp-block-quote is-layout-flow wp-block-quote-is-layout-flow\">\n<p>Como antes che mencionei a valoraci\u00f3n \u00e9 moi positiva en todos os aspectos. No que atinxe ao p\u00fablico tam\u00e9n, non s\u00f3 en canto a asistentes, sen\u00f3n tam\u00e9n no que se refire \u00e1 s\u00faa actitude pois a xente estaba moi implicada e not\u00e1base que estiveron presentes desde ao principio ata o punto.<\/p>\n<\/blockquote>\n\n\n\n<p><strong>A obra foi financiada pola DEPO. Prev\u00e9s repetir representaci\u00f3n proximamente?<\/strong><\/p>\n\n\n\n<blockquote class=\"wp-block-quote is-layout-flow wp-block-quote-is-layout-flow\">\n<p>Encantar\u00edame. Agardo que me chame alg\u00fan outro concello. Te\u00f1o algunha cousa en carteira pero a\u00ednda est\u00e1 sen confirmar. Por outra parte te\u00f1o tam\u00e9n algo previsto para o mes de maio en colaboraci\u00f3n co actor Giovani Peixoto pero tam\u00e9n est\u00e1 a\u00ednda sen confirmar. Se finalmente se confirma, que espero que si, xa vos manterei puntualmente informados.<\/p>\n<\/blockquote>\n\n\n\n<p><strong>Al\u00e9n destas representaci\u00f3n tes algunha outra actividade?<\/strong><\/p>\n\n\n\n<blockquote class=\"wp-block-quote is-layout-flow wp-block-quote-is-layout-flow\">\n<p>Si, dou clases de teatro en Angoares. Te\u00f1o un grupo m\u00e1is ou menos grande e estamos a preparar un par de obras que trataremos de representar durante o ver\u00e1n.<\/p>\n<\/blockquote>\n","protected":false},"excerpt":{"rendered":"<div class=\"mh-excerpt\"><p>O pasado domingo 8 de febreiro o actor das Neves Juan Luis Lage representou no auditorio municipal a obra \u201c Parece que foi Schr\u00f6dinger\u201d. <a class=\"mh-excerpt-more\" href=\"https:\/\/www.anovapeneira.gal\/index.php\/2026\/03\/13\/o-actor-das-neves-juan-luis-lage-representa-no-auditorio-do-concello\/\" title=\"O Actor das Neves Juan Luis Lage representa no auditorio do Concello\">[&#8230;]<\/a><\/p>\n<\/div>","protected":false},"author":3,"featured_media":15482,"comment_status":"open","ping_status":"open","sticky":false,"template":"","format":"standard","meta":{"_exactmetrics_skip_tracking":false,"_exactmetrics_sitenote_active":false,"_exactmetrics_sitenote_note":"","_exactmetrics_sitenote_category":0,"footnotes":""},"categories":[267],"tags":[546],"class_list":{"0":"post-15481","1":"post","2":"type-post","3":"status-publish","4":"format-standard","5":"has-post-thumbnail","7":"category-condado-entrevistas","8":"tag-concello-das-neves"},"yoast_head":"<!-- This site is optimized with the Yoast SEO plugin v27.4 - https:\/\/yoast.com\/product\/yoast-seo-wordpress\/ -->\n<title>O Actor das Neves Juan Luis Lage representa no auditorio do Concello -<\/title>\n<meta name=\"robots\" content=\"index, follow, max-snippet:-1, max-image-preview:large, max-video-preview:-1\" \/>\n<link rel=\"canonical\" href=\"https:\/\/www.anovapeneira.gal\/index.php\/2026\/03\/13\/o-actor-das-neves-juan-luis-lage-representa-no-auditorio-do-concello\/\" \/>\n<meta property=\"og:locale\" content=\"gl_ES\" \/>\n<meta property=\"og:type\" content=\"article\" \/>\n<meta property=\"og:title\" content=\"O Actor das Neves Juan Luis Lage representa no auditorio do Concello -\" \/>\n<meta property=\"og:description\" content=\"O pasado domingo 8 de febreiro o actor das Neves Juan Luis Lage representou no auditorio municipal a obra \u201c Parece que foi Schr\u00f6dinger\u201d. [...]\" \/>\n<meta property=\"og:url\" content=\"https:\/\/www.anovapeneira.gal\/index.php\/2026\/03\/13\/o-actor-das-neves-juan-luis-lage-representa-no-auditorio-do-concello\/\" \/>\n<meta property=\"article:publisher\" content=\"https:\/\/www.facebook.com\/anovapeneira\" \/>\n<meta property=\"article:published_time\" content=\"2026-03-13T11:00:59+00:00\" \/>\n<meta property=\"og:image\" content=\"https:\/\/www.anovapeneira.gal\/wp-content\/uploads\/2026\/03\/luis_lage_neves.jpg\" \/>\n\t<meta property=\"og:image:width\" content=\"720\" \/>\n\t<meta property=\"og:image:height\" content=\"432\" \/>\n\t<meta property=\"og:image:type\" content=\"image\/jpeg\" \/>\n<meta name=\"author\" content=\"Redacci\u00f3n A Nova Peneira\" \/>\n<meta name=\"twitter:card\" content=\"summary_large_image\" \/>\n<meta name=\"twitter:creator\" content=\"@APeneira\" \/>\n<meta name=\"twitter:site\" content=\"@APeneira\" \/>\n<meta name=\"twitter:label1\" content=\"Escrito por\" \/>\n\t<meta name=\"twitter:data1\" content=\"Redacci\u00f3n A Nova Peneira\" \/>\n\t<meta name=\"twitter:label2\" content=\"Tempo de lectura\" \/>\n\t<meta name=\"twitter:data2\" content=\"2 minutos\" \/>\n<script type=\"application\/ld+json\" class=\"yoast-schema-graph\">{\"@context\":\"https:\\\/\\\/schema.org\",\"@graph\":[{\"@type\":\"Article\",\"@id\":\"https:\\\/\\\/www.anovapeneira.gal\\\/index.php\\\/2026\\\/03\\\/13\\\/o-actor-das-neves-juan-luis-lage-representa-no-auditorio-do-concello\\\/#article\",\"isPartOf\":{\"@id\":\"https:\\\/\\\/www.anovapeneira.gal\\\/index.php\\\/2026\\\/03\\\/13\\\/o-actor-das-neves-juan-luis-lage-representa-no-auditorio-do-concello\\\/\"},\"author\":{\"name\":\"Redacci\u00f3n A Nova Peneira\",\"@id\":\"https:\\\/\\\/www.anovapeneira.gal\\\/#\\\/schema\\\/person\\\/b93e3f8932e3f8da96334607eb6ac6aa\"},\"headline\":\"O Actor das Neves Juan Luis Lage representa no auditorio do Concello\",\"datePublished\":\"2026-03-13T11:00:59+00:00\",\"mainEntityOfPage\":{\"@id\":\"https:\\\/\\\/www.anovapeneira.gal\\\/index.php\\\/2026\\\/03\\\/13\\\/o-actor-das-neves-juan-luis-lage-representa-no-auditorio-do-concello\\\/\"},\"wordCount\":718,\"commentCount\":0,\"publisher\":{\"@id\":\"https:\\\/\\\/www.anovapeneira.gal\\\/#organization\"},\"image\":{\"@id\":\"https:\\\/\\\/www.anovapeneira.gal\\\/index.php\\\/2026\\\/03\\\/13\\\/o-actor-das-neves-juan-luis-lage-representa-no-auditorio-do-concello\\\/#primaryimage\"},\"thumbnailUrl\":\"https:\\\/\\\/www.anovapeneira.gal\\\/wp-content\\\/uploads\\\/2026\\\/03\\\/luis_lage_neves.jpg\",\"keywords\":[\"Concello das Neves\"],\"articleSection\":[\"Condado\"],\"inLanguage\":\"gl-ES\",\"potentialAction\":[{\"@type\":\"CommentAction\",\"name\":\"Comment\",\"target\":[\"https:\\\/\\\/www.anovapeneira.gal\\\/index.php\\\/2026\\\/03\\\/13\\\/o-actor-das-neves-juan-luis-lage-representa-no-auditorio-do-concello\\\/#respond\"]}]},{\"@type\":\"WebPage\",\"@id\":\"https:\\\/\\\/www.anovapeneira.gal\\\/index.php\\\/2026\\\/03\\\/13\\\/o-actor-das-neves-juan-luis-lage-representa-no-auditorio-do-concello\\\/\",\"url\":\"https:\\\/\\\/www.anovapeneira.gal\\\/index.php\\\/2026\\\/03\\\/13\\\/o-actor-das-neves-juan-luis-lage-representa-no-auditorio-do-concello\\\/\",\"name\":\"O Actor das Neves Juan Luis Lage representa no auditorio do Concello -\",\"isPartOf\":{\"@id\":\"https:\\\/\\\/www.anovapeneira.gal\\\/#website\"},\"primaryImageOfPage\":{\"@id\":\"https:\\\/\\\/www.anovapeneira.gal\\\/index.php\\\/2026\\\/03\\\/13\\\/o-actor-das-neves-juan-luis-lage-representa-no-auditorio-do-concello\\\/#primaryimage\"},\"image\":{\"@id\":\"https:\\\/\\\/www.anovapeneira.gal\\\/index.php\\\/2026\\\/03\\\/13\\\/o-actor-das-neves-juan-luis-lage-representa-no-auditorio-do-concello\\\/#primaryimage\"},\"thumbnailUrl\":\"https:\\\/\\\/www.anovapeneira.gal\\\/wp-content\\\/uploads\\\/2026\\\/03\\\/luis_lage_neves.jpg\",\"datePublished\":\"2026-03-13T11:00:59+00:00\",\"breadcrumb\":{\"@id\":\"https:\\\/\\\/www.anovapeneira.gal\\\/index.php\\\/2026\\\/03\\\/13\\\/o-actor-das-neves-juan-luis-lage-representa-no-auditorio-do-concello\\\/#breadcrumb\"},\"inLanguage\":\"gl-ES\",\"potentialAction\":[{\"@type\":\"ReadAction\",\"target\":[\"https:\\\/\\\/www.anovapeneira.gal\\\/index.php\\\/2026\\\/03\\\/13\\\/o-actor-das-neves-juan-luis-lage-representa-no-auditorio-do-concello\\\/\"]}]},{\"@type\":\"ImageObject\",\"inLanguage\":\"gl-ES\",\"@id\":\"https:\\\/\\\/www.anovapeneira.gal\\\/index.php\\\/2026\\\/03\\\/13\\\/o-actor-das-neves-juan-luis-lage-representa-no-auditorio-do-concello\\\/#primaryimage\",\"url\":\"https:\\\/\\\/www.anovapeneira.gal\\\/wp-content\\\/uploads\\\/2026\\\/03\\\/luis_lage_neves.jpg\",\"contentUrl\":\"https:\\\/\\\/www.anovapeneira.gal\\\/wp-content\\\/uploads\\\/2026\\\/03\\\/luis_lage_neves.jpg\",\"width\":720,\"height\":432},{\"@type\":\"BreadcrumbList\",\"@id\":\"https:\\\/\\\/www.anovapeneira.gal\\\/index.php\\\/2026\\\/03\\\/13\\\/o-actor-das-neves-juan-luis-lage-representa-no-auditorio-do-concello\\\/#breadcrumb\",\"itemListElement\":[{\"@type\":\"ListItem\",\"position\":1,\"name\":\"Portada\",\"item\":\"https:\\\/\\\/www.anovapeneira.gal\\\/\"},{\"@type\":\"ListItem\",\"position\":2,\"name\":\"O Actor das Neves Juan Luis Lage representa no auditorio do Concello\"}]},{\"@type\":\"WebSite\",\"@id\":\"https:\\\/\\\/www.anovapeneira.gal\\\/#website\",\"url\":\"https:\\\/\\\/www.anovapeneira.gal\\\/\",\"name\":\"\",\"description\":\"Xornal galego de informaci\u00f3n xeral Publicaci\u00f3n mensual de novas de Galicia e en especial dos Concellos da sur da provincia de Pontevedra.\",\"publisher\":{\"@id\":\"https:\\\/\\\/www.anovapeneira.gal\\\/#organization\"},\"potentialAction\":[{\"@type\":\"SearchAction\",\"target\":{\"@type\":\"EntryPoint\",\"urlTemplate\":\"https:\\\/\\\/www.anovapeneira.gal\\\/?s={search_term_string}\"},\"query-input\":{\"@type\":\"PropertyValueSpecification\",\"valueRequired\":true,\"valueName\":\"search_term_string\"}}],\"inLanguage\":\"gl-ES\"},{\"@type\":\"Organization\",\"@id\":\"https:\\\/\\\/www.anovapeneira.gal\\\/#organization\",\"name\":\"A Nova Peneira\",\"url\":\"https:\\\/\\\/www.anovapeneira.gal\\\/\",\"logo\":{\"@type\":\"ImageObject\",\"inLanguage\":\"gl-ES\",\"@id\":\"https:\\\/\\\/www.anovapeneira.gal\\\/#\\\/schema\\\/logo\\\/image\\\/\",\"url\":\"http:\\\/\\\/www.anovapeneira.gal\\\/wp-content\\\/uploads\\\/2019\\\/06\\\/logo_a_nova_peneira_portal_web.png\",\"contentUrl\":\"http:\\\/\\\/www.anovapeneira.gal\\\/wp-content\\\/uploads\\\/2019\\\/06\\\/logo_a_nova_peneira_portal_web.png\",\"width\":300,\"height\":100,\"caption\":\"A Nova Peneira\"},\"image\":{\"@id\":\"https:\\\/\\\/www.anovapeneira.gal\\\/#\\\/schema\\\/logo\\\/image\\\/\"},\"sameAs\":[\"https:\\\/\\\/www.facebook.com\\\/anovapeneira\",\"https:\\\/\\\/x.com\\\/APeneira\"]},{\"@type\":\"Person\",\"@id\":\"https:\\\/\\\/www.anovapeneira.gal\\\/#\\\/schema\\\/person\\\/b93e3f8932e3f8da96334607eb6ac6aa\",\"name\":\"Redacci\u00f3n A Nova Peneira\",\"image\":{\"@type\":\"ImageObject\",\"inLanguage\":\"gl-ES\",\"@id\":\"https:\\\/\\\/secure.gravatar.com\\\/avatar\\\/c052a2551a06e23fac63626232eaa90abd78dbcf1700fc46a2b2c89fd27b735f?s=96&d=mm&r=g\",\"url\":\"https:\\\/\\\/secure.gravatar.com\\\/avatar\\\/c052a2551a06e23fac63626232eaa90abd78dbcf1700fc46a2b2c89fd27b735f?s=96&d=mm&r=g\",\"contentUrl\":\"https:\\\/\\\/secure.gravatar.com\\\/avatar\\\/c052a2551a06e23fac63626232eaa90abd78dbcf1700fc46a2b2c89fd27b735f?s=96&d=mm&r=g\",\"caption\":\"Redacci\u00f3n A Nova Peneira\"},\"sameAs\":[\"http:\\\/\\\/www.anovapeneira.gal\\\/\"],\"url\":\"https:\\\/\\\/www.anovapeneira.gal\\\/index.php\\\/author\\\/redactor\\\/\"}]}<\/script>\n<!-- \/ Yoast SEO plugin. -->","yoast_head_json":{"title":"O Actor das Neves Juan Luis Lage representa no auditorio do Concello -","robots":{"index":"index","follow":"follow","max-snippet":"max-snippet:-1","max-image-preview":"max-image-preview:large","max-video-preview":"max-video-preview:-1"},"canonical":"https:\/\/www.anovapeneira.gal\/index.php\/2026\/03\/13\/o-actor-das-neves-juan-luis-lage-representa-no-auditorio-do-concello\/","og_locale":"gl_ES","og_type":"article","og_title":"O Actor das Neves Juan Luis Lage representa no auditorio do Concello -","og_description":"O pasado domingo 8 de febreiro o actor das Neves Juan Luis Lage representou no auditorio municipal a obra \u201c Parece que foi Schr\u00f6dinger\u201d. [...]","og_url":"https:\/\/www.anovapeneira.gal\/index.php\/2026\/03\/13\/o-actor-das-neves-juan-luis-lage-representa-no-auditorio-do-concello\/","article_publisher":"https:\/\/www.facebook.com\/anovapeneira","article_published_time":"2026-03-13T11:00:59+00:00","og_image":[{"width":720,"height":432,"url":"https:\/\/www.anovapeneira.gal\/wp-content\/uploads\/2026\/03\/luis_lage_neves.jpg","type":"image\/jpeg"}],"author":"Redacci\u00f3n A Nova Peneira","twitter_card":"summary_large_image","twitter_creator":"@APeneira","twitter_site":"@APeneira","twitter_misc":{"Escrito por":"Redacci\u00f3n A Nova Peneira","Tempo de lectura":"2 minutos"},"schema":{"@context":"https:\/\/schema.org","@graph":[{"@type":"Article","@id":"https:\/\/www.anovapeneira.gal\/index.php\/2026\/03\/13\/o-actor-das-neves-juan-luis-lage-representa-no-auditorio-do-concello\/#article","isPartOf":{"@id":"https:\/\/www.anovapeneira.gal\/index.php\/2026\/03\/13\/o-actor-das-neves-juan-luis-lage-representa-no-auditorio-do-concello\/"},"author":{"name":"Redacci\u00f3n A Nova Peneira","@id":"https:\/\/www.anovapeneira.gal\/#\/schema\/person\/b93e3f8932e3f8da96334607eb6ac6aa"},"headline":"O Actor das Neves Juan Luis Lage representa no auditorio do Concello","datePublished":"2026-03-13T11:00:59+00:00","mainEntityOfPage":{"@id":"https:\/\/www.anovapeneira.gal\/index.php\/2026\/03\/13\/o-actor-das-neves-juan-luis-lage-representa-no-auditorio-do-concello\/"},"wordCount":718,"commentCount":0,"publisher":{"@id":"https:\/\/www.anovapeneira.gal\/#organization"},"image":{"@id":"https:\/\/www.anovapeneira.gal\/index.php\/2026\/03\/13\/o-actor-das-neves-juan-luis-lage-representa-no-auditorio-do-concello\/#primaryimage"},"thumbnailUrl":"https:\/\/www.anovapeneira.gal\/wp-content\/uploads\/2026\/03\/luis_lage_neves.jpg","keywords":["Concello das Neves"],"articleSection":["Condado"],"inLanguage":"gl-ES","potentialAction":[{"@type":"CommentAction","name":"Comment","target":["https:\/\/www.anovapeneira.gal\/index.php\/2026\/03\/13\/o-actor-das-neves-juan-luis-lage-representa-no-auditorio-do-concello\/#respond"]}]},{"@type":"WebPage","@id":"https:\/\/www.anovapeneira.gal\/index.php\/2026\/03\/13\/o-actor-das-neves-juan-luis-lage-representa-no-auditorio-do-concello\/","url":"https:\/\/www.anovapeneira.gal\/index.php\/2026\/03\/13\/o-actor-das-neves-juan-luis-lage-representa-no-auditorio-do-concello\/","name":"O Actor das Neves Juan Luis Lage representa no auditorio do Concello -","isPartOf":{"@id":"https:\/\/www.anovapeneira.gal\/#website"},"primaryImageOfPage":{"@id":"https:\/\/www.anovapeneira.gal\/index.php\/2026\/03\/13\/o-actor-das-neves-juan-luis-lage-representa-no-auditorio-do-concello\/#primaryimage"},"image":{"@id":"https:\/\/www.anovapeneira.gal\/index.php\/2026\/03\/13\/o-actor-das-neves-juan-luis-lage-representa-no-auditorio-do-concello\/#primaryimage"},"thumbnailUrl":"https:\/\/www.anovapeneira.gal\/wp-content\/uploads\/2026\/03\/luis_lage_neves.jpg","datePublished":"2026-03-13T11:00:59+00:00","breadcrumb":{"@id":"https:\/\/www.anovapeneira.gal\/index.php\/2026\/03\/13\/o-actor-das-neves-juan-luis-lage-representa-no-auditorio-do-concello\/#breadcrumb"},"inLanguage":"gl-ES","potentialAction":[{"@type":"ReadAction","target":["https:\/\/www.anovapeneira.gal\/index.php\/2026\/03\/13\/o-actor-das-neves-juan-luis-lage-representa-no-auditorio-do-concello\/"]}]},{"@type":"ImageObject","inLanguage":"gl-ES","@id":"https:\/\/www.anovapeneira.gal\/index.php\/2026\/03\/13\/o-actor-das-neves-juan-luis-lage-representa-no-auditorio-do-concello\/#primaryimage","url":"https:\/\/www.anovapeneira.gal\/wp-content\/uploads\/2026\/03\/luis_lage_neves.jpg","contentUrl":"https:\/\/www.anovapeneira.gal\/wp-content\/uploads\/2026\/03\/luis_lage_neves.jpg","width":720,"height":432},{"@type":"BreadcrumbList","@id":"https:\/\/www.anovapeneira.gal\/index.php\/2026\/03\/13\/o-actor-das-neves-juan-luis-lage-representa-no-auditorio-do-concello\/#breadcrumb","itemListElement":[{"@type":"ListItem","position":1,"name":"Portada","item":"https:\/\/www.anovapeneira.gal\/"},{"@type":"ListItem","position":2,"name":"O Actor das Neves Juan Luis Lage representa no auditorio do Concello"}]},{"@type":"WebSite","@id":"https:\/\/www.anovapeneira.gal\/#website","url":"https:\/\/www.anovapeneira.gal\/","name":"","description":"Xornal galego de informaci\u00f3n xeral Publicaci\u00f3n mensual de novas de Galicia e en especial dos Concellos da sur da provincia de Pontevedra.","publisher":{"@id":"https:\/\/www.anovapeneira.gal\/#organization"},"potentialAction":[{"@type":"SearchAction","target":{"@type":"EntryPoint","urlTemplate":"https:\/\/www.anovapeneira.gal\/?s={search_term_string}"},"query-input":{"@type":"PropertyValueSpecification","valueRequired":true,"valueName":"search_term_string"}}],"inLanguage":"gl-ES"},{"@type":"Organization","@id":"https:\/\/www.anovapeneira.gal\/#organization","name":"A Nova Peneira","url":"https:\/\/www.anovapeneira.gal\/","logo":{"@type":"ImageObject","inLanguage":"gl-ES","@id":"https:\/\/www.anovapeneira.gal\/#\/schema\/logo\/image\/","url":"http:\/\/www.anovapeneira.gal\/wp-content\/uploads\/2019\/06\/logo_a_nova_peneira_portal_web.png","contentUrl":"http:\/\/www.anovapeneira.gal\/wp-content\/uploads\/2019\/06\/logo_a_nova_peneira_portal_web.png","width":300,"height":100,"caption":"A Nova Peneira"},"image":{"@id":"https:\/\/www.anovapeneira.gal\/#\/schema\/logo\/image\/"},"sameAs":["https:\/\/www.facebook.com\/anovapeneira","https:\/\/x.com\/APeneira"]},{"@type":"Person","@id":"https:\/\/www.anovapeneira.gal\/#\/schema\/person\/b93e3f8932e3f8da96334607eb6ac6aa","name":"Redacci\u00f3n A Nova Peneira","image":{"@type":"ImageObject","inLanguage":"gl-ES","@id":"https:\/\/secure.gravatar.com\/avatar\/c052a2551a06e23fac63626232eaa90abd78dbcf1700fc46a2b2c89fd27b735f?s=96&d=mm&r=g","url":"https:\/\/secure.gravatar.com\/avatar\/c052a2551a06e23fac63626232eaa90abd78dbcf1700fc46a2b2c89fd27b735f?s=96&d=mm&r=g","contentUrl":"https:\/\/secure.gravatar.com\/avatar\/c052a2551a06e23fac63626232eaa90abd78dbcf1700fc46a2b2c89fd27b735f?s=96&d=mm&r=g","caption":"Redacci\u00f3n A Nova Peneira"},"sameAs":["http:\/\/www.anovapeneira.gal\/"],"url":"https:\/\/www.anovapeneira.gal\/index.php\/author\/redactor\/"}]}},"jetpack_featured_media_url":"https:\/\/www.anovapeneira.gal\/wp-content\/uploads\/2026\/03\/luis_lage_neves.jpg","_links":{"self":[{"href":"https:\/\/www.anovapeneira.gal\/index.php\/wp-json\/wp\/v2\/posts\/15481","targetHints":{"allow":["GET"]}}],"collection":[{"href":"https:\/\/www.anovapeneira.gal\/index.php\/wp-json\/wp\/v2\/posts"}],"about":[{"href":"https:\/\/www.anovapeneira.gal\/index.php\/wp-json\/wp\/v2\/types\/post"}],"author":[{"embeddable":true,"href":"https:\/\/www.anovapeneira.gal\/index.php\/wp-json\/wp\/v2\/users\/3"}],"replies":[{"embeddable":true,"href":"https:\/\/www.anovapeneira.gal\/index.php\/wp-json\/wp\/v2\/comments?post=15481"}],"version-history":[{"count":1,"href":"https:\/\/www.anovapeneira.gal\/index.php\/wp-json\/wp\/v2\/posts\/15481\/revisions"}],"predecessor-version":[{"id":15483,"href":"https:\/\/www.anovapeneira.gal\/index.php\/wp-json\/wp\/v2\/posts\/15481\/revisions\/15483"}],"wp:featuredmedia":[{"embeddable":true,"href":"https:\/\/www.anovapeneira.gal\/index.php\/wp-json\/wp\/v2\/media\/15482"}],"wp:attachment":[{"href":"https:\/\/www.anovapeneira.gal\/index.php\/wp-json\/wp\/v2\/media?parent=15481"}],"wp:term":[{"taxonomy":"category","embeddable":true,"href":"https:\/\/www.anovapeneira.gal\/index.php\/wp-json\/wp\/v2\/categories?post=15481"},{"taxonomy":"post_tag","embeddable":true,"href":"https:\/\/www.anovapeneira.gal\/index.php\/wp-json\/wp\/v2\/tags?post=15481"}],"curies":[{"name":"wp","href":"https:\/\/api.w.org\/{rel}","templated":true}]}}