{"id":15485,"date":"2026-03-16T10:00:22","date_gmt":"2026-03-16T09:00:22","guid":{"rendered":"https:\/\/www.anovapeneira.gal\/?p=15485"},"modified":"2026-03-12T19:52:54","modified_gmt":"2026-03-12T18:52:54","slug":"philipphe-petain-e-a-dereita-espanola","status":"publish","type":"post","link":"https:\/\/www.anovapeneira.gal\/index.php\/2026\/03\/16\/philipphe-petain-e-a-dereita-espanola\/","title":{"rendered":"Philipphe Petain e a dereita espa\u00f1ola"},"content":{"rendered":"\n<figure class=\"wp-block-image size-full is-resized\"><img loading=\"lazy\" decoding=\"async\" width=\"190\" height=\"222\" src=\"https:\/\/www.anovapeneira.gal\/wp-content\/uploads\/2019\/05\/tino_lago_director_a_nova_peneira.jpg\" alt=\"Tino Lago director a Nova Peneira\" class=\"wp-image-189\" style=\"width:126px;height:auto\"\/><figcaption class=\"wp-element-caption\">Tino Lago director a Nova Peneira<\/figcaption><\/figure>\n\n\n\n<h2 class=\"wp-block-heading\">\u201c<strong>Antes del derecho internacional est\u00e1n los derechos humanos y all\u00ed no se protegen\u201d<\/strong><\/h2>\n\n\n\n<p><strong>Alberto N\u00fa\u00f1ez Feijoo<\/strong><\/p>\n\n\n\n<p>Ao longo de toda a historia da humanidade sempre existiron imperios que baseaban a s\u00faa fortaleza no roubo e na explotaci\u00f3n dos recursos naturais, econ\u00f3micos e humanos doutros pobos que non dispu\u00f1an da forza militar, ou da solvencia pol\u00edtica e econ\u00f3mica necesarias , para defenderse con \u00e9xito cando eran agredidos.<\/p>\n\n\n\n<p>Un factor chave para que calquera pol\u00edtica imperialista poida ter \u00e9xito nas s\u00faas ambici\u00f3ns expansionistas \u00e9 a figura do colaboracionista local. Cando un pa\u00eds invade a outro ou trata de colonizalo economicamente, o resultado final da agresi\u00f3n depender\u00e1, non totalmente pero si en boa medida, de se son capaces de mobilizar a favor da agresi\u00f3n a parte da poboaci\u00f3n do lugar agredido que normalmente exerce de punta de lanza dos agresores, en ocasi\u00f3ns con m\u00e1is entusiasmo a\u00ednda que eles mesmos. Son os chamados sipaios .Este \u00e9 un termo, curiosamente de orixe persa, que nas s\u00faas orixes fac\u00eda referencia aos soldados indios que combat\u00edan nas ringleiras do ex\u00e9rcito colonial brit\u00e1nico contra as lex\u00edtimas aspiraci\u00f3ns de independencia e liberdade do pobo da India.<\/p>\n\n\n\n<p>A evoluci\u00f3n posterior do concepto espallouno de tal maneira que hoxe un sipaio \u00e9 aquel habitante nativo de calquera pobo oprimido que combate contra a s\u00faa propia comunidade, a prol dos intereses do pobo que a oprime.<\/p>\n\n\n\n<p>Un exemplo paradigm\u00e1tico da figura do colaboracionista, do traidor, do sipaio \u00e9 a do mariscal de Francia Philipphe Petain. A evoluci\u00f3n este suxeito \u00e9 moi curiosa pois pasou de ser considerado un heroe nacional franc\u00e9s na primeira guerra mundial, na que dirixiu con \u00e9xito ao seu ex\u00e9rcito na terrible batalla de Verd\u00fan, a ser un indiscutible traidor que despois da entrada dos alem\u00e1ns en Par\u00eds colaborou con eles presidindo o r\u00e9xime monicreque de Vichy. Este r\u00e9xime dedicouse a defender os intereses da potencia ocupante de todas as formas posibles, incluso coa creaci\u00f3n dunha milicia terrorista que asasinaba, delataba e torturaba a quen era militante da Francia libre.<\/p>\n\n\n\n<p>A posici\u00f3n de Petain non \u00e9 nada novo na historia. Cando hai pa\u00eds agresor que agride a un pa\u00eds m\u00e1is d\u00e9bil sempre se deron tres posturas posibles entre a poboaci\u00f3n agredida:-A heroica, dos que lle fan fronte aos agresores. -A normal, dos que non queren ter problemas e miran a outro lado coa esperanza de que non lles toque a eles-A colaboracionista ,de quen colabora cos agresores.<\/p>\n\n\n\n<p>Que posici\u00f3n das 3, dir\u00edan vostedes amigas e amigos lectores, adoptou a dereita espa\u00f1ola en relaci\u00f3n \u00e1 agresi\u00f3n terrible que est\u00e1 a sufrir Ir\u00e1n por parte do imperio que nos tocou padecer nesta etapa da historia e dos seus aliados sionistas?<\/p>\n\n\n\n<p>A resposta non \u00e9 dif\u00edcil:adoptaron a mesma posici\u00f3n que o mariscal Petain, a posici\u00f3n de colaborar co agresor.<\/p>\n\n\n\n<p>Esto \u00e9 de tal maneira as\u00ed que incluso cando o emperador ameaza directamente ao estado espa\u00f1ol,porque presuntamente o presidente S\u00e1nchez lle nega o permiso aos avi\u00f3ns militares do imperio para usar as bases imperiais en territorio espa\u00f1ol para bombardear o pa\u00eds agredido, eles, patriotas de cagar entre o millo, ponse de parte de quen ameaza ao seu pa\u00eds.<\/p>\n\n\n\n<p>Claro, eso queda un pouco feo dicilo, se cadra ata lles pode facer perder as seguintes elecci\u00f3ns. Ent\u00f3n recorren \u00e1 estratexia \u00e1 que recorren todos os miserables: A xustificaci\u00f3n moral. E, en palabras de quen non \u00e9 presidente porque non quere, a vulneraci\u00f3n do dereito internacional que cometeron os estados terroristas que agriden estar\u00eda xustificada porque vir\u00eda motivada pola intenci\u00f3n de protexer os dereitos humanos do pobo iraniano vulnerados polo seu propio goberno.<\/p>\n\n\n\n<p>Pero que tipo de parvada \u00e9 esa\u00a1\u00a1 que forma m\u00e1is vil de enganar \u00e1 xente do l\u00edder da dereita espa\u00f1ola\u00a1\u00a1<\/p>\n\n\n\n<p>Feijoo sabe perfectamente que os dereitos humanos non te\u00f1en absolutamente nada que ver nesta guerra. Esta guerra est\u00e1 motivada polo mesmo motivo que todas as demais: Esta guerra \u00e9 para roubar, para roubar os recursos de outros. O que acontece \u00e9 que a dereita espa\u00f1ola est\u00e1 exercendo o colaboracionismo a prol dos intereses do imperio, incluso cando o imperio ameaza directamente os intereses do estado espa\u00f1ol.<\/p>\n\n\n\n<p>A \u00fanica diferenza entre Petain e Feijoo \u00e9 o contexto hist\u00f3rico, porque a realidade da s\u00faa posici\u00f3n \u00e9 id\u00e9ntica:Ambos son uns colaboracionistas.<\/p>\n","protected":false},"excerpt":{"rendered":"<div class=\"mh-excerpt\"><p>Ao longo de toda a historia da humanidade sempre existiron imperios que baseaban a s\u00faa fortaleza no roubo e na explotaci\u00f3n dos recursos naturais, econ\u00f3micos e humanos doutros pobos que non dispu\u00f1an da forza militar, ou da solvencia pol\u00edtica e econ\u00f3mica necesarias , para defenderse con \u00e9xito cando eran agredido <a class=\"mh-excerpt-more\" href=\"https:\/\/www.anovapeneira.gal\/index.php\/2026\/03\/16\/philipphe-petain-e-a-dereita-espanola\/\" title=\"Philipphe Petain e a dereita espa\u00f1ola\">[&#8230;]<\/a><\/p>\n<\/div>","protected":false},"author":1,"featured_media":15486,"comment_status":"open","ping_status":"open","sticky":false,"template":"","format":"standard","meta":{"_exactmetrics_skip_tracking":false,"_exactmetrics_sitenote_active":false,"_exactmetrics_sitenote_note":"","_exactmetrics_sitenote_category":0,"footnotes":""},"categories":[61],"tags":[],"class_list":{"0":"post-15485","1":"post","2":"type-post","3":"status-publish","4":"format-standard","5":"has-post-thumbnail","7":"category-artigo-editorial"},"yoast_head":"<!-- This site is optimized with the Yoast SEO plugin v27.5 - https:\/\/yoast.com\/product\/yoast-seo-wordpress\/ -->\n<title>Philipphe Petain e a dereita espa\u00f1ola -<\/title>\n<meta name=\"robots\" content=\"index, follow, max-snippet:-1, max-image-preview:large, max-video-preview:-1\" \/>\n<link rel=\"canonical\" href=\"https:\/\/www.anovapeneira.gal\/index.php\/2026\/03\/16\/philipphe-petain-e-a-dereita-espanola\/\" \/>\n<meta property=\"og:locale\" content=\"gl_ES\" \/>\n<meta property=\"og:type\" content=\"article\" \/>\n<meta property=\"og:title\" content=\"Philipphe Petain e a dereita espa\u00f1ola -\" \/>\n<meta property=\"og:description\" content=\"Ao longo de toda a historia da humanidade sempre existiron imperios que baseaban a s\u00faa fortaleza no roubo e na explotaci\u00f3n dos recursos naturais, econ\u00f3micos e humanos doutros pobos que non dispu\u00f1an da forza militar, ou da solvencia pol\u00edtica e econ\u00f3mica necesarias , para defenderse con \u00e9xito cando eran agredido [...]\" \/>\n<meta property=\"og:url\" content=\"https:\/\/www.anovapeneira.gal\/index.php\/2026\/03\/16\/philipphe-petain-e-a-dereita-espanola\/\" \/>\n<meta property=\"article:publisher\" content=\"https:\/\/www.facebook.com\/anovapeneira\" \/>\n<meta property=\"article:author\" content=\"https:\/\/www.facebook.com\/anovapeneira\/\" \/>\n<meta property=\"article:published_time\" content=\"2026-03-16T09:00:22+00:00\" \/>\n<meta property=\"og:image\" content=\"https:\/\/www.anovapeneira.gal\/wp-content\/uploads\/2026\/03\/feijoo2.jpg\" \/>\n\t<meta property=\"og:image:width\" content=\"720\" \/>\n\t<meta property=\"og:image:height\" content=\"432\" \/>\n\t<meta property=\"og:image:type\" content=\"image\/jpeg\" \/>\n<meta name=\"author\" content=\"admin\" \/>\n<meta name=\"twitter:card\" content=\"summary_large_image\" \/>\n<meta name=\"twitter:creator\" content=\"@APeneira\" \/>\n<meta name=\"twitter:site\" content=\"@APeneira\" \/>\n<meta name=\"twitter:label1\" content=\"Escrito por\" \/>\n\t<meta name=\"twitter:data1\" content=\"admin\" \/>\n\t<meta name=\"twitter:label2\" content=\"Tempo de lectura\" \/>\n\t<meta name=\"twitter:data2\" content=\"5 minutos\" \/>\n<script type=\"application\/ld+json\" class=\"yoast-schema-graph\">{\"@context\":\"https:\\\/\\\/schema.org\",\"@graph\":[{\"@type\":\"Article\",\"@id\":\"https:\\\/\\\/www.anovapeneira.gal\\\/index.php\\\/2026\\\/03\\\/16\\\/philipphe-petain-e-a-dereita-espanola\\\/#article\",\"isPartOf\":{\"@id\":\"https:\\\/\\\/www.anovapeneira.gal\\\/index.php\\\/2026\\\/03\\\/16\\\/philipphe-petain-e-a-dereita-espanola\\\/\"},\"author\":{\"name\":\"admin\",\"@id\":\"https:\\\/\\\/www.anovapeneira.gal\\\/#\\\/schema\\\/person\\\/fb77575328c93684dae4b0075f90c2cb\"},\"headline\":\"Philipphe Petain e a dereita espa\u00f1ola\",\"datePublished\":\"2026-03-16T09:00:22+00:00\",\"mainEntityOfPage\":{\"@id\":\"https:\\\/\\\/www.anovapeneira.gal\\\/index.php\\\/2026\\\/03\\\/16\\\/philipphe-petain-e-a-dereita-espanola\\\/\"},\"wordCount\":768,\"commentCount\":0,\"publisher\":{\"@id\":\"https:\\\/\\\/www.anovapeneira.gal\\\/#organization\"},\"image\":{\"@id\":\"https:\\\/\\\/www.anovapeneira.gal\\\/index.php\\\/2026\\\/03\\\/16\\\/philipphe-petain-e-a-dereita-espanola\\\/#primaryimage\"},\"thumbnailUrl\":\"https:\\\/\\\/www.anovapeneira.gal\\\/wp-content\\\/uploads\\\/2026\\\/03\\\/feijoo2.jpg\",\"articleSection\":[\"Artigo editorial\"],\"inLanguage\":\"gl-ES\",\"potentialAction\":[{\"@type\":\"CommentAction\",\"name\":\"Comment\",\"target\":[\"https:\\\/\\\/www.anovapeneira.gal\\\/index.php\\\/2026\\\/03\\\/16\\\/philipphe-petain-e-a-dereita-espanola\\\/#respond\"]}]},{\"@type\":\"WebPage\",\"@id\":\"https:\\\/\\\/www.anovapeneira.gal\\\/index.php\\\/2026\\\/03\\\/16\\\/philipphe-petain-e-a-dereita-espanola\\\/\",\"url\":\"https:\\\/\\\/www.anovapeneira.gal\\\/index.php\\\/2026\\\/03\\\/16\\\/philipphe-petain-e-a-dereita-espanola\\\/\",\"name\":\"Philipphe Petain e a dereita espa\u00f1ola -\",\"isPartOf\":{\"@id\":\"https:\\\/\\\/www.anovapeneira.gal\\\/#website\"},\"primaryImageOfPage\":{\"@id\":\"https:\\\/\\\/www.anovapeneira.gal\\\/index.php\\\/2026\\\/03\\\/16\\\/philipphe-petain-e-a-dereita-espanola\\\/#primaryimage\"},\"image\":{\"@id\":\"https:\\\/\\\/www.anovapeneira.gal\\\/index.php\\\/2026\\\/03\\\/16\\\/philipphe-petain-e-a-dereita-espanola\\\/#primaryimage\"},\"thumbnailUrl\":\"https:\\\/\\\/www.anovapeneira.gal\\\/wp-content\\\/uploads\\\/2026\\\/03\\\/feijoo2.jpg\",\"datePublished\":\"2026-03-16T09:00:22+00:00\",\"breadcrumb\":{\"@id\":\"https:\\\/\\\/www.anovapeneira.gal\\\/index.php\\\/2026\\\/03\\\/16\\\/philipphe-petain-e-a-dereita-espanola\\\/#breadcrumb\"},\"inLanguage\":\"gl-ES\",\"potentialAction\":[{\"@type\":\"ReadAction\",\"target\":[\"https:\\\/\\\/www.anovapeneira.gal\\\/index.php\\\/2026\\\/03\\\/16\\\/philipphe-petain-e-a-dereita-espanola\\\/\"]}]},{\"@type\":\"ImageObject\",\"inLanguage\":\"gl-ES\",\"@id\":\"https:\\\/\\\/www.anovapeneira.gal\\\/index.php\\\/2026\\\/03\\\/16\\\/philipphe-petain-e-a-dereita-espanola\\\/#primaryimage\",\"url\":\"https:\\\/\\\/www.anovapeneira.gal\\\/wp-content\\\/uploads\\\/2026\\\/03\\\/feijoo2.jpg\",\"contentUrl\":\"https:\\\/\\\/www.anovapeneira.gal\\\/wp-content\\\/uploads\\\/2026\\\/03\\\/feijoo2.jpg\",\"width\":720,\"height\":432},{\"@type\":\"BreadcrumbList\",\"@id\":\"https:\\\/\\\/www.anovapeneira.gal\\\/index.php\\\/2026\\\/03\\\/16\\\/philipphe-petain-e-a-dereita-espanola\\\/#breadcrumb\",\"itemListElement\":[{\"@type\":\"ListItem\",\"position\":1,\"name\":\"Portada\",\"item\":\"https:\\\/\\\/www.anovapeneira.gal\\\/\"},{\"@type\":\"ListItem\",\"position\":2,\"name\":\"Philipphe Petain e a dereita espa\u00f1ola\"}]},{\"@type\":\"WebSite\",\"@id\":\"https:\\\/\\\/www.anovapeneira.gal\\\/#website\",\"url\":\"https:\\\/\\\/www.anovapeneira.gal\\\/\",\"name\":\"\",\"description\":\"Xornal galego de informaci\u00f3n xeral Publicaci\u00f3n mensual de novas de Galicia e en especial dos Concellos da sur da provincia de Pontevedra.\",\"publisher\":{\"@id\":\"https:\\\/\\\/www.anovapeneira.gal\\\/#organization\"},\"potentialAction\":[{\"@type\":\"SearchAction\",\"target\":{\"@type\":\"EntryPoint\",\"urlTemplate\":\"https:\\\/\\\/www.anovapeneira.gal\\\/?s={search_term_string}\"},\"query-input\":{\"@type\":\"PropertyValueSpecification\",\"valueRequired\":true,\"valueName\":\"search_term_string\"}}],\"inLanguage\":\"gl-ES\"},{\"@type\":\"Organization\",\"@id\":\"https:\\\/\\\/www.anovapeneira.gal\\\/#organization\",\"name\":\"A Nova Peneira\",\"url\":\"https:\\\/\\\/www.anovapeneira.gal\\\/\",\"logo\":{\"@type\":\"ImageObject\",\"inLanguage\":\"gl-ES\",\"@id\":\"https:\\\/\\\/www.anovapeneira.gal\\\/#\\\/schema\\\/logo\\\/image\\\/\",\"url\":\"http:\\\/\\\/www.anovapeneira.gal\\\/wp-content\\\/uploads\\\/2019\\\/06\\\/logo_a_nova_peneira_portal_web.png\",\"contentUrl\":\"http:\\\/\\\/www.anovapeneira.gal\\\/wp-content\\\/uploads\\\/2019\\\/06\\\/logo_a_nova_peneira_portal_web.png\",\"width\":300,\"height\":100,\"caption\":\"A Nova Peneira\"},\"image\":{\"@id\":\"https:\\\/\\\/www.anovapeneira.gal\\\/#\\\/schema\\\/logo\\\/image\\\/\"},\"sameAs\":[\"https:\\\/\\\/www.facebook.com\\\/anovapeneira\",\"https:\\\/\\\/x.com\\\/APeneira\"]},{\"@type\":\"Person\",\"@id\":\"https:\\\/\\\/www.anovapeneira.gal\\\/#\\\/schema\\\/person\\\/fb77575328c93684dae4b0075f90c2cb\",\"name\":\"admin\",\"image\":{\"@type\":\"ImageObject\",\"inLanguage\":\"gl-ES\",\"@id\":\"https:\\\/\\\/secure.gravatar.com\\\/avatar\\\/df15c36ce375448325e0bc870e91bbee95947a002eb98dcfd6c2b053e18843e9?s=96&d=mm&r=g\",\"url\":\"https:\\\/\\\/secure.gravatar.com\\\/avatar\\\/df15c36ce375448325e0bc870e91bbee95947a002eb98dcfd6c2b053e18843e9?s=96&d=mm&r=g\",\"contentUrl\":\"https:\\\/\\\/secure.gravatar.com\\\/avatar\\\/df15c36ce375448325e0bc870e91bbee95947a002eb98dcfd6c2b053e18843e9?s=96&d=mm&r=g\",\"caption\":\"admin\"},\"description\":\"Xornal galego de informaci\u00f3n xeral Publicaci\u00f3n mensual de novas de Galicia e en especial dos Concellos da sur da provincia de Pontevedra.\",\"sameAs\":[\"http:\\\/\\\/www.anovapeneira.gal\\\/\",\"https:\\\/\\\/www.facebook.com\\\/anovapeneira\\\/\"],\"url\":\"https:\\\/\\\/www.anovapeneira.gal\\\/index.php\\\/author\\\/admin\\\/\"}]}<\/script>\n<!-- \/ Yoast SEO plugin. -->","yoast_head_json":{"title":"Philipphe Petain e a dereita espa\u00f1ola -","robots":{"index":"index","follow":"follow","max-snippet":"max-snippet:-1","max-image-preview":"max-image-preview:large","max-video-preview":"max-video-preview:-1"},"canonical":"https:\/\/www.anovapeneira.gal\/index.php\/2026\/03\/16\/philipphe-petain-e-a-dereita-espanola\/","og_locale":"gl_ES","og_type":"article","og_title":"Philipphe Petain e a dereita espa\u00f1ola -","og_description":"Ao longo de toda a historia da humanidade sempre existiron imperios que baseaban a s\u00faa fortaleza no roubo e na explotaci\u00f3n dos recursos naturais, econ\u00f3micos e humanos doutros pobos que non dispu\u00f1an da forza militar, ou da solvencia pol\u00edtica e econ\u00f3mica necesarias , para defenderse con \u00e9xito cando eran agredido [...]","og_url":"https:\/\/www.anovapeneira.gal\/index.php\/2026\/03\/16\/philipphe-petain-e-a-dereita-espanola\/","article_publisher":"https:\/\/www.facebook.com\/anovapeneira","article_author":"https:\/\/www.facebook.com\/anovapeneira\/","article_published_time":"2026-03-16T09:00:22+00:00","og_image":[{"width":720,"height":432,"url":"https:\/\/www.anovapeneira.gal\/wp-content\/uploads\/2026\/03\/feijoo2.jpg","type":"image\/jpeg"}],"author":"admin","twitter_card":"summary_large_image","twitter_creator":"@APeneira","twitter_site":"@APeneira","twitter_misc":{"Escrito por":"admin","Tempo de lectura":"5 minutos"},"schema":{"@context":"https:\/\/schema.org","@graph":[{"@type":"Article","@id":"https:\/\/www.anovapeneira.gal\/index.php\/2026\/03\/16\/philipphe-petain-e-a-dereita-espanola\/#article","isPartOf":{"@id":"https:\/\/www.anovapeneira.gal\/index.php\/2026\/03\/16\/philipphe-petain-e-a-dereita-espanola\/"},"author":{"name":"admin","@id":"https:\/\/www.anovapeneira.gal\/#\/schema\/person\/fb77575328c93684dae4b0075f90c2cb"},"headline":"Philipphe Petain e a dereita espa\u00f1ola","datePublished":"2026-03-16T09:00:22+00:00","mainEntityOfPage":{"@id":"https:\/\/www.anovapeneira.gal\/index.php\/2026\/03\/16\/philipphe-petain-e-a-dereita-espanola\/"},"wordCount":768,"commentCount":0,"publisher":{"@id":"https:\/\/www.anovapeneira.gal\/#organization"},"image":{"@id":"https:\/\/www.anovapeneira.gal\/index.php\/2026\/03\/16\/philipphe-petain-e-a-dereita-espanola\/#primaryimage"},"thumbnailUrl":"https:\/\/www.anovapeneira.gal\/wp-content\/uploads\/2026\/03\/feijoo2.jpg","articleSection":["Artigo editorial"],"inLanguage":"gl-ES","potentialAction":[{"@type":"CommentAction","name":"Comment","target":["https:\/\/www.anovapeneira.gal\/index.php\/2026\/03\/16\/philipphe-petain-e-a-dereita-espanola\/#respond"]}]},{"@type":"WebPage","@id":"https:\/\/www.anovapeneira.gal\/index.php\/2026\/03\/16\/philipphe-petain-e-a-dereita-espanola\/","url":"https:\/\/www.anovapeneira.gal\/index.php\/2026\/03\/16\/philipphe-petain-e-a-dereita-espanola\/","name":"Philipphe Petain e a dereita espa\u00f1ola -","isPartOf":{"@id":"https:\/\/www.anovapeneira.gal\/#website"},"primaryImageOfPage":{"@id":"https:\/\/www.anovapeneira.gal\/index.php\/2026\/03\/16\/philipphe-petain-e-a-dereita-espanola\/#primaryimage"},"image":{"@id":"https:\/\/www.anovapeneira.gal\/index.php\/2026\/03\/16\/philipphe-petain-e-a-dereita-espanola\/#primaryimage"},"thumbnailUrl":"https:\/\/www.anovapeneira.gal\/wp-content\/uploads\/2026\/03\/feijoo2.jpg","datePublished":"2026-03-16T09:00:22+00:00","breadcrumb":{"@id":"https:\/\/www.anovapeneira.gal\/index.php\/2026\/03\/16\/philipphe-petain-e-a-dereita-espanola\/#breadcrumb"},"inLanguage":"gl-ES","potentialAction":[{"@type":"ReadAction","target":["https:\/\/www.anovapeneira.gal\/index.php\/2026\/03\/16\/philipphe-petain-e-a-dereita-espanola\/"]}]},{"@type":"ImageObject","inLanguage":"gl-ES","@id":"https:\/\/www.anovapeneira.gal\/index.php\/2026\/03\/16\/philipphe-petain-e-a-dereita-espanola\/#primaryimage","url":"https:\/\/www.anovapeneira.gal\/wp-content\/uploads\/2026\/03\/feijoo2.jpg","contentUrl":"https:\/\/www.anovapeneira.gal\/wp-content\/uploads\/2026\/03\/feijoo2.jpg","width":720,"height":432},{"@type":"BreadcrumbList","@id":"https:\/\/www.anovapeneira.gal\/index.php\/2026\/03\/16\/philipphe-petain-e-a-dereita-espanola\/#breadcrumb","itemListElement":[{"@type":"ListItem","position":1,"name":"Portada","item":"https:\/\/www.anovapeneira.gal\/"},{"@type":"ListItem","position":2,"name":"Philipphe Petain e a dereita espa\u00f1ola"}]},{"@type":"WebSite","@id":"https:\/\/www.anovapeneira.gal\/#website","url":"https:\/\/www.anovapeneira.gal\/","name":"","description":"Xornal galego de informaci\u00f3n xeral Publicaci\u00f3n mensual de novas de Galicia e en especial dos Concellos da sur da provincia de Pontevedra.","publisher":{"@id":"https:\/\/www.anovapeneira.gal\/#organization"},"potentialAction":[{"@type":"SearchAction","target":{"@type":"EntryPoint","urlTemplate":"https:\/\/www.anovapeneira.gal\/?s={search_term_string}"},"query-input":{"@type":"PropertyValueSpecification","valueRequired":true,"valueName":"search_term_string"}}],"inLanguage":"gl-ES"},{"@type":"Organization","@id":"https:\/\/www.anovapeneira.gal\/#organization","name":"A Nova Peneira","url":"https:\/\/www.anovapeneira.gal\/","logo":{"@type":"ImageObject","inLanguage":"gl-ES","@id":"https:\/\/www.anovapeneira.gal\/#\/schema\/logo\/image\/","url":"http:\/\/www.anovapeneira.gal\/wp-content\/uploads\/2019\/06\/logo_a_nova_peneira_portal_web.png","contentUrl":"http:\/\/www.anovapeneira.gal\/wp-content\/uploads\/2019\/06\/logo_a_nova_peneira_portal_web.png","width":300,"height":100,"caption":"A Nova Peneira"},"image":{"@id":"https:\/\/www.anovapeneira.gal\/#\/schema\/logo\/image\/"},"sameAs":["https:\/\/www.facebook.com\/anovapeneira","https:\/\/x.com\/APeneira"]},{"@type":"Person","@id":"https:\/\/www.anovapeneira.gal\/#\/schema\/person\/fb77575328c93684dae4b0075f90c2cb","name":"admin","image":{"@type":"ImageObject","inLanguage":"gl-ES","@id":"https:\/\/secure.gravatar.com\/avatar\/df15c36ce375448325e0bc870e91bbee95947a002eb98dcfd6c2b053e18843e9?s=96&d=mm&r=g","url":"https:\/\/secure.gravatar.com\/avatar\/df15c36ce375448325e0bc870e91bbee95947a002eb98dcfd6c2b053e18843e9?s=96&d=mm&r=g","contentUrl":"https:\/\/secure.gravatar.com\/avatar\/df15c36ce375448325e0bc870e91bbee95947a002eb98dcfd6c2b053e18843e9?s=96&d=mm&r=g","caption":"admin"},"description":"Xornal galego de informaci\u00f3n xeral Publicaci\u00f3n mensual de novas de Galicia e en especial dos Concellos da sur da provincia de Pontevedra.","sameAs":["http:\/\/www.anovapeneira.gal\/","https:\/\/www.facebook.com\/anovapeneira\/"],"url":"https:\/\/www.anovapeneira.gal\/index.php\/author\/admin\/"}]}},"jetpack_featured_media_url":"https:\/\/www.anovapeneira.gal\/wp-content\/uploads\/2026\/03\/feijoo2.jpg","_links":{"self":[{"href":"https:\/\/www.anovapeneira.gal\/index.php\/wp-json\/wp\/v2\/posts\/15485","targetHints":{"allow":["GET"]}}],"collection":[{"href":"https:\/\/www.anovapeneira.gal\/index.php\/wp-json\/wp\/v2\/posts"}],"about":[{"href":"https:\/\/www.anovapeneira.gal\/index.php\/wp-json\/wp\/v2\/types\/post"}],"author":[{"embeddable":true,"href":"https:\/\/www.anovapeneira.gal\/index.php\/wp-json\/wp\/v2\/users\/1"}],"replies":[{"embeddable":true,"href":"https:\/\/www.anovapeneira.gal\/index.php\/wp-json\/wp\/v2\/comments?post=15485"}],"version-history":[{"count":1,"href":"https:\/\/www.anovapeneira.gal\/index.php\/wp-json\/wp\/v2\/posts\/15485\/revisions"}],"predecessor-version":[{"id":15487,"href":"https:\/\/www.anovapeneira.gal\/index.php\/wp-json\/wp\/v2\/posts\/15485\/revisions\/15487"}],"wp:featuredmedia":[{"embeddable":true,"href":"https:\/\/www.anovapeneira.gal\/index.php\/wp-json\/wp\/v2\/media\/15486"}],"wp:attachment":[{"href":"https:\/\/www.anovapeneira.gal\/index.php\/wp-json\/wp\/v2\/media?parent=15485"}],"wp:term":[{"taxonomy":"category","embeddable":true,"href":"https:\/\/www.anovapeneira.gal\/index.php\/wp-json\/wp\/v2\/categories?post=15485"},{"taxonomy":"post_tag","embeddable":true,"href":"https:\/\/www.anovapeneira.gal\/index.php\/wp-json\/wp\/v2\/tags?post=15485"}],"curies":[{"name":"wp","href":"https:\/\/api.w.org\/{rel}","templated":true}]}}