{"id":15490,"date":"2026-03-16T12:00:46","date_gmt":"2026-03-16T11:00:46","guid":{"rendered":"https:\/\/www.anovapeneira.gal\/?p=15490"},"modified":"2026-03-12T20:14:13","modified_gmt":"2026-03-12T19:14:13","slug":"as-campas-da-mina-aldea-as-campas-de-san-xoan-de-fornelos","status":"publish","type":"post","link":"https:\/\/www.anovapeneira.gal\/index.php\/2026\/03\/16\/as-campas-da-mina-aldea-as-campas-de-san-xoan-de-fornelos\/","title":{"rendered":"AS CAMP\u00c1S DA MI\u00d1A ALDEA As camp\u00e1s de San Xo\u00e1n de Fornelos"},"content":{"rendered":"\n<pre class=\"wp-block-verse\"><br><strong>Manuel Alfonso Est\u00e9vez, fillo de fornelos da Ribeira<\/strong><\/pre>\n\n\n\n<p><strong>Me queren de veras,<\/strong><\/p>\n\n\n\n<p><strong>Dende cando fun nado<\/strong><\/p>\n\n\n\n<p><strong>E chorar\u00e1n por min cando morra.<\/strong><\/p>\n\n\n\n<p>En t\u00f3dalas aldeas por moi pequenas que sexan, sempre encontramos unha igrexa ou unha capela con elementos identificables singulares como as camp\u00e1s. \u00c9, non hai outro instrumento met\u00e1lico de forma de \u201ccopa invertida\u201d que soe por percusi\u00f3n, composta de 78 partes de cobre e 22 de esta\u00f1o, a que se lle engade zinc.<\/p>\n\n\n\n<p>Narrar a historia das camp\u00e1s en xeral, direi que foi utilizada polos persas, gregos e romanos, na Idade Media, con fins militares. Logo, utilizadas pola Igrexa, para convocar os fieis aos oficios relixiosos, sendo tam\u00e9n mensaxeira doutras finalidades. \u201cLouvar a Deus\u201d, chamar o pobo, chorar polos fillos defuntos, fuxida de tempestades, queimar raios e excitar aos preguizosos.<\/p>\n\n\n\n<p>O son met\u00e1lico eco, sabe levar acento lacrimoso ou alegr\u00eda cando anuncia as romar\u00edas e festas. Lembremos os programas co volteo xeral das camp\u00e1s e o final, o disparo dos foguetes&#8230;<\/p>\n\n\n\n<p>L\u00e9mbrome dos toques das camp\u00e1s a misa, a diario, nos festivos, toques de clamor cando as camp\u00e1s choran en enterros, ou cando se quedan en silencio no Xoves Santo, e estalan co toque de \u201cGloria\u201d, etc.<\/p>\n\n\n\n<p>Estas camp\u00e1s da Igrexa de Fornelos da Ribeira, durante tempos tiveron un significado especial, no toque de nubes, polas traxedias temidas e terribles na \u00e9poca dos nosos bisav\u00f3s, av\u00f3s e avoas, con nubes de primavera e ver\u00e1n que ameazaban en grande cos treb\u00f3ns e pedrisco. Sementando a ru\u00edna das colleitas.<\/p>\n\n\n\n<p>As ovellas asustadas, os vello de xeonllos, temerosos, rezaban ao santos avogados contra as tormentas. Aos santos de pedra&#8230;<\/p>\n\n\n\n<p>O son das camp\u00e1s, que durante s\u00e9culos foron o c\u00f3digo de sinais, indicando os sucesos coti\u00e1s, o Alba, o mediod\u00eda, a oraci\u00f3n, comunicando mediante volteo, chegando ata os recanto da aldea. Se efectuaban as sete da ma\u00f1\u00e1, as doce do mediod\u00eda, e no momento de dar a \u00faltima volta o pucheiro, antes de levarlle a comida o marido ao prado onde estaba traballando.<\/p>\n\n\n\n<p>Hab\u00eda o toque de arrebato reservado aos incendios, pestes e guerras efectuados con rapidez para resaltar a emerxencia do desastre.<\/p>\n\n\n\n<p>As camp\u00e1s da Igrexa de San Xo\u00e1n de Fornelos, foron a principal fonte de comunicaci\u00f3n dos nosos antepasados, e seguen alegrando as festas e romar\u00edas, ou chorando polos mortos. Elas, marcaron o ritmo de vida na fregues\u00eda.<\/p>\n\n\n\n<p>Repenicaron t\u00f3dolos domingos alertando dos perigos, cantaron alegr\u00edas, vodas, bautizos, aliviaron as despedidas, da agon\u00eda e dos mortos, modulando os sentimentos e as emoci\u00f3n dos veci\u00f1os dende tempos inmemoriais.<\/p>\n","protected":false},"excerpt":{"rendered":"<div class=\"mh-excerpt\"><p>En t\u00f3dalas aldeas por moi pequenas que sexan, sempre encontramos unha igrexa ou unha capela con elementos identificables singulares como as camp\u00e1s <a class=\"mh-excerpt-more\" href=\"https:\/\/www.anovapeneira.gal\/index.php\/2026\/03\/16\/as-campas-da-mina-aldea-as-campas-de-san-xoan-de-fornelos\/\" title=\"AS CAMP\u00c1S DA MI\u00d1A ALDEA As camp\u00e1s de San Xo\u00e1n de Fornelos\">[&#8230;]<\/a><\/p>\n<\/div>","protected":false},"author":3,"featured_media":5108,"comment_status":"open","ping_status":"open","sticky":false,"template":"","format":"standard","meta":{"_exactmetrics_skip_tracking":false,"_exactmetrics_sitenote_active":false,"_exactmetrics_sitenote_note":"","_exactmetrics_sitenote_category":0,"footnotes":""},"categories":[7],"tags":[],"class_list":{"0":"post-15490","1":"post","2":"type-post","3":"status-publish","4":"format-standard","5":"has-post-thumbnail","7":"category-artigos-de-opinion"},"yoast_head":"<!-- This site is optimized with the Yoast SEO plugin v27.5 - https:\/\/yoast.com\/product\/yoast-seo-wordpress\/ -->\n<title>AS CAMP\u00c1S DA MI\u00d1A ALDEA As camp\u00e1s de San Xo\u00e1n de Fornelos -<\/title>\n<meta name=\"robots\" content=\"index, follow, max-snippet:-1, max-image-preview:large, max-video-preview:-1\" \/>\n<link rel=\"canonical\" href=\"https:\/\/www.anovapeneira.gal\/index.php\/2026\/03\/16\/as-campas-da-mina-aldea-as-campas-de-san-xoan-de-fornelos\/\" \/>\n<meta property=\"og:locale\" content=\"gl_ES\" \/>\n<meta property=\"og:type\" content=\"article\" \/>\n<meta property=\"og:title\" content=\"AS CAMP\u00c1S DA MI\u00d1A ALDEA As camp\u00e1s de San Xo\u00e1n de Fornelos -\" \/>\n<meta property=\"og:description\" content=\"En t\u00f3dalas aldeas por moi pequenas que sexan, sempre encontramos unha igrexa ou unha capela con elementos identificables singulares como as camp\u00e1s [...]\" \/>\n<meta property=\"og:url\" content=\"https:\/\/www.anovapeneira.gal\/index.php\/2026\/03\/16\/as-campas-da-mina-aldea-as-campas-de-san-xoan-de-fornelos\/\" \/>\n<meta property=\"article:publisher\" content=\"https:\/\/www.facebook.com\/anovapeneira\" \/>\n<meta property=\"article:published_time\" content=\"2026-03-16T11:00:46+00:00\" \/>\n<meta property=\"og:image\" content=\"https:\/\/www.anovapeneira.gal\/wp-content\/uploads\/2021\/03\/manuel_alfonso_estevez.jpg\" \/>\n\t<meta property=\"og:image:width\" content=\"720\" \/>\n\t<meta property=\"og:image:height\" content=\"432\" \/>\n\t<meta property=\"og:image:type\" content=\"image\/jpeg\" \/>\n<meta name=\"author\" content=\"Redacci\u00f3n A Nova Peneira\" \/>\n<meta name=\"twitter:card\" content=\"summary_large_image\" \/>\n<meta name=\"twitter:creator\" content=\"@APeneira\" \/>\n<meta name=\"twitter:site\" content=\"@APeneira\" \/>\n<meta name=\"twitter:label1\" content=\"Escrito por\" \/>\n\t<meta name=\"twitter:data1\" content=\"Redacci\u00f3n A Nova Peneira\" \/>\n\t<meta name=\"twitter:label2\" content=\"Tempo de lectura\" \/>\n\t<meta name=\"twitter:data2\" content=\"3 minutos\" \/>\n<script type=\"application\/ld+json\" class=\"yoast-schema-graph\">{\"@context\":\"https:\\\/\\\/schema.org\",\"@graph\":[{\"@type\":\"Article\",\"@id\":\"https:\\\/\\\/www.anovapeneira.gal\\\/index.php\\\/2026\\\/03\\\/16\\\/as-campas-da-mina-aldea-as-campas-de-san-xoan-de-fornelos\\\/#article\",\"isPartOf\":{\"@id\":\"https:\\\/\\\/www.anovapeneira.gal\\\/index.php\\\/2026\\\/03\\\/16\\\/as-campas-da-mina-aldea-as-campas-de-san-xoan-de-fornelos\\\/\"},\"author\":{\"name\":\"Redacci\u00f3n A Nova Peneira\",\"@id\":\"https:\\\/\\\/www.anovapeneira.gal\\\/#\\\/schema\\\/person\\\/b93e3f8932e3f8da96334607eb6ac6aa\"},\"headline\":\"AS CAMP\u00c1S DA MI\u00d1A ALDEA As camp\u00e1s de San Xo\u00e1n de Fornelos\",\"datePublished\":\"2026-03-16T11:00:46+00:00\",\"mainEntityOfPage\":{\"@id\":\"https:\\\/\\\/www.anovapeneira.gal\\\/index.php\\\/2026\\\/03\\\/16\\\/as-campas-da-mina-aldea-as-campas-de-san-xoan-de-fornelos\\\/\"},\"wordCount\":461,\"commentCount\":0,\"publisher\":{\"@id\":\"https:\\\/\\\/www.anovapeneira.gal\\\/#organization\"},\"image\":{\"@id\":\"https:\\\/\\\/www.anovapeneira.gal\\\/index.php\\\/2026\\\/03\\\/16\\\/as-campas-da-mina-aldea-as-campas-de-san-xoan-de-fornelos\\\/#primaryimage\"},\"thumbnailUrl\":\"https:\\\/\\\/www.anovapeneira.gal\\\/wp-content\\\/uploads\\\/2021\\\/03\\\/manuel_alfonso_estevez.jpg\",\"articleSection\":[\"Artigos de opini\u00f3n\"],\"inLanguage\":\"gl-ES\",\"potentialAction\":[{\"@type\":\"CommentAction\",\"name\":\"Comment\",\"target\":[\"https:\\\/\\\/www.anovapeneira.gal\\\/index.php\\\/2026\\\/03\\\/16\\\/as-campas-da-mina-aldea-as-campas-de-san-xoan-de-fornelos\\\/#respond\"]}]},{\"@type\":\"WebPage\",\"@id\":\"https:\\\/\\\/www.anovapeneira.gal\\\/index.php\\\/2026\\\/03\\\/16\\\/as-campas-da-mina-aldea-as-campas-de-san-xoan-de-fornelos\\\/\",\"url\":\"https:\\\/\\\/www.anovapeneira.gal\\\/index.php\\\/2026\\\/03\\\/16\\\/as-campas-da-mina-aldea-as-campas-de-san-xoan-de-fornelos\\\/\",\"name\":\"AS CAMP\u00c1S DA MI\u00d1A ALDEA As camp\u00e1s de San Xo\u00e1n de Fornelos -\",\"isPartOf\":{\"@id\":\"https:\\\/\\\/www.anovapeneira.gal\\\/#website\"},\"primaryImageOfPage\":{\"@id\":\"https:\\\/\\\/www.anovapeneira.gal\\\/index.php\\\/2026\\\/03\\\/16\\\/as-campas-da-mina-aldea-as-campas-de-san-xoan-de-fornelos\\\/#primaryimage\"},\"image\":{\"@id\":\"https:\\\/\\\/www.anovapeneira.gal\\\/index.php\\\/2026\\\/03\\\/16\\\/as-campas-da-mina-aldea-as-campas-de-san-xoan-de-fornelos\\\/#primaryimage\"},\"thumbnailUrl\":\"https:\\\/\\\/www.anovapeneira.gal\\\/wp-content\\\/uploads\\\/2021\\\/03\\\/manuel_alfonso_estevez.jpg\",\"datePublished\":\"2026-03-16T11:00:46+00:00\",\"breadcrumb\":{\"@id\":\"https:\\\/\\\/www.anovapeneira.gal\\\/index.php\\\/2026\\\/03\\\/16\\\/as-campas-da-mina-aldea-as-campas-de-san-xoan-de-fornelos\\\/#breadcrumb\"},\"inLanguage\":\"gl-ES\",\"potentialAction\":[{\"@type\":\"ReadAction\",\"target\":[\"https:\\\/\\\/www.anovapeneira.gal\\\/index.php\\\/2026\\\/03\\\/16\\\/as-campas-da-mina-aldea-as-campas-de-san-xoan-de-fornelos\\\/\"]}]},{\"@type\":\"ImageObject\",\"inLanguage\":\"gl-ES\",\"@id\":\"https:\\\/\\\/www.anovapeneira.gal\\\/index.php\\\/2026\\\/03\\\/16\\\/as-campas-da-mina-aldea-as-campas-de-san-xoan-de-fornelos\\\/#primaryimage\",\"url\":\"https:\\\/\\\/www.anovapeneira.gal\\\/wp-content\\\/uploads\\\/2021\\\/03\\\/manuel_alfonso_estevez.jpg\",\"contentUrl\":\"https:\\\/\\\/www.anovapeneira.gal\\\/wp-content\\\/uploads\\\/2021\\\/03\\\/manuel_alfonso_estevez.jpg\",\"width\":720,\"height\":432,\"caption\":\"Manuel Alfonso Est\u00e9vez. Historia viva de Fornelos da Ribeira\"},{\"@type\":\"BreadcrumbList\",\"@id\":\"https:\\\/\\\/www.anovapeneira.gal\\\/index.php\\\/2026\\\/03\\\/16\\\/as-campas-da-mina-aldea-as-campas-de-san-xoan-de-fornelos\\\/#breadcrumb\",\"itemListElement\":[{\"@type\":\"ListItem\",\"position\":1,\"name\":\"Portada\",\"item\":\"https:\\\/\\\/www.anovapeneira.gal\\\/\"},{\"@type\":\"ListItem\",\"position\":2,\"name\":\"AS CAMP\u00c1S DA MI\u00d1A ALDEA As camp\u00e1s de San Xo\u00e1n de Fornelos\"}]},{\"@type\":\"WebSite\",\"@id\":\"https:\\\/\\\/www.anovapeneira.gal\\\/#website\",\"url\":\"https:\\\/\\\/www.anovapeneira.gal\\\/\",\"name\":\"\",\"description\":\"Xornal galego de informaci\u00f3n xeral Publicaci\u00f3n mensual de novas de Galicia e en especial dos Concellos da sur da provincia de Pontevedra.\",\"publisher\":{\"@id\":\"https:\\\/\\\/www.anovapeneira.gal\\\/#organization\"},\"potentialAction\":[{\"@type\":\"SearchAction\",\"target\":{\"@type\":\"EntryPoint\",\"urlTemplate\":\"https:\\\/\\\/www.anovapeneira.gal\\\/?s={search_term_string}\"},\"query-input\":{\"@type\":\"PropertyValueSpecification\",\"valueRequired\":true,\"valueName\":\"search_term_string\"}}],\"inLanguage\":\"gl-ES\"},{\"@type\":\"Organization\",\"@id\":\"https:\\\/\\\/www.anovapeneira.gal\\\/#organization\",\"name\":\"A Nova Peneira\",\"url\":\"https:\\\/\\\/www.anovapeneira.gal\\\/\",\"logo\":{\"@type\":\"ImageObject\",\"inLanguage\":\"gl-ES\",\"@id\":\"https:\\\/\\\/www.anovapeneira.gal\\\/#\\\/schema\\\/logo\\\/image\\\/\",\"url\":\"http:\\\/\\\/www.anovapeneira.gal\\\/wp-content\\\/uploads\\\/2019\\\/06\\\/logo_a_nova_peneira_portal_web.png\",\"contentUrl\":\"http:\\\/\\\/www.anovapeneira.gal\\\/wp-content\\\/uploads\\\/2019\\\/06\\\/logo_a_nova_peneira_portal_web.png\",\"width\":300,\"height\":100,\"caption\":\"A Nova Peneira\"},\"image\":{\"@id\":\"https:\\\/\\\/www.anovapeneira.gal\\\/#\\\/schema\\\/logo\\\/image\\\/\"},\"sameAs\":[\"https:\\\/\\\/www.facebook.com\\\/anovapeneira\",\"https:\\\/\\\/x.com\\\/APeneira\"]},{\"@type\":\"Person\",\"@id\":\"https:\\\/\\\/www.anovapeneira.gal\\\/#\\\/schema\\\/person\\\/b93e3f8932e3f8da96334607eb6ac6aa\",\"name\":\"Redacci\u00f3n A Nova Peneira\",\"image\":{\"@type\":\"ImageObject\",\"inLanguage\":\"gl-ES\",\"@id\":\"https:\\\/\\\/secure.gravatar.com\\\/avatar\\\/c052a2551a06e23fac63626232eaa90abd78dbcf1700fc46a2b2c89fd27b735f?s=96&d=mm&r=g\",\"url\":\"https:\\\/\\\/secure.gravatar.com\\\/avatar\\\/c052a2551a06e23fac63626232eaa90abd78dbcf1700fc46a2b2c89fd27b735f?s=96&d=mm&r=g\",\"contentUrl\":\"https:\\\/\\\/secure.gravatar.com\\\/avatar\\\/c052a2551a06e23fac63626232eaa90abd78dbcf1700fc46a2b2c89fd27b735f?s=96&d=mm&r=g\",\"caption\":\"Redacci\u00f3n A Nova Peneira\"},\"sameAs\":[\"http:\\\/\\\/www.anovapeneira.gal\\\/\"],\"url\":\"https:\\\/\\\/www.anovapeneira.gal\\\/index.php\\\/author\\\/redactor\\\/\"}]}<\/script>\n<!-- \/ Yoast SEO plugin. -->","yoast_head_json":{"title":"AS CAMP\u00c1S DA MI\u00d1A ALDEA As camp\u00e1s de San Xo\u00e1n de Fornelos -","robots":{"index":"index","follow":"follow","max-snippet":"max-snippet:-1","max-image-preview":"max-image-preview:large","max-video-preview":"max-video-preview:-1"},"canonical":"https:\/\/www.anovapeneira.gal\/index.php\/2026\/03\/16\/as-campas-da-mina-aldea-as-campas-de-san-xoan-de-fornelos\/","og_locale":"gl_ES","og_type":"article","og_title":"AS CAMP\u00c1S DA MI\u00d1A ALDEA As camp\u00e1s de San Xo\u00e1n de Fornelos -","og_description":"En t\u00f3dalas aldeas por moi pequenas que sexan, sempre encontramos unha igrexa ou unha capela con elementos identificables singulares como as camp\u00e1s [...]","og_url":"https:\/\/www.anovapeneira.gal\/index.php\/2026\/03\/16\/as-campas-da-mina-aldea-as-campas-de-san-xoan-de-fornelos\/","article_publisher":"https:\/\/www.facebook.com\/anovapeneira","article_published_time":"2026-03-16T11:00:46+00:00","og_image":[{"width":720,"height":432,"url":"https:\/\/www.anovapeneira.gal\/wp-content\/uploads\/2021\/03\/manuel_alfonso_estevez.jpg","type":"image\/jpeg"}],"author":"Redacci\u00f3n A Nova Peneira","twitter_card":"summary_large_image","twitter_creator":"@APeneira","twitter_site":"@APeneira","twitter_misc":{"Escrito por":"Redacci\u00f3n A Nova Peneira","Tempo de lectura":"3 minutos"},"schema":{"@context":"https:\/\/schema.org","@graph":[{"@type":"Article","@id":"https:\/\/www.anovapeneira.gal\/index.php\/2026\/03\/16\/as-campas-da-mina-aldea-as-campas-de-san-xoan-de-fornelos\/#article","isPartOf":{"@id":"https:\/\/www.anovapeneira.gal\/index.php\/2026\/03\/16\/as-campas-da-mina-aldea-as-campas-de-san-xoan-de-fornelos\/"},"author":{"name":"Redacci\u00f3n A Nova Peneira","@id":"https:\/\/www.anovapeneira.gal\/#\/schema\/person\/b93e3f8932e3f8da96334607eb6ac6aa"},"headline":"AS CAMP\u00c1S DA MI\u00d1A ALDEA As camp\u00e1s de San Xo\u00e1n de Fornelos","datePublished":"2026-03-16T11:00:46+00:00","mainEntityOfPage":{"@id":"https:\/\/www.anovapeneira.gal\/index.php\/2026\/03\/16\/as-campas-da-mina-aldea-as-campas-de-san-xoan-de-fornelos\/"},"wordCount":461,"commentCount":0,"publisher":{"@id":"https:\/\/www.anovapeneira.gal\/#organization"},"image":{"@id":"https:\/\/www.anovapeneira.gal\/index.php\/2026\/03\/16\/as-campas-da-mina-aldea-as-campas-de-san-xoan-de-fornelos\/#primaryimage"},"thumbnailUrl":"https:\/\/www.anovapeneira.gal\/wp-content\/uploads\/2021\/03\/manuel_alfonso_estevez.jpg","articleSection":["Artigos de opini\u00f3n"],"inLanguage":"gl-ES","potentialAction":[{"@type":"CommentAction","name":"Comment","target":["https:\/\/www.anovapeneira.gal\/index.php\/2026\/03\/16\/as-campas-da-mina-aldea-as-campas-de-san-xoan-de-fornelos\/#respond"]}]},{"@type":"WebPage","@id":"https:\/\/www.anovapeneira.gal\/index.php\/2026\/03\/16\/as-campas-da-mina-aldea-as-campas-de-san-xoan-de-fornelos\/","url":"https:\/\/www.anovapeneira.gal\/index.php\/2026\/03\/16\/as-campas-da-mina-aldea-as-campas-de-san-xoan-de-fornelos\/","name":"AS CAMP\u00c1S DA MI\u00d1A ALDEA As camp\u00e1s de San Xo\u00e1n de Fornelos -","isPartOf":{"@id":"https:\/\/www.anovapeneira.gal\/#website"},"primaryImageOfPage":{"@id":"https:\/\/www.anovapeneira.gal\/index.php\/2026\/03\/16\/as-campas-da-mina-aldea-as-campas-de-san-xoan-de-fornelos\/#primaryimage"},"image":{"@id":"https:\/\/www.anovapeneira.gal\/index.php\/2026\/03\/16\/as-campas-da-mina-aldea-as-campas-de-san-xoan-de-fornelos\/#primaryimage"},"thumbnailUrl":"https:\/\/www.anovapeneira.gal\/wp-content\/uploads\/2021\/03\/manuel_alfonso_estevez.jpg","datePublished":"2026-03-16T11:00:46+00:00","breadcrumb":{"@id":"https:\/\/www.anovapeneira.gal\/index.php\/2026\/03\/16\/as-campas-da-mina-aldea-as-campas-de-san-xoan-de-fornelos\/#breadcrumb"},"inLanguage":"gl-ES","potentialAction":[{"@type":"ReadAction","target":["https:\/\/www.anovapeneira.gal\/index.php\/2026\/03\/16\/as-campas-da-mina-aldea-as-campas-de-san-xoan-de-fornelos\/"]}]},{"@type":"ImageObject","inLanguage":"gl-ES","@id":"https:\/\/www.anovapeneira.gal\/index.php\/2026\/03\/16\/as-campas-da-mina-aldea-as-campas-de-san-xoan-de-fornelos\/#primaryimage","url":"https:\/\/www.anovapeneira.gal\/wp-content\/uploads\/2021\/03\/manuel_alfonso_estevez.jpg","contentUrl":"https:\/\/www.anovapeneira.gal\/wp-content\/uploads\/2021\/03\/manuel_alfonso_estevez.jpg","width":720,"height":432,"caption":"Manuel Alfonso Est\u00e9vez. Historia viva de Fornelos da Ribeira"},{"@type":"BreadcrumbList","@id":"https:\/\/www.anovapeneira.gal\/index.php\/2026\/03\/16\/as-campas-da-mina-aldea-as-campas-de-san-xoan-de-fornelos\/#breadcrumb","itemListElement":[{"@type":"ListItem","position":1,"name":"Portada","item":"https:\/\/www.anovapeneira.gal\/"},{"@type":"ListItem","position":2,"name":"AS CAMP\u00c1S DA MI\u00d1A ALDEA As camp\u00e1s de San Xo\u00e1n de Fornelos"}]},{"@type":"WebSite","@id":"https:\/\/www.anovapeneira.gal\/#website","url":"https:\/\/www.anovapeneira.gal\/","name":"","description":"Xornal galego de informaci\u00f3n xeral Publicaci\u00f3n mensual de novas de Galicia e en especial dos Concellos da sur da provincia de Pontevedra.","publisher":{"@id":"https:\/\/www.anovapeneira.gal\/#organization"},"potentialAction":[{"@type":"SearchAction","target":{"@type":"EntryPoint","urlTemplate":"https:\/\/www.anovapeneira.gal\/?s={search_term_string}"},"query-input":{"@type":"PropertyValueSpecification","valueRequired":true,"valueName":"search_term_string"}}],"inLanguage":"gl-ES"},{"@type":"Organization","@id":"https:\/\/www.anovapeneira.gal\/#organization","name":"A Nova Peneira","url":"https:\/\/www.anovapeneira.gal\/","logo":{"@type":"ImageObject","inLanguage":"gl-ES","@id":"https:\/\/www.anovapeneira.gal\/#\/schema\/logo\/image\/","url":"http:\/\/www.anovapeneira.gal\/wp-content\/uploads\/2019\/06\/logo_a_nova_peneira_portal_web.png","contentUrl":"http:\/\/www.anovapeneira.gal\/wp-content\/uploads\/2019\/06\/logo_a_nova_peneira_portal_web.png","width":300,"height":100,"caption":"A Nova Peneira"},"image":{"@id":"https:\/\/www.anovapeneira.gal\/#\/schema\/logo\/image\/"},"sameAs":["https:\/\/www.facebook.com\/anovapeneira","https:\/\/x.com\/APeneira"]},{"@type":"Person","@id":"https:\/\/www.anovapeneira.gal\/#\/schema\/person\/b93e3f8932e3f8da96334607eb6ac6aa","name":"Redacci\u00f3n A Nova Peneira","image":{"@type":"ImageObject","inLanguage":"gl-ES","@id":"https:\/\/secure.gravatar.com\/avatar\/c052a2551a06e23fac63626232eaa90abd78dbcf1700fc46a2b2c89fd27b735f?s=96&d=mm&r=g","url":"https:\/\/secure.gravatar.com\/avatar\/c052a2551a06e23fac63626232eaa90abd78dbcf1700fc46a2b2c89fd27b735f?s=96&d=mm&r=g","contentUrl":"https:\/\/secure.gravatar.com\/avatar\/c052a2551a06e23fac63626232eaa90abd78dbcf1700fc46a2b2c89fd27b735f?s=96&d=mm&r=g","caption":"Redacci\u00f3n A Nova Peneira"},"sameAs":["http:\/\/www.anovapeneira.gal\/"],"url":"https:\/\/www.anovapeneira.gal\/index.php\/author\/redactor\/"}]}},"jetpack_featured_media_url":"https:\/\/www.anovapeneira.gal\/wp-content\/uploads\/2021\/03\/manuel_alfonso_estevez.jpg","_links":{"self":[{"href":"https:\/\/www.anovapeneira.gal\/index.php\/wp-json\/wp\/v2\/posts\/15490","targetHints":{"allow":["GET"]}}],"collection":[{"href":"https:\/\/www.anovapeneira.gal\/index.php\/wp-json\/wp\/v2\/posts"}],"about":[{"href":"https:\/\/www.anovapeneira.gal\/index.php\/wp-json\/wp\/v2\/types\/post"}],"author":[{"embeddable":true,"href":"https:\/\/www.anovapeneira.gal\/index.php\/wp-json\/wp\/v2\/users\/3"}],"replies":[{"embeddable":true,"href":"https:\/\/www.anovapeneira.gal\/index.php\/wp-json\/wp\/v2\/comments?post=15490"}],"version-history":[{"count":2,"href":"https:\/\/www.anovapeneira.gal\/index.php\/wp-json\/wp\/v2\/posts\/15490\/revisions"}],"predecessor-version":[{"id":15492,"href":"https:\/\/www.anovapeneira.gal\/index.php\/wp-json\/wp\/v2\/posts\/15490\/revisions\/15492"}],"wp:featuredmedia":[{"embeddable":true,"href":"https:\/\/www.anovapeneira.gal\/index.php\/wp-json\/wp\/v2\/media\/5108"}],"wp:attachment":[{"href":"https:\/\/www.anovapeneira.gal\/index.php\/wp-json\/wp\/v2\/media?parent=15490"}],"wp:term":[{"taxonomy":"category","embeddable":true,"href":"https:\/\/www.anovapeneira.gal\/index.php\/wp-json\/wp\/v2\/categories?post=15490"},{"taxonomy":"post_tag","embeddable":true,"href":"https:\/\/www.anovapeneira.gal\/index.php\/wp-json\/wp\/v2\/tags?post=15490"}],"curies":[{"name":"wp","href":"https:\/\/api.w.org\/{rel}","templated":true}]}}