{"id":15498,"date":"2026-03-17T12:00:38","date_gmt":"2026-03-17T11:00:38","guid":{"rendered":"https:\/\/www.anovapeneira.gal\/?p=15498"},"modified":"2026-03-16T18:07:11","modified_gmt":"2026-03-16T17:07:11","slug":"elena-gallego-e-mayka-brana-achegannos-ao-universo-dos-furanchos","status":"publish","type":"post","link":"https:\/\/www.anovapeneira.gal\/index.php\/2026\/03\/17\/elena-gallego-e-mayka-brana-achegannos-ao-universo-dos-furanchos\/","title":{"rendered":"Elena Gallego e Mayka Bra\u00f1a ach\u00e9gannos ao universo dos furanchos"},"content":{"rendered":"\n<p>Hai historias que nacen dun encontro casual e acaban convert\u00e9ndose nun proxecto audiovisual capaz de levar un anaco de pa\u00eds \u00e1s pantallas. Iso \u00e9, en boa medida, o que aconteceu con <em><strong>Furancho, bota vi\u00f1o!,<\/strong><\/em> unha curtametraxe rodada nun aut\u00e9ntico furancho das R\u00edas Baixas que mestura humor, tradici\u00f3n e unha mirada moi pr\u00f3xima \u00e1 cultura popular galega. O proxecto xorde dunha conversa entre a escritora e xornalista Elena Gallego Abad e a actriz Mayka Bra\u00f1a durante unha viaxe entre Mar\u00edn e Vigo, cando decidiron unir creatividade e experiencia para dar forma a unha historia ambientada nun destes espazos tan propios da nosa identidade gastron\u00f3mica e social.<\/p>\n\n\n\n<p>A curta, dirixida por Mayka Bra\u00f1a e con gui\u00f3n e produci\u00f3n executiva de Gallego Abad, recrea a reapertura dun furancho familiar onde nada sae exactamente como estaba previsto: unha matriarca accidentada, unha coci\u00f1eira desaparecida, clientes que chegan cun televisor para ver f\u00fatbol ou mesmo a posible irrupci\u00f3n dun influencer da chamada \u201cfuranchoesfera\u201d. Todo iso constr\u00fae unha comedia coral rodada nun furancho real de Mar\u00edn, cun amplo elenco de actores e actrices da escena galega.<\/p>\n\n\n\n<p>Falamos con Elena Gallego Abad sobre a x\u00e9nese desta historia, o valor cultural dos furanchos e o desaf\u00edo de levar \u00e1 pantalla un universo tan enxebre como universal.<\/p>\n\n\n\n<p><em><strong>Despois dunha longa traxectoria na literatura, especialmente coa saga Dragal, que a levou a dar o salto ao audiovisual e \u00e1 produci\u00f3n dunha curtametraxe?<\/strong><\/em><\/p>\n\n\n\n<blockquote class=\"wp-block-quote is-layout-flow wp-block-quote-is-layout-flow\">\n<p>Pois a necesidade de contar as mi\u00f1as historias doutra maneira. Hai uns anos quedou no aire a posibilidade de levar a saga Dragal ao audiovisual sendo conscientes de que ser\u00eda unha produci\u00f3n multimillonaria polo que, desta volta, decid\u00edn formar parte do gremio de maneira directa. Para iso estiven prepar\u00e1ndome con formaci\u00f3ns que fixo RTVE e continuo fac\u00e9ndoo coa Universidade de Vigo.<\/p>\n<\/blockquote>\n\n\n\n<p><em><strong>En que intre xurde a posibilidade de Furancho, bota vi\u00f1o! de maneira m\u00e1is clara?<\/strong><\/em><\/p>\n\n\n\n<blockquote class=\"wp-block-quote is-layout-flow wp-block-quote-is-layout-flow\">\n<p>Pois todo comezou nunha conversa entre Mayka Bra\u00f1a e eu, nunha viaxe cami\u00f1o de Vigo.<\/p>\n<\/blockquote>\n\n\n\n<p><em><strong>O furancho \u00e9 un espazo moi particular da cultura popular galega. Que lle interesaba narrativamente deste universo?<\/strong><\/em><\/p>\n\n\n\n<blockquote class=\"wp-block-quote is-layout-flow wp-block-quote-is-layout-flow\">\n<p>O que me interesa \u00e9 contar cousas que me tocan na mi\u00f1a contorna. O furancho te\u00f1o a sorte ou a desgraza de telo casa, co cal viv\u00edn desde un primeiro plano todo o proceso de apertura e de mantemento. Grazas a iso descubr\u00edn a importancia de contalo.<\/p>\n<\/blockquote>\n\n\n\n<p><em><strong>Desde esa perspectiva intentas explicar o que \u00e9 un furancho polo tanto.<\/strong><\/em><\/p>\n\n\n\n<blockquote class=\"wp-block-quote is-layout-flow wp-block-quote-is-layout-flow\">\n<p>Quer\u00eda contalo con sentido do humor e sen buscar o chiste f\u00e1cil. Quer\u00edamos crear humor de situaci\u00f3n e non estar na procura da frase f\u00e1cil.<\/p>\n<\/blockquote>\n\n\n\n<p><em><strong>A cuesti\u00f3n \u00e9 se Isto vai quedar aqu\u00ed, mais tendo en conta o elevado custo que ten o audiovisual.<\/strong><\/em><\/p>\n\n\n\n<blockquote class=\"wp-block-quote is-layout-flow wp-block-quote-is-layout-flow\">\n<p>E tanto que \u00e9 caro, car\u00edsimo. Estamos a falar de que para unha curtametraxe de vinte minutos, o orzamento chegou \u00e1s cinco cifras e todo isto contando con que os actores son amigos que botaron unha man de xeito altru\u00edsta e que dispo\u00f1\u00edamos do espazo de gravaci\u00f3n.<\/p>\n<\/blockquote>\n\n\n\n<blockquote class=\"wp-block-quote is-layout-flow wp-block-quote-is-layout-flow\">\n<p>O que se pretende \u00e9 que ademais dunha curtametraxe, isto sexa tam\u00e9n o cap\u00edtulo piloto dunha serie na que estou a traballar.<\/p>\n<\/blockquote>\n\n\n\n<p><em><strong>Nesta curtametraxe participa como produtora e tam\u00e9n como autora do gui\u00f3n. Como foi o proceso de levar esa historia do papel \u00e1 pantalla?<\/strong><\/em><\/p>\n\n\n\n<blockquote class=\"wp-block-quote is-layout-flow wp-block-quote-is-layout-flow\">\n<p>Estiven e estou form\u00e1ndome, te\u00f1o o espazo no que se gravou, e comecei a escribir o gui\u00f3n pensando nos actores. Os papeis foron escritos para os actores que finalmente interpretaron. Por exemplo, o papel de Carlos Blanco.<\/p>\n<\/blockquote>\n\n\n\n<p><em><strong>Canto tempo tivestes que investir na rodaxe da curta?<\/strong><\/em><\/p>\n\n\n\n<blockquote class=\"wp-block-quote is-layout-flow wp-block-quote-is-layout-flow\">\n<p>Pois houbo que rodar en dous d\u00edas. S\u00f3 ti\u00f1amos ese tempo. Houbo que cadrar as axendas como se puido para facelo as\u00ed porque \u00e1 inmensa complicaci\u00f3n da axenda dos actores e actrices, sum\u00e1base tam\u00e9n se axenda de <em>13 amarillo, <\/em>que o furancho ten os seus horarios\u2026<\/p>\n<\/blockquote>\n\n\n\n<blockquote class=\"wp-block-quote is-layout-flow wp-block-quote-is-layout-flow\">\n<p>Cadrar as axendas daba como resultado ter que gravalo nun tempo determinado, ademais, por suposto, da cuesti\u00f3n econ\u00f3mica, posto que cada d\u00eda suma.<\/p>\n<\/blockquote>\n\n\n\n<p><em><strong>A historia mestura tradici\u00f3n (o furancho familiar) con elementos contempor\u00e1neos como influencers ou f\u00fatbol televisado. Esa mestura reviste a situaci\u00f3n actual destes espazos tradicion\u00e1is?<\/strong><\/em><\/p>\n\n\n\n<blockquote class=\"wp-block-quote is-layout-flow wp-block-quote-is-layout-flow\">\n<p>O que resulta da curtametraxe \u00e9 un xogo de espellos contrapostos. A profesionalidade que representa a personaxe que interpreta Mayka fronte a quien fai as cousas, pois como se fac\u00edan\u2026<\/p>\n<\/blockquote>\n\n\n\n<blockquote class=\"wp-block-quote is-layout-flow wp-block-quote-is-layout-flow\">\n<p>En definitiva, unha contraposici\u00f3n de xuventude e experiencia; modernidade e tradici\u00f3n.<\/p>\n<\/blockquote>\n\n\n\n<blockquote class=\"wp-block-quote is-layout-flow wp-block-quote-is-layout-flow\">\n<p>Como ben dis, hai ata un influencer, despois resulta que queren ver o f\u00fatbol cando a normativa non o permite. Mest\u00farase o encanto e tradici\u00f3n dos furanchos con elementos modernos, que na realidade \u00e9 o que explica, en parte, a boa sa\u00fade e bo momento do que gozan os furanchos.<\/p>\n<\/blockquote>\n\n\n\n<p><em><strong>Polo tanto, sabendo que este proxecto naceu con vocaci\u00f3n de crecer cara a unha serie ou longametraxe. En que punto est\u00e1 agora esa posibilidade?<\/strong><\/em><\/p>\n\n\n\n<blockquote class=\"wp-block-quote is-layout-flow wp-block-quote-is-layout-flow\">\n<p>Pois primeiro de todo, estou no punto de facer as cousas ben. Isto naceu como curtametraxe \u00e9 agora mesmo continuo form\u00e1ndome para co tempo, e unha vez feita a <em>biblia<\/em> da serie, venderlla a unha cadena.<\/p>\n<\/blockquote>\n\n\n\n<p><em><strong>V\u00e9n do mundo da literatura, onde o control creativo \u00e9 m\u00e1is directo. Que foi o m\u00e1is sorprendente, ou dif\u00edcil, ao traballar nun equipo audiovisual?<\/strong><\/em><\/p>\n\n\n\n<blockquote class=\"wp-block-quote is-layout-flow wp-block-quote-is-layout-flow\">\n<p>Eu son xornalista, traballei na radio ent\u00f3n en certo modo algo ti\u00f1a de bagaxe, tam\u00e9n sab\u00eda que \u00eda ser caro e tam\u00e9n era sabedora, grazas a que me fun formando, das diferencias que hai entre unha cousa \u00e9 outra.<\/p>\n<\/blockquote>\n\n\n\n<blockquote class=\"wp-block-quote is-layout-flow wp-block-quote-is-layout-flow\">\n<p>Nunha novela con d\u00faas frases, podo mudar o mundo do lector, pero no audiovisual esas d\u00faas frases, ese mundo que quero mudar, o espectador ten que miralo, e iso \u00e9 caro.<\/p>\n<\/blockquote>\n\n\n\n<p><em><strong>Despois desta experiencia, cara onde se dirixe agora Elena Gallego: novos libros, novos gui\u00f3ns ou m\u00e1is proxectos para cine e televisi\u00f3n?<\/strong><\/em><\/p>\n\n\n\n<blockquote class=\"wp-block-quote is-layout-flow wp-block-quote-is-layout-flow\">\n<p>No eido audiovisual continuo form\u00e1ndome co obxectivo de chegar a ser <em>showrunner<\/em>.<\/p>\n<\/blockquote>\n\n\n\n<blockquote class=\"wp-block-quote is-layout-flow wp-block-quote-is-layout-flow\">\n<p>No literario hai un par de cousi\u00f1as por a\u00ed nas que te\u00f1a moita ilusi\u00f3n depositada.<\/p>\n<\/blockquote>\n\n\n\n<p><em><strong>Para rematar, a colecci\u00f3n Dragal que posibilidades ten de que chegar \u00e1 pantalla?<\/strong><\/em><\/p>\n\n\n\n<blockquote class=\"wp-block-quote is-layout-flow wp-block-quote-is-layout-flow\">\n<p>Bueno, a\u00ed est\u00e1 en estudo e con esperanzas depositadas en que ao mellor poida chegar \u00e1 bo porto.<\/p>\n<\/blockquote>\n\n\n\n<p><\/p>\n","protected":false},"excerpt":{"rendered":"<div class=\"mh-excerpt\"><p>Hai historias que nacen dun encontro casual e acaban convert\u00e9ndose nun proxecto audiovisual capaz de levar un anaco de pa\u00eds \u00e1s pantallas. Iso \u00e9, en boa medida, o que aconteceu con Furancho <a class=\"mh-excerpt-more\" href=\"https:\/\/www.anovapeneira.gal\/index.php\/2026\/03\/17\/elena-gallego-e-mayka-brana-achegannos-ao-universo-dos-furanchos\/\" title=\"Elena Gallego e Mayka Bra\u00f1a ach\u00e9gannos ao universo dos furanchos\">[&#8230;]<\/a><\/p>\n<\/div>","protected":false},"author":23,"featured_media":15499,"comment_status":"open","ping_status":"open","sticky":false,"template":"","format":"standard","meta":{"_exactmetrics_skip_tracking":false,"_exactmetrics_sitenote_active":false,"_exactmetrics_sitenote_note":"","_exactmetrics_sitenote_category":0,"footnotes":""},"categories":[22],"tags":[1478],"class_list":{"0":"post-15498","1":"post","2":"type-post","3":"status-publish","4":"format-standard","5":"has-post-thumbnail","7":"category-morrazo","8":"tag-rias-baixas"},"yoast_head":"<!-- This site is optimized with the Yoast SEO plugin v27.5 - https:\/\/yoast.com\/product\/yoast-seo-wordpress\/ -->\n<title>Elena Gallego e Mayka Bra\u00f1a ach\u00e9gannos ao universo dos furanchos -<\/title>\n<meta name=\"robots\" content=\"index, follow, max-snippet:-1, max-image-preview:large, max-video-preview:-1\" \/>\n<link rel=\"canonical\" href=\"https:\/\/www.anovapeneira.gal\/index.php\/2026\/03\/17\/elena-gallego-e-mayka-brana-achegannos-ao-universo-dos-furanchos\/\" \/>\n<meta property=\"og:locale\" content=\"gl_ES\" \/>\n<meta property=\"og:type\" content=\"article\" \/>\n<meta property=\"og:title\" content=\"Elena Gallego e Mayka Bra\u00f1a ach\u00e9gannos ao universo dos furanchos -\" \/>\n<meta property=\"og:description\" content=\"Hai historias que nacen dun encontro casual e acaban convert\u00e9ndose nun proxecto audiovisual capaz de levar un anaco de pa\u00eds \u00e1s pantallas. Iso \u00e9, en boa medida, o que aconteceu con Furancho [...]\" \/>\n<meta property=\"og:url\" content=\"https:\/\/www.anovapeneira.gal\/index.php\/2026\/03\/17\/elena-gallego-e-mayka-brana-achegannos-ao-universo-dos-furanchos\/\" \/>\n<meta property=\"article:publisher\" content=\"https:\/\/www.facebook.com\/anovapeneira\" \/>\n<meta property=\"article:published_time\" content=\"2026-03-17T11:00:38+00:00\" \/>\n<meta property=\"og:image\" content=\"https:\/\/www.anovapeneira.gal\/wp-content\/uploads\/2026\/03\/elena_gallego.jpg\" \/>\n\t<meta property=\"og:image:width\" content=\"720\" \/>\n\t<meta property=\"og:image:height\" content=\"432\" \/>\n\t<meta property=\"og:image:type\" content=\"image\/jpeg\" \/>\n<meta name=\"author\" content=\"Aar\u00f3n Franco\" \/>\n<meta name=\"twitter:card\" content=\"summary_large_image\" \/>\n<meta name=\"twitter:creator\" content=\"@APeneira\" \/>\n<meta name=\"twitter:site\" content=\"@APeneira\" \/>\n<meta name=\"twitter:label1\" content=\"Escrito por\" \/>\n\t<meta name=\"twitter:data1\" content=\"Aar\u00f3n Franco\" \/>\n\t<meta name=\"twitter:label2\" content=\"Tempo de lectura\" \/>\n\t<meta name=\"twitter:data2\" content=\"3 minutos\" \/>\n<script type=\"application\/ld+json\" class=\"yoast-schema-graph\">{\"@context\":\"https:\\\/\\\/schema.org\",\"@graph\":[{\"@type\":\"Article\",\"@id\":\"https:\\\/\\\/www.anovapeneira.gal\\\/index.php\\\/2026\\\/03\\\/17\\\/elena-gallego-e-mayka-brana-achegannos-ao-universo-dos-furanchos\\\/#article\",\"isPartOf\":{\"@id\":\"https:\\\/\\\/www.anovapeneira.gal\\\/index.php\\\/2026\\\/03\\\/17\\\/elena-gallego-e-mayka-brana-achegannos-ao-universo-dos-furanchos\\\/\"},\"author\":{\"name\":\"Aar\u00f3n Franco\",\"@id\":\"https:\\\/\\\/www.anovapeneira.gal\\\/#\\\/schema\\\/person\\\/a907e49c1885c12d6f281770afd68766\"},\"headline\":\"Elena Gallego e Mayka Bra\u00f1a ach\u00e9gannos ao universo dos furanchos\",\"datePublished\":\"2026-03-17T11:00:38+00:00\",\"mainEntityOfPage\":{\"@id\":\"https:\\\/\\\/www.anovapeneira.gal\\\/index.php\\\/2026\\\/03\\\/17\\\/elena-gallego-e-mayka-brana-achegannos-ao-universo-dos-furanchos\\\/\"},\"wordCount\":1081,\"commentCount\":0,\"publisher\":{\"@id\":\"https:\\\/\\\/www.anovapeneira.gal\\\/#organization\"},\"image\":{\"@id\":\"https:\\\/\\\/www.anovapeneira.gal\\\/index.php\\\/2026\\\/03\\\/17\\\/elena-gallego-e-mayka-brana-achegannos-ao-universo-dos-furanchos\\\/#primaryimage\"},\"thumbnailUrl\":\"https:\\\/\\\/www.anovapeneira.gal\\\/wp-content\\\/uploads\\\/2026\\\/03\\\/elena_gallego.jpg\",\"keywords\":[\"R\u00edas Baixas\"],\"articleSection\":[\"Morrazo\"],\"inLanguage\":\"gl-ES\",\"potentialAction\":[{\"@type\":\"CommentAction\",\"name\":\"Comment\",\"target\":[\"https:\\\/\\\/www.anovapeneira.gal\\\/index.php\\\/2026\\\/03\\\/17\\\/elena-gallego-e-mayka-brana-achegannos-ao-universo-dos-furanchos\\\/#respond\"]}]},{\"@type\":\"WebPage\",\"@id\":\"https:\\\/\\\/www.anovapeneira.gal\\\/index.php\\\/2026\\\/03\\\/17\\\/elena-gallego-e-mayka-brana-achegannos-ao-universo-dos-furanchos\\\/\",\"url\":\"https:\\\/\\\/www.anovapeneira.gal\\\/index.php\\\/2026\\\/03\\\/17\\\/elena-gallego-e-mayka-brana-achegannos-ao-universo-dos-furanchos\\\/\",\"name\":\"Elena Gallego e Mayka Bra\u00f1a ach\u00e9gannos ao universo dos furanchos -\",\"isPartOf\":{\"@id\":\"https:\\\/\\\/www.anovapeneira.gal\\\/#website\"},\"primaryImageOfPage\":{\"@id\":\"https:\\\/\\\/www.anovapeneira.gal\\\/index.php\\\/2026\\\/03\\\/17\\\/elena-gallego-e-mayka-brana-achegannos-ao-universo-dos-furanchos\\\/#primaryimage\"},\"image\":{\"@id\":\"https:\\\/\\\/www.anovapeneira.gal\\\/index.php\\\/2026\\\/03\\\/17\\\/elena-gallego-e-mayka-brana-achegannos-ao-universo-dos-furanchos\\\/#primaryimage\"},\"thumbnailUrl\":\"https:\\\/\\\/www.anovapeneira.gal\\\/wp-content\\\/uploads\\\/2026\\\/03\\\/elena_gallego.jpg\",\"datePublished\":\"2026-03-17T11:00:38+00:00\",\"breadcrumb\":{\"@id\":\"https:\\\/\\\/www.anovapeneira.gal\\\/index.php\\\/2026\\\/03\\\/17\\\/elena-gallego-e-mayka-brana-achegannos-ao-universo-dos-furanchos\\\/#breadcrumb\"},\"inLanguage\":\"gl-ES\",\"potentialAction\":[{\"@type\":\"ReadAction\",\"target\":[\"https:\\\/\\\/www.anovapeneira.gal\\\/index.php\\\/2026\\\/03\\\/17\\\/elena-gallego-e-mayka-brana-achegannos-ao-universo-dos-furanchos\\\/\"]}]},{\"@type\":\"ImageObject\",\"inLanguage\":\"gl-ES\",\"@id\":\"https:\\\/\\\/www.anovapeneira.gal\\\/index.php\\\/2026\\\/03\\\/17\\\/elena-gallego-e-mayka-brana-achegannos-ao-universo-dos-furanchos\\\/#primaryimage\",\"url\":\"https:\\\/\\\/www.anovapeneira.gal\\\/wp-content\\\/uploads\\\/2026\\\/03\\\/elena_gallego.jpg\",\"contentUrl\":\"https:\\\/\\\/www.anovapeneira.gal\\\/wp-content\\\/uploads\\\/2026\\\/03\\\/elena_gallego.jpg\",\"width\":720,\"height\":432},{\"@type\":\"BreadcrumbList\",\"@id\":\"https:\\\/\\\/www.anovapeneira.gal\\\/index.php\\\/2026\\\/03\\\/17\\\/elena-gallego-e-mayka-brana-achegannos-ao-universo-dos-furanchos\\\/#breadcrumb\",\"itemListElement\":[{\"@type\":\"ListItem\",\"position\":1,\"name\":\"Portada\",\"item\":\"https:\\\/\\\/www.anovapeneira.gal\\\/\"},{\"@type\":\"ListItem\",\"position\":2,\"name\":\"Elena Gallego e Mayka Bra\u00f1a ach\u00e9gannos ao universo dos furanchos\"}]},{\"@type\":\"WebSite\",\"@id\":\"https:\\\/\\\/www.anovapeneira.gal\\\/#website\",\"url\":\"https:\\\/\\\/www.anovapeneira.gal\\\/\",\"name\":\"\",\"description\":\"Xornal galego de informaci\u00f3n xeral Publicaci\u00f3n mensual de novas de Galicia e en especial dos Concellos da sur da provincia de Pontevedra.\",\"publisher\":{\"@id\":\"https:\\\/\\\/www.anovapeneira.gal\\\/#organization\"},\"potentialAction\":[{\"@type\":\"SearchAction\",\"target\":{\"@type\":\"EntryPoint\",\"urlTemplate\":\"https:\\\/\\\/www.anovapeneira.gal\\\/?s={search_term_string}\"},\"query-input\":{\"@type\":\"PropertyValueSpecification\",\"valueRequired\":true,\"valueName\":\"search_term_string\"}}],\"inLanguage\":\"gl-ES\"},{\"@type\":\"Organization\",\"@id\":\"https:\\\/\\\/www.anovapeneira.gal\\\/#organization\",\"name\":\"A Nova Peneira\",\"url\":\"https:\\\/\\\/www.anovapeneira.gal\\\/\",\"logo\":{\"@type\":\"ImageObject\",\"inLanguage\":\"gl-ES\",\"@id\":\"https:\\\/\\\/www.anovapeneira.gal\\\/#\\\/schema\\\/logo\\\/image\\\/\",\"url\":\"http:\\\/\\\/www.anovapeneira.gal\\\/wp-content\\\/uploads\\\/2019\\\/06\\\/logo_a_nova_peneira_portal_web.png\",\"contentUrl\":\"http:\\\/\\\/www.anovapeneira.gal\\\/wp-content\\\/uploads\\\/2019\\\/06\\\/logo_a_nova_peneira_portal_web.png\",\"width\":300,\"height\":100,\"caption\":\"A Nova Peneira\"},\"image\":{\"@id\":\"https:\\\/\\\/www.anovapeneira.gal\\\/#\\\/schema\\\/logo\\\/image\\\/\"},\"sameAs\":[\"https:\\\/\\\/www.facebook.com\\\/anovapeneira\",\"https:\\\/\\\/x.com\\\/APeneira\"]},{\"@type\":\"Person\",\"@id\":\"https:\\\/\\\/www.anovapeneira.gal\\\/#\\\/schema\\\/person\\\/a907e49c1885c12d6f281770afd68766\",\"name\":\"Aar\u00f3n Franco\",\"image\":{\"@type\":\"ImageObject\",\"inLanguage\":\"gl-ES\",\"@id\":\"https:\\\/\\\/secure.gravatar.com\\\/avatar\\\/82f0614fe09ae3f066983f8d670d0ff15a0917fefe52b93ffa425275b87d6102?s=96&d=mm&r=g\",\"url\":\"https:\\\/\\\/secure.gravatar.com\\\/avatar\\\/82f0614fe09ae3f066983f8d670d0ff15a0917fefe52b93ffa425275b87d6102?s=96&d=mm&r=g\",\"contentUrl\":\"https:\\\/\\\/secure.gravatar.com\\\/avatar\\\/82f0614fe09ae3f066983f8d670d0ff15a0917fefe52b93ffa425275b87d6102?s=96&d=mm&r=g\",\"caption\":\"Aar\u00f3n Franco\"},\"sameAs\":[\"http:\\\/\\\/www.anovapeneira.gal\\\/\"],\"url\":\"https:\\\/\\\/www.anovapeneira.gal\\\/index.php\\\/author\\\/aaron-franco\\\/\"}]}<\/script>\n<!-- \/ Yoast SEO plugin. -->","yoast_head_json":{"title":"Elena Gallego e Mayka Bra\u00f1a ach\u00e9gannos ao universo dos furanchos -","robots":{"index":"index","follow":"follow","max-snippet":"max-snippet:-1","max-image-preview":"max-image-preview:large","max-video-preview":"max-video-preview:-1"},"canonical":"https:\/\/www.anovapeneira.gal\/index.php\/2026\/03\/17\/elena-gallego-e-mayka-brana-achegannos-ao-universo-dos-furanchos\/","og_locale":"gl_ES","og_type":"article","og_title":"Elena Gallego e Mayka Bra\u00f1a ach\u00e9gannos ao universo dos furanchos -","og_description":"Hai historias que nacen dun encontro casual e acaban convert\u00e9ndose nun proxecto audiovisual capaz de levar un anaco de pa\u00eds \u00e1s pantallas. Iso \u00e9, en boa medida, o que aconteceu con Furancho [...]","og_url":"https:\/\/www.anovapeneira.gal\/index.php\/2026\/03\/17\/elena-gallego-e-mayka-brana-achegannos-ao-universo-dos-furanchos\/","article_publisher":"https:\/\/www.facebook.com\/anovapeneira","article_published_time":"2026-03-17T11:00:38+00:00","og_image":[{"width":720,"height":432,"url":"https:\/\/www.anovapeneira.gal\/wp-content\/uploads\/2026\/03\/elena_gallego.jpg","type":"image\/jpeg"}],"author":"Aar\u00f3n Franco","twitter_card":"summary_large_image","twitter_creator":"@APeneira","twitter_site":"@APeneira","twitter_misc":{"Escrito por":"Aar\u00f3n Franco","Tempo de lectura":"3 minutos"},"schema":{"@context":"https:\/\/schema.org","@graph":[{"@type":"Article","@id":"https:\/\/www.anovapeneira.gal\/index.php\/2026\/03\/17\/elena-gallego-e-mayka-brana-achegannos-ao-universo-dos-furanchos\/#article","isPartOf":{"@id":"https:\/\/www.anovapeneira.gal\/index.php\/2026\/03\/17\/elena-gallego-e-mayka-brana-achegannos-ao-universo-dos-furanchos\/"},"author":{"name":"Aar\u00f3n Franco","@id":"https:\/\/www.anovapeneira.gal\/#\/schema\/person\/a907e49c1885c12d6f281770afd68766"},"headline":"Elena Gallego e Mayka Bra\u00f1a ach\u00e9gannos ao universo dos furanchos","datePublished":"2026-03-17T11:00:38+00:00","mainEntityOfPage":{"@id":"https:\/\/www.anovapeneira.gal\/index.php\/2026\/03\/17\/elena-gallego-e-mayka-brana-achegannos-ao-universo-dos-furanchos\/"},"wordCount":1081,"commentCount":0,"publisher":{"@id":"https:\/\/www.anovapeneira.gal\/#organization"},"image":{"@id":"https:\/\/www.anovapeneira.gal\/index.php\/2026\/03\/17\/elena-gallego-e-mayka-brana-achegannos-ao-universo-dos-furanchos\/#primaryimage"},"thumbnailUrl":"https:\/\/www.anovapeneira.gal\/wp-content\/uploads\/2026\/03\/elena_gallego.jpg","keywords":["R\u00edas Baixas"],"articleSection":["Morrazo"],"inLanguage":"gl-ES","potentialAction":[{"@type":"CommentAction","name":"Comment","target":["https:\/\/www.anovapeneira.gal\/index.php\/2026\/03\/17\/elena-gallego-e-mayka-brana-achegannos-ao-universo-dos-furanchos\/#respond"]}]},{"@type":"WebPage","@id":"https:\/\/www.anovapeneira.gal\/index.php\/2026\/03\/17\/elena-gallego-e-mayka-brana-achegannos-ao-universo-dos-furanchos\/","url":"https:\/\/www.anovapeneira.gal\/index.php\/2026\/03\/17\/elena-gallego-e-mayka-brana-achegannos-ao-universo-dos-furanchos\/","name":"Elena Gallego e Mayka Bra\u00f1a ach\u00e9gannos ao universo dos furanchos -","isPartOf":{"@id":"https:\/\/www.anovapeneira.gal\/#website"},"primaryImageOfPage":{"@id":"https:\/\/www.anovapeneira.gal\/index.php\/2026\/03\/17\/elena-gallego-e-mayka-brana-achegannos-ao-universo-dos-furanchos\/#primaryimage"},"image":{"@id":"https:\/\/www.anovapeneira.gal\/index.php\/2026\/03\/17\/elena-gallego-e-mayka-brana-achegannos-ao-universo-dos-furanchos\/#primaryimage"},"thumbnailUrl":"https:\/\/www.anovapeneira.gal\/wp-content\/uploads\/2026\/03\/elena_gallego.jpg","datePublished":"2026-03-17T11:00:38+00:00","breadcrumb":{"@id":"https:\/\/www.anovapeneira.gal\/index.php\/2026\/03\/17\/elena-gallego-e-mayka-brana-achegannos-ao-universo-dos-furanchos\/#breadcrumb"},"inLanguage":"gl-ES","potentialAction":[{"@type":"ReadAction","target":["https:\/\/www.anovapeneira.gal\/index.php\/2026\/03\/17\/elena-gallego-e-mayka-brana-achegannos-ao-universo-dos-furanchos\/"]}]},{"@type":"ImageObject","inLanguage":"gl-ES","@id":"https:\/\/www.anovapeneira.gal\/index.php\/2026\/03\/17\/elena-gallego-e-mayka-brana-achegannos-ao-universo-dos-furanchos\/#primaryimage","url":"https:\/\/www.anovapeneira.gal\/wp-content\/uploads\/2026\/03\/elena_gallego.jpg","contentUrl":"https:\/\/www.anovapeneira.gal\/wp-content\/uploads\/2026\/03\/elena_gallego.jpg","width":720,"height":432},{"@type":"BreadcrumbList","@id":"https:\/\/www.anovapeneira.gal\/index.php\/2026\/03\/17\/elena-gallego-e-mayka-brana-achegannos-ao-universo-dos-furanchos\/#breadcrumb","itemListElement":[{"@type":"ListItem","position":1,"name":"Portada","item":"https:\/\/www.anovapeneira.gal\/"},{"@type":"ListItem","position":2,"name":"Elena Gallego e Mayka Bra\u00f1a ach\u00e9gannos ao universo dos furanchos"}]},{"@type":"WebSite","@id":"https:\/\/www.anovapeneira.gal\/#website","url":"https:\/\/www.anovapeneira.gal\/","name":"","description":"Xornal galego de informaci\u00f3n xeral Publicaci\u00f3n mensual de novas de Galicia e en especial dos Concellos da sur da provincia de Pontevedra.","publisher":{"@id":"https:\/\/www.anovapeneira.gal\/#organization"},"potentialAction":[{"@type":"SearchAction","target":{"@type":"EntryPoint","urlTemplate":"https:\/\/www.anovapeneira.gal\/?s={search_term_string}"},"query-input":{"@type":"PropertyValueSpecification","valueRequired":true,"valueName":"search_term_string"}}],"inLanguage":"gl-ES"},{"@type":"Organization","@id":"https:\/\/www.anovapeneira.gal\/#organization","name":"A Nova Peneira","url":"https:\/\/www.anovapeneira.gal\/","logo":{"@type":"ImageObject","inLanguage":"gl-ES","@id":"https:\/\/www.anovapeneira.gal\/#\/schema\/logo\/image\/","url":"http:\/\/www.anovapeneira.gal\/wp-content\/uploads\/2019\/06\/logo_a_nova_peneira_portal_web.png","contentUrl":"http:\/\/www.anovapeneira.gal\/wp-content\/uploads\/2019\/06\/logo_a_nova_peneira_portal_web.png","width":300,"height":100,"caption":"A Nova Peneira"},"image":{"@id":"https:\/\/www.anovapeneira.gal\/#\/schema\/logo\/image\/"},"sameAs":["https:\/\/www.facebook.com\/anovapeneira","https:\/\/x.com\/APeneira"]},{"@type":"Person","@id":"https:\/\/www.anovapeneira.gal\/#\/schema\/person\/a907e49c1885c12d6f281770afd68766","name":"Aar\u00f3n Franco","image":{"@type":"ImageObject","inLanguage":"gl-ES","@id":"https:\/\/secure.gravatar.com\/avatar\/82f0614fe09ae3f066983f8d670d0ff15a0917fefe52b93ffa425275b87d6102?s=96&d=mm&r=g","url":"https:\/\/secure.gravatar.com\/avatar\/82f0614fe09ae3f066983f8d670d0ff15a0917fefe52b93ffa425275b87d6102?s=96&d=mm&r=g","contentUrl":"https:\/\/secure.gravatar.com\/avatar\/82f0614fe09ae3f066983f8d670d0ff15a0917fefe52b93ffa425275b87d6102?s=96&d=mm&r=g","caption":"Aar\u00f3n Franco"},"sameAs":["http:\/\/www.anovapeneira.gal\/"],"url":"https:\/\/www.anovapeneira.gal\/index.php\/author\/aaron-franco\/"}]}},"jetpack_featured_media_url":"https:\/\/www.anovapeneira.gal\/wp-content\/uploads\/2026\/03\/elena_gallego.jpg","_links":{"self":[{"href":"https:\/\/www.anovapeneira.gal\/index.php\/wp-json\/wp\/v2\/posts\/15498","targetHints":{"allow":["GET"]}}],"collection":[{"href":"https:\/\/www.anovapeneira.gal\/index.php\/wp-json\/wp\/v2\/posts"}],"about":[{"href":"https:\/\/www.anovapeneira.gal\/index.php\/wp-json\/wp\/v2\/types\/post"}],"author":[{"embeddable":true,"href":"https:\/\/www.anovapeneira.gal\/index.php\/wp-json\/wp\/v2\/users\/23"}],"replies":[{"embeddable":true,"href":"https:\/\/www.anovapeneira.gal\/index.php\/wp-json\/wp\/v2\/comments?post=15498"}],"version-history":[{"count":1,"href":"https:\/\/www.anovapeneira.gal\/index.php\/wp-json\/wp\/v2\/posts\/15498\/revisions"}],"predecessor-version":[{"id":15500,"href":"https:\/\/www.anovapeneira.gal\/index.php\/wp-json\/wp\/v2\/posts\/15498\/revisions\/15500"}],"wp:featuredmedia":[{"embeddable":true,"href":"https:\/\/www.anovapeneira.gal\/index.php\/wp-json\/wp\/v2\/media\/15499"}],"wp:attachment":[{"href":"https:\/\/www.anovapeneira.gal\/index.php\/wp-json\/wp\/v2\/media?parent=15498"}],"wp:term":[{"taxonomy":"category","embeddable":true,"href":"https:\/\/www.anovapeneira.gal\/index.php\/wp-json\/wp\/v2\/categories?post=15498"},{"taxonomy":"post_tag","embeddable":true,"href":"https:\/\/www.anovapeneira.gal\/index.php\/wp-json\/wp\/v2\/tags?post=15498"}],"curies":[{"name":"wp","href":"https:\/\/api.w.org\/{rel}","templated":true}]}}