{"id":1550,"date":"2019-10-22T10:00:12","date_gmt":"2019-10-22T08:00:12","guid":{"rendered":"http:\/\/www.anovapeneira.gal\/?p=1550"},"modified":"2019-10-19T17:30:52","modified_gmt":"2019-10-19T15:30:52","slug":"o-10-de-novembro-unha-nova-oportunidade-para-galicia","status":"publish","type":"post","link":"https:\/\/www.anovapeneira.gal\/index.php\/2019\/10\/22\/o-10-de-novembro-unha-nova-oportunidade-para-galicia\/","title":{"rendered":"O 10 de novembro unha nova oportunidade para Galicia"},"content":{"rendered":"\n<figure class=\"wp-block-image is-resized\"><img loading=\"lazy\" decoding=\"async\" src=\"http:\/\/www.anovapeneira.gal\/wp-content\/uploads\/2019\/05\/tino_lago_director_a_nova_peneira.jpg\" alt=\"Tino Lago director a Nova Peneira\" class=\"wp-image-189\" width=\"95\" height=\"111\"\/><figcaption>Tino Lago director a Nova Peneira<\/figcaption><\/figure>\n\n\n\n<p>O vindeiro domingo 10 de novembro, os cidad\u00e1ns e cidad\u00e1s de Espa\u00f1a estamos chamados novamente \u00e1s urnas para escollermos ao parlamento do estado. E tal circunstancia non pode ser cualificada m\u00e1is que como unha absoluta vergonza e unha mostra da escasa calidade da democracia espa\u00f1ola. Semella que cando os resultados electorais non son don gusto dos poderes econ\u00f3micos non nos deixan outra opci\u00f3n que repetir o voto ata que se dea unha situaci\u00f3n aritm\u00e9tica que satisfaga a non se sabe quen. En abril o resultado electoral foi moi claro; a vontade maioritaria dos e das votantes foi que o PSOE e PODEMOS deb\u00edan p\u00f3rse de acordo e formalizar un pacto de goberno, tivese a arquitectura que tivese, e liderado por Pedro S\u00e1nchez concretar un goberno progresista. Por\u00e9n a irresponsabilidade de ambos actores, impediu que o que parec\u00eda evidente se acabase levando \u00e1 practica. Foi un irresponsable Pablo Iglesias non aceptando \u00e1 oferta dos tres ministerios e unha vicepresidencia, e o PSOE, como tantas veces ao longo da s\u00faa historia, traizoou ao seu corpus de votantes maioritario; mill\u00f3ns de persoas dignas, solidarias, feministas, pacifistas, ecoloxistas e republicanas e dilles que a oferta de coalici\u00f3n ti\u00f1a data de caducidade, como se fose un vulgar iogur. A evoluci\u00f3n de Pedro S\u00e1nchez desde aquela entrevista con Evole, cando foi defenestrado polo aparato rancio e casposo do seu partido, na que reco\u00f1ec\u00eda que sufriu fortes presi\u00f3ns da oligarqu\u00eda econ\u00f3mica para non pactar con Podemos, a esta recente, xa presidente do goberno, na que manifestou que non durmir\u00eda tranquilo con ministros de Podemos no goberno, \u00e9 terriblemente frustrante e amosa con claridade que o post franquismo non poder\u00e1 ser guindado definitivamente aos sumidoiros da historia ata que o partido socialista non estea dirixido por unha executiva valente e digna que te\u00f1a claro que os significantes sen significado s\u00f3 significan nada, unha nada fr\u00eda escura e dolorosa. Dic\u00eda Pedro S\u00e1nchez que o xefe do estado espa\u00f1ol representa os valores republicanos, o mesmo rei que renunciou a ser o xefe do estado da metade dos catal\u00e1ns, o rei que est\u00e1 na m\u00e1is alta maxistratura do estado polo dedo dun tirano xenocida, o rei que \u00e9 xefe de estado tendo d\u00faas irm\u00e1s maiores ca el, o rei que \u00e9 inviolable xuridicamente, incluso se asasinase a algu\u00e9n, seica para Pedro S\u00e1nchez \u00e9 o que representa os valores da igualdade, da liberdade e da fraternidade. Que vergonza\u00a1, Que vergonza m\u00e1is inmensa compa\u00f1eiros e compa\u00f1eiras, amigos e amigas que te\u00f1o e que quero tanto no partido socialista. Malia todo hai que votar, por favor non vos quededes a casa e o pr\u00f3ximo dez de novembro amosade con claridade que a hip\u00f3tese non f\u00e1cil pero si veros\u00edmil dun tripartito cavern\u00edcola do PP,C,S e VOX, que si se por\u00edan de acordo se tivesen a m\u00e1is m\u00ednima opci\u00f3n de podelo facer, non poida ser realidade nin no m\u00e1is espantoso dos pesadelos. A Nova Peneira vai votar por Galicia, para que existan voces en Madrid que defendan de verdade os intereses das cidad\u00e1s e cidad\u00e1ns da naci\u00f3n galega, para que a voz dos traballadores de Vulcano sexa escoitada, para que a voz dos traballadores de Barreras sexa escoitada, para que a voz dos usuarios e usuarias de Povisa sexa escoitada, para que a voz das veci\u00f1as e veci\u00f1os de Tameiga sexa escoitada, para que a voz de Galicia sexa escoitada&#8230;. A Nova Peneira vai votar BNG.<\/p>\n","protected":false},"excerpt":{"rendered":"<div class=\"mh-excerpt\"><p>O vindeiro domingo 10 de novembro, os cidad\u00e1ns e cidad\u00e1s de Espa\u00f1a estamos chamados novamente \u00e1s urnas para escollermos ao parlamento do estado. E tal circunstancia non pode ser cualificada m\u00e1is que como unha absoluta vergonza e unha mostra da escasa calidade da democracia espa\u00f1ola <a class=\"mh-excerpt-more\" href=\"https:\/\/www.anovapeneira.gal\/index.php\/2019\/10\/22\/o-10-de-novembro-unha-nova-oportunidade-para-galicia\/\" title=\"O 10 de novembro unha nova oportunidade para Galicia\">[&#8230;]<\/a><\/p>\n<\/div>","protected":false},"author":2,"featured_media":913,"comment_status":"open","ping_status":"open","sticky":false,"template":"","format":"standard","meta":{"_exactmetrics_skip_tracking":false,"_exactmetrics_sitenote_active":false,"_exactmetrics_sitenote_note":"","_exactmetrics_sitenote_category":0,"footnotes":""},"categories":[61],"tags":[10,632,12],"class_list":{"0":"post-1550","1":"post","2":"type-post","3":"status-publish","4":"format-standard","5":"has-post-thumbnail","7":"category-artigo-editorial","8":"tag-bng","9":"tag-eleccions-10-n","10":"tag-politica"},"yoast_head":"<!-- This site is optimized with the Yoast SEO plugin v27.4 - https:\/\/yoast.com\/product\/yoast-seo-wordpress\/ -->\n<title>O 10 de novembro unha nova oportunidade para Galicia -<\/title>\n<meta name=\"robots\" content=\"index, follow, max-snippet:-1, max-image-preview:large, max-video-preview:-1\" \/>\n<link rel=\"canonical\" href=\"https:\/\/www.anovapeneira.gal\/index.php\/2019\/10\/22\/o-10-de-novembro-unha-nova-oportunidade-para-galicia\/\" \/>\n<meta property=\"og:locale\" content=\"gl_ES\" \/>\n<meta property=\"og:type\" content=\"article\" \/>\n<meta property=\"og:title\" content=\"O 10 de novembro unha nova oportunidade para Galicia -\" \/>\n<meta property=\"og:description\" content=\"O vindeiro domingo 10 de novembro, os cidad\u00e1ns e cidad\u00e1s de Espa\u00f1a estamos chamados novamente \u00e1s urnas para escollermos ao parlamento do estado. E tal circunstancia non pode ser cualificada m\u00e1is que como unha absoluta vergonza e unha mostra da escasa calidade da democracia espa\u00f1ola [...]\" \/>\n<meta property=\"og:url\" content=\"https:\/\/www.anovapeneira.gal\/index.php\/2019\/10\/22\/o-10-de-novembro-unha-nova-oportunidade-para-galicia\/\" \/>\n<meta property=\"article:publisher\" content=\"https:\/\/www.facebook.com\/anovapeneira\" \/>\n<meta property=\"article:published_time\" content=\"2019-10-22T08:00:12+00:00\" \/>\n<meta property=\"og:image\" content=\"https:\/\/www.anovapeneira.gal\/wp-content\/uploads\/2019\/08\/artigo_editorial_a_nova_peneira.jpg\" \/>\n\t<meta property=\"og:image:width\" content=\"720\" \/>\n\t<meta property=\"og:image:height\" content=\"473\" \/>\n\t<meta property=\"og:image:type\" content=\"image\/jpeg\" \/>\n<meta name=\"author\" content=\"Tino Lago\" \/>\n<meta name=\"twitter:card\" content=\"summary_large_image\" \/>\n<meta name=\"twitter:creator\" content=\"@APeneira\" \/>\n<meta name=\"twitter:site\" content=\"@APeneira\" \/>\n<meta name=\"twitter:label1\" content=\"Escrito por\" \/>\n\t<meta name=\"twitter:data1\" content=\"Tino Lago\" \/>\n\t<meta name=\"twitter:label2\" content=\"Tempo de lectura\" \/>\n\t<meta name=\"twitter:data2\" content=\"3 minutos\" \/>\n<script type=\"application\/ld+json\" class=\"yoast-schema-graph\">{\"@context\":\"https:\\\/\\\/schema.org\",\"@graph\":[{\"@type\":\"Article\",\"@id\":\"https:\\\/\\\/www.anovapeneira.gal\\\/index.php\\\/2019\\\/10\\\/22\\\/o-10-de-novembro-unha-nova-oportunidade-para-galicia\\\/#article\",\"isPartOf\":{\"@id\":\"https:\\\/\\\/www.anovapeneira.gal\\\/index.php\\\/2019\\\/10\\\/22\\\/o-10-de-novembro-unha-nova-oportunidade-para-galicia\\\/\"},\"author\":{\"name\":\"Tino Lago\",\"@id\":\"https:\\\/\\\/www.anovapeneira.gal\\\/#\\\/schema\\\/person\\\/424dfe65e3070fd8a44d22d2c088762a\"},\"headline\":\"O 10 de novembro unha nova oportunidade para Galicia\",\"datePublished\":\"2019-10-22T08:00:12+00:00\",\"mainEntityOfPage\":{\"@id\":\"https:\\\/\\\/www.anovapeneira.gal\\\/index.php\\\/2019\\\/10\\\/22\\\/o-10-de-novembro-unha-nova-oportunidade-para-galicia\\\/\"},\"wordCount\":625,\"commentCount\":0,\"publisher\":{\"@id\":\"https:\\\/\\\/www.anovapeneira.gal\\\/#organization\"},\"image\":{\"@id\":\"https:\\\/\\\/www.anovapeneira.gal\\\/index.php\\\/2019\\\/10\\\/22\\\/o-10-de-novembro-unha-nova-oportunidade-para-galicia\\\/#primaryimage\"},\"thumbnailUrl\":\"https:\\\/\\\/www.anovapeneira.gal\\\/wp-content\\\/uploads\\\/2019\\\/08\\\/artigo_editorial_a_nova_peneira.jpg\",\"keywords\":[\"BNG\",\"Elecci\u00f3ns 10 N\",\"Pol\u00edtica\"],\"articleSection\":[\"Artigo editorial\"],\"inLanguage\":\"gl-ES\",\"potentialAction\":[{\"@type\":\"CommentAction\",\"name\":\"Comment\",\"target\":[\"https:\\\/\\\/www.anovapeneira.gal\\\/index.php\\\/2019\\\/10\\\/22\\\/o-10-de-novembro-unha-nova-oportunidade-para-galicia\\\/#respond\"]}]},{\"@type\":\"WebPage\",\"@id\":\"https:\\\/\\\/www.anovapeneira.gal\\\/index.php\\\/2019\\\/10\\\/22\\\/o-10-de-novembro-unha-nova-oportunidade-para-galicia\\\/\",\"url\":\"https:\\\/\\\/www.anovapeneira.gal\\\/index.php\\\/2019\\\/10\\\/22\\\/o-10-de-novembro-unha-nova-oportunidade-para-galicia\\\/\",\"name\":\"O 10 de novembro unha nova oportunidade para Galicia -\",\"isPartOf\":{\"@id\":\"https:\\\/\\\/www.anovapeneira.gal\\\/#website\"},\"primaryImageOfPage\":{\"@id\":\"https:\\\/\\\/www.anovapeneira.gal\\\/index.php\\\/2019\\\/10\\\/22\\\/o-10-de-novembro-unha-nova-oportunidade-para-galicia\\\/#primaryimage\"},\"image\":{\"@id\":\"https:\\\/\\\/www.anovapeneira.gal\\\/index.php\\\/2019\\\/10\\\/22\\\/o-10-de-novembro-unha-nova-oportunidade-para-galicia\\\/#primaryimage\"},\"thumbnailUrl\":\"https:\\\/\\\/www.anovapeneira.gal\\\/wp-content\\\/uploads\\\/2019\\\/08\\\/artigo_editorial_a_nova_peneira.jpg\",\"datePublished\":\"2019-10-22T08:00:12+00:00\",\"breadcrumb\":{\"@id\":\"https:\\\/\\\/www.anovapeneira.gal\\\/index.php\\\/2019\\\/10\\\/22\\\/o-10-de-novembro-unha-nova-oportunidade-para-galicia\\\/#breadcrumb\"},\"inLanguage\":\"gl-ES\",\"potentialAction\":[{\"@type\":\"ReadAction\",\"target\":[\"https:\\\/\\\/www.anovapeneira.gal\\\/index.php\\\/2019\\\/10\\\/22\\\/o-10-de-novembro-unha-nova-oportunidade-para-galicia\\\/\"]}]},{\"@type\":\"ImageObject\",\"inLanguage\":\"gl-ES\",\"@id\":\"https:\\\/\\\/www.anovapeneira.gal\\\/index.php\\\/2019\\\/10\\\/22\\\/o-10-de-novembro-unha-nova-oportunidade-para-galicia\\\/#primaryimage\",\"url\":\"https:\\\/\\\/www.anovapeneira.gal\\\/wp-content\\\/uploads\\\/2019\\\/08\\\/artigo_editorial_a_nova_peneira.jpg\",\"contentUrl\":\"https:\\\/\\\/www.anovapeneira.gal\\\/wp-content\\\/uploads\\\/2019\\\/08\\\/artigo_editorial_a_nova_peneira.jpg\",\"width\":720,\"height\":473,\"caption\":\"Artigo editorial Tino Lago A Nova Peneira\"},{\"@type\":\"BreadcrumbList\",\"@id\":\"https:\\\/\\\/www.anovapeneira.gal\\\/index.php\\\/2019\\\/10\\\/22\\\/o-10-de-novembro-unha-nova-oportunidade-para-galicia\\\/#breadcrumb\",\"itemListElement\":[{\"@type\":\"ListItem\",\"position\":1,\"name\":\"Portada\",\"item\":\"https:\\\/\\\/www.anovapeneira.gal\\\/\"},{\"@type\":\"ListItem\",\"position\":2,\"name\":\"O 10 de novembro unha nova oportunidade para Galicia\"}]},{\"@type\":\"WebSite\",\"@id\":\"https:\\\/\\\/www.anovapeneira.gal\\\/#website\",\"url\":\"https:\\\/\\\/www.anovapeneira.gal\\\/\",\"name\":\"\",\"description\":\"Xornal galego de informaci\u00f3n xeral Publicaci\u00f3n mensual de novas de Galicia e en especial dos Concellos da sur da provincia de Pontevedra.\",\"publisher\":{\"@id\":\"https:\\\/\\\/www.anovapeneira.gal\\\/#organization\"},\"potentialAction\":[{\"@type\":\"SearchAction\",\"target\":{\"@type\":\"EntryPoint\",\"urlTemplate\":\"https:\\\/\\\/www.anovapeneira.gal\\\/?s={search_term_string}\"},\"query-input\":{\"@type\":\"PropertyValueSpecification\",\"valueRequired\":true,\"valueName\":\"search_term_string\"}}],\"inLanguage\":\"gl-ES\"},{\"@type\":\"Organization\",\"@id\":\"https:\\\/\\\/www.anovapeneira.gal\\\/#organization\",\"name\":\"A Nova Peneira\",\"url\":\"https:\\\/\\\/www.anovapeneira.gal\\\/\",\"logo\":{\"@type\":\"ImageObject\",\"inLanguage\":\"gl-ES\",\"@id\":\"https:\\\/\\\/www.anovapeneira.gal\\\/#\\\/schema\\\/logo\\\/image\\\/\",\"url\":\"http:\\\/\\\/www.anovapeneira.gal\\\/wp-content\\\/uploads\\\/2019\\\/06\\\/logo_a_nova_peneira_portal_web.png\",\"contentUrl\":\"http:\\\/\\\/www.anovapeneira.gal\\\/wp-content\\\/uploads\\\/2019\\\/06\\\/logo_a_nova_peneira_portal_web.png\",\"width\":300,\"height\":100,\"caption\":\"A Nova Peneira\"},\"image\":{\"@id\":\"https:\\\/\\\/www.anovapeneira.gal\\\/#\\\/schema\\\/logo\\\/image\\\/\"},\"sameAs\":[\"https:\\\/\\\/www.facebook.com\\\/anovapeneira\",\"https:\\\/\\\/x.com\\\/APeneira\"]},{\"@type\":\"Person\",\"@id\":\"https:\\\/\\\/www.anovapeneira.gal\\\/#\\\/schema\\\/person\\\/424dfe65e3070fd8a44d22d2c088762a\",\"name\":\"Tino Lago\",\"image\":{\"@type\":\"ImageObject\",\"inLanguage\":\"gl-ES\",\"@id\":\"https:\\\/\\\/secure.gravatar.com\\\/avatar\\\/b3df6a06e44bab3111583b90f0f33a0379ee5e3d22cbadd232d39f21c30c62be?s=96&d=mm&r=g\",\"url\":\"https:\\\/\\\/secure.gravatar.com\\\/avatar\\\/b3df6a06e44bab3111583b90f0f33a0379ee5e3d22cbadd232d39f21c30c62be?s=96&d=mm&r=g\",\"contentUrl\":\"https:\\\/\\\/secure.gravatar.com\\\/avatar\\\/b3df6a06e44bab3111583b90f0f33a0379ee5e3d22cbadd232d39f21c30c62be?s=96&d=mm&r=g\",\"caption\":\"Tino Lago\"},\"sameAs\":[\"http:\\\/\\\/www.anovapeneira.gal\"],\"url\":\"https:\\\/\\\/www.anovapeneira.gal\\\/index.php\\\/author\\\/director\\\/\"}]}<\/script>\n<!-- \/ Yoast SEO plugin. -->","yoast_head_json":{"title":"O 10 de novembro unha nova oportunidade para Galicia -","robots":{"index":"index","follow":"follow","max-snippet":"max-snippet:-1","max-image-preview":"max-image-preview:large","max-video-preview":"max-video-preview:-1"},"canonical":"https:\/\/www.anovapeneira.gal\/index.php\/2019\/10\/22\/o-10-de-novembro-unha-nova-oportunidade-para-galicia\/","og_locale":"gl_ES","og_type":"article","og_title":"O 10 de novembro unha nova oportunidade para Galicia -","og_description":"O vindeiro domingo 10 de novembro, os cidad\u00e1ns e cidad\u00e1s de Espa\u00f1a estamos chamados novamente \u00e1s urnas para escollermos ao parlamento do estado. E tal circunstancia non pode ser cualificada m\u00e1is que como unha absoluta vergonza e unha mostra da escasa calidade da democracia espa\u00f1ola [...]","og_url":"https:\/\/www.anovapeneira.gal\/index.php\/2019\/10\/22\/o-10-de-novembro-unha-nova-oportunidade-para-galicia\/","article_publisher":"https:\/\/www.facebook.com\/anovapeneira","article_published_time":"2019-10-22T08:00:12+00:00","og_image":[{"width":720,"height":473,"url":"https:\/\/www.anovapeneira.gal\/wp-content\/uploads\/2019\/08\/artigo_editorial_a_nova_peneira.jpg","type":"image\/jpeg"}],"author":"Tino Lago","twitter_card":"summary_large_image","twitter_creator":"@APeneira","twitter_site":"@APeneira","twitter_misc":{"Escrito por":"Tino Lago","Tempo de lectura":"3 minutos"},"schema":{"@context":"https:\/\/schema.org","@graph":[{"@type":"Article","@id":"https:\/\/www.anovapeneira.gal\/index.php\/2019\/10\/22\/o-10-de-novembro-unha-nova-oportunidade-para-galicia\/#article","isPartOf":{"@id":"https:\/\/www.anovapeneira.gal\/index.php\/2019\/10\/22\/o-10-de-novembro-unha-nova-oportunidade-para-galicia\/"},"author":{"name":"Tino Lago","@id":"https:\/\/www.anovapeneira.gal\/#\/schema\/person\/424dfe65e3070fd8a44d22d2c088762a"},"headline":"O 10 de novembro unha nova oportunidade para Galicia","datePublished":"2019-10-22T08:00:12+00:00","mainEntityOfPage":{"@id":"https:\/\/www.anovapeneira.gal\/index.php\/2019\/10\/22\/o-10-de-novembro-unha-nova-oportunidade-para-galicia\/"},"wordCount":625,"commentCount":0,"publisher":{"@id":"https:\/\/www.anovapeneira.gal\/#organization"},"image":{"@id":"https:\/\/www.anovapeneira.gal\/index.php\/2019\/10\/22\/o-10-de-novembro-unha-nova-oportunidade-para-galicia\/#primaryimage"},"thumbnailUrl":"https:\/\/www.anovapeneira.gal\/wp-content\/uploads\/2019\/08\/artigo_editorial_a_nova_peneira.jpg","keywords":["BNG","Elecci\u00f3ns 10 N","Pol\u00edtica"],"articleSection":["Artigo editorial"],"inLanguage":"gl-ES","potentialAction":[{"@type":"CommentAction","name":"Comment","target":["https:\/\/www.anovapeneira.gal\/index.php\/2019\/10\/22\/o-10-de-novembro-unha-nova-oportunidade-para-galicia\/#respond"]}]},{"@type":"WebPage","@id":"https:\/\/www.anovapeneira.gal\/index.php\/2019\/10\/22\/o-10-de-novembro-unha-nova-oportunidade-para-galicia\/","url":"https:\/\/www.anovapeneira.gal\/index.php\/2019\/10\/22\/o-10-de-novembro-unha-nova-oportunidade-para-galicia\/","name":"O 10 de novembro unha nova oportunidade para Galicia -","isPartOf":{"@id":"https:\/\/www.anovapeneira.gal\/#website"},"primaryImageOfPage":{"@id":"https:\/\/www.anovapeneira.gal\/index.php\/2019\/10\/22\/o-10-de-novembro-unha-nova-oportunidade-para-galicia\/#primaryimage"},"image":{"@id":"https:\/\/www.anovapeneira.gal\/index.php\/2019\/10\/22\/o-10-de-novembro-unha-nova-oportunidade-para-galicia\/#primaryimage"},"thumbnailUrl":"https:\/\/www.anovapeneira.gal\/wp-content\/uploads\/2019\/08\/artigo_editorial_a_nova_peneira.jpg","datePublished":"2019-10-22T08:00:12+00:00","breadcrumb":{"@id":"https:\/\/www.anovapeneira.gal\/index.php\/2019\/10\/22\/o-10-de-novembro-unha-nova-oportunidade-para-galicia\/#breadcrumb"},"inLanguage":"gl-ES","potentialAction":[{"@type":"ReadAction","target":["https:\/\/www.anovapeneira.gal\/index.php\/2019\/10\/22\/o-10-de-novembro-unha-nova-oportunidade-para-galicia\/"]}]},{"@type":"ImageObject","inLanguage":"gl-ES","@id":"https:\/\/www.anovapeneira.gal\/index.php\/2019\/10\/22\/o-10-de-novembro-unha-nova-oportunidade-para-galicia\/#primaryimage","url":"https:\/\/www.anovapeneira.gal\/wp-content\/uploads\/2019\/08\/artigo_editorial_a_nova_peneira.jpg","contentUrl":"https:\/\/www.anovapeneira.gal\/wp-content\/uploads\/2019\/08\/artigo_editorial_a_nova_peneira.jpg","width":720,"height":473,"caption":"Artigo editorial Tino Lago A Nova Peneira"},{"@type":"BreadcrumbList","@id":"https:\/\/www.anovapeneira.gal\/index.php\/2019\/10\/22\/o-10-de-novembro-unha-nova-oportunidade-para-galicia\/#breadcrumb","itemListElement":[{"@type":"ListItem","position":1,"name":"Portada","item":"https:\/\/www.anovapeneira.gal\/"},{"@type":"ListItem","position":2,"name":"O 10 de novembro unha nova oportunidade para Galicia"}]},{"@type":"WebSite","@id":"https:\/\/www.anovapeneira.gal\/#website","url":"https:\/\/www.anovapeneira.gal\/","name":"","description":"Xornal galego de informaci\u00f3n xeral Publicaci\u00f3n mensual de novas de Galicia e en especial dos Concellos da sur da provincia de Pontevedra.","publisher":{"@id":"https:\/\/www.anovapeneira.gal\/#organization"},"potentialAction":[{"@type":"SearchAction","target":{"@type":"EntryPoint","urlTemplate":"https:\/\/www.anovapeneira.gal\/?s={search_term_string}"},"query-input":{"@type":"PropertyValueSpecification","valueRequired":true,"valueName":"search_term_string"}}],"inLanguage":"gl-ES"},{"@type":"Organization","@id":"https:\/\/www.anovapeneira.gal\/#organization","name":"A Nova Peneira","url":"https:\/\/www.anovapeneira.gal\/","logo":{"@type":"ImageObject","inLanguage":"gl-ES","@id":"https:\/\/www.anovapeneira.gal\/#\/schema\/logo\/image\/","url":"http:\/\/www.anovapeneira.gal\/wp-content\/uploads\/2019\/06\/logo_a_nova_peneira_portal_web.png","contentUrl":"http:\/\/www.anovapeneira.gal\/wp-content\/uploads\/2019\/06\/logo_a_nova_peneira_portal_web.png","width":300,"height":100,"caption":"A Nova Peneira"},"image":{"@id":"https:\/\/www.anovapeneira.gal\/#\/schema\/logo\/image\/"},"sameAs":["https:\/\/www.facebook.com\/anovapeneira","https:\/\/x.com\/APeneira"]},{"@type":"Person","@id":"https:\/\/www.anovapeneira.gal\/#\/schema\/person\/424dfe65e3070fd8a44d22d2c088762a","name":"Tino Lago","image":{"@type":"ImageObject","inLanguage":"gl-ES","@id":"https:\/\/secure.gravatar.com\/avatar\/b3df6a06e44bab3111583b90f0f33a0379ee5e3d22cbadd232d39f21c30c62be?s=96&d=mm&r=g","url":"https:\/\/secure.gravatar.com\/avatar\/b3df6a06e44bab3111583b90f0f33a0379ee5e3d22cbadd232d39f21c30c62be?s=96&d=mm&r=g","contentUrl":"https:\/\/secure.gravatar.com\/avatar\/b3df6a06e44bab3111583b90f0f33a0379ee5e3d22cbadd232d39f21c30c62be?s=96&d=mm&r=g","caption":"Tino Lago"},"sameAs":["http:\/\/www.anovapeneira.gal"],"url":"https:\/\/www.anovapeneira.gal\/index.php\/author\/director\/"}]}},"jetpack_featured_media_url":"https:\/\/www.anovapeneira.gal\/wp-content\/uploads\/2019\/08\/artigo_editorial_a_nova_peneira.jpg","_links":{"self":[{"href":"https:\/\/www.anovapeneira.gal\/index.php\/wp-json\/wp\/v2\/posts\/1550","targetHints":{"allow":["GET"]}}],"collection":[{"href":"https:\/\/www.anovapeneira.gal\/index.php\/wp-json\/wp\/v2\/posts"}],"about":[{"href":"https:\/\/www.anovapeneira.gal\/index.php\/wp-json\/wp\/v2\/types\/post"}],"author":[{"embeddable":true,"href":"https:\/\/www.anovapeneira.gal\/index.php\/wp-json\/wp\/v2\/users\/2"}],"replies":[{"embeddable":true,"href":"https:\/\/www.anovapeneira.gal\/index.php\/wp-json\/wp\/v2\/comments?post=1550"}],"version-history":[{"count":1,"href":"https:\/\/www.anovapeneira.gal\/index.php\/wp-json\/wp\/v2\/posts\/1550\/revisions"}],"predecessor-version":[{"id":1551,"href":"https:\/\/www.anovapeneira.gal\/index.php\/wp-json\/wp\/v2\/posts\/1550\/revisions\/1551"}],"wp:featuredmedia":[{"embeddable":true,"href":"https:\/\/www.anovapeneira.gal\/index.php\/wp-json\/wp\/v2\/media\/913"}],"wp:attachment":[{"href":"https:\/\/www.anovapeneira.gal\/index.php\/wp-json\/wp\/v2\/media?parent=1550"}],"wp:term":[{"taxonomy":"category","embeddable":true,"href":"https:\/\/www.anovapeneira.gal\/index.php\/wp-json\/wp\/v2\/categories?post=1550"},{"taxonomy":"post_tag","embeddable":true,"href":"https:\/\/www.anovapeneira.gal\/index.php\/wp-json\/wp\/v2\/tags?post=1550"}],"curies":[{"name":"wp","href":"https:\/\/api.w.org\/{rel}","templated":true}]}}