{"id":1555,"date":"2019-10-22T14:00:20","date_gmt":"2019-10-22T12:00:20","guid":{"rendered":"http:\/\/www.anovapeneira.gal\/?p=1555"},"modified":"2019-10-19T17:49:02","modified_gmt":"2019-10-19T15:49:02","slug":"18-anos-despois-por-fin-entra-en-vigor-o-primeiro-plan-xeral-de-vilaboa","status":"publish","type":"post","link":"https:\/\/www.anovapeneira.gal\/index.php\/2019\/10\/22\/18-anos-despois-por-fin-entra-en-vigor-o-primeiro-plan-xeral-de-vilaboa\/","title":{"rendered":"18 anos despois, por fin entra en vigor o primeiro plan xeral de Vilaboa"},"content":{"rendered":"\n<h2 class=\"wp-block-heading\">O concello de Vilaboa conta, desde o pasado 28 setembro, co primeiro PXOM da vila, que pasou a ser oficial coa publicaci\u00f3n no Bolet\u00edn Oficial da Provincia de todo o documento<\/h2>\n\n\n\n<p>Foron\n18 anos de duro traballo,\nonde o consistorio conseguiu ordenar\nun territorio de m\u00e1is de 36 quil\u00f3metros cadrados nos que m\u00e1is do\n80% \u00e9 solo r\u00fastico, e un 13,73%, solo rural. Ao carecer de n\u00facleo\nurbano ata a data s\u00f3 un 1% da s\u00faa superficie contar\u00e1 con esta\ndelimitaci\u00f3n, mentres que o solo urbanizable ser\u00e1 un 0,35% do\ntotal. O censo de casas estima que o  concello conta con 2.948\nvivendas e o plan abre a opci\u00f3n para constru\u00edr 820 m\u00e1is nun prazo\nde dez anos. Este documento \u00e9 de aplicaci\u00f3n en todo o concello\nmenos en Casfalc\u00f3n, Sabax\u00e1ns, Saxosa, Gra\u00f1a, Nov\u00e1s, Sobreira y en\ncinco zonas de solo residencial e industrial.<\/p>\n\n\n\n<p>Ademais,\nas casas con expedientes en zonas r\u00fasticas e de Costas deben iniciar\na partir de agora, as tramitaci\u00f3ns para comprobar se \u00e9 posible a\ns\u00faa legalizaci\u00f3n. S\u00f3 na zona de Costas calculan que hai 200 casas\nafectadas que dependen de conversaci\u00f3ns co goberno estatal.<\/p>\n\n\n\n<p>150.758\nmetros cadrados da superficie destinaranse ao sistema xeral de\nespazos libres e zonas verdes e reserva 71.564 metros cadrados para o\nsistema xeral de equipamento comunitario. 18 anos de duro traballo no\nque non se pon punto final ao mesmo, a imposibilidade de contar con\ntodos os sistemas de augas legalizado a tempo para a entrega do\ndocumento \u00e1 Xunta levou a que esta aprobaci\u00f3n sexa parcial, de modo\nque quedan a\u00ednda varios \u00e1mbitos en espera. As\u00ed, a orde de\naprobaci\u00f3n da Xunta recolleu a suspensi\u00f3n do Plan nos n\u00facleos de \nCasfalc\u00f3n (Figueirido),  Sabax\u00e1ns e  Saxosa ( B\u00e9rtola), A Gra\u00f1a e\nNov\u00e1s (Vilaboa) e  Sobreira (San Adri\u00e1n), pero tam\u00e9n nas zonas da\ns\u00faa non consolidado  APRA1 e A2, no solo residencial  UDR1 e 5 e no\nindustrial  UDI 3. Como dixo o alcalde Francisco Costa, &#8220;a\npartir do mesmo, debemos planificar un  crecemento  l\u00f3xico e \nsostible  do  noso  Concello&#8221;.<\/p>\n","protected":false},"excerpt":{"rendered":"<div class=\"mh-excerpt\"><p>O concello de Vilaboa conta, desde o pasado 28 setembro, co primeiro PXOM da vila, que pasou a ser oficial coa publicaci\u00f3n no Bolet\u00edn Oficial da Provincia de todo o documento <a class=\"mh-excerpt-more\" href=\"https:\/\/www.anovapeneira.gal\/index.php\/2019\/10\/22\/18-anos-despois-por-fin-entra-en-vigor-o-primeiro-plan-xeral-de-vilaboa\/\" title=\"18 anos despois, por fin entra en vigor o primeiro plan xeral de Vilaboa\">[&#8230;]<\/a><\/p>\n<\/div>","protected":false},"author":3,"featured_media":1557,"comment_status":"open","ping_status":"open","sticky":false,"template":"","format":"standard","meta":{"_exactmetrics_skip_tracking":false,"_exactmetrics_sitenote_active":false,"_exactmetrics_sitenote_note":"","_exactmetrics_sitenote_category":0,"footnotes":""},"categories":[22],"tags":[695,454,455],"class_list":{"0":"post-1555","1":"post","2":"type-post","3":"status-publish","4":"format-standard","5":"has-post-thumbnail","7":"category-morrazo","8":"tag-concello-de-vilaboa","9":"tag-pxom","10":"tag-urbanismo"},"yoast_head":"<!-- This site is optimized with the Yoast SEO plugin v27.4 - https:\/\/yoast.com\/product\/yoast-seo-wordpress\/ -->\n<title>18 anos despois, por fin entra en vigor o primeiro plan xeral de Vilaboa -<\/title>\n<meta name=\"robots\" content=\"index, follow, max-snippet:-1, max-image-preview:large, max-video-preview:-1\" \/>\n<link rel=\"canonical\" href=\"https:\/\/www.anovapeneira.gal\/index.php\/2019\/10\/22\/18-anos-despois-por-fin-entra-en-vigor-o-primeiro-plan-xeral-de-vilaboa\/\" \/>\n<meta property=\"og:locale\" content=\"gl_ES\" \/>\n<meta property=\"og:type\" content=\"article\" \/>\n<meta property=\"og:title\" content=\"18 anos despois, por fin entra en vigor o primeiro plan xeral de Vilaboa -\" \/>\n<meta property=\"og:description\" content=\"O concello de Vilaboa conta, desde o pasado 28 setembro, co primeiro PXOM da vila, que pasou a ser oficial coa publicaci\u00f3n no Bolet\u00edn Oficial da Provincia de todo o documento [...]\" \/>\n<meta property=\"og:url\" content=\"https:\/\/www.anovapeneira.gal\/index.php\/2019\/10\/22\/18-anos-despois-por-fin-entra-en-vigor-o-primeiro-plan-xeral-de-vilaboa\/\" \/>\n<meta property=\"article:publisher\" content=\"https:\/\/www.facebook.com\/anovapeneira\" \/>\n<meta property=\"article:published_time\" content=\"2019-10-22T12:00:20+00:00\" \/>\n<meta property=\"og:image\" content=\"https:\/\/www.anovapeneira.gal\/wp-content\/uploads\/2019\/10\/concello_vilaboa_pxom_a_nova_peneira.jpg\" \/>\n\t<meta property=\"og:image:width\" content=\"720\" \/>\n\t<meta property=\"og:image:height\" content=\"473\" \/>\n\t<meta property=\"og:image:type\" content=\"image\/jpeg\" \/>\n<meta name=\"author\" content=\"Redacci\u00f3n A Nova Peneira\" \/>\n<meta name=\"twitter:card\" content=\"summary_large_image\" \/>\n<meta name=\"twitter:creator\" content=\"@APeneira\" \/>\n<meta name=\"twitter:site\" content=\"@APeneira\" \/>\n<meta name=\"twitter:label1\" content=\"Escrito por\" \/>\n\t<meta name=\"twitter:data1\" content=\"Redacci\u00f3n A Nova Peneira\" \/>\n\t<meta name=\"twitter:label2\" content=\"Tempo de lectura\" \/>\n\t<meta name=\"twitter:data2\" content=\"2 minutos\" \/>\n<script type=\"application\/ld+json\" class=\"yoast-schema-graph\">{\"@context\":\"https:\\\/\\\/schema.org\",\"@graph\":[{\"@type\":\"Article\",\"@id\":\"https:\\\/\\\/www.anovapeneira.gal\\\/index.php\\\/2019\\\/10\\\/22\\\/18-anos-despois-por-fin-entra-en-vigor-o-primeiro-plan-xeral-de-vilaboa\\\/#article\",\"isPartOf\":{\"@id\":\"https:\\\/\\\/www.anovapeneira.gal\\\/index.php\\\/2019\\\/10\\\/22\\\/18-anos-despois-por-fin-entra-en-vigor-o-primeiro-plan-xeral-de-vilaboa\\\/\"},\"author\":{\"name\":\"Redacci\u00f3n A Nova Peneira\",\"@id\":\"https:\\\/\\\/www.anovapeneira.gal\\\/#\\\/schema\\\/person\\\/b93e3f8932e3f8da96334607eb6ac6aa\"},\"headline\":\"18 anos despois, por fin entra en vigor o primeiro plan xeral de Vilaboa\",\"datePublished\":\"2019-10-22T12:00:20+00:00\",\"mainEntityOfPage\":{\"@id\":\"https:\\\/\\\/www.anovapeneira.gal\\\/index.php\\\/2019\\\/10\\\/22\\\/18-anos-despois-por-fin-entra-en-vigor-o-primeiro-plan-xeral-de-vilaboa\\\/\"},\"wordCount\":368,\"commentCount\":0,\"publisher\":{\"@id\":\"https:\\\/\\\/www.anovapeneira.gal\\\/#organization\"},\"image\":{\"@id\":\"https:\\\/\\\/www.anovapeneira.gal\\\/index.php\\\/2019\\\/10\\\/22\\\/18-anos-despois-por-fin-entra-en-vigor-o-primeiro-plan-xeral-de-vilaboa\\\/#primaryimage\"},\"thumbnailUrl\":\"https:\\\/\\\/www.anovapeneira.gal\\\/wp-content\\\/uploads\\\/2019\\\/10\\\/concello_vilaboa_pxom_a_nova_peneira.jpg\",\"keywords\":[\"Concello de Vilaboa\",\"PXOM\",\"Urbanismo\"],\"articleSection\":[\"Morrazo\"],\"inLanguage\":\"gl-ES\",\"potentialAction\":[{\"@type\":\"CommentAction\",\"name\":\"Comment\",\"target\":[\"https:\\\/\\\/www.anovapeneira.gal\\\/index.php\\\/2019\\\/10\\\/22\\\/18-anos-despois-por-fin-entra-en-vigor-o-primeiro-plan-xeral-de-vilaboa\\\/#respond\"]}]},{\"@type\":\"WebPage\",\"@id\":\"https:\\\/\\\/www.anovapeneira.gal\\\/index.php\\\/2019\\\/10\\\/22\\\/18-anos-despois-por-fin-entra-en-vigor-o-primeiro-plan-xeral-de-vilaboa\\\/\",\"url\":\"https:\\\/\\\/www.anovapeneira.gal\\\/index.php\\\/2019\\\/10\\\/22\\\/18-anos-despois-por-fin-entra-en-vigor-o-primeiro-plan-xeral-de-vilaboa\\\/\",\"name\":\"18 anos despois, por fin entra en vigor o primeiro plan xeral de Vilaboa -\",\"isPartOf\":{\"@id\":\"https:\\\/\\\/www.anovapeneira.gal\\\/#website\"},\"primaryImageOfPage\":{\"@id\":\"https:\\\/\\\/www.anovapeneira.gal\\\/index.php\\\/2019\\\/10\\\/22\\\/18-anos-despois-por-fin-entra-en-vigor-o-primeiro-plan-xeral-de-vilaboa\\\/#primaryimage\"},\"image\":{\"@id\":\"https:\\\/\\\/www.anovapeneira.gal\\\/index.php\\\/2019\\\/10\\\/22\\\/18-anos-despois-por-fin-entra-en-vigor-o-primeiro-plan-xeral-de-vilaboa\\\/#primaryimage\"},\"thumbnailUrl\":\"https:\\\/\\\/www.anovapeneira.gal\\\/wp-content\\\/uploads\\\/2019\\\/10\\\/concello_vilaboa_pxom_a_nova_peneira.jpg\",\"datePublished\":\"2019-10-22T12:00:20+00:00\",\"breadcrumb\":{\"@id\":\"https:\\\/\\\/www.anovapeneira.gal\\\/index.php\\\/2019\\\/10\\\/22\\\/18-anos-despois-por-fin-entra-en-vigor-o-primeiro-plan-xeral-de-vilaboa\\\/#breadcrumb\"},\"inLanguage\":\"gl-ES\",\"potentialAction\":[{\"@type\":\"ReadAction\",\"target\":[\"https:\\\/\\\/www.anovapeneira.gal\\\/index.php\\\/2019\\\/10\\\/22\\\/18-anos-despois-por-fin-entra-en-vigor-o-primeiro-plan-xeral-de-vilaboa\\\/\"]}]},{\"@type\":\"ImageObject\",\"inLanguage\":\"gl-ES\",\"@id\":\"https:\\\/\\\/www.anovapeneira.gal\\\/index.php\\\/2019\\\/10\\\/22\\\/18-anos-despois-por-fin-entra-en-vigor-o-primeiro-plan-xeral-de-vilaboa\\\/#primaryimage\",\"url\":\"https:\\\/\\\/www.anovapeneira.gal\\\/wp-content\\\/uploads\\\/2019\\\/10\\\/concello_vilaboa_pxom_a_nova_peneira.jpg\",\"contentUrl\":\"https:\\\/\\\/www.anovapeneira.gal\\\/wp-content\\\/uploads\\\/2019\\\/10\\\/concello_vilaboa_pxom_a_nova_peneira.jpg\",\"width\":720,\"height\":473,\"caption\":\"Concello de Vilaboa PXOM A Nova Peneira\"},{\"@type\":\"BreadcrumbList\",\"@id\":\"https:\\\/\\\/www.anovapeneira.gal\\\/index.php\\\/2019\\\/10\\\/22\\\/18-anos-despois-por-fin-entra-en-vigor-o-primeiro-plan-xeral-de-vilaboa\\\/#breadcrumb\",\"itemListElement\":[{\"@type\":\"ListItem\",\"position\":1,\"name\":\"Portada\",\"item\":\"https:\\\/\\\/www.anovapeneira.gal\\\/\"},{\"@type\":\"ListItem\",\"position\":2,\"name\":\"18 anos despois, por fin entra en vigor o primeiro plan xeral de Vilaboa\"}]},{\"@type\":\"WebSite\",\"@id\":\"https:\\\/\\\/www.anovapeneira.gal\\\/#website\",\"url\":\"https:\\\/\\\/www.anovapeneira.gal\\\/\",\"name\":\"\",\"description\":\"Xornal galego de informaci\u00f3n xeral Publicaci\u00f3n mensual de novas de Galicia e en especial dos Concellos da sur da provincia de Pontevedra.\",\"publisher\":{\"@id\":\"https:\\\/\\\/www.anovapeneira.gal\\\/#organization\"},\"potentialAction\":[{\"@type\":\"SearchAction\",\"target\":{\"@type\":\"EntryPoint\",\"urlTemplate\":\"https:\\\/\\\/www.anovapeneira.gal\\\/?s={search_term_string}\"},\"query-input\":{\"@type\":\"PropertyValueSpecification\",\"valueRequired\":true,\"valueName\":\"search_term_string\"}}],\"inLanguage\":\"gl-ES\"},{\"@type\":\"Organization\",\"@id\":\"https:\\\/\\\/www.anovapeneira.gal\\\/#organization\",\"name\":\"A Nova Peneira\",\"url\":\"https:\\\/\\\/www.anovapeneira.gal\\\/\",\"logo\":{\"@type\":\"ImageObject\",\"inLanguage\":\"gl-ES\",\"@id\":\"https:\\\/\\\/www.anovapeneira.gal\\\/#\\\/schema\\\/logo\\\/image\\\/\",\"url\":\"http:\\\/\\\/www.anovapeneira.gal\\\/wp-content\\\/uploads\\\/2019\\\/06\\\/logo_a_nova_peneira_portal_web.png\",\"contentUrl\":\"http:\\\/\\\/www.anovapeneira.gal\\\/wp-content\\\/uploads\\\/2019\\\/06\\\/logo_a_nova_peneira_portal_web.png\",\"width\":300,\"height\":100,\"caption\":\"A Nova Peneira\"},\"image\":{\"@id\":\"https:\\\/\\\/www.anovapeneira.gal\\\/#\\\/schema\\\/logo\\\/image\\\/\"},\"sameAs\":[\"https:\\\/\\\/www.facebook.com\\\/anovapeneira\",\"https:\\\/\\\/x.com\\\/APeneira\"]},{\"@type\":\"Person\",\"@id\":\"https:\\\/\\\/www.anovapeneira.gal\\\/#\\\/schema\\\/person\\\/b93e3f8932e3f8da96334607eb6ac6aa\",\"name\":\"Redacci\u00f3n A Nova Peneira\",\"image\":{\"@type\":\"ImageObject\",\"inLanguage\":\"gl-ES\",\"@id\":\"https:\\\/\\\/secure.gravatar.com\\\/avatar\\\/c052a2551a06e23fac63626232eaa90abd78dbcf1700fc46a2b2c89fd27b735f?s=96&d=mm&r=g\",\"url\":\"https:\\\/\\\/secure.gravatar.com\\\/avatar\\\/c052a2551a06e23fac63626232eaa90abd78dbcf1700fc46a2b2c89fd27b735f?s=96&d=mm&r=g\",\"contentUrl\":\"https:\\\/\\\/secure.gravatar.com\\\/avatar\\\/c052a2551a06e23fac63626232eaa90abd78dbcf1700fc46a2b2c89fd27b735f?s=96&d=mm&r=g\",\"caption\":\"Redacci\u00f3n A Nova Peneira\"},\"sameAs\":[\"http:\\\/\\\/www.anovapeneira.gal\\\/\"],\"url\":\"https:\\\/\\\/www.anovapeneira.gal\\\/index.php\\\/author\\\/redactor\\\/\"}]}<\/script>\n<!-- \/ Yoast SEO plugin. -->","yoast_head_json":{"title":"18 anos despois, por fin entra en vigor o primeiro plan xeral de Vilaboa -","robots":{"index":"index","follow":"follow","max-snippet":"max-snippet:-1","max-image-preview":"max-image-preview:large","max-video-preview":"max-video-preview:-1"},"canonical":"https:\/\/www.anovapeneira.gal\/index.php\/2019\/10\/22\/18-anos-despois-por-fin-entra-en-vigor-o-primeiro-plan-xeral-de-vilaboa\/","og_locale":"gl_ES","og_type":"article","og_title":"18 anos despois, por fin entra en vigor o primeiro plan xeral de Vilaboa -","og_description":"O concello de Vilaboa conta, desde o pasado 28 setembro, co primeiro PXOM da vila, que pasou a ser oficial coa publicaci\u00f3n no Bolet\u00edn Oficial da Provincia de todo o documento [...]","og_url":"https:\/\/www.anovapeneira.gal\/index.php\/2019\/10\/22\/18-anos-despois-por-fin-entra-en-vigor-o-primeiro-plan-xeral-de-vilaboa\/","article_publisher":"https:\/\/www.facebook.com\/anovapeneira","article_published_time":"2019-10-22T12:00:20+00:00","og_image":[{"width":720,"height":473,"url":"https:\/\/www.anovapeneira.gal\/wp-content\/uploads\/2019\/10\/concello_vilaboa_pxom_a_nova_peneira.jpg","type":"image\/jpeg"}],"author":"Redacci\u00f3n A Nova Peneira","twitter_card":"summary_large_image","twitter_creator":"@APeneira","twitter_site":"@APeneira","twitter_misc":{"Escrito por":"Redacci\u00f3n A Nova Peneira","Tempo de lectura":"2 minutos"},"schema":{"@context":"https:\/\/schema.org","@graph":[{"@type":"Article","@id":"https:\/\/www.anovapeneira.gal\/index.php\/2019\/10\/22\/18-anos-despois-por-fin-entra-en-vigor-o-primeiro-plan-xeral-de-vilaboa\/#article","isPartOf":{"@id":"https:\/\/www.anovapeneira.gal\/index.php\/2019\/10\/22\/18-anos-despois-por-fin-entra-en-vigor-o-primeiro-plan-xeral-de-vilaboa\/"},"author":{"name":"Redacci\u00f3n A Nova Peneira","@id":"https:\/\/www.anovapeneira.gal\/#\/schema\/person\/b93e3f8932e3f8da96334607eb6ac6aa"},"headline":"18 anos despois, por fin entra en vigor o primeiro plan xeral de Vilaboa","datePublished":"2019-10-22T12:00:20+00:00","mainEntityOfPage":{"@id":"https:\/\/www.anovapeneira.gal\/index.php\/2019\/10\/22\/18-anos-despois-por-fin-entra-en-vigor-o-primeiro-plan-xeral-de-vilaboa\/"},"wordCount":368,"commentCount":0,"publisher":{"@id":"https:\/\/www.anovapeneira.gal\/#organization"},"image":{"@id":"https:\/\/www.anovapeneira.gal\/index.php\/2019\/10\/22\/18-anos-despois-por-fin-entra-en-vigor-o-primeiro-plan-xeral-de-vilaboa\/#primaryimage"},"thumbnailUrl":"https:\/\/www.anovapeneira.gal\/wp-content\/uploads\/2019\/10\/concello_vilaboa_pxom_a_nova_peneira.jpg","keywords":["Concello de Vilaboa","PXOM","Urbanismo"],"articleSection":["Morrazo"],"inLanguage":"gl-ES","potentialAction":[{"@type":"CommentAction","name":"Comment","target":["https:\/\/www.anovapeneira.gal\/index.php\/2019\/10\/22\/18-anos-despois-por-fin-entra-en-vigor-o-primeiro-plan-xeral-de-vilaboa\/#respond"]}]},{"@type":"WebPage","@id":"https:\/\/www.anovapeneira.gal\/index.php\/2019\/10\/22\/18-anos-despois-por-fin-entra-en-vigor-o-primeiro-plan-xeral-de-vilaboa\/","url":"https:\/\/www.anovapeneira.gal\/index.php\/2019\/10\/22\/18-anos-despois-por-fin-entra-en-vigor-o-primeiro-plan-xeral-de-vilaboa\/","name":"18 anos despois, por fin entra en vigor o primeiro plan xeral de Vilaboa -","isPartOf":{"@id":"https:\/\/www.anovapeneira.gal\/#website"},"primaryImageOfPage":{"@id":"https:\/\/www.anovapeneira.gal\/index.php\/2019\/10\/22\/18-anos-despois-por-fin-entra-en-vigor-o-primeiro-plan-xeral-de-vilaboa\/#primaryimage"},"image":{"@id":"https:\/\/www.anovapeneira.gal\/index.php\/2019\/10\/22\/18-anos-despois-por-fin-entra-en-vigor-o-primeiro-plan-xeral-de-vilaboa\/#primaryimage"},"thumbnailUrl":"https:\/\/www.anovapeneira.gal\/wp-content\/uploads\/2019\/10\/concello_vilaboa_pxom_a_nova_peneira.jpg","datePublished":"2019-10-22T12:00:20+00:00","breadcrumb":{"@id":"https:\/\/www.anovapeneira.gal\/index.php\/2019\/10\/22\/18-anos-despois-por-fin-entra-en-vigor-o-primeiro-plan-xeral-de-vilaboa\/#breadcrumb"},"inLanguage":"gl-ES","potentialAction":[{"@type":"ReadAction","target":["https:\/\/www.anovapeneira.gal\/index.php\/2019\/10\/22\/18-anos-despois-por-fin-entra-en-vigor-o-primeiro-plan-xeral-de-vilaboa\/"]}]},{"@type":"ImageObject","inLanguage":"gl-ES","@id":"https:\/\/www.anovapeneira.gal\/index.php\/2019\/10\/22\/18-anos-despois-por-fin-entra-en-vigor-o-primeiro-plan-xeral-de-vilaboa\/#primaryimage","url":"https:\/\/www.anovapeneira.gal\/wp-content\/uploads\/2019\/10\/concello_vilaboa_pxom_a_nova_peneira.jpg","contentUrl":"https:\/\/www.anovapeneira.gal\/wp-content\/uploads\/2019\/10\/concello_vilaboa_pxom_a_nova_peneira.jpg","width":720,"height":473,"caption":"Concello de Vilaboa PXOM A Nova Peneira"},{"@type":"BreadcrumbList","@id":"https:\/\/www.anovapeneira.gal\/index.php\/2019\/10\/22\/18-anos-despois-por-fin-entra-en-vigor-o-primeiro-plan-xeral-de-vilaboa\/#breadcrumb","itemListElement":[{"@type":"ListItem","position":1,"name":"Portada","item":"https:\/\/www.anovapeneira.gal\/"},{"@type":"ListItem","position":2,"name":"18 anos despois, por fin entra en vigor o primeiro plan xeral de Vilaboa"}]},{"@type":"WebSite","@id":"https:\/\/www.anovapeneira.gal\/#website","url":"https:\/\/www.anovapeneira.gal\/","name":"","description":"Xornal galego de informaci\u00f3n xeral Publicaci\u00f3n mensual de novas de Galicia e en especial dos Concellos da sur da provincia de Pontevedra.","publisher":{"@id":"https:\/\/www.anovapeneira.gal\/#organization"},"potentialAction":[{"@type":"SearchAction","target":{"@type":"EntryPoint","urlTemplate":"https:\/\/www.anovapeneira.gal\/?s={search_term_string}"},"query-input":{"@type":"PropertyValueSpecification","valueRequired":true,"valueName":"search_term_string"}}],"inLanguage":"gl-ES"},{"@type":"Organization","@id":"https:\/\/www.anovapeneira.gal\/#organization","name":"A Nova Peneira","url":"https:\/\/www.anovapeneira.gal\/","logo":{"@type":"ImageObject","inLanguage":"gl-ES","@id":"https:\/\/www.anovapeneira.gal\/#\/schema\/logo\/image\/","url":"http:\/\/www.anovapeneira.gal\/wp-content\/uploads\/2019\/06\/logo_a_nova_peneira_portal_web.png","contentUrl":"http:\/\/www.anovapeneira.gal\/wp-content\/uploads\/2019\/06\/logo_a_nova_peneira_portal_web.png","width":300,"height":100,"caption":"A Nova Peneira"},"image":{"@id":"https:\/\/www.anovapeneira.gal\/#\/schema\/logo\/image\/"},"sameAs":["https:\/\/www.facebook.com\/anovapeneira","https:\/\/x.com\/APeneira"]},{"@type":"Person","@id":"https:\/\/www.anovapeneira.gal\/#\/schema\/person\/b93e3f8932e3f8da96334607eb6ac6aa","name":"Redacci\u00f3n A Nova Peneira","image":{"@type":"ImageObject","inLanguage":"gl-ES","@id":"https:\/\/secure.gravatar.com\/avatar\/c052a2551a06e23fac63626232eaa90abd78dbcf1700fc46a2b2c89fd27b735f?s=96&d=mm&r=g","url":"https:\/\/secure.gravatar.com\/avatar\/c052a2551a06e23fac63626232eaa90abd78dbcf1700fc46a2b2c89fd27b735f?s=96&d=mm&r=g","contentUrl":"https:\/\/secure.gravatar.com\/avatar\/c052a2551a06e23fac63626232eaa90abd78dbcf1700fc46a2b2c89fd27b735f?s=96&d=mm&r=g","caption":"Redacci\u00f3n A Nova Peneira"},"sameAs":["http:\/\/www.anovapeneira.gal\/"],"url":"https:\/\/www.anovapeneira.gal\/index.php\/author\/redactor\/"}]}},"jetpack_featured_media_url":"https:\/\/www.anovapeneira.gal\/wp-content\/uploads\/2019\/10\/concello_vilaboa_pxom_a_nova_peneira.jpg","_links":{"self":[{"href":"https:\/\/www.anovapeneira.gal\/index.php\/wp-json\/wp\/v2\/posts\/1555","targetHints":{"allow":["GET"]}}],"collection":[{"href":"https:\/\/www.anovapeneira.gal\/index.php\/wp-json\/wp\/v2\/posts"}],"about":[{"href":"https:\/\/www.anovapeneira.gal\/index.php\/wp-json\/wp\/v2\/types\/post"}],"author":[{"embeddable":true,"href":"https:\/\/www.anovapeneira.gal\/index.php\/wp-json\/wp\/v2\/users\/3"}],"replies":[{"embeddable":true,"href":"https:\/\/www.anovapeneira.gal\/index.php\/wp-json\/wp\/v2\/comments?post=1555"}],"version-history":[{"count":1,"href":"https:\/\/www.anovapeneira.gal\/index.php\/wp-json\/wp\/v2\/posts\/1555\/revisions"}],"predecessor-version":[{"id":1558,"href":"https:\/\/www.anovapeneira.gal\/index.php\/wp-json\/wp\/v2\/posts\/1555\/revisions\/1558"}],"wp:featuredmedia":[{"embeddable":true,"href":"https:\/\/www.anovapeneira.gal\/index.php\/wp-json\/wp\/v2\/media\/1557"}],"wp:attachment":[{"href":"https:\/\/www.anovapeneira.gal\/index.php\/wp-json\/wp\/v2\/media?parent=1555"}],"wp:term":[{"taxonomy":"category","embeddable":true,"href":"https:\/\/www.anovapeneira.gal\/index.php\/wp-json\/wp\/v2\/categories?post=1555"},{"taxonomy":"post_tag","embeddable":true,"href":"https:\/\/www.anovapeneira.gal\/index.php\/wp-json\/wp\/v2\/tags?post=1555"}],"curies":[{"name":"wp","href":"https:\/\/api.w.org\/{rel}","templated":true}]}}