{"id":15583,"date":"2026-04-01T10:00:57","date_gmt":"2026-04-01T08:00:57","guid":{"rendered":"https:\/\/www.anovapeneira.gal\/?p=15583"},"modified":"2026-03-30T17:44:26","modified_gmt":"2026-03-30T15:44:26","slug":"o-pleno-de-redondela-reproba-de-novo-a-digna-rivas-a-instancias-do-pp-polos-seus-recurtes-en-igualdade-e-pola-falta-total-de-politicas-de-defensa-das-mulleres","status":"publish","type":"post","link":"https:\/\/www.anovapeneira.gal\/index.php\/2026\/04\/01\/o-pleno-de-redondela-reproba-de-novo-a-digna-rivas-a-instancias-do-pp-polos-seus-recurtes-en-igualdade-e-pola-falta-total-de-politicas-de-defensa-das-mulleres\/","title":{"rendered":"O pleno de Redondela reproba de novo a Digna Rivas, a instancias do PP, polos seus recurtes en igualdade e pola falta total de pol\u00edticas de defensa das mulleres"},"content":{"rendered":"\n<p>Os populares tam\u00e9n piden na proposta aprobada a elaboraci\u00f3n dun Plan Municipal de Igualdade, a constituci\u00f3n da Mesa contra a Violencia de X\u00e9nero, a recuperaci\u00f3n do Consello da Muller, a cobertura de postos no CIM e Servizos Sociais e a activaci\u00f3n de medidas de conciliaci\u00f3n<\/p>\n\n\n\n<p>\u00b7 A concelleira Sandra Bastos lamentou o \u201c retroceso constante en pol\u00edticas de igualdade e<\/p>\n\n\n\n<p>o desprezo sistem\u00e1tico \u00e1s mulleres\u201d por parte do Concello pola \u201c responsabilidade directa<\/p>\n\n\n\n<p>e \u00fanica\u201d da alcaldesa<\/p>\n\n\n\n<p>Redondela, 27 de marzo de 2026.<\/p>\n\n\n\n<p>O pleno da corporaci\u00f3n municipal de Redondela aprobou, por unha ampla maior\u00eda, unha nova reprobaci\u00f3n da alcaldesa Digna Rivas a instancias do PP polos seus constantes recurtes en materia de igualdade, pola perda de recursos e servizos para as mulleres durante os seus sete anos de goberno e pola falta total de pol\u00edticas neste \u00e1mbito que te\u00f1en provocado a perda de dereitos das mulleres. Esta proposta popular sa\u00edu adiante cos 13 votos dos concelleiros do PP e do BNG e co \u00fanico rexeitamento dos 6 concelleiros socialistas.<\/p>\n\n\n\n<p>Ademais da censura \u00e1 rexedora pola s\u00faa xesti\u00f3n na \u00e1rea \u201c fundamental\u201d de igualdade, a moci\u00f3n do PP que foi aprobada tam\u00e9n instaba ao goberno bipartito \u00e1 elaboraci\u00f3n inmediata dun Plan Municipal de Igualdade do que carece Redondela, a constituci\u00f3n da Mesa Local contra a Violencia de X\u00e9nero, a recuperaci\u00f3n do Consello da Muller cunha participaci\u00f3n real dos axentes sociais e da cidadan\u00eda, a cobertura urxente dos postos baleiros do Centro de Informaci\u00f3n \u00e1 Muller (CIM) e de Servizos Sociais e a recuperaci\u00f3n das pol\u00edticas de conciliaci\u00f3n con medidas que aseguren o acceso universal das redondel\u00e1ns \u00e1s mesmas sen penalizaci\u00f3ns de tipo econ\u00f3mico.<\/p>\n\n\n\n<p>\u201cNestes case sete anos de direcci\u00f3n socialista temos que lamentar que en Redondela non s\u00f3 non se avanzou en materia de igualdade pola responsabilidade exclusiva de Digna Rivas, sen\u00f3n que tristemente se retrocedeu por unha acci\u00f3n pol\u00edtica caracterizada pola importante perda de recursos e servizos nestas \u00e1reas e polo pasotismo ou a desactivaci\u00f3n de todos os \u00f3rganos que so funcionan noutros concellos e que permiten dar pasos cara adiante cara a igualdade real e efectiva\u201d, significou a concelleira popular Sandra Bastos. Neste senso, a edil afondou en que o Concello de Redondela est\u00e1 a experimentar un \u201c retroceso constante en pol\u00edticas de igualdade e un desprezo sistem\u00e1tico \u00e1s mulleres\u201d por parte da administraci\u00f3n local e achacouno \u00e1 \u201c responsabilidade directa e \u00fanica\u201d da alcaldesa socialista. As\u00ed, recalcou que nin un s\u00f3 dos \u00f3rganos que traballan nesta materia funciona no Concello \u201c nun abandono totalmente indigno da fundamental loita das mulleres de Redondela na consecuci\u00f3n da igualdade e na s\u00faa protecci\u00f3n ante casos de violencia machista\u201d. Finalmente, Bastos indicou que existen moitas outras eivas na \u00e1rea municipal de Igualdade, como a falta de reforzo das forzas de seguridade para abordar os casos viox\u00e9n, a constante perdas de axudas da Xunta de Galicia e doutras administraci\u00f3ns nesta materia ou as d\u00e9bedas coas asociaci\u00f3ns que traballan pola<\/p>\n\n\n\n<p>igualdade, entre outras. \u201c Hai unha total ausencia de compromiso coa igualdade real por parte de Digna Rivas e, fronte a isto, desde o PP cremos que xa non cabe o silencio nin a condescendencia\u201d, conclu\u00edu<\/p>\n","protected":false},"excerpt":{"rendered":"<div class=\"mh-excerpt\"><p>Os populares tam\u00e9n piden na proposta aprobada a elaboraci\u00f3n dun Plan Municipal de Igualdade, a constituci\u00f3n da Mesa contra a Violencia de X\u00e9nero, a recuperaci\u00f3n do Consello da Muller, a cobertura de postos no CIM e Servizos Sociais e a activaci\u00f3n de medidas de conciliaci\u00f3n <a class=\"mh-excerpt-more\" href=\"https:\/\/www.anovapeneira.gal\/index.php\/2026\/04\/01\/o-pleno-de-redondela-reproba-de-novo-a-digna-rivas-a-instancias-do-pp-polos-seus-recurtes-en-igualdade-e-pola-falta-total-de-politicas-de-defensa-das-mulleres\/\" title=\"O pleno de Redondela reproba de novo a Digna Rivas, a instancias do PP, polos seus recurtes en igualdade e pola falta total de pol\u00edticas de defensa das mulleres\">[&#8230;]<\/a><\/p>\n<\/div>","protected":false},"author":3,"featured_media":13920,"comment_status":"open","ping_status":"open","sticky":false,"template":"","format":"standard","meta":{"_exactmetrics_skip_tracking":false,"_exactmetrics_sitenote_active":false,"_exactmetrics_sitenote_note":"","_exactmetrics_sitenote_category":0,"footnotes":""},"categories":[24],"tags":[],"class_list":{"0":"post-15583","1":"post","2":"type-post","3":"status-publish","4":"format-standard","5":"has-post-thumbnail","7":"category-redondela"},"yoast_head":"<!-- This site is optimized with the Yoast SEO plugin v27.5 - https:\/\/yoast.com\/product\/yoast-seo-wordpress\/ -->\n<title>O pleno de Redondela reproba de novo a Digna Rivas, a instancias do PP, polos seus recurtes en igualdade e pola falta total de pol\u00edticas de defensa das mulleres -<\/title>\n<meta name=\"robots\" content=\"index, follow, max-snippet:-1, max-image-preview:large, max-video-preview:-1\" \/>\n<link rel=\"canonical\" href=\"https:\/\/www.anovapeneira.gal\/index.php\/2026\/04\/01\/o-pleno-de-redondela-reproba-de-novo-a-digna-rivas-a-instancias-do-pp-polos-seus-recurtes-en-igualdade-e-pola-falta-total-de-politicas-de-defensa-das-mulleres\/\" \/>\n<meta property=\"og:locale\" content=\"gl_ES\" \/>\n<meta property=\"og:type\" content=\"article\" \/>\n<meta property=\"og:title\" content=\"O pleno de Redondela reproba de novo a Digna Rivas, a instancias do PP, polos seus recurtes en igualdade e pola falta total de pol\u00edticas de defensa das mulleres -\" \/>\n<meta property=\"og:description\" content=\"Os populares tam\u00e9n piden na proposta aprobada a elaboraci\u00f3n dun Plan Municipal de Igualdade, a constituci\u00f3n da Mesa contra a Violencia de X\u00e9nero, a recuperaci\u00f3n do Consello da Muller, a cobertura de postos no CIM e Servizos Sociais e a activaci\u00f3n de medidas de conciliaci\u00f3n [...]\" \/>\n<meta property=\"og:url\" content=\"https:\/\/www.anovapeneira.gal\/index.php\/2026\/04\/01\/o-pleno-de-redondela-reproba-de-novo-a-digna-rivas-a-instancias-do-pp-polos-seus-recurtes-en-igualdade-e-pola-falta-total-de-politicas-de-defensa-das-mulleres\/\" \/>\n<meta property=\"article:publisher\" content=\"https:\/\/www.facebook.com\/anovapeneira\" \/>\n<meta property=\"article:published_time\" content=\"2026-04-01T08:00:57+00:00\" \/>\n<meta property=\"og:image\" content=\"https:\/\/www.anovapeneira.gal\/wp-content\/uploads\/2025\/05\/javier_bas.jpg\" \/>\n\t<meta property=\"og:image:width\" content=\"720\" \/>\n\t<meta property=\"og:image:height\" content=\"432\" \/>\n\t<meta property=\"og:image:type\" content=\"image\/jpeg\" \/>\n<meta name=\"author\" content=\"Redacci\u00f3n A Nova Peneira\" \/>\n<meta name=\"twitter:card\" content=\"summary_large_image\" \/>\n<meta name=\"twitter:creator\" content=\"@APeneira\" \/>\n<meta name=\"twitter:site\" content=\"@APeneira\" \/>\n<meta name=\"twitter:label1\" content=\"Escrito por\" \/>\n\t<meta name=\"twitter:data1\" content=\"Redacci\u00f3n A Nova Peneira\" \/>\n\t<meta name=\"twitter:label2\" content=\"Tempo de lectura\" \/>\n\t<meta name=\"twitter:data2\" content=\"4 minutos\" \/>\n<script type=\"application\/ld+json\" class=\"yoast-schema-graph\">{\"@context\":\"https:\\\/\\\/schema.org\",\"@graph\":[{\"@type\":\"Article\",\"@id\":\"https:\\\/\\\/www.anovapeneira.gal\\\/index.php\\\/2026\\\/04\\\/01\\\/o-pleno-de-redondela-reproba-de-novo-a-digna-rivas-a-instancias-do-pp-polos-seus-recurtes-en-igualdade-e-pola-falta-total-de-politicas-de-defensa-das-mulleres\\\/#article\",\"isPartOf\":{\"@id\":\"https:\\\/\\\/www.anovapeneira.gal\\\/index.php\\\/2026\\\/04\\\/01\\\/o-pleno-de-redondela-reproba-de-novo-a-digna-rivas-a-instancias-do-pp-polos-seus-recurtes-en-igualdade-e-pola-falta-total-de-politicas-de-defensa-das-mulleres\\\/\"},\"author\":{\"name\":\"Redacci\u00f3n A Nova Peneira\",\"@id\":\"https:\\\/\\\/www.anovapeneira.gal\\\/#\\\/schema\\\/person\\\/b93e3f8932e3f8da96334607eb6ac6aa\"},\"headline\":\"O pleno de Redondela reproba de novo a Digna Rivas, a instancias do PP, polos seus recurtes en igualdade e pola falta total de pol\u00edticas de defensa das mulleres\",\"datePublished\":\"2026-04-01T08:00:57+00:00\",\"mainEntityOfPage\":{\"@id\":\"https:\\\/\\\/www.anovapeneira.gal\\\/index.php\\\/2026\\\/04\\\/01\\\/o-pleno-de-redondela-reproba-de-novo-a-digna-rivas-a-instancias-do-pp-polos-seus-recurtes-en-igualdade-e-pola-falta-total-de-politicas-de-defensa-das-mulleres\\\/\"},\"wordCount\":585,\"commentCount\":0,\"publisher\":{\"@id\":\"https:\\\/\\\/www.anovapeneira.gal\\\/#organization\"},\"image\":{\"@id\":\"https:\\\/\\\/www.anovapeneira.gal\\\/index.php\\\/2026\\\/04\\\/01\\\/o-pleno-de-redondela-reproba-de-novo-a-digna-rivas-a-instancias-do-pp-polos-seus-recurtes-en-igualdade-e-pola-falta-total-de-politicas-de-defensa-das-mulleres\\\/#primaryimage\"},\"thumbnailUrl\":\"https:\\\/\\\/www.anovapeneira.gal\\\/wp-content\\\/uploads\\\/2025\\\/05\\\/javier_bas.jpg\",\"articleSection\":[\"Redondela\"],\"inLanguage\":\"gl-ES\",\"potentialAction\":[{\"@type\":\"CommentAction\",\"name\":\"Comment\",\"target\":[\"https:\\\/\\\/www.anovapeneira.gal\\\/index.php\\\/2026\\\/04\\\/01\\\/o-pleno-de-redondela-reproba-de-novo-a-digna-rivas-a-instancias-do-pp-polos-seus-recurtes-en-igualdade-e-pola-falta-total-de-politicas-de-defensa-das-mulleres\\\/#respond\"]}]},{\"@type\":\"WebPage\",\"@id\":\"https:\\\/\\\/www.anovapeneira.gal\\\/index.php\\\/2026\\\/04\\\/01\\\/o-pleno-de-redondela-reproba-de-novo-a-digna-rivas-a-instancias-do-pp-polos-seus-recurtes-en-igualdade-e-pola-falta-total-de-politicas-de-defensa-das-mulleres\\\/\",\"url\":\"https:\\\/\\\/www.anovapeneira.gal\\\/index.php\\\/2026\\\/04\\\/01\\\/o-pleno-de-redondela-reproba-de-novo-a-digna-rivas-a-instancias-do-pp-polos-seus-recurtes-en-igualdade-e-pola-falta-total-de-politicas-de-defensa-das-mulleres\\\/\",\"name\":\"O pleno de Redondela reproba de novo a Digna Rivas, a instancias do PP, polos seus recurtes en igualdade e pola falta total de pol\u00edticas de defensa das mulleres -\",\"isPartOf\":{\"@id\":\"https:\\\/\\\/www.anovapeneira.gal\\\/#website\"},\"primaryImageOfPage\":{\"@id\":\"https:\\\/\\\/www.anovapeneira.gal\\\/index.php\\\/2026\\\/04\\\/01\\\/o-pleno-de-redondela-reproba-de-novo-a-digna-rivas-a-instancias-do-pp-polos-seus-recurtes-en-igualdade-e-pola-falta-total-de-politicas-de-defensa-das-mulleres\\\/#primaryimage\"},\"image\":{\"@id\":\"https:\\\/\\\/www.anovapeneira.gal\\\/index.php\\\/2026\\\/04\\\/01\\\/o-pleno-de-redondela-reproba-de-novo-a-digna-rivas-a-instancias-do-pp-polos-seus-recurtes-en-igualdade-e-pola-falta-total-de-politicas-de-defensa-das-mulleres\\\/#primaryimage\"},\"thumbnailUrl\":\"https:\\\/\\\/www.anovapeneira.gal\\\/wp-content\\\/uploads\\\/2025\\\/05\\\/javier_bas.jpg\",\"datePublished\":\"2026-04-01T08:00:57+00:00\",\"breadcrumb\":{\"@id\":\"https:\\\/\\\/www.anovapeneira.gal\\\/index.php\\\/2026\\\/04\\\/01\\\/o-pleno-de-redondela-reproba-de-novo-a-digna-rivas-a-instancias-do-pp-polos-seus-recurtes-en-igualdade-e-pola-falta-total-de-politicas-de-defensa-das-mulleres\\\/#breadcrumb\"},\"inLanguage\":\"gl-ES\",\"potentialAction\":[{\"@type\":\"ReadAction\",\"target\":[\"https:\\\/\\\/www.anovapeneira.gal\\\/index.php\\\/2026\\\/04\\\/01\\\/o-pleno-de-redondela-reproba-de-novo-a-digna-rivas-a-instancias-do-pp-polos-seus-recurtes-en-igualdade-e-pola-falta-total-de-politicas-de-defensa-das-mulleres\\\/\"]}]},{\"@type\":\"ImageObject\",\"inLanguage\":\"gl-ES\",\"@id\":\"https:\\\/\\\/www.anovapeneira.gal\\\/index.php\\\/2026\\\/04\\\/01\\\/o-pleno-de-redondela-reproba-de-novo-a-digna-rivas-a-instancias-do-pp-polos-seus-recurtes-en-igualdade-e-pola-falta-total-de-politicas-de-defensa-das-mulleres\\\/#primaryimage\",\"url\":\"https:\\\/\\\/www.anovapeneira.gal\\\/wp-content\\\/uploads\\\/2025\\\/05\\\/javier_bas.jpg\",\"contentUrl\":\"https:\\\/\\\/www.anovapeneira.gal\\\/wp-content\\\/uploads\\\/2025\\\/05\\\/javier_bas.jpg\",\"width\":720,\"height\":432,\"caption\":\"Javier Bas presidente do PP de Redondela\"},{\"@type\":\"BreadcrumbList\",\"@id\":\"https:\\\/\\\/www.anovapeneira.gal\\\/index.php\\\/2026\\\/04\\\/01\\\/o-pleno-de-redondela-reproba-de-novo-a-digna-rivas-a-instancias-do-pp-polos-seus-recurtes-en-igualdade-e-pola-falta-total-de-politicas-de-defensa-das-mulleres\\\/#breadcrumb\",\"itemListElement\":[{\"@type\":\"ListItem\",\"position\":1,\"name\":\"Portada\",\"item\":\"https:\\\/\\\/www.anovapeneira.gal\\\/\"},{\"@type\":\"ListItem\",\"position\":2,\"name\":\"O pleno de Redondela reproba de novo a Digna Rivas, a instancias do PP, polos seus recurtes en igualdade e pola falta total de pol\u00edticas de defensa das mulleres\"}]},{\"@type\":\"WebSite\",\"@id\":\"https:\\\/\\\/www.anovapeneira.gal\\\/#website\",\"url\":\"https:\\\/\\\/www.anovapeneira.gal\\\/\",\"name\":\"\",\"description\":\"Xornal galego de informaci\u00f3n xeral Publicaci\u00f3n mensual de novas de Galicia e en especial dos Concellos da sur da provincia de Pontevedra.\",\"publisher\":{\"@id\":\"https:\\\/\\\/www.anovapeneira.gal\\\/#organization\"},\"potentialAction\":[{\"@type\":\"SearchAction\",\"target\":{\"@type\":\"EntryPoint\",\"urlTemplate\":\"https:\\\/\\\/www.anovapeneira.gal\\\/?s={search_term_string}\"},\"query-input\":{\"@type\":\"PropertyValueSpecification\",\"valueRequired\":true,\"valueName\":\"search_term_string\"}}],\"inLanguage\":\"gl-ES\"},{\"@type\":\"Organization\",\"@id\":\"https:\\\/\\\/www.anovapeneira.gal\\\/#organization\",\"name\":\"A Nova Peneira\",\"url\":\"https:\\\/\\\/www.anovapeneira.gal\\\/\",\"logo\":{\"@type\":\"ImageObject\",\"inLanguage\":\"gl-ES\",\"@id\":\"https:\\\/\\\/www.anovapeneira.gal\\\/#\\\/schema\\\/logo\\\/image\\\/\",\"url\":\"http:\\\/\\\/www.anovapeneira.gal\\\/wp-content\\\/uploads\\\/2019\\\/06\\\/logo_a_nova_peneira_portal_web.png\",\"contentUrl\":\"http:\\\/\\\/www.anovapeneira.gal\\\/wp-content\\\/uploads\\\/2019\\\/06\\\/logo_a_nova_peneira_portal_web.png\",\"width\":300,\"height\":100,\"caption\":\"A Nova Peneira\"},\"image\":{\"@id\":\"https:\\\/\\\/www.anovapeneira.gal\\\/#\\\/schema\\\/logo\\\/image\\\/\"},\"sameAs\":[\"https:\\\/\\\/www.facebook.com\\\/anovapeneira\",\"https:\\\/\\\/x.com\\\/APeneira\"]},{\"@type\":\"Person\",\"@id\":\"https:\\\/\\\/www.anovapeneira.gal\\\/#\\\/schema\\\/person\\\/b93e3f8932e3f8da96334607eb6ac6aa\",\"name\":\"Redacci\u00f3n A Nova Peneira\",\"image\":{\"@type\":\"ImageObject\",\"inLanguage\":\"gl-ES\",\"@id\":\"https:\\\/\\\/secure.gravatar.com\\\/avatar\\\/c052a2551a06e23fac63626232eaa90abd78dbcf1700fc46a2b2c89fd27b735f?s=96&d=mm&r=g\",\"url\":\"https:\\\/\\\/secure.gravatar.com\\\/avatar\\\/c052a2551a06e23fac63626232eaa90abd78dbcf1700fc46a2b2c89fd27b735f?s=96&d=mm&r=g\",\"contentUrl\":\"https:\\\/\\\/secure.gravatar.com\\\/avatar\\\/c052a2551a06e23fac63626232eaa90abd78dbcf1700fc46a2b2c89fd27b735f?s=96&d=mm&r=g\",\"caption\":\"Redacci\u00f3n A Nova Peneira\"},\"sameAs\":[\"http:\\\/\\\/www.anovapeneira.gal\\\/\"],\"url\":\"https:\\\/\\\/www.anovapeneira.gal\\\/index.php\\\/author\\\/redactor\\\/\"}]}<\/script>\n<!-- \/ Yoast SEO plugin. -->","yoast_head_json":{"title":"O pleno de Redondela reproba de novo a Digna Rivas, a instancias do PP, polos seus recurtes en igualdade e pola falta total de pol\u00edticas de defensa das mulleres -","robots":{"index":"index","follow":"follow","max-snippet":"max-snippet:-1","max-image-preview":"max-image-preview:large","max-video-preview":"max-video-preview:-1"},"canonical":"https:\/\/www.anovapeneira.gal\/index.php\/2026\/04\/01\/o-pleno-de-redondela-reproba-de-novo-a-digna-rivas-a-instancias-do-pp-polos-seus-recurtes-en-igualdade-e-pola-falta-total-de-politicas-de-defensa-das-mulleres\/","og_locale":"gl_ES","og_type":"article","og_title":"O pleno de Redondela reproba de novo a Digna Rivas, a instancias do PP, polos seus recurtes en igualdade e pola falta total de pol\u00edticas de defensa das mulleres -","og_description":"Os populares tam\u00e9n piden na proposta aprobada a elaboraci\u00f3n dun Plan Municipal de Igualdade, a constituci\u00f3n da Mesa contra a Violencia de X\u00e9nero, a recuperaci\u00f3n do Consello da Muller, a cobertura de postos no CIM e Servizos Sociais e a activaci\u00f3n de medidas de conciliaci\u00f3n [...]","og_url":"https:\/\/www.anovapeneira.gal\/index.php\/2026\/04\/01\/o-pleno-de-redondela-reproba-de-novo-a-digna-rivas-a-instancias-do-pp-polos-seus-recurtes-en-igualdade-e-pola-falta-total-de-politicas-de-defensa-das-mulleres\/","article_publisher":"https:\/\/www.facebook.com\/anovapeneira","article_published_time":"2026-04-01T08:00:57+00:00","og_image":[{"width":720,"height":432,"url":"https:\/\/www.anovapeneira.gal\/wp-content\/uploads\/2025\/05\/javier_bas.jpg","type":"image\/jpeg"}],"author":"Redacci\u00f3n A Nova Peneira","twitter_card":"summary_large_image","twitter_creator":"@APeneira","twitter_site":"@APeneira","twitter_misc":{"Escrito por":"Redacci\u00f3n A Nova Peneira","Tempo de lectura":"4 minutos"},"schema":{"@context":"https:\/\/schema.org","@graph":[{"@type":"Article","@id":"https:\/\/www.anovapeneira.gal\/index.php\/2026\/04\/01\/o-pleno-de-redondela-reproba-de-novo-a-digna-rivas-a-instancias-do-pp-polos-seus-recurtes-en-igualdade-e-pola-falta-total-de-politicas-de-defensa-das-mulleres\/#article","isPartOf":{"@id":"https:\/\/www.anovapeneira.gal\/index.php\/2026\/04\/01\/o-pleno-de-redondela-reproba-de-novo-a-digna-rivas-a-instancias-do-pp-polos-seus-recurtes-en-igualdade-e-pola-falta-total-de-politicas-de-defensa-das-mulleres\/"},"author":{"name":"Redacci\u00f3n A Nova Peneira","@id":"https:\/\/www.anovapeneira.gal\/#\/schema\/person\/b93e3f8932e3f8da96334607eb6ac6aa"},"headline":"O pleno de Redondela reproba de novo a Digna Rivas, a instancias do PP, polos seus recurtes en igualdade e pola falta total de pol\u00edticas de defensa das mulleres","datePublished":"2026-04-01T08:00:57+00:00","mainEntityOfPage":{"@id":"https:\/\/www.anovapeneira.gal\/index.php\/2026\/04\/01\/o-pleno-de-redondela-reproba-de-novo-a-digna-rivas-a-instancias-do-pp-polos-seus-recurtes-en-igualdade-e-pola-falta-total-de-politicas-de-defensa-das-mulleres\/"},"wordCount":585,"commentCount":0,"publisher":{"@id":"https:\/\/www.anovapeneira.gal\/#organization"},"image":{"@id":"https:\/\/www.anovapeneira.gal\/index.php\/2026\/04\/01\/o-pleno-de-redondela-reproba-de-novo-a-digna-rivas-a-instancias-do-pp-polos-seus-recurtes-en-igualdade-e-pola-falta-total-de-politicas-de-defensa-das-mulleres\/#primaryimage"},"thumbnailUrl":"https:\/\/www.anovapeneira.gal\/wp-content\/uploads\/2025\/05\/javier_bas.jpg","articleSection":["Redondela"],"inLanguage":"gl-ES","potentialAction":[{"@type":"CommentAction","name":"Comment","target":["https:\/\/www.anovapeneira.gal\/index.php\/2026\/04\/01\/o-pleno-de-redondela-reproba-de-novo-a-digna-rivas-a-instancias-do-pp-polos-seus-recurtes-en-igualdade-e-pola-falta-total-de-politicas-de-defensa-das-mulleres\/#respond"]}]},{"@type":"WebPage","@id":"https:\/\/www.anovapeneira.gal\/index.php\/2026\/04\/01\/o-pleno-de-redondela-reproba-de-novo-a-digna-rivas-a-instancias-do-pp-polos-seus-recurtes-en-igualdade-e-pola-falta-total-de-politicas-de-defensa-das-mulleres\/","url":"https:\/\/www.anovapeneira.gal\/index.php\/2026\/04\/01\/o-pleno-de-redondela-reproba-de-novo-a-digna-rivas-a-instancias-do-pp-polos-seus-recurtes-en-igualdade-e-pola-falta-total-de-politicas-de-defensa-das-mulleres\/","name":"O pleno de Redondela reproba de novo a Digna Rivas, a instancias do PP, polos seus recurtes en igualdade e pola falta total de pol\u00edticas de defensa das mulleres -","isPartOf":{"@id":"https:\/\/www.anovapeneira.gal\/#website"},"primaryImageOfPage":{"@id":"https:\/\/www.anovapeneira.gal\/index.php\/2026\/04\/01\/o-pleno-de-redondela-reproba-de-novo-a-digna-rivas-a-instancias-do-pp-polos-seus-recurtes-en-igualdade-e-pola-falta-total-de-politicas-de-defensa-das-mulleres\/#primaryimage"},"image":{"@id":"https:\/\/www.anovapeneira.gal\/index.php\/2026\/04\/01\/o-pleno-de-redondela-reproba-de-novo-a-digna-rivas-a-instancias-do-pp-polos-seus-recurtes-en-igualdade-e-pola-falta-total-de-politicas-de-defensa-das-mulleres\/#primaryimage"},"thumbnailUrl":"https:\/\/www.anovapeneira.gal\/wp-content\/uploads\/2025\/05\/javier_bas.jpg","datePublished":"2026-04-01T08:00:57+00:00","breadcrumb":{"@id":"https:\/\/www.anovapeneira.gal\/index.php\/2026\/04\/01\/o-pleno-de-redondela-reproba-de-novo-a-digna-rivas-a-instancias-do-pp-polos-seus-recurtes-en-igualdade-e-pola-falta-total-de-politicas-de-defensa-das-mulleres\/#breadcrumb"},"inLanguage":"gl-ES","potentialAction":[{"@type":"ReadAction","target":["https:\/\/www.anovapeneira.gal\/index.php\/2026\/04\/01\/o-pleno-de-redondela-reproba-de-novo-a-digna-rivas-a-instancias-do-pp-polos-seus-recurtes-en-igualdade-e-pola-falta-total-de-politicas-de-defensa-das-mulleres\/"]}]},{"@type":"ImageObject","inLanguage":"gl-ES","@id":"https:\/\/www.anovapeneira.gal\/index.php\/2026\/04\/01\/o-pleno-de-redondela-reproba-de-novo-a-digna-rivas-a-instancias-do-pp-polos-seus-recurtes-en-igualdade-e-pola-falta-total-de-politicas-de-defensa-das-mulleres\/#primaryimage","url":"https:\/\/www.anovapeneira.gal\/wp-content\/uploads\/2025\/05\/javier_bas.jpg","contentUrl":"https:\/\/www.anovapeneira.gal\/wp-content\/uploads\/2025\/05\/javier_bas.jpg","width":720,"height":432,"caption":"Javier Bas presidente do PP de Redondela"},{"@type":"BreadcrumbList","@id":"https:\/\/www.anovapeneira.gal\/index.php\/2026\/04\/01\/o-pleno-de-redondela-reproba-de-novo-a-digna-rivas-a-instancias-do-pp-polos-seus-recurtes-en-igualdade-e-pola-falta-total-de-politicas-de-defensa-das-mulleres\/#breadcrumb","itemListElement":[{"@type":"ListItem","position":1,"name":"Portada","item":"https:\/\/www.anovapeneira.gal\/"},{"@type":"ListItem","position":2,"name":"O pleno de Redondela reproba de novo a Digna Rivas, a instancias do PP, polos seus recurtes en igualdade e pola falta total de pol\u00edticas de defensa das mulleres"}]},{"@type":"WebSite","@id":"https:\/\/www.anovapeneira.gal\/#website","url":"https:\/\/www.anovapeneira.gal\/","name":"","description":"Xornal galego de informaci\u00f3n xeral Publicaci\u00f3n mensual de novas de Galicia e en especial dos Concellos da sur da provincia de Pontevedra.","publisher":{"@id":"https:\/\/www.anovapeneira.gal\/#organization"},"potentialAction":[{"@type":"SearchAction","target":{"@type":"EntryPoint","urlTemplate":"https:\/\/www.anovapeneira.gal\/?s={search_term_string}"},"query-input":{"@type":"PropertyValueSpecification","valueRequired":true,"valueName":"search_term_string"}}],"inLanguage":"gl-ES"},{"@type":"Organization","@id":"https:\/\/www.anovapeneira.gal\/#organization","name":"A Nova Peneira","url":"https:\/\/www.anovapeneira.gal\/","logo":{"@type":"ImageObject","inLanguage":"gl-ES","@id":"https:\/\/www.anovapeneira.gal\/#\/schema\/logo\/image\/","url":"http:\/\/www.anovapeneira.gal\/wp-content\/uploads\/2019\/06\/logo_a_nova_peneira_portal_web.png","contentUrl":"http:\/\/www.anovapeneira.gal\/wp-content\/uploads\/2019\/06\/logo_a_nova_peneira_portal_web.png","width":300,"height":100,"caption":"A Nova Peneira"},"image":{"@id":"https:\/\/www.anovapeneira.gal\/#\/schema\/logo\/image\/"},"sameAs":["https:\/\/www.facebook.com\/anovapeneira","https:\/\/x.com\/APeneira"]},{"@type":"Person","@id":"https:\/\/www.anovapeneira.gal\/#\/schema\/person\/b93e3f8932e3f8da96334607eb6ac6aa","name":"Redacci\u00f3n A Nova Peneira","image":{"@type":"ImageObject","inLanguage":"gl-ES","@id":"https:\/\/secure.gravatar.com\/avatar\/c052a2551a06e23fac63626232eaa90abd78dbcf1700fc46a2b2c89fd27b735f?s=96&d=mm&r=g","url":"https:\/\/secure.gravatar.com\/avatar\/c052a2551a06e23fac63626232eaa90abd78dbcf1700fc46a2b2c89fd27b735f?s=96&d=mm&r=g","contentUrl":"https:\/\/secure.gravatar.com\/avatar\/c052a2551a06e23fac63626232eaa90abd78dbcf1700fc46a2b2c89fd27b735f?s=96&d=mm&r=g","caption":"Redacci\u00f3n A Nova Peneira"},"sameAs":["http:\/\/www.anovapeneira.gal\/"],"url":"https:\/\/www.anovapeneira.gal\/index.php\/author\/redactor\/"}]}},"jetpack_featured_media_url":"https:\/\/www.anovapeneira.gal\/wp-content\/uploads\/2025\/05\/javier_bas.jpg","_links":{"self":[{"href":"https:\/\/www.anovapeneira.gal\/index.php\/wp-json\/wp\/v2\/posts\/15583","targetHints":{"allow":["GET"]}}],"collection":[{"href":"https:\/\/www.anovapeneira.gal\/index.php\/wp-json\/wp\/v2\/posts"}],"about":[{"href":"https:\/\/www.anovapeneira.gal\/index.php\/wp-json\/wp\/v2\/types\/post"}],"author":[{"embeddable":true,"href":"https:\/\/www.anovapeneira.gal\/index.php\/wp-json\/wp\/v2\/users\/3"}],"replies":[{"embeddable":true,"href":"https:\/\/www.anovapeneira.gal\/index.php\/wp-json\/wp\/v2\/comments?post=15583"}],"version-history":[{"count":1,"href":"https:\/\/www.anovapeneira.gal\/index.php\/wp-json\/wp\/v2\/posts\/15583\/revisions"}],"predecessor-version":[{"id":15584,"href":"https:\/\/www.anovapeneira.gal\/index.php\/wp-json\/wp\/v2\/posts\/15583\/revisions\/15584"}],"wp:featuredmedia":[{"embeddable":true,"href":"https:\/\/www.anovapeneira.gal\/index.php\/wp-json\/wp\/v2\/media\/13920"}],"wp:attachment":[{"href":"https:\/\/www.anovapeneira.gal\/index.php\/wp-json\/wp\/v2\/media?parent=15583"}],"wp:term":[{"taxonomy":"category","embeddable":true,"href":"https:\/\/www.anovapeneira.gal\/index.php\/wp-json\/wp\/v2\/categories?post=15583"},{"taxonomy":"post_tag","embeddable":true,"href":"https:\/\/www.anovapeneira.gal\/index.php\/wp-json\/wp\/v2\/tags?post=15583"}],"curies":[{"name":"wp","href":"https:\/\/api.w.org\/{rel}","templated":true}]}}