{"id":15602,"date":"2026-04-06T10:00:54","date_gmt":"2026-04-06T08:00:54","guid":{"rendered":"https:\/\/www.anovapeneira.gal\/?p=15602"},"modified":"2026-04-01T17:15:22","modified_gmt":"2026-04-01T15:15:22","slug":"o-bng-reclama-a-reforma-integral-da-estrada-borela-a-grana-e-melloras-na-que-une-borela-e-miron-ernesto-filgueira-apostamos-por-un-proxecto-ambicioso-que-beneficie-ao-conxunto-da-vecinanza-d","status":"publish","type":"post","link":"https:\/\/www.anovapeneira.gal\/index.php\/2026\/04\/06\/o-bng-reclama-a-reforma-integral-da-estrada-borela-a-grana-e-melloras-na-que-une-borela-e-miron-ernesto-filgueira-apostamos-por-un-proxecto-ambicioso-que-beneficie-ao-conxunto-da-vecinanza-d\/","title":{"rendered":"O BNG reclama a reforma integral da estrada Borela-A Gra\u00f1a e melloras na que une Borela e Mir\u00f3n Ernesto Filgueira: \u201cApostamos por un proxecto ambicioso que beneficie ao conxunto da veci\u00f1anza de Borela\u201d"},"content":{"rendered":"\n<p><strong>Cerdedo-Cotobade, 24 de marzo de 2026.<\/strong><\/p>\n\n\n\n<p>O BNG levar\u00e1 ao pr\u00f3ximo pleno de Cerdedo-Cotobade unha moci\u00f3n para urxir unha reforma integral da estrada EP-0407, en Borela e melloras nas que une Borela con Mir\u00f3n.<\/p>\n\n\n\n<p>Estrada Borela-Mir\u00f3n<\/p>\n\n\n\n<p>Nos pasados d\u00edas, o BNG levou a cabo unha visita ao vial que une a EP-0407, Borela, coa EP-0204, en Mir\u00f3n (Ponte Caldelas) tras recoller o malestar dos e das usuarias polo estado e o trazado da mesma. Nesta visita comprobamos in situ as deficiencias denunciadas, que ve\u00f1en a p\u00f3r de manifesto a necesidade dun plan que aborde a mellora integral da estrada ao longo dos seus 3,6 kms.<\/p>\n\n\n\n<p>C\u00f3mpre destacar que este treito precisa con urxencia unha reforma estructural, coa eliminaci\u00f3n dalgunhas curvas, a ampliaci\u00f3n do radio de curvatura dalgunhas outras e aumentar o largo da estrada, tendo en conta do elevado n\u00famero de veh\u00edculos que pasan a diario por ela en direcci\u00f3n a Ponte Caldelas e, m\u00e1is concretamente, ao pol\u00edgono empresarial da Reigosa, e viceversa.<\/p>\n\n\n\n<p>Para o BNG, \u201co proxecto que debe prestar especial \u00e1 seguranza viaria, adoptando todas as medidas precisas que garantan o tr\u00e1nsito seguro \u00e1s persoas e a reduci\u00f3n da velocidade dos veh\u00edculos que transitan pola estrada\u201d, afirmou o portavoz nacionalista, Ernesto Filgueira.<\/p>\n\n\n\n<p>Mellora integral na estrada que vertebra Borela dende a PO-233 \u00e1 Gra\u00f1a<\/p>\n\n\n\n<p>Desde o BNG entendemos que dentro do proxecto de humanizaci\u00f3n con plataforma \u00fanica presentado pola Deputaci\u00f3n e Concello o pasado mes de decembro cun orzamento que alcanza ao 1,3 mill\u00f3ns de euros debe ser moito m\u00e1is amplo e con melloras moito m\u00e1is destacadas que redunden nun beneficio maior para a veci\u00f1anza da parroquia\u201d, afirmou o portavoz municipal<\/p>\n\n\n\n<p>Ernestoo Filgueira..<\/p>\n\n\n\n<p>Neste sentido, o BNG ten enviado ao pleno municipal propostas m\u00e1is ambiciosas para a mellora e a modernizaci\u00f3n de Borela, polo que instamos a reconfugar ese ese proxecto para facelo moito m\u00e1is ambicioso e lograr unha mellora integral que beneficie ao conxunto da veci\u00f1anza da parroquia.<\/p>\n","protected":false},"excerpt":{"rendered":"<div class=\"mh-excerpt\"><p>Cerdedo-Cotobade, 24 de marzo de 2026. O BNG levar\u00e1 ao pr\u00f3ximo pleno de Cerdedo-Cotobade unha moci\u00f3n para urxir unha reforma integral da estrada EP-0407, en Borela e melloras nas que une Borela con Mir\u00f3n. Estrada <a class=\"mh-excerpt-more\" href=\"https:\/\/www.anovapeneira.gal\/index.php\/2026\/04\/06\/o-bng-reclama-a-reforma-integral-da-estrada-borela-a-grana-e-melloras-na-que-une-borela-e-miron-ernesto-filgueira-apostamos-por-un-proxecto-ambicioso-que-beneficie-ao-conxunto-da-vecinanza-d\/\" title=\"O BNG reclama a reforma integral da estrada Borela-A Gra\u00f1a e melloras na que une Borela e Mir\u00f3n Ernesto Filgueira: \u201cApostamos por un proxecto ambicioso que beneficie ao conxunto da veci\u00f1anza de Borela\u201d\">[&#8230;]<\/a><\/p>\n<\/div>","protected":false},"author":1,"featured_media":15603,"comment_status":"open","ping_status":"open","sticky":false,"template":"","format":"standard","meta":{"_exactmetrics_skip_tracking":false,"_exactmetrics_sitenote_active":false,"_exactmetrics_sitenote_note":"","_exactmetrics_sitenote_category":0,"footnotes":""},"categories":[1],"tags":[],"class_list":{"0":"post-15602","1":"post","2":"type-post","3":"status-publish","4":"format-standard","5":"has-post-thumbnail","7":"category-sin-categoria"},"yoast_head":"<!-- This site is optimized with the Yoast SEO plugin v27.4 - https:\/\/yoast.com\/product\/yoast-seo-wordpress\/ -->\n<title>O BNG reclama a reforma integral da estrada Borela-A Gra\u00f1a e melloras na que une Borela e Mir\u00f3n Ernesto Filgueira: \u201cApostamos por un proxecto ambicioso que beneficie ao conxunto da veci\u00f1anza de Borela\u201d -<\/title>\n<meta name=\"robots\" content=\"index, follow, max-snippet:-1, max-image-preview:large, max-video-preview:-1\" \/>\n<link rel=\"canonical\" href=\"https:\/\/www.anovapeneira.gal\/index.php\/2026\/04\/06\/o-bng-reclama-a-reforma-integral-da-estrada-borela-a-grana-e-melloras-na-que-une-borela-e-miron-ernesto-filgueira-apostamos-por-un-proxecto-ambicioso-que-beneficie-ao-conxunto-da-vecinanza-d\/\" \/>\n<meta property=\"og:locale\" content=\"gl_ES\" \/>\n<meta property=\"og:type\" content=\"article\" \/>\n<meta property=\"og:title\" content=\"O BNG reclama a reforma integral da estrada Borela-A Gra\u00f1a e melloras na que une Borela e Mir\u00f3n Ernesto Filgueira: \u201cApostamos por un proxecto ambicioso que beneficie ao conxunto da veci\u00f1anza de Borela\u201d -\" \/>\n<meta property=\"og:description\" content=\"Cerdedo-Cotobade, 24 de marzo de 2026. O BNG levar\u00e1 ao pr\u00f3ximo pleno de Cerdedo-Cotobade unha moci\u00f3n para urxir unha reforma integral da estrada EP-0407, en Borela e melloras nas que une Borela con Mir\u00f3n. Estrada [...]\" \/>\n<meta property=\"og:url\" content=\"https:\/\/www.anovapeneira.gal\/index.php\/2026\/04\/06\/o-bng-reclama-a-reforma-integral-da-estrada-borela-a-grana-e-melloras-na-que-une-borela-e-miron-ernesto-filgueira-apostamos-por-un-proxecto-ambicioso-que-beneficie-ao-conxunto-da-vecinanza-d\/\" \/>\n<meta property=\"article:publisher\" content=\"https:\/\/www.facebook.com\/anovapeneira\" \/>\n<meta property=\"article:author\" content=\"https:\/\/www.facebook.com\/anovapeneira\/\" \/>\n<meta property=\"article:published_time\" content=\"2026-04-06T08:00:54+00:00\" \/>\n<meta property=\"og:image\" content=\"https:\/\/www.anovapeneira.gal\/wp-content\/uploads\/2026\/04\/Estrada-Borela-Miron.png\" \/>\n\t<meta property=\"og:image:width\" content=\"720\" \/>\n\t<meta property=\"og:image:height\" content=\"432\" \/>\n\t<meta property=\"og:image:type\" content=\"image\/png\" \/>\n<meta name=\"author\" content=\"admin\" \/>\n<meta name=\"twitter:card\" content=\"summary_large_image\" \/>\n<meta name=\"twitter:creator\" content=\"@APeneira\" \/>\n<meta name=\"twitter:site\" content=\"@APeneira\" \/>\n<meta name=\"twitter:label1\" content=\"Escrito por\" \/>\n\t<meta name=\"twitter:data1\" content=\"admin\" \/>\n\t<meta name=\"twitter:label2\" content=\"Tempo de lectura\" \/>\n\t<meta name=\"twitter:data2\" content=\"2 minutos\" \/>\n<script type=\"application\/ld+json\" class=\"yoast-schema-graph\">{\"@context\":\"https:\\\/\\\/schema.org\",\"@graph\":[{\"@type\":\"Article\",\"@id\":\"https:\\\/\\\/www.anovapeneira.gal\\\/index.php\\\/2026\\\/04\\\/06\\\/o-bng-reclama-a-reforma-integral-da-estrada-borela-a-grana-e-melloras-na-que-une-borela-e-miron-ernesto-filgueira-apostamos-por-un-proxecto-ambicioso-que-beneficie-ao-conxunto-da-vecinanza-d\\\/#article\",\"isPartOf\":{\"@id\":\"https:\\\/\\\/www.anovapeneira.gal\\\/index.php\\\/2026\\\/04\\\/06\\\/o-bng-reclama-a-reforma-integral-da-estrada-borela-a-grana-e-melloras-na-que-une-borela-e-miron-ernesto-filgueira-apostamos-por-un-proxecto-ambicioso-que-beneficie-ao-conxunto-da-vecinanza-d\\\/\"},\"author\":{\"name\":\"admin\",\"@id\":\"https:\\\/\\\/www.anovapeneira.gal\\\/#\\\/schema\\\/person\\\/fb77575328c93684dae4b0075f90c2cb\"},\"headline\":\"O BNG reclama a reforma integral da estrada Borela-A Gra\u00f1a e melloras na que une Borela e Mir\u00f3n Ernesto Filgueira: \u201cApostamos por un proxecto ambicioso que beneficie ao conxunto da veci\u00f1anza de Borela\u201d\",\"datePublished\":\"2026-04-06T08:00:54+00:00\",\"mainEntityOfPage\":{\"@id\":\"https:\\\/\\\/www.anovapeneira.gal\\\/index.php\\\/2026\\\/04\\\/06\\\/o-bng-reclama-a-reforma-integral-da-estrada-borela-a-grana-e-melloras-na-que-une-borela-e-miron-ernesto-filgueira-apostamos-por-un-proxecto-ambicioso-que-beneficie-ao-conxunto-da-vecinanza-d\\\/\"},\"wordCount\":381,\"commentCount\":0,\"publisher\":{\"@id\":\"https:\\\/\\\/www.anovapeneira.gal\\\/#organization\"},\"image\":{\"@id\":\"https:\\\/\\\/www.anovapeneira.gal\\\/index.php\\\/2026\\\/04\\\/06\\\/o-bng-reclama-a-reforma-integral-da-estrada-borela-a-grana-e-melloras-na-que-une-borela-e-miron-ernesto-filgueira-apostamos-por-un-proxecto-ambicioso-que-beneficie-ao-conxunto-da-vecinanza-d\\\/#primaryimage\"},\"thumbnailUrl\":\"https:\\\/\\\/www.anovapeneira.gal\\\/wp-content\\\/uploads\\\/2026\\\/04\\\/Estrada-Borela-Miron.png\",\"articleSection\":[\"Sin categor\u00eda\"],\"inLanguage\":\"gl-ES\",\"potentialAction\":[{\"@type\":\"CommentAction\",\"name\":\"Comment\",\"target\":[\"https:\\\/\\\/www.anovapeneira.gal\\\/index.php\\\/2026\\\/04\\\/06\\\/o-bng-reclama-a-reforma-integral-da-estrada-borela-a-grana-e-melloras-na-que-une-borela-e-miron-ernesto-filgueira-apostamos-por-un-proxecto-ambicioso-que-beneficie-ao-conxunto-da-vecinanza-d\\\/#respond\"]}]},{\"@type\":\"WebPage\",\"@id\":\"https:\\\/\\\/www.anovapeneira.gal\\\/index.php\\\/2026\\\/04\\\/06\\\/o-bng-reclama-a-reforma-integral-da-estrada-borela-a-grana-e-melloras-na-que-une-borela-e-miron-ernesto-filgueira-apostamos-por-un-proxecto-ambicioso-que-beneficie-ao-conxunto-da-vecinanza-d\\\/\",\"url\":\"https:\\\/\\\/www.anovapeneira.gal\\\/index.php\\\/2026\\\/04\\\/06\\\/o-bng-reclama-a-reforma-integral-da-estrada-borela-a-grana-e-melloras-na-que-une-borela-e-miron-ernesto-filgueira-apostamos-por-un-proxecto-ambicioso-que-beneficie-ao-conxunto-da-vecinanza-d\\\/\",\"name\":\"O BNG reclama a reforma integral da estrada Borela-A Gra\u00f1a e melloras na que une Borela e Mir\u00f3n Ernesto Filgueira: \u201cApostamos por un proxecto ambicioso que beneficie ao conxunto da veci\u00f1anza de Borela\u201d -\",\"isPartOf\":{\"@id\":\"https:\\\/\\\/www.anovapeneira.gal\\\/#website\"},\"primaryImageOfPage\":{\"@id\":\"https:\\\/\\\/www.anovapeneira.gal\\\/index.php\\\/2026\\\/04\\\/06\\\/o-bng-reclama-a-reforma-integral-da-estrada-borela-a-grana-e-melloras-na-que-une-borela-e-miron-ernesto-filgueira-apostamos-por-un-proxecto-ambicioso-que-beneficie-ao-conxunto-da-vecinanza-d\\\/#primaryimage\"},\"image\":{\"@id\":\"https:\\\/\\\/www.anovapeneira.gal\\\/index.php\\\/2026\\\/04\\\/06\\\/o-bng-reclama-a-reforma-integral-da-estrada-borela-a-grana-e-melloras-na-que-une-borela-e-miron-ernesto-filgueira-apostamos-por-un-proxecto-ambicioso-que-beneficie-ao-conxunto-da-vecinanza-d\\\/#primaryimage\"},\"thumbnailUrl\":\"https:\\\/\\\/www.anovapeneira.gal\\\/wp-content\\\/uploads\\\/2026\\\/04\\\/Estrada-Borela-Miron.png\",\"datePublished\":\"2026-04-06T08:00:54+00:00\",\"breadcrumb\":{\"@id\":\"https:\\\/\\\/www.anovapeneira.gal\\\/index.php\\\/2026\\\/04\\\/06\\\/o-bng-reclama-a-reforma-integral-da-estrada-borela-a-grana-e-melloras-na-que-une-borela-e-miron-ernesto-filgueira-apostamos-por-un-proxecto-ambicioso-que-beneficie-ao-conxunto-da-vecinanza-d\\\/#breadcrumb\"},\"inLanguage\":\"gl-ES\",\"potentialAction\":[{\"@type\":\"ReadAction\",\"target\":[\"https:\\\/\\\/www.anovapeneira.gal\\\/index.php\\\/2026\\\/04\\\/06\\\/o-bng-reclama-a-reforma-integral-da-estrada-borela-a-grana-e-melloras-na-que-une-borela-e-miron-ernesto-filgueira-apostamos-por-un-proxecto-ambicioso-que-beneficie-ao-conxunto-da-vecinanza-d\\\/\"]}]},{\"@type\":\"ImageObject\",\"inLanguage\":\"gl-ES\",\"@id\":\"https:\\\/\\\/www.anovapeneira.gal\\\/index.php\\\/2026\\\/04\\\/06\\\/o-bng-reclama-a-reforma-integral-da-estrada-borela-a-grana-e-melloras-na-que-une-borela-e-miron-ernesto-filgueira-apostamos-por-un-proxecto-ambicioso-que-beneficie-ao-conxunto-da-vecinanza-d\\\/#primaryimage\",\"url\":\"https:\\\/\\\/www.anovapeneira.gal\\\/wp-content\\\/uploads\\\/2026\\\/04\\\/Estrada-Borela-Miron.png\",\"contentUrl\":\"https:\\\/\\\/www.anovapeneira.gal\\\/wp-content\\\/uploads\\\/2026\\\/04\\\/Estrada-Borela-Miron.png\",\"width\":720,\"height\":432},{\"@type\":\"BreadcrumbList\",\"@id\":\"https:\\\/\\\/www.anovapeneira.gal\\\/index.php\\\/2026\\\/04\\\/06\\\/o-bng-reclama-a-reforma-integral-da-estrada-borela-a-grana-e-melloras-na-que-une-borela-e-miron-ernesto-filgueira-apostamos-por-un-proxecto-ambicioso-que-beneficie-ao-conxunto-da-vecinanza-d\\\/#breadcrumb\",\"itemListElement\":[{\"@type\":\"ListItem\",\"position\":1,\"name\":\"Portada\",\"item\":\"https:\\\/\\\/www.anovapeneira.gal\\\/\"},{\"@type\":\"ListItem\",\"position\":2,\"name\":\"O BNG reclama a reforma integral da estrada Borela-A Gra\u00f1a e melloras na que une Borela e Mir\u00f3n Ernesto Filgueira: \u201cApostamos por un proxecto ambicioso que beneficie ao conxunto da veci\u00f1anza de Borela\u201d\"}]},{\"@type\":\"WebSite\",\"@id\":\"https:\\\/\\\/www.anovapeneira.gal\\\/#website\",\"url\":\"https:\\\/\\\/www.anovapeneira.gal\\\/\",\"name\":\"\",\"description\":\"Xornal galego de informaci\u00f3n xeral Publicaci\u00f3n mensual de novas de Galicia e en especial dos Concellos da sur da provincia de Pontevedra.\",\"publisher\":{\"@id\":\"https:\\\/\\\/www.anovapeneira.gal\\\/#organization\"},\"potentialAction\":[{\"@type\":\"SearchAction\",\"target\":{\"@type\":\"EntryPoint\",\"urlTemplate\":\"https:\\\/\\\/www.anovapeneira.gal\\\/?s={search_term_string}\"},\"query-input\":{\"@type\":\"PropertyValueSpecification\",\"valueRequired\":true,\"valueName\":\"search_term_string\"}}],\"inLanguage\":\"gl-ES\"},{\"@type\":\"Organization\",\"@id\":\"https:\\\/\\\/www.anovapeneira.gal\\\/#organization\",\"name\":\"A Nova Peneira\",\"url\":\"https:\\\/\\\/www.anovapeneira.gal\\\/\",\"logo\":{\"@type\":\"ImageObject\",\"inLanguage\":\"gl-ES\",\"@id\":\"https:\\\/\\\/www.anovapeneira.gal\\\/#\\\/schema\\\/logo\\\/image\\\/\",\"url\":\"http:\\\/\\\/www.anovapeneira.gal\\\/wp-content\\\/uploads\\\/2019\\\/06\\\/logo_a_nova_peneira_portal_web.png\",\"contentUrl\":\"http:\\\/\\\/www.anovapeneira.gal\\\/wp-content\\\/uploads\\\/2019\\\/06\\\/logo_a_nova_peneira_portal_web.png\",\"width\":300,\"height\":100,\"caption\":\"A Nova Peneira\"},\"image\":{\"@id\":\"https:\\\/\\\/www.anovapeneira.gal\\\/#\\\/schema\\\/logo\\\/image\\\/\"},\"sameAs\":[\"https:\\\/\\\/www.facebook.com\\\/anovapeneira\",\"https:\\\/\\\/x.com\\\/APeneira\"]},{\"@type\":\"Person\",\"@id\":\"https:\\\/\\\/www.anovapeneira.gal\\\/#\\\/schema\\\/person\\\/fb77575328c93684dae4b0075f90c2cb\",\"name\":\"admin\",\"image\":{\"@type\":\"ImageObject\",\"inLanguage\":\"gl-ES\",\"@id\":\"https:\\\/\\\/secure.gravatar.com\\\/avatar\\\/df15c36ce375448325e0bc870e91bbee95947a002eb98dcfd6c2b053e18843e9?s=96&d=mm&r=g\",\"url\":\"https:\\\/\\\/secure.gravatar.com\\\/avatar\\\/df15c36ce375448325e0bc870e91bbee95947a002eb98dcfd6c2b053e18843e9?s=96&d=mm&r=g\",\"contentUrl\":\"https:\\\/\\\/secure.gravatar.com\\\/avatar\\\/df15c36ce375448325e0bc870e91bbee95947a002eb98dcfd6c2b053e18843e9?s=96&d=mm&r=g\",\"caption\":\"admin\"},\"description\":\"Xornal galego de informaci\u00f3n xeral Publicaci\u00f3n mensual de novas de Galicia e en especial dos Concellos da sur da provincia de Pontevedra.\",\"sameAs\":[\"http:\\\/\\\/www.anovapeneira.gal\\\/\",\"https:\\\/\\\/www.facebook.com\\\/anovapeneira\\\/\"],\"url\":\"https:\\\/\\\/www.anovapeneira.gal\\\/index.php\\\/author\\\/admin\\\/\"}]}<\/script>\n<!-- \/ Yoast SEO plugin. -->","yoast_head_json":{"title":"O BNG reclama a reforma integral da estrada Borela-A Gra\u00f1a e melloras na que une Borela e Mir\u00f3n Ernesto Filgueira: \u201cApostamos por un proxecto ambicioso que beneficie ao conxunto da veci\u00f1anza de Borela\u201d -","robots":{"index":"index","follow":"follow","max-snippet":"max-snippet:-1","max-image-preview":"max-image-preview:large","max-video-preview":"max-video-preview:-1"},"canonical":"https:\/\/www.anovapeneira.gal\/index.php\/2026\/04\/06\/o-bng-reclama-a-reforma-integral-da-estrada-borela-a-grana-e-melloras-na-que-une-borela-e-miron-ernesto-filgueira-apostamos-por-un-proxecto-ambicioso-que-beneficie-ao-conxunto-da-vecinanza-d\/","og_locale":"gl_ES","og_type":"article","og_title":"O BNG reclama a reforma integral da estrada Borela-A Gra\u00f1a e melloras na que une Borela e Mir\u00f3n Ernesto Filgueira: \u201cApostamos por un proxecto ambicioso que beneficie ao conxunto da veci\u00f1anza de Borela\u201d -","og_description":"Cerdedo-Cotobade, 24 de marzo de 2026. O BNG levar\u00e1 ao pr\u00f3ximo pleno de Cerdedo-Cotobade unha moci\u00f3n para urxir unha reforma integral da estrada EP-0407, en Borela e melloras nas que une Borela con Mir\u00f3n. Estrada [...]","og_url":"https:\/\/www.anovapeneira.gal\/index.php\/2026\/04\/06\/o-bng-reclama-a-reforma-integral-da-estrada-borela-a-grana-e-melloras-na-que-une-borela-e-miron-ernesto-filgueira-apostamos-por-un-proxecto-ambicioso-que-beneficie-ao-conxunto-da-vecinanza-d\/","article_publisher":"https:\/\/www.facebook.com\/anovapeneira","article_author":"https:\/\/www.facebook.com\/anovapeneira\/","article_published_time":"2026-04-06T08:00:54+00:00","og_image":[{"width":720,"height":432,"url":"https:\/\/www.anovapeneira.gal\/wp-content\/uploads\/2026\/04\/Estrada-Borela-Miron.png","type":"image\/png"}],"author":"admin","twitter_card":"summary_large_image","twitter_creator":"@APeneira","twitter_site":"@APeneira","twitter_misc":{"Escrito por":"admin","Tempo de lectura":"2 minutos"},"schema":{"@context":"https:\/\/schema.org","@graph":[{"@type":"Article","@id":"https:\/\/www.anovapeneira.gal\/index.php\/2026\/04\/06\/o-bng-reclama-a-reforma-integral-da-estrada-borela-a-grana-e-melloras-na-que-une-borela-e-miron-ernesto-filgueira-apostamos-por-un-proxecto-ambicioso-que-beneficie-ao-conxunto-da-vecinanza-d\/#article","isPartOf":{"@id":"https:\/\/www.anovapeneira.gal\/index.php\/2026\/04\/06\/o-bng-reclama-a-reforma-integral-da-estrada-borela-a-grana-e-melloras-na-que-une-borela-e-miron-ernesto-filgueira-apostamos-por-un-proxecto-ambicioso-que-beneficie-ao-conxunto-da-vecinanza-d\/"},"author":{"name":"admin","@id":"https:\/\/www.anovapeneira.gal\/#\/schema\/person\/fb77575328c93684dae4b0075f90c2cb"},"headline":"O BNG reclama a reforma integral da estrada Borela-A Gra\u00f1a e melloras na que une Borela e Mir\u00f3n Ernesto Filgueira: \u201cApostamos por un proxecto ambicioso que beneficie ao conxunto da veci\u00f1anza de Borela\u201d","datePublished":"2026-04-06T08:00:54+00:00","mainEntityOfPage":{"@id":"https:\/\/www.anovapeneira.gal\/index.php\/2026\/04\/06\/o-bng-reclama-a-reforma-integral-da-estrada-borela-a-grana-e-melloras-na-que-une-borela-e-miron-ernesto-filgueira-apostamos-por-un-proxecto-ambicioso-que-beneficie-ao-conxunto-da-vecinanza-d\/"},"wordCount":381,"commentCount":0,"publisher":{"@id":"https:\/\/www.anovapeneira.gal\/#organization"},"image":{"@id":"https:\/\/www.anovapeneira.gal\/index.php\/2026\/04\/06\/o-bng-reclama-a-reforma-integral-da-estrada-borela-a-grana-e-melloras-na-que-une-borela-e-miron-ernesto-filgueira-apostamos-por-un-proxecto-ambicioso-que-beneficie-ao-conxunto-da-vecinanza-d\/#primaryimage"},"thumbnailUrl":"https:\/\/www.anovapeneira.gal\/wp-content\/uploads\/2026\/04\/Estrada-Borela-Miron.png","articleSection":["Sin categor\u00eda"],"inLanguage":"gl-ES","potentialAction":[{"@type":"CommentAction","name":"Comment","target":["https:\/\/www.anovapeneira.gal\/index.php\/2026\/04\/06\/o-bng-reclama-a-reforma-integral-da-estrada-borela-a-grana-e-melloras-na-que-une-borela-e-miron-ernesto-filgueira-apostamos-por-un-proxecto-ambicioso-que-beneficie-ao-conxunto-da-vecinanza-d\/#respond"]}]},{"@type":"WebPage","@id":"https:\/\/www.anovapeneira.gal\/index.php\/2026\/04\/06\/o-bng-reclama-a-reforma-integral-da-estrada-borela-a-grana-e-melloras-na-que-une-borela-e-miron-ernesto-filgueira-apostamos-por-un-proxecto-ambicioso-que-beneficie-ao-conxunto-da-vecinanza-d\/","url":"https:\/\/www.anovapeneira.gal\/index.php\/2026\/04\/06\/o-bng-reclama-a-reforma-integral-da-estrada-borela-a-grana-e-melloras-na-que-une-borela-e-miron-ernesto-filgueira-apostamos-por-un-proxecto-ambicioso-que-beneficie-ao-conxunto-da-vecinanza-d\/","name":"O BNG reclama a reforma integral da estrada Borela-A Gra\u00f1a e melloras na que une Borela e Mir\u00f3n Ernesto Filgueira: \u201cApostamos por un proxecto ambicioso que beneficie ao conxunto da veci\u00f1anza de Borela\u201d -","isPartOf":{"@id":"https:\/\/www.anovapeneira.gal\/#website"},"primaryImageOfPage":{"@id":"https:\/\/www.anovapeneira.gal\/index.php\/2026\/04\/06\/o-bng-reclama-a-reforma-integral-da-estrada-borela-a-grana-e-melloras-na-que-une-borela-e-miron-ernesto-filgueira-apostamos-por-un-proxecto-ambicioso-que-beneficie-ao-conxunto-da-vecinanza-d\/#primaryimage"},"image":{"@id":"https:\/\/www.anovapeneira.gal\/index.php\/2026\/04\/06\/o-bng-reclama-a-reforma-integral-da-estrada-borela-a-grana-e-melloras-na-que-une-borela-e-miron-ernesto-filgueira-apostamos-por-un-proxecto-ambicioso-que-beneficie-ao-conxunto-da-vecinanza-d\/#primaryimage"},"thumbnailUrl":"https:\/\/www.anovapeneira.gal\/wp-content\/uploads\/2026\/04\/Estrada-Borela-Miron.png","datePublished":"2026-04-06T08:00:54+00:00","breadcrumb":{"@id":"https:\/\/www.anovapeneira.gal\/index.php\/2026\/04\/06\/o-bng-reclama-a-reforma-integral-da-estrada-borela-a-grana-e-melloras-na-que-une-borela-e-miron-ernesto-filgueira-apostamos-por-un-proxecto-ambicioso-que-beneficie-ao-conxunto-da-vecinanza-d\/#breadcrumb"},"inLanguage":"gl-ES","potentialAction":[{"@type":"ReadAction","target":["https:\/\/www.anovapeneira.gal\/index.php\/2026\/04\/06\/o-bng-reclama-a-reforma-integral-da-estrada-borela-a-grana-e-melloras-na-que-une-borela-e-miron-ernesto-filgueira-apostamos-por-un-proxecto-ambicioso-que-beneficie-ao-conxunto-da-vecinanza-d\/"]}]},{"@type":"ImageObject","inLanguage":"gl-ES","@id":"https:\/\/www.anovapeneira.gal\/index.php\/2026\/04\/06\/o-bng-reclama-a-reforma-integral-da-estrada-borela-a-grana-e-melloras-na-que-une-borela-e-miron-ernesto-filgueira-apostamos-por-un-proxecto-ambicioso-que-beneficie-ao-conxunto-da-vecinanza-d\/#primaryimage","url":"https:\/\/www.anovapeneira.gal\/wp-content\/uploads\/2026\/04\/Estrada-Borela-Miron.png","contentUrl":"https:\/\/www.anovapeneira.gal\/wp-content\/uploads\/2026\/04\/Estrada-Borela-Miron.png","width":720,"height":432},{"@type":"BreadcrumbList","@id":"https:\/\/www.anovapeneira.gal\/index.php\/2026\/04\/06\/o-bng-reclama-a-reforma-integral-da-estrada-borela-a-grana-e-melloras-na-que-une-borela-e-miron-ernesto-filgueira-apostamos-por-un-proxecto-ambicioso-que-beneficie-ao-conxunto-da-vecinanza-d\/#breadcrumb","itemListElement":[{"@type":"ListItem","position":1,"name":"Portada","item":"https:\/\/www.anovapeneira.gal\/"},{"@type":"ListItem","position":2,"name":"O BNG reclama a reforma integral da estrada Borela-A Gra\u00f1a e melloras na que une Borela e Mir\u00f3n Ernesto Filgueira: \u201cApostamos por un proxecto ambicioso que beneficie ao conxunto da veci\u00f1anza de Borela\u201d"}]},{"@type":"WebSite","@id":"https:\/\/www.anovapeneira.gal\/#website","url":"https:\/\/www.anovapeneira.gal\/","name":"","description":"Xornal galego de informaci\u00f3n xeral Publicaci\u00f3n mensual de novas de Galicia e en especial dos Concellos da sur da provincia de Pontevedra.","publisher":{"@id":"https:\/\/www.anovapeneira.gal\/#organization"},"potentialAction":[{"@type":"SearchAction","target":{"@type":"EntryPoint","urlTemplate":"https:\/\/www.anovapeneira.gal\/?s={search_term_string}"},"query-input":{"@type":"PropertyValueSpecification","valueRequired":true,"valueName":"search_term_string"}}],"inLanguage":"gl-ES"},{"@type":"Organization","@id":"https:\/\/www.anovapeneira.gal\/#organization","name":"A Nova Peneira","url":"https:\/\/www.anovapeneira.gal\/","logo":{"@type":"ImageObject","inLanguage":"gl-ES","@id":"https:\/\/www.anovapeneira.gal\/#\/schema\/logo\/image\/","url":"http:\/\/www.anovapeneira.gal\/wp-content\/uploads\/2019\/06\/logo_a_nova_peneira_portal_web.png","contentUrl":"http:\/\/www.anovapeneira.gal\/wp-content\/uploads\/2019\/06\/logo_a_nova_peneira_portal_web.png","width":300,"height":100,"caption":"A Nova Peneira"},"image":{"@id":"https:\/\/www.anovapeneira.gal\/#\/schema\/logo\/image\/"},"sameAs":["https:\/\/www.facebook.com\/anovapeneira","https:\/\/x.com\/APeneira"]},{"@type":"Person","@id":"https:\/\/www.anovapeneira.gal\/#\/schema\/person\/fb77575328c93684dae4b0075f90c2cb","name":"admin","image":{"@type":"ImageObject","inLanguage":"gl-ES","@id":"https:\/\/secure.gravatar.com\/avatar\/df15c36ce375448325e0bc870e91bbee95947a002eb98dcfd6c2b053e18843e9?s=96&d=mm&r=g","url":"https:\/\/secure.gravatar.com\/avatar\/df15c36ce375448325e0bc870e91bbee95947a002eb98dcfd6c2b053e18843e9?s=96&d=mm&r=g","contentUrl":"https:\/\/secure.gravatar.com\/avatar\/df15c36ce375448325e0bc870e91bbee95947a002eb98dcfd6c2b053e18843e9?s=96&d=mm&r=g","caption":"admin"},"description":"Xornal galego de informaci\u00f3n xeral Publicaci\u00f3n mensual de novas de Galicia e en especial dos Concellos da sur da provincia de Pontevedra.","sameAs":["http:\/\/www.anovapeneira.gal\/","https:\/\/www.facebook.com\/anovapeneira\/"],"url":"https:\/\/www.anovapeneira.gal\/index.php\/author\/admin\/"}]}},"jetpack_featured_media_url":"https:\/\/www.anovapeneira.gal\/wp-content\/uploads\/2026\/04\/Estrada-Borela-Miron.png","_links":{"self":[{"href":"https:\/\/www.anovapeneira.gal\/index.php\/wp-json\/wp\/v2\/posts\/15602","targetHints":{"allow":["GET"]}}],"collection":[{"href":"https:\/\/www.anovapeneira.gal\/index.php\/wp-json\/wp\/v2\/posts"}],"about":[{"href":"https:\/\/www.anovapeneira.gal\/index.php\/wp-json\/wp\/v2\/types\/post"}],"author":[{"embeddable":true,"href":"https:\/\/www.anovapeneira.gal\/index.php\/wp-json\/wp\/v2\/users\/1"}],"replies":[{"embeddable":true,"href":"https:\/\/www.anovapeneira.gal\/index.php\/wp-json\/wp\/v2\/comments?post=15602"}],"version-history":[{"count":1,"href":"https:\/\/www.anovapeneira.gal\/index.php\/wp-json\/wp\/v2\/posts\/15602\/revisions"}],"predecessor-version":[{"id":15604,"href":"https:\/\/www.anovapeneira.gal\/index.php\/wp-json\/wp\/v2\/posts\/15602\/revisions\/15604"}],"wp:featuredmedia":[{"embeddable":true,"href":"https:\/\/www.anovapeneira.gal\/index.php\/wp-json\/wp\/v2\/media\/15603"}],"wp:attachment":[{"href":"https:\/\/www.anovapeneira.gal\/index.php\/wp-json\/wp\/v2\/media?parent=15602"}],"wp:term":[{"taxonomy":"category","embeddable":true,"href":"https:\/\/www.anovapeneira.gal\/index.php\/wp-json\/wp\/v2\/categories?post=15602"},{"taxonomy":"post_tag","embeddable":true,"href":"https:\/\/www.anovapeneira.gal\/index.php\/wp-json\/wp\/v2\/tags?post=15602"}],"curies":[{"name":"wp","href":"https:\/\/api.w.org\/{rel}","templated":true}]}}