{"id":15605,"date":"2026-04-06T12:00:37","date_gmt":"2026-04-06T10:00:37","guid":{"rendered":"https:\/\/www.anovapeneira.gal\/?p=15605"},"modified":"2026-04-01T17:41:56","modified_gmt":"2026-04-01T15:41:56","slug":"o-terror-capitalista","status":"publish","type":"post","link":"https:\/\/www.anovapeneira.gal\/index.php\/2026\/04\/06\/o-terror-capitalista\/","title":{"rendered":"O terror capitalista"},"content":{"rendered":"\n<pre class=\"wp-block-verse\">Nova Iork Francisco \u00c1lvarez Koki<\/pre>\n\n\n\n<pre class=\"wp-block-verse\"><strong>28 de marzo de 2026<\/strong><\/pre>\n\n\n\n<p>O 8 de marzo: Os gobernos terroristas de Estados Unidos e Israel, aproveitando as negociaci\u00f3ns que Ir\u00e1n cr\u00eda que \u00edan en boa direcci\u00f3n, lanzaron un ataque sorpresa nas cidades iranianas nas que se atopaba unha escola con m\u00e1is de 150 rapazas, as que masacraron segundo eles en defensa propia. Sabemos que mentres estaban negociando xa estaban preparando os ataques.<\/p>\n\n\n\n<p>Ese acto de traizoar a palabra, recordoume algo da mi\u00f1a infancia. Recordoume que nas pel\u00edculas de vaqueiros contra os indios, aos que tam\u00e9n lles roubaron todas as s\u00faas pradeiras, os indios dic\u00edan que o home branco ti\u00f1a unha dobre lingua, xa que os americanos cando lles daba a gana. Os indios terminaron sen terras e sen deuses. Foron asasinados e confinados en reservas. A min g\u00fastame o refraneiro popular e voto man del cando podo porque case sempre ten a raz\u00f3n. &#8220;Non hai peor cu\u00f1a ca da propia madeira&#8221; . Por iso este cabez\u00f3n de Trump fillo da emigraci\u00f3n, odia a todo mundo. O seu primeiro mandato foi un aviso, que non soubemos escoitar. Esta e\u2019 unha lecci\u00f3n para os que non fan caso e non van votar. \u00c1 pol\u00edtica chegou unha enxurrada de pallasos atrevidos que nin saben a historia da humanidade nin queren sabela.<\/p>\n\n\n\n<p>O terrorista Trump e o terrorista Netanyahu, dende o d\u00eda que comezaron a asasinar a palestinos, iranianos e embarcaci\u00f3ns no caribe venezolano cambiaron a orde internacional. Agora o planeta \u00e9 unha terra sen lei, \u00e9 a lei do m\u00e1is forte. Pero a imaxe tan triste e vergonzosa, \u00e9 a dos patriotas que venden a patria, que convidan a estes terroristas as s\u00faas prazas onde te\u00f1en poder. Todos sabemos quen son e de onde ve\u00f1en. Posiblemente empezando polo vaqueiro Aznar e terminando con Feixoo! (o pesca merluzas) ignoran a historia do seu propio pa\u00eds e para mostra diso s\u00f3 fai falla lembrarlle que na desfeita de 1898, os ianquis voaron eles mesmos e cos seus cidad\u00e1ns dentro do barco o USS. Maine. Escusa para declararlle a guerra a Espa\u00f1a e roubarlle as illas de, Cuba, Porto Rico, Filipinas e Guam. Eu nunca comprend\u00edn porque a terra ianqui, lle chaman a terra da liberdade. Hai que recordar a guerra de Vietnam e a bomba at\u00f3mica. Aqu\u00ed n\u00f3s en USA, os que loitaron polas defensas das liberdades, foron unha minor\u00eda branca, os negros e os hispanos. O poder \u00e9 o capital sempre controlou as nosas vidas dende Wall Street. Hoxe 28 de marzo, escribo dende Nova Iork despois de chegar a casa da inmensa manifestaci\u00f3n que lle fixemos a Trump. Nova Iork \u00e9 terreo agreste pra Trump, porque aqu\u00ed cada un \u00e9 fillo da s\u00faa terra e estamos aqu\u00ed para frear a este farsante. Hoxe miles de persoas cami\u00f1amos pola 7 Avenida berrando pola Liberdade ante o fascismo que nos queren impo\u00f1er. Estados unidos est\u00e1 sentando as bases para converter estas agresi\u00f3ns nunha terceira guerra mundial. Lembremos que calquera orde que saia da Casa Branca \u00e9 unha orde ilegal e inconstitucional. Cada d\u00faas palabras que saen pola boca de ese delincuente, ou son de ameazas ou de mentiras. O slogan da manifestaci\u00f3n de hoxe contra Trump e a s\u00faa camarilla era &#8221; NO KINGS&#8221; . SIN REIS. Non sei xusto cantos \u00e9ramos, pero posiblemente hab\u00eda m\u00e1is de 100.000 persoas. Cara a un futuro inmediato, hai un longo e necesario debate, pero coidado ma\u00f1\u00e1 pode ser tarde.<\/p>\n\n\n\n<p><\/p>\n","protected":false},"excerpt":{"rendered":"<div class=\"mh-excerpt\"><p>O 8 de marzo: Os gobernos terroristas de Estados Unidos e Israel, aproveitando as negociaci\u00f3ns que Ir\u00e1n cr\u00eda que \u00edan en boa direcci\u00f3n <a class=\"mh-excerpt-more\" href=\"https:\/\/www.anovapeneira.gal\/index.php\/2026\/04\/06\/o-terror-capitalista\/\" title=\"O terror capitalista\">[&#8230;]<\/a><\/p>\n<\/div>","protected":false},"author":12,"featured_media":15606,"comment_status":"open","ping_status":"open","sticky":false,"template":"","format":"standard","meta":{"_exactmetrics_skip_tracking":false,"_exactmetrics_sitenote_active":false,"_exactmetrics_sitenote_note":"","_exactmetrics_sitenote_category":0,"footnotes":""},"categories":[7],"tags":[],"class_list":{"0":"post-15605","1":"post","2":"type-post","3":"status-publish","4":"format-standard","5":"has-post-thumbnail","7":"category-artigos-de-opinion"},"yoast_head":"<!-- This site is optimized with the Yoast SEO plugin v27.4 - https:\/\/yoast.com\/product\/yoast-seo-wordpress\/ -->\n<title>O terror capitalista -<\/title>\n<meta name=\"robots\" content=\"index, follow, max-snippet:-1, max-image-preview:large, max-video-preview:-1\" \/>\n<link rel=\"canonical\" href=\"https:\/\/www.anovapeneira.gal\/index.php\/2026\/04\/06\/o-terror-capitalista\/\" \/>\n<meta property=\"og:locale\" content=\"gl_ES\" \/>\n<meta property=\"og:type\" content=\"article\" \/>\n<meta property=\"og:title\" content=\"O terror capitalista -\" \/>\n<meta property=\"og:description\" content=\"O 8 de marzo: Os gobernos terroristas de Estados Unidos e Israel, aproveitando as negociaci\u00f3ns que Ir\u00e1n cr\u00eda que \u00edan en boa direcci\u00f3n [...]\" \/>\n<meta property=\"og:url\" content=\"https:\/\/www.anovapeneira.gal\/index.php\/2026\/04\/06\/o-terror-capitalista\/\" \/>\n<meta property=\"article:publisher\" content=\"https:\/\/www.facebook.com\/anovapeneira\" \/>\n<meta property=\"article:published_time\" content=\"2026-04-06T10:00:37+00:00\" \/>\n<meta property=\"og:image\" content=\"https:\/\/www.anovapeneira.gal\/wp-content\/uploads\/2026\/04\/koki.jpg\" \/>\n\t<meta property=\"og:image:width\" content=\"720\" \/>\n\t<meta property=\"og:image:height\" content=\"432\" \/>\n\t<meta property=\"og:image:type\" content=\"image\/jpeg\" \/>\n<meta name=\"author\" content=\"Artigos Opini\u00f3n\" \/>\n<meta name=\"twitter:card\" content=\"summary_large_image\" \/>\n<meta name=\"twitter:creator\" content=\"@APeneira\" \/>\n<meta name=\"twitter:site\" content=\"@APeneira\" \/>\n<meta name=\"twitter:label1\" content=\"Escrito por\" \/>\n\t<meta name=\"twitter:data1\" content=\"Artigos Opini\u00f3n\" \/>\n\t<meta name=\"twitter:label2\" content=\"Tempo de lectura\" \/>\n\t<meta name=\"twitter:data2\" content=\"4 minutos\" \/>\n<script type=\"application\/ld+json\" class=\"yoast-schema-graph\">{\"@context\":\"https:\\\/\\\/schema.org\",\"@graph\":[{\"@type\":\"Article\",\"@id\":\"https:\\\/\\\/www.anovapeneira.gal\\\/index.php\\\/2026\\\/04\\\/06\\\/o-terror-capitalista\\\/#article\",\"isPartOf\":{\"@id\":\"https:\\\/\\\/www.anovapeneira.gal\\\/index.php\\\/2026\\\/04\\\/06\\\/o-terror-capitalista\\\/\"},\"author\":{\"name\":\"Artigos Opini\u00f3n\",\"@id\":\"https:\\\/\\\/www.anovapeneira.gal\\\/#\\\/schema\\\/person\\\/f18a4feb302e8f20bcef4490b5b60bb3\"},\"headline\":\"O terror capitalista\",\"datePublished\":\"2026-04-06T10:00:37+00:00\",\"mainEntityOfPage\":{\"@id\":\"https:\\\/\\\/www.anovapeneira.gal\\\/index.php\\\/2026\\\/04\\\/06\\\/o-terror-capitalista\\\/\"},\"wordCount\":585,\"commentCount\":0,\"publisher\":{\"@id\":\"https:\\\/\\\/www.anovapeneira.gal\\\/#organization\"},\"image\":{\"@id\":\"https:\\\/\\\/www.anovapeneira.gal\\\/index.php\\\/2026\\\/04\\\/06\\\/o-terror-capitalista\\\/#primaryimage\"},\"thumbnailUrl\":\"https:\\\/\\\/www.anovapeneira.gal\\\/wp-content\\\/uploads\\\/2026\\\/04\\\/koki.jpg\",\"articleSection\":[\"Artigos de opini\u00f3n\"],\"inLanguage\":\"gl-ES\",\"potentialAction\":[{\"@type\":\"CommentAction\",\"name\":\"Comment\",\"target\":[\"https:\\\/\\\/www.anovapeneira.gal\\\/index.php\\\/2026\\\/04\\\/06\\\/o-terror-capitalista\\\/#respond\"]}]},{\"@type\":\"WebPage\",\"@id\":\"https:\\\/\\\/www.anovapeneira.gal\\\/index.php\\\/2026\\\/04\\\/06\\\/o-terror-capitalista\\\/\",\"url\":\"https:\\\/\\\/www.anovapeneira.gal\\\/index.php\\\/2026\\\/04\\\/06\\\/o-terror-capitalista\\\/\",\"name\":\"O terror capitalista -\",\"isPartOf\":{\"@id\":\"https:\\\/\\\/www.anovapeneira.gal\\\/#website\"},\"primaryImageOfPage\":{\"@id\":\"https:\\\/\\\/www.anovapeneira.gal\\\/index.php\\\/2026\\\/04\\\/06\\\/o-terror-capitalista\\\/#primaryimage\"},\"image\":{\"@id\":\"https:\\\/\\\/www.anovapeneira.gal\\\/index.php\\\/2026\\\/04\\\/06\\\/o-terror-capitalista\\\/#primaryimage\"},\"thumbnailUrl\":\"https:\\\/\\\/www.anovapeneira.gal\\\/wp-content\\\/uploads\\\/2026\\\/04\\\/koki.jpg\",\"datePublished\":\"2026-04-06T10:00:37+00:00\",\"breadcrumb\":{\"@id\":\"https:\\\/\\\/www.anovapeneira.gal\\\/index.php\\\/2026\\\/04\\\/06\\\/o-terror-capitalista\\\/#breadcrumb\"},\"inLanguage\":\"gl-ES\",\"potentialAction\":[{\"@type\":\"ReadAction\",\"target\":[\"https:\\\/\\\/www.anovapeneira.gal\\\/index.php\\\/2026\\\/04\\\/06\\\/o-terror-capitalista\\\/\"]}]},{\"@type\":\"ImageObject\",\"inLanguage\":\"gl-ES\",\"@id\":\"https:\\\/\\\/www.anovapeneira.gal\\\/index.php\\\/2026\\\/04\\\/06\\\/o-terror-capitalista\\\/#primaryimage\",\"url\":\"https:\\\/\\\/www.anovapeneira.gal\\\/wp-content\\\/uploads\\\/2026\\\/04\\\/koki.jpg\",\"contentUrl\":\"https:\\\/\\\/www.anovapeneira.gal\\\/wp-content\\\/uploads\\\/2026\\\/04\\\/koki.jpg\",\"width\":720,\"height\":432},{\"@type\":\"BreadcrumbList\",\"@id\":\"https:\\\/\\\/www.anovapeneira.gal\\\/index.php\\\/2026\\\/04\\\/06\\\/o-terror-capitalista\\\/#breadcrumb\",\"itemListElement\":[{\"@type\":\"ListItem\",\"position\":1,\"name\":\"Portada\",\"item\":\"https:\\\/\\\/www.anovapeneira.gal\\\/\"},{\"@type\":\"ListItem\",\"position\":2,\"name\":\"O terror capitalista\"}]},{\"@type\":\"WebSite\",\"@id\":\"https:\\\/\\\/www.anovapeneira.gal\\\/#website\",\"url\":\"https:\\\/\\\/www.anovapeneira.gal\\\/\",\"name\":\"\",\"description\":\"Xornal galego de informaci\u00f3n xeral Publicaci\u00f3n mensual de novas de Galicia e en especial dos Concellos da sur da provincia de Pontevedra.\",\"publisher\":{\"@id\":\"https:\\\/\\\/www.anovapeneira.gal\\\/#organization\"},\"potentialAction\":[{\"@type\":\"SearchAction\",\"target\":{\"@type\":\"EntryPoint\",\"urlTemplate\":\"https:\\\/\\\/www.anovapeneira.gal\\\/?s={search_term_string}\"},\"query-input\":{\"@type\":\"PropertyValueSpecification\",\"valueRequired\":true,\"valueName\":\"search_term_string\"}}],\"inLanguage\":\"gl-ES\"},{\"@type\":\"Organization\",\"@id\":\"https:\\\/\\\/www.anovapeneira.gal\\\/#organization\",\"name\":\"A Nova Peneira\",\"url\":\"https:\\\/\\\/www.anovapeneira.gal\\\/\",\"logo\":{\"@type\":\"ImageObject\",\"inLanguage\":\"gl-ES\",\"@id\":\"https:\\\/\\\/www.anovapeneira.gal\\\/#\\\/schema\\\/logo\\\/image\\\/\",\"url\":\"http:\\\/\\\/www.anovapeneira.gal\\\/wp-content\\\/uploads\\\/2019\\\/06\\\/logo_a_nova_peneira_portal_web.png\",\"contentUrl\":\"http:\\\/\\\/www.anovapeneira.gal\\\/wp-content\\\/uploads\\\/2019\\\/06\\\/logo_a_nova_peneira_portal_web.png\",\"width\":300,\"height\":100,\"caption\":\"A Nova Peneira\"},\"image\":{\"@id\":\"https:\\\/\\\/www.anovapeneira.gal\\\/#\\\/schema\\\/logo\\\/image\\\/\"},\"sameAs\":[\"https:\\\/\\\/www.facebook.com\\\/anovapeneira\",\"https:\\\/\\\/x.com\\\/APeneira\"]},{\"@type\":\"Person\",\"@id\":\"https:\\\/\\\/www.anovapeneira.gal\\\/#\\\/schema\\\/person\\\/f18a4feb302e8f20bcef4490b5b60bb3\",\"name\":\"Artigos Opini\u00f3n\",\"image\":{\"@type\":\"ImageObject\",\"inLanguage\":\"gl-ES\",\"@id\":\"https:\\\/\\\/secure.gravatar.com\\\/avatar\\\/072844300f4881150aee2da4278f7a65d16eefdf8262eb67085f1e702de2b959?s=96&d=mm&r=g\",\"url\":\"https:\\\/\\\/secure.gravatar.com\\\/avatar\\\/072844300f4881150aee2da4278f7a65d16eefdf8262eb67085f1e702de2b959?s=96&d=mm&r=g\",\"contentUrl\":\"https:\\\/\\\/secure.gravatar.com\\\/avatar\\\/072844300f4881150aee2da4278f7a65d16eefdf8262eb67085f1e702de2b959?s=96&d=mm&r=g\",\"caption\":\"Artigos Opini\u00f3n\"},\"sameAs\":[\"http:\\\/\\\/anovapeneira.gal\"],\"url\":\"https:\\\/\\\/www.anovapeneira.gal\\\/index.php\\\/author\\\/artigosopinion\\\/\"}]}<\/script>\n<!-- \/ Yoast SEO plugin. -->","yoast_head_json":{"title":"O terror capitalista -","robots":{"index":"index","follow":"follow","max-snippet":"max-snippet:-1","max-image-preview":"max-image-preview:large","max-video-preview":"max-video-preview:-1"},"canonical":"https:\/\/www.anovapeneira.gal\/index.php\/2026\/04\/06\/o-terror-capitalista\/","og_locale":"gl_ES","og_type":"article","og_title":"O terror capitalista -","og_description":"O 8 de marzo: Os gobernos terroristas de Estados Unidos e Israel, aproveitando as negociaci\u00f3ns que Ir\u00e1n cr\u00eda que \u00edan en boa direcci\u00f3n [...]","og_url":"https:\/\/www.anovapeneira.gal\/index.php\/2026\/04\/06\/o-terror-capitalista\/","article_publisher":"https:\/\/www.facebook.com\/anovapeneira","article_published_time":"2026-04-06T10:00:37+00:00","og_image":[{"width":720,"height":432,"url":"https:\/\/www.anovapeneira.gal\/wp-content\/uploads\/2026\/04\/koki.jpg","type":"image\/jpeg"}],"author":"Artigos Opini\u00f3n","twitter_card":"summary_large_image","twitter_creator":"@APeneira","twitter_site":"@APeneira","twitter_misc":{"Escrito por":"Artigos Opini\u00f3n","Tempo de lectura":"4 minutos"},"schema":{"@context":"https:\/\/schema.org","@graph":[{"@type":"Article","@id":"https:\/\/www.anovapeneira.gal\/index.php\/2026\/04\/06\/o-terror-capitalista\/#article","isPartOf":{"@id":"https:\/\/www.anovapeneira.gal\/index.php\/2026\/04\/06\/o-terror-capitalista\/"},"author":{"name":"Artigos Opini\u00f3n","@id":"https:\/\/www.anovapeneira.gal\/#\/schema\/person\/f18a4feb302e8f20bcef4490b5b60bb3"},"headline":"O terror capitalista","datePublished":"2026-04-06T10:00:37+00:00","mainEntityOfPage":{"@id":"https:\/\/www.anovapeneira.gal\/index.php\/2026\/04\/06\/o-terror-capitalista\/"},"wordCount":585,"commentCount":0,"publisher":{"@id":"https:\/\/www.anovapeneira.gal\/#organization"},"image":{"@id":"https:\/\/www.anovapeneira.gal\/index.php\/2026\/04\/06\/o-terror-capitalista\/#primaryimage"},"thumbnailUrl":"https:\/\/www.anovapeneira.gal\/wp-content\/uploads\/2026\/04\/koki.jpg","articleSection":["Artigos de opini\u00f3n"],"inLanguage":"gl-ES","potentialAction":[{"@type":"CommentAction","name":"Comment","target":["https:\/\/www.anovapeneira.gal\/index.php\/2026\/04\/06\/o-terror-capitalista\/#respond"]}]},{"@type":"WebPage","@id":"https:\/\/www.anovapeneira.gal\/index.php\/2026\/04\/06\/o-terror-capitalista\/","url":"https:\/\/www.anovapeneira.gal\/index.php\/2026\/04\/06\/o-terror-capitalista\/","name":"O terror capitalista -","isPartOf":{"@id":"https:\/\/www.anovapeneira.gal\/#website"},"primaryImageOfPage":{"@id":"https:\/\/www.anovapeneira.gal\/index.php\/2026\/04\/06\/o-terror-capitalista\/#primaryimage"},"image":{"@id":"https:\/\/www.anovapeneira.gal\/index.php\/2026\/04\/06\/o-terror-capitalista\/#primaryimage"},"thumbnailUrl":"https:\/\/www.anovapeneira.gal\/wp-content\/uploads\/2026\/04\/koki.jpg","datePublished":"2026-04-06T10:00:37+00:00","breadcrumb":{"@id":"https:\/\/www.anovapeneira.gal\/index.php\/2026\/04\/06\/o-terror-capitalista\/#breadcrumb"},"inLanguage":"gl-ES","potentialAction":[{"@type":"ReadAction","target":["https:\/\/www.anovapeneira.gal\/index.php\/2026\/04\/06\/o-terror-capitalista\/"]}]},{"@type":"ImageObject","inLanguage":"gl-ES","@id":"https:\/\/www.anovapeneira.gal\/index.php\/2026\/04\/06\/o-terror-capitalista\/#primaryimage","url":"https:\/\/www.anovapeneira.gal\/wp-content\/uploads\/2026\/04\/koki.jpg","contentUrl":"https:\/\/www.anovapeneira.gal\/wp-content\/uploads\/2026\/04\/koki.jpg","width":720,"height":432},{"@type":"BreadcrumbList","@id":"https:\/\/www.anovapeneira.gal\/index.php\/2026\/04\/06\/o-terror-capitalista\/#breadcrumb","itemListElement":[{"@type":"ListItem","position":1,"name":"Portada","item":"https:\/\/www.anovapeneira.gal\/"},{"@type":"ListItem","position":2,"name":"O terror capitalista"}]},{"@type":"WebSite","@id":"https:\/\/www.anovapeneira.gal\/#website","url":"https:\/\/www.anovapeneira.gal\/","name":"","description":"Xornal galego de informaci\u00f3n xeral Publicaci\u00f3n mensual de novas de Galicia e en especial dos Concellos da sur da provincia de Pontevedra.","publisher":{"@id":"https:\/\/www.anovapeneira.gal\/#organization"},"potentialAction":[{"@type":"SearchAction","target":{"@type":"EntryPoint","urlTemplate":"https:\/\/www.anovapeneira.gal\/?s={search_term_string}"},"query-input":{"@type":"PropertyValueSpecification","valueRequired":true,"valueName":"search_term_string"}}],"inLanguage":"gl-ES"},{"@type":"Organization","@id":"https:\/\/www.anovapeneira.gal\/#organization","name":"A Nova Peneira","url":"https:\/\/www.anovapeneira.gal\/","logo":{"@type":"ImageObject","inLanguage":"gl-ES","@id":"https:\/\/www.anovapeneira.gal\/#\/schema\/logo\/image\/","url":"http:\/\/www.anovapeneira.gal\/wp-content\/uploads\/2019\/06\/logo_a_nova_peneira_portal_web.png","contentUrl":"http:\/\/www.anovapeneira.gal\/wp-content\/uploads\/2019\/06\/logo_a_nova_peneira_portal_web.png","width":300,"height":100,"caption":"A Nova Peneira"},"image":{"@id":"https:\/\/www.anovapeneira.gal\/#\/schema\/logo\/image\/"},"sameAs":["https:\/\/www.facebook.com\/anovapeneira","https:\/\/x.com\/APeneira"]},{"@type":"Person","@id":"https:\/\/www.anovapeneira.gal\/#\/schema\/person\/f18a4feb302e8f20bcef4490b5b60bb3","name":"Artigos Opini\u00f3n","image":{"@type":"ImageObject","inLanguage":"gl-ES","@id":"https:\/\/secure.gravatar.com\/avatar\/072844300f4881150aee2da4278f7a65d16eefdf8262eb67085f1e702de2b959?s=96&d=mm&r=g","url":"https:\/\/secure.gravatar.com\/avatar\/072844300f4881150aee2da4278f7a65d16eefdf8262eb67085f1e702de2b959?s=96&d=mm&r=g","contentUrl":"https:\/\/secure.gravatar.com\/avatar\/072844300f4881150aee2da4278f7a65d16eefdf8262eb67085f1e702de2b959?s=96&d=mm&r=g","caption":"Artigos Opini\u00f3n"},"sameAs":["http:\/\/anovapeneira.gal"],"url":"https:\/\/www.anovapeneira.gal\/index.php\/author\/artigosopinion\/"}]}},"jetpack_featured_media_url":"https:\/\/www.anovapeneira.gal\/wp-content\/uploads\/2026\/04\/koki.jpg","_links":{"self":[{"href":"https:\/\/www.anovapeneira.gal\/index.php\/wp-json\/wp\/v2\/posts\/15605","targetHints":{"allow":["GET"]}}],"collection":[{"href":"https:\/\/www.anovapeneira.gal\/index.php\/wp-json\/wp\/v2\/posts"}],"about":[{"href":"https:\/\/www.anovapeneira.gal\/index.php\/wp-json\/wp\/v2\/types\/post"}],"author":[{"embeddable":true,"href":"https:\/\/www.anovapeneira.gal\/index.php\/wp-json\/wp\/v2\/users\/12"}],"replies":[{"embeddable":true,"href":"https:\/\/www.anovapeneira.gal\/index.php\/wp-json\/wp\/v2\/comments?post=15605"}],"version-history":[{"count":1,"href":"https:\/\/www.anovapeneira.gal\/index.php\/wp-json\/wp\/v2\/posts\/15605\/revisions"}],"predecessor-version":[{"id":15607,"href":"https:\/\/www.anovapeneira.gal\/index.php\/wp-json\/wp\/v2\/posts\/15605\/revisions\/15607"}],"wp:featuredmedia":[{"embeddable":true,"href":"https:\/\/www.anovapeneira.gal\/index.php\/wp-json\/wp\/v2\/media\/15606"}],"wp:attachment":[{"href":"https:\/\/www.anovapeneira.gal\/index.php\/wp-json\/wp\/v2\/media?parent=15605"}],"wp:term":[{"taxonomy":"category","embeddable":true,"href":"https:\/\/www.anovapeneira.gal\/index.php\/wp-json\/wp\/v2\/categories?post=15605"},{"taxonomy":"post_tag","embeddable":true,"href":"https:\/\/www.anovapeneira.gal\/index.php\/wp-json\/wp\/v2\/tags?post=15605"}],"curies":[{"name":"wp","href":"https:\/\/api.w.org\/{rel}","templated":true}]}}