{"id":15608,"date":"2026-04-07T10:00:33","date_gmt":"2026-04-07T08:00:33","guid":{"rendered":"https:\/\/www.anovapeneira.gal\/?p=15608"},"modified":"2026-04-01T17:41:33","modified_gmt":"2026-04-01T15:41:33","slug":"a-sementeira-faise-maior-de-idade","status":"publish","type":"post","link":"https:\/\/www.anovapeneira.gal\/index.php\/2026\/04\/07\/a-sementeira-faise-maior-de-idade\/","title":{"rendered":"A Sementeira faise maior de idade"},"content":{"rendered":"\n<p><strong>Un ano m\u00e1is os pr\u00f3ximos 8, 9 e 10 de maio a festa da Sementeira chega \u00e1 parroquia de Corz\u00e1ns, no concello de Salvaterra de Mi\u00f1o. E esta vai ser unha edici\u00f3n un tanto especial pois os nosos amigos da Sementeira fan 18 anos de vida, e en consecuencia acadan \u00e1 s\u00faa maior\u00eda de idade. O sono que un pequeno grupo de amigos comezou hai case d\u00faas d\u00e9cadas con moita ilusi\u00f3n pero con poucas expectativas realistas, acabou por se converter nun evento dunha dimensi\u00f3n extraordinaria que cada ano congrega a milleiros de persoas no recinto no que se celebra. Evidentemente o resultado amosa que a asociaci\u00f3n que organiza esta festa, a Asociaci\u00f3n Cultural Quinta do Pi\u00f1eiro de Corz\u00e1ns, est\u00e1 a facer moi ben as cousas. E n\u00f3s, como a calquera outro colectivo que traballe para conservar o que \u00e9 unha parte da identidade colectiva do noso pobo, o pobo galego, as\u00ed llo reco\u00f1ecemos e valoramos. Falamos con Fran Gordillo, o secretario da AC e alma mater desta festa<\/strong><\/p>\n\n\n\n<p><strong>Francisco Gordillo, Secretario da AC Quinta do Pi\u00f1eiro de Corz\u00e1ns.<\/strong><\/p>\n\n\n\n<h2 class=\"wp-block-heading\">\u201c<strong>Cando eu non estea, a Sementeira vai seguir estando con seguridade\u201d<\/strong><\/h2>\n\n\n\n<p><strong>A Sementeira chega \u00e1 s\u00faa maior\u00eda de idade<\/strong><\/p>\n\n\n\n<blockquote class=\"wp-block-quote is-layout-flow wp-block-quote-is-layout-flow\">\n<p>Pois si, calquera o dir\u00eda cando comezamos con ela, pero esta \u00e9 a nosa 18\u00ba Festa da Sementeira. E n\u00f3s non podemos m\u00e1is que expresar a nosa gratitude a todas as persoas que ao longo destes anos colaboraron para que este evento tan bonito puidera existir, e o noso tremendo orgullo polas inmensas cantidades de apoio que recibimos da veci\u00f1anza non s\u00f3 de Salvaterra sen\u00f3n da comarca do Condado.<\/p>\n<\/blockquote>\n\n\n\n<p><strong>En que d\u00edas teremos a Sementeira 2026?<\/strong><\/p>\n\n\n\n<blockquote class=\"wp-block-quote is-layout-flow wp-block-quote-is-layout-flow\">\n<p>A fin de semana do 8, 9 e 10 de Maio.<\/p>\n<\/blockquote>\n\n\n\n<p><strong>A Sementeira \u00e9 Fran, ou \u00e9 algo m\u00e1is que Fran?<\/strong><\/p>\n\n\n\n<blockquote class=\"wp-block-quote is-layout-flow wp-block-quote-is-layout-flow\">\n<p>A sementeira \u00e9 moito m\u00e1is que Fran. Eu se cadra podo ser a cara m\u00e1is visible, pero A Sementeira ten un colectivo de persoas detr\u00e1s, e todos desenvolvemos moito traballo para que poida ser realidade.<\/p>\n<\/blockquote>\n\n\n\n<p><strong>Historicamente a Sementeira sempre foi en dous d\u00edas, e foi na edici\u00f3n anterior canto tomastes a decisi\u00f3n de aumentar a 3.Por que motivo?<\/strong><\/p>\n\n\n\n<blockquote class=\"wp-block-quote is-layout-flow wp-block-quote-is-layout-flow\">\n<p>Ben, pois porque quixemos facer unha Sementeira m\u00e1is inclusiva e dedicar un d\u00eda a recibir a nenos e nenas que est\u00e1n en centros de atenci\u00f3n \u00e1 diversidade. Esta atenci\u00f3n \u00e1 inclusi\u00f3n social pretendemos que sexa un sinal de identidade da nosa festa, porque dar espazo a todos e a todas fainos mellor como sociedade, e este ano ser\u00e1, igual que o ano anterior, o venres, o primeiro d\u00eda do evento.<\/p>\n<\/blockquote>\n\n\n\n<p><strong>Non sei que programa teredes este ano, pero vaivos ser dif\u00edcil superar o do ano anterior, que fora dunha grande calidade<\/strong><\/p>\n\n\n\n<blockquote class=\"wp-block-quote is-layout-flow wp-block-quote-is-layout-flow\">\n<p>Cada ano faise m\u00e1is dif\u00edcil superar a calidade dos programas dos anos anteriores, non pola dimensi\u00f3n da Sementeira, que afortunadamente non deixa de medrar, sen\u00f3n pola cuesti\u00f3n econ\u00f3mica. A dispo\u00f1ibilidade econ\u00f3mica non \u00e9 ilimitada e os cartos dan para o que dan. Pero, honestamente penso que estamos no mesmo nivel c\u00f3 ano anterior, un nivel moi elevado, e que ademais \u00e9 o nivel no que temos que estar.<\/p>\n<\/blockquote>\n\n\n\n<p><strong>A entrada segue sendo de balde os tres d\u00edas?<\/strong><\/p>\n\n\n\n<blockquote class=\"wp-block-quote is-layout-flow wp-block-quote-is-layout-flow\">\n<p>Si, total e absolutamente de balde durante os tres d\u00edas que dura a Sementeira.<\/p>\n<\/blockquote>\n\n\n\n<p><strong>Como vos financiades ent\u00f3n?<\/strong><\/p>\n\n\n\n<blockquote class=\"wp-block-quote is-layout-flow wp-block-quote-is-layout-flow\">\n<p>Fac\u00e9molo coas achegas do Concello e da Deputaci\u00f3n, coa publicidade de empresas e negocios que colaboran con n\u00f3s, e co que consuman os asistentes nas distintas barras que haxa no recinto da festa.<\/p>\n<\/blockquote>\n\n\n\n<p><strong>Estades contentos coa colaboraci\u00f3n do tecido comercial e empresarial de Salvaterra?<\/strong><\/p>\n\n\n\n<blockquote class=\"wp-block-quote is-layout-flow wp-block-quote-is-layout-flow\">\n<p>Estamos moito m\u00e1is que contentos. Estamos agradecidos e emocionados. Cada ano esta colaboraci\u00f3n \u00e9 m\u00e1is importante, ata o punto de que en ocasi\u00f3ns hai empresas que nos chaman a n\u00f3s para ofrecernos a s\u00faa achega.<\/p>\n<\/blockquote>\n\n\n\n<p><strong>Fainos un resumo do m\u00e1is importante do programa?<\/strong><\/p>\n\n\n\n<blockquote class=\"wp-block-quote is-layout-flow wp-block-quote-is-layout-flow\">\n<p>Para min todos os grupos que ve\u00f1en son igual de importantes, e esu estoulles moi agradecido. D\u00edgovos os que me acordo de memoria: Teremos ao grupo &#8220;Bareixa\u201d , coa cantante Iris Abril, que van facer a s\u00faa presentaci\u00f3n na Sementeira, o DJ Sapoconcho, os espectaculares Storrentos&#8230;O s\u00e1bado temos a cl\u00e1sica sa\u00edda dos tractores a primeira hora da ma\u00f1\u00e1, que pasear\u00e1n por distintas zonas de Salvaterra e As Neves,&#8230;. O s\u00e1bado asemade teremos espect\u00e1culos infant\u00eds, o grupo \u201c Kortalumes\u201d, Xes estar\u00e1 tam\u00e9n con n\u00f3s, a orquestra \u201cBrav\u00fa Xangai\u201d de Xurxo Souto&#8230;.\u201dCaim\u00e1n do R\u00edo Tea\u201d..<\/p>\n<\/blockquote>\n\n\n\n<p><strong>Caramba, Xes e Xurxo Souto, pois si que vai ser dif\u00edcil superar para o ano que ven<\/strong><\/p>\n\n\n\n<blockquote class=\"wp-block-quote is-layout-flow wp-block-quote-is-layout-flow\">\n<p>Ha, ha, ha&#8230;.O ano que ven xa veremos o que acontece. De momento imos centrarnos nesta edici\u00f3n na que si, temos moi bo programa.<\/p>\n<\/blockquote>\n\n\n\n<p><strong>A sementeira propiamente dita chega o domingo?<\/strong><\/p>\n\n\n\n<blockquote class=\"wp-block-quote is-layout-flow wp-block-quote-is-layout-flow\">\n<p>Si, cos grupos \u201cSon da Raia\u201d e \u201cNaiama gaiteiros\u201d amenizando e \u00e1s 14:00 h teremos o preg\u00f3n<\/p>\n<\/blockquote>\n\n\n\n<p><strong>Que o fai este ano?<\/strong><\/p>\n\n\n\n<blockquote class=\"wp-block-quote is-layout-flow wp-block-quote-is-layout-flow\">\n<p>Os membros dunha confrar\u00eda madrile\u00f1a chamada \u201cO Chulet\u00f3n\u201d..Estar\u00e1n con n\u00f3s alg\u00fans dos seus representantes m\u00e1is importantes:Fernando Romay,I\u00f1aki Cano, Sergio Pazos, Aar\u00f3n Guerrero, Jota Abril, Poty Castillo&#8230;..<\/p>\n<\/blockquote>\n\n\n\n<p><strong>E despois do preg\u00f3n?<\/strong><\/p>\n\n\n\n<blockquote class=\"wp-block-quote is-layout-flow wp-block-quote-is-layout-flow\">\n<p>Ben, tam\u00e9n estar\u00e1n os nosos amigos \u201c Os Carunchos\u201d tocando por todo o recinto e despois \u00e1s 4 da tarde comezamos coas nosas m\u00edticas \u201colimp\u00edadas agr\u00edcolas\u201d, teremos un grupo local \u201c Hijos de Puchini\u201d e remataremos cos \u201cFesticultores \u201c e \u201cSon das Tabernas\u201d.<\/p>\n<\/blockquote>\n\n\n\n<p><strong>As expectativas de asistencia?<\/strong><\/p>\n\n\n\n<blockquote class=\"wp-block-quote is-layout-flow wp-block-quote-is-layout-flow\">\n<p>Sempre que o tempo nos axude son moi elevadas. Cada ano se achega m\u00e1is xente a acompa\u00f1arnos, de feito estamos tratando de po\u00f1er unhas lanzaderas para conectar a festa con Ponteareas, O Porri\u00f1o, Salceda e Vigo para que a xente poida vir e gozar da festa con tranquilidade e seguridade..Isto \u00faltimo a\u00ednda non o temos pechado,estamos tratando de facelo.<\/p>\n<\/blockquote>\n\n\n\n<p><strong>Nestes 18 anos algunha vez tivestes mal tempo?<\/strong><\/p>\n\n\n\n<blockquote class=\"wp-block-quote is-layout-flow wp-block-quote-is-layout-flow\">\n<p>Si, de feito un d\u00eda do ano pasado nos choveu. Afortunadamente s\u00f3 foi un par de horas de ma\u00f1\u00e1 e logo parou. Se as previsi\u00f3ns deran moita chuvia pois teriamos que valorar mudar as datas<\/p>\n<\/blockquote>\n\n\n\n<p><strong>Algunha vez se deu ese caso?<\/strong><\/p>\n\n\n\n<blockquote class=\"wp-block-quote is-layout-flow wp-block-quote-is-layout-flow\">\n<p>Non, afortunadamente de momento nunca pasou.<\/p>\n<\/blockquote>\n\n\n\n<p><strong>Canto che leva organizar cada Sementeira?<\/strong><\/p>\n\n\n\n<p>Algo m\u00e1is de medio ano.<\/p>\n\n\n\n<p><strong>Sinceramente Fran, Non est\u00e1s canso?<\/strong><\/p>\n\n\n\n<blockquote class=\"wp-block-quote is-layout-flow wp-block-quote-is-layout-flow\">\n<p>Todos os anos. Todos os anos digo que \u00e9 a \u00faltima vez, pero estou tan comprometido emocionalmente a g\u00fastame tanto facer o que fago que mentres o corpo aguante e a sa\u00fade me respecte penso que seguirei.<\/p>\n<\/blockquote>\n\n\n\n<p><strong>Algunha edici\u00f3n tivestes alg\u00fan problema de seguridade ou de orde p\u00fablica?<\/strong><\/p>\n\n\n\n<blockquote class=\"wp-block-quote is-layout-flow wp-block-quote-is-layout-flow\">\n<p>Nunca xamais. Toda a xente portouse sempre de marabilla.<\/p>\n<\/blockquote>\n\n\n\n<p><strong>Segues coa mesma ilusi\u00f3n de sempre?<\/strong><\/p>\n\n\n\n<blockquote class=\"wp-block-quote is-layout-flow wp-block-quote-is-layout-flow\">\n<p>Absolutamente si.<\/p>\n<\/blockquote>\n\n\n\n<p><strong>Cando Fran Gordillo non estea a Sementeira vai seguir existindo?<\/strong><\/p>\n\n\n\n<blockquote class=\"wp-block-quote is-layout-flow wp-block-quote-is-layout-flow\">\n<p>Estou seguro que si. Ningu\u00e9n \u00e9 imprescindible, e desde logo que eu tampouco o son.<\/p>\n<\/blockquote>\n\n\n\n<p><strong>O Concello p\u00f3rtase ben con v\u00f3s?<\/strong><\/p>\n\n\n\n<blockquote class=\"wp-block-quote is-layout-flow wp-block-quote-is-layout-flow\">\n<p>Si, a verdade \u00e9 que non temos queixa. Sempre aspiras a algo m\u00e1is, claro, pero o certo \u00e9 que se portan ben.<\/p>\n<\/blockquote>\n","protected":false},"excerpt":{"rendered":"<div class=\"mh-excerpt\"><p>Un ano m\u00e1is os pr\u00f3ximos 8, 9 e 10 de maio a festa da Sementeira chega \u00e1 parroquia de Corz\u00e1ns, no concello de Salvaterra de Mi\u00f1o <a class=\"mh-excerpt-more\" href=\"https:\/\/www.anovapeneira.gal\/index.php\/2026\/04\/07\/a-sementeira-faise-maior-de-idade\/\" title=\"A Sementeira faise maior de idade\">[&#8230;]<\/a><\/p>\n<\/div>","protected":false},"author":3,"featured_media":15609,"comment_status":"open","ping_status":"open","sticky":false,"template":"","format":"standard","meta":{"_exactmetrics_skip_tracking":false,"_exactmetrics_sitenote_active":false,"_exactmetrics_sitenote_note":"","_exactmetrics_sitenote_category":0,"footnotes":""},"categories":[25],"tags":[1300],"class_list":{"0":"post-15608","1":"post","2":"type-post","3":"status-publish","4":"format-standard","5":"has-post-thumbnail","7":"category-condado","8":"tag-concello-de-salvaterra-de-mino"},"yoast_head":"<!-- This site is optimized with the Yoast SEO plugin v27.4 - https:\/\/yoast.com\/product\/yoast-seo-wordpress\/ -->\n<title>A Sementeira faise maior de idade -<\/title>\n<meta name=\"robots\" content=\"index, follow, max-snippet:-1, max-image-preview:large, max-video-preview:-1\" \/>\n<link rel=\"canonical\" href=\"https:\/\/www.anovapeneira.gal\/index.php\/2026\/04\/07\/a-sementeira-faise-maior-de-idade\/\" \/>\n<meta property=\"og:locale\" content=\"gl_ES\" \/>\n<meta property=\"og:type\" content=\"article\" \/>\n<meta property=\"og:title\" content=\"A Sementeira faise maior de idade -\" \/>\n<meta property=\"og:description\" content=\"Un ano m\u00e1is os pr\u00f3ximos 8, 9 e 10 de maio a festa da Sementeira chega \u00e1 parroquia de Corz\u00e1ns, no concello de Salvaterra de Mi\u00f1o [...]\" \/>\n<meta property=\"og:url\" content=\"https:\/\/www.anovapeneira.gal\/index.php\/2026\/04\/07\/a-sementeira-faise-maior-de-idade\/\" \/>\n<meta property=\"article:publisher\" content=\"https:\/\/www.facebook.com\/anovapeneira\" \/>\n<meta property=\"article:published_time\" content=\"2026-04-07T08:00:33+00:00\" \/>\n<meta property=\"og:image\" content=\"https:\/\/www.anovapeneira.gal\/wp-content\/uploads\/2026\/04\/sementeira.png\" \/>\n\t<meta property=\"og:image:width\" content=\"720\" \/>\n\t<meta property=\"og:image:height\" content=\"432\" \/>\n\t<meta property=\"og:image:type\" content=\"image\/png\" \/>\n<meta name=\"author\" content=\"Redacci\u00f3n A Nova Peneira\" \/>\n<meta name=\"twitter:card\" content=\"summary_large_image\" \/>\n<meta name=\"twitter:creator\" content=\"@APeneira\" \/>\n<meta name=\"twitter:site\" content=\"@APeneira\" \/>\n<meta name=\"twitter:label1\" content=\"Escrito por\" \/>\n\t<meta name=\"twitter:data1\" content=\"Redacci\u00f3n A Nova Peneira\" \/>\n\t<meta name=\"twitter:label2\" content=\"Tempo de lectura\" \/>\n\t<meta name=\"twitter:data2\" content=\"3 minutos\" \/>\n<script type=\"application\/ld+json\" class=\"yoast-schema-graph\">{\"@context\":\"https:\\\/\\\/schema.org\",\"@graph\":[{\"@type\":\"Article\",\"@id\":\"https:\\\/\\\/www.anovapeneira.gal\\\/index.php\\\/2026\\\/04\\\/07\\\/a-sementeira-faise-maior-de-idade\\\/#article\",\"isPartOf\":{\"@id\":\"https:\\\/\\\/www.anovapeneira.gal\\\/index.php\\\/2026\\\/04\\\/07\\\/a-sementeira-faise-maior-de-idade\\\/\"},\"author\":{\"name\":\"Redacci\u00f3n A Nova Peneira\",\"@id\":\"https:\\\/\\\/www.anovapeneira.gal\\\/#\\\/schema\\\/person\\\/b93e3f8932e3f8da96334607eb6ac6aa\"},\"headline\":\"A Sementeira faise maior de idade\",\"datePublished\":\"2026-04-07T08:00:33+00:00\",\"mainEntityOfPage\":{\"@id\":\"https:\\\/\\\/www.anovapeneira.gal\\\/index.php\\\/2026\\\/04\\\/07\\\/a-sementeira-faise-maior-de-idade\\\/\"},\"wordCount\":1209,\"commentCount\":0,\"publisher\":{\"@id\":\"https:\\\/\\\/www.anovapeneira.gal\\\/#organization\"},\"image\":{\"@id\":\"https:\\\/\\\/www.anovapeneira.gal\\\/index.php\\\/2026\\\/04\\\/07\\\/a-sementeira-faise-maior-de-idade\\\/#primaryimage\"},\"thumbnailUrl\":\"https:\\\/\\\/www.anovapeneira.gal\\\/wp-content\\\/uploads\\\/2026\\\/04\\\/sementeira.png\",\"keywords\":[\"Concello de Salvaterra de Mi\u00f1o\"],\"articleSection\":[\"Condado\"],\"inLanguage\":\"gl-ES\",\"potentialAction\":[{\"@type\":\"CommentAction\",\"name\":\"Comment\",\"target\":[\"https:\\\/\\\/www.anovapeneira.gal\\\/index.php\\\/2026\\\/04\\\/07\\\/a-sementeira-faise-maior-de-idade\\\/#respond\"]}]},{\"@type\":\"WebPage\",\"@id\":\"https:\\\/\\\/www.anovapeneira.gal\\\/index.php\\\/2026\\\/04\\\/07\\\/a-sementeira-faise-maior-de-idade\\\/\",\"url\":\"https:\\\/\\\/www.anovapeneira.gal\\\/index.php\\\/2026\\\/04\\\/07\\\/a-sementeira-faise-maior-de-idade\\\/\",\"name\":\"A Sementeira faise maior de idade -\",\"isPartOf\":{\"@id\":\"https:\\\/\\\/www.anovapeneira.gal\\\/#website\"},\"primaryImageOfPage\":{\"@id\":\"https:\\\/\\\/www.anovapeneira.gal\\\/index.php\\\/2026\\\/04\\\/07\\\/a-sementeira-faise-maior-de-idade\\\/#primaryimage\"},\"image\":{\"@id\":\"https:\\\/\\\/www.anovapeneira.gal\\\/index.php\\\/2026\\\/04\\\/07\\\/a-sementeira-faise-maior-de-idade\\\/#primaryimage\"},\"thumbnailUrl\":\"https:\\\/\\\/www.anovapeneira.gal\\\/wp-content\\\/uploads\\\/2026\\\/04\\\/sementeira.png\",\"datePublished\":\"2026-04-07T08:00:33+00:00\",\"breadcrumb\":{\"@id\":\"https:\\\/\\\/www.anovapeneira.gal\\\/index.php\\\/2026\\\/04\\\/07\\\/a-sementeira-faise-maior-de-idade\\\/#breadcrumb\"},\"inLanguage\":\"gl-ES\",\"potentialAction\":[{\"@type\":\"ReadAction\",\"target\":[\"https:\\\/\\\/www.anovapeneira.gal\\\/index.php\\\/2026\\\/04\\\/07\\\/a-sementeira-faise-maior-de-idade\\\/\"]}]},{\"@type\":\"ImageObject\",\"inLanguage\":\"gl-ES\",\"@id\":\"https:\\\/\\\/www.anovapeneira.gal\\\/index.php\\\/2026\\\/04\\\/07\\\/a-sementeira-faise-maior-de-idade\\\/#primaryimage\",\"url\":\"https:\\\/\\\/www.anovapeneira.gal\\\/wp-content\\\/uploads\\\/2026\\\/04\\\/sementeira.png\",\"contentUrl\":\"https:\\\/\\\/www.anovapeneira.gal\\\/wp-content\\\/uploads\\\/2026\\\/04\\\/sementeira.png\",\"width\":720,\"height\":432},{\"@type\":\"BreadcrumbList\",\"@id\":\"https:\\\/\\\/www.anovapeneira.gal\\\/index.php\\\/2026\\\/04\\\/07\\\/a-sementeira-faise-maior-de-idade\\\/#breadcrumb\",\"itemListElement\":[{\"@type\":\"ListItem\",\"position\":1,\"name\":\"Portada\",\"item\":\"https:\\\/\\\/www.anovapeneira.gal\\\/\"},{\"@type\":\"ListItem\",\"position\":2,\"name\":\"A Sementeira faise maior de idade\"}]},{\"@type\":\"WebSite\",\"@id\":\"https:\\\/\\\/www.anovapeneira.gal\\\/#website\",\"url\":\"https:\\\/\\\/www.anovapeneira.gal\\\/\",\"name\":\"\",\"description\":\"Xornal galego de informaci\u00f3n xeral Publicaci\u00f3n mensual de novas de Galicia e en especial dos Concellos da sur da provincia de Pontevedra.\",\"publisher\":{\"@id\":\"https:\\\/\\\/www.anovapeneira.gal\\\/#organization\"},\"potentialAction\":[{\"@type\":\"SearchAction\",\"target\":{\"@type\":\"EntryPoint\",\"urlTemplate\":\"https:\\\/\\\/www.anovapeneira.gal\\\/?s={search_term_string}\"},\"query-input\":{\"@type\":\"PropertyValueSpecification\",\"valueRequired\":true,\"valueName\":\"search_term_string\"}}],\"inLanguage\":\"gl-ES\"},{\"@type\":\"Organization\",\"@id\":\"https:\\\/\\\/www.anovapeneira.gal\\\/#organization\",\"name\":\"A Nova Peneira\",\"url\":\"https:\\\/\\\/www.anovapeneira.gal\\\/\",\"logo\":{\"@type\":\"ImageObject\",\"inLanguage\":\"gl-ES\",\"@id\":\"https:\\\/\\\/www.anovapeneira.gal\\\/#\\\/schema\\\/logo\\\/image\\\/\",\"url\":\"http:\\\/\\\/www.anovapeneira.gal\\\/wp-content\\\/uploads\\\/2019\\\/06\\\/logo_a_nova_peneira_portal_web.png\",\"contentUrl\":\"http:\\\/\\\/www.anovapeneira.gal\\\/wp-content\\\/uploads\\\/2019\\\/06\\\/logo_a_nova_peneira_portal_web.png\",\"width\":300,\"height\":100,\"caption\":\"A Nova Peneira\"},\"image\":{\"@id\":\"https:\\\/\\\/www.anovapeneira.gal\\\/#\\\/schema\\\/logo\\\/image\\\/\"},\"sameAs\":[\"https:\\\/\\\/www.facebook.com\\\/anovapeneira\",\"https:\\\/\\\/x.com\\\/APeneira\"]},{\"@type\":\"Person\",\"@id\":\"https:\\\/\\\/www.anovapeneira.gal\\\/#\\\/schema\\\/person\\\/b93e3f8932e3f8da96334607eb6ac6aa\",\"name\":\"Redacci\u00f3n A Nova Peneira\",\"image\":{\"@type\":\"ImageObject\",\"inLanguage\":\"gl-ES\",\"@id\":\"https:\\\/\\\/secure.gravatar.com\\\/avatar\\\/c052a2551a06e23fac63626232eaa90abd78dbcf1700fc46a2b2c89fd27b735f?s=96&d=mm&r=g\",\"url\":\"https:\\\/\\\/secure.gravatar.com\\\/avatar\\\/c052a2551a06e23fac63626232eaa90abd78dbcf1700fc46a2b2c89fd27b735f?s=96&d=mm&r=g\",\"contentUrl\":\"https:\\\/\\\/secure.gravatar.com\\\/avatar\\\/c052a2551a06e23fac63626232eaa90abd78dbcf1700fc46a2b2c89fd27b735f?s=96&d=mm&r=g\",\"caption\":\"Redacci\u00f3n A Nova Peneira\"},\"sameAs\":[\"http:\\\/\\\/www.anovapeneira.gal\\\/\"],\"url\":\"https:\\\/\\\/www.anovapeneira.gal\\\/index.php\\\/author\\\/redactor\\\/\"}]}<\/script>\n<!-- \/ Yoast SEO plugin. -->","yoast_head_json":{"title":"A Sementeira faise maior de idade -","robots":{"index":"index","follow":"follow","max-snippet":"max-snippet:-1","max-image-preview":"max-image-preview:large","max-video-preview":"max-video-preview:-1"},"canonical":"https:\/\/www.anovapeneira.gal\/index.php\/2026\/04\/07\/a-sementeira-faise-maior-de-idade\/","og_locale":"gl_ES","og_type":"article","og_title":"A Sementeira faise maior de idade -","og_description":"Un ano m\u00e1is os pr\u00f3ximos 8, 9 e 10 de maio a festa da Sementeira chega \u00e1 parroquia de Corz\u00e1ns, no concello de Salvaterra de Mi\u00f1o [...]","og_url":"https:\/\/www.anovapeneira.gal\/index.php\/2026\/04\/07\/a-sementeira-faise-maior-de-idade\/","article_publisher":"https:\/\/www.facebook.com\/anovapeneira","article_published_time":"2026-04-07T08:00:33+00:00","og_image":[{"width":720,"height":432,"url":"https:\/\/www.anovapeneira.gal\/wp-content\/uploads\/2026\/04\/sementeira.png","type":"image\/png"}],"author":"Redacci\u00f3n A Nova Peneira","twitter_card":"summary_large_image","twitter_creator":"@APeneira","twitter_site":"@APeneira","twitter_misc":{"Escrito por":"Redacci\u00f3n A Nova Peneira","Tempo de lectura":"3 minutos"},"schema":{"@context":"https:\/\/schema.org","@graph":[{"@type":"Article","@id":"https:\/\/www.anovapeneira.gal\/index.php\/2026\/04\/07\/a-sementeira-faise-maior-de-idade\/#article","isPartOf":{"@id":"https:\/\/www.anovapeneira.gal\/index.php\/2026\/04\/07\/a-sementeira-faise-maior-de-idade\/"},"author":{"name":"Redacci\u00f3n A Nova Peneira","@id":"https:\/\/www.anovapeneira.gal\/#\/schema\/person\/b93e3f8932e3f8da96334607eb6ac6aa"},"headline":"A Sementeira faise maior de idade","datePublished":"2026-04-07T08:00:33+00:00","mainEntityOfPage":{"@id":"https:\/\/www.anovapeneira.gal\/index.php\/2026\/04\/07\/a-sementeira-faise-maior-de-idade\/"},"wordCount":1209,"commentCount":0,"publisher":{"@id":"https:\/\/www.anovapeneira.gal\/#organization"},"image":{"@id":"https:\/\/www.anovapeneira.gal\/index.php\/2026\/04\/07\/a-sementeira-faise-maior-de-idade\/#primaryimage"},"thumbnailUrl":"https:\/\/www.anovapeneira.gal\/wp-content\/uploads\/2026\/04\/sementeira.png","keywords":["Concello de Salvaterra de Mi\u00f1o"],"articleSection":["Condado"],"inLanguage":"gl-ES","potentialAction":[{"@type":"CommentAction","name":"Comment","target":["https:\/\/www.anovapeneira.gal\/index.php\/2026\/04\/07\/a-sementeira-faise-maior-de-idade\/#respond"]}]},{"@type":"WebPage","@id":"https:\/\/www.anovapeneira.gal\/index.php\/2026\/04\/07\/a-sementeira-faise-maior-de-idade\/","url":"https:\/\/www.anovapeneira.gal\/index.php\/2026\/04\/07\/a-sementeira-faise-maior-de-idade\/","name":"A Sementeira faise maior de idade -","isPartOf":{"@id":"https:\/\/www.anovapeneira.gal\/#website"},"primaryImageOfPage":{"@id":"https:\/\/www.anovapeneira.gal\/index.php\/2026\/04\/07\/a-sementeira-faise-maior-de-idade\/#primaryimage"},"image":{"@id":"https:\/\/www.anovapeneira.gal\/index.php\/2026\/04\/07\/a-sementeira-faise-maior-de-idade\/#primaryimage"},"thumbnailUrl":"https:\/\/www.anovapeneira.gal\/wp-content\/uploads\/2026\/04\/sementeira.png","datePublished":"2026-04-07T08:00:33+00:00","breadcrumb":{"@id":"https:\/\/www.anovapeneira.gal\/index.php\/2026\/04\/07\/a-sementeira-faise-maior-de-idade\/#breadcrumb"},"inLanguage":"gl-ES","potentialAction":[{"@type":"ReadAction","target":["https:\/\/www.anovapeneira.gal\/index.php\/2026\/04\/07\/a-sementeira-faise-maior-de-idade\/"]}]},{"@type":"ImageObject","inLanguage":"gl-ES","@id":"https:\/\/www.anovapeneira.gal\/index.php\/2026\/04\/07\/a-sementeira-faise-maior-de-idade\/#primaryimage","url":"https:\/\/www.anovapeneira.gal\/wp-content\/uploads\/2026\/04\/sementeira.png","contentUrl":"https:\/\/www.anovapeneira.gal\/wp-content\/uploads\/2026\/04\/sementeira.png","width":720,"height":432},{"@type":"BreadcrumbList","@id":"https:\/\/www.anovapeneira.gal\/index.php\/2026\/04\/07\/a-sementeira-faise-maior-de-idade\/#breadcrumb","itemListElement":[{"@type":"ListItem","position":1,"name":"Portada","item":"https:\/\/www.anovapeneira.gal\/"},{"@type":"ListItem","position":2,"name":"A Sementeira faise maior de idade"}]},{"@type":"WebSite","@id":"https:\/\/www.anovapeneira.gal\/#website","url":"https:\/\/www.anovapeneira.gal\/","name":"","description":"Xornal galego de informaci\u00f3n xeral Publicaci\u00f3n mensual de novas de Galicia e en especial dos Concellos da sur da provincia de Pontevedra.","publisher":{"@id":"https:\/\/www.anovapeneira.gal\/#organization"},"potentialAction":[{"@type":"SearchAction","target":{"@type":"EntryPoint","urlTemplate":"https:\/\/www.anovapeneira.gal\/?s={search_term_string}"},"query-input":{"@type":"PropertyValueSpecification","valueRequired":true,"valueName":"search_term_string"}}],"inLanguage":"gl-ES"},{"@type":"Organization","@id":"https:\/\/www.anovapeneira.gal\/#organization","name":"A Nova Peneira","url":"https:\/\/www.anovapeneira.gal\/","logo":{"@type":"ImageObject","inLanguage":"gl-ES","@id":"https:\/\/www.anovapeneira.gal\/#\/schema\/logo\/image\/","url":"http:\/\/www.anovapeneira.gal\/wp-content\/uploads\/2019\/06\/logo_a_nova_peneira_portal_web.png","contentUrl":"http:\/\/www.anovapeneira.gal\/wp-content\/uploads\/2019\/06\/logo_a_nova_peneira_portal_web.png","width":300,"height":100,"caption":"A Nova Peneira"},"image":{"@id":"https:\/\/www.anovapeneira.gal\/#\/schema\/logo\/image\/"},"sameAs":["https:\/\/www.facebook.com\/anovapeneira","https:\/\/x.com\/APeneira"]},{"@type":"Person","@id":"https:\/\/www.anovapeneira.gal\/#\/schema\/person\/b93e3f8932e3f8da96334607eb6ac6aa","name":"Redacci\u00f3n A Nova Peneira","image":{"@type":"ImageObject","inLanguage":"gl-ES","@id":"https:\/\/secure.gravatar.com\/avatar\/c052a2551a06e23fac63626232eaa90abd78dbcf1700fc46a2b2c89fd27b735f?s=96&d=mm&r=g","url":"https:\/\/secure.gravatar.com\/avatar\/c052a2551a06e23fac63626232eaa90abd78dbcf1700fc46a2b2c89fd27b735f?s=96&d=mm&r=g","contentUrl":"https:\/\/secure.gravatar.com\/avatar\/c052a2551a06e23fac63626232eaa90abd78dbcf1700fc46a2b2c89fd27b735f?s=96&d=mm&r=g","caption":"Redacci\u00f3n A Nova Peneira"},"sameAs":["http:\/\/www.anovapeneira.gal\/"],"url":"https:\/\/www.anovapeneira.gal\/index.php\/author\/redactor\/"}]}},"jetpack_featured_media_url":"https:\/\/www.anovapeneira.gal\/wp-content\/uploads\/2026\/04\/sementeira.png","_links":{"self":[{"href":"https:\/\/www.anovapeneira.gal\/index.php\/wp-json\/wp\/v2\/posts\/15608","targetHints":{"allow":["GET"]}}],"collection":[{"href":"https:\/\/www.anovapeneira.gal\/index.php\/wp-json\/wp\/v2\/posts"}],"about":[{"href":"https:\/\/www.anovapeneira.gal\/index.php\/wp-json\/wp\/v2\/types\/post"}],"author":[{"embeddable":true,"href":"https:\/\/www.anovapeneira.gal\/index.php\/wp-json\/wp\/v2\/users\/3"}],"replies":[{"embeddable":true,"href":"https:\/\/www.anovapeneira.gal\/index.php\/wp-json\/wp\/v2\/comments?post=15608"}],"version-history":[{"count":1,"href":"https:\/\/www.anovapeneira.gal\/index.php\/wp-json\/wp\/v2\/posts\/15608\/revisions"}],"predecessor-version":[{"id":15610,"href":"https:\/\/www.anovapeneira.gal\/index.php\/wp-json\/wp\/v2\/posts\/15608\/revisions\/15610"}],"wp:featuredmedia":[{"embeddable":true,"href":"https:\/\/www.anovapeneira.gal\/index.php\/wp-json\/wp\/v2\/media\/15609"}],"wp:attachment":[{"href":"https:\/\/www.anovapeneira.gal\/index.php\/wp-json\/wp\/v2\/media?parent=15608"}],"wp:term":[{"taxonomy":"category","embeddable":true,"href":"https:\/\/www.anovapeneira.gal\/index.php\/wp-json\/wp\/v2\/categories?post=15608"},{"taxonomy":"post_tag","embeddable":true,"href":"https:\/\/www.anovapeneira.gal\/index.php\/wp-json\/wp\/v2\/tags?post=15608"}],"curies":[{"name":"wp","href":"https:\/\/api.w.org\/{rel}","templated":true}]}}