{"id":15616,"date":"2026-04-08T10:00:08","date_gmt":"2026-04-08T08:00:08","guid":{"rendered":"https:\/\/www.anovapeneira.gal\/?p=15616"},"modified":"2026-04-01T17:55:48","modified_gmt":"2026-04-01T15:55:48","slug":"bicentenario-da-parroquia-de-san-xoan-de-tabagon","status":"publish","type":"post","link":"https:\/\/www.anovapeneira.gal\/index.php\/2026\/04\/08\/bicentenario-da-parroquia-de-san-xoan-de-tabagon\/","title":{"rendered":"Bicentenario da Parroquia de San Xo\u00e1n de Tabag\u00f3n"},"content":{"rendered":"\n<p>(1826-2026)<\/p>\n\n\n\n<pre class=\"wp-block-verse\">Joaqu\u00edn Miguel Villa \u00c1lvarez, Historiador<\/pre>\n\n\n\n<p><\/p>\n\n\n\n<p>Este ano 2026 conmem\u00f3rase o bicentenario da Parroquia de San Xo\u00e1n de Tabag\u00f3n, no Concello do Rosal, unha circunstancia que non pasou desapercibida para a actual comisi\u00f3n de festas que o vai celebrar na festividade de San Xo\u00e1n do 24 de xu\u00f1o. Esta fregues\u00eda botou a andar tal d\u00eda coma hoxe fai douscentos anos, o <strong>31 de marzo de 1826<\/strong>, cando tomou posesi\u00f3n da mesma o seu primeiro p\u00e1rroco D. Manuel Francisco Truyteiro. As\u00ed figura na primeira p\u00e1xina do libro primeiro de casados (1826-1854): \u00abLibro de casados de San Juan Bautista de Tabag\u00f3n, formado por D. Manuel Francisco Truyteiro, primer abad de esta parroquia de nueva erecci\u00f3n de la cual se ha posesionado en 31 de marzo de 1826\u00bb. E tam\u00e9n o dic\u00eda en 1852 o historiador \u00c1vila y La Cueva na s\u00faa monumental historia do bispado de Tui: \u00abEl 31 de marzo de 1826 tom\u00f3 posesi\u00f3n el nuevo Abad D. Manuel Francisco Truyteiro y empez\u00f3 desde entonces a bautizarse, casarse y enterrarse en la nueva iglesia y tuvo principio la formal desmembraci\u00f3n [das parroquias de Eiras e San Miguel]. Un feito que era a culminaci\u00f3n dun longo proceso iniciado a finais do s\u00e9culo XVIII.<\/p>\n\n\n\n<p>O territorio da nova parroquia, situado \u00e1 entrada ao esteiro do r\u00edo Mi\u00f1o vindo dende Tui, era co\u00f1ecido dende antigo como \u00abOs mixtos de Tabag\u00f3n e as Eiras\u00bb, dado que, dende un punto de vista relixioso, pertenc\u00eda \u00e1s fregues\u00edas de San Bartolom\u00e9 das Eiras e San Miguel de Tabag\u00f3n. Non obstante, dada a situaci\u00f3n bastante afastada das d\u00faas igrexas parroquiais as\u00ed como a proxecci\u00f3n econ\u00f3mica e social, os veci\u00f1os do lugar foron desenvolvendo unha personalidade propia que lles fixo sentir a necesidade de ter a s\u00faa propia parroquia. Debeu ser cara o 1780 cando ditos veci\u00f1os presentaron ao bispo de Tui a s\u00faa vontade de constitu\u00edrse en parroquia independente. O bispo trasladar\u00eda esa proposta ao goberno do Estado o cal fallar\u00eda ao seu favor en varias Reais Ordes (1784, 1795 e 1796). Nesas tres disposici\u00f3ns prev\u00ed\u00f1ase a erecci\u00f3n dunha nova parroquia no lugar dos Mixtos, e a dotaci\u00f3n do seu p\u00e1rroco cos beneficios simples das fregues\u00edas das Eiras e San Miguel, quedando reservado o seu produto para a construci\u00f3n da nova igrexa, altares e o demais necesario.<\/p>\n\n\n\n<p>Asegurada as\u00ed a fonte de financiamento, as obras da nova igrexa comezar\u00edan no ano 1804, estando a cargo do mestre de canter\u00eda Pedro P\u00e9rez, veci\u00f1o de Santa Mar\u00eda de Oia. A construci\u00f3n do templo estaba xa moi avanzada e case rematada cando tivo que suspenderse no ano 1808 pola invasi\u00f3n francesa. Sen embargo, finalizada dita invasi\u00f3n, o grave enfrontamento do contratista co apoderado dos veci\u00f1os Jos\u00e9 Mart\u00ednez Verdeal fixo que en 1813 Pedro P\u00e9rez desistise de acabar a obra. As\u00ed foi como ao ano seguinte, en 1814, para dar fin \u00f3s traballos foi contratado o mestre de canter\u00eda Jos\u00e9 Manuel Pal\u00f3n, natural de Portugal e veci\u00f1o de Lanhelas, quen axustou as obras de canter\u00eda, carpinter\u00eda e pintura que faltaban, d\u00e1ndoas por rematadas en setembro de 1816.<\/p>\n\n\n\n<p>Constru\u00edda a igrexa, o 11 de xullo de 1820 o bispo de Tui D. Juan Garc\u00eda Benito decretou a erecci\u00f3n da parroquia, separ\u00e1ndoa definitivamente das fregues\u00edas de San Miguel de Tabag\u00f3n e as Eiras, e d\u00e1ndolle por santo titular a San Xo\u00e1n Bautista. Finalmente, o Rei Fernando VII confirmou dita erecci\u00f3n por medio da Real C\u00e9dula Auxiliatoria datada en Aranjuez o 19 de abril de 1822. E como xa mencionamos ao principio, a inauguraci\u00f3n da nova parroquia foi o 31 de marzo de 1826 cando tomou posesi\u00f3n dela o seu primeiro p\u00e1rroco.<\/p>\n\n\n\n<p>No ano 1926 tivo lugar o <strong>centenario<\/strong> da parroquia, form\u00e1ndose daquela unha comisi\u00f3n de festas para celebralo por todo o alto o d\u00eda do padroeiro San Xo\u00e1n Bautista. E tam\u00e9n quixeron deixar un recordo en beneficio do pobo mesmo: a reconstruci\u00f3n e urbanizaci\u00f3n do cami\u00f1o que dende a carreteira \u00eda ata a igrexa parroquial e o campo de festas, tal e como aparece na fotograf\u00eda que acompa\u00f1a estas li\u00f1as. Un cami\u00f1o ao que, nas festas da Virxe da Sa\u00fade e San Blas, se accede polo famoso \u00abarco de Tabag\u00f3n\u00bb.<\/p>\n","protected":false},"excerpt":{"rendered":"<div class=\"mh-excerpt\"><p>Este ano 2026 conmem\u00f3rase o bicentenario da Parroquia de San Xo\u00e1n de Tabag\u00f3n, no Concello do Rosal, unha circunstancia que non pasou desapercibida para a actual comisi\u00f3n de festas que o vai celebrar na festividade de San Xo\u00e1n do 24 de xu\u00f1o <a class=\"mh-excerpt-more\" href=\"https:\/\/www.anovapeneira.gal\/index.php\/2026\/04\/08\/bicentenario-da-parroquia-de-san-xoan-de-tabagon\/\" title=\"Bicentenario da Parroquia de San Xo\u00e1n de Tabag\u00f3n\">[&#8230;]<\/a><\/p>\n<\/div>","protected":false},"author":3,"featured_media":15617,"comment_status":"open","ping_status":"open","sticky":false,"template":"","format":"standard","meta":{"_exactmetrics_skip_tracking":false,"_exactmetrics_sitenote_active":false,"_exactmetrics_sitenote_note":"","_exactmetrics_sitenote_category":0,"footnotes":""},"categories":[21],"tags":[131],"class_list":{"0":"post-15616","1":"post","2":"type-post","3":"status-publish","4":"format-standard","5":"has-post-thumbnail","7":"category-baixo-mino","8":"tag-concello-do-rosal"},"yoast_head":"<!-- This site is optimized with the Yoast SEO plugin v27.4 - https:\/\/yoast.com\/product\/yoast-seo-wordpress\/ -->\n<title>Bicentenario da Parroquia de San Xo\u00e1n de Tabag\u00f3n -<\/title>\n<meta name=\"robots\" content=\"index, follow, max-snippet:-1, max-image-preview:large, max-video-preview:-1\" \/>\n<link rel=\"canonical\" href=\"https:\/\/www.anovapeneira.gal\/index.php\/2026\/04\/08\/bicentenario-da-parroquia-de-san-xoan-de-tabagon\/\" \/>\n<meta property=\"og:locale\" content=\"gl_ES\" \/>\n<meta property=\"og:type\" content=\"article\" \/>\n<meta property=\"og:title\" content=\"Bicentenario da Parroquia de San Xo\u00e1n de Tabag\u00f3n -\" \/>\n<meta property=\"og:description\" content=\"Este ano 2026 conmem\u00f3rase o bicentenario da Parroquia de San Xo\u00e1n de Tabag\u00f3n, no Concello do Rosal, unha circunstancia que non pasou desapercibida para a actual comisi\u00f3n de festas que o vai celebrar na festividade de San Xo\u00e1n do 24 de xu\u00f1o [...]\" \/>\n<meta property=\"og:url\" content=\"https:\/\/www.anovapeneira.gal\/index.php\/2026\/04\/08\/bicentenario-da-parroquia-de-san-xoan-de-tabagon\/\" \/>\n<meta property=\"article:publisher\" content=\"https:\/\/www.facebook.com\/anovapeneira\" \/>\n<meta property=\"article:published_time\" content=\"2026-04-08T08:00:08+00:00\" \/>\n<meta property=\"og:image\" content=\"https:\/\/www.anovapeneira.gal\/wp-content\/uploads\/2026\/04\/tabegon.png\" \/>\n\t<meta property=\"og:image:width\" content=\"720\" \/>\n\t<meta property=\"og:image:height\" content=\"432\" \/>\n\t<meta property=\"og:image:type\" content=\"image\/png\" \/>\n<meta name=\"author\" content=\"Redacci\u00f3n A Nova Peneira\" \/>\n<meta name=\"twitter:card\" content=\"summary_large_image\" \/>\n<meta name=\"twitter:creator\" content=\"@APeneira\" \/>\n<meta name=\"twitter:site\" content=\"@APeneira\" \/>\n<meta name=\"twitter:label1\" content=\"Escrito por\" \/>\n\t<meta name=\"twitter:data1\" content=\"Redacci\u00f3n A Nova Peneira\" \/>\n\t<meta name=\"twitter:label2\" content=\"Tempo de lectura\" \/>\n\t<meta name=\"twitter:data2\" content=\"4 minutos\" \/>\n<script type=\"application\/ld+json\" class=\"yoast-schema-graph\">{\"@context\":\"https:\\\/\\\/schema.org\",\"@graph\":[{\"@type\":\"Article\",\"@id\":\"https:\\\/\\\/www.anovapeneira.gal\\\/index.php\\\/2026\\\/04\\\/08\\\/bicentenario-da-parroquia-de-san-xoan-de-tabagon\\\/#article\",\"isPartOf\":{\"@id\":\"https:\\\/\\\/www.anovapeneira.gal\\\/index.php\\\/2026\\\/04\\\/08\\\/bicentenario-da-parroquia-de-san-xoan-de-tabagon\\\/\"},\"author\":{\"name\":\"Redacci\u00f3n A Nova Peneira\",\"@id\":\"https:\\\/\\\/www.anovapeneira.gal\\\/#\\\/schema\\\/person\\\/b93e3f8932e3f8da96334607eb6ac6aa\"},\"headline\":\"Bicentenario da Parroquia de San Xo\u00e1n de Tabag\u00f3n\",\"datePublished\":\"2026-04-08T08:00:08+00:00\",\"mainEntityOfPage\":{\"@id\":\"https:\\\/\\\/www.anovapeneira.gal\\\/index.php\\\/2026\\\/04\\\/08\\\/bicentenario-da-parroquia-de-san-xoan-de-tabagon\\\/\"},\"wordCount\":753,\"commentCount\":0,\"publisher\":{\"@id\":\"https:\\\/\\\/www.anovapeneira.gal\\\/#organization\"},\"image\":{\"@id\":\"https:\\\/\\\/www.anovapeneira.gal\\\/index.php\\\/2026\\\/04\\\/08\\\/bicentenario-da-parroquia-de-san-xoan-de-tabagon\\\/#primaryimage\"},\"thumbnailUrl\":\"https:\\\/\\\/www.anovapeneira.gal\\\/wp-content\\\/uploads\\\/2026\\\/04\\\/tabegon.png\",\"keywords\":[\"Concello do Rosal\"],\"articleSection\":[\"Baixo Mi\u00f1o\"],\"inLanguage\":\"gl-ES\",\"potentialAction\":[{\"@type\":\"CommentAction\",\"name\":\"Comment\",\"target\":[\"https:\\\/\\\/www.anovapeneira.gal\\\/index.php\\\/2026\\\/04\\\/08\\\/bicentenario-da-parroquia-de-san-xoan-de-tabagon\\\/#respond\"]}]},{\"@type\":\"WebPage\",\"@id\":\"https:\\\/\\\/www.anovapeneira.gal\\\/index.php\\\/2026\\\/04\\\/08\\\/bicentenario-da-parroquia-de-san-xoan-de-tabagon\\\/\",\"url\":\"https:\\\/\\\/www.anovapeneira.gal\\\/index.php\\\/2026\\\/04\\\/08\\\/bicentenario-da-parroquia-de-san-xoan-de-tabagon\\\/\",\"name\":\"Bicentenario da Parroquia de San Xo\u00e1n de Tabag\u00f3n -\",\"isPartOf\":{\"@id\":\"https:\\\/\\\/www.anovapeneira.gal\\\/#website\"},\"primaryImageOfPage\":{\"@id\":\"https:\\\/\\\/www.anovapeneira.gal\\\/index.php\\\/2026\\\/04\\\/08\\\/bicentenario-da-parroquia-de-san-xoan-de-tabagon\\\/#primaryimage\"},\"image\":{\"@id\":\"https:\\\/\\\/www.anovapeneira.gal\\\/index.php\\\/2026\\\/04\\\/08\\\/bicentenario-da-parroquia-de-san-xoan-de-tabagon\\\/#primaryimage\"},\"thumbnailUrl\":\"https:\\\/\\\/www.anovapeneira.gal\\\/wp-content\\\/uploads\\\/2026\\\/04\\\/tabegon.png\",\"datePublished\":\"2026-04-08T08:00:08+00:00\",\"breadcrumb\":{\"@id\":\"https:\\\/\\\/www.anovapeneira.gal\\\/index.php\\\/2026\\\/04\\\/08\\\/bicentenario-da-parroquia-de-san-xoan-de-tabagon\\\/#breadcrumb\"},\"inLanguage\":\"gl-ES\",\"potentialAction\":[{\"@type\":\"ReadAction\",\"target\":[\"https:\\\/\\\/www.anovapeneira.gal\\\/index.php\\\/2026\\\/04\\\/08\\\/bicentenario-da-parroquia-de-san-xoan-de-tabagon\\\/\"]}]},{\"@type\":\"ImageObject\",\"inLanguage\":\"gl-ES\",\"@id\":\"https:\\\/\\\/www.anovapeneira.gal\\\/index.php\\\/2026\\\/04\\\/08\\\/bicentenario-da-parroquia-de-san-xoan-de-tabagon\\\/#primaryimage\",\"url\":\"https:\\\/\\\/www.anovapeneira.gal\\\/wp-content\\\/uploads\\\/2026\\\/04\\\/tabegon.png\",\"contentUrl\":\"https:\\\/\\\/www.anovapeneira.gal\\\/wp-content\\\/uploads\\\/2026\\\/04\\\/tabegon.png\",\"width\":720,\"height\":432,\"caption\":\"Fotograf\u00eda cortes\u00eda de Mar\u00eda Cristina Lomba \u00c1lvarez\"},{\"@type\":\"BreadcrumbList\",\"@id\":\"https:\\\/\\\/www.anovapeneira.gal\\\/index.php\\\/2026\\\/04\\\/08\\\/bicentenario-da-parroquia-de-san-xoan-de-tabagon\\\/#breadcrumb\",\"itemListElement\":[{\"@type\":\"ListItem\",\"position\":1,\"name\":\"Portada\",\"item\":\"https:\\\/\\\/www.anovapeneira.gal\\\/\"},{\"@type\":\"ListItem\",\"position\":2,\"name\":\"Bicentenario da Parroquia de San Xo\u00e1n de Tabag\u00f3n\"}]},{\"@type\":\"WebSite\",\"@id\":\"https:\\\/\\\/www.anovapeneira.gal\\\/#website\",\"url\":\"https:\\\/\\\/www.anovapeneira.gal\\\/\",\"name\":\"\",\"description\":\"Xornal galego de informaci\u00f3n xeral Publicaci\u00f3n mensual de novas de Galicia e en especial dos Concellos da sur da provincia de Pontevedra.\",\"publisher\":{\"@id\":\"https:\\\/\\\/www.anovapeneira.gal\\\/#organization\"},\"potentialAction\":[{\"@type\":\"SearchAction\",\"target\":{\"@type\":\"EntryPoint\",\"urlTemplate\":\"https:\\\/\\\/www.anovapeneira.gal\\\/?s={search_term_string}\"},\"query-input\":{\"@type\":\"PropertyValueSpecification\",\"valueRequired\":true,\"valueName\":\"search_term_string\"}}],\"inLanguage\":\"gl-ES\"},{\"@type\":\"Organization\",\"@id\":\"https:\\\/\\\/www.anovapeneira.gal\\\/#organization\",\"name\":\"A Nova Peneira\",\"url\":\"https:\\\/\\\/www.anovapeneira.gal\\\/\",\"logo\":{\"@type\":\"ImageObject\",\"inLanguage\":\"gl-ES\",\"@id\":\"https:\\\/\\\/www.anovapeneira.gal\\\/#\\\/schema\\\/logo\\\/image\\\/\",\"url\":\"http:\\\/\\\/www.anovapeneira.gal\\\/wp-content\\\/uploads\\\/2019\\\/06\\\/logo_a_nova_peneira_portal_web.png\",\"contentUrl\":\"http:\\\/\\\/www.anovapeneira.gal\\\/wp-content\\\/uploads\\\/2019\\\/06\\\/logo_a_nova_peneira_portal_web.png\",\"width\":300,\"height\":100,\"caption\":\"A Nova Peneira\"},\"image\":{\"@id\":\"https:\\\/\\\/www.anovapeneira.gal\\\/#\\\/schema\\\/logo\\\/image\\\/\"},\"sameAs\":[\"https:\\\/\\\/www.facebook.com\\\/anovapeneira\",\"https:\\\/\\\/x.com\\\/APeneira\"]},{\"@type\":\"Person\",\"@id\":\"https:\\\/\\\/www.anovapeneira.gal\\\/#\\\/schema\\\/person\\\/b93e3f8932e3f8da96334607eb6ac6aa\",\"name\":\"Redacci\u00f3n A Nova Peneira\",\"image\":{\"@type\":\"ImageObject\",\"inLanguage\":\"gl-ES\",\"@id\":\"https:\\\/\\\/secure.gravatar.com\\\/avatar\\\/c052a2551a06e23fac63626232eaa90abd78dbcf1700fc46a2b2c89fd27b735f?s=96&d=mm&r=g\",\"url\":\"https:\\\/\\\/secure.gravatar.com\\\/avatar\\\/c052a2551a06e23fac63626232eaa90abd78dbcf1700fc46a2b2c89fd27b735f?s=96&d=mm&r=g\",\"contentUrl\":\"https:\\\/\\\/secure.gravatar.com\\\/avatar\\\/c052a2551a06e23fac63626232eaa90abd78dbcf1700fc46a2b2c89fd27b735f?s=96&d=mm&r=g\",\"caption\":\"Redacci\u00f3n A Nova Peneira\"},\"sameAs\":[\"http:\\\/\\\/www.anovapeneira.gal\\\/\"],\"url\":\"https:\\\/\\\/www.anovapeneira.gal\\\/index.php\\\/author\\\/redactor\\\/\"}]}<\/script>\n<!-- \/ Yoast SEO plugin. -->","yoast_head_json":{"title":"Bicentenario da Parroquia de San Xo\u00e1n de Tabag\u00f3n -","robots":{"index":"index","follow":"follow","max-snippet":"max-snippet:-1","max-image-preview":"max-image-preview:large","max-video-preview":"max-video-preview:-1"},"canonical":"https:\/\/www.anovapeneira.gal\/index.php\/2026\/04\/08\/bicentenario-da-parroquia-de-san-xoan-de-tabagon\/","og_locale":"gl_ES","og_type":"article","og_title":"Bicentenario da Parroquia de San Xo\u00e1n de Tabag\u00f3n -","og_description":"Este ano 2026 conmem\u00f3rase o bicentenario da Parroquia de San Xo\u00e1n de Tabag\u00f3n, no Concello do Rosal, unha circunstancia que non pasou desapercibida para a actual comisi\u00f3n de festas que o vai celebrar na festividade de San Xo\u00e1n do 24 de xu\u00f1o [...]","og_url":"https:\/\/www.anovapeneira.gal\/index.php\/2026\/04\/08\/bicentenario-da-parroquia-de-san-xoan-de-tabagon\/","article_publisher":"https:\/\/www.facebook.com\/anovapeneira","article_published_time":"2026-04-08T08:00:08+00:00","og_image":[{"width":720,"height":432,"url":"https:\/\/www.anovapeneira.gal\/wp-content\/uploads\/2026\/04\/tabegon.png","type":"image\/png"}],"author":"Redacci\u00f3n A Nova Peneira","twitter_card":"summary_large_image","twitter_creator":"@APeneira","twitter_site":"@APeneira","twitter_misc":{"Escrito por":"Redacci\u00f3n A Nova Peneira","Tempo de lectura":"4 minutos"},"schema":{"@context":"https:\/\/schema.org","@graph":[{"@type":"Article","@id":"https:\/\/www.anovapeneira.gal\/index.php\/2026\/04\/08\/bicentenario-da-parroquia-de-san-xoan-de-tabagon\/#article","isPartOf":{"@id":"https:\/\/www.anovapeneira.gal\/index.php\/2026\/04\/08\/bicentenario-da-parroquia-de-san-xoan-de-tabagon\/"},"author":{"name":"Redacci\u00f3n A Nova Peneira","@id":"https:\/\/www.anovapeneira.gal\/#\/schema\/person\/b93e3f8932e3f8da96334607eb6ac6aa"},"headline":"Bicentenario da Parroquia de San Xo\u00e1n de Tabag\u00f3n","datePublished":"2026-04-08T08:00:08+00:00","mainEntityOfPage":{"@id":"https:\/\/www.anovapeneira.gal\/index.php\/2026\/04\/08\/bicentenario-da-parroquia-de-san-xoan-de-tabagon\/"},"wordCount":753,"commentCount":0,"publisher":{"@id":"https:\/\/www.anovapeneira.gal\/#organization"},"image":{"@id":"https:\/\/www.anovapeneira.gal\/index.php\/2026\/04\/08\/bicentenario-da-parroquia-de-san-xoan-de-tabagon\/#primaryimage"},"thumbnailUrl":"https:\/\/www.anovapeneira.gal\/wp-content\/uploads\/2026\/04\/tabegon.png","keywords":["Concello do Rosal"],"articleSection":["Baixo Mi\u00f1o"],"inLanguage":"gl-ES","potentialAction":[{"@type":"CommentAction","name":"Comment","target":["https:\/\/www.anovapeneira.gal\/index.php\/2026\/04\/08\/bicentenario-da-parroquia-de-san-xoan-de-tabagon\/#respond"]}]},{"@type":"WebPage","@id":"https:\/\/www.anovapeneira.gal\/index.php\/2026\/04\/08\/bicentenario-da-parroquia-de-san-xoan-de-tabagon\/","url":"https:\/\/www.anovapeneira.gal\/index.php\/2026\/04\/08\/bicentenario-da-parroquia-de-san-xoan-de-tabagon\/","name":"Bicentenario da Parroquia de San Xo\u00e1n de Tabag\u00f3n -","isPartOf":{"@id":"https:\/\/www.anovapeneira.gal\/#website"},"primaryImageOfPage":{"@id":"https:\/\/www.anovapeneira.gal\/index.php\/2026\/04\/08\/bicentenario-da-parroquia-de-san-xoan-de-tabagon\/#primaryimage"},"image":{"@id":"https:\/\/www.anovapeneira.gal\/index.php\/2026\/04\/08\/bicentenario-da-parroquia-de-san-xoan-de-tabagon\/#primaryimage"},"thumbnailUrl":"https:\/\/www.anovapeneira.gal\/wp-content\/uploads\/2026\/04\/tabegon.png","datePublished":"2026-04-08T08:00:08+00:00","breadcrumb":{"@id":"https:\/\/www.anovapeneira.gal\/index.php\/2026\/04\/08\/bicentenario-da-parroquia-de-san-xoan-de-tabagon\/#breadcrumb"},"inLanguage":"gl-ES","potentialAction":[{"@type":"ReadAction","target":["https:\/\/www.anovapeneira.gal\/index.php\/2026\/04\/08\/bicentenario-da-parroquia-de-san-xoan-de-tabagon\/"]}]},{"@type":"ImageObject","inLanguage":"gl-ES","@id":"https:\/\/www.anovapeneira.gal\/index.php\/2026\/04\/08\/bicentenario-da-parroquia-de-san-xoan-de-tabagon\/#primaryimage","url":"https:\/\/www.anovapeneira.gal\/wp-content\/uploads\/2026\/04\/tabegon.png","contentUrl":"https:\/\/www.anovapeneira.gal\/wp-content\/uploads\/2026\/04\/tabegon.png","width":720,"height":432,"caption":"Fotograf\u00eda cortes\u00eda de Mar\u00eda Cristina Lomba \u00c1lvarez"},{"@type":"BreadcrumbList","@id":"https:\/\/www.anovapeneira.gal\/index.php\/2026\/04\/08\/bicentenario-da-parroquia-de-san-xoan-de-tabagon\/#breadcrumb","itemListElement":[{"@type":"ListItem","position":1,"name":"Portada","item":"https:\/\/www.anovapeneira.gal\/"},{"@type":"ListItem","position":2,"name":"Bicentenario da Parroquia de San Xo\u00e1n de Tabag\u00f3n"}]},{"@type":"WebSite","@id":"https:\/\/www.anovapeneira.gal\/#website","url":"https:\/\/www.anovapeneira.gal\/","name":"","description":"Xornal galego de informaci\u00f3n xeral Publicaci\u00f3n mensual de novas de Galicia e en especial dos Concellos da sur da provincia de Pontevedra.","publisher":{"@id":"https:\/\/www.anovapeneira.gal\/#organization"},"potentialAction":[{"@type":"SearchAction","target":{"@type":"EntryPoint","urlTemplate":"https:\/\/www.anovapeneira.gal\/?s={search_term_string}"},"query-input":{"@type":"PropertyValueSpecification","valueRequired":true,"valueName":"search_term_string"}}],"inLanguage":"gl-ES"},{"@type":"Organization","@id":"https:\/\/www.anovapeneira.gal\/#organization","name":"A Nova Peneira","url":"https:\/\/www.anovapeneira.gal\/","logo":{"@type":"ImageObject","inLanguage":"gl-ES","@id":"https:\/\/www.anovapeneira.gal\/#\/schema\/logo\/image\/","url":"http:\/\/www.anovapeneira.gal\/wp-content\/uploads\/2019\/06\/logo_a_nova_peneira_portal_web.png","contentUrl":"http:\/\/www.anovapeneira.gal\/wp-content\/uploads\/2019\/06\/logo_a_nova_peneira_portal_web.png","width":300,"height":100,"caption":"A Nova Peneira"},"image":{"@id":"https:\/\/www.anovapeneira.gal\/#\/schema\/logo\/image\/"},"sameAs":["https:\/\/www.facebook.com\/anovapeneira","https:\/\/x.com\/APeneira"]},{"@type":"Person","@id":"https:\/\/www.anovapeneira.gal\/#\/schema\/person\/b93e3f8932e3f8da96334607eb6ac6aa","name":"Redacci\u00f3n A Nova Peneira","image":{"@type":"ImageObject","inLanguage":"gl-ES","@id":"https:\/\/secure.gravatar.com\/avatar\/c052a2551a06e23fac63626232eaa90abd78dbcf1700fc46a2b2c89fd27b735f?s=96&d=mm&r=g","url":"https:\/\/secure.gravatar.com\/avatar\/c052a2551a06e23fac63626232eaa90abd78dbcf1700fc46a2b2c89fd27b735f?s=96&d=mm&r=g","contentUrl":"https:\/\/secure.gravatar.com\/avatar\/c052a2551a06e23fac63626232eaa90abd78dbcf1700fc46a2b2c89fd27b735f?s=96&d=mm&r=g","caption":"Redacci\u00f3n A Nova Peneira"},"sameAs":["http:\/\/www.anovapeneira.gal\/"],"url":"https:\/\/www.anovapeneira.gal\/index.php\/author\/redactor\/"}]}},"jetpack_featured_media_url":"https:\/\/www.anovapeneira.gal\/wp-content\/uploads\/2026\/04\/tabegon.png","_links":{"self":[{"href":"https:\/\/www.anovapeneira.gal\/index.php\/wp-json\/wp\/v2\/posts\/15616","targetHints":{"allow":["GET"]}}],"collection":[{"href":"https:\/\/www.anovapeneira.gal\/index.php\/wp-json\/wp\/v2\/posts"}],"about":[{"href":"https:\/\/www.anovapeneira.gal\/index.php\/wp-json\/wp\/v2\/types\/post"}],"author":[{"embeddable":true,"href":"https:\/\/www.anovapeneira.gal\/index.php\/wp-json\/wp\/v2\/users\/3"}],"replies":[{"embeddable":true,"href":"https:\/\/www.anovapeneira.gal\/index.php\/wp-json\/wp\/v2\/comments?post=15616"}],"version-history":[{"count":1,"href":"https:\/\/www.anovapeneira.gal\/index.php\/wp-json\/wp\/v2\/posts\/15616\/revisions"}],"predecessor-version":[{"id":15618,"href":"https:\/\/www.anovapeneira.gal\/index.php\/wp-json\/wp\/v2\/posts\/15616\/revisions\/15618"}],"wp:featuredmedia":[{"embeddable":true,"href":"https:\/\/www.anovapeneira.gal\/index.php\/wp-json\/wp\/v2\/media\/15617"}],"wp:attachment":[{"href":"https:\/\/www.anovapeneira.gal\/index.php\/wp-json\/wp\/v2\/media?parent=15616"}],"wp:term":[{"taxonomy":"category","embeddable":true,"href":"https:\/\/www.anovapeneira.gal\/index.php\/wp-json\/wp\/v2\/categories?post=15616"},{"taxonomy":"post_tag","embeddable":true,"href":"https:\/\/www.anovapeneira.gal\/index.php\/wp-json\/wp\/v2\/tags?post=15616"}],"curies":[{"name":"wp","href":"https:\/\/api.w.org\/{rel}","templated":true}]}}