{"id":15619,"date":"2026-04-08T12:00:30","date_gmt":"2026-04-08T10:00:30","guid":{"rendered":"https:\/\/www.anovapeneira.gal\/?p=15619"},"modified":"2026-04-01T18:07:45","modified_gmt":"2026-04-01T16:07:45","slug":"a-presion-social-obriga-a-carrero-a-descartar-o-novo-emprazamento-do-punto-limpo","status":"publish","type":"post","link":"https:\/\/www.anovapeneira.gal\/index.php\/2026\/04\/08\/a-presion-social-obriga-a-carrero-a-descartar-o-novo-emprazamento-do-punto-limpo\/","title":{"rendered":"A presi\u00f3n social obriga a Carrero a descartar o novo emprazamento do punto limpo"},"content":{"rendered":"\n<p><strong>Anxo Baz (BNG): \u201cA improvisaci\u00f3n e a incompetencia deste goberno obrigan a cambiar por segunda vez o emprazamento do punto limpo\u201d<\/strong><\/p>\n\n\n\n<p>A presi\u00f3n da veci\u00f1anza obriga a Carrero e o seu goberno a dar marcha atr\u00e1s no seu intento de emprazar o punto limpo na r\u00faa Maceiras. \u00c9 a segunda vez que este goberno ten que suspender o cambio de ubicaci\u00f3n do punto limpo. A primeira vez xa tiveran que paralizalo porque fixeron un proxecto para constru\u00edlo en terreos que eran propiedade do Concello do Rosal.<\/p>\n\n\n\n<p>O portavoz do BNG, Anxo Baz, manifestou \u201cCarrero non ten criterio e cada d\u00eda que pasa d\u00e1 unha mostra m\u00e1is da s\u00faa incompetencia. A primeira vez fixo un proxecto para colocar o punto limpo nuns terreos que non eran da Guarda e agora compra outros terreos que non son os id\u00f3neos para unhas instalaci\u00f3ns destas caracter\u00edsticas que atoparon unha forte oposici\u00f3n veci\u00f1al que os obrigou a paralizar novamente o traslado do punto limpo\u201d.<\/p>\n\n\n\n<p>O nacionalista tam\u00e9n indicou \u201c Carrero dilapida os cartos dos guardeses e guardesas sen criterio de ning\u00fan tipo. Nesta ocasi\u00f3n van malgastar cerca de 40.000\u20ac nuns terreos que non te\u00f1en utilidade para o concello. Estamos diante dun goberno sen proxecto, sen dedicaci\u00f3n que anda dando tombos dun lado para outro e que reduce a s\u00faa acci\u00f3n de goberno a ocorrencias deste tipo que tratan de disimular cunha campa\u00f1a permanente de publicidade \u201d<\/p>\n","protected":false},"excerpt":{"rendered":"<div class=\"mh-excerpt\"><p>Anxo Baz (BNG): \u201cA improvisaci\u00f3n e a incompetencia deste goberno obrigan a cambiar por segunda vez o emprazamento do punto limpo\u201d <a class=\"mh-excerpt-more\" href=\"https:\/\/www.anovapeneira.gal\/index.php\/2026\/04\/08\/a-presion-social-obriga-a-carrero-a-descartar-o-novo-emprazamento-do-punto-limpo\/\" title=\"A presi\u00f3n social obriga a Carrero a descartar o novo emprazamento do punto limpo\">[&#8230;]<\/a><\/p>\n<\/div>","protected":false},"author":3,"featured_media":15620,"comment_status":"open","ping_status":"open","sticky":false,"template":"","format":"standard","meta":{"_exactmetrics_skip_tracking":false,"_exactmetrics_sitenote_active":false,"_exactmetrics_sitenote_note":"","_exactmetrics_sitenote_category":0,"footnotes":""},"categories":[21],"tags":[238],"class_list":{"0":"post-15619","1":"post","2":"type-post","3":"status-publish","4":"format-standard","5":"has-post-thumbnail","7":"category-baixo-mino","8":"tag-concello-da-guarda"},"yoast_head":"<!-- This site is optimized with the Yoast SEO plugin v27.4 - https:\/\/yoast.com\/product\/yoast-seo-wordpress\/ -->\n<title>A presi\u00f3n social obriga a Carrero a descartar o novo emprazamento do punto limpo -<\/title>\n<meta name=\"robots\" content=\"index, follow, max-snippet:-1, max-image-preview:large, max-video-preview:-1\" \/>\n<link rel=\"canonical\" href=\"https:\/\/www.anovapeneira.gal\/index.php\/2026\/04\/08\/a-presion-social-obriga-a-carrero-a-descartar-o-novo-emprazamento-do-punto-limpo\/\" \/>\n<meta property=\"og:locale\" content=\"gl_ES\" \/>\n<meta property=\"og:type\" content=\"article\" \/>\n<meta property=\"og:title\" content=\"A presi\u00f3n social obriga a Carrero a descartar o novo emprazamento do punto limpo -\" \/>\n<meta property=\"og:description\" content=\"Anxo Baz (BNG): \u201cA improvisaci\u00f3n e a incompetencia deste goberno obrigan a cambiar por segunda vez o emprazamento do punto limpo\u201d [...]\" \/>\n<meta property=\"og:url\" content=\"https:\/\/www.anovapeneira.gal\/index.php\/2026\/04\/08\/a-presion-social-obriga-a-carrero-a-descartar-o-novo-emprazamento-do-punto-limpo\/\" \/>\n<meta property=\"article:publisher\" content=\"https:\/\/www.facebook.com\/anovapeneira\" \/>\n<meta property=\"article:published_time\" content=\"2026-04-08T10:00:30+00:00\" \/>\n<meta property=\"og:image\" content=\"https:\/\/www.anovapeneira.gal\/wp-content\/uploads\/2026\/04\/anxo_baz.png\" \/>\n\t<meta property=\"og:image:width\" content=\"720\" \/>\n\t<meta property=\"og:image:height\" content=\"432\" \/>\n\t<meta property=\"og:image:type\" content=\"image\/png\" \/>\n<meta name=\"author\" content=\"Redacci\u00f3n A Nova Peneira\" \/>\n<meta name=\"twitter:card\" content=\"summary_large_image\" \/>\n<meta name=\"twitter:creator\" content=\"@APeneira\" \/>\n<meta name=\"twitter:site\" content=\"@APeneira\" \/>\n<meta name=\"twitter:label1\" content=\"Escrito por\" \/>\n\t<meta name=\"twitter:data1\" content=\"Redacci\u00f3n A Nova Peneira\" \/>\n\t<meta name=\"twitter:label2\" content=\"Tempo de lectura\" \/>\n\t<meta name=\"twitter:data2\" content=\"2 minutos\" \/>\n<script type=\"application\/ld+json\" class=\"yoast-schema-graph\">{\"@context\":\"https:\\\/\\\/schema.org\",\"@graph\":[{\"@type\":\"Article\",\"@id\":\"https:\\\/\\\/www.anovapeneira.gal\\\/index.php\\\/2026\\\/04\\\/08\\\/a-presion-social-obriga-a-carrero-a-descartar-o-novo-emprazamento-do-punto-limpo\\\/#article\",\"isPartOf\":{\"@id\":\"https:\\\/\\\/www.anovapeneira.gal\\\/index.php\\\/2026\\\/04\\\/08\\\/a-presion-social-obriga-a-carrero-a-descartar-o-novo-emprazamento-do-punto-limpo\\\/\"},\"author\":{\"name\":\"Redacci\u00f3n A Nova Peneira\",\"@id\":\"https:\\\/\\\/www.anovapeneira.gal\\\/#\\\/schema\\\/person\\\/b93e3f8932e3f8da96334607eb6ac6aa\"},\"headline\":\"A presi\u00f3n social obriga a Carrero a descartar o novo emprazamento do punto limpo\",\"datePublished\":\"2026-04-08T10:00:30+00:00\",\"mainEntityOfPage\":{\"@id\":\"https:\\\/\\\/www.anovapeneira.gal\\\/index.php\\\/2026\\\/04\\\/08\\\/a-presion-social-obriga-a-carrero-a-descartar-o-novo-emprazamento-do-punto-limpo\\\/\"},\"wordCount\":265,\"commentCount\":0,\"publisher\":{\"@id\":\"https:\\\/\\\/www.anovapeneira.gal\\\/#organization\"},\"image\":{\"@id\":\"https:\\\/\\\/www.anovapeneira.gal\\\/index.php\\\/2026\\\/04\\\/08\\\/a-presion-social-obriga-a-carrero-a-descartar-o-novo-emprazamento-do-punto-limpo\\\/#primaryimage\"},\"thumbnailUrl\":\"https:\\\/\\\/www.anovapeneira.gal\\\/wp-content\\\/uploads\\\/2026\\\/04\\\/anxo_baz.png\",\"keywords\":[\"Concello da Guarda\"],\"articleSection\":[\"Baixo Mi\u00f1o\"],\"inLanguage\":\"gl-ES\",\"potentialAction\":[{\"@type\":\"CommentAction\",\"name\":\"Comment\",\"target\":[\"https:\\\/\\\/www.anovapeneira.gal\\\/index.php\\\/2026\\\/04\\\/08\\\/a-presion-social-obriga-a-carrero-a-descartar-o-novo-emprazamento-do-punto-limpo\\\/#respond\"]}]},{\"@type\":\"WebPage\",\"@id\":\"https:\\\/\\\/www.anovapeneira.gal\\\/index.php\\\/2026\\\/04\\\/08\\\/a-presion-social-obriga-a-carrero-a-descartar-o-novo-emprazamento-do-punto-limpo\\\/\",\"url\":\"https:\\\/\\\/www.anovapeneira.gal\\\/index.php\\\/2026\\\/04\\\/08\\\/a-presion-social-obriga-a-carrero-a-descartar-o-novo-emprazamento-do-punto-limpo\\\/\",\"name\":\"A presi\u00f3n social obriga a Carrero a descartar o novo emprazamento do punto limpo -\",\"isPartOf\":{\"@id\":\"https:\\\/\\\/www.anovapeneira.gal\\\/#website\"},\"primaryImageOfPage\":{\"@id\":\"https:\\\/\\\/www.anovapeneira.gal\\\/index.php\\\/2026\\\/04\\\/08\\\/a-presion-social-obriga-a-carrero-a-descartar-o-novo-emprazamento-do-punto-limpo\\\/#primaryimage\"},\"image\":{\"@id\":\"https:\\\/\\\/www.anovapeneira.gal\\\/index.php\\\/2026\\\/04\\\/08\\\/a-presion-social-obriga-a-carrero-a-descartar-o-novo-emprazamento-do-punto-limpo\\\/#primaryimage\"},\"thumbnailUrl\":\"https:\\\/\\\/www.anovapeneira.gal\\\/wp-content\\\/uploads\\\/2026\\\/04\\\/anxo_baz.png\",\"datePublished\":\"2026-04-08T10:00:30+00:00\",\"breadcrumb\":{\"@id\":\"https:\\\/\\\/www.anovapeneira.gal\\\/index.php\\\/2026\\\/04\\\/08\\\/a-presion-social-obriga-a-carrero-a-descartar-o-novo-emprazamento-do-punto-limpo\\\/#breadcrumb\"},\"inLanguage\":\"gl-ES\",\"potentialAction\":[{\"@type\":\"ReadAction\",\"target\":[\"https:\\\/\\\/www.anovapeneira.gal\\\/index.php\\\/2026\\\/04\\\/08\\\/a-presion-social-obriga-a-carrero-a-descartar-o-novo-emprazamento-do-punto-limpo\\\/\"]}]},{\"@type\":\"ImageObject\",\"inLanguage\":\"gl-ES\",\"@id\":\"https:\\\/\\\/www.anovapeneira.gal\\\/index.php\\\/2026\\\/04\\\/08\\\/a-presion-social-obriga-a-carrero-a-descartar-o-novo-emprazamento-do-punto-limpo\\\/#primaryimage\",\"url\":\"https:\\\/\\\/www.anovapeneira.gal\\\/wp-content\\\/uploads\\\/2026\\\/04\\\/anxo_baz.png\",\"contentUrl\":\"https:\\\/\\\/www.anovapeneira.gal\\\/wp-content\\\/uploads\\\/2026\\\/04\\\/anxo_baz.png\",\"width\":720,\"height\":432},{\"@type\":\"BreadcrumbList\",\"@id\":\"https:\\\/\\\/www.anovapeneira.gal\\\/index.php\\\/2026\\\/04\\\/08\\\/a-presion-social-obriga-a-carrero-a-descartar-o-novo-emprazamento-do-punto-limpo\\\/#breadcrumb\",\"itemListElement\":[{\"@type\":\"ListItem\",\"position\":1,\"name\":\"Portada\",\"item\":\"https:\\\/\\\/www.anovapeneira.gal\\\/\"},{\"@type\":\"ListItem\",\"position\":2,\"name\":\"A presi\u00f3n social obriga a Carrero a descartar o novo emprazamento do punto limpo\"}]},{\"@type\":\"WebSite\",\"@id\":\"https:\\\/\\\/www.anovapeneira.gal\\\/#website\",\"url\":\"https:\\\/\\\/www.anovapeneira.gal\\\/\",\"name\":\"\",\"description\":\"Xornal galego de informaci\u00f3n xeral Publicaci\u00f3n mensual de novas de Galicia e en especial dos Concellos da sur da provincia de Pontevedra.\",\"publisher\":{\"@id\":\"https:\\\/\\\/www.anovapeneira.gal\\\/#organization\"},\"potentialAction\":[{\"@type\":\"SearchAction\",\"target\":{\"@type\":\"EntryPoint\",\"urlTemplate\":\"https:\\\/\\\/www.anovapeneira.gal\\\/?s={search_term_string}\"},\"query-input\":{\"@type\":\"PropertyValueSpecification\",\"valueRequired\":true,\"valueName\":\"search_term_string\"}}],\"inLanguage\":\"gl-ES\"},{\"@type\":\"Organization\",\"@id\":\"https:\\\/\\\/www.anovapeneira.gal\\\/#organization\",\"name\":\"A Nova Peneira\",\"url\":\"https:\\\/\\\/www.anovapeneira.gal\\\/\",\"logo\":{\"@type\":\"ImageObject\",\"inLanguage\":\"gl-ES\",\"@id\":\"https:\\\/\\\/www.anovapeneira.gal\\\/#\\\/schema\\\/logo\\\/image\\\/\",\"url\":\"http:\\\/\\\/www.anovapeneira.gal\\\/wp-content\\\/uploads\\\/2019\\\/06\\\/logo_a_nova_peneira_portal_web.png\",\"contentUrl\":\"http:\\\/\\\/www.anovapeneira.gal\\\/wp-content\\\/uploads\\\/2019\\\/06\\\/logo_a_nova_peneira_portal_web.png\",\"width\":300,\"height\":100,\"caption\":\"A Nova Peneira\"},\"image\":{\"@id\":\"https:\\\/\\\/www.anovapeneira.gal\\\/#\\\/schema\\\/logo\\\/image\\\/\"},\"sameAs\":[\"https:\\\/\\\/www.facebook.com\\\/anovapeneira\",\"https:\\\/\\\/x.com\\\/APeneira\"]},{\"@type\":\"Person\",\"@id\":\"https:\\\/\\\/www.anovapeneira.gal\\\/#\\\/schema\\\/person\\\/b93e3f8932e3f8da96334607eb6ac6aa\",\"name\":\"Redacci\u00f3n A Nova Peneira\",\"image\":{\"@type\":\"ImageObject\",\"inLanguage\":\"gl-ES\",\"@id\":\"https:\\\/\\\/secure.gravatar.com\\\/avatar\\\/c052a2551a06e23fac63626232eaa90abd78dbcf1700fc46a2b2c89fd27b735f?s=96&d=mm&r=g\",\"url\":\"https:\\\/\\\/secure.gravatar.com\\\/avatar\\\/c052a2551a06e23fac63626232eaa90abd78dbcf1700fc46a2b2c89fd27b735f?s=96&d=mm&r=g\",\"contentUrl\":\"https:\\\/\\\/secure.gravatar.com\\\/avatar\\\/c052a2551a06e23fac63626232eaa90abd78dbcf1700fc46a2b2c89fd27b735f?s=96&d=mm&r=g\",\"caption\":\"Redacci\u00f3n A Nova Peneira\"},\"sameAs\":[\"http:\\\/\\\/www.anovapeneira.gal\\\/\"],\"url\":\"https:\\\/\\\/www.anovapeneira.gal\\\/index.php\\\/author\\\/redactor\\\/\"}]}<\/script>\n<!-- \/ Yoast SEO plugin. -->","yoast_head_json":{"title":"A presi\u00f3n social obriga a Carrero a descartar o novo emprazamento do punto limpo -","robots":{"index":"index","follow":"follow","max-snippet":"max-snippet:-1","max-image-preview":"max-image-preview:large","max-video-preview":"max-video-preview:-1"},"canonical":"https:\/\/www.anovapeneira.gal\/index.php\/2026\/04\/08\/a-presion-social-obriga-a-carrero-a-descartar-o-novo-emprazamento-do-punto-limpo\/","og_locale":"gl_ES","og_type":"article","og_title":"A presi\u00f3n social obriga a Carrero a descartar o novo emprazamento do punto limpo -","og_description":"Anxo Baz (BNG): \u201cA improvisaci\u00f3n e a incompetencia deste goberno obrigan a cambiar por segunda vez o emprazamento do punto limpo\u201d [...]","og_url":"https:\/\/www.anovapeneira.gal\/index.php\/2026\/04\/08\/a-presion-social-obriga-a-carrero-a-descartar-o-novo-emprazamento-do-punto-limpo\/","article_publisher":"https:\/\/www.facebook.com\/anovapeneira","article_published_time":"2026-04-08T10:00:30+00:00","og_image":[{"width":720,"height":432,"url":"https:\/\/www.anovapeneira.gal\/wp-content\/uploads\/2026\/04\/anxo_baz.png","type":"image\/png"}],"author":"Redacci\u00f3n A Nova Peneira","twitter_card":"summary_large_image","twitter_creator":"@APeneira","twitter_site":"@APeneira","twitter_misc":{"Escrito por":"Redacci\u00f3n A Nova Peneira","Tempo de lectura":"2 minutos"},"schema":{"@context":"https:\/\/schema.org","@graph":[{"@type":"Article","@id":"https:\/\/www.anovapeneira.gal\/index.php\/2026\/04\/08\/a-presion-social-obriga-a-carrero-a-descartar-o-novo-emprazamento-do-punto-limpo\/#article","isPartOf":{"@id":"https:\/\/www.anovapeneira.gal\/index.php\/2026\/04\/08\/a-presion-social-obriga-a-carrero-a-descartar-o-novo-emprazamento-do-punto-limpo\/"},"author":{"name":"Redacci\u00f3n A Nova Peneira","@id":"https:\/\/www.anovapeneira.gal\/#\/schema\/person\/b93e3f8932e3f8da96334607eb6ac6aa"},"headline":"A presi\u00f3n social obriga a Carrero a descartar o novo emprazamento do punto limpo","datePublished":"2026-04-08T10:00:30+00:00","mainEntityOfPage":{"@id":"https:\/\/www.anovapeneira.gal\/index.php\/2026\/04\/08\/a-presion-social-obriga-a-carrero-a-descartar-o-novo-emprazamento-do-punto-limpo\/"},"wordCount":265,"commentCount":0,"publisher":{"@id":"https:\/\/www.anovapeneira.gal\/#organization"},"image":{"@id":"https:\/\/www.anovapeneira.gal\/index.php\/2026\/04\/08\/a-presion-social-obriga-a-carrero-a-descartar-o-novo-emprazamento-do-punto-limpo\/#primaryimage"},"thumbnailUrl":"https:\/\/www.anovapeneira.gal\/wp-content\/uploads\/2026\/04\/anxo_baz.png","keywords":["Concello da Guarda"],"articleSection":["Baixo Mi\u00f1o"],"inLanguage":"gl-ES","potentialAction":[{"@type":"CommentAction","name":"Comment","target":["https:\/\/www.anovapeneira.gal\/index.php\/2026\/04\/08\/a-presion-social-obriga-a-carrero-a-descartar-o-novo-emprazamento-do-punto-limpo\/#respond"]}]},{"@type":"WebPage","@id":"https:\/\/www.anovapeneira.gal\/index.php\/2026\/04\/08\/a-presion-social-obriga-a-carrero-a-descartar-o-novo-emprazamento-do-punto-limpo\/","url":"https:\/\/www.anovapeneira.gal\/index.php\/2026\/04\/08\/a-presion-social-obriga-a-carrero-a-descartar-o-novo-emprazamento-do-punto-limpo\/","name":"A presi\u00f3n social obriga a Carrero a descartar o novo emprazamento do punto limpo -","isPartOf":{"@id":"https:\/\/www.anovapeneira.gal\/#website"},"primaryImageOfPage":{"@id":"https:\/\/www.anovapeneira.gal\/index.php\/2026\/04\/08\/a-presion-social-obriga-a-carrero-a-descartar-o-novo-emprazamento-do-punto-limpo\/#primaryimage"},"image":{"@id":"https:\/\/www.anovapeneira.gal\/index.php\/2026\/04\/08\/a-presion-social-obriga-a-carrero-a-descartar-o-novo-emprazamento-do-punto-limpo\/#primaryimage"},"thumbnailUrl":"https:\/\/www.anovapeneira.gal\/wp-content\/uploads\/2026\/04\/anxo_baz.png","datePublished":"2026-04-08T10:00:30+00:00","breadcrumb":{"@id":"https:\/\/www.anovapeneira.gal\/index.php\/2026\/04\/08\/a-presion-social-obriga-a-carrero-a-descartar-o-novo-emprazamento-do-punto-limpo\/#breadcrumb"},"inLanguage":"gl-ES","potentialAction":[{"@type":"ReadAction","target":["https:\/\/www.anovapeneira.gal\/index.php\/2026\/04\/08\/a-presion-social-obriga-a-carrero-a-descartar-o-novo-emprazamento-do-punto-limpo\/"]}]},{"@type":"ImageObject","inLanguage":"gl-ES","@id":"https:\/\/www.anovapeneira.gal\/index.php\/2026\/04\/08\/a-presion-social-obriga-a-carrero-a-descartar-o-novo-emprazamento-do-punto-limpo\/#primaryimage","url":"https:\/\/www.anovapeneira.gal\/wp-content\/uploads\/2026\/04\/anxo_baz.png","contentUrl":"https:\/\/www.anovapeneira.gal\/wp-content\/uploads\/2026\/04\/anxo_baz.png","width":720,"height":432},{"@type":"BreadcrumbList","@id":"https:\/\/www.anovapeneira.gal\/index.php\/2026\/04\/08\/a-presion-social-obriga-a-carrero-a-descartar-o-novo-emprazamento-do-punto-limpo\/#breadcrumb","itemListElement":[{"@type":"ListItem","position":1,"name":"Portada","item":"https:\/\/www.anovapeneira.gal\/"},{"@type":"ListItem","position":2,"name":"A presi\u00f3n social obriga a Carrero a descartar o novo emprazamento do punto limpo"}]},{"@type":"WebSite","@id":"https:\/\/www.anovapeneira.gal\/#website","url":"https:\/\/www.anovapeneira.gal\/","name":"","description":"Xornal galego de informaci\u00f3n xeral Publicaci\u00f3n mensual de novas de Galicia e en especial dos Concellos da sur da provincia de Pontevedra.","publisher":{"@id":"https:\/\/www.anovapeneira.gal\/#organization"},"potentialAction":[{"@type":"SearchAction","target":{"@type":"EntryPoint","urlTemplate":"https:\/\/www.anovapeneira.gal\/?s={search_term_string}"},"query-input":{"@type":"PropertyValueSpecification","valueRequired":true,"valueName":"search_term_string"}}],"inLanguage":"gl-ES"},{"@type":"Organization","@id":"https:\/\/www.anovapeneira.gal\/#organization","name":"A Nova Peneira","url":"https:\/\/www.anovapeneira.gal\/","logo":{"@type":"ImageObject","inLanguage":"gl-ES","@id":"https:\/\/www.anovapeneira.gal\/#\/schema\/logo\/image\/","url":"http:\/\/www.anovapeneira.gal\/wp-content\/uploads\/2019\/06\/logo_a_nova_peneira_portal_web.png","contentUrl":"http:\/\/www.anovapeneira.gal\/wp-content\/uploads\/2019\/06\/logo_a_nova_peneira_portal_web.png","width":300,"height":100,"caption":"A Nova Peneira"},"image":{"@id":"https:\/\/www.anovapeneira.gal\/#\/schema\/logo\/image\/"},"sameAs":["https:\/\/www.facebook.com\/anovapeneira","https:\/\/x.com\/APeneira"]},{"@type":"Person","@id":"https:\/\/www.anovapeneira.gal\/#\/schema\/person\/b93e3f8932e3f8da96334607eb6ac6aa","name":"Redacci\u00f3n A Nova Peneira","image":{"@type":"ImageObject","inLanguage":"gl-ES","@id":"https:\/\/secure.gravatar.com\/avatar\/c052a2551a06e23fac63626232eaa90abd78dbcf1700fc46a2b2c89fd27b735f?s=96&d=mm&r=g","url":"https:\/\/secure.gravatar.com\/avatar\/c052a2551a06e23fac63626232eaa90abd78dbcf1700fc46a2b2c89fd27b735f?s=96&d=mm&r=g","contentUrl":"https:\/\/secure.gravatar.com\/avatar\/c052a2551a06e23fac63626232eaa90abd78dbcf1700fc46a2b2c89fd27b735f?s=96&d=mm&r=g","caption":"Redacci\u00f3n A Nova Peneira"},"sameAs":["http:\/\/www.anovapeneira.gal\/"],"url":"https:\/\/www.anovapeneira.gal\/index.php\/author\/redactor\/"}]}},"jetpack_featured_media_url":"https:\/\/www.anovapeneira.gal\/wp-content\/uploads\/2026\/04\/anxo_baz.png","_links":{"self":[{"href":"https:\/\/www.anovapeneira.gal\/index.php\/wp-json\/wp\/v2\/posts\/15619","targetHints":{"allow":["GET"]}}],"collection":[{"href":"https:\/\/www.anovapeneira.gal\/index.php\/wp-json\/wp\/v2\/posts"}],"about":[{"href":"https:\/\/www.anovapeneira.gal\/index.php\/wp-json\/wp\/v2\/types\/post"}],"author":[{"embeddable":true,"href":"https:\/\/www.anovapeneira.gal\/index.php\/wp-json\/wp\/v2\/users\/3"}],"replies":[{"embeddable":true,"href":"https:\/\/www.anovapeneira.gal\/index.php\/wp-json\/wp\/v2\/comments?post=15619"}],"version-history":[{"count":1,"href":"https:\/\/www.anovapeneira.gal\/index.php\/wp-json\/wp\/v2\/posts\/15619\/revisions"}],"predecessor-version":[{"id":15621,"href":"https:\/\/www.anovapeneira.gal\/index.php\/wp-json\/wp\/v2\/posts\/15619\/revisions\/15621"}],"wp:featuredmedia":[{"embeddable":true,"href":"https:\/\/www.anovapeneira.gal\/index.php\/wp-json\/wp\/v2\/media\/15620"}],"wp:attachment":[{"href":"https:\/\/www.anovapeneira.gal\/index.php\/wp-json\/wp\/v2\/media?parent=15619"}],"wp:term":[{"taxonomy":"category","embeddable":true,"href":"https:\/\/www.anovapeneira.gal\/index.php\/wp-json\/wp\/v2\/categories?post=15619"},{"taxonomy":"post_tag","embeddable":true,"href":"https:\/\/www.anovapeneira.gal\/index.php\/wp-json\/wp\/v2\/tags?post=15619"}],"curies":[{"name":"wp","href":"https:\/\/api.w.org\/{rel}","templated":true}]}}