{"id":15623,"date":"2026-04-09T12:00:59","date_gmt":"2026-04-09T10:00:59","guid":{"rendered":"https:\/\/www.anovapeneira.gal\/?p=15623"},"modified":"2026-04-08T10:12:19","modified_gmt":"2026-04-08T08:12:19","slug":"manolo-caride-responsable-comarcal-do-bng-de-vigo","status":"publish","type":"post","link":"https:\/\/www.anovapeneira.gal\/index.php\/2026\/04\/09\/manolo-caride-responsable-comarcal-do-bng-de-vigo\/","title":{"rendered":"Manolo Caride responsable comarcal do BNG de Vigo"},"content":{"rendered":"\n<p><strong>Neste ano preelectoral acheg\u00e1monos ata o local do BNG na comarca de Vigo para co\u00f1ecermos de primeira man a situaci\u00f3n do nacionalismo en todas as localidades que para o Bloque conforman a comarca viguesa. Falamos con Manolo Caride, o seu responsable comarcal.<\/strong><\/p>\n\n\n\n<h2 class=\"wp-block-heading\">\u201c <strong>O nacionalismo non tocou teito. O teito do nacionalismo galego \u00e9 o pobo galego\u201d<\/strong><\/h2>\n\n\n\n<p><strong>En li\u00f1as xerais como est\u00e1 a sa\u00fade do BNG da Comarca?<\/strong><\/p>\n\n\n\n<blockquote class=\"wp-block-quote is-layout-flow wp-block-quote-is-layout-flow\">\n<p>Moi boa. Continuamos nun proceso de medre organizativo importante e, nestes momentos, comezamos cos traballos preparatorios das elecci\u00f3ns municipais do ano pr\u00f3ximo.<\/p>\n<\/blockquote>\n\n\n\n<p><strong>Cando prev\u00e9s que poderiamos saber as cabezas de cartel?<\/strong><\/p>\n\n\n\n<blockquote class=\"wp-block-quote is-layout-flow wp-block-quote-is-layout-flow\">\n<p>Hai un calendario nacional aprobado que fixa que no mes de xullo debemos ter nomeadas, cando menos, as cabezas de lista das cidades, das nosas alcald\u00edas e dos concellos onde cogobernamos.<\/p>\n<\/blockquote>\n\n\n\n<p><strong>E das localidades m\u00e1is pequenas?<\/strong><\/p>\n\n\n\n<blockquote class=\"wp-block-quote is-layout-flow wp-block-quote-is-layout-flow\">\n<p>Antes de fin de ano debe de estar todo definido, tanto das vilas m\u00e1is importantes por poboaci\u00f3n como cabezas de comarca e resto de concellos.<\/p>\n<\/blockquote>\n\n\n\n<p><strong>A boa sa\u00fade do BNG foi indiscutible nos \u00faltimos procesos electorais. Pero non tocou teito xa?<\/strong><\/p>\n\n\n\n<blockquote class=\"wp-block-quote is-layout-flow wp-block-quote-is-layout-flow\">\n<p>Estou seguro de que non. Temos espazo dabondo para seguir medrando. O teito do nacionalismo galego \u00e9 o pobo galego. N\u00f3s aspiramos a chegar \u00e1 maior\u00eda social deste pa\u00eds porque a xesti\u00f3n dos intereses de Galiza por parte do BNG, indiscutiblemente incidir\u00eda no ben colectivo de todas as persoas que vivimos aqu\u00ed.<\/p>\n<\/blockquote>\n\n\n\n<p><strong>Non percibes signos de desgaste?<\/strong><\/p>\n\n\n\n<blockquote class=\"wp-block-quote is-layout-flow wp-block-quote-is-layout-flow\">\n<p>Non, todo o contrario. As localidades non paran de medrar en afiliaci\u00f3n e as estruturas da nosa organizaci\u00f3n son cada vez m\u00e1is fortes.<\/p>\n<\/blockquote>\n\n\n\n<p><strong>O fascismo espa\u00f1olista existe nas r\u00faas de Galicia?<\/strong><\/p>\n\n\n\n<blockquote class=\"wp-block-quote is-layout-flow wp-block-quote-is-layout-flow\">\n<p>Creo que non, ou polo menos non de xeito significativo.<\/p>\n<\/blockquote>\n\n\n\n<blockquote class=\"wp-block-quote is-layout-flow wp-block-quote-is-layout-flow\">\n<p><strong>O nacionalismo galego \u00e9 un dique de contenci\u00f3n contra a extrema dereita?<\/strong> <\/p>\n\n\n\n<p>O nacionalismo que representa O BNG indiscutiblemente si. Especialmente no que respecta \u00e1 mocidade, onde o BNG \u00e9 a forza pol\u00edtica que desperta m\u00e1is simpat\u00edas.<\/p>\n\n\n\n<p><\/p>\n<\/blockquote>\n\n\n\n<p><strong>No resto do estado a medida que VOX foi ga\u00f1ando espazos o PP foi asumindo as s\u00faas posici\u00f3ns por medo a perder terreo, cando a realidade amosa que \u00e9 as\u00ed como o est\u00e1n perdendo. Pensas que o PPdeG poida facer o mesmo e asumir posici\u00f3ns m\u00e1is extremistas das que habitualmente defend\u00edan?<\/strong><\/p>\n\n\n\n<blockquote class=\"wp-block-quote is-layout-flow wp-block-quote-is-layout-flow\">\n<p>Si, creo que si. De feito creo que van nesa direcci\u00f3n. O PPdeG desenvolve pol\u00edticas cada vez m\u00e1is antigalegas. A modo de exemplos podo mencionar a s\u00faa negativa a que Galiza estea na UNESCO ou que o galego sexa lingua oficial na UE. Pero que tipo de administraci\u00f3n pode defender o disparate de que o idioma do seu territorio non sexa reco\u00f1ecido internacionalmente?.O PPdeG non representa en absoluto os intereses deste pa\u00eds.<\/p>\n<\/blockquote>\n\n\n\n<p><strong>Ben, imos falar da situaci\u00f3n do nacionalismo en todas as localidades da t\u00faa comarca. Comecemos por Vigo:<\/strong><\/p>\n\n\n\n<p><strong>Como valoras ao goberno municipal? E que perspectivas ten o Bloque nas elecci\u00f3ns do 27<\/strong><\/p>\n\n\n\n<blockquote class=\"wp-block-quote is-layout-flow wp-block-quote-is-layout-flow\">\n<p>O goberno de Vigo xa non ten nada que ofrecer aos vigueses e viguesas. \u00c9 un goberno esgotado que vive nun nadal permanente e que non atende aos problemas b\u00e1sicos da cidade como a vivenda e o transporte.<\/p>\n<\/blockquote>\n\n\n\n<blockquote class=\"wp-block-quote is-layout-flow wp-block-quote-is-layout-flow\">\n<p>O BNG encabezado por Xabier P\u00e9rez Igrexas \u00e9 a oposici\u00f3n real nesta cidade , unha oposici\u00f3n positiva e propositiva que amosa que outro tipo de pol\u00edticas, en beneficio da maior\u00eda social da cidade, son posibles e necesarias para Vigo. Neste sentido, estou convencido de que teremos un grande resultado nas vindeiras municipais que se reflectir\u00e1 nun importante aumento de votos e de representantes na corporaci\u00f3n.<\/p>\n<\/blockquote>\n\n\n\n<p><strong>As maior\u00edas absolut\u00edsimas do partido socialista de Vigo, non son reais. Xorden da personalidade de hiperl\u00edder de Abel Caballero e das s\u00faas pol\u00edticas populistas. Cando a biolox\u00eda impida a Caballero volver a presentarse todo ese voto prestado vaise espallar en opci\u00f3ns moi diversas. Honestamente ti cres que nese momento Xabier P\u00e9rez Igrexas ten opci\u00f3ns realistas de ser alcalde de Vigo?<\/strong><\/p>\n\n\n\n<blockquote class=\"wp-block-quote is-layout-flow wp-block-quote-is-layout-flow\">\n<p>O BNG non se pon l\u00edmites e, desde logo, aspiramos a gobernar de novo en Vigo. O noso traballo caracter\u00edzase de sempre por ser rigoroso na defensa dos intereses da cidade en xeral, e das viguesas e vigueses en particular. Neste sentido, xa tivemos a alcald\u00eda no seu momento e volver\u00e9mola ter, estou convencido. Do que si estou seguro \u00e9 de que Xabier P\u00e9rez Igrexas ser\u00eda un magn\u00edfico alcalde.<\/p>\n<\/blockquote>\n\n\n\n<p><strong>Ben, falemos de Redondela<\/strong><\/p>\n\n\n\n<blockquote class=\"wp-block-quote is-layout-flow wp-block-quote-is-layout-flow\">\n<p>A situaci\u00f3n de Redondela \u00e9 complexa. A aritm\u00e9tica municipal \u00e9 dif\u00edcil e o goberno ten moitas debilidades e erros notables. O BNG local est\u00e1 a facer un bo traballo, estando atento \u00e1s oportunidades que est\u00e1n xurdindo. Nesa direcci\u00f3n estase a traballar, reforzando a nosa organizaci\u00f3n na localidade de cara a presentar unha opci\u00f3n realista de cambio para Redondela.<\/p>\n<\/blockquote>\n\n\n\n<p><strong>Non terdes entrado no goberno no 19 e no 23 foi un erro?<\/strong><\/p>\n\n\n\n<blockquote class=\"wp-block-quote is-layout-flow wp-block-quote-is-layout-flow\">\n<p>Non. O resultado de entrar ou non nun goberno nunca se pode saber, ningunha destas opci\u00f3ns garante a priori obter mellores resultados. De feito, no caso de Redondela o BNG aumentou a s\u00faa representaci\u00f3n sen ter entrado no goberno.<\/p>\n<\/blockquote>\n\n\n\n<p><strong>En Fornelos de Montes conservastes a concelleira de milagre, por moi poucos votos, no ano 23.Como valoras ao goberno deste concello e cales son as vosas expectativas realistas para as elecci\u00f3ns do 27?<\/strong><\/p>\n\n\n\n<blockquote class=\"wp-block-quote is-layout-flow wp-block-quote-is-layout-flow\">\n<p>O goberno do PSOE en Fornelos est\u00e1 instalado na absoluta inoperancia. Non lle achega nada ao Concello e as s\u00faas pol\u00edticas clientelistas non se diferencian en nada das do PP.<\/p>\n<\/blockquote>\n\n\n\n<blockquote class=\"wp-block-quote is-layout-flow wp-block-quote-is-layout-flow\">\n<p>En canto a n\u00f3s dicir que este \u00e9 un concello moi pequeno no que todo o mundo se co\u00f1ece e todo o voto est\u00e1 digamos, tocado. Creo que o grande traballo da nosa concelleira Mila Casal e do BNG en Fornelos merece un reco\u00f1ecemento a trav\u00e9s dunha mellora substancial de resultados nas vindeiras municipais.<\/p>\n<\/blockquote>\n\n\n\n<p><strong>Un concello no que si vexo unhas perspectivas moi elevadas de crecemento para v\u00f3s \u00e9 Pazos de Borb\u00e9n. Opinas o mesmo?, Como valoras ao goberno do alcalde Luciano Otero?<\/strong><\/p>\n\n\n\n<blockquote class=\"wp-block-quote is-layout-flow wp-block-quote-is-layout-flow\">\n<p>Coincido absolutamente. Estou seguro de que en Pazos teremos un resultado magn\u00edfico. Nesa localidade consolidamos unha agrupaci\u00f3n de moito peso pol\u00edtico que realiza un grande traballo de campo e que dirixe de maneira brillante o noso concelleiro Xurxo Pardo. El \u00e9 unha persoa capaz e intelixente, moi emp\u00e1tico e que conecta moi ben coa xente.<\/p>\n<\/blockquote>\n\n\n\n<blockquote class=\"wp-block-quote is-layout-flow wp-block-quote-is-layout-flow\">\n<p>En relaci\u00f3n ao goberno a palabra que mellor o define \u00e9 a frustraci\u00f3n, e ollo: \u00e9 un goberno que se frustrou a si mesmo pola s\u00faa incapacidade.<\/p>\n<\/blockquote>\n\n\n\n<p><strong>Se no 27 \u00e9 precisa a suma de Alternativa e o do BNG para formar goberno, que pode pasar?<\/strong><\/p>\n\n\n\n<blockquote class=\"wp-block-quote is-layout-flow wp-block-quote-is-layout-flow\">\n<p>Esa hip\u00f3tese ter\u00eda que decidirse no momento que se dea, se se d\u00e1. E de ser o caso, decidir\u00edan os compa\u00f1eiros e compa\u00f1eiras do BNG de Pazos.<\/p>\n<\/blockquote>\n\n\n\n<p><strong>En Baiona que tal pinta a cousa?<\/strong><\/p>\n\n\n\n<blockquote class=\"wp-block-quote is-layout-flow wp-block-quote-is-layout-flow\">\n<p>En Baiona temos por diante un traballo importante de reforzamento organizativo. Estamos facendo un traballo moi digno pero que require ensanchar a nosa base social organizada.<\/p>\n<\/blockquote>\n\n\n\n<p><strong>Nesa localidade hai campo para medrar?<\/strong><\/p>\n\n\n\n<blockquote class=\"wp-block-quote is-layout-flow wp-block-quote-is-layout-flow\">\n<p>Si, si que o hai. O que \u00e9 imprescindible e que poidamos ter m\u00e1is militancia activa que poida trasladar \u00e1 sociedade as lamentables pol\u00edticas que desenvolve o Partido Popular.<\/p>\n<\/blockquote>\n\n\n\n<blockquote class=\"wp-block-quote is-layout-flow wp-block-quote-is-layout-flow\">\n<p>En Baiona temos un chan de votos elevado, pero \u00e9 necesario dar un salto e para iso c\u00f3mpre dotar de m\u00e1is corpo \u00e1 organizaci\u00f3n local.<\/p>\n<\/blockquote>\n\n\n\n<blockquote class=\"wp-block-quote is-layout-flow wp-block-quote-is-layout-flow\">\n<p>O goberno de Almu\u00ed\u00f1a sup\u00f3n unha continuidade das pol\u00edticas de sempre da dereita de Baiona que en nada benefician \u00e1 veci\u00f1anza. E o BNG ten que aparecer como o que en realidade \u00e9: a alternativa ao desgoberno do PP.<\/p>\n<\/blockquote>\n\n\n\n<p><strong>Falemos agora de Nigr\u00e1n<\/strong><\/p>\n\n\n\n<blockquote class=\"wp-block-quote is-layout-flow wp-block-quote-is-layout-flow\">\n<p>Temos un moi bo concelleiro e un corpo militante forte. O traballo de Xavier Rodr\u00edguez e de toda a organizaci\u00f3n local \u00e9 moi notable e estou convencido de que se vai notar nun moi bo resultado nas municipais do 27.<\/p>\n<\/blockquote>\n\n\n\n<p><strong>Como valoras ao goberno de Juan Gonz\u00e1lez?<\/strong><\/p>\n\n\n\n<blockquote class=\"wp-block-quote is-layout-flow wp-block-quote-is-layout-flow\">\n<p>Not\u00e1moslle s\u00edntomas evidentes de desgaste e cansazo. Penso que tam\u00e9n se reflectir\u00e1 nunha perda de apoio electoral.<\/p>\n<\/blockquote>\n\n\n\n<p><strong>Ese suposto desgaste tam\u00e9n o ves no goberno de Gondomar?<\/strong><\/p>\n\n\n\n<blockquote class=\"wp-block-quote is-layout-flow wp-block-quote-is-layout-flow\">\n<p>O desgoberno \u00e9 o que mellor define a pol\u00edtica de Paco Ferreira, un alcalde que non ten reparo alg\u00fan en apoiarse en tr\u00e1nsfugas.<\/p>\n<\/blockquote>\n\n\n\n<p><strong>O transfugismo desas d\u00faas persoas foi buscado?<\/strong><\/p>\n\n\n\n<blockquote class=\"wp-block-quote is-layout-flow wp-block-quote-is-layout-flow\">\n<p>Non o sei. Eu rem\u00edtome aos feitos e o que non \u00e9 discutible \u00e9 que o seu goberno se apoia en dous tr\u00e1nsfugas.<\/p>\n<\/blockquote>\n\n\n\n<p><strong>As perspectivas do BNG para o 27?<\/strong><\/p>\n\n\n\n<blockquote class=\"wp-block-quote is-layout-flow wp-block-quote-is-layout-flow\">\n<p>Son moi boas. O traballo do BNG tanto institucional como social \u00e9 sobresa\u00ednte e conf\u00edo en que se ver\u00e1 reco\u00f1ecido pola maior\u00eda social da veci\u00f1anza.<\/p>\n<\/blockquote>\n\n\n\n<p><strong>Acabamos con Mos porque eu creo que nesta localidade si que existen posibilidades reais de que o BNG acade a alcald\u00eda no 27.Non vai ser doado, pero a pulsi\u00f3n que percibo nos cami\u00f1os de Mos \u00e9 que desta volta si que vai ser posible. Que pensas?<\/strong><\/p>\n\n\n\n<blockquote class=\"wp-block-quote is-layout-flow wp-block-quote-is-layout-flow\">\n<p>Eu penso o mesmo que ti. A oposici\u00f3n real que hai en Mos \u00e9 o Bloque, unha oposici\u00f3n moi responsable, firmemente chantada na realidade social das parroquias e lugares do concello e penso que a suba que imos experimentar en apoios e en actas vai ser m\u00e1is que notable.<\/p>\n<\/blockquote>\n\n\n\n<p><strong>Valoraci\u00f3n do goberno de Nidia Ar\u00e9valo?<\/strong><\/p>\n\n\n\n<blockquote class=\"wp-block-quote is-layout-flow wp-block-quote-is-layout-flow\">\n<p>Semella que est\u00e1 m\u00e1is centrada no seu cargo no Senado que en atender, como alcaldesa, as necesidades e intereses do concello de Mos.<\/p>\n<\/blockquote>\n","protected":false},"excerpt":{"rendered":"<div class=\"mh-excerpt\"><p>Neste ano preelectoral acheg\u00e1monos ata o local do BNG na comarca de Vigo para co\u00f1ecermos de primeira man a situaci\u00f3n do nacionalismo en todas as localidades que para o Bloque conforman a comarca viguesa. Falamos <a class=\"mh-excerpt-more\" href=\"https:\/\/www.anovapeneira.gal\/index.php\/2026\/04\/09\/manolo-caride-responsable-comarcal-do-bng-de-vigo\/\" title=\"Manolo Caride responsable comarcal do BNG de Vigo\">[&#8230;]<\/a><\/p>\n<\/div>","protected":false},"author":3,"featured_media":15624,"comment_status":"open","ping_status":"open","sticky":false,"template":"","format":"standard","meta":{"_exactmetrics_skip_tracking":false,"_exactmetrics_sitenote_active":false,"_exactmetrics_sitenote_note":"","_exactmetrics_sitenote_category":0,"footnotes":""},"categories":[19],"tags":[],"class_list":{"0":"post-15623","1":"post","2":"type-post","3":"status-publish","4":"format-standard","5":"has-post-thumbnail","7":"category-vigo"},"yoast_head":"<!-- This site is optimized with the Yoast SEO plugin v27.4 - https:\/\/yoast.com\/product\/yoast-seo-wordpress\/ -->\n<title>Manolo Caride responsable comarcal do BNG de Vigo -<\/title>\n<meta name=\"robots\" content=\"index, follow, max-snippet:-1, max-image-preview:large, max-video-preview:-1\" \/>\n<link rel=\"canonical\" href=\"https:\/\/www.anovapeneira.gal\/index.php\/2026\/04\/09\/manolo-caride-responsable-comarcal-do-bng-de-vigo\/\" \/>\n<meta property=\"og:locale\" content=\"gl_ES\" \/>\n<meta property=\"og:type\" content=\"article\" \/>\n<meta property=\"og:title\" content=\"Manolo Caride responsable comarcal do BNG de Vigo -\" \/>\n<meta property=\"og:description\" content=\"Neste ano preelectoral acheg\u00e1monos ata o local do BNG na comarca de Vigo para co\u00f1ecermos de primeira man a situaci\u00f3n do nacionalismo en todas as localidades que para o Bloque conforman a comarca viguesa. Falamos [...]\" \/>\n<meta property=\"og:url\" content=\"https:\/\/www.anovapeneira.gal\/index.php\/2026\/04\/09\/manolo-caride-responsable-comarcal-do-bng-de-vigo\/\" \/>\n<meta property=\"article:publisher\" content=\"https:\/\/www.facebook.com\/anovapeneira\" \/>\n<meta property=\"article:published_time\" content=\"2026-04-09T10:00:59+00:00\" \/>\n<meta property=\"og:image\" content=\"https:\/\/www.anovapeneira.gal\/wp-content\/uploads\/2026\/04\/manolo_caride.jpg\" \/>\n\t<meta property=\"og:image:width\" content=\"720\" \/>\n\t<meta property=\"og:image:height\" content=\"432\" \/>\n\t<meta property=\"og:image:type\" content=\"image\/jpeg\" \/>\n<meta name=\"author\" content=\"Redacci\u00f3n A Nova Peneira\" \/>\n<meta name=\"twitter:card\" content=\"summary_large_image\" \/>\n<meta name=\"twitter:creator\" content=\"@APeneira\" \/>\n<meta name=\"twitter:site\" content=\"@APeneira\" \/>\n<meta name=\"twitter:label1\" content=\"Escrito por\" \/>\n\t<meta name=\"twitter:data1\" content=\"Redacci\u00f3n A Nova Peneira\" \/>\n\t<meta name=\"twitter:label2\" content=\"Tempo de lectura\" \/>\n\t<meta name=\"twitter:data2\" content=\"3 minutos\" \/>\n<script type=\"application\/ld+json\" class=\"yoast-schema-graph\">{\"@context\":\"https:\\\/\\\/schema.org\",\"@graph\":[{\"@type\":\"Article\",\"@id\":\"https:\\\/\\\/www.anovapeneira.gal\\\/index.php\\\/2026\\\/04\\\/09\\\/manolo-caride-responsable-comarcal-do-bng-de-vigo\\\/#article\",\"isPartOf\":{\"@id\":\"https:\\\/\\\/www.anovapeneira.gal\\\/index.php\\\/2026\\\/04\\\/09\\\/manolo-caride-responsable-comarcal-do-bng-de-vigo\\\/\"},\"author\":{\"name\":\"Redacci\u00f3n A Nova Peneira\",\"@id\":\"https:\\\/\\\/www.anovapeneira.gal\\\/#\\\/schema\\\/person\\\/b93e3f8932e3f8da96334607eb6ac6aa\"},\"headline\":\"Manolo Caride responsable comarcal do BNG de Vigo\",\"datePublished\":\"2026-04-09T10:00:59+00:00\",\"mainEntityOfPage\":{\"@id\":\"https:\\\/\\\/www.anovapeneira.gal\\\/index.php\\\/2026\\\/04\\\/09\\\/manolo-caride-responsable-comarcal-do-bng-de-vigo\\\/\"},\"wordCount\":1609,\"commentCount\":0,\"publisher\":{\"@id\":\"https:\\\/\\\/www.anovapeneira.gal\\\/#organization\"},\"image\":{\"@id\":\"https:\\\/\\\/www.anovapeneira.gal\\\/index.php\\\/2026\\\/04\\\/09\\\/manolo-caride-responsable-comarcal-do-bng-de-vigo\\\/#primaryimage\"},\"thumbnailUrl\":\"https:\\\/\\\/www.anovapeneira.gal\\\/wp-content\\\/uploads\\\/2026\\\/04\\\/manolo_caride.jpg\",\"articleSection\":[\"Vigo\"],\"inLanguage\":\"gl-ES\",\"potentialAction\":[{\"@type\":\"CommentAction\",\"name\":\"Comment\",\"target\":[\"https:\\\/\\\/www.anovapeneira.gal\\\/index.php\\\/2026\\\/04\\\/09\\\/manolo-caride-responsable-comarcal-do-bng-de-vigo\\\/#respond\"]}]},{\"@type\":\"WebPage\",\"@id\":\"https:\\\/\\\/www.anovapeneira.gal\\\/index.php\\\/2026\\\/04\\\/09\\\/manolo-caride-responsable-comarcal-do-bng-de-vigo\\\/\",\"url\":\"https:\\\/\\\/www.anovapeneira.gal\\\/index.php\\\/2026\\\/04\\\/09\\\/manolo-caride-responsable-comarcal-do-bng-de-vigo\\\/\",\"name\":\"Manolo Caride responsable comarcal do BNG de Vigo -\",\"isPartOf\":{\"@id\":\"https:\\\/\\\/www.anovapeneira.gal\\\/#website\"},\"primaryImageOfPage\":{\"@id\":\"https:\\\/\\\/www.anovapeneira.gal\\\/index.php\\\/2026\\\/04\\\/09\\\/manolo-caride-responsable-comarcal-do-bng-de-vigo\\\/#primaryimage\"},\"image\":{\"@id\":\"https:\\\/\\\/www.anovapeneira.gal\\\/index.php\\\/2026\\\/04\\\/09\\\/manolo-caride-responsable-comarcal-do-bng-de-vigo\\\/#primaryimage\"},\"thumbnailUrl\":\"https:\\\/\\\/www.anovapeneira.gal\\\/wp-content\\\/uploads\\\/2026\\\/04\\\/manolo_caride.jpg\",\"datePublished\":\"2026-04-09T10:00:59+00:00\",\"breadcrumb\":{\"@id\":\"https:\\\/\\\/www.anovapeneira.gal\\\/index.php\\\/2026\\\/04\\\/09\\\/manolo-caride-responsable-comarcal-do-bng-de-vigo\\\/#breadcrumb\"},\"inLanguage\":\"gl-ES\",\"potentialAction\":[{\"@type\":\"ReadAction\",\"target\":[\"https:\\\/\\\/www.anovapeneira.gal\\\/index.php\\\/2026\\\/04\\\/09\\\/manolo-caride-responsable-comarcal-do-bng-de-vigo\\\/\"]}]},{\"@type\":\"ImageObject\",\"inLanguage\":\"gl-ES\",\"@id\":\"https:\\\/\\\/www.anovapeneira.gal\\\/index.php\\\/2026\\\/04\\\/09\\\/manolo-caride-responsable-comarcal-do-bng-de-vigo\\\/#primaryimage\",\"url\":\"https:\\\/\\\/www.anovapeneira.gal\\\/wp-content\\\/uploads\\\/2026\\\/04\\\/manolo_caride.jpg\",\"contentUrl\":\"https:\\\/\\\/www.anovapeneira.gal\\\/wp-content\\\/uploads\\\/2026\\\/04\\\/manolo_caride.jpg\",\"width\":720,\"height\":432},{\"@type\":\"BreadcrumbList\",\"@id\":\"https:\\\/\\\/www.anovapeneira.gal\\\/index.php\\\/2026\\\/04\\\/09\\\/manolo-caride-responsable-comarcal-do-bng-de-vigo\\\/#breadcrumb\",\"itemListElement\":[{\"@type\":\"ListItem\",\"position\":1,\"name\":\"Portada\",\"item\":\"https:\\\/\\\/www.anovapeneira.gal\\\/\"},{\"@type\":\"ListItem\",\"position\":2,\"name\":\"Manolo Caride responsable comarcal do BNG de Vigo\"}]},{\"@type\":\"WebSite\",\"@id\":\"https:\\\/\\\/www.anovapeneira.gal\\\/#website\",\"url\":\"https:\\\/\\\/www.anovapeneira.gal\\\/\",\"name\":\"\",\"description\":\"Xornal galego de informaci\u00f3n xeral Publicaci\u00f3n mensual de novas de Galicia e en especial dos Concellos da sur da provincia de Pontevedra.\",\"publisher\":{\"@id\":\"https:\\\/\\\/www.anovapeneira.gal\\\/#organization\"},\"potentialAction\":[{\"@type\":\"SearchAction\",\"target\":{\"@type\":\"EntryPoint\",\"urlTemplate\":\"https:\\\/\\\/www.anovapeneira.gal\\\/?s={search_term_string}\"},\"query-input\":{\"@type\":\"PropertyValueSpecification\",\"valueRequired\":true,\"valueName\":\"search_term_string\"}}],\"inLanguage\":\"gl-ES\"},{\"@type\":\"Organization\",\"@id\":\"https:\\\/\\\/www.anovapeneira.gal\\\/#organization\",\"name\":\"A Nova Peneira\",\"url\":\"https:\\\/\\\/www.anovapeneira.gal\\\/\",\"logo\":{\"@type\":\"ImageObject\",\"inLanguage\":\"gl-ES\",\"@id\":\"https:\\\/\\\/www.anovapeneira.gal\\\/#\\\/schema\\\/logo\\\/image\\\/\",\"url\":\"http:\\\/\\\/www.anovapeneira.gal\\\/wp-content\\\/uploads\\\/2019\\\/06\\\/logo_a_nova_peneira_portal_web.png\",\"contentUrl\":\"http:\\\/\\\/www.anovapeneira.gal\\\/wp-content\\\/uploads\\\/2019\\\/06\\\/logo_a_nova_peneira_portal_web.png\",\"width\":300,\"height\":100,\"caption\":\"A Nova Peneira\"},\"image\":{\"@id\":\"https:\\\/\\\/www.anovapeneira.gal\\\/#\\\/schema\\\/logo\\\/image\\\/\"},\"sameAs\":[\"https:\\\/\\\/www.facebook.com\\\/anovapeneira\",\"https:\\\/\\\/x.com\\\/APeneira\"]},{\"@type\":\"Person\",\"@id\":\"https:\\\/\\\/www.anovapeneira.gal\\\/#\\\/schema\\\/person\\\/b93e3f8932e3f8da96334607eb6ac6aa\",\"name\":\"Redacci\u00f3n A Nova Peneira\",\"image\":{\"@type\":\"ImageObject\",\"inLanguage\":\"gl-ES\",\"@id\":\"https:\\\/\\\/secure.gravatar.com\\\/avatar\\\/c052a2551a06e23fac63626232eaa90abd78dbcf1700fc46a2b2c89fd27b735f?s=96&d=mm&r=g\",\"url\":\"https:\\\/\\\/secure.gravatar.com\\\/avatar\\\/c052a2551a06e23fac63626232eaa90abd78dbcf1700fc46a2b2c89fd27b735f?s=96&d=mm&r=g\",\"contentUrl\":\"https:\\\/\\\/secure.gravatar.com\\\/avatar\\\/c052a2551a06e23fac63626232eaa90abd78dbcf1700fc46a2b2c89fd27b735f?s=96&d=mm&r=g\",\"caption\":\"Redacci\u00f3n A Nova Peneira\"},\"sameAs\":[\"http:\\\/\\\/www.anovapeneira.gal\\\/\"],\"url\":\"https:\\\/\\\/www.anovapeneira.gal\\\/index.php\\\/author\\\/redactor\\\/\"}]}<\/script>\n<!-- \/ Yoast SEO plugin. -->","yoast_head_json":{"title":"Manolo Caride responsable comarcal do BNG de Vigo -","robots":{"index":"index","follow":"follow","max-snippet":"max-snippet:-1","max-image-preview":"max-image-preview:large","max-video-preview":"max-video-preview:-1"},"canonical":"https:\/\/www.anovapeneira.gal\/index.php\/2026\/04\/09\/manolo-caride-responsable-comarcal-do-bng-de-vigo\/","og_locale":"gl_ES","og_type":"article","og_title":"Manolo Caride responsable comarcal do BNG de Vigo -","og_description":"Neste ano preelectoral acheg\u00e1monos ata o local do BNG na comarca de Vigo para co\u00f1ecermos de primeira man a situaci\u00f3n do nacionalismo en todas as localidades que para o Bloque conforman a comarca viguesa. Falamos [...]","og_url":"https:\/\/www.anovapeneira.gal\/index.php\/2026\/04\/09\/manolo-caride-responsable-comarcal-do-bng-de-vigo\/","article_publisher":"https:\/\/www.facebook.com\/anovapeneira","article_published_time":"2026-04-09T10:00:59+00:00","og_image":[{"width":720,"height":432,"url":"https:\/\/www.anovapeneira.gal\/wp-content\/uploads\/2026\/04\/manolo_caride.jpg","type":"image\/jpeg"}],"author":"Redacci\u00f3n A Nova Peneira","twitter_card":"summary_large_image","twitter_creator":"@APeneira","twitter_site":"@APeneira","twitter_misc":{"Escrito por":"Redacci\u00f3n A Nova Peneira","Tempo de lectura":"3 minutos"},"schema":{"@context":"https:\/\/schema.org","@graph":[{"@type":"Article","@id":"https:\/\/www.anovapeneira.gal\/index.php\/2026\/04\/09\/manolo-caride-responsable-comarcal-do-bng-de-vigo\/#article","isPartOf":{"@id":"https:\/\/www.anovapeneira.gal\/index.php\/2026\/04\/09\/manolo-caride-responsable-comarcal-do-bng-de-vigo\/"},"author":{"name":"Redacci\u00f3n A Nova Peneira","@id":"https:\/\/www.anovapeneira.gal\/#\/schema\/person\/b93e3f8932e3f8da96334607eb6ac6aa"},"headline":"Manolo Caride responsable comarcal do BNG de Vigo","datePublished":"2026-04-09T10:00:59+00:00","mainEntityOfPage":{"@id":"https:\/\/www.anovapeneira.gal\/index.php\/2026\/04\/09\/manolo-caride-responsable-comarcal-do-bng-de-vigo\/"},"wordCount":1609,"commentCount":0,"publisher":{"@id":"https:\/\/www.anovapeneira.gal\/#organization"},"image":{"@id":"https:\/\/www.anovapeneira.gal\/index.php\/2026\/04\/09\/manolo-caride-responsable-comarcal-do-bng-de-vigo\/#primaryimage"},"thumbnailUrl":"https:\/\/www.anovapeneira.gal\/wp-content\/uploads\/2026\/04\/manolo_caride.jpg","articleSection":["Vigo"],"inLanguage":"gl-ES","potentialAction":[{"@type":"CommentAction","name":"Comment","target":["https:\/\/www.anovapeneira.gal\/index.php\/2026\/04\/09\/manolo-caride-responsable-comarcal-do-bng-de-vigo\/#respond"]}]},{"@type":"WebPage","@id":"https:\/\/www.anovapeneira.gal\/index.php\/2026\/04\/09\/manolo-caride-responsable-comarcal-do-bng-de-vigo\/","url":"https:\/\/www.anovapeneira.gal\/index.php\/2026\/04\/09\/manolo-caride-responsable-comarcal-do-bng-de-vigo\/","name":"Manolo Caride responsable comarcal do BNG de Vigo -","isPartOf":{"@id":"https:\/\/www.anovapeneira.gal\/#website"},"primaryImageOfPage":{"@id":"https:\/\/www.anovapeneira.gal\/index.php\/2026\/04\/09\/manolo-caride-responsable-comarcal-do-bng-de-vigo\/#primaryimage"},"image":{"@id":"https:\/\/www.anovapeneira.gal\/index.php\/2026\/04\/09\/manolo-caride-responsable-comarcal-do-bng-de-vigo\/#primaryimage"},"thumbnailUrl":"https:\/\/www.anovapeneira.gal\/wp-content\/uploads\/2026\/04\/manolo_caride.jpg","datePublished":"2026-04-09T10:00:59+00:00","breadcrumb":{"@id":"https:\/\/www.anovapeneira.gal\/index.php\/2026\/04\/09\/manolo-caride-responsable-comarcal-do-bng-de-vigo\/#breadcrumb"},"inLanguage":"gl-ES","potentialAction":[{"@type":"ReadAction","target":["https:\/\/www.anovapeneira.gal\/index.php\/2026\/04\/09\/manolo-caride-responsable-comarcal-do-bng-de-vigo\/"]}]},{"@type":"ImageObject","inLanguage":"gl-ES","@id":"https:\/\/www.anovapeneira.gal\/index.php\/2026\/04\/09\/manolo-caride-responsable-comarcal-do-bng-de-vigo\/#primaryimage","url":"https:\/\/www.anovapeneira.gal\/wp-content\/uploads\/2026\/04\/manolo_caride.jpg","contentUrl":"https:\/\/www.anovapeneira.gal\/wp-content\/uploads\/2026\/04\/manolo_caride.jpg","width":720,"height":432},{"@type":"BreadcrumbList","@id":"https:\/\/www.anovapeneira.gal\/index.php\/2026\/04\/09\/manolo-caride-responsable-comarcal-do-bng-de-vigo\/#breadcrumb","itemListElement":[{"@type":"ListItem","position":1,"name":"Portada","item":"https:\/\/www.anovapeneira.gal\/"},{"@type":"ListItem","position":2,"name":"Manolo Caride responsable comarcal do BNG de Vigo"}]},{"@type":"WebSite","@id":"https:\/\/www.anovapeneira.gal\/#website","url":"https:\/\/www.anovapeneira.gal\/","name":"","description":"Xornal galego de informaci\u00f3n xeral Publicaci\u00f3n mensual de novas de Galicia e en especial dos Concellos da sur da provincia de Pontevedra.","publisher":{"@id":"https:\/\/www.anovapeneira.gal\/#organization"},"potentialAction":[{"@type":"SearchAction","target":{"@type":"EntryPoint","urlTemplate":"https:\/\/www.anovapeneira.gal\/?s={search_term_string}"},"query-input":{"@type":"PropertyValueSpecification","valueRequired":true,"valueName":"search_term_string"}}],"inLanguage":"gl-ES"},{"@type":"Organization","@id":"https:\/\/www.anovapeneira.gal\/#organization","name":"A Nova Peneira","url":"https:\/\/www.anovapeneira.gal\/","logo":{"@type":"ImageObject","inLanguage":"gl-ES","@id":"https:\/\/www.anovapeneira.gal\/#\/schema\/logo\/image\/","url":"http:\/\/www.anovapeneira.gal\/wp-content\/uploads\/2019\/06\/logo_a_nova_peneira_portal_web.png","contentUrl":"http:\/\/www.anovapeneira.gal\/wp-content\/uploads\/2019\/06\/logo_a_nova_peneira_portal_web.png","width":300,"height":100,"caption":"A Nova Peneira"},"image":{"@id":"https:\/\/www.anovapeneira.gal\/#\/schema\/logo\/image\/"},"sameAs":["https:\/\/www.facebook.com\/anovapeneira","https:\/\/x.com\/APeneira"]},{"@type":"Person","@id":"https:\/\/www.anovapeneira.gal\/#\/schema\/person\/b93e3f8932e3f8da96334607eb6ac6aa","name":"Redacci\u00f3n A Nova Peneira","image":{"@type":"ImageObject","inLanguage":"gl-ES","@id":"https:\/\/secure.gravatar.com\/avatar\/c052a2551a06e23fac63626232eaa90abd78dbcf1700fc46a2b2c89fd27b735f?s=96&d=mm&r=g","url":"https:\/\/secure.gravatar.com\/avatar\/c052a2551a06e23fac63626232eaa90abd78dbcf1700fc46a2b2c89fd27b735f?s=96&d=mm&r=g","contentUrl":"https:\/\/secure.gravatar.com\/avatar\/c052a2551a06e23fac63626232eaa90abd78dbcf1700fc46a2b2c89fd27b735f?s=96&d=mm&r=g","caption":"Redacci\u00f3n A Nova Peneira"},"sameAs":["http:\/\/www.anovapeneira.gal\/"],"url":"https:\/\/www.anovapeneira.gal\/index.php\/author\/redactor\/"}]}},"jetpack_featured_media_url":"https:\/\/www.anovapeneira.gal\/wp-content\/uploads\/2026\/04\/manolo_caride.jpg","_links":{"self":[{"href":"https:\/\/www.anovapeneira.gal\/index.php\/wp-json\/wp\/v2\/posts\/15623","targetHints":{"allow":["GET"]}}],"collection":[{"href":"https:\/\/www.anovapeneira.gal\/index.php\/wp-json\/wp\/v2\/posts"}],"about":[{"href":"https:\/\/www.anovapeneira.gal\/index.php\/wp-json\/wp\/v2\/types\/post"}],"author":[{"embeddable":true,"href":"https:\/\/www.anovapeneira.gal\/index.php\/wp-json\/wp\/v2\/users\/3"}],"replies":[{"embeddable":true,"href":"https:\/\/www.anovapeneira.gal\/index.php\/wp-json\/wp\/v2\/comments?post=15623"}],"version-history":[{"count":1,"href":"https:\/\/www.anovapeneira.gal\/index.php\/wp-json\/wp\/v2\/posts\/15623\/revisions"}],"predecessor-version":[{"id":15625,"href":"https:\/\/www.anovapeneira.gal\/index.php\/wp-json\/wp\/v2\/posts\/15623\/revisions\/15625"}],"wp:featuredmedia":[{"embeddable":true,"href":"https:\/\/www.anovapeneira.gal\/index.php\/wp-json\/wp\/v2\/media\/15624"}],"wp:attachment":[{"href":"https:\/\/www.anovapeneira.gal\/index.php\/wp-json\/wp\/v2\/media?parent=15623"}],"wp:term":[{"taxonomy":"category","embeddable":true,"href":"https:\/\/www.anovapeneira.gal\/index.php\/wp-json\/wp\/v2\/categories?post=15623"},{"taxonomy":"post_tag","embeddable":true,"href":"https:\/\/www.anovapeneira.gal\/index.php\/wp-json\/wp\/v2\/tags?post=15623"}],"curies":[{"name":"wp","href":"https:\/\/api.w.org\/{rel}","templated":true}]}}