{"id":15626,"date":"2026-04-09T10:00:12","date_gmt":"2026-04-09T08:00:12","guid":{"rendered":"https:\/\/www.anovapeneira.gal\/?p=15626"},"modified":"2026-04-08T10:11:55","modified_gmt":"2026-04-08T08:11:55","slug":"felix-memoria-viva","status":"publish","type":"post","link":"https:\/\/www.anovapeneira.gal\/index.php\/2026\/04\/09\/felix-memoria-viva\/","title":{"rendered":"Felix, memoria viva"},"content":{"rendered":"\n<p>Felix cal refente,<br>non marchaches: quedaches prendido nas mans que erguen bandeiras,<br>nos ollos que non esquecen,<br>na voz colectiva que segue a dicir \u201caqu\u00ed estamos\u201d.<\/p>\n\n\n\n<p>Presidente do Colectivo Republicano de Redondela,<br>non levabas s\u00f3 un cargo,<br>levabas unha chama.<br>Esa que acende conciencias,<br>esa que non se apaga nin co vento nin co tempo.<\/p>\n\n\n\n<p>Cada luns, fiel \u00e1 cita,<br>na r\u00faa, por Palestina,<br>eras presenza constante,<br>pegada firme,<br>un corpo m\u00e1is \u2014pero tam\u00e9n un faro\u2014<br>entre todas as persoas que non se resignan.<\/p>\n\n\n\n<p>Fot\u00f3grafo incontestable,<br>ollabas o mundo con verdade,<br>sen adornos, sen medo,<br>capturando a dignidade<br>mesmo nos recunchos m\u00e1is duros.<br>As t\u00faas imaxes falan agora por ti,<br>e seguen dicindo o que ti nunca calaches.<\/p>\n\n\n\n<p>Referente na loita,<br>non por buscar ser gu\u00eda,<br>sen\u00f3n por non saber ser outra cousa<br>que coherencia e compromiso.<\/p>\n\n\n\n<p>Felix,<br>o teu nome queda escrito<br>na memoria das r\u00faas,<br>na historia pequena e grande<br>de quen non se rende.<\/p>\n\n\n\n<p>E mentres haxa quen loite,<br>mentres haxa quen lembre,<br>mentres haxa quen mire o mundo como ti o mirabas,<br>seguir\u00e1s aqu\u00ed.<\/p>\n\n\n\n<p>Presente. Sempre presente.<\/p>\n","protected":false},"excerpt":{"rendered":"<div class=\"mh-excerpt\"><p>Felix cal refente,<br \/>\nnon marchaches: quedaches prendido nas mans que erguen bandeiras,<br \/>\nnos ollos que non esquecen,<br \/>\nna voz colectiva que segue a dicir \u201caqu\u00ed estamos\u201d. <a class=\"mh-excerpt-more\" href=\"https:\/\/www.anovapeneira.gal\/index.php\/2026\/04\/09\/felix-memoria-viva\/\" title=\"Felix, memoria viva\">[&#8230;]<\/a><\/p>\n<\/div>","protected":false},"author":6,"featured_media":15627,"comment_status":"open","ping_status":"open","sticky":false,"template":"","format":"standard","meta":{"_exactmetrics_skip_tracking":false,"_exactmetrics_sitenote_active":false,"_exactmetrics_sitenote_note":"","_exactmetrics_sitenote_category":0,"footnotes":""},"categories":[24],"tags":[],"class_list":{"0":"post-15626","1":"post","2":"type-post","3":"status-publish","4":"format-standard","5":"has-post-thumbnail","7":"category-redondela"},"yoast_head":"<!-- This site is optimized with the Yoast SEO plugin v27.4 - https:\/\/yoast.com\/product\/yoast-seo-wordpress\/ -->\n<title>Felix, memoria viva -<\/title>\n<meta name=\"robots\" content=\"index, follow, max-snippet:-1, max-image-preview:large, max-video-preview:-1\" \/>\n<link rel=\"canonical\" href=\"https:\/\/www.anovapeneira.gal\/index.php\/2026\/04\/09\/felix-memoria-viva\/\" \/>\n<meta property=\"og:locale\" content=\"gl_ES\" \/>\n<meta property=\"og:type\" content=\"article\" \/>\n<meta property=\"og:title\" content=\"Felix, memoria viva -\" \/>\n<meta property=\"og:description\" content=\"Felix cal refente, non marchaches: quedaches prendido nas mans que erguen bandeiras, nos ollos que non esquecen, na voz colectiva que segue a dicir \u201caqu\u00ed estamos\u201d. [...]\" \/>\n<meta property=\"og:url\" content=\"https:\/\/www.anovapeneira.gal\/index.php\/2026\/04\/09\/felix-memoria-viva\/\" \/>\n<meta property=\"article:publisher\" content=\"https:\/\/www.facebook.com\/anovapeneira\" \/>\n<meta property=\"article:published_time\" content=\"2026-04-09T08:00:12+00:00\" \/>\n<meta property=\"og:image\" content=\"https:\/\/www.anovapeneira.gal\/wp-content\/uploads\/2026\/04\/felix_Cal.jpg\" \/>\n\t<meta property=\"og:image:width\" content=\"720\" \/>\n\t<meta property=\"og:image:height\" content=\"432\" \/>\n\t<meta property=\"og:image:type\" content=\"image\/jpeg\" \/>\n<meta name=\"author\" content=\"Marcos Santos\" \/>\n<meta name=\"twitter:card\" content=\"summary_large_image\" \/>\n<meta name=\"twitter:creator\" content=\"@APeneira\" \/>\n<meta name=\"twitter:site\" content=\"@APeneira\" \/>\n<meta name=\"twitter:label1\" content=\"Escrito por\" \/>\n\t<meta name=\"twitter:data1\" content=\"Marcos Santos\" \/>\n\t<meta name=\"twitter:label2\" content=\"Tempo de lectura\" \/>\n\t<meta name=\"twitter:data2\" content=\"2 minutos\" \/>\n<script type=\"application\/ld+json\" class=\"yoast-schema-graph\">{\"@context\":\"https:\\\/\\\/schema.org\",\"@graph\":[{\"@type\":\"Article\",\"@id\":\"https:\\\/\\\/www.anovapeneira.gal\\\/index.php\\\/2026\\\/04\\\/09\\\/felix-memoria-viva\\\/#article\",\"isPartOf\":{\"@id\":\"https:\\\/\\\/www.anovapeneira.gal\\\/index.php\\\/2026\\\/04\\\/09\\\/felix-memoria-viva\\\/\"},\"author\":{\"name\":\"Marcos Santos\",\"@id\":\"https:\\\/\\\/www.anovapeneira.gal\\\/#\\\/schema\\\/person\\\/d9d84823564720e7593293bab054e52d\"},\"headline\":\"Felix, memoria viva\",\"datePublished\":\"2026-04-09T08:00:12+00:00\",\"mainEntityOfPage\":{\"@id\":\"https:\\\/\\\/www.anovapeneira.gal\\\/index.php\\\/2026\\\/04\\\/09\\\/felix-memoria-viva\\\/\"},\"wordCount\":189,\"commentCount\":0,\"publisher\":{\"@id\":\"https:\\\/\\\/www.anovapeneira.gal\\\/#organization\"},\"image\":{\"@id\":\"https:\\\/\\\/www.anovapeneira.gal\\\/index.php\\\/2026\\\/04\\\/09\\\/felix-memoria-viva\\\/#primaryimage\"},\"thumbnailUrl\":\"https:\\\/\\\/www.anovapeneira.gal\\\/wp-content\\\/uploads\\\/2026\\\/04\\\/felix_Cal.jpg\",\"articleSection\":[\"Redondela\"],\"inLanguage\":\"gl-ES\",\"potentialAction\":[{\"@type\":\"CommentAction\",\"name\":\"Comment\",\"target\":[\"https:\\\/\\\/www.anovapeneira.gal\\\/index.php\\\/2026\\\/04\\\/09\\\/felix-memoria-viva\\\/#respond\"]}]},{\"@type\":\"WebPage\",\"@id\":\"https:\\\/\\\/www.anovapeneira.gal\\\/index.php\\\/2026\\\/04\\\/09\\\/felix-memoria-viva\\\/\",\"url\":\"https:\\\/\\\/www.anovapeneira.gal\\\/index.php\\\/2026\\\/04\\\/09\\\/felix-memoria-viva\\\/\",\"name\":\"Felix, memoria viva -\",\"isPartOf\":{\"@id\":\"https:\\\/\\\/www.anovapeneira.gal\\\/#website\"},\"primaryImageOfPage\":{\"@id\":\"https:\\\/\\\/www.anovapeneira.gal\\\/index.php\\\/2026\\\/04\\\/09\\\/felix-memoria-viva\\\/#primaryimage\"},\"image\":{\"@id\":\"https:\\\/\\\/www.anovapeneira.gal\\\/index.php\\\/2026\\\/04\\\/09\\\/felix-memoria-viva\\\/#primaryimage\"},\"thumbnailUrl\":\"https:\\\/\\\/www.anovapeneira.gal\\\/wp-content\\\/uploads\\\/2026\\\/04\\\/felix_Cal.jpg\",\"datePublished\":\"2026-04-09T08:00:12+00:00\",\"breadcrumb\":{\"@id\":\"https:\\\/\\\/www.anovapeneira.gal\\\/index.php\\\/2026\\\/04\\\/09\\\/felix-memoria-viva\\\/#breadcrumb\"},\"inLanguage\":\"gl-ES\",\"potentialAction\":[{\"@type\":\"ReadAction\",\"target\":[\"https:\\\/\\\/www.anovapeneira.gal\\\/index.php\\\/2026\\\/04\\\/09\\\/felix-memoria-viva\\\/\"]}]},{\"@type\":\"ImageObject\",\"inLanguage\":\"gl-ES\",\"@id\":\"https:\\\/\\\/www.anovapeneira.gal\\\/index.php\\\/2026\\\/04\\\/09\\\/felix-memoria-viva\\\/#primaryimage\",\"url\":\"https:\\\/\\\/www.anovapeneira.gal\\\/wp-content\\\/uploads\\\/2026\\\/04\\\/felix_Cal.jpg\",\"contentUrl\":\"https:\\\/\\\/www.anovapeneira.gal\\\/wp-content\\\/uploads\\\/2026\\\/04\\\/felix_Cal.jpg\",\"width\":720,\"height\":432},{\"@type\":\"BreadcrumbList\",\"@id\":\"https:\\\/\\\/www.anovapeneira.gal\\\/index.php\\\/2026\\\/04\\\/09\\\/felix-memoria-viva\\\/#breadcrumb\",\"itemListElement\":[{\"@type\":\"ListItem\",\"position\":1,\"name\":\"Portada\",\"item\":\"https:\\\/\\\/www.anovapeneira.gal\\\/\"},{\"@type\":\"ListItem\",\"position\":2,\"name\":\"Felix, memoria viva\"}]},{\"@type\":\"WebSite\",\"@id\":\"https:\\\/\\\/www.anovapeneira.gal\\\/#website\",\"url\":\"https:\\\/\\\/www.anovapeneira.gal\\\/\",\"name\":\"\",\"description\":\"Xornal galego de informaci\u00f3n xeral Publicaci\u00f3n mensual de novas de Galicia e en especial dos Concellos da sur da provincia de Pontevedra.\",\"publisher\":{\"@id\":\"https:\\\/\\\/www.anovapeneira.gal\\\/#organization\"},\"potentialAction\":[{\"@type\":\"SearchAction\",\"target\":{\"@type\":\"EntryPoint\",\"urlTemplate\":\"https:\\\/\\\/www.anovapeneira.gal\\\/?s={search_term_string}\"},\"query-input\":{\"@type\":\"PropertyValueSpecification\",\"valueRequired\":true,\"valueName\":\"search_term_string\"}}],\"inLanguage\":\"gl-ES\"},{\"@type\":\"Organization\",\"@id\":\"https:\\\/\\\/www.anovapeneira.gal\\\/#organization\",\"name\":\"A Nova Peneira\",\"url\":\"https:\\\/\\\/www.anovapeneira.gal\\\/\",\"logo\":{\"@type\":\"ImageObject\",\"inLanguage\":\"gl-ES\",\"@id\":\"https:\\\/\\\/www.anovapeneira.gal\\\/#\\\/schema\\\/logo\\\/image\\\/\",\"url\":\"http:\\\/\\\/www.anovapeneira.gal\\\/wp-content\\\/uploads\\\/2019\\\/06\\\/logo_a_nova_peneira_portal_web.png\",\"contentUrl\":\"http:\\\/\\\/www.anovapeneira.gal\\\/wp-content\\\/uploads\\\/2019\\\/06\\\/logo_a_nova_peneira_portal_web.png\",\"width\":300,\"height\":100,\"caption\":\"A Nova Peneira\"},\"image\":{\"@id\":\"https:\\\/\\\/www.anovapeneira.gal\\\/#\\\/schema\\\/logo\\\/image\\\/\"},\"sameAs\":[\"https:\\\/\\\/www.facebook.com\\\/anovapeneira\",\"https:\\\/\\\/x.com\\\/APeneira\"]},{\"@type\":\"Person\",\"@id\":\"https:\\\/\\\/www.anovapeneira.gal\\\/#\\\/schema\\\/person\\\/d9d84823564720e7593293bab054e52d\",\"name\":\"Marcos Santos\",\"image\":{\"@type\":\"ImageObject\",\"inLanguage\":\"gl-ES\",\"@id\":\"https:\\\/\\\/secure.gravatar.com\\\/avatar\\\/0e8017099a7a47c0a9d2275e865fe326484561eb3d70649069e4b8e61a8d2e8c?s=96&d=mm&r=g\",\"url\":\"https:\\\/\\\/secure.gravatar.com\\\/avatar\\\/0e8017099a7a47c0a9d2275e865fe326484561eb3d70649069e4b8e61a8d2e8c?s=96&d=mm&r=g\",\"contentUrl\":\"https:\\\/\\\/secure.gravatar.com\\\/avatar\\\/0e8017099a7a47c0a9d2275e865fe326484561eb3d70649069e4b8e61a8d2e8c?s=96&d=mm&r=g\",\"caption\":\"Marcos Santos\"},\"sameAs\":[\"http:\\\/\\\/anovapeneira.gal\"],\"url\":\"https:\\\/\\\/www.anovapeneira.gal\\\/index.php\\\/author\\\/marcos-santos\\\/\"}]}<\/script>\n<!-- \/ Yoast SEO plugin. -->","yoast_head_json":{"title":"Felix, memoria viva -","robots":{"index":"index","follow":"follow","max-snippet":"max-snippet:-1","max-image-preview":"max-image-preview:large","max-video-preview":"max-video-preview:-1"},"canonical":"https:\/\/www.anovapeneira.gal\/index.php\/2026\/04\/09\/felix-memoria-viva\/","og_locale":"gl_ES","og_type":"article","og_title":"Felix, memoria viva -","og_description":"Felix cal refente, non marchaches: quedaches prendido nas mans que erguen bandeiras, nos ollos que non esquecen, na voz colectiva que segue a dicir \u201caqu\u00ed estamos\u201d. [...]","og_url":"https:\/\/www.anovapeneira.gal\/index.php\/2026\/04\/09\/felix-memoria-viva\/","article_publisher":"https:\/\/www.facebook.com\/anovapeneira","article_published_time":"2026-04-09T08:00:12+00:00","og_image":[{"width":720,"height":432,"url":"https:\/\/www.anovapeneira.gal\/wp-content\/uploads\/2026\/04\/felix_Cal.jpg","type":"image\/jpeg"}],"author":"Marcos Santos","twitter_card":"summary_large_image","twitter_creator":"@APeneira","twitter_site":"@APeneira","twitter_misc":{"Escrito por":"Marcos Santos","Tempo de lectura":"2 minutos"},"schema":{"@context":"https:\/\/schema.org","@graph":[{"@type":"Article","@id":"https:\/\/www.anovapeneira.gal\/index.php\/2026\/04\/09\/felix-memoria-viva\/#article","isPartOf":{"@id":"https:\/\/www.anovapeneira.gal\/index.php\/2026\/04\/09\/felix-memoria-viva\/"},"author":{"name":"Marcos Santos","@id":"https:\/\/www.anovapeneira.gal\/#\/schema\/person\/d9d84823564720e7593293bab054e52d"},"headline":"Felix, memoria viva","datePublished":"2026-04-09T08:00:12+00:00","mainEntityOfPage":{"@id":"https:\/\/www.anovapeneira.gal\/index.php\/2026\/04\/09\/felix-memoria-viva\/"},"wordCount":189,"commentCount":0,"publisher":{"@id":"https:\/\/www.anovapeneira.gal\/#organization"},"image":{"@id":"https:\/\/www.anovapeneira.gal\/index.php\/2026\/04\/09\/felix-memoria-viva\/#primaryimage"},"thumbnailUrl":"https:\/\/www.anovapeneira.gal\/wp-content\/uploads\/2026\/04\/felix_Cal.jpg","articleSection":["Redondela"],"inLanguage":"gl-ES","potentialAction":[{"@type":"CommentAction","name":"Comment","target":["https:\/\/www.anovapeneira.gal\/index.php\/2026\/04\/09\/felix-memoria-viva\/#respond"]}]},{"@type":"WebPage","@id":"https:\/\/www.anovapeneira.gal\/index.php\/2026\/04\/09\/felix-memoria-viva\/","url":"https:\/\/www.anovapeneira.gal\/index.php\/2026\/04\/09\/felix-memoria-viva\/","name":"Felix, memoria viva -","isPartOf":{"@id":"https:\/\/www.anovapeneira.gal\/#website"},"primaryImageOfPage":{"@id":"https:\/\/www.anovapeneira.gal\/index.php\/2026\/04\/09\/felix-memoria-viva\/#primaryimage"},"image":{"@id":"https:\/\/www.anovapeneira.gal\/index.php\/2026\/04\/09\/felix-memoria-viva\/#primaryimage"},"thumbnailUrl":"https:\/\/www.anovapeneira.gal\/wp-content\/uploads\/2026\/04\/felix_Cal.jpg","datePublished":"2026-04-09T08:00:12+00:00","breadcrumb":{"@id":"https:\/\/www.anovapeneira.gal\/index.php\/2026\/04\/09\/felix-memoria-viva\/#breadcrumb"},"inLanguage":"gl-ES","potentialAction":[{"@type":"ReadAction","target":["https:\/\/www.anovapeneira.gal\/index.php\/2026\/04\/09\/felix-memoria-viva\/"]}]},{"@type":"ImageObject","inLanguage":"gl-ES","@id":"https:\/\/www.anovapeneira.gal\/index.php\/2026\/04\/09\/felix-memoria-viva\/#primaryimage","url":"https:\/\/www.anovapeneira.gal\/wp-content\/uploads\/2026\/04\/felix_Cal.jpg","contentUrl":"https:\/\/www.anovapeneira.gal\/wp-content\/uploads\/2026\/04\/felix_Cal.jpg","width":720,"height":432},{"@type":"BreadcrumbList","@id":"https:\/\/www.anovapeneira.gal\/index.php\/2026\/04\/09\/felix-memoria-viva\/#breadcrumb","itemListElement":[{"@type":"ListItem","position":1,"name":"Portada","item":"https:\/\/www.anovapeneira.gal\/"},{"@type":"ListItem","position":2,"name":"Felix, memoria viva"}]},{"@type":"WebSite","@id":"https:\/\/www.anovapeneira.gal\/#website","url":"https:\/\/www.anovapeneira.gal\/","name":"","description":"Xornal galego de informaci\u00f3n xeral Publicaci\u00f3n mensual de novas de Galicia e en especial dos Concellos da sur da provincia de Pontevedra.","publisher":{"@id":"https:\/\/www.anovapeneira.gal\/#organization"},"potentialAction":[{"@type":"SearchAction","target":{"@type":"EntryPoint","urlTemplate":"https:\/\/www.anovapeneira.gal\/?s={search_term_string}"},"query-input":{"@type":"PropertyValueSpecification","valueRequired":true,"valueName":"search_term_string"}}],"inLanguage":"gl-ES"},{"@type":"Organization","@id":"https:\/\/www.anovapeneira.gal\/#organization","name":"A Nova Peneira","url":"https:\/\/www.anovapeneira.gal\/","logo":{"@type":"ImageObject","inLanguage":"gl-ES","@id":"https:\/\/www.anovapeneira.gal\/#\/schema\/logo\/image\/","url":"http:\/\/www.anovapeneira.gal\/wp-content\/uploads\/2019\/06\/logo_a_nova_peneira_portal_web.png","contentUrl":"http:\/\/www.anovapeneira.gal\/wp-content\/uploads\/2019\/06\/logo_a_nova_peneira_portal_web.png","width":300,"height":100,"caption":"A Nova Peneira"},"image":{"@id":"https:\/\/www.anovapeneira.gal\/#\/schema\/logo\/image\/"},"sameAs":["https:\/\/www.facebook.com\/anovapeneira","https:\/\/x.com\/APeneira"]},{"@type":"Person","@id":"https:\/\/www.anovapeneira.gal\/#\/schema\/person\/d9d84823564720e7593293bab054e52d","name":"Marcos Santos","image":{"@type":"ImageObject","inLanguage":"gl-ES","@id":"https:\/\/secure.gravatar.com\/avatar\/0e8017099a7a47c0a9d2275e865fe326484561eb3d70649069e4b8e61a8d2e8c?s=96&d=mm&r=g","url":"https:\/\/secure.gravatar.com\/avatar\/0e8017099a7a47c0a9d2275e865fe326484561eb3d70649069e4b8e61a8d2e8c?s=96&d=mm&r=g","contentUrl":"https:\/\/secure.gravatar.com\/avatar\/0e8017099a7a47c0a9d2275e865fe326484561eb3d70649069e4b8e61a8d2e8c?s=96&d=mm&r=g","caption":"Marcos Santos"},"sameAs":["http:\/\/anovapeneira.gal"],"url":"https:\/\/www.anovapeneira.gal\/index.php\/author\/marcos-santos\/"}]}},"jetpack_featured_media_url":"https:\/\/www.anovapeneira.gal\/wp-content\/uploads\/2026\/04\/felix_Cal.jpg","_links":{"self":[{"href":"https:\/\/www.anovapeneira.gal\/index.php\/wp-json\/wp\/v2\/posts\/15626","targetHints":{"allow":["GET"]}}],"collection":[{"href":"https:\/\/www.anovapeneira.gal\/index.php\/wp-json\/wp\/v2\/posts"}],"about":[{"href":"https:\/\/www.anovapeneira.gal\/index.php\/wp-json\/wp\/v2\/types\/post"}],"author":[{"embeddable":true,"href":"https:\/\/www.anovapeneira.gal\/index.php\/wp-json\/wp\/v2\/users\/6"}],"replies":[{"embeddable":true,"href":"https:\/\/www.anovapeneira.gal\/index.php\/wp-json\/wp\/v2\/comments?post=15626"}],"version-history":[{"count":2,"href":"https:\/\/www.anovapeneira.gal\/index.php\/wp-json\/wp\/v2\/posts\/15626\/revisions"}],"predecessor-version":[{"id":15629,"href":"https:\/\/www.anovapeneira.gal\/index.php\/wp-json\/wp\/v2\/posts\/15626\/revisions\/15629"}],"wp:featuredmedia":[{"embeddable":true,"href":"https:\/\/www.anovapeneira.gal\/index.php\/wp-json\/wp\/v2\/media\/15627"}],"wp:attachment":[{"href":"https:\/\/www.anovapeneira.gal\/index.php\/wp-json\/wp\/v2\/media?parent=15626"}],"wp:term":[{"taxonomy":"category","embeddable":true,"href":"https:\/\/www.anovapeneira.gal\/index.php\/wp-json\/wp\/v2\/categories?post=15626"},{"taxonomy":"post_tag","embeddable":true,"href":"https:\/\/www.anovapeneira.gal\/index.php\/wp-json\/wp\/v2\/tags?post=15626"}],"curies":[{"name":"wp","href":"https:\/\/api.w.org\/{rel}","templated":true}]}}