{"id":15630,"date":"2026-04-10T10:00:46","date_gmt":"2026-04-10T08:00:46","guid":{"rendered":"https:\/\/www.anovapeneira.gal\/?p=15630"},"modified":"2026-04-08T10:19:05","modified_gmt":"2026-04-08T08:19:05","slug":"lxvi-festa-da-lamprea-de-arbo-2026","status":"publish","type":"post","link":"https:\/\/www.anovapeneira.gal\/index.php\/2026\/04\/10\/lxvi-festa-da-lamprea-de-arbo-2026\/","title":{"rendered":"LXVI Festa da Lamprea de arbo 2026."},"content":{"rendered":"\n<p><em><strong>Arbo, capital mundial da lamprea: tradici\u00f3n e sabor nunha festa gastron\u00f3mica \u00fanica en Galicia\u201d.<\/strong><\/em><\/p>\n\n\n\n<p>No coraz\u00f3n da provincia de Pontevedra, \u00e1 beira do r\u00edo Mi\u00f1o, a vila de Arbo prep\u00e1rase para vivir unha das s\u00faas citas m\u00e1is grandes, a LXVI Festa da Lamprea, que ter\u00e1 lugar os d\u00edas 24, 25 e 26 de abril de 2026. M\u00e1is al\u00e1 dunha celebraci\u00f3n gastron\u00f3mica, este evento consolidouse como un s\u00edmbolo de identidade, historia e proxecci\u00f3n internacional, situando a este pequena vila galega no mapa mundial da gastronom\u00eda.<\/p>\n\n\n\n<p>A lamprea, protagonista indiscutible desta festa, \u00e9 moito m\u00e1is ca un manxar. Tr\u00e1tase dun animal prehist\u00f3rico que leva habitando as augas do Mi\u00f1o desde hai mill\u00f3ns de anos, sobrevivindo a extinci\u00f3n dos dinosauros e mantendo intacta a s\u00faa esencia. En Arbo, este peixe \u00e9 un emblema que define a vida, a econom\u00eda e a tradici\u00f3n da vila. Non existe constancia de ning\u00fan outro municipio en toda Espa\u00f1a que te\u00f1a unha tradici\u00f3n tan antiga e arraigada arredor deste peixe prehist\u00f3rico e misterioso.<\/p>\n\n\n\n<p><a><\/a> Son moitas as festas que se celebran por toda Galicia, pero a que podemos dicir que a m\u00e1is antiga \u00e9 a da Festa da Lamprea arbense.<\/p>\n\n\n\n<p>A primeira Festa da Lamprea tivo lugar o d\u00eda 16 de abril de 1961, e a organizaci\u00f3n da <em>I Festa da Lamprea<\/em> estivo a cargo da Comisi\u00f3n &#8220;Pro Homenaxe \u00e1 Lamprea&#8221;, que tributaba a trav\u00e9s desta xornada festiva o reco\u00f1ecemento a unha riqueza antiga e inmemorial que o R\u00edo Mi\u00f1o proporcionaba. Desde esta primeira edici\u00f3n no ano 1961, os arbenses, atoparon un lugar no mundo e nos medios de comunicaci\u00f3n, adquirindo para a posterioridade este produto do Mi\u00f1o tan excelente.<\/p>\n\n\n\n<p>A idea inicial era facer unha festa que dese a co\u00f1ecer e axudase a vender os estupendos vi\u00f1os que estas terras produc\u00edan nestas terras as\u00ed como comercializar outra materia prima excelente coa que contaba Arbo &#8220;A Lamprea&#8221;.<\/p>\n\n\n\n<p>O 16 de abril de 1961, visitantes e convidados foron recibidos \u00e1s portas da Casa Consistorial cos balc\u00f3ns engalanados e aos acordes dos gaiteiros. \u00c1s 15:00 horas, na planta principal do edificio, preto de trescentos comensais degustaron lamprea rechea con salsa Mi\u00f1o, lamprea guisada, vi\u00f1o albari\u00f1o e tinto do pa\u00eds.<\/p>\n\n\n\n<p>Xa no ano 1965 a festa da Lamprea de Arbo foi declarada &#8220;Festa de Interese Tur\u00edstico Nacional&#8221;, e cada ano conta milleiros de persoas que renden tributo e dan vida \u00e1 Festa da lamprea coa s\u00faa presenza nos restaurantes da vila.<\/p>\n\n\n\n<p>Para a promoci\u00f3n da festa deste ano, o Concello deu un paso m\u00e1is al\u00e1 de Galiza e presentou o evento en Barcelona, nunha xornada que reuniu a representantes institucionais, empresarios, medios de comunicaci\u00f3n e profesionais do sector tur\u00edstico.<\/p>\n\n\n\n<p>Encabezada polo alcalde, Horacio Gil, a delegaci\u00f3n arbense levou ata a cidade condal a esencia dunha festa reco\u00f1ecida como de Interese Tur\u00edstico Internacional desde o ano 2023. Durante os actos, destacouse a capacidade de Arbo para converter os seus recursos naturais e culturais nun motor de desenvolvemento sostible.<\/p>\n\n\n\n<p>Nun discurso cargado de simbolismo, o rexedor subli\u00f1ou que a Festa da Lamprea non \u00e9 simplemente unha data no calendario, sen\u00f3n <em>\u201csoubemos converter a lamprea e o vi\u00f1o nun activo cultural, social e econ\u00f3mico que hoxe nos sit\u00faa con orgullo no mapa gastron\u00f3mico internacional. Agard\u00e1mosvos en Arbo para brindar polo futuro. Porque Arbo \u00e9 sabor, \u00e9 historia, pero sobre todo, Arbo son 365 d\u00edas de oportunidades.\u201d<\/em><em>.<\/em> Unha celebraci\u00f3n que honra o traballo dos pescadores que, ano tras ano, desaf\u00edan o Mi\u00f1o nas tradicionais pesqueiras, as\u00ed como o labor dos viticultores que producen os prestixiosos vi\u00f1os da zona, especialmente os amparados pola Denominaci\u00f3n de Orixe R\u00edas Baixas.<\/p>\n\n\n\n<p>A presentaci\u00f3n en Barcelona inclu\u00edu tam\u00e9n degustaci\u00f3ns de lamprea elaborada ao estilo tradicional, acompa\u00f1ada de vi\u00f1os do Condado e Albari\u00f1os, conquistando as\u00ed o padal dos asistentes e reforzando a imaxe de Arbo como destino gastron\u00f3mico de excelencia.<\/p>\n\n\n\n<p>Un dos momentos m\u00e1is esperados da festa ser\u00e1, sen d\u00fabida, o Xantar da Lamprea, que se celebrar\u00e1 o s\u00e1bado 25 de abril no restaurante Os Pirus. Este evento re\u00fane cada ano a amantes da gastronom\u00eda chegados de distintos puntos de Galicia, Espa\u00f1a e mesmo do estranxeiro.<\/p>\n\n\n\n<p>O men\u00fa dese\u00f1ado para a ocasi\u00f3n \u00e9 unha aut\u00e9ntica homenaxe \u00e1 tradici\u00f3n culinaria arbense. Desde a empanada de lamprea como entrante ata o prato estrela \u2014lamprea do Mi\u00f1o ao estilo Arbo con arroz e picatostes\u2014, cada elaboraci\u00f3n reflicte o saber facer transmitido de xeraci\u00f3n en xeraci\u00f3n.<\/p>\n\n\n\n<p>Completan a proposta pratos de carne como o cabrito de San Fins e a tenreira galega ao forno, as\u00ed como sobremesas tradicionais como o leite frito. Todo isto acompa\u00f1ado por vi\u00f1os da zona, que reforzan a estreita relaci\u00f3n entre gastronom\u00eda e territorio.<\/p>\n\n\n\n<p>M\u00e1is al\u00e1 do men\u00fa, o Xantar da Lamprea representa unha experiencia sensorial e cultural que permite comprender a profunda conexi\u00f3n entre Arbo e este produto singular. Para o alcalde Horacio Gil, esta cita \u00e9 tam\u00e9n unha oportunidade para reivindicar o papel do municipio como \u201c<em>Capital Mundial da Lamprea\u201d,<\/em> unha denominaci\u00f3n que, asegura, est\u00e1 avalada pola historia e pola calidade das s\u00faas elaboraci\u00f3ns.<\/p>\n\n\n\n<p>A Festa da Lamprea non se limita \u00e1 degustaci\u00f3n gastron\u00f3mica. O Concello de Arbo aposta por ofrecer unha experiencia integral que combine sabor, cultura e co\u00f1ecemento. Neste contexto, destacan as visitas guiadas ao Centro de Interpretaci\u00f3n do Vi\u00f1o e a Lamprea \u201cArabo\u201d, unha das propostas culturais m\u00e1is destacadas dentro da programaci\u00f3n oficial da festa .<\/p>\n\n\n\n<p>Estas visitas, de car\u00e1cter gratu\u00edto e cunha duraci\u00f3n aproximada de 45 minutos, permiten aos asistentes mergullarse na historia da festa e na evoluci\u00f3n da tradici\u00f3n lampreeira ao longo de m\u00e1is de seis d\u00e9cadas. O museo ofrece un percorrido completo pola identidade do municipio, desde as s\u00faas ra\u00edces hist\u00f3ricas ata a s\u00faa proxecci\u00f3n actual.<\/p>\n\n\n\n<p>O edificio, constru\u00eddo grazas \u00e1 achega de emigrantes galegos noa d\u00e9cada dos anos vinte do pasado s\u00e9culo XX, alberga unha exposici\u00f3n distribu\u00edda en tres plantas. Na planta baixa, os visitantes atopan informaci\u00f3n sobre a festa e unha vi\u00f1oteca cos vi\u00f1os das adegas locais. Na segunda planta, a historia de Arbo e o seu desenvolvemento econ\u00f3mico e social ocupan o protagonismo. Finalmente, a \u00faltima planta est\u00e1 dedicada integramente \u00e1 lamprea, s\u00edmbolo indiscutible da vila.<\/p>\n\n\n\n<p>Estas visitas est\u00e1n dispo\u00f1ibles en varios idiomas, co obxectivo de facilitar a participaci\u00f3n de turistas internacionais e reforzar o car\u00e1cter global do evento.<\/p>\n\n\n\n<p>A Festa da Lamprea trad\u00facese nun impulso para sectores como a hostaler\u00eda, o comercio local e o turismo activo. Ademais, a festa serve como escaparate para outros aspecto da vila como a natureza que oferta a contorna de Arbo. Rutas de sendeirismo, as actividades de aventura no r\u00edo Mi\u00f1o ou o patrimonio hist\u00f3rico das pesqueiras son outro atractivo m\u00e1is para non deixar de visitar este fermosa vila.<\/p>\n\n\n\n<p>Para os veci\u00f1os e veci\u00f1as de Arbo, a celebraci\u00f3n representa tam\u00e9n un motivo de orgullo colectivo. A lamprea non \u00e9 s\u00f3 un alimento, sen\u00f3n un elemento identitario que define o car\u00e1cter da comunidade e fortalece o sentimento de pertenza a un pobo e una comunidade.<\/p>\n\n\n\n<p>Baixo o lema <em>\u201conde o tempo se det\u00e9n e a historia se saborea\u201d, <\/em>o municipio convida a visitantes de todas partes a descubrir un lugar \u00fanico, onde a gastronom\u00eda se converte nunha porta de entrada \u00e1 cultura, \u00e1 paisaxe e \u00e1 forma de vida galega.<\/p>\n\n\n\n<p>A LXVI edici\u00f3n da Festa da Lamprea promete, unha vez m\u00e1is, converter Arbo nun punto de encontro para amantes da boa mesa, da historia e das tradici\u00f3ns. Unha oportunidade para saborear non s\u00f3 un produto excepcional, sen\u00f3n tam\u00e9n a esencia dun pobo que soubo facer da s\u00faa identidade un referente internacional.<\/p>\n\n\n\n<figure class=\"wp-block-image size-full\"><img loading=\"lazy\" decoding=\"async\" width=\"733\" height=\"1024\" src=\"https:\/\/www.anovapeneira.gal\/wp-content\/uploads\/2026\/04\/Cartel-Festa-da-lamprea-de-Arbo-2026.jpg\" alt=\"\" class=\"wp-image-15632\" srcset=\"https:\/\/www.anovapeneira.gal\/wp-content\/uploads\/2026\/04\/Cartel-Festa-da-lamprea-de-Arbo-2026.jpg 733w, https:\/\/www.anovapeneira.gal\/wp-content\/uploads\/2026\/04\/Cartel-Festa-da-lamprea-de-Arbo-2026-215x300.jpg 215w\" sizes=\"auto, (max-width: 733px) 100vw, 733px\" \/><\/figure>\n","protected":false},"excerpt":{"rendered":"<div class=\"mh-excerpt\"><p>Arbo, capital mundial da lamprea: tradici\u00f3n e sabor nunha festa gastron\u00f3mica \u00fanica en Galicia\u201d. No coraz\u00f3n da provincia de Pontevedra, \u00e1 beira do r\u00edo Mi\u00f1o, a vila de Arbo prep\u00e1rase para vivir unha das s\u00faas <a class=\"mh-excerpt-more\" href=\"https:\/\/www.anovapeneira.gal\/index.php\/2026\/04\/10\/lxvi-festa-da-lamprea-de-arbo-2026\/\" title=\"LXVI Festa da Lamprea de arbo 2026.\">[&#8230;]<\/a><\/p>\n<\/div>","protected":false},"author":17,"featured_media":15631,"comment_status":"open","ping_status":"open","sticky":false,"template":"","format":"standard","meta":{"_exactmetrics_skip_tracking":false,"_exactmetrics_sitenote_active":false,"_exactmetrics_sitenote_note":"","_exactmetrics_sitenote_category":0,"footnotes":""},"categories":[492],"tags":[444],"class_list":{"0":"post-15630","1":"post","2":"type-post","3":"status-publish","4":"format-standard","5":"has-post-thumbnail","7":"category-condado-reportaxes","8":"tag-concello-de-arbo"},"yoast_head":"<!-- This site is optimized with the Yoast SEO plugin v27.4 - https:\/\/yoast.com\/product\/yoast-seo-wordpress\/ -->\n<title>LXVI Festa da Lamprea de arbo 2026. -<\/title>\n<meta name=\"robots\" content=\"index, follow, max-snippet:-1, max-image-preview:large, max-video-preview:-1\" \/>\n<link rel=\"canonical\" href=\"https:\/\/www.anovapeneira.gal\/index.php\/2026\/04\/10\/lxvi-festa-da-lamprea-de-arbo-2026\/\" \/>\n<meta property=\"og:locale\" content=\"gl_ES\" \/>\n<meta property=\"og:type\" content=\"article\" \/>\n<meta property=\"og:title\" content=\"LXVI Festa da Lamprea de arbo 2026. -\" \/>\n<meta property=\"og:description\" content=\"Arbo, capital mundial da lamprea: tradici\u00f3n e sabor nunha festa gastron\u00f3mica \u00fanica en Galicia\u201d. No coraz\u00f3n da provincia de Pontevedra, \u00e1 beira do r\u00edo Mi\u00f1o, a vila de Arbo prep\u00e1rase para vivir unha das s\u00faas [...]\" \/>\n<meta property=\"og:url\" content=\"https:\/\/www.anovapeneira.gal\/index.php\/2026\/04\/10\/lxvi-festa-da-lamprea-de-arbo-2026\/\" \/>\n<meta property=\"article:publisher\" content=\"https:\/\/www.facebook.com\/anovapeneira\" \/>\n<meta property=\"article:published_time\" content=\"2026-04-10T08:00:46+00:00\" \/>\n<meta property=\"og:image\" content=\"https:\/\/www.anovapeneira.gal\/wp-content\/uploads\/2026\/04\/festa_lamprea.jpg\" \/>\n\t<meta property=\"og:image:width\" content=\"720\" \/>\n\t<meta property=\"og:image:height\" content=\"432\" \/>\n\t<meta property=\"og:image:type\" content=\"image\/jpeg\" \/>\n<meta name=\"author\" content=\"G. Figueiredo\" \/>\n<meta name=\"twitter:card\" content=\"summary_large_image\" \/>\n<meta name=\"twitter:creator\" content=\"@APeneira\" \/>\n<meta name=\"twitter:site\" content=\"@APeneira\" \/>\n<meta name=\"twitter:label1\" content=\"Escrito por\" \/>\n\t<meta name=\"twitter:data1\" content=\"G. Figueiredo\" \/>\n\t<meta name=\"twitter:label2\" content=\"Tempo de lectura\" \/>\n\t<meta name=\"twitter:data2\" content=\"8 minutos\" \/>\n<script type=\"application\/ld+json\" class=\"yoast-schema-graph\">{\"@context\":\"https:\\\/\\\/schema.org\",\"@graph\":[{\"@type\":\"Article\",\"@id\":\"https:\\\/\\\/www.anovapeneira.gal\\\/index.php\\\/2026\\\/04\\\/10\\\/lxvi-festa-da-lamprea-de-arbo-2026\\\/#article\",\"isPartOf\":{\"@id\":\"https:\\\/\\\/www.anovapeneira.gal\\\/index.php\\\/2026\\\/04\\\/10\\\/lxvi-festa-da-lamprea-de-arbo-2026\\\/\"},\"author\":{\"name\":\"G. Figueiredo\",\"@id\":\"https:\\\/\\\/www.anovapeneira.gal\\\/#\\\/schema\\\/person\\\/42f904d7cac80cf3f5a31494dd82a9b6\"},\"headline\":\"LXVI Festa da Lamprea de arbo 2026.\",\"datePublished\":\"2026-04-10T08:00:46+00:00\",\"mainEntityOfPage\":{\"@id\":\"https:\\\/\\\/www.anovapeneira.gal\\\/index.php\\\/2026\\\/04\\\/10\\\/lxvi-festa-da-lamprea-de-arbo-2026\\\/\"},\"wordCount\":1363,\"commentCount\":0,\"publisher\":{\"@id\":\"https:\\\/\\\/www.anovapeneira.gal\\\/#organization\"},\"image\":{\"@id\":\"https:\\\/\\\/www.anovapeneira.gal\\\/index.php\\\/2026\\\/04\\\/10\\\/lxvi-festa-da-lamprea-de-arbo-2026\\\/#primaryimage\"},\"thumbnailUrl\":\"https:\\\/\\\/www.anovapeneira.gal\\\/wp-content\\\/uploads\\\/2026\\\/04\\\/festa_lamprea.jpg\",\"keywords\":[\"Concello de Arbo\"],\"articleSection\":[\"Condado\"],\"inLanguage\":\"gl-ES\",\"potentialAction\":[{\"@type\":\"CommentAction\",\"name\":\"Comment\",\"target\":[\"https:\\\/\\\/www.anovapeneira.gal\\\/index.php\\\/2026\\\/04\\\/10\\\/lxvi-festa-da-lamprea-de-arbo-2026\\\/#respond\"]}]},{\"@type\":\"WebPage\",\"@id\":\"https:\\\/\\\/www.anovapeneira.gal\\\/index.php\\\/2026\\\/04\\\/10\\\/lxvi-festa-da-lamprea-de-arbo-2026\\\/\",\"url\":\"https:\\\/\\\/www.anovapeneira.gal\\\/index.php\\\/2026\\\/04\\\/10\\\/lxvi-festa-da-lamprea-de-arbo-2026\\\/\",\"name\":\"LXVI Festa da Lamprea de arbo 2026. -\",\"isPartOf\":{\"@id\":\"https:\\\/\\\/www.anovapeneira.gal\\\/#website\"},\"primaryImageOfPage\":{\"@id\":\"https:\\\/\\\/www.anovapeneira.gal\\\/index.php\\\/2026\\\/04\\\/10\\\/lxvi-festa-da-lamprea-de-arbo-2026\\\/#primaryimage\"},\"image\":{\"@id\":\"https:\\\/\\\/www.anovapeneira.gal\\\/index.php\\\/2026\\\/04\\\/10\\\/lxvi-festa-da-lamprea-de-arbo-2026\\\/#primaryimage\"},\"thumbnailUrl\":\"https:\\\/\\\/www.anovapeneira.gal\\\/wp-content\\\/uploads\\\/2026\\\/04\\\/festa_lamprea.jpg\",\"datePublished\":\"2026-04-10T08:00:46+00:00\",\"breadcrumb\":{\"@id\":\"https:\\\/\\\/www.anovapeneira.gal\\\/index.php\\\/2026\\\/04\\\/10\\\/lxvi-festa-da-lamprea-de-arbo-2026\\\/#breadcrumb\"},\"inLanguage\":\"gl-ES\",\"potentialAction\":[{\"@type\":\"ReadAction\",\"target\":[\"https:\\\/\\\/www.anovapeneira.gal\\\/index.php\\\/2026\\\/04\\\/10\\\/lxvi-festa-da-lamprea-de-arbo-2026\\\/\"]}]},{\"@type\":\"ImageObject\",\"inLanguage\":\"gl-ES\",\"@id\":\"https:\\\/\\\/www.anovapeneira.gal\\\/index.php\\\/2026\\\/04\\\/10\\\/lxvi-festa-da-lamprea-de-arbo-2026\\\/#primaryimage\",\"url\":\"https:\\\/\\\/www.anovapeneira.gal\\\/wp-content\\\/uploads\\\/2026\\\/04\\\/festa_lamprea.jpg\",\"contentUrl\":\"https:\\\/\\\/www.anovapeneira.gal\\\/wp-content\\\/uploads\\\/2026\\\/04\\\/festa_lamprea.jpg\",\"width\":720,\"height\":432},{\"@type\":\"BreadcrumbList\",\"@id\":\"https:\\\/\\\/www.anovapeneira.gal\\\/index.php\\\/2026\\\/04\\\/10\\\/lxvi-festa-da-lamprea-de-arbo-2026\\\/#breadcrumb\",\"itemListElement\":[{\"@type\":\"ListItem\",\"position\":1,\"name\":\"Portada\",\"item\":\"https:\\\/\\\/www.anovapeneira.gal\\\/\"},{\"@type\":\"ListItem\",\"position\":2,\"name\":\"LXVI Festa da Lamprea de arbo 2026.\"}]},{\"@type\":\"WebSite\",\"@id\":\"https:\\\/\\\/www.anovapeneira.gal\\\/#website\",\"url\":\"https:\\\/\\\/www.anovapeneira.gal\\\/\",\"name\":\"\",\"description\":\"Xornal galego de informaci\u00f3n xeral Publicaci\u00f3n mensual de novas de Galicia e en especial dos Concellos da sur da provincia de Pontevedra.\",\"publisher\":{\"@id\":\"https:\\\/\\\/www.anovapeneira.gal\\\/#organization\"},\"potentialAction\":[{\"@type\":\"SearchAction\",\"target\":{\"@type\":\"EntryPoint\",\"urlTemplate\":\"https:\\\/\\\/www.anovapeneira.gal\\\/?s={search_term_string}\"},\"query-input\":{\"@type\":\"PropertyValueSpecification\",\"valueRequired\":true,\"valueName\":\"search_term_string\"}}],\"inLanguage\":\"gl-ES\"},{\"@type\":\"Organization\",\"@id\":\"https:\\\/\\\/www.anovapeneira.gal\\\/#organization\",\"name\":\"A Nova Peneira\",\"url\":\"https:\\\/\\\/www.anovapeneira.gal\\\/\",\"logo\":{\"@type\":\"ImageObject\",\"inLanguage\":\"gl-ES\",\"@id\":\"https:\\\/\\\/www.anovapeneira.gal\\\/#\\\/schema\\\/logo\\\/image\\\/\",\"url\":\"http:\\\/\\\/www.anovapeneira.gal\\\/wp-content\\\/uploads\\\/2019\\\/06\\\/logo_a_nova_peneira_portal_web.png\",\"contentUrl\":\"http:\\\/\\\/www.anovapeneira.gal\\\/wp-content\\\/uploads\\\/2019\\\/06\\\/logo_a_nova_peneira_portal_web.png\",\"width\":300,\"height\":100,\"caption\":\"A Nova Peneira\"},\"image\":{\"@id\":\"https:\\\/\\\/www.anovapeneira.gal\\\/#\\\/schema\\\/logo\\\/image\\\/\"},\"sameAs\":[\"https:\\\/\\\/www.facebook.com\\\/anovapeneira\",\"https:\\\/\\\/x.com\\\/APeneira\"]},{\"@type\":\"Person\",\"@id\":\"https:\\\/\\\/www.anovapeneira.gal\\\/#\\\/schema\\\/person\\\/42f904d7cac80cf3f5a31494dd82a9b6\",\"name\":\"G. Figueiredo\",\"image\":{\"@type\":\"ImageObject\",\"inLanguage\":\"gl-ES\",\"@id\":\"https:\\\/\\\/secure.gravatar.com\\\/avatar\\\/2d970086688458e0398ef8b84f5cbb8cc1ec3ab115aeb8435135a9f556af97b3?s=96&d=mm&r=g\",\"url\":\"https:\\\/\\\/secure.gravatar.com\\\/avatar\\\/2d970086688458e0398ef8b84f5cbb8cc1ec3ab115aeb8435135a9f556af97b3?s=96&d=mm&r=g\",\"contentUrl\":\"https:\\\/\\\/secure.gravatar.com\\\/avatar\\\/2d970086688458e0398ef8b84f5cbb8cc1ec3ab115aeb8435135a9f556af97b3?s=96&d=mm&r=g\",\"caption\":\"G. Figueiredo\"},\"sameAs\":[\"http:\\\/\\\/www.anovapeneira.gal\\\/\"],\"url\":\"https:\\\/\\\/www.anovapeneira.gal\\\/index.php\\\/author\\\/g-figueiredo\\\/\"}]}<\/script>\n<!-- \/ Yoast SEO plugin. -->","yoast_head_json":{"title":"LXVI Festa da Lamprea de arbo 2026. -","robots":{"index":"index","follow":"follow","max-snippet":"max-snippet:-1","max-image-preview":"max-image-preview:large","max-video-preview":"max-video-preview:-1"},"canonical":"https:\/\/www.anovapeneira.gal\/index.php\/2026\/04\/10\/lxvi-festa-da-lamprea-de-arbo-2026\/","og_locale":"gl_ES","og_type":"article","og_title":"LXVI Festa da Lamprea de arbo 2026. -","og_description":"Arbo, capital mundial da lamprea: tradici\u00f3n e sabor nunha festa gastron\u00f3mica \u00fanica en Galicia\u201d. No coraz\u00f3n da provincia de Pontevedra, \u00e1 beira do r\u00edo Mi\u00f1o, a vila de Arbo prep\u00e1rase para vivir unha das s\u00faas [...]","og_url":"https:\/\/www.anovapeneira.gal\/index.php\/2026\/04\/10\/lxvi-festa-da-lamprea-de-arbo-2026\/","article_publisher":"https:\/\/www.facebook.com\/anovapeneira","article_published_time":"2026-04-10T08:00:46+00:00","og_image":[{"width":720,"height":432,"url":"https:\/\/www.anovapeneira.gal\/wp-content\/uploads\/2026\/04\/festa_lamprea.jpg","type":"image\/jpeg"}],"author":"G. Figueiredo","twitter_card":"summary_large_image","twitter_creator":"@APeneira","twitter_site":"@APeneira","twitter_misc":{"Escrito por":"G. Figueiredo","Tempo de lectura":"8 minutos"},"schema":{"@context":"https:\/\/schema.org","@graph":[{"@type":"Article","@id":"https:\/\/www.anovapeneira.gal\/index.php\/2026\/04\/10\/lxvi-festa-da-lamprea-de-arbo-2026\/#article","isPartOf":{"@id":"https:\/\/www.anovapeneira.gal\/index.php\/2026\/04\/10\/lxvi-festa-da-lamprea-de-arbo-2026\/"},"author":{"name":"G. Figueiredo","@id":"https:\/\/www.anovapeneira.gal\/#\/schema\/person\/42f904d7cac80cf3f5a31494dd82a9b6"},"headline":"LXVI Festa da Lamprea de arbo 2026.","datePublished":"2026-04-10T08:00:46+00:00","mainEntityOfPage":{"@id":"https:\/\/www.anovapeneira.gal\/index.php\/2026\/04\/10\/lxvi-festa-da-lamprea-de-arbo-2026\/"},"wordCount":1363,"commentCount":0,"publisher":{"@id":"https:\/\/www.anovapeneira.gal\/#organization"},"image":{"@id":"https:\/\/www.anovapeneira.gal\/index.php\/2026\/04\/10\/lxvi-festa-da-lamprea-de-arbo-2026\/#primaryimage"},"thumbnailUrl":"https:\/\/www.anovapeneira.gal\/wp-content\/uploads\/2026\/04\/festa_lamprea.jpg","keywords":["Concello de Arbo"],"articleSection":["Condado"],"inLanguage":"gl-ES","potentialAction":[{"@type":"CommentAction","name":"Comment","target":["https:\/\/www.anovapeneira.gal\/index.php\/2026\/04\/10\/lxvi-festa-da-lamprea-de-arbo-2026\/#respond"]}]},{"@type":"WebPage","@id":"https:\/\/www.anovapeneira.gal\/index.php\/2026\/04\/10\/lxvi-festa-da-lamprea-de-arbo-2026\/","url":"https:\/\/www.anovapeneira.gal\/index.php\/2026\/04\/10\/lxvi-festa-da-lamprea-de-arbo-2026\/","name":"LXVI Festa da Lamprea de arbo 2026. -","isPartOf":{"@id":"https:\/\/www.anovapeneira.gal\/#website"},"primaryImageOfPage":{"@id":"https:\/\/www.anovapeneira.gal\/index.php\/2026\/04\/10\/lxvi-festa-da-lamprea-de-arbo-2026\/#primaryimage"},"image":{"@id":"https:\/\/www.anovapeneira.gal\/index.php\/2026\/04\/10\/lxvi-festa-da-lamprea-de-arbo-2026\/#primaryimage"},"thumbnailUrl":"https:\/\/www.anovapeneira.gal\/wp-content\/uploads\/2026\/04\/festa_lamprea.jpg","datePublished":"2026-04-10T08:00:46+00:00","breadcrumb":{"@id":"https:\/\/www.anovapeneira.gal\/index.php\/2026\/04\/10\/lxvi-festa-da-lamprea-de-arbo-2026\/#breadcrumb"},"inLanguage":"gl-ES","potentialAction":[{"@type":"ReadAction","target":["https:\/\/www.anovapeneira.gal\/index.php\/2026\/04\/10\/lxvi-festa-da-lamprea-de-arbo-2026\/"]}]},{"@type":"ImageObject","inLanguage":"gl-ES","@id":"https:\/\/www.anovapeneira.gal\/index.php\/2026\/04\/10\/lxvi-festa-da-lamprea-de-arbo-2026\/#primaryimage","url":"https:\/\/www.anovapeneira.gal\/wp-content\/uploads\/2026\/04\/festa_lamprea.jpg","contentUrl":"https:\/\/www.anovapeneira.gal\/wp-content\/uploads\/2026\/04\/festa_lamprea.jpg","width":720,"height":432},{"@type":"BreadcrumbList","@id":"https:\/\/www.anovapeneira.gal\/index.php\/2026\/04\/10\/lxvi-festa-da-lamprea-de-arbo-2026\/#breadcrumb","itemListElement":[{"@type":"ListItem","position":1,"name":"Portada","item":"https:\/\/www.anovapeneira.gal\/"},{"@type":"ListItem","position":2,"name":"LXVI Festa da Lamprea de arbo 2026."}]},{"@type":"WebSite","@id":"https:\/\/www.anovapeneira.gal\/#website","url":"https:\/\/www.anovapeneira.gal\/","name":"","description":"Xornal galego de informaci\u00f3n xeral Publicaci\u00f3n mensual de novas de Galicia e en especial dos Concellos da sur da provincia de Pontevedra.","publisher":{"@id":"https:\/\/www.anovapeneira.gal\/#organization"},"potentialAction":[{"@type":"SearchAction","target":{"@type":"EntryPoint","urlTemplate":"https:\/\/www.anovapeneira.gal\/?s={search_term_string}"},"query-input":{"@type":"PropertyValueSpecification","valueRequired":true,"valueName":"search_term_string"}}],"inLanguage":"gl-ES"},{"@type":"Organization","@id":"https:\/\/www.anovapeneira.gal\/#organization","name":"A Nova Peneira","url":"https:\/\/www.anovapeneira.gal\/","logo":{"@type":"ImageObject","inLanguage":"gl-ES","@id":"https:\/\/www.anovapeneira.gal\/#\/schema\/logo\/image\/","url":"http:\/\/www.anovapeneira.gal\/wp-content\/uploads\/2019\/06\/logo_a_nova_peneira_portal_web.png","contentUrl":"http:\/\/www.anovapeneira.gal\/wp-content\/uploads\/2019\/06\/logo_a_nova_peneira_portal_web.png","width":300,"height":100,"caption":"A Nova Peneira"},"image":{"@id":"https:\/\/www.anovapeneira.gal\/#\/schema\/logo\/image\/"},"sameAs":["https:\/\/www.facebook.com\/anovapeneira","https:\/\/x.com\/APeneira"]},{"@type":"Person","@id":"https:\/\/www.anovapeneira.gal\/#\/schema\/person\/42f904d7cac80cf3f5a31494dd82a9b6","name":"G. Figueiredo","image":{"@type":"ImageObject","inLanguage":"gl-ES","@id":"https:\/\/secure.gravatar.com\/avatar\/2d970086688458e0398ef8b84f5cbb8cc1ec3ab115aeb8435135a9f556af97b3?s=96&d=mm&r=g","url":"https:\/\/secure.gravatar.com\/avatar\/2d970086688458e0398ef8b84f5cbb8cc1ec3ab115aeb8435135a9f556af97b3?s=96&d=mm&r=g","contentUrl":"https:\/\/secure.gravatar.com\/avatar\/2d970086688458e0398ef8b84f5cbb8cc1ec3ab115aeb8435135a9f556af97b3?s=96&d=mm&r=g","caption":"G. Figueiredo"},"sameAs":["http:\/\/www.anovapeneira.gal\/"],"url":"https:\/\/www.anovapeneira.gal\/index.php\/author\/g-figueiredo\/"}]}},"jetpack_featured_media_url":"https:\/\/www.anovapeneira.gal\/wp-content\/uploads\/2026\/04\/festa_lamprea.jpg","_links":{"self":[{"href":"https:\/\/www.anovapeneira.gal\/index.php\/wp-json\/wp\/v2\/posts\/15630","targetHints":{"allow":["GET"]}}],"collection":[{"href":"https:\/\/www.anovapeneira.gal\/index.php\/wp-json\/wp\/v2\/posts"}],"about":[{"href":"https:\/\/www.anovapeneira.gal\/index.php\/wp-json\/wp\/v2\/types\/post"}],"author":[{"embeddable":true,"href":"https:\/\/www.anovapeneira.gal\/index.php\/wp-json\/wp\/v2\/users\/17"}],"replies":[{"embeddable":true,"href":"https:\/\/www.anovapeneira.gal\/index.php\/wp-json\/wp\/v2\/comments?post=15630"}],"version-history":[{"count":1,"href":"https:\/\/www.anovapeneira.gal\/index.php\/wp-json\/wp\/v2\/posts\/15630\/revisions"}],"predecessor-version":[{"id":15633,"href":"https:\/\/www.anovapeneira.gal\/index.php\/wp-json\/wp\/v2\/posts\/15630\/revisions\/15633"}],"wp:featuredmedia":[{"embeddable":true,"href":"https:\/\/www.anovapeneira.gal\/index.php\/wp-json\/wp\/v2\/media\/15631"}],"wp:attachment":[{"href":"https:\/\/www.anovapeneira.gal\/index.php\/wp-json\/wp\/v2\/media?parent=15630"}],"wp:term":[{"taxonomy":"category","embeddable":true,"href":"https:\/\/www.anovapeneira.gal\/index.php\/wp-json\/wp\/v2\/categories?post=15630"},{"taxonomy":"post_tag","embeddable":true,"href":"https:\/\/www.anovapeneira.gal\/index.php\/wp-json\/wp\/v2\/tags?post=15630"}],"curies":[{"name":"wp","href":"https:\/\/api.w.org\/{rel}","templated":true}]}}