{"id":15636,"date":"2026-04-13T10:00:11","date_gmt":"2026-04-13T08:00:11","guid":{"rendered":"https:\/\/www.anovapeneira.gal\/?p=15636"},"modified":"2026-04-08T13:41:12","modified_gmt":"2026-04-08T11:41:12","slug":"letras-galegas-2026-begona-caamano","status":"publish","type":"post","link":"https:\/\/www.anovapeneira.gal\/index.php\/2026\/04\/13\/letras-galegas-2026-begona-caamano\/","title":{"rendered":"Letras Galegas 2026: Bego\u00f1a Caama\u00f1o"},"content":{"rendered":"\n<h2 class=\"wp-block-heading\">Bego\u00f1a Caama\u00f1o: a escritora que reescribiu os mitos para darlle voz \u00e1s mulleres.<\/h2>\n\n\n\n<p>Como cada ano desde hai 63 anos, o vindeiro 17 de maio cel\u00e9brase o D\u00eda das Letras Galegas para reco\u00f1ecer e homenaxear a unha figura destacada da literatura galega, as\u00ed tam\u00e9n como para reivindicar e promover o uso e a importancia do galego na cultura e na sociedade, a s\u00faa difusi\u00f3n e axudar a que novas xeraci\u00f3ns co\u00f1ezan a literatura do noso pa\u00eds.<\/p>\n\n\n\n<p>A data escollida, o 17 de maio, conmemora a publicaci\u00f3n en 1863 de Cantares Gallegos da grande Rosal\u00eda de Castro, unha obra que marcou o inicio do Rexurdimento, \u00e9 dicir, a recuperaci\u00f3n da lingua galega como lingua literaria.<\/p>\n\n\n\n<p>O D\u00eda das Letras Galegas foi creado en 1963 pola Real Academia Galega, coincidindo co centenario desta publicaci\u00f3n. A persoa homenaxeada debe escribir en galego e levar polo menos 10 anos falecida.<\/p>\n\n\n\n<p>Este d\u00eda \u00e9 festivo oficial en Galicia. Mobiliza escolas, medios e instituci\u00f3ns e sempre fan alg\u00fan traballo ou exposici\u00f3n para dar voz \u00e1s persoas homenaxeada para que, tanto elas, comas as s\u00faas obra sexan reco\u00f1ecidas e non esquecidas.<\/p>\n\n\n\n<p>Nos \u00faltimos anos est\u00e1selle dando o reco\u00f1ecemento que se merecen as autoras , igual que darlle voz non s\u00f3 aos autores cl\u00e1sicos, e tam\u00e9n a xornalistas, editores e editoras, artistas ou activistas culturais.<\/p>\n\n\n\n<p>A presenza de mulleres foi sempre baixa, pero est\u00e1 a medrar nestes \u00faltimos tempos e desde o 2021 d\u00e9uselle voz a autoras como Sela Arias, Luisa Villalta e, este ano, a Bego\u00f1a Caama\u00f1o que se converte na s\u00e9tima muller en obter este reco\u00f1ecemento. Todas elas tiveron unhas li\u00f1as neste xornal para as\u00ed darlle visibilizaci\u00f3n feminina a cultura galega<strong>.<\/strong><\/p>\n\n\n\n<p>A autora homenaxeada no D\u00eda das Letras Galegas deste 2026, Bego\u00f1a Caama\u00f1o, nace como unha das figuras m\u00e1is especiais do xornalismo e da literatura galega contempor\u00e1nea, e deixa un legado comprometido como novelista, feminista, xornalista e defensora dos dereitos das e dos traballadores deste pa\u00eds.<\/p>\n\n\n\n<p>Bego\u00f1a naceu en Vigo, no barrio do Calvario, en 1964 e faleceu moi novi\u00f1a en Santiago de Compostela en 2014, con tan s\u00f3 cinco d\u00e9cadas vividas.<\/p>\n\n\n\n<p>Caama\u00f1o desenvolveu a maior parte da s\u00faa carreira como xornalista en medios radiof\u00f3nicos. Comezou en Radio Noroeste e Radio Popular e a finais dos anos oitenta entrou na Radio Galega. Desde al\u00ed constru\u00edu un estilo propio, destacando polo seu rigor, compromiso \u00e9tico e defensa firme da lingua galega. Non se limitou a contar a realidade: interpretouna, cuestionouna e puxo o foco nas marxes. Na Radio Galega, ideou e dirixiu os programas Andando a Terra, Club Cultura e Expreso de Medianoite, ademais de ser parte do equipo do Diario Cultural.<\/p>\n\n\n\n<p>O seu traballo estivo tam\u00e9n atravesado polo compromiso laboral e o activismo social. Xa desde a s\u00faa vida de estudante comezou coas protestas estudant\u00eds que reclamaban descontos no transporte p\u00fablico cando cursaba 3\u00ba de BUP. Logo de adulta, participou activamente na defensa dos dereitos das traballadoras e traballadores dos medios p\u00fablicos, convencida de que o xornalismo deb\u00eda estar ao servizo da cidadan\u00eda. No \u00e1mbito sindical, chegou a ocupar o cargo de presidenta do Comit\u00e9 Interempresas da CRTVG.<\/p>\n\n\n\n<p>O feminismo non foi para Caama\u00f1o un tema, sen\u00f3n unha forma de estar no mundo. Participou en espazos como Mulheres Nacionalistas Galegas e a Marcha Mundial das Mulleres.<\/p>\n\n\n\n<p>A s\u00faa entrada na literatura produciuse relativamente tarde, na que s\u00f3 formou parte durante cinco os \u00faltimos cinco anos da s\u00faa vida, pero deixounos un enorme impacto e d\u00faas grandes obras:<\/p>\n\n\n\n<p><em>Circe ou o pracer do azul<\/em> (2009), Bego\u00f1a reinterpreta as figuras de Circe e Pen\u00e9lope, a amante e a esposa de Ulises da na Odisea para explorar o desexo, a liberdade e a identidade feminina. A obra supuxo unha revelaci\u00f3n dentro da literatura galega.<\/p>\n\n\n\n<p>Tres anos despois publicou <em>Morgana en Esmelle<\/em> (2012), onde retoma o ciclo art\u00farico para constru\u00edr un universo narrativo no que as mulleres deixan de ser secundarias e pasan a ocupar o centro do relato. A novela foi amplamente reco\u00f1ecida pola cr\u00edtica e consolidou a s\u00faa voz como unha das m\u00e1is orixinais da narrativa contempor\u00e1nea. Obra pola que recibiu o Premio da Cr\u00edtica Espa\u00f1ola.<\/p>\n\n\n\n<p>En ambas obras exp\u00f3n a necesidade de revisar os relatos herdados para cuestionar as estruturas de poder patriarcal que os soste\u00f1en.<\/p>\n\n\n\n<p>En 2017, a Deputaci\u00f3n de A Coru\u00f1a crea o premio Bego\u00f1a Caama\u00f1o, que distingue a unha persoa, entidade, colectivo ou proposta art\u00edstica comprometida coa igualdade de x\u00e9nero desde o \u00e1mbito da cultura.<\/p>\n\n\n\n<p>En 2019 o concello de Santiago de Compostela, nomeouna filla adoptiva da cidade e p\u00faxolle o seu nome ao parque situado detr\u00e1s dos xulgados do barrio de Fonti\u00f1as.<\/p>\n\n\n\n<p>A elecci\u00f3n de Bego\u00f1a Caama\u00f1o como figura central do D\u00eda das Letras Galegas 2026 sup\u00f3n non s\u00f3 un reco\u00f1ecemento institucional, sen\u00f3n tam\u00e9n unha oportunidade para redescubrir unha obra que segue plenamente vixente nun contexto no que o debate sobre igualdade, memoria e identidade contin\u00faa aberto e ultimamente est\u00e1 a ser cuestionado e vilipendiado, a s\u00faa voz resulta especialmente necesaria.<\/p>\n\n\n\n<p>M\u00e1is dunha d\u00e9cada despois do seu falecemento, Bego\u00f1a Caama\u00f1o contin\u00faa interpelando lectoras e lectores. A s\u00faa obra, breve pero intensa, \u00e9 un convite a mirar o mundo con ollos cr\u00edticos pois Bego\u00f1a foi unha das voces m\u00e1is singulares da cultura galega contempor\u00e1nea, cunha traxectoria que combina xornalismo cr\u00edtico, literatura e compromiso social. Porque, como ela mesma demostrou, contar historias tam\u00e9n \u00e9 unha forma de cambiar a realidade. A s\u00faa traxectoria, breve pero intensa, deixou unha pegada profunda tanto nos medios de comunicaci\u00f3n como na narrativa galega do s\u00e9culo XXI.<\/p>\n","protected":false},"excerpt":{"rendered":"<div class=\"mh-excerpt\"><p>Bego\u00f1a Caama\u00f1o: a escritora que reescribiu os mitos para darlle voz \u00e1s mulleres <a class=\"mh-excerpt-more\" href=\"https:\/\/www.anovapeneira.gal\/index.php\/2026\/04\/13\/letras-galegas-2026-begona-caamano\/\" title=\"Letras Galegas 2026: Bego\u00f1a Caama\u00f1o\">[&#8230;]<\/a><\/p>\n<\/div>","protected":false},"author":3,"featured_media":15637,"comment_status":"open","ping_status":"open","sticky":false,"template":"","format":"standard","meta":{"_exactmetrics_skip_tracking":false,"_exactmetrics_sitenote_active":false,"_exactmetrics_sitenote_note":"","_exactmetrics_sitenote_category":0,"footnotes":""},"categories":[263],"tags":[],"class_list":{"0":"post-15636","1":"post","2":"type-post","3":"status-publish","4":"format-standard","5":"has-post-thumbnail","7":"category-novas"},"yoast_head":"<!-- This site is optimized with the Yoast SEO plugin v27.4 - https:\/\/yoast.com\/product\/yoast-seo-wordpress\/ -->\n<title>Letras Galegas 2026: Bego\u00f1a Caama\u00f1o -<\/title>\n<meta name=\"robots\" content=\"index, follow, max-snippet:-1, max-image-preview:large, max-video-preview:-1\" \/>\n<link rel=\"canonical\" href=\"https:\/\/www.anovapeneira.gal\/index.php\/2026\/04\/13\/letras-galegas-2026-begona-caamano\/\" \/>\n<meta property=\"og:locale\" content=\"gl_ES\" \/>\n<meta property=\"og:type\" content=\"article\" \/>\n<meta property=\"og:title\" content=\"Letras Galegas 2026: Bego\u00f1a Caama\u00f1o -\" \/>\n<meta property=\"og:description\" content=\"Bego\u00f1a Caama\u00f1o: a escritora que reescribiu os mitos para darlle voz \u00e1s mulleres [...]\" \/>\n<meta property=\"og:url\" content=\"https:\/\/www.anovapeneira.gal\/index.php\/2026\/04\/13\/letras-galegas-2026-begona-caamano\/\" \/>\n<meta property=\"article:publisher\" content=\"https:\/\/www.facebook.com\/anovapeneira\" \/>\n<meta property=\"article:published_time\" content=\"2026-04-13T08:00:11+00:00\" \/>\n<meta property=\"og:image\" content=\"https:\/\/www.anovapeneira.gal\/wp-content\/uploads\/2026\/04\/Begona-Caamano-imaxe-da-Real-Academia-Galega.jpg\" \/>\n\t<meta property=\"og:image:width\" content=\"720\" \/>\n\t<meta property=\"og:image:height\" content=\"432\" \/>\n\t<meta property=\"og:image:type\" content=\"image\/jpeg\" \/>\n<meta name=\"author\" content=\"Redacci\u00f3n A Nova Peneira\" \/>\n<meta name=\"twitter:card\" content=\"summary_large_image\" \/>\n<meta name=\"twitter:creator\" content=\"@APeneira\" \/>\n<meta name=\"twitter:site\" content=\"@APeneira\" \/>\n<meta name=\"twitter:label1\" content=\"Escrito por\" \/>\n\t<meta name=\"twitter:data1\" content=\"Redacci\u00f3n A Nova Peneira\" \/>\n\t<meta name=\"twitter:label2\" content=\"Tempo de lectura\" \/>\n\t<meta name=\"twitter:data2\" content=\"6 minutos\" \/>\n<script type=\"application\/ld+json\" class=\"yoast-schema-graph\">{\"@context\":\"https:\\\/\\\/schema.org\",\"@graph\":[{\"@type\":\"Article\",\"@id\":\"https:\\\/\\\/www.anovapeneira.gal\\\/index.php\\\/2026\\\/04\\\/13\\\/letras-galegas-2026-begona-caamano\\\/#article\",\"isPartOf\":{\"@id\":\"https:\\\/\\\/www.anovapeneira.gal\\\/index.php\\\/2026\\\/04\\\/13\\\/letras-galegas-2026-begona-caamano\\\/\"},\"author\":{\"name\":\"Redacci\u00f3n A Nova Peneira\",\"@id\":\"https:\\\/\\\/www.anovapeneira.gal\\\/#\\\/schema\\\/person\\\/b93e3f8932e3f8da96334607eb6ac6aa\"},\"headline\":\"Letras Galegas 2026: Bego\u00f1a Caama\u00f1o\",\"datePublished\":\"2026-04-13T08:00:11+00:00\",\"mainEntityOfPage\":{\"@id\":\"https:\\\/\\\/www.anovapeneira.gal\\\/index.php\\\/2026\\\/04\\\/13\\\/letras-galegas-2026-begona-caamano\\\/\"},\"wordCount\":998,\"commentCount\":0,\"publisher\":{\"@id\":\"https:\\\/\\\/www.anovapeneira.gal\\\/#organization\"},\"image\":{\"@id\":\"https:\\\/\\\/www.anovapeneira.gal\\\/index.php\\\/2026\\\/04\\\/13\\\/letras-galegas-2026-begona-caamano\\\/#primaryimage\"},\"thumbnailUrl\":\"https:\\\/\\\/www.anovapeneira.gal\\\/wp-content\\\/uploads\\\/2026\\\/04\\\/Begona-Caamano-imaxe-da-Real-Academia-Galega.jpg\",\"articleSection\":[\"Novas\"],\"inLanguage\":\"gl-ES\",\"potentialAction\":[{\"@type\":\"CommentAction\",\"name\":\"Comment\",\"target\":[\"https:\\\/\\\/www.anovapeneira.gal\\\/index.php\\\/2026\\\/04\\\/13\\\/letras-galegas-2026-begona-caamano\\\/#respond\"]}]},{\"@type\":\"WebPage\",\"@id\":\"https:\\\/\\\/www.anovapeneira.gal\\\/index.php\\\/2026\\\/04\\\/13\\\/letras-galegas-2026-begona-caamano\\\/\",\"url\":\"https:\\\/\\\/www.anovapeneira.gal\\\/index.php\\\/2026\\\/04\\\/13\\\/letras-galegas-2026-begona-caamano\\\/\",\"name\":\"Letras Galegas 2026: Bego\u00f1a Caama\u00f1o -\",\"isPartOf\":{\"@id\":\"https:\\\/\\\/www.anovapeneira.gal\\\/#website\"},\"primaryImageOfPage\":{\"@id\":\"https:\\\/\\\/www.anovapeneira.gal\\\/index.php\\\/2026\\\/04\\\/13\\\/letras-galegas-2026-begona-caamano\\\/#primaryimage\"},\"image\":{\"@id\":\"https:\\\/\\\/www.anovapeneira.gal\\\/index.php\\\/2026\\\/04\\\/13\\\/letras-galegas-2026-begona-caamano\\\/#primaryimage\"},\"thumbnailUrl\":\"https:\\\/\\\/www.anovapeneira.gal\\\/wp-content\\\/uploads\\\/2026\\\/04\\\/Begona-Caamano-imaxe-da-Real-Academia-Galega.jpg\",\"datePublished\":\"2026-04-13T08:00:11+00:00\",\"breadcrumb\":{\"@id\":\"https:\\\/\\\/www.anovapeneira.gal\\\/index.php\\\/2026\\\/04\\\/13\\\/letras-galegas-2026-begona-caamano\\\/#breadcrumb\"},\"inLanguage\":\"gl-ES\",\"potentialAction\":[{\"@type\":\"ReadAction\",\"target\":[\"https:\\\/\\\/www.anovapeneira.gal\\\/index.php\\\/2026\\\/04\\\/13\\\/letras-galegas-2026-begona-caamano\\\/\"]}]},{\"@type\":\"ImageObject\",\"inLanguage\":\"gl-ES\",\"@id\":\"https:\\\/\\\/www.anovapeneira.gal\\\/index.php\\\/2026\\\/04\\\/13\\\/letras-galegas-2026-begona-caamano\\\/#primaryimage\",\"url\":\"https:\\\/\\\/www.anovapeneira.gal\\\/wp-content\\\/uploads\\\/2026\\\/04\\\/Begona-Caamano-imaxe-da-Real-Academia-Galega.jpg\",\"contentUrl\":\"https:\\\/\\\/www.anovapeneira.gal\\\/wp-content\\\/uploads\\\/2026\\\/04\\\/Begona-Caamano-imaxe-da-Real-Academia-Galega.jpg\",\"width\":720,\"height\":432},{\"@type\":\"BreadcrumbList\",\"@id\":\"https:\\\/\\\/www.anovapeneira.gal\\\/index.php\\\/2026\\\/04\\\/13\\\/letras-galegas-2026-begona-caamano\\\/#breadcrumb\",\"itemListElement\":[{\"@type\":\"ListItem\",\"position\":1,\"name\":\"Portada\",\"item\":\"https:\\\/\\\/www.anovapeneira.gal\\\/\"},{\"@type\":\"ListItem\",\"position\":2,\"name\":\"Letras Galegas 2026: Bego\u00f1a Caama\u00f1o\"}]},{\"@type\":\"WebSite\",\"@id\":\"https:\\\/\\\/www.anovapeneira.gal\\\/#website\",\"url\":\"https:\\\/\\\/www.anovapeneira.gal\\\/\",\"name\":\"\",\"description\":\"Xornal galego de informaci\u00f3n xeral Publicaci\u00f3n mensual de novas de Galicia e en especial dos Concellos da sur da provincia de Pontevedra.\",\"publisher\":{\"@id\":\"https:\\\/\\\/www.anovapeneira.gal\\\/#organization\"},\"potentialAction\":[{\"@type\":\"SearchAction\",\"target\":{\"@type\":\"EntryPoint\",\"urlTemplate\":\"https:\\\/\\\/www.anovapeneira.gal\\\/?s={search_term_string}\"},\"query-input\":{\"@type\":\"PropertyValueSpecification\",\"valueRequired\":true,\"valueName\":\"search_term_string\"}}],\"inLanguage\":\"gl-ES\"},{\"@type\":\"Organization\",\"@id\":\"https:\\\/\\\/www.anovapeneira.gal\\\/#organization\",\"name\":\"A Nova Peneira\",\"url\":\"https:\\\/\\\/www.anovapeneira.gal\\\/\",\"logo\":{\"@type\":\"ImageObject\",\"inLanguage\":\"gl-ES\",\"@id\":\"https:\\\/\\\/www.anovapeneira.gal\\\/#\\\/schema\\\/logo\\\/image\\\/\",\"url\":\"http:\\\/\\\/www.anovapeneira.gal\\\/wp-content\\\/uploads\\\/2019\\\/06\\\/logo_a_nova_peneira_portal_web.png\",\"contentUrl\":\"http:\\\/\\\/www.anovapeneira.gal\\\/wp-content\\\/uploads\\\/2019\\\/06\\\/logo_a_nova_peneira_portal_web.png\",\"width\":300,\"height\":100,\"caption\":\"A Nova Peneira\"},\"image\":{\"@id\":\"https:\\\/\\\/www.anovapeneira.gal\\\/#\\\/schema\\\/logo\\\/image\\\/\"},\"sameAs\":[\"https:\\\/\\\/www.facebook.com\\\/anovapeneira\",\"https:\\\/\\\/x.com\\\/APeneira\"]},{\"@type\":\"Person\",\"@id\":\"https:\\\/\\\/www.anovapeneira.gal\\\/#\\\/schema\\\/person\\\/b93e3f8932e3f8da96334607eb6ac6aa\",\"name\":\"Redacci\u00f3n A Nova Peneira\",\"image\":{\"@type\":\"ImageObject\",\"inLanguage\":\"gl-ES\",\"@id\":\"https:\\\/\\\/secure.gravatar.com\\\/avatar\\\/c052a2551a06e23fac63626232eaa90abd78dbcf1700fc46a2b2c89fd27b735f?s=96&d=mm&r=g\",\"url\":\"https:\\\/\\\/secure.gravatar.com\\\/avatar\\\/c052a2551a06e23fac63626232eaa90abd78dbcf1700fc46a2b2c89fd27b735f?s=96&d=mm&r=g\",\"contentUrl\":\"https:\\\/\\\/secure.gravatar.com\\\/avatar\\\/c052a2551a06e23fac63626232eaa90abd78dbcf1700fc46a2b2c89fd27b735f?s=96&d=mm&r=g\",\"caption\":\"Redacci\u00f3n A Nova Peneira\"},\"sameAs\":[\"http:\\\/\\\/www.anovapeneira.gal\\\/\"],\"url\":\"https:\\\/\\\/www.anovapeneira.gal\\\/index.php\\\/author\\\/redactor\\\/\"}]}<\/script>\n<!-- \/ Yoast SEO plugin. -->","yoast_head_json":{"title":"Letras Galegas 2026: Bego\u00f1a Caama\u00f1o -","robots":{"index":"index","follow":"follow","max-snippet":"max-snippet:-1","max-image-preview":"max-image-preview:large","max-video-preview":"max-video-preview:-1"},"canonical":"https:\/\/www.anovapeneira.gal\/index.php\/2026\/04\/13\/letras-galegas-2026-begona-caamano\/","og_locale":"gl_ES","og_type":"article","og_title":"Letras Galegas 2026: Bego\u00f1a Caama\u00f1o -","og_description":"Bego\u00f1a Caama\u00f1o: a escritora que reescribiu os mitos para darlle voz \u00e1s mulleres [...]","og_url":"https:\/\/www.anovapeneira.gal\/index.php\/2026\/04\/13\/letras-galegas-2026-begona-caamano\/","article_publisher":"https:\/\/www.facebook.com\/anovapeneira","article_published_time":"2026-04-13T08:00:11+00:00","og_image":[{"width":720,"height":432,"url":"https:\/\/www.anovapeneira.gal\/wp-content\/uploads\/2026\/04\/Begona-Caamano-imaxe-da-Real-Academia-Galega.jpg","type":"image\/jpeg"}],"author":"Redacci\u00f3n A Nova Peneira","twitter_card":"summary_large_image","twitter_creator":"@APeneira","twitter_site":"@APeneira","twitter_misc":{"Escrito por":"Redacci\u00f3n A Nova Peneira","Tempo de lectura":"6 minutos"},"schema":{"@context":"https:\/\/schema.org","@graph":[{"@type":"Article","@id":"https:\/\/www.anovapeneira.gal\/index.php\/2026\/04\/13\/letras-galegas-2026-begona-caamano\/#article","isPartOf":{"@id":"https:\/\/www.anovapeneira.gal\/index.php\/2026\/04\/13\/letras-galegas-2026-begona-caamano\/"},"author":{"name":"Redacci\u00f3n A Nova Peneira","@id":"https:\/\/www.anovapeneira.gal\/#\/schema\/person\/b93e3f8932e3f8da96334607eb6ac6aa"},"headline":"Letras Galegas 2026: Bego\u00f1a Caama\u00f1o","datePublished":"2026-04-13T08:00:11+00:00","mainEntityOfPage":{"@id":"https:\/\/www.anovapeneira.gal\/index.php\/2026\/04\/13\/letras-galegas-2026-begona-caamano\/"},"wordCount":998,"commentCount":0,"publisher":{"@id":"https:\/\/www.anovapeneira.gal\/#organization"},"image":{"@id":"https:\/\/www.anovapeneira.gal\/index.php\/2026\/04\/13\/letras-galegas-2026-begona-caamano\/#primaryimage"},"thumbnailUrl":"https:\/\/www.anovapeneira.gal\/wp-content\/uploads\/2026\/04\/Begona-Caamano-imaxe-da-Real-Academia-Galega.jpg","articleSection":["Novas"],"inLanguage":"gl-ES","potentialAction":[{"@type":"CommentAction","name":"Comment","target":["https:\/\/www.anovapeneira.gal\/index.php\/2026\/04\/13\/letras-galegas-2026-begona-caamano\/#respond"]}]},{"@type":"WebPage","@id":"https:\/\/www.anovapeneira.gal\/index.php\/2026\/04\/13\/letras-galegas-2026-begona-caamano\/","url":"https:\/\/www.anovapeneira.gal\/index.php\/2026\/04\/13\/letras-galegas-2026-begona-caamano\/","name":"Letras Galegas 2026: Bego\u00f1a Caama\u00f1o -","isPartOf":{"@id":"https:\/\/www.anovapeneira.gal\/#website"},"primaryImageOfPage":{"@id":"https:\/\/www.anovapeneira.gal\/index.php\/2026\/04\/13\/letras-galegas-2026-begona-caamano\/#primaryimage"},"image":{"@id":"https:\/\/www.anovapeneira.gal\/index.php\/2026\/04\/13\/letras-galegas-2026-begona-caamano\/#primaryimage"},"thumbnailUrl":"https:\/\/www.anovapeneira.gal\/wp-content\/uploads\/2026\/04\/Begona-Caamano-imaxe-da-Real-Academia-Galega.jpg","datePublished":"2026-04-13T08:00:11+00:00","breadcrumb":{"@id":"https:\/\/www.anovapeneira.gal\/index.php\/2026\/04\/13\/letras-galegas-2026-begona-caamano\/#breadcrumb"},"inLanguage":"gl-ES","potentialAction":[{"@type":"ReadAction","target":["https:\/\/www.anovapeneira.gal\/index.php\/2026\/04\/13\/letras-galegas-2026-begona-caamano\/"]}]},{"@type":"ImageObject","inLanguage":"gl-ES","@id":"https:\/\/www.anovapeneira.gal\/index.php\/2026\/04\/13\/letras-galegas-2026-begona-caamano\/#primaryimage","url":"https:\/\/www.anovapeneira.gal\/wp-content\/uploads\/2026\/04\/Begona-Caamano-imaxe-da-Real-Academia-Galega.jpg","contentUrl":"https:\/\/www.anovapeneira.gal\/wp-content\/uploads\/2026\/04\/Begona-Caamano-imaxe-da-Real-Academia-Galega.jpg","width":720,"height":432},{"@type":"BreadcrumbList","@id":"https:\/\/www.anovapeneira.gal\/index.php\/2026\/04\/13\/letras-galegas-2026-begona-caamano\/#breadcrumb","itemListElement":[{"@type":"ListItem","position":1,"name":"Portada","item":"https:\/\/www.anovapeneira.gal\/"},{"@type":"ListItem","position":2,"name":"Letras Galegas 2026: Bego\u00f1a Caama\u00f1o"}]},{"@type":"WebSite","@id":"https:\/\/www.anovapeneira.gal\/#website","url":"https:\/\/www.anovapeneira.gal\/","name":"","description":"Xornal galego de informaci\u00f3n xeral Publicaci\u00f3n mensual de novas de Galicia e en especial dos Concellos da sur da provincia de Pontevedra.","publisher":{"@id":"https:\/\/www.anovapeneira.gal\/#organization"},"potentialAction":[{"@type":"SearchAction","target":{"@type":"EntryPoint","urlTemplate":"https:\/\/www.anovapeneira.gal\/?s={search_term_string}"},"query-input":{"@type":"PropertyValueSpecification","valueRequired":true,"valueName":"search_term_string"}}],"inLanguage":"gl-ES"},{"@type":"Organization","@id":"https:\/\/www.anovapeneira.gal\/#organization","name":"A Nova Peneira","url":"https:\/\/www.anovapeneira.gal\/","logo":{"@type":"ImageObject","inLanguage":"gl-ES","@id":"https:\/\/www.anovapeneira.gal\/#\/schema\/logo\/image\/","url":"http:\/\/www.anovapeneira.gal\/wp-content\/uploads\/2019\/06\/logo_a_nova_peneira_portal_web.png","contentUrl":"http:\/\/www.anovapeneira.gal\/wp-content\/uploads\/2019\/06\/logo_a_nova_peneira_portal_web.png","width":300,"height":100,"caption":"A Nova Peneira"},"image":{"@id":"https:\/\/www.anovapeneira.gal\/#\/schema\/logo\/image\/"},"sameAs":["https:\/\/www.facebook.com\/anovapeneira","https:\/\/x.com\/APeneira"]},{"@type":"Person","@id":"https:\/\/www.anovapeneira.gal\/#\/schema\/person\/b93e3f8932e3f8da96334607eb6ac6aa","name":"Redacci\u00f3n A Nova Peneira","image":{"@type":"ImageObject","inLanguage":"gl-ES","@id":"https:\/\/secure.gravatar.com\/avatar\/c052a2551a06e23fac63626232eaa90abd78dbcf1700fc46a2b2c89fd27b735f?s=96&d=mm&r=g","url":"https:\/\/secure.gravatar.com\/avatar\/c052a2551a06e23fac63626232eaa90abd78dbcf1700fc46a2b2c89fd27b735f?s=96&d=mm&r=g","contentUrl":"https:\/\/secure.gravatar.com\/avatar\/c052a2551a06e23fac63626232eaa90abd78dbcf1700fc46a2b2c89fd27b735f?s=96&d=mm&r=g","caption":"Redacci\u00f3n A Nova Peneira"},"sameAs":["http:\/\/www.anovapeneira.gal\/"],"url":"https:\/\/www.anovapeneira.gal\/index.php\/author\/redactor\/"}]}},"jetpack_featured_media_url":"https:\/\/www.anovapeneira.gal\/wp-content\/uploads\/2026\/04\/Begona-Caamano-imaxe-da-Real-Academia-Galega.jpg","_links":{"self":[{"href":"https:\/\/www.anovapeneira.gal\/index.php\/wp-json\/wp\/v2\/posts\/15636","targetHints":{"allow":["GET"]}}],"collection":[{"href":"https:\/\/www.anovapeneira.gal\/index.php\/wp-json\/wp\/v2\/posts"}],"about":[{"href":"https:\/\/www.anovapeneira.gal\/index.php\/wp-json\/wp\/v2\/types\/post"}],"author":[{"embeddable":true,"href":"https:\/\/www.anovapeneira.gal\/index.php\/wp-json\/wp\/v2\/users\/3"}],"replies":[{"embeddable":true,"href":"https:\/\/www.anovapeneira.gal\/index.php\/wp-json\/wp\/v2\/comments?post=15636"}],"version-history":[{"count":1,"href":"https:\/\/www.anovapeneira.gal\/index.php\/wp-json\/wp\/v2\/posts\/15636\/revisions"}],"predecessor-version":[{"id":15638,"href":"https:\/\/www.anovapeneira.gal\/index.php\/wp-json\/wp\/v2\/posts\/15636\/revisions\/15638"}],"wp:featuredmedia":[{"embeddable":true,"href":"https:\/\/www.anovapeneira.gal\/index.php\/wp-json\/wp\/v2\/media\/15637"}],"wp:attachment":[{"href":"https:\/\/www.anovapeneira.gal\/index.php\/wp-json\/wp\/v2\/media?parent=15636"}],"wp:term":[{"taxonomy":"category","embeddable":true,"href":"https:\/\/www.anovapeneira.gal\/index.php\/wp-json\/wp\/v2\/categories?post=15636"},{"taxonomy":"post_tag","embeddable":true,"href":"https:\/\/www.anovapeneira.gal\/index.php\/wp-json\/wp\/v2\/tags?post=15636"}],"curies":[{"name":"wp","href":"https:\/\/api.w.org\/{rel}","templated":true}]}}