{"id":15640,"date":"2026-04-13T12:00:54","date_gmt":"2026-04-13T10:00:54","guid":{"rendered":"https:\/\/www.anovapeneira.gal\/?p=15640"},"modified":"2026-04-09T11:58:37","modified_gmt":"2026-04-09T09:58:37","slug":"o-bng-de-arbo-fixa-a-perda-de-poboacion-moza-coma-o-principal-reto-a-resolver-na-localidade","status":"publish","type":"post","link":"https:\/\/www.anovapeneira.gal\/index.php\/2026\/04\/13\/o-bng-de-arbo-fixa-a-perda-de-poboacion-moza-coma-o-principal-reto-a-resolver-na-localidade\/","title":{"rendered":"O BNG de Arbo fixa a perda de poboaci\u00f3n moza coma o principal reto a resolver na localidade"},"content":{"rendered":"\n<p>O BNG de Arbo v\u00e9n de celebrar unha xuntanza coa veci\u00f1anza na que se expuxo o grave problema da perda de poboaci\u00f3n no concello, a isto s\u00famanse as grandes carencias na xesti\u00f3n dos servizos p\u00fablicos, que foi outro dos puntos destacados.<\/p>\n\n\n\n<p>\u201c<em>Unha vivenda completamente inacces\u00edbel, a falta de emprego e a ausencia de transporte p\u00fablico \u00fatil para a veci\u00f1anza provoca unha situaci\u00f3n impos\u00edbel de asumir para moita xente\u201d <\/em>destaca Diego Prieto, respons\u00e1bel local do BNG na localidade.<em> \u201cO que acontece en Arbo non \u00e9 m\u00e1is que a acumulaci\u00f3n de malas xesti\u00f3ns, provocando que a xente s\u00f3 te\u00f1a a alternativa de marchar a outros concellos por falta de servizos b\u00e1sicos e falta de oportunidades\u201d<\/em>, concl\u00fae.<\/p>\n\n\n\n<p><a><\/a> O BNG continuar\u00e1 tendo xuntanzas por toda a localidade nos vindeiros meses, abrindo espazos de participaci\u00f3n e recollendo propostas da veci\u00f1anza para tentar reverter a situaci\u00f3n actual do concello.<\/p>\n","protected":false},"excerpt":{"rendered":"<div class=\"mh-excerpt\"><p>O BNG de Arbo v\u00e9n de celebrar unha xuntanza coa veci\u00f1anza na que se expuxo o grave problema da perda de poboaci\u00f3n no concello, a isto s\u00famanse as grandes carencias na xesti\u00f3n dos servizos p\u00fablicos, que foi outro dos puntos destacados <a class=\"mh-excerpt-more\" href=\"https:\/\/www.anovapeneira.gal\/index.php\/2026\/04\/13\/o-bng-de-arbo-fixa-a-perda-de-poboacion-moza-coma-o-principal-reto-a-resolver-na-localidade\/\" title=\"O BNG de Arbo fixa a perda de poboaci\u00f3n moza coma o principal reto a resolver na localidade\">[&#8230;]<\/a><\/p>\n<\/div>","protected":false},"author":3,"featured_media":15641,"comment_status":"open","ping_status":"open","sticky":false,"template":"","format":"standard","meta":{"_exactmetrics_skip_tracking":false,"_exactmetrics_sitenote_active":false,"_exactmetrics_sitenote_note":"","_exactmetrics_sitenote_category":0,"footnotes":""},"categories":[25],"tags":[],"class_list":{"0":"post-15640","1":"post","2":"type-post","3":"status-publish","4":"format-standard","5":"has-post-thumbnail","7":"category-condado"},"yoast_head":"<!-- This site is optimized with the Yoast SEO plugin v27.4 - https:\/\/yoast.com\/product\/yoast-seo-wordpress\/ -->\n<title>O BNG de Arbo fixa a perda de poboaci\u00f3n moza coma o principal reto a resolver na localidade -<\/title>\n<meta name=\"robots\" content=\"index, follow, max-snippet:-1, max-image-preview:large, max-video-preview:-1\" \/>\n<link rel=\"canonical\" href=\"https:\/\/www.anovapeneira.gal\/index.php\/2026\/04\/13\/o-bng-de-arbo-fixa-a-perda-de-poboacion-moza-coma-o-principal-reto-a-resolver-na-localidade\/\" \/>\n<meta property=\"og:locale\" content=\"gl_ES\" \/>\n<meta property=\"og:type\" content=\"article\" \/>\n<meta property=\"og:title\" content=\"O BNG de Arbo fixa a perda de poboaci\u00f3n moza coma o principal reto a resolver na localidade -\" \/>\n<meta property=\"og:description\" content=\"O BNG de Arbo v\u00e9n de celebrar unha xuntanza coa veci\u00f1anza na que se expuxo o grave problema da perda de poboaci\u00f3n no concello, a isto s\u00famanse as grandes carencias na xesti\u00f3n dos servizos p\u00fablicos, que foi outro dos puntos destacados [...]\" \/>\n<meta property=\"og:url\" content=\"https:\/\/www.anovapeneira.gal\/index.php\/2026\/04\/13\/o-bng-de-arbo-fixa-a-perda-de-poboacion-moza-coma-o-principal-reto-a-resolver-na-localidade\/\" \/>\n<meta property=\"article:publisher\" content=\"https:\/\/www.facebook.com\/anovapeneira\" \/>\n<meta property=\"article:published_time\" content=\"2026-04-13T10:00:54+00:00\" \/>\n<meta property=\"og:image\" content=\"https:\/\/www.anovapeneira.gal\/wp-content\/uploads\/2026\/04\/bng_Arbo.jpg\" \/>\n\t<meta property=\"og:image:width\" content=\"720\" \/>\n\t<meta property=\"og:image:height\" content=\"432\" \/>\n\t<meta property=\"og:image:type\" content=\"image\/jpeg\" \/>\n<meta name=\"author\" content=\"Redacci\u00f3n A Nova Peneira\" \/>\n<meta name=\"twitter:card\" content=\"summary_large_image\" \/>\n<meta name=\"twitter:creator\" content=\"@APeneira\" \/>\n<meta name=\"twitter:site\" content=\"@APeneira\" \/>\n<meta name=\"twitter:label1\" content=\"Escrito por\" \/>\n\t<meta name=\"twitter:data1\" content=\"Redacci\u00f3n A Nova Peneira\" \/>\n\t<meta name=\"twitter:label2\" content=\"Tempo de lectura\" \/>\n\t<meta name=\"twitter:data2\" content=\"1 minuto\" \/>\n<script type=\"application\/ld+json\" class=\"yoast-schema-graph\">{\"@context\":\"https:\\\/\\\/schema.org\",\"@graph\":[{\"@type\":\"Article\",\"@id\":\"https:\\\/\\\/www.anovapeneira.gal\\\/index.php\\\/2026\\\/04\\\/13\\\/o-bng-de-arbo-fixa-a-perda-de-poboacion-moza-coma-o-principal-reto-a-resolver-na-localidade\\\/#article\",\"isPartOf\":{\"@id\":\"https:\\\/\\\/www.anovapeneira.gal\\\/index.php\\\/2026\\\/04\\\/13\\\/o-bng-de-arbo-fixa-a-perda-de-poboacion-moza-coma-o-principal-reto-a-resolver-na-localidade\\\/\"},\"author\":{\"name\":\"Redacci\u00f3n A Nova Peneira\",\"@id\":\"https:\\\/\\\/www.anovapeneira.gal\\\/#\\\/schema\\\/person\\\/b93e3f8932e3f8da96334607eb6ac6aa\"},\"headline\":\"O BNG de Arbo fixa a perda de poboaci\u00f3n moza coma o principal reto a resolver na localidade\",\"datePublished\":\"2026-04-13T10:00:54+00:00\",\"mainEntityOfPage\":{\"@id\":\"https:\\\/\\\/www.anovapeneira.gal\\\/index.php\\\/2026\\\/04\\\/13\\\/o-bng-de-arbo-fixa-a-perda-de-poboacion-moza-coma-o-principal-reto-a-resolver-na-localidade\\\/\"},\"wordCount\":182,\"commentCount\":0,\"publisher\":{\"@id\":\"https:\\\/\\\/www.anovapeneira.gal\\\/#organization\"},\"image\":{\"@id\":\"https:\\\/\\\/www.anovapeneira.gal\\\/index.php\\\/2026\\\/04\\\/13\\\/o-bng-de-arbo-fixa-a-perda-de-poboacion-moza-coma-o-principal-reto-a-resolver-na-localidade\\\/#primaryimage\"},\"thumbnailUrl\":\"https:\\\/\\\/www.anovapeneira.gal\\\/wp-content\\\/uploads\\\/2026\\\/04\\\/bng_Arbo.jpg\",\"articleSection\":[\"Condado\"],\"inLanguage\":\"gl-ES\",\"potentialAction\":[{\"@type\":\"CommentAction\",\"name\":\"Comment\",\"target\":[\"https:\\\/\\\/www.anovapeneira.gal\\\/index.php\\\/2026\\\/04\\\/13\\\/o-bng-de-arbo-fixa-a-perda-de-poboacion-moza-coma-o-principal-reto-a-resolver-na-localidade\\\/#respond\"]}]},{\"@type\":\"WebPage\",\"@id\":\"https:\\\/\\\/www.anovapeneira.gal\\\/index.php\\\/2026\\\/04\\\/13\\\/o-bng-de-arbo-fixa-a-perda-de-poboacion-moza-coma-o-principal-reto-a-resolver-na-localidade\\\/\",\"url\":\"https:\\\/\\\/www.anovapeneira.gal\\\/index.php\\\/2026\\\/04\\\/13\\\/o-bng-de-arbo-fixa-a-perda-de-poboacion-moza-coma-o-principal-reto-a-resolver-na-localidade\\\/\",\"name\":\"O BNG de Arbo fixa a perda de poboaci\u00f3n moza coma o principal reto a resolver na localidade -\",\"isPartOf\":{\"@id\":\"https:\\\/\\\/www.anovapeneira.gal\\\/#website\"},\"primaryImageOfPage\":{\"@id\":\"https:\\\/\\\/www.anovapeneira.gal\\\/index.php\\\/2026\\\/04\\\/13\\\/o-bng-de-arbo-fixa-a-perda-de-poboacion-moza-coma-o-principal-reto-a-resolver-na-localidade\\\/#primaryimage\"},\"image\":{\"@id\":\"https:\\\/\\\/www.anovapeneira.gal\\\/index.php\\\/2026\\\/04\\\/13\\\/o-bng-de-arbo-fixa-a-perda-de-poboacion-moza-coma-o-principal-reto-a-resolver-na-localidade\\\/#primaryimage\"},\"thumbnailUrl\":\"https:\\\/\\\/www.anovapeneira.gal\\\/wp-content\\\/uploads\\\/2026\\\/04\\\/bng_Arbo.jpg\",\"datePublished\":\"2026-04-13T10:00:54+00:00\",\"breadcrumb\":{\"@id\":\"https:\\\/\\\/www.anovapeneira.gal\\\/index.php\\\/2026\\\/04\\\/13\\\/o-bng-de-arbo-fixa-a-perda-de-poboacion-moza-coma-o-principal-reto-a-resolver-na-localidade\\\/#breadcrumb\"},\"inLanguage\":\"gl-ES\",\"potentialAction\":[{\"@type\":\"ReadAction\",\"target\":[\"https:\\\/\\\/www.anovapeneira.gal\\\/index.php\\\/2026\\\/04\\\/13\\\/o-bng-de-arbo-fixa-a-perda-de-poboacion-moza-coma-o-principal-reto-a-resolver-na-localidade\\\/\"]}]},{\"@type\":\"ImageObject\",\"inLanguage\":\"gl-ES\",\"@id\":\"https:\\\/\\\/www.anovapeneira.gal\\\/index.php\\\/2026\\\/04\\\/13\\\/o-bng-de-arbo-fixa-a-perda-de-poboacion-moza-coma-o-principal-reto-a-resolver-na-localidade\\\/#primaryimage\",\"url\":\"https:\\\/\\\/www.anovapeneira.gal\\\/wp-content\\\/uploads\\\/2026\\\/04\\\/bng_Arbo.jpg\",\"contentUrl\":\"https:\\\/\\\/www.anovapeneira.gal\\\/wp-content\\\/uploads\\\/2026\\\/04\\\/bng_Arbo.jpg\",\"width\":720,\"height\":432},{\"@type\":\"BreadcrumbList\",\"@id\":\"https:\\\/\\\/www.anovapeneira.gal\\\/index.php\\\/2026\\\/04\\\/13\\\/o-bng-de-arbo-fixa-a-perda-de-poboacion-moza-coma-o-principal-reto-a-resolver-na-localidade\\\/#breadcrumb\",\"itemListElement\":[{\"@type\":\"ListItem\",\"position\":1,\"name\":\"Portada\",\"item\":\"https:\\\/\\\/www.anovapeneira.gal\\\/\"},{\"@type\":\"ListItem\",\"position\":2,\"name\":\"O BNG de Arbo fixa a perda de poboaci\u00f3n moza coma o principal reto a resolver na localidade\"}]},{\"@type\":\"WebSite\",\"@id\":\"https:\\\/\\\/www.anovapeneira.gal\\\/#website\",\"url\":\"https:\\\/\\\/www.anovapeneira.gal\\\/\",\"name\":\"\",\"description\":\"Xornal galego de informaci\u00f3n xeral Publicaci\u00f3n mensual de novas de Galicia e en especial dos Concellos da sur da provincia de Pontevedra.\",\"publisher\":{\"@id\":\"https:\\\/\\\/www.anovapeneira.gal\\\/#organization\"},\"potentialAction\":[{\"@type\":\"SearchAction\",\"target\":{\"@type\":\"EntryPoint\",\"urlTemplate\":\"https:\\\/\\\/www.anovapeneira.gal\\\/?s={search_term_string}\"},\"query-input\":{\"@type\":\"PropertyValueSpecification\",\"valueRequired\":true,\"valueName\":\"search_term_string\"}}],\"inLanguage\":\"gl-ES\"},{\"@type\":\"Organization\",\"@id\":\"https:\\\/\\\/www.anovapeneira.gal\\\/#organization\",\"name\":\"A Nova Peneira\",\"url\":\"https:\\\/\\\/www.anovapeneira.gal\\\/\",\"logo\":{\"@type\":\"ImageObject\",\"inLanguage\":\"gl-ES\",\"@id\":\"https:\\\/\\\/www.anovapeneira.gal\\\/#\\\/schema\\\/logo\\\/image\\\/\",\"url\":\"http:\\\/\\\/www.anovapeneira.gal\\\/wp-content\\\/uploads\\\/2019\\\/06\\\/logo_a_nova_peneira_portal_web.png\",\"contentUrl\":\"http:\\\/\\\/www.anovapeneira.gal\\\/wp-content\\\/uploads\\\/2019\\\/06\\\/logo_a_nova_peneira_portal_web.png\",\"width\":300,\"height\":100,\"caption\":\"A Nova Peneira\"},\"image\":{\"@id\":\"https:\\\/\\\/www.anovapeneira.gal\\\/#\\\/schema\\\/logo\\\/image\\\/\"},\"sameAs\":[\"https:\\\/\\\/www.facebook.com\\\/anovapeneira\",\"https:\\\/\\\/x.com\\\/APeneira\"]},{\"@type\":\"Person\",\"@id\":\"https:\\\/\\\/www.anovapeneira.gal\\\/#\\\/schema\\\/person\\\/b93e3f8932e3f8da96334607eb6ac6aa\",\"name\":\"Redacci\u00f3n A Nova Peneira\",\"image\":{\"@type\":\"ImageObject\",\"inLanguage\":\"gl-ES\",\"@id\":\"https:\\\/\\\/secure.gravatar.com\\\/avatar\\\/c052a2551a06e23fac63626232eaa90abd78dbcf1700fc46a2b2c89fd27b735f?s=96&d=mm&r=g\",\"url\":\"https:\\\/\\\/secure.gravatar.com\\\/avatar\\\/c052a2551a06e23fac63626232eaa90abd78dbcf1700fc46a2b2c89fd27b735f?s=96&d=mm&r=g\",\"contentUrl\":\"https:\\\/\\\/secure.gravatar.com\\\/avatar\\\/c052a2551a06e23fac63626232eaa90abd78dbcf1700fc46a2b2c89fd27b735f?s=96&d=mm&r=g\",\"caption\":\"Redacci\u00f3n A Nova Peneira\"},\"sameAs\":[\"http:\\\/\\\/www.anovapeneira.gal\\\/\"],\"url\":\"https:\\\/\\\/www.anovapeneira.gal\\\/index.php\\\/author\\\/redactor\\\/\"}]}<\/script>\n<!-- \/ Yoast SEO plugin. -->","yoast_head_json":{"title":"O BNG de Arbo fixa a perda de poboaci\u00f3n moza coma o principal reto a resolver na localidade -","robots":{"index":"index","follow":"follow","max-snippet":"max-snippet:-1","max-image-preview":"max-image-preview:large","max-video-preview":"max-video-preview:-1"},"canonical":"https:\/\/www.anovapeneira.gal\/index.php\/2026\/04\/13\/o-bng-de-arbo-fixa-a-perda-de-poboacion-moza-coma-o-principal-reto-a-resolver-na-localidade\/","og_locale":"gl_ES","og_type":"article","og_title":"O BNG de Arbo fixa a perda de poboaci\u00f3n moza coma o principal reto a resolver na localidade -","og_description":"O BNG de Arbo v\u00e9n de celebrar unha xuntanza coa veci\u00f1anza na que se expuxo o grave problema da perda de poboaci\u00f3n no concello, a isto s\u00famanse as grandes carencias na xesti\u00f3n dos servizos p\u00fablicos, que foi outro dos puntos destacados [...]","og_url":"https:\/\/www.anovapeneira.gal\/index.php\/2026\/04\/13\/o-bng-de-arbo-fixa-a-perda-de-poboacion-moza-coma-o-principal-reto-a-resolver-na-localidade\/","article_publisher":"https:\/\/www.facebook.com\/anovapeneira","article_published_time":"2026-04-13T10:00:54+00:00","og_image":[{"width":720,"height":432,"url":"https:\/\/www.anovapeneira.gal\/wp-content\/uploads\/2026\/04\/bng_Arbo.jpg","type":"image\/jpeg"}],"author":"Redacci\u00f3n A Nova Peneira","twitter_card":"summary_large_image","twitter_creator":"@APeneira","twitter_site":"@APeneira","twitter_misc":{"Escrito por":"Redacci\u00f3n A Nova Peneira","Tempo de lectura":"1 minuto"},"schema":{"@context":"https:\/\/schema.org","@graph":[{"@type":"Article","@id":"https:\/\/www.anovapeneira.gal\/index.php\/2026\/04\/13\/o-bng-de-arbo-fixa-a-perda-de-poboacion-moza-coma-o-principal-reto-a-resolver-na-localidade\/#article","isPartOf":{"@id":"https:\/\/www.anovapeneira.gal\/index.php\/2026\/04\/13\/o-bng-de-arbo-fixa-a-perda-de-poboacion-moza-coma-o-principal-reto-a-resolver-na-localidade\/"},"author":{"name":"Redacci\u00f3n A Nova Peneira","@id":"https:\/\/www.anovapeneira.gal\/#\/schema\/person\/b93e3f8932e3f8da96334607eb6ac6aa"},"headline":"O BNG de Arbo fixa a perda de poboaci\u00f3n moza coma o principal reto a resolver na localidade","datePublished":"2026-04-13T10:00:54+00:00","mainEntityOfPage":{"@id":"https:\/\/www.anovapeneira.gal\/index.php\/2026\/04\/13\/o-bng-de-arbo-fixa-a-perda-de-poboacion-moza-coma-o-principal-reto-a-resolver-na-localidade\/"},"wordCount":182,"commentCount":0,"publisher":{"@id":"https:\/\/www.anovapeneira.gal\/#organization"},"image":{"@id":"https:\/\/www.anovapeneira.gal\/index.php\/2026\/04\/13\/o-bng-de-arbo-fixa-a-perda-de-poboacion-moza-coma-o-principal-reto-a-resolver-na-localidade\/#primaryimage"},"thumbnailUrl":"https:\/\/www.anovapeneira.gal\/wp-content\/uploads\/2026\/04\/bng_Arbo.jpg","articleSection":["Condado"],"inLanguage":"gl-ES","potentialAction":[{"@type":"CommentAction","name":"Comment","target":["https:\/\/www.anovapeneira.gal\/index.php\/2026\/04\/13\/o-bng-de-arbo-fixa-a-perda-de-poboacion-moza-coma-o-principal-reto-a-resolver-na-localidade\/#respond"]}]},{"@type":"WebPage","@id":"https:\/\/www.anovapeneira.gal\/index.php\/2026\/04\/13\/o-bng-de-arbo-fixa-a-perda-de-poboacion-moza-coma-o-principal-reto-a-resolver-na-localidade\/","url":"https:\/\/www.anovapeneira.gal\/index.php\/2026\/04\/13\/o-bng-de-arbo-fixa-a-perda-de-poboacion-moza-coma-o-principal-reto-a-resolver-na-localidade\/","name":"O BNG de Arbo fixa a perda de poboaci\u00f3n moza coma o principal reto a resolver na localidade -","isPartOf":{"@id":"https:\/\/www.anovapeneira.gal\/#website"},"primaryImageOfPage":{"@id":"https:\/\/www.anovapeneira.gal\/index.php\/2026\/04\/13\/o-bng-de-arbo-fixa-a-perda-de-poboacion-moza-coma-o-principal-reto-a-resolver-na-localidade\/#primaryimage"},"image":{"@id":"https:\/\/www.anovapeneira.gal\/index.php\/2026\/04\/13\/o-bng-de-arbo-fixa-a-perda-de-poboacion-moza-coma-o-principal-reto-a-resolver-na-localidade\/#primaryimage"},"thumbnailUrl":"https:\/\/www.anovapeneira.gal\/wp-content\/uploads\/2026\/04\/bng_Arbo.jpg","datePublished":"2026-04-13T10:00:54+00:00","breadcrumb":{"@id":"https:\/\/www.anovapeneira.gal\/index.php\/2026\/04\/13\/o-bng-de-arbo-fixa-a-perda-de-poboacion-moza-coma-o-principal-reto-a-resolver-na-localidade\/#breadcrumb"},"inLanguage":"gl-ES","potentialAction":[{"@type":"ReadAction","target":["https:\/\/www.anovapeneira.gal\/index.php\/2026\/04\/13\/o-bng-de-arbo-fixa-a-perda-de-poboacion-moza-coma-o-principal-reto-a-resolver-na-localidade\/"]}]},{"@type":"ImageObject","inLanguage":"gl-ES","@id":"https:\/\/www.anovapeneira.gal\/index.php\/2026\/04\/13\/o-bng-de-arbo-fixa-a-perda-de-poboacion-moza-coma-o-principal-reto-a-resolver-na-localidade\/#primaryimage","url":"https:\/\/www.anovapeneira.gal\/wp-content\/uploads\/2026\/04\/bng_Arbo.jpg","contentUrl":"https:\/\/www.anovapeneira.gal\/wp-content\/uploads\/2026\/04\/bng_Arbo.jpg","width":720,"height":432},{"@type":"BreadcrumbList","@id":"https:\/\/www.anovapeneira.gal\/index.php\/2026\/04\/13\/o-bng-de-arbo-fixa-a-perda-de-poboacion-moza-coma-o-principal-reto-a-resolver-na-localidade\/#breadcrumb","itemListElement":[{"@type":"ListItem","position":1,"name":"Portada","item":"https:\/\/www.anovapeneira.gal\/"},{"@type":"ListItem","position":2,"name":"O BNG de Arbo fixa a perda de poboaci\u00f3n moza coma o principal reto a resolver na localidade"}]},{"@type":"WebSite","@id":"https:\/\/www.anovapeneira.gal\/#website","url":"https:\/\/www.anovapeneira.gal\/","name":"","description":"Xornal galego de informaci\u00f3n xeral Publicaci\u00f3n mensual de novas de Galicia e en especial dos Concellos da sur da provincia de Pontevedra.","publisher":{"@id":"https:\/\/www.anovapeneira.gal\/#organization"},"potentialAction":[{"@type":"SearchAction","target":{"@type":"EntryPoint","urlTemplate":"https:\/\/www.anovapeneira.gal\/?s={search_term_string}"},"query-input":{"@type":"PropertyValueSpecification","valueRequired":true,"valueName":"search_term_string"}}],"inLanguage":"gl-ES"},{"@type":"Organization","@id":"https:\/\/www.anovapeneira.gal\/#organization","name":"A Nova Peneira","url":"https:\/\/www.anovapeneira.gal\/","logo":{"@type":"ImageObject","inLanguage":"gl-ES","@id":"https:\/\/www.anovapeneira.gal\/#\/schema\/logo\/image\/","url":"http:\/\/www.anovapeneira.gal\/wp-content\/uploads\/2019\/06\/logo_a_nova_peneira_portal_web.png","contentUrl":"http:\/\/www.anovapeneira.gal\/wp-content\/uploads\/2019\/06\/logo_a_nova_peneira_portal_web.png","width":300,"height":100,"caption":"A Nova Peneira"},"image":{"@id":"https:\/\/www.anovapeneira.gal\/#\/schema\/logo\/image\/"},"sameAs":["https:\/\/www.facebook.com\/anovapeneira","https:\/\/x.com\/APeneira"]},{"@type":"Person","@id":"https:\/\/www.anovapeneira.gal\/#\/schema\/person\/b93e3f8932e3f8da96334607eb6ac6aa","name":"Redacci\u00f3n A Nova Peneira","image":{"@type":"ImageObject","inLanguage":"gl-ES","@id":"https:\/\/secure.gravatar.com\/avatar\/c052a2551a06e23fac63626232eaa90abd78dbcf1700fc46a2b2c89fd27b735f?s=96&d=mm&r=g","url":"https:\/\/secure.gravatar.com\/avatar\/c052a2551a06e23fac63626232eaa90abd78dbcf1700fc46a2b2c89fd27b735f?s=96&d=mm&r=g","contentUrl":"https:\/\/secure.gravatar.com\/avatar\/c052a2551a06e23fac63626232eaa90abd78dbcf1700fc46a2b2c89fd27b735f?s=96&d=mm&r=g","caption":"Redacci\u00f3n A Nova Peneira"},"sameAs":["http:\/\/www.anovapeneira.gal\/"],"url":"https:\/\/www.anovapeneira.gal\/index.php\/author\/redactor\/"}]}},"jetpack_featured_media_url":"https:\/\/www.anovapeneira.gal\/wp-content\/uploads\/2026\/04\/bng_Arbo.jpg","_links":{"self":[{"href":"https:\/\/www.anovapeneira.gal\/index.php\/wp-json\/wp\/v2\/posts\/15640","targetHints":{"allow":["GET"]}}],"collection":[{"href":"https:\/\/www.anovapeneira.gal\/index.php\/wp-json\/wp\/v2\/posts"}],"about":[{"href":"https:\/\/www.anovapeneira.gal\/index.php\/wp-json\/wp\/v2\/types\/post"}],"author":[{"embeddable":true,"href":"https:\/\/www.anovapeneira.gal\/index.php\/wp-json\/wp\/v2\/users\/3"}],"replies":[{"embeddable":true,"href":"https:\/\/www.anovapeneira.gal\/index.php\/wp-json\/wp\/v2\/comments?post=15640"}],"version-history":[{"count":2,"href":"https:\/\/www.anovapeneira.gal\/index.php\/wp-json\/wp\/v2\/posts\/15640\/revisions"}],"predecessor-version":[{"id":15643,"href":"https:\/\/www.anovapeneira.gal\/index.php\/wp-json\/wp\/v2\/posts\/15640\/revisions\/15643"}],"wp:featuredmedia":[{"embeddable":true,"href":"https:\/\/www.anovapeneira.gal\/index.php\/wp-json\/wp\/v2\/media\/15641"}],"wp:attachment":[{"href":"https:\/\/www.anovapeneira.gal\/index.php\/wp-json\/wp\/v2\/media?parent=15640"}],"wp:term":[{"taxonomy":"category","embeddable":true,"href":"https:\/\/www.anovapeneira.gal\/index.php\/wp-json\/wp\/v2\/categories?post=15640"},{"taxonomy":"post_tag","embeddable":true,"href":"https:\/\/www.anovapeneira.gal\/index.php\/wp-json\/wp\/v2\/tags?post=15640"}],"curies":[{"name":"wp","href":"https:\/\/api.w.org\/{rel}","templated":true}]}}