{"id":15644,"date":"2026-04-14T10:00:04","date_gmt":"2026-04-14T08:00:04","guid":{"rendered":"https:\/\/www.anovapeneira.gal\/?p=15644"},"modified":"2026-04-09T12:03:39","modified_gmt":"2026-04-09T10:03:39","slug":"velada-de-boxeo-en-baiona","status":"publish","type":"post","link":"https:\/\/www.anovapeneira.gal\/index.php\/2026\/04\/14\/velada-de-boxeo-en-baiona\/","title":{"rendered":"Velada de Boxeo en Baiona"},"content":{"rendered":"\n<p><strong>O s\u00e1bado 25 de abril \u00e1s 19:00 h o pavill\u00f3n de deportes de Baiona acoller\u00e1 unha velada de boxeo na que se disputar\u00e1n 11 combates. N\u00f3s conversamos cun dos promotores, o hostaleiro baion\u00e9s Antonio Conde que xunto co adestrador vigu\u00e9s Luciano, de \u201c Luciano Team\u201d son dous grandes impulsores deste deporte na vila de Baiona. Vela\u00ed vai o que deu de si a nosa conversa<\/strong><\/p>\n\n\n\n<p><strong>Antonio Conde Fern\u00e1ndez, promotor.<\/strong><\/p>\n\n\n\n<h2 class=\"wp-block-heading\">\u201c<strong>Animo a todos os lectores e lectoras a que se acheguen o pr\u00f3ximo d\u00eda 25 ao pavill\u00f3n de deportes de Baiona a desfrutar dunha magn\u00edfica velada de boxeo\u201d<\/strong><\/h2>\n\n\n\n<p><strong>Canto tempo levas no mundo dos deportes de loita?<\/strong><\/p>\n\n\n\n<blockquote class=\"wp-block-quote is-layout-flow wp-block-quote-is-layout-flow\">\n<p>Eu comecei a practicar full contact no ano 1980.<\/p>\n<\/blockquote>\n\n\n\n<p><strong>Incluso chegaras a ser deportista de elite<\/strong><\/p>\n\n\n\n<blockquote class=\"wp-block-quote is-layout-flow wp-block-quote-is-layout-flow\">\n<p>Fun campi\u00f3n de Europa na mi\u00f1a disciplina en 1983<\/p>\n<\/blockquote>\n\n\n\n<p><strong>Nese momento que chegaches a acadar un campionato de Europa pod\u00edas vivir do deporte?<\/strong><\/p>\n\n\n\n<blockquote class=\"wp-block-quote is-layout-flow wp-block-quote-is-layout-flow\">\n<p>Non, nin antes nin agora. Non se pode vivir do noso deporte. Eu co\u00f1ec\u00edn a deportistas mellores ca min e nin sequera eles puideron vivir do deporte. No mundo da loita por moi deportista de elite que sexa un, \u00e9 necesario buscarse outra sa\u00edda profesional.<\/p>\n<\/blockquote>\n\n\n\n<p><strong>Cando deixaches a pr\u00e1ctica deportiva?<\/strong><\/p>\n\n\n\n<blockquote class=\"wp-block-quote is-layout-flow wp-block-quote-is-layout-flow\">\n<p>Hai arredor de 30 anos. Agora comecei de novo a botar unha man cando o meu fillo Adri\u00e1n decidiu practicar boxeo hai arredor de cinco anos.<\/p>\n<\/blockquote>\n\n\n\n<p><strong>En que categor\u00eda compite Adri\u00e1n?<\/strong><\/p>\n\n\n\n<blockquote class=\"wp-block-quote is-layout-flow wp-block-quote-is-layout-flow\">\n<p>Compite en neo, que \u00e9 unha categor\u00eda inmediatamente inferior \u00e1 profesional. El, se quixera poder\u00eda ser profesional pero por mor do seu traballo non quere selo.<\/p>\n<\/blockquote>\n\n\n\n<p><strong>E ti que fas exactamente?<\/strong><\/p>\n\n\n\n<blockquote class=\"wp-block-quote is-layout-flow wp-block-quote-is-layout-flow\">\n<p>Eu b\u00f3tolle unha man ao seu adestrador, Luciano, un adestrador magn\u00edfico dos mellores de Galicia, e tam\u00e9n colaboro na organizaci\u00f3n de combates.<\/p>\n<\/blockquote>\n\n\n\n<p><strong>Pronto teremos unha nova velada<\/strong><\/p>\n\n\n\n<blockquote class=\"wp-block-quote is-layout-flow wp-block-quote-is-layout-flow\">\n<p>Efectivamente, o s\u00e1bado 25 de abril \u00e1s 19:00 h no pavill\u00f3n de deportes de Baiona.<\/p>\n<\/blockquote>\n\n\n\n<p><strong>Cantos combates vai haber?<\/strong><\/p>\n\n\n\n<blockquote class=\"wp-block-quote is-layout-flow wp-block-quote-is-layout-flow\">\n<p>Haber\u00e1n 11 combates, tam\u00e9n pelexar\u00e1 o meu fillo pequeno que, como o seu irm\u00e1n, decidiu meterse no mundo do boxeo.<\/p>\n<\/blockquote>\n\n\n\n<p><strong>Son 11 p\u00faxiles de Luciano Team?<\/strong><\/p>\n\n\n\n<blockquote class=\"wp-block-quote is-layout-flow wp-block-quote-is-layout-flow\">\n<p>Non, son creo que 9 ou 10 que pelexar\u00e1n contra rivais de distintas partes de Galicia e Portugal.<\/p>\n<\/blockquote>\n\n\n\n<p><strong>A competici\u00f3n \u00e9 oficial?<\/strong><\/p>\n\n\n\n<blockquote class=\"wp-block-quote is-layout-flow wp-block-quote-is-layout-flow\">\n<p>Non, \u00e9 amistosa pero incl\u00fae combates profesionais.<\/p>\n<\/blockquote>\n\n\n\n<p><strong>Que expectativas de asistencia tes?<\/strong><\/p>\n\n\n\n<blockquote class=\"wp-block-quote is-layout-flow wp-block-quote-is-layout-flow\">\n<p>As expectativas son moi elevadas. En maio do ano pasado fixeramos outra velada, tam\u00e9n no pavill\u00f3n municipal de Baiona,e acheg\u00e1ronse arredor de 700 persoas. Tendo en conta que o aforo dese pavill\u00f3n estar\u00e1 nunhas 900 persoas aproximadamente, quedaramos moi satisfeitos. Este ano agardo repetir ou incluso superar a asistencia do ano pasado pois a calidade dos boxeadores que competir\u00e1n \u00e9 superior aos da anterior velada.<\/p>\n<\/blockquote>\n\n\n\n<blockquote class=\"wp-block-quote is-layout-flow wp-block-quote-is-layout-flow\">\n<p>Moitos deses p\u00faxiles competir\u00e1n na clasificaci\u00f3n para o campionato de Espa\u00f1a que se disputar\u00e1 en Ferrol.<\/p>\n<\/blockquote>\n\n\n\n<p><strong>Canto vale a entrada?<\/strong><\/p>\n\n\n\n<blockquote class=\"wp-block-quote is-layout-flow wp-block-quote-is-layout-flow\">\n<p>Vale 15\u20ac en venda anticipada e 20\u20ac no despacho de billetes<\/p>\n<\/blockquote>\n\n\n\n<p><strong>Como se financia a velada?<\/strong><\/p>\n\n\n\n<blockquote class=\"wp-block-quote is-layout-flow wp-block-quote-is-layout-flow\">\n<p>Coa venda das entradas, non temos ningunha outra fonte de financiamento.<\/p>\n<\/blockquote>\n\n\n\n<p><strong>O concello non colabora?<\/strong><\/p>\n\n\n\n<blockquote class=\"wp-block-quote is-layout-flow wp-block-quote-is-layout-flow\">\n<p>O concello colabora deix\u00e1ndonos o pavill\u00f3n de balde. Hai outros concellos nos que che cobran 100\u20ac a hora por deixarnos as instalaci\u00f3ns. Pero achega econ\u00f3mica non nos fai ningunha<\/p>\n<\/blockquote>\n\n\n\n<p><strong>V\u00e9monos o 25 Antonio<\/strong><\/p>\n\n\n\n<blockquote class=\"wp-block-quote is-layout-flow wp-block-quote-is-layout-flow\">\n<p>Moitas grazas. S\u00f3 me queda aproveitar a oportunidade das vosas p\u00e1xinas para animar a todos os lectores e lectoras a que se acheguen o d\u00eda 25 ao pavill\u00f3n de Baiona. Van desfrutar dun magn\u00edfico espect\u00e1culo dun deporte nobre, emocionante e de grande complexidade t\u00e9cnica, que achega valores moi necesarios non s\u00f3 para a pr\u00e1ctica deportiva sen\u00f3n tam\u00e9n para a vida diaria.<\/p>\n<\/blockquote>\n\n\n\n<figure class=\"wp-block-image size-large\"><img loading=\"lazy\" decoding=\"async\" width=\"728\" height=\"1024\" src=\"https:\/\/www.anovapeneira.gal\/wp-content\/uploads\/2026\/04\/IMG-20260331-WA0058-728x1024.jpg\" alt=\"\" class=\"wp-image-15645\" srcset=\"https:\/\/www.anovapeneira.gal\/wp-content\/uploads\/2026\/04\/IMG-20260331-WA0058-728x1024.jpg 728w, https:\/\/www.anovapeneira.gal\/wp-content\/uploads\/2026\/04\/IMG-20260331-WA0058-213x300.jpg 213w, https:\/\/www.anovapeneira.gal\/wp-content\/uploads\/2026\/04\/IMG-20260331-WA0058-768x1080.jpg 768w, https:\/\/www.anovapeneira.gal\/wp-content\/uploads\/2026\/04\/IMG-20260331-WA0058-1092x1536.jpg 1092w, https:\/\/www.anovapeneira.gal\/wp-content\/uploads\/2026\/04\/IMG-20260331-WA0058.jpg 1422w\" sizes=\"auto, (max-width: 728px) 100vw, 728px\" \/><\/figure>\n","protected":false},"excerpt":{"rendered":"<div class=\"mh-excerpt\"><p>O s\u00e1bado 25 de abril \u00e1s 19:00 h o pavill\u00f3n de deportes de Baiona acoller\u00e1 unha velada de boxeo na que se disputar\u00e1n 11 combates. N\u00f3s conversamos cun dos promotores, o hostaleiro baion\u00e9s Antonio Conde <a class=\"mh-excerpt-more\" href=\"https:\/\/www.anovapeneira.gal\/index.php\/2026\/04\/14\/velada-de-boxeo-en-baiona\/\" title=\"Velada de Boxeo en Baiona\">[&#8230;]<\/a><\/p>\n<\/div>","protected":false},"author":3,"featured_media":15646,"comment_status":"open","ping_status":"open","sticky":false,"template":"","format":"standard","meta":{"_exactmetrics_skip_tracking":false,"_exactmetrics_sitenote_active":false,"_exactmetrics_sitenote_note":"","_exactmetrics_sitenote_category":0,"footnotes":""},"categories":[1],"tags":[],"class_list":{"0":"post-15644","1":"post","2":"type-post","3":"status-publish","4":"format-standard","5":"has-post-thumbnail","7":"category-sin-categoria"},"yoast_head":"<!-- This site is optimized with the Yoast SEO plugin v27.4 - https:\/\/yoast.com\/product\/yoast-seo-wordpress\/ -->\n<title>Velada de Boxeo en Baiona -<\/title>\n<meta name=\"robots\" content=\"index, follow, max-snippet:-1, max-image-preview:large, max-video-preview:-1\" \/>\n<link rel=\"canonical\" href=\"https:\/\/www.anovapeneira.gal\/index.php\/2026\/04\/14\/velada-de-boxeo-en-baiona\/\" \/>\n<meta property=\"og:locale\" content=\"gl_ES\" \/>\n<meta property=\"og:type\" content=\"article\" \/>\n<meta property=\"og:title\" content=\"Velada de Boxeo en Baiona -\" \/>\n<meta property=\"og:description\" content=\"O s\u00e1bado 25 de abril \u00e1s 19:00 h o pavill\u00f3n de deportes de Baiona acoller\u00e1 unha velada de boxeo na que se disputar\u00e1n 11 combates. N\u00f3s conversamos cun dos promotores, o hostaleiro baion\u00e9s Antonio Conde [...]\" \/>\n<meta property=\"og:url\" content=\"https:\/\/www.anovapeneira.gal\/index.php\/2026\/04\/14\/velada-de-boxeo-en-baiona\/\" \/>\n<meta property=\"article:publisher\" content=\"https:\/\/www.facebook.com\/anovapeneira\" \/>\n<meta property=\"article:published_time\" content=\"2026-04-14T08:00:04+00:00\" \/>\n<meta property=\"og:image\" content=\"https:\/\/www.anovapeneira.gal\/wp-content\/uploads\/2026\/04\/boxeo_baiona.jpg\" \/>\n\t<meta property=\"og:image:width\" content=\"720\" \/>\n\t<meta property=\"og:image:height\" content=\"432\" \/>\n\t<meta property=\"og:image:type\" content=\"image\/jpeg\" \/>\n<meta name=\"author\" content=\"Redacci\u00f3n A Nova Peneira\" \/>\n<meta name=\"twitter:card\" content=\"summary_large_image\" \/>\n<meta name=\"twitter:creator\" content=\"@APeneira\" \/>\n<meta name=\"twitter:site\" content=\"@APeneira\" \/>\n<meta name=\"twitter:label1\" content=\"Escrito por\" \/>\n\t<meta name=\"twitter:data1\" content=\"Redacci\u00f3n A Nova Peneira\" \/>\n\t<meta name=\"twitter:label2\" content=\"Tempo de lectura\" \/>\n\t<meta name=\"twitter:data2\" content=\"2 minutos\" \/>\n<script type=\"application\/ld+json\" class=\"yoast-schema-graph\">{\"@context\":\"https:\\\/\\\/schema.org\",\"@graph\":[{\"@type\":\"Article\",\"@id\":\"https:\\\/\\\/www.anovapeneira.gal\\\/index.php\\\/2026\\\/04\\\/14\\\/velada-de-boxeo-en-baiona\\\/#article\",\"isPartOf\":{\"@id\":\"https:\\\/\\\/www.anovapeneira.gal\\\/index.php\\\/2026\\\/04\\\/14\\\/velada-de-boxeo-en-baiona\\\/\"},\"author\":{\"name\":\"Redacci\u00f3n A Nova Peneira\",\"@id\":\"https:\\\/\\\/www.anovapeneira.gal\\\/#\\\/schema\\\/person\\\/b93e3f8932e3f8da96334607eb6ac6aa\"},\"headline\":\"Velada de Boxeo en Baiona\",\"datePublished\":\"2026-04-14T08:00:04+00:00\",\"mainEntityOfPage\":{\"@id\":\"https:\\\/\\\/www.anovapeneira.gal\\\/index.php\\\/2026\\\/04\\\/14\\\/velada-de-boxeo-en-baiona\\\/\"},\"wordCount\":611,\"commentCount\":0,\"publisher\":{\"@id\":\"https:\\\/\\\/www.anovapeneira.gal\\\/#organization\"},\"image\":{\"@id\":\"https:\\\/\\\/www.anovapeneira.gal\\\/index.php\\\/2026\\\/04\\\/14\\\/velada-de-boxeo-en-baiona\\\/#primaryimage\"},\"thumbnailUrl\":\"https:\\\/\\\/www.anovapeneira.gal\\\/wp-content\\\/uploads\\\/2026\\\/04\\\/boxeo_baiona.jpg\",\"articleSection\":[\"Sin categor\u00eda\"],\"inLanguage\":\"gl-ES\",\"potentialAction\":[{\"@type\":\"CommentAction\",\"name\":\"Comment\",\"target\":[\"https:\\\/\\\/www.anovapeneira.gal\\\/index.php\\\/2026\\\/04\\\/14\\\/velada-de-boxeo-en-baiona\\\/#respond\"]}]},{\"@type\":\"WebPage\",\"@id\":\"https:\\\/\\\/www.anovapeneira.gal\\\/index.php\\\/2026\\\/04\\\/14\\\/velada-de-boxeo-en-baiona\\\/\",\"url\":\"https:\\\/\\\/www.anovapeneira.gal\\\/index.php\\\/2026\\\/04\\\/14\\\/velada-de-boxeo-en-baiona\\\/\",\"name\":\"Velada de Boxeo en Baiona -\",\"isPartOf\":{\"@id\":\"https:\\\/\\\/www.anovapeneira.gal\\\/#website\"},\"primaryImageOfPage\":{\"@id\":\"https:\\\/\\\/www.anovapeneira.gal\\\/index.php\\\/2026\\\/04\\\/14\\\/velada-de-boxeo-en-baiona\\\/#primaryimage\"},\"image\":{\"@id\":\"https:\\\/\\\/www.anovapeneira.gal\\\/index.php\\\/2026\\\/04\\\/14\\\/velada-de-boxeo-en-baiona\\\/#primaryimage\"},\"thumbnailUrl\":\"https:\\\/\\\/www.anovapeneira.gal\\\/wp-content\\\/uploads\\\/2026\\\/04\\\/boxeo_baiona.jpg\",\"datePublished\":\"2026-04-14T08:00:04+00:00\",\"breadcrumb\":{\"@id\":\"https:\\\/\\\/www.anovapeneira.gal\\\/index.php\\\/2026\\\/04\\\/14\\\/velada-de-boxeo-en-baiona\\\/#breadcrumb\"},\"inLanguage\":\"gl-ES\",\"potentialAction\":[{\"@type\":\"ReadAction\",\"target\":[\"https:\\\/\\\/www.anovapeneira.gal\\\/index.php\\\/2026\\\/04\\\/14\\\/velada-de-boxeo-en-baiona\\\/\"]}]},{\"@type\":\"ImageObject\",\"inLanguage\":\"gl-ES\",\"@id\":\"https:\\\/\\\/www.anovapeneira.gal\\\/index.php\\\/2026\\\/04\\\/14\\\/velada-de-boxeo-en-baiona\\\/#primaryimage\",\"url\":\"https:\\\/\\\/www.anovapeneira.gal\\\/wp-content\\\/uploads\\\/2026\\\/04\\\/boxeo_baiona.jpg\",\"contentUrl\":\"https:\\\/\\\/www.anovapeneira.gal\\\/wp-content\\\/uploads\\\/2026\\\/04\\\/boxeo_baiona.jpg\",\"width\":720,\"height\":432},{\"@type\":\"BreadcrumbList\",\"@id\":\"https:\\\/\\\/www.anovapeneira.gal\\\/index.php\\\/2026\\\/04\\\/14\\\/velada-de-boxeo-en-baiona\\\/#breadcrumb\",\"itemListElement\":[{\"@type\":\"ListItem\",\"position\":1,\"name\":\"Portada\",\"item\":\"https:\\\/\\\/www.anovapeneira.gal\\\/\"},{\"@type\":\"ListItem\",\"position\":2,\"name\":\"Velada de Boxeo en Baiona\"}]},{\"@type\":\"WebSite\",\"@id\":\"https:\\\/\\\/www.anovapeneira.gal\\\/#website\",\"url\":\"https:\\\/\\\/www.anovapeneira.gal\\\/\",\"name\":\"\",\"description\":\"Xornal galego de informaci\u00f3n xeral Publicaci\u00f3n mensual de novas de Galicia e en especial dos Concellos da sur da provincia de Pontevedra.\",\"publisher\":{\"@id\":\"https:\\\/\\\/www.anovapeneira.gal\\\/#organization\"},\"potentialAction\":[{\"@type\":\"SearchAction\",\"target\":{\"@type\":\"EntryPoint\",\"urlTemplate\":\"https:\\\/\\\/www.anovapeneira.gal\\\/?s={search_term_string}\"},\"query-input\":{\"@type\":\"PropertyValueSpecification\",\"valueRequired\":true,\"valueName\":\"search_term_string\"}}],\"inLanguage\":\"gl-ES\"},{\"@type\":\"Organization\",\"@id\":\"https:\\\/\\\/www.anovapeneira.gal\\\/#organization\",\"name\":\"A Nova Peneira\",\"url\":\"https:\\\/\\\/www.anovapeneira.gal\\\/\",\"logo\":{\"@type\":\"ImageObject\",\"inLanguage\":\"gl-ES\",\"@id\":\"https:\\\/\\\/www.anovapeneira.gal\\\/#\\\/schema\\\/logo\\\/image\\\/\",\"url\":\"http:\\\/\\\/www.anovapeneira.gal\\\/wp-content\\\/uploads\\\/2019\\\/06\\\/logo_a_nova_peneira_portal_web.png\",\"contentUrl\":\"http:\\\/\\\/www.anovapeneira.gal\\\/wp-content\\\/uploads\\\/2019\\\/06\\\/logo_a_nova_peneira_portal_web.png\",\"width\":300,\"height\":100,\"caption\":\"A Nova Peneira\"},\"image\":{\"@id\":\"https:\\\/\\\/www.anovapeneira.gal\\\/#\\\/schema\\\/logo\\\/image\\\/\"},\"sameAs\":[\"https:\\\/\\\/www.facebook.com\\\/anovapeneira\",\"https:\\\/\\\/x.com\\\/APeneira\"]},{\"@type\":\"Person\",\"@id\":\"https:\\\/\\\/www.anovapeneira.gal\\\/#\\\/schema\\\/person\\\/b93e3f8932e3f8da96334607eb6ac6aa\",\"name\":\"Redacci\u00f3n A Nova Peneira\",\"image\":{\"@type\":\"ImageObject\",\"inLanguage\":\"gl-ES\",\"@id\":\"https:\\\/\\\/secure.gravatar.com\\\/avatar\\\/c052a2551a06e23fac63626232eaa90abd78dbcf1700fc46a2b2c89fd27b735f?s=96&d=mm&r=g\",\"url\":\"https:\\\/\\\/secure.gravatar.com\\\/avatar\\\/c052a2551a06e23fac63626232eaa90abd78dbcf1700fc46a2b2c89fd27b735f?s=96&d=mm&r=g\",\"contentUrl\":\"https:\\\/\\\/secure.gravatar.com\\\/avatar\\\/c052a2551a06e23fac63626232eaa90abd78dbcf1700fc46a2b2c89fd27b735f?s=96&d=mm&r=g\",\"caption\":\"Redacci\u00f3n A Nova Peneira\"},\"sameAs\":[\"http:\\\/\\\/www.anovapeneira.gal\\\/\"],\"url\":\"https:\\\/\\\/www.anovapeneira.gal\\\/index.php\\\/author\\\/redactor\\\/\"}]}<\/script>\n<!-- \/ Yoast SEO plugin. -->","yoast_head_json":{"title":"Velada de Boxeo en Baiona -","robots":{"index":"index","follow":"follow","max-snippet":"max-snippet:-1","max-image-preview":"max-image-preview:large","max-video-preview":"max-video-preview:-1"},"canonical":"https:\/\/www.anovapeneira.gal\/index.php\/2026\/04\/14\/velada-de-boxeo-en-baiona\/","og_locale":"gl_ES","og_type":"article","og_title":"Velada de Boxeo en Baiona -","og_description":"O s\u00e1bado 25 de abril \u00e1s 19:00 h o pavill\u00f3n de deportes de Baiona acoller\u00e1 unha velada de boxeo na que se disputar\u00e1n 11 combates. N\u00f3s conversamos cun dos promotores, o hostaleiro baion\u00e9s Antonio Conde [...]","og_url":"https:\/\/www.anovapeneira.gal\/index.php\/2026\/04\/14\/velada-de-boxeo-en-baiona\/","article_publisher":"https:\/\/www.facebook.com\/anovapeneira","article_published_time":"2026-04-14T08:00:04+00:00","og_image":[{"width":720,"height":432,"url":"https:\/\/www.anovapeneira.gal\/wp-content\/uploads\/2026\/04\/boxeo_baiona.jpg","type":"image\/jpeg"}],"author":"Redacci\u00f3n A Nova Peneira","twitter_card":"summary_large_image","twitter_creator":"@APeneira","twitter_site":"@APeneira","twitter_misc":{"Escrito por":"Redacci\u00f3n A Nova Peneira","Tempo de lectura":"2 minutos"},"schema":{"@context":"https:\/\/schema.org","@graph":[{"@type":"Article","@id":"https:\/\/www.anovapeneira.gal\/index.php\/2026\/04\/14\/velada-de-boxeo-en-baiona\/#article","isPartOf":{"@id":"https:\/\/www.anovapeneira.gal\/index.php\/2026\/04\/14\/velada-de-boxeo-en-baiona\/"},"author":{"name":"Redacci\u00f3n A Nova Peneira","@id":"https:\/\/www.anovapeneira.gal\/#\/schema\/person\/b93e3f8932e3f8da96334607eb6ac6aa"},"headline":"Velada de Boxeo en Baiona","datePublished":"2026-04-14T08:00:04+00:00","mainEntityOfPage":{"@id":"https:\/\/www.anovapeneira.gal\/index.php\/2026\/04\/14\/velada-de-boxeo-en-baiona\/"},"wordCount":611,"commentCount":0,"publisher":{"@id":"https:\/\/www.anovapeneira.gal\/#organization"},"image":{"@id":"https:\/\/www.anovapeneira.gal\/index.php\/2026\/04\/14\/velada-de-boxeo-en-baiona\/#primaryimage"},"thumbnailUrl":"https:\/\/www.anovapeneira.gal\/wp-content\/uploads\/2026\/04\/boxeo_baiona.jpg","articleSection":["Sin categor\u00eda"],"inLanguage":"gl-ES","potentialAction":[{"@type":"CommentAction","name":"Comment","target":["https:\/\/www.anovapeneira.gal\/index.php\/2026\/04\/14\/velada-de-boxeo-en-baiona\/#respond"]}]},{"@type":"WebPage","@id":"https:\/\/www.anovapeneira.gal\/index.php\/2026\/04\/14\/velada-de-boxeo-en-baiona\/","url":"https:\/\/www.anovapeneira.gal\/index.php\/2026\/04\/14\/velada-de-boxeo-en-baiona\/","name":"Velada de Boxeo en Baiona -","isPartOf":{"@id":"https:\/\/www.anovapeneira.gal\/#website"},"primaryImageOfPage":{"@id":"https:\/\/www.anovapeneira.gal\/index.php\/2026\/04\/14\/velada-de-boxeo-en-baiona\/#primaryimage"},"image":{"@id":"https:\/\/www.anovapeneira.gal\/index.php\/2026\/04\/14\/velada-de-boxeo-en-baiona\/#primaryimage"},"thumbnailUrl":"https:\/\/www.anovapeneira.gal\/wp-content\/uploads\/2026\/04\/boxeo_baiona.jpg","datePublished":"2026-04-14T08:00:04+00:00","breadcrumb":{"@id":"https:\/\/www.anovapeneira.gal\/index.php\/2026\/04\/14\/velada-de-boxeo-en-baiona\/#breadcrumb"},"inLanguage":"gl-ES","potentialAction":[{"@type":"ReadAction","target":["https:\/\/www.anovapeneira.gal\/index.php\/2026\/04\/14\/velada-de-boxeo-en-baiona\/"]}]},{"@type":"ImageObject","inLanguage":"gl-ES","@id":"https:\/\/www.anovapeneira.gal\/index.php\/2026\/04\/14\/velada-de-boxeo-en-baiona\/#primaryimage","url":"https:\/\/www.anovapeneira.gal\/wp-content\/uploads\/2026\/04\/boxeo_baiona.jpg","contentUrl":"https:\/\/www.anovapeneira.gal\/wp-content\/uploads\/2026\/04\/boxeo_baiona.jpg","width":720,"height":432},{"@type":"BreadcrumbList","@id":"https:\/\/www.anovapeneira.gal\/index.php\/2026\/04\/14\/velada-de-boxeo-en-baiona\/#breadcrumb","itemListElement":[{"@type":"ListItem","position":1,"name":"Portada","item":"https:\/\/www.anovapeneira.gal\/"},{"@type":"ListItem","position":2,"name":"Velada de Boxeo en Baiona"}]},{"@type":"WebSite","@id":"https:\/\/www.anovapeneira.gal\/#website","url":"https:\/\/www.anovapeneira.gal\/","name":"","description":"Xornal galego de informaci\u00f3n xeral Publicaci\u00f3n mensual de novas de Galicia e en especial dos Concellos da sur da provincia de Pontevedra.","publisher":{"@id":"https:\/\/www.anovapeneira.gal\/#organization"},"potentialAction":[{"@type":"SearchAction","target":{"@type":"EntryPoint","urlTemplate":"https:\/\/www.anovapeneira.gal\/?s={search_term_string}"},"query-input":{"@type":"PropertyValueSpecification","valueRequired":true,"valueName":"search_term_string"}}],"inLanguage":"gl-ES"},{"@type":"Organization","@id":"https:\/\/www.anovapeneira.gal\/#organization","name":"A Nova Peneira","url":"https:\/\/www.anovapeneira.gal\/","logo":{"@type":"ImageObject","inLanguage":"gl-ES","@id":"https:\/\/www.anovapeneira.gal\/#\/schema\/logo\/image\/","url":"http:\/\/www.anovapeneira.gal\/wp-content\/uploads\/2019\/06\/logo_a_nova_peneira_portal_web.png","contentUrl":"http:\/\/www.anovapeneira.gal\/wp-content\/uploads\/2019\/06\/logo_a_nova_peneira_portal_web.png","width":300,"height":100,"caption":"A Nova Peneira"},"image":{"@id":"https:\/\/www.anovapeneira.gal\/#\/schema\/logo\/image\/"},"sameAs":["https:\/\/www.facebook.com\/anovapeneira","https:\/\/x.com\/APeneira"]},{"@type":"Person","@id":"https:\/\/www.anovapeneira.gal\/#\/schema\/person\/b93e3f8932e3f8da96334607eb6ac6aa","name":"Redacci\u00f3n A Nova Peneira","image":{"@type":"ImageObject","inLanguage":"gl-ES","@id":"https:\/\/secure.gravatar.com\/avatar\/c052a2551a06e23fac63626232eaa90abd78dbcf1700fc46a2b2c89fd27b735f?s=96&d=mm&r=g","url":"https:\/\/secure.gravatar.com\/avatar\/c052a2551a06e23fac63626232eaa90abd78dbcf1700fc46a2b2c89fd27b735f?s=96&d=mm&r=g","contentUrl":"https:\/\/secure.gravatar.com\/avatar\/c052a2551a06e23fac63626232eaa90abd78dbcf1700fc46a2b2c89fd27b735f?s=96&d=mm&r=g","caption":"Redacci\u00f3n A Nova Peneira"},"sameAs":["http:\/\/www.anovapeneira.gal\/"],"url":"https:\/\/www.anovapeneira.gal\/index.php\/author\/redactor\/"}]}},"jetpack_featured_media_url":"https:\/\/www.anovapeneira.gal\/wp-content\/uploads\/2026\/04\/boxeo_baiona.jpg","_links":{"self":[{"href":"https:\/\/www.anovapeneira.gal\/index.php\/wp-json\/wp\/v2\/posts\/15644","targetHints":{"allow":["GET"]}}],"collection":[{"href":"https:\/\/www.anovapeneira.gal\/index.php\/wp-json\/wp\/v2\/posts"}],"about":[{"href":"https:\/\/www.anovapeneira.gal\/index.php\/wp-json\/wp\/v2\/types\/post"}],"author":[{"embeddable":true,"href":"https:\/\/www.anovapeneira.gal\/index.php\/wp-json\/wp\/v2\/users\/3"}],"replies":[{"embeddable":true,"href":"https:\/\/www.anovapeneira.gal\/index.php\/wp-json\/wp\/v2\/comments?post=15644"}],"version-history":[{"count":2,"href":"https:\/\/www.anovapeneira.gal\/index.php\/wp-json\/wp\/v2\/posts\/15644\/revisions"}],"predecessor-version":[{"id":15648,"href":"https:\/\/www.anovapeneira.gal\/index.php\/wp-json\/wp\/v2\/posts\/15644\/revisions\/15648"}],"wp:featuredmedia":[{"embeddable":true,"href":"https:\/\/www.anovapeneira.gal\/index.php\/wp-json\/wp\/v2\/media\/15646"}],"wp:attachment":[{"href":"https:\/\/www.anovapeneira.gal\/index.php\/wp-json\/wp\/v2\/media?parent=15644"}],"wp:term":[{"taxonomy":"category","embeddable":true,"href":"https:\/\/www.anovapeneira.gal\/index.php\/wp-json\/wp\/v2\/categories?post=15644"},{"taxonomy":"post_tag","embeddable":true,"href":"https:\/\/www.anovapeneira.gal\/index.php\/wp-json\/wp\/v2\/tags?post=15644"}],"curies":[{"name":"wp","href":"https:\/\/api.w.org\/{rel}","templated":true}]}}