{"id":15656,"date":"2026-04-14T12:00:23","date_gmt":"2026-04-14T10:00:23","guid":{"rendered":"https:\/\/www.anovapeneira.gal\/?p=15656"},"modified":"2026-04-09T12:22:06","modified_gmt":"2026-04-09T10:22:06","slug":"o-psdeg-entra-no-goberno-de-salceda","status":"publish","type":"post","link":"https:\/\/www.anovapeneira.gal\/index.php\/2026\/04\/14\/o-psdeg-entra-no-goberno-de-salceda\/","title":{"rendered":"O PSdeG entra no goberno de Salceda"},"content":{"rendered":"\n<p><strong>Case consumidas 3\/4 partes do mandato, o goberno local de Salceda experimenta un alivio aritm\u00e9tico notable ao ter acadado un acordo co partido socialista para que os seus dous concelleiros pasen a formar parte do devandito goberno, pois ata ent\u00f3n Movemento Salceda, da alcaldesa Loli Casti\u00f1eira, gobernaba nunha situaci\u00f3n m\u00e1is que precaria, con 4 concelleiros nunha corporaci\u00f3n de 11.Unha vez que o acordo de goberno xa \u00e9 efectivo Salceda pasa a ter un goberno de seis persoas, 4 de MS e 2 do PSdeG, fronte \u00e1 oposici\u00f3n do PP, que tam\u00e9n \u00e9 de seis concelleiros\/as, e un representante do BNG forza que ten s\u00f3lidas perspectivas de crecemento nas municipais do 27.N\u00f3s conversamos con Xurxo Gregorio, o voceiro dos socialistas de Salceda, para co\u00f1ecer as motivaci\u00f3ns que lles levaron a tomar a decisi\u00f3n de deixar de ser oposici\u00f3n e pasar a formar parte do goberno.<\/strong><\/p>\n\n\n\n<p><strong>Xurxo Gregorio voceiro municipal do PSdeG de Salceda de Caselas.<\/strong><\/p>\n\n\n\n<p><strong>Redacci\u00f3n<\/strong><\/p>\n\n\n\n<h2 class=\"wp-block-heading\">\u201c<strong>IMOS ESTAR NO GOBERNO TODO O QUE QUEDA DE MANDATO\u201d<\/strong><\/h2>\n\n\n\n<p><strong>Ven de producirse unha novidade significativa na pol\u00edtica local de Salceda<\/strong><\/p>\n\n\n\n<p>Pois si, tomamos a decisi\u00f3n de darmos un paso adiante e entramos a formar parte do goberno de Salceda.<\/p>\n\n\n\n<p><strong>Cando tomastes a decisi\u00f3n e cando se fixo efectiva?<\/strong><\/p>\n\n\n\n<blockquote class=\"wp-block-quote is-layout-flow wp-block-quote-is-layout-flow\">\n<p>Tomouse na segunda quincena de marzo, e f\u00edxose efectiva o \u00faltimo d\u00eda dese mesmo mes.<\/p>\n<\/blockquote>\n\n\n\n<p><strong>A decisi\u00f3n foi motivada por unha petici\u00f3n de Movemento Salceda ou fostes v\u00f3s os que a solicitastes?<\/strong><\/p>\n\n\n\n<blockquote class=\"wp-block-quote is-layout-flow wp-block-quote-is-layout-flow\">\n<p>Foi iniciativa de Movemento Salceda.<\/p>\n<\/blockquote>\n\n\n\n<p><strong>Este mandato entra en nada no seu \u00faltimo ano. Movemento Salceda levaba moito tempo tratando de que v\u00f3s entrarades no goberno. Por que motivo agora si e antes non?<\/strong><\/p>\n\n\n\n<blockquote class=\"wp-block-quote is-layout-flow wp-block-quote-is-layout-flow\">\n<p>Houbo un cambio na representaci\u00f3n municipal da nosa organizaci\u00f3n. As d\u00faas persoas que estamos agora temos unha opini\u00f3n favorable \u00e1 necesidade de que o grupo socialista estea no goberno, e contrib\u00faa coas s\u00faas pol\u00edticas ao ben com\u00fan da nosa veci\u00f1anza.<\/p>\n<\/blockquote>\n\n\n\n<p><strong>Por que considerades v\u00f3s que \u00e9 conveniente entrar no goberno municipal?<\/strong><\/p>\n\n\n\n<blockquote class=\"wp-block-quote is-layout-flow wp-block-quote-is-layout-flow\">\n<p>A disposici\u00f3n aritm\u00e9tica da corporaci\u00f3n fac\u00eda que Movemento Salceda tivese un goberno extremadamente d\u00e9bil, 4 de 11.Desa maneira era practicamente imposible gobernar e Salceda estaba en risco moi elevado de par\u00e1lise. Por outra parte n\u00f3s entendiamos que a debilidade evidente do goberno facilitar\u00eda a vitoria do PP nas municipais do 27. En consecuencia entendemos que o responsable era dar un paso adiante e pasar a formar parte do goberno.<\/p>\n<\/blockquote>\n\n\n\n<p><strong>Este cambio de posici\u00f3n pol\u00edtica provocou alg\u00fan tipo de tensi\u00f3n interna na agrupaci\u00f3n socialista local?<\/strong><\/p>\n\n\n\n<blockquote class=\"wp-block-quote is-layout-flow wp-block-quote-is-layout-flow\">\n<p>Ben, hab\u00eda compa\u00f1eiros que ti\u00f1an unha opini\u00f3n sobre que o m\u00e1is adecuado era continuar na oposici\u00f3n, e outros pensabamos que o m\u00e1is oportuno era entrar no goberno. Conf\u00edo e que o noso traballo poida convencer aos compa\u00f1eiros que pensaban o contrario que esta \u00e9 a decisi\u00f3n correcta, tanto para a agrupaci\u00f3n socialista como para o conxunto da veci\u00f1anza de Salceda<\/p>\n<\/blockquote>\n\n\n\n<p><strong>Desde o 31 de marzo xa formades parte do goberno. Que \u00e1reas levades?<\/strong><\/p>\n\n\n\n<blockquote class=\"wp-block-quote is-layout-flow wp-block-quote-is-layout-flow\">\n<p>O meu compa\u00f1eiro \u00d3scar Dom\u00ednguez leva Memoria democr\u00e1tica, Transparencia e Seguimento de plans e programas, e eu asum\u00edn Participaci\u00f3n cidad\u00e1, Comercio, Axenda urbana, Formaci\u00f3n e emprego e Transporte.<\/p>\n<\/blockquote>\n\n\n\n<p><strong>Que pretendede achegar o grupo socialista ao goberno de Salceda?<\/strong><\/p>\n\n\n\n<blockquote class=\"wp-block-quote is-layout-flow wp-block-quote-is-layout-flow\">\n<p>O grupo socialista pretende colaborar para que Salceda te\u00f1a un goberno solvente que beneficie \u00e1s maior\u00edas sociais do noso pobo.<\/p>\n<\/blockquote>\n\n\n\n<blockquote class=\"wp-block-quote is-layout-flow wp-block-quote-is-layout-flow\">\n<p>Vamos levar \u00e1reas moi importantes, como a memoria democr\u00e1tica nun contexto moi adecuado no noso concello para traballarmos nese campo, pensemos por exemplo na foxa de Soutelo.<\/p>\n<\/blockquote>\n\n\n\n<blockquote class=\"wp-block-quote is-layout-flow wp-block-quote-is-layout-flow\">\n<p>Levaremos tam\u00e9n participaci\u00f3n cidad\u00e1 que pretendemos reactivar recuperando os consellos sectoriais que hab\u00eda no pasado mandato, igualmente trataremos de darlle un pulo importante ao comercio local.<\/p>\n<\/blockquote>\n\n\n\n<p><strong>Ti es comerciante. Cales son as principais necesidades e problemas do comercio local?<\/strong><\/p>\n\n\n\n<blockquote class=\"wp-block-quote is-layout-flow wp-block-quote-is-layout-flow\">\n<p>Non somos inmunes ao principal problema que padece o pequeno comercio eu creo que en todo o mundo:A competencia desleal das plataformas de Internet.<\/p>\n<\/blockquote>\n\n\n\n<p><strong>Como se pode contrarrestar iso?<\/strong><\/p>\n\n\n\n<blockquote class=\"wp-block-quote is-layout-flow wp-block-quote-is-layout-flow\">\n<p>Con campa\u00f1as de concienciaci\u00f3n social sobre os efectos positivos para toda a sociedade que sup\u00f3n o consumo no pequeno comercio local, e con programas de dinamizaci\u00f3n comercial que estimulen as vendas.<\/p>\n<\/blockquote>\n\n\n\n<blockquote class=\"wp-block-quote is-layout-flow wp-block-quote-is-layout-flow\">\n<p>As\u00ed mesmo consideramos moi relevante a mellora do transporte entre as distintas parroquias e o centro da vila de maneira que as persoas que viven no rural te\u00f1an m\u00e1is facilidade \u00e1 hora de poder facer as s\u00faas compras no noso pobo.<\/p>\n<\/blockquote>\n\n\n\n<p><strong>Consideras veros\u00edmil reactivar a existencia de tendas nas distintas parroquias?<\/strong><\/p>\n\n\n\n<blockquote class=\"wp-block-quote is-layout-flow wp-block-quote-is-layout-flow\">\n<p>Non, non o vexo realista.<\/p>\n<\/blockquote>\n\n\n\n<p><strong>Queda un ano de mandato. Hai tempo para facer cousas que en verdade te\u00f1an impacto?<\/strong><\/p>\n\n\n\n<blockquote class=\"wp-block-quote is-layout-flow wp-block-quote-is-layout-flow\">\n<p>Si, si que o hai. En determinadas \u00e1reas como por exemplo o transporte os obxectivos contempl\u00e1molos m\u00e1is a longo prazo porque son medidas de moita complexidade que implican a colaboraci\u00f3n de m\u00e1is administraci\u00f3ns, pero en aspectos m\u00e1is inmediatos como a participaci\u00f3n cidad\u00e1 ou a dinamizaci\u00f3n comercial confiamos en tomar medidas de impacto real xa no que queda deste mandato.<\/p>\n<\/blockquote>\n\n\n\n<p><strong>Ides permanecer no goberno todo o que queda de mandato, ou contemplades a posibilidade de romper cando quede moi pouco tempo para as vindeiras elecci\u00f3ns para marcar unha posici\u00f3n diferente \u00e1 de MS?<\/strong><\/p>\n\n\n\n<blockquote class=\"wp-block-quote is-layout-flow wp-block-quote-is-layout-flow\">\n<p>Non, esa opci\u00f3n non a contemplamos. Imos aguantar no goberno todo o que queda de mandato.<\/p>\n<\/blockquote>\n\n\n\n<p><strong>Que perspectivas realistas tes para as municipais do 27?<\/strong><\/p>\n\n\n\n<blockquote class=\"wp-block-quote is-layout-flow wp-block-quote-is-layout-flow\">\n<p>O que me ocupa agora mesmo \u00e9 facer o noso traballo de goberno o mellor posible para contribu\u00edr ao ben com\u00fan dos nosos veci\u00f1os e veci\u00f1as. Se somos capaces de facelo as\u00ed estou seguro de que poderemos chegar \u00e1 maior\u00eda social do noso pobo.<\/p>\n<\/blockquote>\n\n\n\n<p><strong>O candidato do PP de Salceda superar\u00e1 o r\u00e9cord mundial de ser o candidato do PP que m\u00e1is veces fracase no seu intento de ser alcalde?<\/strong><\/p>\n\n\n\n<blockquote class=\"wp-block-quote is-layout-flow wp-block-quote-is-layout-flow\">\n<p>Se non o superou xa, non creo que lle quede moito.<\/p>\n<\/blockquote>\n\n\n\n<p><strong>Ao entrares no goberno a situaci\u00f3n aritm\u00e9tica mellorou substancialmente pero a\u00ednda non tedes a maior\u00eda. Estades empate a 6, e todo queda en mans do voto do concelleiro do BNG. Tedes falado con el para consensuar li\u00f1as de actuaci\u00f3n pol\u00edtica?<\/strong><\/p>\n\n\n\n<blockquote class=\"wp-block-quote is-layout-flow wp-block-quote-is-layout-flow\">\n<p>N\u00f3s temos un respecto escrupuloso polo BNG e polos seus votantes e desde logo que trataremos de acordar todo con eles. Os tres grupos de esquerdas xa hai meses que quedamos para debater sobre as actuaci\u00f3ns m\u00e1is importantes para Salceda.<\/p>\n<\/blockquote>\n\n\n\n<p><strong>Que tal \u00e9 a relaci\u00f3n co concelleiro do BNG?<\/strong><\/p>\n\n\n\n<blockquote class=\"wp-block-quote is-layout-flow wp-block-quote-is-layout-flow\">\n<p>Pola mi\u00f1a parte excelente.<\/p>\n<\/blockquote>\n\n\n\n<p><strong>E cos concelleiros de Movemento Salceda?<\/strong><\/p>\n\n\n\n<blockquote class=\"wp-block-quote is-layout-flow wp-block-quote-is-layout-flow\">\n<p>Cordial.<\/p>\n<\/blockquote>\n\n\n\n<p><strong>Xa comezastes a traballar conxuntamente?<\/strong><\/p>\n\n\n\n<blockquote class=\"wp-block-quote is-layout-flow wp-block-quote-is-layout-flow\">\n<p>Estamos niso.<\/p>\n<\/blockquote>\n\n\n\n<p><strong>Como afrontas esta nova etapa da t\u00faa vida pol\u00edtica?<\/strong><\/p>\n\n\n\n<blockquote class=\"wp-block-quote is-layout-flow wp-block-quote-is-layout-flow\">\n<p>Con moita ilusi\u00f3n e con todo o \u00e1nimo do mundo para poder contribu\u00edr a mellorar a vida da veci\u00f1anza.<\/p>\n<\/blockquote>\n","protected":false},"excerpt":{"rendered":"<div class=\"mh-excerpt\"><p>Case consumidas 3\/4 partes do mandato, o goberno local de Salceda experimenta un alivio aritm\u00e9tico notable ao ter acadado un acordo co partido socialista para que os seus dous concelleiros pasen a formar parte do <a class=\"mh-excerpt-more\" href=\"https:\/\/www.anovapeneira.gal\/index.php\/2026\/04\/14\/o-psdeg-entra-no-goberno-de-salceda\/\" title=\"O PSdeG entra no goberno de Salceda\">[&#8230;]<\/a><\/p>\n<\/div>","protected":false},"author":3,"featured_media":15657,"comment_status":"open","ping_status":"open","sticky":false,"template":"","format":"standard","meta":{"_exactmetrics_skip_tracking":false,"_exactmetrics_sitenote_active":false,"_exactmetrics_sitenote_note":"","_exactmetrics_sitenote_category":0,"footnotes":""},"categories":[25],"tags":[],"class_list":{"0":"post-15656","1":"post","2":"type-post","3":"status-publish","4":"format-standard","5":"has-post-thumbnail","7":"category-condado"},"yoast_head":"<!-- This site is optimized with the Yoast SEO plugin v27.4 - https:\/\/yoast.com\/product\/yoast-seo-wordpress\/ -->\n<title>O PSdeG entra no goberno de Salceda -<\/title>\n<meta name=\"robots\" content=\"index, follow, max-snippet:-1, max-image-preview:large, max-video-preview:-1\" \/>\n<link rel=\"canonical\" href=\"https:\/\/www.anovapeneira.gal\/index.php\/2026\/04\/14\/o-psdeg-entra-no-goberno-de-salceda\/\" \/>\n<meta property=\"og:locale\" content=\"gl_ES\" \/>\n<meta property=\"og:type\" content=\"article\" \/>\n<meta property=\"og:title\" content=\"O PSdeG entra no goberno de Salceda -\" \/>\n<meta property=\"og:description\" content=\"Case consumidas 3\/4 partes do mandato, o goberno local de Salceda experimenta un alivio aritm\u00e9tico notable ao ter acadado un acordo co partido socialista para que os seus dous concelleiros pasen a formar parte do [...]\" \/>\n<meta property=\"og:url\" content=\"https:\/\/www.anovapeneira.gal\/index.php\/2026\/04\/14\/o-psdeg-entra-no-goberno-de-salceda\/\" \/>\n<meta property=\"article:publisher\" content=\"https:\/\/www.facebook.com\/anovapeneira\" \/>\n<meta property=\"article:published_time\" content=\"2026-04-14T10:00:23+00:00\" \/>\n<meta property=\"og:image\" content=\"https:\/\/www.anovapeneira.gal\/wp-content\/uploads\/2026\/04\/Xurxo-Gregorio.png\" \/>\n\t<meta property=\"og:image:width\" content=\"720\" \/>\n\t<meta property=\"og:image:height\" content=\"432\" \/>\n\t<meta property=\"og:image:type\" content=\"image\/png\" \/>\n<meta name=\"author\" content=\"Redacci\u00f3n A Nova Peneira\" \/>\n<meta name=\"twitter:card\" content=\"summary_large_image\" \/>\n<meta name=\"twitter:creator\" content=\"@APeneira\" \/>\n<meta name=\"twitter:site\" content=\"@APeneira\" \/>\n<meta name=\"twitter:label1\" content=\"Escrito por\" \/>\n\t<meta name=\"twitter:data1\" content=\"Redacci\u00f3n A Nova Peneira\" \/>\n\t<meta name=\"twitter:label2\" content=\"Tempo de lectura\" \/>\n\t<meta name=\"twitter:data2\" content=\"3 minutos\" \/>\n<script type=\"application\/ld+json\" class=\"yoast-schema-graph\">{\"@context\":\"https:\\\/\\\/schema.org\",\"@graph\":[{\"@type\":\"Article\",\"@id\":\"https:\\\/\\\/www.anovapeneira.gal\\\/index.php\\\/2026\\\/04\\\/14\\\/o-psdeg-entra-no-goberno-de-salceda\\\/#article\",\"isPartOf\":{\"@id\":\"https:\\\/\\\/www.anovapeneira.gal\\\/index.php\\\/2026\\\/04\\\/14\\\/o-psdeg-entra-no-goberno-de-salceda\\\/\"},\"author\":{\"name\":\"Redacci\u00f3n A Nova Peneira\",\"@id\":\"https:\\\/\\\/www.anovapeneira.gal\\\/#\\\/schema\\\/person\\\/b93e3f8932e3f8da96334607eb6ac6aa\"},\"headline\":\"O PSdeG entra no goberno de Salceda\",\"datePublished\":\"2026-04-14T10:00:23+00:00\",\"mainEntityOfPage\":{\"@id\":\"https:\\\/\\\/www.anovapeneira.gal\\\/index.php\\\/2026\\\/04\\\/14\\\/o-psdeg-entra-no-goberno-de-salceda\\\/\"},\"wordCount\":1170,\"commentCount\":0,\"publisher\":{\"@id\":\"https:\\\/\\\/www.anovapeneira.gal\\\/#organization\"},\"image\":{\"@id\":\"https:\\\/\\\/www.anovapeneira.gal\\\/index.php\\\/2026\\\/04\\\/14\\\/o-psdeg-entra-no-goberno-de-salceda\\\/#primaryimage\"},\"thumbnailUrl\":\"https:\\\/\\\/www.anovapeneira.gal\\\/wp-content\\\/uploads\\\/2026\\\/04\\\/Xurxo-Gregorio.png\",\"articleSection\":[\"Condado\"],\"inLanguage\":\"gl-ES\",\"potentialAction\":[{\"@type\":\"CommentAction\",\"name\":\"Comment\",\"target\":[\"https:\\\/\\\/www.anovapeneira.gal\\\/index.php\\\/2026\\\/04\\\/14\\\/o-psdeg-entra-no-goberno-de-salceda\\\/#respond\"]}]},{\"@type\":\"WebPage\",\"@id\":\"https:\\\/\\\/www.anovapeneira.gal\\\/index.php\\\/2026\\\/04\\\/14\\\/o-psdeg-entra-no-goberno-de-salceda\\\/\",\"url\":\"https:\\\/\\\/www.anovapeneira.gal\\\/index.php\\\/2026\\\/04\\\/14\\\/o-psdeg-entra-no-goberno-de-salceda\\\/\",\"name\":\"O PSdeG entra no goberno de Salceda -\",\"isPartOf\":{\"@id\":\"https:\\\/\\\/www.anovapeneira.gal\\\/#website\"},\"primaryImageOfPage\":{\"@id\":\"https:\\\/\\\/www.anovapeneira.gal\\\/index.php\\\/2026\\\/04\\\/14\\\/o-psdeg-entra-no-goberno-de-salceda\\\/#primaryimage\"},\"image\":{\"@id\":\"https:\\\/\\\/www.anovapeneira.gal\\\/index.php\\\/2026\\\/04\\\/14\\\/o-psdeg-entra-no-goberno-de-salceda\\\/#primaryimage\"},\"thumbnailUrl\":\"https:\\\/\\\/www.anovapeneira.gal\\\/wp-content\\\/uploads\\\/2026\\\/04\\\/Xurxo-Gregorio.png\",\"datePublished\":\"2026-04-14T10:00:23+00:00\",\"breadcrumb\":{\"@id\":\"https:\\\/\\\/www.anovapeneira.gal\\\/index.php\\\/2026\\\/04\\\/14\\\/o-psdeg-entra-no-goberno-de-salceda\\\/#breadcrumb\"},\"inLanguage\":\"gl-ES\",\"potentialAction\":[{\"@type\":\"ReadAction\",\"target\":[\"https:\\\/\\\/www.anovapeneira.gal\\\/index.php\\\/2026\\\/04\\\/14\\\/o-psdeg-entra-no-goberno-de-salceda\\\/\"]}]},{\"@type\":\"ImageObject\",\"inLanguage\":\"gl-ES\",\"@id\":\"https:\\\/\\\/www.anovapeneira.gal\\\/index.php\\\/2026\\\/04\\\/14\\\/o-psdeg-entra-no-goberno-de-salceda\\\/#primaryimage\",\"url\":\"https:\\\/\\\/www.anovapeneira.gal\\\/wp-content\\\/uploads\\\/2026\\\/04\\\/Xurxo-Gregorio.png\",\"contentUrl\":\"https:\\\/\\\/www.anovapeneira.gal\\\/wp-content\\\/uploads\\\/2026\\\/04\\\/Xurxo-Gregorio.png\",\"width\":720,\"height\":432},{\"@type\":\"BreadcrumbList\",\"@id\":\"https:\\\/\\\/www.anovapeneira.gal\\\/index.php\\\/2026\\\/04\\\/14\\\/o-psdeg-entra-no-goberno-de-salceda\\\/#breadcrumb\",\"itemListElement\":[{\"@type\":\"ListItem\",\"position\":1,\"name\":\"Portada\",\"item\":\"https:\\\/\\\/www.anovapeneira.gal\\\/\"},{\"@type\":\"ListItem\",\"position\":2,\"name\":\"O PSdeG entra no goberno de Salceda\"}]},{\"@type\":\"WebSite\",\"@id\":\"https:\\\/\\\/www.anovapeneira.gal\\\/#website\",\"url\":\"https:\\\/\\\/www.anovapeneira.gal\\\/\",\"name\":\"\",\"description\":\"Xornal galego de informaci\u00f3n xeral Publicaci\u00f3n mensual de novas de Galicia e en especial dos Concellos da sur da provincia de Pontevedra.\",\"publisher\":{\"@id\":\"https:\\\/\\\/www.anovapeneira.gal\\\/#organization\"},\"potentialAction\":[{\"@type\":\"SearchAction\",\"target\":{\"@type\":\"EntryPoint\",\"urlTemplate\":\"https:\\\/\\\/www.anovapeneira.gal\\\/?s={search_term_string}\"},\"query-input\":{\"@type\":\"PropertyValueSpecification\",\"valueRequired\":true,\"valueName\":\"search_term_string\"}}],\"inLanguage\":\"gl-ES\"},{\"@type\":\"Organization\",\"@id\":\"https:\\\/\\\/www.anovapeneira.gal\\\/#organization\",\"name\":\"A Nova Peneira\",\"url\":\"https:\\\/\\\/www.anovapeneira.gal\\\/\",\"logo\":{\"@type\":\"ImageObject\",\"inLanguage\":\"gl-ES\",\"@id\":\"https:\\\/\\\/www.anovapeneira.gal\\\/#\\\/schema\\\/logo\\\/image\\\/\",\"url\":\"http:\\\/\\\/www.anovapeneira.gal\\\/wp-content\\\/uploads\\\/2019\\\/06\\\/logo_a_nova_peneira_portal_web.png\",\"contentUrl\":\"http:\\\/\\\/www.anovapeneira.gal\\\/wp-content\\\/uploads\\\/2019\\\/06\\\/logo_a_nova_peneira_portal_web.png\",\"width\":300,\"height\":100,\"caption\":\"A Nova Peneira\"},\"image\":{\"@id\":\"https:\\\/\\\/www.anovapeneira.gal\\\/#\\\/schema\\\/logo\\\/image\\\/\"},\"sameAs\":[\"https:\\\/\\\/www.facebook.com\\\/anovapeneira\",\"https:\\\/\\\/x.com\\\/APeneira\"]},{\"@type\":\"Person\",\"@id\":\"https:\\\/\\\/www.anovapeneira.gal\\\/#\\\/schema\\\/person\\\/b93e3f8932e3f8da96334607eb6ac6aa\",\"name\":\"Redacci\u00f3n A Nova Peneira\",\"image\":{\"@type\":\"ImageObject\",\"inLanguage\":\"gl-ES\",\"@id\":\"https:\\\/\\\/secure.gravatar.com\\\/avatar\\\/c052a2551a06e23fac63626232eaa90abd78dbcf1700fc46a2b2c89fd27b735f?s=96&d=mm&r=g\",\"url\":\"https:\\\/\\\/secure.gravatar.com\\\/avatar\\\/c052a2551a06e23fac63626232eaa90abd78dbcf1700fc46a2b2c89fd27b735f?s=96&d=mm&r=g\",\"contentUrl\":\"https:\\\/\\\/secure.gravatar.com\\\/avatar\\\/c052a2551a06e23fac63626232eaa90abd78dbcf1700fc46a2b2c89fd27b735f?s=96&d=mm&r=g\",\"caption\":\"Redacci\u00f3n A Nova Peneira\"},\"sameAs\":[\"http:\\\/\\\/www.anovapeneira.gal\\\/\"],\"url\":\"https:\\\/\\\/www.anovapeneira.gal\\\/index.php\\\/author\\\/redactor\\\/\"}]}<\/script>\n<!-- \/ Yoast SEO plugin. -->","yoast_head_json":{"title":"O PSdeG entra no goberno de Salceda -","robots":{"index":"index","follow":"follow","max-snippet":"max-snippet:-1","max-image-preview":"max-image-preview:large","max-video-preview":"max-video-preview:-1"},"canonical":"https:\/\/www.anovapeneira.gal\/index.php\/2026\/04\/14\/o-psdeg-entra-no-goberno-de-salceda\/","og_locale":"gl_ES","og_type":"article","og_title":"O PSdeG entra no goberno de Salceda -","og_description":"Case consumidas 3\/4 partes do mandato, o goberno local de Salceda experimenta un alivio aritm\u00e9tico notable ao ter acadado un acordo co partido socialista para que os seus dous concelleiros pasen a formar parte do [...]","og_url":"https:\/\/www.anovapeneira.gal\/index.php\/2026\/04\/14\/o-psdeg-entra-no-goberno-de-salceda\/","article_publisher":"https:\/\/www.facebook.com\/anovapeneira","article_published_time":"2026-04-14T10:00:23+00:00","og_image":[{"width":720,"height":432,"url":"https:\/\/www.anovapeneira.gal\/wp-content\/uploads\/2026\/04\/Xurxo-Gregorio.png","type":"image\/png"}],"author":"Redacci\u00f3n A Nova Peneira","twitter_card":"summary_large_image","twitter_creator":"@APeneira","twitter_site":"@APeneira","twitter_misc":{"Escrito por":"Redacci\u00f3n A Nova Peneira","Tempo de lectura":"3 minutos"},"schema":{"@context":"https:\/\/schema.org","@graph":[{"@type":"Article","@id":"https:\/\/www.anovapeneira.gal\/index.php\/2026\/04\/14\/o-psdeg-entra-no-goberno-de-salceda\/#article","isPartOf":{"@id":"https:\/\/www.anovapeneira.gal\/index.php\/2026\/04\/14\/o-psdeg-entra-no-goberno-de-salceda\/"},"author":{"name":"Redacci\u00f3n A Nova Peneira","@id":"https:\/\/www.anovapeneira.gal\/#\/schema\/person\/b93e3f8932e3f8da96334607eb6ac6aa"},"headline":"O PSdeG entra no goberno de Salceda","datePublished":"2026-04-14T10:00:23+00:00","mainEntityOfPage":{"@id":"https:\/\/www.anovapeneira.gal\/index.php\/2026\/04\/14\/o-psdeg-entra-no-goberno-de-salceda\/"},"wordCount":1170,"commentCount":0,"publisher":{"@id":"https:\/\/www.anovapeneira.gal\/#organization"},"image":{"@id":"https:\/\/www.anovapeneira.gal\/index.php\/2026\/04\/14\/o-psdeg-entra-no-goberno-de-salceda\/#primaryimage"},"thumbnailUrl":"https:\/\/www.anovapeneira.gal\/wp-content\/uploads\/2026\/04\/Xurxo-Gregorio.png","articleSection":["Condado"],"inLanguage":"gl-ES","potentialAction":[{"@type":"CommentAction","name":"Comment","target":["https:\/\/www.anovapeneira.gal\/index.php\/2026\/04\/14\/o-psdeg-entra-no-goberno-de-salceda\/#respond"]}]},{"@type":"WebPage","@id":"https:\/\/www.anovapeneira.gal\/index.php\/2026\/04\/14\/o-psdeg-entra-no-goberno-de-salceda\/","url":"https:\/\/www.anovapeneira.gal\/index.php\/2026\/04\/14\/o-psdeg-entra-no-goberno-de-salceda\/","name":"O PSdeG entra no goberno de Salceda -","isPartOf":{"@id":"https:\/\/www.anovapeneira.gal\/#website"},"primaryImageOfPage":{"@id":"https:\/\/www.anovapeneira.gal\/index.php\/2026\/04\/14\/o-psdeg-entra-no-goberno-de-salceda\/#primaryimage"},"image":{"@id":"https:\/\/www.anovapeneira.gal\/index.php\/2026\/04\/14\/o-psdeg-entra-no-goberno-de-salceda\/#primaryimage"},"thumbnailUrl":"https:\/\/www.anovapeneira.gal\/wp-content\/uploads\/2026\/04\/Xurxo-Gregorio.png","datePublished":"2026-04-14T10:00:23+00:00","breadcrumb":{"@id":"https:\/\/www.anovapeneira.gal\/index.php\/2026\/04\/14\/o-psdeg-entra-no-goberno-de-salceda\/#breadcrumb"},"inLanguage":"gl-ES","potentialAction":[{"@type":"ReadAction","target":["https:\/\/www.anovapeneira.gal\/index.php\/2026\/04\/14\/o-psdeg-entra-no-goberno-de-salceda\/"]}]},{"@type":"ImageObject","inLanguage":"gl-ES","@id":"https:\/\/www.anovapeneira.gal\/index.php\/2026\/04\/14\/o-psdeg-entra-no-goberno-de-salceda\/#primaryimage","url":"https:\/\/www.anovapeneira.gal\/wp-content\/uploads\/2026\/04\/Xurxo-Gregorio.png","contentUrl":"https:\/\/www.anovapeneira.gal\/wp-content\/uploads\/2026\/04\/Xurxo-Gregorio.png","width":720,"height":432},{"@type":"BreadcrumbList","@id":"https:\/\/www.anovapeneira.gal\/index.php\/2026\/04\/14\/o-psdeg-entra-no-goberno-de-salceda\/#breadcrumb","itemListElement":[{"@type":"ListItem","position":1,"name":"Portada","item":"https:\/\/www.anovapeneira.gal\/"},{"@type":"ListItem","position":2,"name":"O PSdeG entra no goberno de Salceda"}]},{"@type":"WebSite","@id":"https:\/\/www.anovapeneira.gal\/#website","url":"https:\/\/www.anovapeneira.gal\/","name":"","description":"Xornal galego de informaci\u00f3n xeral Publicaci\u00f3n mensual de novas de Galicia e en especial dos Concellos da sur da provincia de Pontevedra.","publisher":{"@id":"https:\/\/www.anovapeneira.gal\/#organization"},"potentialAction":[{"@type":"SearchAction","target":{"@type":"EntryPoint","urlTemplate":"https:\/\/www.anovapeneira.gal\/?s={search_term_string}"},"query-input":{"@type":"PropertyValueSpecification","valueRequired":true,"valueName":"search_term_string"}}],"inLanguage":"gl-ES"},{"@type":"Organization","@id":"https:\/\/www.anovapeneira.gal\/#organization","name":"A Nova Peneira","url":"https:\/\/www.anovapeneira.gal\/","logo":{"@type":"ImageObject","inLanguage":"gl-ES","@id":"https:\/\/www.anovapeneira.gal\/#\/schema\/logo\/image\/","url":"http:\/\/www.anovapeneira.gal\/wp-content\/uploads\/2019\/06\/logo_a_nova_peneira_portal_web.png","contentUrl":"http:\/\/www.anovapeneira.gal\/wp-content\/uploads\/2019\/06\/logo_a_nova_peneira_portal_web.png","width":300,"height":100,"caption":"A Nova Peneira"},"image":{"@id":"https:\/\/www.anovapeneira.gal\/#\/schema\/logo\/image\/"},"sameAs":["https:\/\/www.facebook.com\/anovapeneira","https:\/\/x.com\/APeneira"]},{"@type":"Person","@id":"https:\/\/www.anovapeneira.gal\/#\/schema\/person\/b93e3f8932e3f8da96334607eb6ac6aa","name":"Redacci\u00f3n A Nova Peneira","image":{"@type":"ImageObject","inLanguage":"gl-ES","@id":"https:\/\/secure.gravatar.com\/avatar\/c052a2551a06e23fac63626232eaa90abd78dbcf1700fc46a2b2c89fd27b735f?s=96&d=mm&r=g","url":"https:\/\/secure.gravatar.com\/avatar\/c052a2551a06e23fac63626232eaa90abd78dbcf1700fc46a2b2c89fd27b735f?s=96&d=mm&r=g","contentUrl":"https:\/\/secure.gravatar.com\/avatar\/c052a2551a06e23fac63626232eaa90abd78dbcf1700fc46a2b2c89fd27b735f?s=96&d=mm&r=g","caption":"Redacci\u00f3n A Nova Peneira"},"sameAs":["http:\/\/www.anovapeneira.gal\/"],"url":"https:\/\/www.anovapeneira.gal\/index.php\/author\/redactor\/"}]}},"jetpack_featured_media_url":"https:\/\/www.anovapeneira.gal\/wp-content\/uploads\/2026\/04\/Xurxo-Gregorio.png","_links":{"self":[{"href":"https:\/\/www.anovapeneira.gal\/index.php\/wp-json\/wp\/v2\/posts\/15656","targetHints":{"allow":["GET"]}}],"collection":[{"href":"https:\/\/www.anovapeneira.gal\/index.php\/wp-json\/wp\/v2\/posts"}],"about":[{"href":"https:\/\/www.anovapeneira.gal\/index.php\/wp-json\/wp\/v2\/types\/post"}],"author":[{"embeddable":true,"href":"https:\/\/www.anovapeneira.gal\/index.php\/wp-json\/wp\/v2\/users\/3"}],"replies":[{"embeddable":true,"href":"https:\/\/www.anovapeneira.gal\/index.php\/wp-json\/wp\/v2\/comments?post=15656"}],"version-history":[{"count":1,"href":"https:\/\/www.anovapeneira.gal\/index.php\/wp-json\/wp\/v2\/posts\/15656\/revisions"}],"predecessor-version":[{"id":15658,"href":"https:\/\/www.anovapeneira.gal\/index.php\/wp-json\/wp\/v2\/posts\/15656\/revisions\/15658"}],"wp:featuredmedia":[{"embeddable":true,"href":"https:\/\/www.anovapeneira.gal\/index.php\/wp-json\/wp\/v2\/media\/15657"}],"wp:attachment":[{"href":"https:\/\/www.anovapeneira.gal\/index.php\/wp-json\/wp\/v2\/media?parent=15656"}],"wp:term":[{"taxonomy":"category","embeddable":true,"href":"https:\/\/www.anovapeneira.gal\/index.php\/wp-json\/wp\/v2\/categories?post=15656"},{"taxonomy":"post_tag","embeddable":true,"href":"https:\/\/www.anovapeneira.gal\/index.php\/wp-json\/wp\/v2\/tags?post=15656"}],"curies":[{"name":"wp","href":"https:\/\/api.w.org\/{rel}","templated":true}]}}