{"id":1566,"date":"2019-10-23T14:00:53","date_gmt":"2019-10-23T12:00:53","guid":{"rendered":"http:\/\/www.anovapeneira.gal\/?p=1566"},"modified":"2019-10-20T21:19:25","modified_gmt":"2019-10-20T19:19:25","slug":"cig-saude-rexeita-a-venda-de-povisa-e-os-argumentos-de-quen-pretenden-que-siga-sendo-privado","status":"publish","type":"post","link":"https:\/\/www.anovapeneira.gal\/index.php\/2019\/10\/23\/cig-saude-rexeita-a-venda-de-povisa-e-os-argumentos-de-quen-pretenden-que-siga-sendo-privado\/","title":{"rendered":"CIG-Sa\u00fade rexeita a venda de POVISA e os argumentos de quen pretenden que siga sendo privado"},"content":{"rendered":"\n<h2 class=\"wp-block-heading\">A nosa sanidade p\u00fablica non pode estar ao servizo das multinacionais amigas do PP<\/h2>\n\n\n\n<p><strong>Santiago de Compostela, 14 de outubro de 2019<\/strong><\/p>\n\n\n\n<p>A CIG-Sa\u00fade reitera a s\u00faa demanda de\nque a Xunta de Galiza adquira o hospital POVISA para garantir unha\nprestaci\u00f3n sanitaria p\u00fablica e de calidade \u00e1 poboaci\u00f3n da \u00e1rea\nsanitaria de Vigo. Afirma ademais que \u201cos argumentos que utiliza o\nPP, a consellar\u00eda de Sanidade e outros axentes sociais para impedir\nque POVISA sexa un hospital p\u00fablico, son os mesmos que utilizaron\npara tratar de impedir que o goberno de Valencia recuperase o\nhospital de Alzira para o sistema p\u00fablico de sa\u00fade\u201d.<\/p>\n\n\n\n<p>Subli\u00f1a que a reversi\u00f3n do hospital\nde Alzira ai sistema p\u00fablico foi posible porque se adoptou a\ndecisi\u00f3ns pol\u00edtica de defender unha sanidade p\u00fablica \u201csen\nnegocios nin mordidas\u201d. Lembra que os postos de traballo se\ngarantiron neste hospital porque no ano 2017 o goberno da Generalitat\naprobou, mediante a Lei de acompa\u00f1amento dos orzamentos as medidas\nreferidas ao Persoal, tal e como se recolle no Diario Oficial da\nGeneralitat, de 30 de decembro de 2017, no que especifica que \u201co\npersoal afectado seguir\u00e1 no seu postos en condici\u00f3ns de persoal a\nextinguir, desempe\u00f1ando as s\u00faas tarefas con id\u00e9nticas condici\u00f3ns\ndo persoal laboral\u201d.<\/p>\n\n\n\n<p><strong>Non \u00e9 persoal estatutario<\/strong><\/p>\n\n\n\n<p>Por iso, a CIG-Sa\u00fade considera que\nquen afirma que o persoal de POVISA pasar\u00e1 a ser estatutario\n\u201cmente\u201d. De feito, sinala que coa lei de acompa\u00f1amento dos\norzamentos de 2018 da Generalitat, especif\u00edcase que \u201ca adquisici\u00f3n\npor este persoal da condici\u00f3n plena de estatutario s\u00f3 se poder\u00e1\nfacer mediante a superaci\u00f3n dos procesos normativizados\u201d.<\/p>\n\n\n\n<p>O que si especifica \u00e1 CIG-Sa\u00fade \u00e9\nque a recuperaci\u00f3n do hospital de Alzira posibilitou o medre do\ncadro de persoal e que \u201cas prazas novas creadas xa son de persoal\nestatutario, seleccionado mediante procesos p\u00fablicos\u201d.<\/p>\n\n\n\n<p><strong>Recuperar POVISA, unha oportunidade<\/strong><\/p>\n\n\n\n<p>Diante disto, a CIG-Sa\u00fade considera\nque non se pode perder a oportunidade de que POVISA sexa p\u00fablico\nporque as\u00ed garantir\u00edase a prestaci\u00f3n sanitaria a toda a poboaci\u00f3n\nda \u00e1rea de Vigo desde o sistema p\u00fablico. Favorecer\u00edase o\ndesenvolvemento desta \u00e1rea sanitaria sen estar ao servizo dos\nintereses privados. Poder\u00edanse manter os actuais postos de traballo,\ncomo persoal laboral xa existentes e posibilitar\u00edase a creaci\u00f3n de\nnovos postos de traballo, como persoal estatutario, para adaptar a\nratio profesional\/doente que permita unha sanidade de calidade sen\nexplotaci\u00f3n\u201d.<\/p>\n","protected":false},"excerpt":{"rendered":"<div class=\"mh-excerpt\"><p>A CIG-Sa\u00fade reitera a s\u00faa demanda de que a Xunta de Galiza adquira o hospital POVISA para garantir unha prestaci\u00f3n sanitaria p\u00fablica e de calidade \u00e1 poboaci\u00f3n da \u00e1rea sanitaria de Vigo <a class=\"mh-excerpt-more\" href=\"https:\/\/www.anovapeneira.gal\/index.php\/2019\/10\/23\/cig-saude-rexeita-a-venda-de-povisa-e-os-argumentos-de-quen-pretenden-que-siga-sendo-privado\/\" title=\"CIG-Sa\u00fade rexeita a venda de POVISA e os argumentos de quen pretenden que siga sendo privado\">[&#8230;]<\/a><\/p>\n<\/div>","protected":false},"author":3,"featured_media":632,"comment_status":"open","ping_status":"open","sticky":false,"template":"","format":"standard","meta":{"_exactmetrics_skip_tracking":false,"_exactmetrics_sitenote_active":false,"_exactmetrics_sitenote_note":"","_exactmetrics_sitenote_category":0,"footnotes":""},"categories":[263],"tags":[227,648,129],"class_list":{"0":"post-1566","1":"post","2":"type-post","3":"status-publish","4":"format-standard","5":"has-post-thumbnail","7":"category-novas","8":"tag-concello-de-vigo","9":"tag-povisa","10":"tag-sanidade"},"yoast_head":"<!-- This site is optimized with the Yoast SEO plugin v27.4 - https:\/\/yoast.com\/product\/yoast-seo-wordpress\/ -->\n<title>CIG-Sa\u00fade rexeita a venda de POVISA e os argumentos de quen pretenden que siga sendo privado -<\/title>\n<meta name=\"robots\" content=\"index, follow, max-snippet:-1, max-image-preview:large, max-video-preview:-1\" \/>\n<link rel=\"canonical\" href=\"https:\/\/www.anovapeneira.gal\/index.php\/2019\/10\/23\/cig-saude-rexeita-a-venda-de-povisa-e-os-argumentos-de-quen-pretenden-que-siga-sendo-privado\/\" \/>\n<meta property=\"og:locale\" content=\"gl_ES\" \/>\n<meta property=\"og:type\" content=\"article\" \/>\n<meta property=\"og:title\" content=\"CIG-Sa\u00fade rexeita a venda de POVISA e os argumentos de quen pretenden que siga sendo privado -\" \/>\n<meta property=\"og:description\" content=\"A CIG-Sa\u00fade reitera a s\u00faa demanda de que a Xunta de Galiza adquira o hospital POVISA para garantir unha prestaci\u00f3n sanitaria p\u00fablica e de calidade \u00e1 poboaci\u00f3n da \u00e1rea sanitaria de Vigo [...]\" \/>\n<meta property=\"og:url\" content=\"https:\/\/www.anovapeneira.gal\/index.php\/2019\/10\/23\/cig-saude-rexeita-a-venda-de-povisa-e-os-argumentos-de-quen-pretenden-que-siga-sendo-privado\/\" \/>\n<meta property=\"article:publisher\" content=\"https:\/\/www.facebook.com\/anovapeneira\" \/>\n<meta property=\"article:published_time\" content=\"2019-10-23T12:00:53+00:00\" \/>\n<meta property=\"og:image\" content=\"https:\/\/www.anovapeneira.gal\/wp-content\/uploads\/2019\/07\/CIG_a_nova_peneira.png\" \/>\n\t<meta property=\"og:image:width\" content=\"720\" \/>\n\t<meta property=\"og:image:height\" content=\"473\" \/>\n\t<meta property=\"og:image:type\" content=\"image\/png\" \/>\n<meta name=\"author\" content=\"Redacci\u00f3n A Nova Peneira\" \/>\n<meta name=\"twitter:card\" content=\"summary_large_image\" \/>\n<meta name=\"twitter:creator\" content=\"@APeneira\" \/>\n<meta name=\"twitter:site\" content=\"@APeneira\" \/>\n<meta name=\"twitter:label1\" content=\"Escrito por\" \/>\n\t<meta name=\"twitter:data1\" content=\"Redacci\u00f3n A Nova Peneira\" \/>\n\t<meta name=\"twitter:label2\" content=\"Tempo de lectura\" \/>\n\t<meta name=\"twitter:data2\" content=\"2 minutos\" \/>\n<script type=\"application\/ld+json\" class=\"yoast-schema-graph\">{\"@context\":\"https:\\\/\\\/schema.org\",\"@graph\":[{\"@type\":\"Article\",\"@id\":\"https:\\\/\\\/www.anovapeneira.gal\\\/index.php\\\/2019\\\/10\\\/23\\\/cig-saude-rexeita-a-venda-de-povisa-e-os-argumentos-de-quen-pretenden-que-siga-sendo-privado\\\/#article\",\"isPartOf\":{\"@id\":\"https:\\\/\\\/www.anovapeneira.gal\\\/index.php\\\/2019\\\/10\\\/23\\\/cig-saude-rexeita-a-venda-de-povisa-e-os-argumentos-de-quen-pretenden-que-siga-sendo-privado\\\/\"},\"author\":{\"name\":\"Redacci\u00f3n A Nova Peneira\",\"@id\":\"https:\\\/\\\/www.anovapeneira.gal\\\/#\\\/schema\\\/person\\\/b93e3f8932e3f8da96334607eb6ac6aa\"},\"headline\":\"CIG-Sa\u00fade rexeita a venda de POVISA e os argumentos de quen pretenden que siga sendo privado\",\"datePublished\":\"2019-10-23T12:00:53+00:00\",\"mainEntityOfPage\":{\"@id\":\"https:\\\/\\\/www.anovapeneira.gal\\\/index.php\\\/2019\\\/10\\\/23\\\/cig-saude-rexeita-a-venda-de-povisa-e-os-argumentos-de-quen-pretenden-que-siga-sendo-privado\\\/\"},\"wordCount\":439,\"commentCount\":0,\"publisher\":{\"@id\":\"https:\\\/\\\/www.anovapeneira.gal\\\/#organization\"},\"image\":{\"@id\":\"https:\\\/\\\/www.anovapeneira.gal\\\/index.php\\\/2019\\\/10\\\/23\\\/cig-saude-rexeita-a-venda-de-povisa-e-os-argumentos-de-quen-pretenden-que-siga-sendo-privado\\\/#primaryimage\"},\"thumbnailUrl\":\"https:\\\/\\\/www.anovapeneira.gal\\\/wp-content\\\/uploads\\\/2019\\\/07\\\/CIG_a_nova_peneira.png\",\"keywords\":[\"Concello de Vigo\",\"Povisa\",\"Sanidade\"],\"articleSection\":[\"Novas\"],\"inLanguage\":\"gl-ES\",\"potentialAction\":[{\"@type\":\"CommentAction\",\"name\":\"Comment\",\"target\":[\"https:\\\/\\\/www.anovapeneira.gal\\\/index.php\\\/2019\\\/10\\\/23\\\/cig-saude-rexeita-a-venda-de-povisa-e-os-argumentos-de-quen-pretenden-que-siga-sendo-privado\\\/#respond\"]}]},{\"@type\":\"WebPage\",\"@id\":\"https:\\\/\\\/www.anovapeneira.gal\\\/index.php\\\/2019\\\/10\\\/23\\\/cig-saude-rexeita-a-venda-de-povisa-e-os-argumentos-de-quen-pretenden-que-siga-sendo-privado\\\/\",\"url\":\"https:\\\/\\\/www.anovapeneira.gal\\\/index.php\\\/2019\\\/10\\\/23\\\/cig-saude-rexeita-a-venda-de-povisa-e-os-argumentos-de-quen-pretenden-que-siga-sendo-privado\\\/\",\"name\":\"CIG-Sa\u00fade rexeita a venda de POVISA e os argumentos de quen pretenden que siga sendo privado -\",\"isPartOf\":{\"@id\":\"https:\\\/\\\/www.anovapeneira.gal\\\/#website\"},\"primaryImageOfPage\":{\"@id\":\"https:\\\/\\\/www.anovapeneira.gal\\\/index.php\\\/2019\\\/10\\\/23\\\/cig-saude-rexeita-a-venda-de-povisa-e-os-argumentos-de-quen-pretenden-que-siga-sendo-privado\\\/#primaryimage\"},\"image\":{\"@id\":\"https:\\\/\\\/www.anovapeneira.gal\\\/index.php\\\/2019\\\/10\\\/23\\\/cig-saude-rexeita-a-venda-de-povisa-e-os-argumentos-de-quen-pretenden-que-siga-sendo-privado\\\/#primaryimage\"},\"thumbnailUrl\":\"https:\\\/\\\/www.anovapeneira.gal\\\/wp-content\\\/uploads\\\/2019\\\/07\\\/CIG_a_nova_peneira.png\",\"datePublished\":\"2019-10-23T12:00:53+00:00\",\"breadcrumb\":{\"@id\":\"https:\\\/\\\/www.anovapeneira.gal\\\/index.php\\\/2019\\\/10\\\/23\\\/cig-saude-rexeita-a-venda-de-povisa-e-os-argumentos-de-quen-pretenden-que-siga-sendo-privado\\\/#breadcrumb\"},\"inLanguage\":\"gl-ES\",\"potentialAction\":[{\"@type\":\"ReadAction\",\"target\":[\"https:\\\/\\\/www.anovapeneira.gal\\\/index.php\\\/2019\\\/10\\\/23\\\/cig-saude-rexeita-a-venda-de-povisa-e-os-argumentos-de-quen-pretenden-que-siga-sendo-privado\\\/\"]}]},{\"@type\":\"ImageObject\",\"inLanguage\":\"gl-ES\",\"@id\":\"https:\\\/\\\/www.anovapeneira.gal\\\/index.php\\\/2019\\\/10\\\/23\\\/cig-saude-rexeita-a-venda-de-povisa-e-os-argumentos-de-quen-pretenden-que-siga-sendo-privado\\\/#primaryimage\",\"url\":\"https:\\\/\\\/www.anovapeneira.gal\\\/wp-content\\\/uploads\\\/2019\\\/07\\\/CIG_a_nova_peneira.png\",\"contentUrl\":\"https:\\\/\\\/www.anovapeneira.gal\\\/wp-content\\\/uploads\\\/2019\\\/07\\\/CIG_a_nova_peneira.png\",\"width\":720,\"height\":473,\"caption\":\"Confederaci\u00f3n Intersindical Galega A Nova Peneira\"},{\"@type\":\"BreadcrumbList\",\"@id\":\"https:\\\/\\\/www.anovapeneira.gal\\\/index.php\\\/2019\\\/10\\\/23\\\/cig-saude-rexeita-a-venda-de-povisa-e-os-argumentos-de-quen-pretenden-que-siga-sendo-privado\\\/#breadcrumb\",\"itemListElement\":[{\"@type\":\"ListItem\",\"position\":1,\"name\":\"Portada\",\"item\":\"https:\\\/\\\/www.anovapeneira.gal\\\/\"},{\"@type\":\"ListItem\",\"position\":2,\"name\":\"CIG-Sa\u00fade rexeita a venda de POVISA e os argumentos de quen pretenden que siga sendo privado\"}]},{\"@type\":\"WebSite\",\"@id\":\"https:\\\/\\\/www.anovapeneira.gal\\\/#website\",\"url\":\"https:\\\/\\\/www.anovapeneira.gal\\\/\",\"name\":\"\",\"description\":\"Xornal galego de informaci\u00f3n xeral Publicaci\u00f3n mensual de novas de Galicia e en especial dos Concellos da sur da provincia de Pontevedra.\",\"publisher\":{\"@id\":\"https:\\\/\\\/www.anovapeneira.gal\\\/#organization\"},\"potentialAction\":[{\"@type\":\"SearchAction\",\"target\":{\"@type\":\"EntryPoint\",\"urlTemplate\":\"https:\\\/\\\/www.anovapeneira.gal\\\/?s={search_term_string}\"},\"query-input\":{\"@type\":\"PropertyValueSpecification\",\"valueRequired\":true,\"valueName\":\"search_term_string\"}}],\"inLanguage\":\"gl-ES\"},{\"@type\":\"Organization\",\"@id\":\"https:\\\/\\\/www.anovapeneira.gal\\\/#organization\",\"name\":\"A Nova Peneira\",\"url\":\"https:\\\/\\\/www.anovapeneira.gal\\\/\",\"logo\":{\"@type\":\"ImageObject\",\"inLanguage\":\"gl-ES\",\"@id\":\"https:\\\/\\\/www.anovapeneira.gal\\\/#\\\/schema\\\/logo\\\/image\\\/\",\"url\":\"http:\\\/\\\/www.anovapeneira.gal\\\/wp-content\\\/uploads\\\/2019\\\/06\\\/logo_a_nova_peneira_portal_web.png\",\"contentUrl\":\"http:\\\/\\\/www.anovapeneira.gal\\\/wp-content\\\/uploads\\\/2019\\\/06\\\/logo_a_nova_peneira_portal_web.png\",\"width\":300,\"height\":100,\"caption\":\"A Nova Peneira\"},\"image\":{\"@id\":\"https:\\\/\\\/www.anovapeneira.gal\\\/#\\\/schema\\\/logo\\\/image\\\/\"},\"sameAs\":[\"https:\\\/\\\/www.facebook.com\\\/anovapeneira\",\"https:\\\/\\\/x.com\\\/APeneira\"]},{\"@type\":\"Person\",\"@id\":\"https:\\\/\\\/www.anovapeneira.gal\\\/#\\\/schema\\\/person\\\/b93e3f8932e3f8da96334607eb6ac6aa\",\"name\":\"Redacci\u00f3n A Nova Peneira\",\"image\":{\"@type\":\"ImageObject\",\"inLanguage\":\"gl-ES\",\"@id\":\"https:\\\/\\\/secure.gravatar.com\\\/avatar\\\/c052a2551a06e23fac63626232eaa90abd78dbcf1700fc46a2b2c89fd27b735f?s=96&d=mm&r=g\",\"url\":\"https:\\\/\\\/secure.gravatar.com\\\/avatar\\\/c052a2551a06e23fac63626232eaa90abd78dbcf1700fc46a2b2c89fd27b735f?s=96&d=mm&r=g\",\"contentUrl\":\"https:\\\/\\\/secure.gravatar.com\\\/avatar\\\/c052a2551a06e23fac63626232eaa90abd78dbcf1700fc46a2b2c89fd27b735f?s=96&d=mm&r=g\",\"caption\":\"Redacci\u00f3n A Nova Peneira\"},\"sameAs\":[\"http:\\\/\\\/www.anovapeneira.gal\\\/\"],\"url\":\"https:\\\/\\\/www.anovapeneira.gal\\\/index.php\\\/author\\\/redactor\\\/\"}]}<\/script>\n<!-- \/ Yoast SEO plugin. -->","yoast_head_json":{"title":"CIG-Sa\u00fade rexeita a venda de POVISA e os argumentos de quen pretenden que siga sendo privado -","robots":{"index":"index","follow":"follow","max-snippet":"max-snippet:-1","max-image-preview":"max-image-preview:large","max-video-preview":"max-video-preview:-1"},"canonical":"https:\/\/www.anovapeneira.gal\/index.php\/2019\/10\/23\/cig-saude-rexeita-a-venda-de-povisa-e-os-argumentos-de-quen-pretenden-que-siga-sendo-privado\/","og_locale":"gl_ES","og_type":"article","og_title":"CIG-Sa\u00fade rexeita a venda de POVISA e os argumentos de quen pretenden que siga sendo privado -","og_description":"A CIG-Sa\u00fade reitera a s\u00faa demanda de que a Xunta de Galiza adquira o hospital POVISA para garantir unha prestaci\u00f3n sanitaria p\u00fablica e de calidade \u00e1 poboaci\u00f3n da \u00e1rea sanitaria de Vigo [...]","og_url":"https:\/\/www.anovapeneira.gal\/index.php\/2019\/10\/23\/cig-saude-rexeita-a-venda-de-povisa-e-os-argumentos-de-quen-pretenden-que-siga-sendo-privado\/","article_publisher":"https:\/\/www.facebook.com\/anovapeneira","article_published_time":"2019-10-23T12:00:53+00:00","og_image":[{"width":720,"height":473,"url":"https:\/\/www.anovapeneira.gal\/wp-content\/uploads\/2019\/07\/CIG_a_nova_peneira.png","type":"image\/png"}],"author":"Redacci\u00f3n A Nova Peneira","twitter_card":"summary_large_image","twitter_creator":"@APeneira","twitter_site":"@APeneira","twitter_misc":{"Escrito por":"Redacci\u00f3n A Nova Peneira","Tempo de lectura":"2 minutos"},"schema":{"@context":"https:\/\/schema.org","@graph":[{"@type":"Article","@id":"https:\/\/www.anovapeneira.gal\/index.php\/2019\/10\/23\/cig-saude-rexeita-a-venda-de-povisa-e-os-argumentos-de-quen-pretenden-que-siga-sendo-privado\/#article","isPartOf":{"@id":"https:\/\/www.anovapeneira.gal\/index.php\/2019\/10\/23\/cig-saude-rexeita-a-venda-de-povisa-e-os-argumentos-de-quen-pretenden-que-siga-sendo-privado\/"},"author":{"name":"Redacci\u00f3n A Nova Peneira","@id":"https:\/\/www.anovapeneira.gal\/#\/schema\/person\/b93e3f8932e3f8da96334607eb6ac6aa"},"headline":"CIG-Sa\u00fade rexeita a venda de POVISA e os argumentos de quen pretenden que siga sendo privado","datePublished":"2019-10-23T12:00:53+00:00","mainEntityOfPage":{"@id":"https:\/\/www.anovapeneira.gal\/index.php\/2019\/10\/23\/cig-saude-rexeita-a-venda-de-povisa-e-os-argumentos-de-quen-pretenden-que-siga-sendo-privado\/"},"wordCount":439,"commentCount":0,"publisher":{"@id":"https:\/\/www.anovapeneira.gal\/#organization"},"image":{"@id":"https:\/\/www.anovapeneira.gal\/index.php\/2019\/10\/23\/cig-saude-rexeita-a-venda-de-povisa-e-os-argumentos-de-quen-pretenden-que-siga-sendo-privado\/#primaryimage"},"thumbnailUrl":"https:\/\/www.anovapeneira.gal\/wp-content\/uploads\/2019\/07\/CIG_a_nova_peneira.png","keywords":["Concello de Vigo","Povisa","Sanidade"],"articleSection":["Novas"],"inLanguage":"gl-ES","potentialAction":[{"@type":"CommentAction","name":"Comment","target":["https:\/\/www.anovapeneira.gal\/index.php\/2019\/10\/23\/cig-saude-rexeita-a-venda-de-povisa-e-os-argumentos-de-quen-pretenden-que-siga-sendo-privado\/#respond"]}]},{"@type":"WebPage","@id":"https:\/\/www.anovapeneira.gal\/index.php\/2019\/10\/23\/cig-saude-rexeita-a-venda-de-povisa-e-os-argumentos-de-quen-pretenden-que-siga-sendo-privado\/","url":"https:\/\/www.anovapeneira.gal\/index.php\/2019\/10\/23\/cig-saude-rexeita-a-venda-de-povisa-e-os-argumentos-de-quen-pretenden-que-siga-sendo-privado\/","name":"CIG-Sa\u00fade rexeita a venda de POVISA e os argumentos de quen pretenden que siga sendo privado -","isPartOf":{"@id":"https:\/\/www.anovapeneira.gal\/#website"},"primaryImageOfPage":{"@id":"https:\/\/www.anovapeneira.gal\/index.php\/2019\/10\/23\/cig-saude-rexeita-a-venda-de-povisa-e-os-argumentos-de-quen-pretenden-que-siga-sendo-privado\/#primaryimage"},"image":{"@id":"https:\/\/www.anovapeneira.gal\/index.php\/2019\/10\/23\/cig-saude-rexeita-a-venda-de-povisa-e-os-argumentos-de-quen-pretenden-que-siga-sendo-privado\/#primaryimage"},"thumbnailUrl":"https:\/\/www.anovapeneira.gal\/wp-content\/uploads\/2019\/07\/CIG_a_nova_peneira.png","datePublished":"2019-10-23T12:00:53+00:00","breadcrumb":{"@id":"https:\/\/www.anovapeneira.gal\/index.php\/2019\/10\/23\/cig-saude-rexeita-a-venda-de-povisa-e-os-argumentos-de-quen-pretenden-que-siga-sendo-privado\/#breadcrumb"},"inLanguage":"gl-ES","potentialAction":[{"@type":"ReadAction","target":["https:\/\/www.anovapeneira.gal\/index.php\/2019\/10\/23\/cig-saude-rexeita-a-venda-de-povisa-e-os-argumentos-de-quen-pretenden-que-siga-sendo-privado\/"]}]},{"@type":"ImageObject","inLanguage":"gl-ES","@id":"https:\/\/www.anovapeneira.gal\/index.php\/2019\/10\/23\/cig-saude-rexeita-a-venda-de-povisa-e-os-argumentos-de-quen-pretenden-que-siga-sendo-privado\/#primaryimage","url":"https:\/\/www.anovapeneira.gal\/wp-content\/uploads\/2019\/07\/CIG_a_nova_peneira.png","contentUrl":"https:\/\/www.anovapeneira.gal\/wp-content\/uploads\/2019\/07\/CIG_a_nova_peneira.png","width":720,"height":473,"caption":"Confederaci\u00f3n Intersindical Galega A Nova Peneira"},{"@type":"BreadcrumbList","@id":"https:\/\/www.anovapeneira.gal\/index.php\/2019\/10\/23\/cig-saude-rexeita-a-venda-de-povisa-e-os-argumentos-de-quen-pretenden-que-siga-sendo-privado\/#breadcrumb","itemListElement":[{"@type":"ListItem","position":1,"name":"Portada","item":"https:\/\/www.anovapeneira.gal\/"},{"@type":"ListItem","position":2,"name":"CIG-Sa\u00fade rexeita a venda de POVISA e os argumentos de quen pretenden que siga sendo privado"}]},{"@type":"WebSite","@id":"https:\/\/www.anovapeneira.gal\/#website","url":"https:\/\/www.anovapeneira.gal\/","name":"","description":"Xornal galego de informaci\u00f3n xeral Publicaci\u00f3n mensual de novas de Galicia e en especial dos Concellos da sur da provincia de Pontevedra.","publisher":{"@id":"https:\/\/www.anovapeneira.gal\/#organization"},"potentialAction":[{"@type":"SearchAction","target":{"@type":"EntryPoint","urlTemplate":"https:\/\/www.anovapeneira.gal\/?s={search_term_string}"},"query-input":{"@type":"PropertyValueSpecification","valueRequired":true,"valueName":"search_term_string"}}],"inLanguage":"gl-ES"},{"@type":"Organization","@id":"https:\/\/www.anovapeneira.gal\/#organization","name":"A Nova Peneira","url":"https:\/\/www.anovapeneira.gal\/","logo":{"@type":"ImageObject","inLanguage":"gl-ES","@id":"https:\/\/www.anovapeneira.gal\/#\/schema\/logo\/image\/","url":"http:\/\/www.anovapeneira.gal\/wp-content\/uploads\/2019\/06\/logo_a_nova_peneira_portal_web.png","contentUrl":"http:\/\/www.anovapeneira.gal\/wp-content\/uploads\/2019\/06\/logo_a_nova_peneira_portal_web.png","width":300,"height":100,"caption":"A Nova Peneira"},"image":{"@id":"https:\/\/www.anovapeneira.gal\/#\/schema\/logo\/image\/"},"sameAs":["https:\/\/www.facebook.com\/anovapeneira","https:\/\/x.com\/APeneira"]},{"@type":"Person","@id":"https:\/\/www.anovapeneira.gal\/#\/schema\/person\/b93e3f8932e3f8da96334607eb6ac6aa","name":"Redacci\u00f3n A Nova Peneira","image":{"@type":"ImageObject","inLanguage":"gl-ES","@id":"https:\/\/secure.gravatar.com\/avatar\/c052a2551a06e23fac63626232eaa90abd78dbcf1700fc46a2b2c89fd27b735f?s=96&d=mm&r=g","url":"https:\/\/secure.gravatar.com\/avatar\/c052a2551a06e23fac63626232eaa90abd78dbcf1700fc46a2b2c89fd27b735f?s=96&d=mm&r=g","contentUrl":"https:\/\/secure.gravatar.com\/avatar\/c052a2551a06e23fac63626232eaa90abd78dbcf1700fc46a2b2c89fd27b735f?s=96&d=mm&r=g","caption":"Redacci\u00f3n A Nova Peneira"},"sameAs":["http:\/\/www.anovapeneira.gal\/"],"url":"https:\/\/www.anovapeneira.gal\/index.php\/author\/redactor\/"}]}},"jetpack_featured_media_url":"https:\/\/www.anovapeneira.gal\/wp-content\/uploads\/2019\/07\/CIG_a_nova_peneira.png","_links":{"self":[{"href":"https:\/\/www.anovapeneira.gal\/index.php\/wp-json\/wp\/v2\/posts\/1566","targetHints":{"allow":["GET"]}}],"collection":[{"href":"https:\/\/www.anovapeneira.gal\/index.php\/wp-json\/wp\/v2\/posts"}],"about":[{"href":"https:\/\/www.anovapeneira.gal\/index.php\/wp-json\/wp\/v2\/types\/post"}],"author":[{"embeddable":true,"href":"https:\/\/www.anovapeneira.gal\/index.php\/wp-json\/wp\/v2\/users\/3"}],"replies":[{"embeddable":true,"href":"https:\/\/www.anovapeneira.gal\/index.php\/wp-json\/wp\/v2\/comments?post=1566"}],"version-history":[{"count":1,"href":"https:\/\/www.anovapeneira.gal\/index.php\/wp-json\/wp\/v2\/posts\/1566\/revisions"}],"predecessor-version":[{"id":1567,"href":"https:\/\/www.anovapeneira.gal\/index.php\/wp-json\/wp\/v2\/posts\/1566\/revisions\/1567"}],"wp:featuredmedia":[{"embeddable":true,"href":"https:\/\/www.anovapeneira.gal\/index.php\/wp-json\/wp\/v2\/media\/632"}],"wp:attachment":[{"href":"https:\/\/www.anovapeneira.gal\/index.php\/wp-json\/wp\/v2\/media?parent=1566"}],"wp:term":[{"taxonomy":"category","embeddable":true,"href":"https:\/\/www.anovapeneira.gal\/index.php\/wp-json\/wp\/v2\/categories?post=1566"},{"taxonomy":"post_tag","embeddable":true,"href":"https:\/\/www.anovapeneira.gal\/index.php\/wp-json\/wp\/v2\/tags?post=1566"}],"curies":[{"name":"wp","href":"https:\/\/api.w.org\/{rel}","templated":true}]}}